{"id":179613,"date":"2026-08-31T08:43:51","date_gmt":"2026-08-31T14:43:51","guid":{"rendered":"https:\/\/lospoliticosveracruz.com\/?p=179613"},"modified":"2026-08-31T08:43:53","modified_gmt":"2026-08-31T14:43:53","slug":"el-panismo-sacrificado-de-xalapa","status":"publish","type":"post","link":"https:\/\/lospoliticosveracruz.com\/?p=179613","title":{"rendered":"EL PANISMO SACRIFICADO DE XALAPA"},"content":{"rendered":"<div class=\"wp-block-image\">\n<figure class=\"alignleft size-full is-resized\"><a href=\"https:\/\/lospoliticosveracruz.com\/wp-content\/uploads\/2026\/05\/IMG_1092.png\"><img loading=\"lazy\" decoding=\"async\" width=\"640\" height=\"600\" src=\"https:\/\/lospoliticosveracruz.com\/wp-content\/uploads\/2026\/05\/IMG_1092.png\" alt=\"\" class=\"wp-image-172799\" style=\"width:375px;height:auto\" srcset=\"https:\/\/lospoliticosveracruz.com\/wp-content\/uploads\/2026\/05\/IMG_1092.png 640w, https:\/\/lospoliticosveracruz.com\/wp-content\/uploads\/2026\/05\/IMG_1092-300x281.png 300w, https:\/\/lospoliticosveracruz.com\/wp-content\/uploads\/2026\/05\/IMG_1092-448x420.png 448w, https:\/\/lospoliticosveracruz.com\/wp-content\/uploads\/2026\/05\/IMG_1092-150x141.png 150w\" sizes=\"auto, (max-width: 640px) 100vw, 640px\" \/><\/a><\/figure>\n<\/div>\n\n\n<p><strong>Pepe Cort\u00e9s<\/strong><\/p>\n\n\n\n<p>La historia reciente del PAN en Xalapa es tambi\u00e9n la historia de un panismo que durante a\u00f1os ha sido relegado. La capital del estado termin\u00f3 demasiadas veces subordinada a decisiones pol\u00edticas y electorales tomadas pensando en el tablero estatal, en candidaturas de otros distritos o en acuerdos m\u00e1s amplios. Acci\u00f3n Nacional creci\u00f3, gan\u00f3 espacios y construy\u00f3 poder en Veracruz, pero el panismo xalape\u00f1o no siempre creci\u00f3 al mismo ritmo.<\/p>\n\n\n\n<p>El PAN no gana la diputaci\u00f3n local de esta zona de Xalapa desde el a\u00f1o 2000, cuando Alfonso V\u00e1zquez Cuevas obtuvo la victoria. Desde entonces han pasado candidatos, alianzas y f\u00f3rmulas que prometieron competitividad, y el resultado ha sido siempre el mismo: derrota. En ese cuarto de siglo, adem\u00e1s, la candidatura pocas veces qued\u00f3 en manos de un militante panista. En 2013 Gabriela Zamudio fue candidata siendo militante del PAN; despu\u00e9s vinieron Uriel Flores, proveniente del PRD, en 2016; Belinda Grajales, de Movimiento Ciudadano, en 2018; Dana Zulem D\u00edaz, del PRD, en 2021; y Adriana Rojano, del PRI, en 2024. De las \u00faltimas cinco elecciones, cuatro fueron encabezadas por perfiles provenientes de otros partidos.<\/p>\n\n\n\n<p>Esto no significa que alguien gane simplemente por ser panista, ni que ciudadanos sin militancia no puedan representar dignamente nuestras causas. El problema surge cuando la excepci\u00f3n se convierte en regla, elecci\u00f3n tras elecci\u00f3n. El mensaje para quienes llevan a\u00f1os trabajando dentro del partido termina siendo dif\u00edcil de explicar: para competir necesitamos buscar afuera. Y as\u00ed tampoco se construye un partido.<\/p>\n\n\n\n<p>Aqu\u00ed tambi\u00e9n existe una responsabilidad que debemos se\u00f1alar: la de las dirigencias estatales que, durante a\u00f1os, hicieron de Xalapa una pieza de negociaci\u00f3n electoral. Cambiaron los dirigentes, cambiaron las alianzas y cambiaron las circunstancias, pero se repiti\u00f3 la misma l\u00f3gica: ceder la capital para acomodar acuerdos construidos desde una visi\u00f3n estatal. El costo fue acumul\u00e1ndose elecci\u00f3n tras elecci\u00f3n. Mientras se negociaban candidaturas, el PAN de Xalapa perdi\u00f3 oportunidades para formar cuadros, consolidar liderazgos propios y construir una alternativa competitiva desde la militancia.<\/p>\n\n\n\n<p>Las dirigencias tienen la responsabilidad de construir estrategias, pero tambi\u00e9n la obligaci\u00f3n de evaluar sus resultados. Una alianza puede justificarse si fortalece al partido y permite competir mejor; lo que resulta dif\u00edcil de sostener es repetir durante a\u00f1os una f\u00f3rmula que termina debilitando la estructura local sin producir victorias. Cuando una estrategia no funciona, persistir en ella deja de ser estrategia y se convierte en costumbre. Xalapa no puede seguir siendo la candidatura que se entrega para cerrar una negociaci\u00f3n en otra parte. La capital tambi\u00e9n merece ser construida, defendida y competida por el PAN.<\/p>\n\n\n\n<p>Una organizaci\u00f3n pol\u00edtica necesita formar cuadros, dar oportunidades y construir liderazgos propios. Quien toca puertas, participa en campa\u00f1as, representa al partido en las casillas, defiende nuestros principios y permanece durante las derrotas necesita saber que tambi\u00e9n existe una ruta para representar alg\u00fan d\u00eda al PAN. Despu\u00e9s de tantos a\u00f1os es leg\u00edtimo preguntar: \u00bfCu\u00e1l fue el resultado para el PAN de Xalapa? La respuesta est\u00e1 en las urnas.<\/p>\n\n\n\n<p>Pero tampoco basta con entregar la candidatura de 2027 a un panista. Ning\u00fan nombre, por s\u00ed solo, reconstruir\u00e1 lo que dejamos de construir durante a\u00f1os. S\u00ed estoy convencido, sin embargo, de que solamente un panista o un ciudadano simpatizante que comparta nuestros principios, nuestra m\u00edstica y nuestra forma de entender la pol\u00edtica podr\u00e1 levantar con claridad nuestra voz frente al r\u00e9gimen autoritario de Morena. No se trata solamente de portar unas siglas durante una campa\u00f1a, sino de creer en aquello que esas siglas representan y estar dispuesto a defenderlo.<\/p>\n\n\n\n<p>Por eso necesitamos una candidatura con identidad, pero tambi\u00e9n un partido detr\u00e1s de ella. El PAN se construye en la calle, colonia por colonia, secci\u00f3n por secci\u00f3n y casa por casa. Se construye escuchando a los vecinos, acompa\u00f1ando sus causas y estando presentes no solamente durante una campa\u00f1a, sino durante los tres a\u00f1os que existen entre una elecci\u00f3n y otra.<\/p>\n\n\n\n<p>Acci\u00f3n Nacional naci\u00f3 precisamente de esa convicci\u00f3n. Manuel J. Clouthier no esper\u00f3 condiciones favorables para recorrer el pa\u00eds y organizar ciudadanos. Luis H. \u00c1lvarez y Efra\u00edn Gonz\u00e1lez Morf\u00edn compitieron cuando ganar parec\u00eda imposible, defendieron sus convicciones y sembraron ideas sin garant\u00eda alguna de triunfo. \u00bfSe imaginan si se hubieran negado a competir porque \u201cya todo estaba decidido\u201d? El PAN nunca se habr\u00eda construido.<\/p>\n\n\n\n<p>Ellos entendieron algo que necesitamos recordar: una campa\u00f1a no solamente sirve para ganar un cargo, tambi\u00e9n sirve para construir partido. Cada puerta tocada deja algo, cada ciudadano convencido suma, cada representante de casilla fortalece una estructura, cada joven que participa puede convertirse en dirigente y cada colonia recorrida permite recuperar presencia.<\/p>\n\n\n\n<p>Por eso 2027 no debe comenzar en 2027. Tiene que comenzar ahora. El PAN de Xalapa necesita regresar a las calles, formar cuadros y volver a hablar con los ciudadanos. Necesitamos dejar de esperar que las circunstancias electorales hagan el trabajo que nos corresponde y comenzar a construir desde abajo las condiciones para competir.<\/p>\n\n\n\n<p>Pronto tendremos coordinadores distritales para encabezar estos trabajos en el territorio. Ser\u00e1 momento de organizarnos, caminar las colonias, tocar puertas y sumar ciudadanos. Quienes quieran participar todav\u00eda est\u00e1n a tiempo. Necesitamos m\u00e1s panistas dispuestos a dar un paso al frente, porque competir tambi\u00e9n forma cuadros, genera liderazgos y fortalece al partido. A los compa\u00f1eros que ya decidieron inscribirse les deseo todo el \u00e9xito. Estaremos ah\u00ed, apoy\u00e1ndolos y trabajando juntos para fortalecer al PAN.<\/p>\n\n\n\n<p>Es tiempo de volver a confiar en nuestra gente. No para cerrar las puertas a la sociedad, sino para tener un PAN suficientemente fuerte como para abrirse a los ciudadanos sin renunciar a su identidad. Es tiempo de que el panismo vuelva a la calle y trabaje para defender aquello en lo que creemos: la Patria, la Familia y la Libertad.<\/p>\n\n\n\n<p>Las victorias se construyen en la calle, secci\u00f3n por secci\u00f3n, colonia por colonia y casa por casa.<\/p>\n\n\n\n<p>No podemos ganar Xalapa si decidimos perderla antes de competir.<\/p>\n\n\n\n<p>@pepecortesmx<\/p>\n\n\n\n<p>Pepe Cort\u00e9s es economista y abogado por la Universidad Veracruzana, con posgrados en Administraci\u00f3n P\u00fablica y Control y Fiscalizaci\u00f3n. Consejero Estatal del PAN en Veracruz.<\/p>\n\n\n\n<p>Nota: Las opiniones expresadas en esta columna son responsabilidad exclusiva del autor y se realizan a t\u00edtulo personal.<\/p>\n\n\n\n<p><\/p>\n","protected":false},"excerpt":{"rendered":"<p>Pepe Cort\u00e9s La historia reciente del PAN en Xalapa es tambi\u00e9n la historia de un panismo que durante a\u00f1os ha sido relegado. La capital del estado termin\u00f3 demasiadas veces subordinada a decisiones pol\u00edticas y electorales tomadas pensando en el tablero estatal, en candidaturas de otros distritos o en acuerdos m\u00e1s amplios. Acci\u00f3n Nacional creci\u00f3, gan\u00f3 [&hellip;]<\/p>\n","protected":false},"author":2,"featured_media":179614,"comment_status":"closed","ping_status":"closed","sticky":false,"template":"","format":"standard","meta":{"tdm_status":"","tdm_grid_status":"","footnotes":""},"categories":[70],"tags":[70711,44891,1026,266,43482,195,96],"class_list":{"0":"post-179613","1":"post","2":"type-post","3":"status-publish","4":"format-standard","5":"has-post-thumbnail","7":"category-de-opinion","8":"tag-accion-nacional","9":"tag-elecciones-2027","10":"tag-morena","11":"tag-pan","12":"tag-pepe-cortes","13":"tag-veracruz","14":"tag-xalapa"},"yoast_head":"<!-- This site is optimized with the Yoast SEO plugin v28.1 - https:\/\/yoast.com\/product\/yoast-seo-wordpress\/ -->\n<title>EL PANISMO SACRIFICADO DE XALAPA - Los pol\u00edticos Veracruz<\/title>\n<meta name=\"robots\" content=\"index, follow, max-snippet:-1, max-image-preview:large, max-video-preview:-1\" \/>\n<link rel=\"canonical\" href=\"https:\/\/lospoliticosveracruz.com\/?p=179613\" \/>\n<meta property=\"og:locale\" content=\"es_ES\" \/>\n<meta property=\"og:type\" content=\"article\" \/>\n<meta property=\"og:title\" content=\"EL PANISMO SACRIFICADO DE XALAPA - Los pol\u00edticos Veracruz\" \/>\n<meta property=\"og:description\" content=\"Pepe Cort\u00e9s La historia reciente del PAN en Xalapa es tambi\u00e9n la historia de un panismo que durante a\u00f1os ha sido relegado. La capital del estado termin\u00f3 demasiadas veces subordinada a decisiones pol\u00edticas y electorales tomadas pensando en el tablero estatal, en candidaturas de otros distritos o en acuerdos m\u00e1s amplios. Acci\u00f3n Nacional creci\u00f3, gan\u00f3 [&hellip;]\" \/>\n<meta property=\"og:url\" content=\"https:\/\/lospoliticosveracruz.com\/?p=179613\" \/>\n<meta property=\"og:site_name\" content=\"Los pol\u00edticos Veracruz\" \/>\n<meta property=\"article:publisher\" content=\"https:\/\/www.facebook.com\/people\/Notimemes-de-los-Polticos\/61565672886568\/\" \/>\n<meta property=\"article:published_time\" content=\"2026-08-31T14:43:51+00:00\" \/>\n<meta property=\"article:modified_time\" content=\"2026-08-31T14:43:53+00:00\" \/>\n<meta property=\"og:image\" content=\"https:\/\/lospoliticosveracruz.com\/wp-content\/uploads\/2026\/08\/Pp-1.jpg\" \/>\n\t<meta property=\"og:image:width\" content=\"600\" \/>\n\t<meta property=\"og:image:height\" content=\"320\" \/>\n\t<meta property=\"og:image:type\" content=\"image\/jpeg\" \/>\n<meta name=\"author\" content=\"Lo viste en Los Pol\u00edticos\" \/>\n<meta name=\"twitter:card\" content=\"summary_large_image\" \/>\n<meta name=\"twitter:creator\" content=\"@LosPoliticosVer\" \/>\n<meta name=\"twitter:site\" content=\"@LosPoliticosVer\" \/>\n<meta name=\"twitter:label1\" content=\"Escrito por\" \/>\n\t<meta name=\"twitter:data1\" content=\"Lo viste en Los Pol\u00edticos\" \/>\n\t<meta name=\"twitter:label2\" content=\"Tiempo de lectura\" \/>\n\t<meta name=\"twitter:data2\" content=\"6 minutos\" \/>\n<script type=\"application\/ld+json\" class=\"yoast-schema-graph\">{\"@context\":\"https:\\\/\\\/schema.org\",\"@graph\":[{\"@type\":\"Article\",\"@id\":\"https:\\\/\\\/lospoliticosveracruz.com\\\/?p=179613#article\",\"isPartOf\":{\"@id\":\"https:\\\/\\\/lospoliticosveracruz.com\\\/?p=179613\"},\"author\":{\"name\":\"Lo viste en Los Pol\u00edticos\",\"@id\":\"https:\\\/\\\/lospoliticosveracruz.com\\\/#\\\/schema\\\/person\\\/b8702bb0e538456e6efd07080bf2a4a2\"},\"headline\":\"EL PANISMO SACRIFICADO DE XALAPA\",\"datePublished\":\"2026-08-31T14:43:51+00:00\",\"dateModified\":\"2026-08-31T14:43:53+00:00\",\"mainEntityOfPage\":{\"@id\":\"https:\\\/\\\/lospoliticosveracruz.com\\\/?p=179613\"},\"wordCount\":1091,\"publisher\":{\"@id\":\"https:\\\/\\\/lospoliticosveracruz.com\\\/#organization\"},\"image\":{\"@id\":\"https:\\\/\\\/lospoliticosveracruz.com\\\/?p=179613#primaryimage\"},\"thumbnailUrl\":\"https:\\\/\\\/lospoliticosveracruz.com\\\/wp-content\\\/uploads\\\/2026\\\/08\\\/Pp-1.jpg\",\"keywords\":[\"Acci\u00f3n Nacional\",\"elecciones 2027\",\"Morena\",\"PAN\",\"Pepe Cort\u00e9s\",\"Veracruz\",\"Xalapa\"],\"articleSection\":[\"De Opini\u00f3n\"],\"inLanguage\":\"es\"},{\"@type\":\"WebPage\",\"@id\":\"https:\\\/\\\/lospoliticosveracruz.com\\\/?p=179613\",\"url\":\"https:\\\/\\\/lospoliticosveracruz.com\\\/?p=179613\",\"name\":\"EL PANISMO SACRIFICADO DE XALAPA - Los pol\u00edticos Veracruz\",\"isPartOf\":{\"@id\":\"https:\\\/\\\/lospoliticosveracruz.com\\\/#website\"},\"primaryImageOfPage\":{\"@id\":\"https:\\\/\\\/lospoliticosveracruz.com\\\/?p=179613#primaryimage\"},\"image\":{\"@id\":\"https:\\\/\\\/lospoliticosveracruz.com\\\/?p=179613#primaryimage\"},\"thumbnailUrl\":\"https:\\\/\\\/lospoliticosveracruz.com\\\/wp-content\\\/uploads\\\/2026\\\/08\\\/Pp-1.jpg\",\"datePublished\":\"2026-08-31T14:43:51+00:00\",\"dateModified\":\"2026-08-31T14:43:53+00:00\",\"breadcrumb\":{\"@id\":\"https:\\\/\\\/lospoliticosveracruz.com\\\/?p=179613#breadcrumb\"},\"inLanguage\":\"es\",\"potentialAction\":[{\"@type\":\"ReadAction\",\"target\":[\"https:\\\/\\\/lospoliticosveracruz.com\\\/?p=179613\"]}]},{\"@type\":\"ImageObject\",\"inLanguage\":\"es\",\"@id\":\"https:\\\/\\\/lospoliticosveracruz.com\\\/?p=179613#primaryimage\",\"url\":\"https:\\\/\\\/lospoliticosveracruz.com\\\/wp-content\\\/uploads\\\/2026\\\/08\\\/Pp-1.jpg\",\"contentUrl\":\"https:\\\/\\\/lospoliticosveracruz.com\\\/wp-content\\\/uploads\\\/2026\\\/08\\\/Pp-1.jpg\",\"width\":600,\"height\":320},{\"@type\":\"BreadcrumbList\",\"@id\":\"https:\\\/\\\/lospoliticosveracruz.com\\\/?p=179613#breadcrumb\",\"itemListElement\":[{\"@type\":\"ListItem\",\"position\":1,\"name\":\"Portada\",\"item\":\"https:\\\/\\\/lospoliticosveracruz.com\\\/\"},{\"@type\":\"ListItem\",\"position\":2,\"name\":\"EL PANISMO SACRIFICADO DE XALAPA\"}]},{\"@type\":\"WebSite\",\"@id\":\"https:\\\/\\\/lospoliticosveracruz.com\\\/#website\",\"url\":\"https:\\\/\\\/lospoliticosveracruz.com\\\/\",\"name\":\"Los pol\u00edticos Veracruz\",\"description\":\"\",\"publisher\":{\"@id\":\"https:\\\/\\\/lospoliticosveracruz.com\\\/#organization\"},\"potentialAction\":[{\"@type\":\"SearchAction\",\"target\":{\"@type\":\"EntryPoint\",\"urlTemplate\":\"https:\\\/\\\/lospoliticosveracruz.com\\\/?s={search_term_string}\"},\"query-input\":{\"@type\":\"PropertyValueSpecification\",\"valueRequired\":true,\"valueName\":\"search_term_string\"}}],\"inLanguage\":\"es\"},{\"@type\":\"Organization\",\"@id\":\"https:\\\/\\\/lospoliticosveracruz.com\\\/#organization\",\"name\":\"Los pol\u00edticos Veracruz\",\"url\":\"https:\\\/\\\/lospoliticosveracruz.com\\\/\",\"logo\":{\"@type\":\"ImageObject\",\"inLanguage\":\"es\",\"@id\":\"https:\\\/\\\/lospoliticosveracruz.com\\\/#\\\/schema\\\/logo\\\/image\\\/\",\"url\":\"https:\\\/\\\/lospoliticosveracruz.com\\\/wp-content\\\/uploads\\\/2025\\\/12\\\/Logo-Nuevo-LOS-POLITICOS-1.jpg\",\"contentUrl\":\"https:\\\/\\\/lospoliticosveracruz.com\\\/wp-content\\\/uploads\\\/2025\\\/12\\\/Logo-Nuevo-LOS-POLITICOS-1.jpg\",\"width\":260,\"height\":70,\"caption\":\"Los pol\u00edticos Veracruz\"},\"image\":{\"@id\":\"https:\\\/\\\/lospoliticosveracruz.com\\\/#\\\/schema\\\/logo\\\/image\\\/\"},\"sameAs\":[\"https:\\\/\\\/www.facebook.com\\\/people\\\/Notimemes-de-los-Polticos\\\/61565672886568\\\/\",\"https:\\\/\\\/x.com\\\/LosPoliticosVer\"]},{\"@type\":\"Person\",\"@id\":\"https:\\\/\\\/lospoliticosveracruz.com\\\/#\\\/schema\\\/person\\\/b8702bb0e538456e6efd07080bf2a4a2\",\"name\":\"Lo viste en Los Pol\u00edticos\",\"image\":{\"@type\":\"ImageObject\",\"inLanguage\":\"es\",\"@id\":\"https:\\\/\\\/secure.gravatar.com\\\/avatar\\\/3a8de04a2656d44082be478bd6c086daa447c4651605818287b9532d3d0bd435?s=96&d=mm&r=g\",\"url\":\"https:\\\/\\\/secure.gravatar.com\\\/avatar\\\/3a8de04a2656d44082be478bd6c086daa447c4651605818287b9532d3d0bd435?s=96&d=mm&r=g\",\"contentUrl\":\"https:\\\/\\\/secure.gravatar.com\\\/avatar\\\/3a8de04a2656d44082be478bd6c086daa447c4651605818287b9532d3d0bd435?s=96&d=mm&r=g\",\"caption\":\"Lo viste en Los Pol\u00edticos\"},\"url\":\"https:\\\/\\\/lospoliticosveracruz.com\\\/?author=2\"}]}<\/script>\n<!-- \/ Yoast SEO plugin. -->","yoast_head_json":{"title":"EL PANISMO SACRIFICADO DE XALAPA - Los pol\u00edticos Veracruz","robots":{"index":"index","follow":"follow","max-snippet":"max-snippet:-1","max-image-preview":"max-image-preview:large","max-video-preview":"max-video-preview:-1"},"canonical":"https:\/\/lospoliticosveracruz.com\/?p=179613","og_locale":"es_ES","og_type":"article","og_title":"EL PANISMO SACRIFICADO DE XALAPA - Los pol\u00edticos Veracruz","og_description":"Pepe Cort\u00e9s La historia reciente del PAN en Xalapa es tambi\u00e9n la historia de un panismo que durante a\u00f1os ha sido relegado. La capital del estado termin\u00f3 demasiadas veces subordinada a decisiones pol\u00edticas y electorales tomadas pensando en el tablero estatal, en candidaturas de otros distritos o en acuerdos m\u00e1s amplios. Acci\u00f3n Nacional creci\u00f3, gan\u00f3 [&hellip;]","og_url":"https:\/\/lospoliticosveracruz.com\/?p=179613","og_site_name":"Los pol\u00edticos Veracruz","article_publisher":"https:\/\/www.facebook.com\/people\/Notimemes-de-los-Polticos\/61565672886568\/","article_published_time":"2026-08-31T14:43:51+00:00","article_modified_time":"2026-08-31T14:43:53+00:00","og_image":[{"width":600,"height":320,"url":"https:\/\/lospoliticosveracruz.com\/wp-content\/uploads\/2026\/08\/Pp-1.jpg","type":"image\/jpeg"}],"author":"Lo viste en Los Pol\u00edticos","twitter_card":"summary_large_image","twitter_creator":"@LosPoliticosVer","twitter_site":"@LosPoliticosVer","twitter_misc":{"Escrito por":"Lo viste en Los Pol\u00edticos","Tiempo de lectura":"6 minutos"},"schema":{"@context":"https:\/\/schema.org","@graph":[{"@type":"Article","@id":"https:\/\/lospoliticosveracruz.com\/?p=179613#article","isPartOf":{"@id":"https:\/\/lospoliticosveracruz.com\/?p=179613"},"author":{"name":"Lo viste en Los Pol\u00edticos","@id":"https:\/\/lospoliticosveracruz.com\/#\/schema\/person\/b8702bb0e538456e6efd07080bf2a4a2"},"headline":"EL PANISMO SACRIFICADO DE XALAPA","datePublished":"2026-08-31T14:43:51+00:00","dateModified":"2026-08-31T14:43:53+00:00","mainEntityOfPage":{"@id":"https:\/\/lospoliticosveracruz.com\/?p=179613"},"wordCount":1091,"publisher":{"@id":"https:\/\/lospoliticosveracruz.com\/#organization"},"image":{"@id":"https:\/\/lospoliticosveracruz.com\/?p=179613#primaryimage"},"thumbnailUrl":"https:\/\/lospoliticosveracruz.com\/wp-content\/uploads\/2026\/08\/Pp-1.jpg","keywords":["Acci\u00f3n Nacional","elecciones 2027","Morena","PAN","Pepe Cort\u00e9s","Veracruz","Xalapa"],"articleSection":["De Opini\u00f3n"],"inLanguage":"es"},{"@type":"WebPage","@id":"https:\/\/lospoliticosveracruz.com\/?p=179613","url":"https:\/\/lospoliticosveracruz.com\/?p=179613","name":"EL PANISMO SACRIFICADO DE XALAPA - Los pol\u00edticos Veracruz","isPartOf":{"@id":"https:\/\/lospoliticosveracruz.com\/#website"},"primaryImageOfPage":{"@id":"https:\/\/lospoliticosveracruz.com\/?p=179613#primaryimage"},"image":{"@id":"https:\/\/lospoliticosveracruz.com\/?p=179613#primaryimage"},"thumbnailUrl":"https:\/\/lospoliticosveracruz.com\/wp-content\/uploads\/2026\/08\/Pp-1.jpg","datePublished":"2026-08-31T14:43:51+00:00","dateModified":"2026-08-31T14:43:53+00:00","breadcrumb":{"@id":"https:\/\/lospoliticosveracruz.com\/?p=179613#breadcrumb"},"inLanguage":"es","potentialAction":[{"@type":"ReadAction","target":["https:\/\/lospoliticosveracruz.com\/?p=179613"]}]},{"@type":"ImageObject","inLanguage":"es","@id":"https:\/\/lospoliticosveracruz.com\/?p=179613#primaryimage","url":"https:\/\/lospoliticosveracruz.com\/wp-content\/uploads\/2026\/08\/Pp-1.jpg","contentUrl":"https:\/\/lospoliticosveracruz.com\/wp-content\/uploads\/2026\/08\/Pp-1.jpg","width":600,"height":320},{"@type":"BreadcrumbList","@id":"https:\/\/lospoliticosveracruz.com\/?p=179613#breadcrumb","itemListElement":[{"@type":"ListItem","position":1,"name":"Portada","item":"https:\/\/lospoliticosveracruz.com\/"},{"@type":"ListItem","position":2,"name":"EL PANISMO SACRIFICADO DE XALAPA"}]},{"@type":"WebSite","@id":"https:\/\/lospoliticosveracruz.com\/#website","url":"https:\/\/lospoliticosveracruz.com\/","name":"Los pol\u00edticos Veracruz","description":"","publisher":{"@id":"https:\/\/lospoliticosveracruz.com\/#organization"},"potentialAction":[{"@type":"SearchAction","target":{"@type":"EntryPoint","urlTemplate":"https:\/\/lospoliticosveracruz.com\/?s={search_term_string}"},"query-input":{"@type":"PropertyValueSpecification","valueRequired":true,"valueName":"search_term_string"}}],"inLanguage":"es"},{"@type":"Organization","@id":"https:\/\/lospoliticosveracruz.com\/#organization","name":"Los pol\u00edticos Veracruz","url":"https:\/\/lospoliticosveracruz.com\/","logo":{"@type":"ImageObject","inLanguage":"es","@id":"https:\/\/lospoliticosveracruz.com\/#\/schema\/logo\/image\/","url":"https:\/\/lospoliticosveracruz.com\/wp-content\/uploads\/2025\/12\/Logo-Nuevo-LOS-POLITICOS-1.jpg","contentUrl":"https:\/\/lospoliticosveracruz.com\/wp-content\/uploads\/2025\/12\/Logo-Nuevo-LOS-POLITICOS-1.jpg","width":260,"height":70,"caption":"Los pol\u00edticos Veracruz"},"image":{"@id":"https:\/\/lospoliticosveracruz.com\/#\/schema\/logo\/image\/"},"sameAs":["https:\/\/www.facebook.com\/people\/Notimemes-de-los-Polticos\/61565672886568\/","https:\/\/x.com\/LosPoliticosVer"]},{"@type":"Person","@id":"https:\/\/lospoliticosveracruz.com\/#\/schema\/person\/b8702bb0e538456e6efd07080bf2a4a2","name":"Lo viste en Los Pol\u00edticos","image":{"@type":"ImageObject","inLanguage":"es","@id":"https:\/\/secure.gravatar.com\/avatar\/3a8de04a2656d44082be478bd6c086daa447c4651605818287b9532d3d0bd435?s=96&d=mm&r=g","url":"https:\/\/secure.gravatar.com\/avatar\/3a8de04a2656d44082be478bd6c086daa447c4651605818287b9532d3d0bd435?s=96&d=mm&r=g","contentUrl":"https:\/\/secure.gravatar.com\/avatar\/3a8de04a2656d44082be478bd6c086daa447c4651605818287b9532d3d0bd435?s=96&d=mm&r=g","caption":"Lo viste en Los Pol\u00edticos"},"url":"https:\/\/lospoliticosveracruz.com\/?author=2"}]}},"_links":{"self":[{"href":"https:\/\/lospoliticosveracruz.com\/index.php?rest_route=\/wp\/v2\/posts\/179613","targetHints":{"allow":["GET"]}}],"collection":[{"href":"https:\/\/lospoliticosveracruz.com\/index.php?rest_route=\/wp\/v2\/posts"}],"about":[{"href":"https:\/\/lospoliticosveracruz.com\/index.php?rest_route=\/wp\/v2\/types\/post"}],"author":[{"embeddable":true,"href":"https:\/\/lospoliticosveracruz.com\/index.php?rest_route=\/wp\/v2\/users\/2"}],"replies":[{"embeddable":true,"href":"https:\/\/lospoliticosveracruz.com\/index.php?rest_route=%2Fwp%2Fv2%2Fcomments&post=179613"}],"version-history":[{"count":1,"href":"https:\/\/lospoliticosveracruz.com\/index.php?rest_route=\/wp\/v2\/posts\/179613\/revisions"}],"predecessor-version":[{"id":179615,"href":"https:\/\/lospoliticosveracruz.com\/index.php?rest_route=\/wp\/v2\/posts\/179613\/revisions\/179615"}],"wp:featuredmedia":[{"embeddable":true,"href":"https:\/\/lospoliticosveracruz.com\/index.php?rest_route=\/wp\/v2\/media\/179614"}],"wp:attachment":[{"href":"https:\/\/lospoliticosveracruz.com\/index.php?rest_route=%2Fwp%2Fv2%2Fmedia&parent=179613"}],"wp:term":[{"taxonomy":"category","embeddable":true,"href":"https:\/\/lospoliticosveracruz.com\/index.php?rest_route=%2Fwp%2Fv2%2Fcategories&post=179613"},{"taxonomy":"post_tag","embeddable":true,"href":"https:\/\/lospoliticosveracruz.com\/index.php?rest_route=%2Fwp%2Fv2%2Ftags&post=179613"}],"curies":[{"name":"wp","href":"https:\/\/api.w.org\/{rel}","templated":true}]}}