{"id":179631,"date":"2026-08-31T11:11:25","date_gmt":"2026-08-31T17:11:25","guid":{"rendered":"https:\/\/lospoliticosveracruz.com\/?p=179631"},"modified":"2026-08-31T11:11:27","modified_gmt":"2026-08-31T17:11:27","slug":"dante-puso-la-mesa","status":"publish","type":"post","link":"https:\/\/lospoliticosveracruz.com\/?p=179631","title":{"rendered":"DANTE PUSO LA MESA"},"content":{"rendered":"<div class=\"wp-block-image\">\n<figure class=\"alignleft size-large is-resized\"><a href=\"https:\/\/lospoliticosveracruz.com\/wp-content\/uploads\/2026\/08\/Tu-Plan-Xalapa.jpg\"><img loading=\"lazy\" decoding=\"async\" width=\"1024\" height=\"854\" src=\"https:\/\/lospoliticosveracruz.com\/wp-content\/uploads\/2026\/08\/Tu-Plan-Xalapa-1024x854.jpg\" alt=\"\" class=\"wp-image-177789\" style=\"width:421px;height:auto\" srcset=\"https:\/\/lospoliticosveracruz.com\/wp-content\/uploads\/2026\/08\/Tu-Plan-Xalapa-1024x854.jpg 1024w, https:\/\/lospoliticosveracruz.com\/wp-content\/uploads\/2026\/08\/Tu-Plan-Xalapa-300x250.jpg 300w, https:\/\/lospoliticosveracruz.com\/wp-content\/uploads\/2026\/08\/Tu-Plan-Xalapa-768x640.jpg 768w, https:\/\/lospoliticosveracruz.com\/wp-content\/uploads\/2026\/08\/Tu-Plan-Xalapa-504x420.jpg 504w, https:\/\/lospoliticosveracruz.com\/wp-content\/uploads\/2026\/08\/Tu-Plan-Xalapa-150x125.jpg 150w, https:\/\/lospoliticosveracruz.com\/wp-content\/uploads\/2026\/08\/Tu-Plan-Xalapa-696x580.jpg 696w, https:\/\/lospoliticosveracruz.com\/wp-content\/uploads\/2026\/08\/Tu-Plan-Xalapa-1068x890.jpg 1068w, https:\/\/lospoliticosveracruz.com\/wp-content\/uploads\/2026\/08\/Tu-Plan-Xalapa.jpg 1400w\" sizes=\"auto, (max-width: 1024px) 100vw, 1024px\" \/><\/a><\/figure>\n<\/div>\n\n\n<p><strong>Salvador Mu\u00f1oz&nbsp;<\/strong><\/p>\n\n\n\n<p><em>Los Pol\u00edticos&nbsp;<\/em><\/p>\n\n\n\n<p>En pol\u00edtica, sentarse a la mesa no significa necesariamente que uno vaya a quedarse a cenar.<\/p>\n\n\n\n<p>A veces basta con llegar, saludar, sonre\u00edr para la foto y retirarse. Y eso fue precisamente lo que hicieron Pepe y H\u00e9ctor Yunes.<\/p>\n\n\n\n<p>El problema es que cuando quien pone la mesa se llama Dante Delgado, hasta el lugar donde acomoda las servilletas puede tener lectura pol\u00edtica.<\/p>\n\n\n\n<p>Y este s\u00e1bado, en Boca del R\u00edo, Dante puso la mesa.<\/p>\n\n\n\n<p>Ah\u00ed estuvieron Jos\u00e9 Francisco Yunes Zorrilla y H\u00e9ctor Yunes Landa. Dos pol\u00edticos que comparten apellido, pasado priista -aunque Pepe todav\u00eda reivindica su militancia- y suficientes kil\u00f3metros recorridos como para saber perfectamente que en pol\u00edtica no existen las fotograf\u00edas inocentes.<\/p>\n\n\n\n<p>Mucho menos con Dante.<\/p>\n\n\n\n<p>La imagen provoc\u00f3 inmediatamente especulaciones sobre el futuro de Pepe Yunes. Algunas demasiado apresuradas.<\/p>\n\n\n\n<p>Pepe ha dicho que no va en 2027.<\/p>\n\n\n\n<p>Tambi\u00e9n ha insistido en que sigue siendo priista.<\/p>\n\n\n\n<p>Pero cuando se habla de 2030, el discurso cambia. No ha cerrado la puerta a buscar nuevamente la gubernatura y, detalle nada menor, tampoco tendr\u00eda por qu\u00e9 decidir desde ahora bajo qu\u00e9 siglas hacerlo.<\/p>\n\n\n\n<p>Faltan cuatro a\u00f1os.<\/p>\n\n\n\n<p>Una eternidad en pol\u00edtica.<\/p>\n\n\n\n<p>As\u00ed que Pepe puede darse el lujo de sentarse con Dante, sonre\u00edrle y dejar que los dem\u00e1s hagan cuentas.<\/p>\n\n\n\n<p>\u00c9l no necesita partido para 2027 porque asegura que no ser\u00e1 candidato. Para 2030 ya veremos.<\/p>\n\n\n\n<p>El caso verdaderamente curioso es el de H\u00e9ctor.<\/p>\n\n\n\n<p>Porque mientras Pepe puede darse el lujo de mirar hacia cuatro a\u00f1os adelante, H\u00e9ctor tiene una criatura reci\u00e9n nacida que necesita sobrevivir el pr\u00f3ximo a\u00f1o.<\/p>\n\n\n\n<p>Se llama Alianza Generacional.<\/p>\n\n\n\n<p>Y si algo deber\u00eda ocupar hoy buena parte del tiempo pol\u00edtico de H\u00e9ctor Yunes es conseguir candidatos, construir estructuras, sumar votos y alcanzar el porcentaje necesario para que su partido no tenga una vida pol\u00edtica m\u00e1s corta que una promesa de campa\u00f1a. Un Debut y despedida.<\/p>\n\n\n\n<p>Por eso su presencia junto a Dante genera una pregunta inevitable:<\/p>\n\n\n\n<p>\u00bfH\u00e9ctor est\u00e1 pensando en c\u00f3mo hacer crecer Alianza Generacional o ya est\u00e1 haciendo cuentas por si Alianza Generacional no sobrevive al 2027?<\/p>\n\n\n\n<p>Porque ser\u00eda una iron\u00eda deliciosa que mientras sus futuros candidatos anden buscando votos para conservar el registro, el fundador ya estuviera viendo d\u00f3nde estacionarse en caso de naufragio.<\/p>\n\n\n\n<p>Y Movimiento Ciudadano tiene estacionamiento.<\/p>\n\n\n\n<p>Aunque quiz\u00e1 estamos viendo la fotograf\u00eda al rev\u00e9s. Tal vez lo importante no sean Pepe ni H\u00e9ctor.<\/p>\n\n\n\n<p>Es Dante.<\/p>\n\n\n\n<p>Porque mientras todos discuten si Pepe se ir\u00e1 del PRI, si H\u00e9ctor abandonar\u00e1 eventualmente su propio proyecto o si los Yunes terminar\u00e1n vestidos de naranja, quien consigui\u00f3 ponerse nuevamente en medio del tablero pol\u00edtico veracruzano fue Dante Delgado.<\/p>\n\n\n\n<p>Y pr\u00e1cticamente sin hacer nada. Una reuni\u00f3n. Una fotograf\u00eda. Dos Yunes. Y a esperar.<\/p>\n\n\n\n<p>Morena reaccion\u00f3. El PRI seguramente pedir\u00e1 explicaciones. Los aspirantes comenzaron a hacer cuentas. Y Dante volvi\u00f3 a conseguir algo que conoce perfectamente: que los dem\u00e1s hablen de lo que \u00e9l puso sobre la mesa.<\/p>\n\n\n\n<p>Dante podr\u00e1 tener muchos a\u00f1os en pol\u00edtica, pero precisamente por eso conoce una regla elemental: no siempre hay que salir a buscar candidatos. A veces conviene dejar que los candidatos se acerquen.<\/p>\n\n\n\n<p>Pepe representa una posibilidad rumbo al 2030.<\/p>\n\n\n\n<p>H\u00e9ctor, una inc\u00f3gnita inmediata rumbo al 2027.<\/p>\n\n\n\n<p>Uno puede esperar.<\/p>\n\n\n\n<p>El otro necesita sobrevivir.<\/p>\n\n\n\n<p>Y Dante\u2026 Dante puede esperar a los dos.<\/p>\n\n\n\n<p><\/p>\n","protected":false},"excerpt":{"rendered":"<p>Salvador Mu\u00f1oz&nbsp; Los Pol\u00edticos&nbsp; En pol\u00edtica, sentarse a la mesa no significa necesariamente que uno vaya a quedarse a cenar. A veces basta con llegar, saludar, sonre\u00edr para la foto y retirarse. Y eso fue precisamente lo que hicieron Pepe y H\u00e9ctor Yunes. El problema es que cuando quien pone la mesa se llama Dante [&hellip;]<\/p>\n","protected":false},"author":2,"featured_media":141805,"comment_status":"closed","ping_status":"closed","sticky":false,"template":"","format":"standard","meta":{"tdm_status":"","tdm_grid_status":"","footnotes":""},"categories":[70],"tags":[2219,2646],"class_list":{"0":"post-179631","1":"post","2":"type-post","3":"status-publish","4":"format-standard","5":"has-post-thumbnail","7":"category-de-opinion","8":"tag-dante-delgado","9":"tag-salvador-munoz"},"yoast_head":"<!-- This site is optimized with the Yoast SEO plugin v28.1 - https:\/\/yoast.com\/product\/yoast-seo-wordpress\/ -->\n<title>DANTE PUSO LA MESA - Los pol\u00edticos Veracruz<\/title>\n<meta name=\"robots\" content=\"index, follow, max-snippet:-1, max-image-preview:large, max-video-preview:-1\" \/>\n<link rel=\"canonical\" href=\"https:\/\/lospoliticosveracruz.com\/?p=179631\" \/>\n<meta property=\"og:locale\" content=\"es_ES\" \/>\n<meta property=\"og:type\" content=\"article\" \/>\n<meta property=\"og:title\" content=\"DANTE PUSO LA MESA - Los pol\u00edticos Veracruz\" \/>\n<meta property=\"og:description\" content=\"Salvador Mu\u00f1oz&nbsp; Los Pol\u00edticos&nbsp; En pol\u00edtica, sentarse a la mesa no significa necesariamente que uno vaya a quedarse a cenar. A veces basta con llegar, saludar, sonre\u00edr para la foto y retirarse. Y eso fue precisamente lo que hicieron Pepe y H\u00e9ctor Yunes. El problema es que cuando quien pone la mesa se llama Dante [&hellip;]\" \/>\n<meta property=\"og:url\" content=\"https:\/\/lospoliticosveracruz.com\/?p=179631\" \/>\n<meta property=\"og:site_name\" content=\"Los pol\u00edticos Veracruz\" \/>\n<meta property=\"article:publisher\" content=\"https:\/\/www.facebook.com\/people\/Notimemes-de-los-Polticos\/61565672886568\/\" \/>\n<meta property=\"article:published_time\" content=\"2026-08-31T17:11:25+00:00\" \/>\n<meta property=\"article:modified_time\" content=\"2026-08-31T17:11:27+00:00\" \/>\n<meta property=\"og:image\" content=\"https:\/\/lospoliticosveracruz.com\/wp-content\/uploads\/2025\/04\/Chava-Munoz-1-e1780313266383.jpg\" \/>\n\t<meta property=\"og:image:width\" content=\"600\" \/>\n\t<meta property=\"og:image:height\" content=\"320\" \/>\n\t<meta property=\"og:image:type\" content=\"image\/jpeg\" \/>\n<meta name=\"author\" content=\"Lo viste en Los Pol\u00edticos\" \/>\n<meta name=\"twitter:card\" content=\"summary_large_image\" \/>\n<meta name=\"twitter:creator\" content=\"@LosPoliticosVer\" \/>\n<meta name=\"twitter:site\" content=\"@LosPoliticosVer\" \/>\n<meta name=\"twitter:label1\" content=\"Escrito por\" \/>\n\t<meta name=\"twitter:data1\" content=\"Lo viste en Los Pol\u00edticos\" \/>\n\t<meta name=\"twitter:label2\" content=\"Tiempo de lectura\" \/>\n\t<meta name=\"twitter:data2\" content=\"3 minutos\" \/>\n<script type=\"application\/ld+json\" class=\"yoast-schema-graph\">{\"@context\":\"https:\\\/\\\/schema.org\",\"@graph\":[{\"@type\":\"Article\",\"@id\":\"https:\\\/\\\/lospoliticosveracruz.com\\\/?p=179631#article\",\"isPartOf\":{\"@id\":\"https:\\\/\\\/lospoliticosveracruz.com\\\/?p=179631\"},\"author\":{\"name\":\"Lo viste en Los Pol\u00edticos\",\"@id\":\"https:\\\/\\\/lospoliticosveracruz.com\\\/#\\\/schema\\\/person\\\/b8702bb0e538456e6efd07080bf2a4a2\"},\"headline\":\"DANTE PUSO LA MESA\",\"datePublished\":\"2026-08-31T17:11:25+00:00\",\"dateModified\":\"2026-08-31T17:11:27+00:00\",\"mainEntityOfPage\":{\"@id\":\"https:\\\/\\\/lospoliticosveracruz.com\\\/?p=179631\"},\"wordCount\":592,\"publisher\":{\"@id\":\"https:\\\/\\\/lospoliticosveracruz.com\\\/#organization\"},\"image\":{\"@id\":\"https:\\\/\\\/lospoliticosveracruz.com\\\/?p=179631#primaryimage\"},\"thumbnailUrl\":\"https:\\\/\\\/lospoliticosveracruz.com\\\/wp-content\\\/uploads\\\/2025\\\/04\\\/Chava-Munoz-1-e1780313266383.jpg\",\"keywords\":[\"Dante Delgado\",\"Salvador Mu\u00f1oz\"],\"articleSection\":[\"De Opini\u00f3n\"],\"inLanguage\":\"es\"},{\"@type\":\"WebPage\",\"@id\":\"https:\\\/\\\/lospoliticosveracruz.com\\\/?p=179631\",\"url\":\"https:\\\/\\\/lospoliticosveracruz.com\\\/?p=179631\",\"name\":\"DANTE PUSO LA MESA - Los pol\u00edticos Veracruz\",\"isPartOf\":{\"@id\":\"https:\\\/\\\/lospoliticosveracruz.com\\\/#website\"},\"primaryImageOfPage\":{\"@id\":\"https:\\\/\\\/lospoliticosveracruz.com\\\/?p=179631#primaryimage\"},\"image\":{\"@id\":\"https:\\\/\\\/lospoliticosveracruz.com\\\/?p=179631#primaryimage\"},\"thumbnailUrl\":\"https:\\\/\\\/lospoliticosveracruz.com\\\/wp-content\\\/uploads\\\/2025\\\/04\\\/Chava-Munoz-1-e1780313266383.jpg\",\"datePublished\":\"2026-08-31T17:11:25+00:00\",\"dateModified\":\"2026-08-31T17:11:27+00:00\",\"breadcrumb\":{\"@id\":\"https:\\\/\\\/lospoliticosveracruz.com\\\/?p=179631#breadcrumb\"},\"inLanguage\":\"es\",\"potentialAction\":[{\"@type\":\"ReadAction\",\"target\":[\"https:\\\/\\\/lospoliticosveracruz.com\\\/?p=179631\"]}]},{\"@type\":\"ImageObject\",\"inLanguage\":\"es\",\"@id\":\"https:\\\/\\\/lospoliticosveracruz.com\\\/?p=179631#primaryimage\",\"url\":\"https:\\\/\\\/lospoliticosveracruz.com\\\/wp-content\\\/uploads\\\/2025\\\/04\\\/Chava-Munoz-1-e1780313266383.jpg\",\"contentUrl\":\"https:\\\/\\\/lospoliticosveracruz.com\\\/wp-content\\\/uploads\\\/2025\\\/04\\\/Chava-Munoz-1-e1780313266383.jpg\",\"width\":600,\"height\":320},{\"@type\":\"BreadcrumbList\",\"@id\":\"https:\\\/\\\/lospoliticosveracruz.com\\\/?p=179631#breadcrumb\",\"itemListElement\":[{\"@type\":\"ListItem\",\"position\":1,\"name\":\"Portada\",\"item\":\"https:\\\/\\\/lospoliticosveracruz.com\\\/\"},{\"@type\":\"ListItem\",\"position\":2,\"name\":\"DANTE PUSO LA MESA\"}]},{\"@type\":\"WebSite\",\"@id\":\"https:\\\/\\\/lospoliticosveracruz.com\\\/#website\",\"url\":\"https:\\\/\\\/lospoliticosveracruz.com\\\/\",\"name\":\"Los pol\u00edticos Veracruz\",\"description\":\"\",\"publisher\":{\"@id\":\"https:\\\/\\\/lospoliticosveracruz.com\\\/#organization\"},\"potentialAction\":[{\"@type\":\"SearchAction\",\"target\":{\"@type\":\"EntryPoint\",\"urlTemplate\":\"https:\\\/\\\/lospoliticosveracruz.com\\\/?s={search_term_string}\"},\"query-input\":{\"@type\":\"PropertyValueSpecification\",\"valueRequired\":true,\"valueName\":\"search_term_string\"}}],\"inLanguage\":\"es\"},{\"@type\":\"Organization\",\"@id\":\"https:\\\/\\\/lospoliticosveracruz.com\\\/#organization\",\"name\":\"Los pol\u00edticos Veracruz\",\"url\":\"https:\\\/\\\/lospoliticosveracruz.com\\\/\",\"logo\":{\"@type\":\"ImageObject\",\"inLanguage\":\"es\",\"@id\":\"https:\\\/\\\/lospoliticosveracruz.com\\\/#\\\/schema\\\/logo\\\/image\\\/\",\"url\":\"https:\\\/\\\/lospoliticosveracruz.com\\\/wp-content\\\/uploads\\\/2025\\\/12\\\/Logo-Nuevo-LOS-POLITICOS-1.jpg\",\"contentUrl\":\"https:\\\/\\\/lospoliticosveracruz.com\\\/wp-content\\\/uploads\\\/2025\\\/12\\\/Logo-Nuevo-LOS-POLITICOS-1.jpg\",\"width\":260,\"height\":70,\"caption\":\"Los pol\u00edticos Veracruz\"},\"image\":{\"@id\":\"https:\\\/\\\/lospoliticosveracruz.com\\\/#\\\/schema\\\/logo\\\/image\\\/\"},\"sameAs\":[\"https:\\\/\\\/www.facebook.com\\\/people\\\/Notimemes-de-los-Polticos\\\/61565672886568\\\/\",\"https:\\\/\\\/x.com\\\/LosPoliticosVer\"]},{\"@type\":\"Person\",\"@id\":\"https:\\\/\\\/lospoliticosveracruz.com\\\/#\\\/schema\\\/person\\\/b8702bb0e538456e6efd07080bf2a4a2\",\"name\":\"Lo viste en Los Pol\u00edticos\",\"image\":{\"@type\":\"ImageObject\",\"inLanguage\":\"es\",\"@id\":\"https:\\\/\\\/secure.gravatar.com\\\/avatar\\\/3a8de04a2656d44082be478bd6c086daa447c4651605818287b9532d3d0bd435?s=96&d=mm&r=g\",\"url\":\"https:\\\/\\\/secure.gravatar.com\\\/avatar\\\/3a8de04a2656d44082be478bd6c086daa447c4651605818287b9532d3d0bd435?s=96&d=mm&r=g\",\"contentUrl\":\"https:\\\/\\\/secure.gravatar.com\\\/avatar\\\/3a8de04a2656d44082be478bd6c086daa447c4651605818287b9532d3d0bd435?s=96&d=mm&r=g\",\"caption\":\"Lo viste en Los Pol\u00edticos\"},\"url\":\"https:\\\/\\\/lospoliticosveracruz.com\\\/?author=2\"}]}<\/script>\n<!-- \/ Yoast SEO plugin. -->","yoast_head_json":{"title":"DANTE PUSO LA MESA - Los pol\u00edticos Veracruz","robots":{"index":"index","follow":"follow","max-snippet":"max-snippet:-1","max-image-preview":"max-image-preview:large","max-video-preview":"max-video-preview:-1"},"canonical":"https:\/\/lospoliticosveracruz.com\/?p=179631","og_locale":"es_ES","og_type":"article","og_title":"DANTE PUSO LA MESA - Los pol\u00edticos Veracruz","og_description":"Salvador Mu\u00f1oz&nbsp; Los Pol\u00edticos&nbsp; En pol\u00edtica, sentarse a la mesa no significa necesariamente que uno vaya a quedarse a cenar. A veces basta con llegar, saludar, sonre\u00edr para la foto y retirarse. Y eso fue precisamente lo que hicieron Pepe y H\u00e9ctor Yunes. El problema es que cuando quien pone la mesa se llama Dante [&hellip;]","og_url":"https:\/\/lospoliticosveracruz.com\/?p=179631","og_site_name":"Los pol\u00edticos Veracruz","article_publisher":"https:\/\/www.facebook.com\/people\/Notimemes-de-los-Polticos\/61565672886568\/","article_published_time":"2026-08-31T17:11:25+00:00","article_modified_time":"2026-08-31T17:11:27+00:00","og_image":[{"width":600,"height":320,"url":"https:\/\/lospoliticosveracruz.com\/wp-content\/uploads\/2025\/04\/Chava-Munoz-1-e1780313266383.jpg","type":"image\/jpeg"}],"author":"Lo viste en Los Pol\u00edticos","twitter_card":"summary_large_image","twitter_creator":"@LosPoliticosVer","twitter_site":"@LosPoliticosVer","twitter_misc":{"Escrito por":"Lo viste en Los Pol\u00edticos","Tiempo de lectura":"3 minutos"},"schema":{"@context":"https:\/\/schema.org","@graph":[{"@type":"Article","@id":"https:\/\/lospoliticosveracruz.com\/?p=179631#article","isPartOf":{"@id":"https:\/\/lospoliticosveracruz.com\/?p=179631"},"author":{"name":"Lo viste en Los Pol\u00edticos","@id":"https:\/\/lospoliticosveracruz.com\/#\/schema\/person\/b8702bb0e538456e6efd07080bf2a4a2"},"headline":"DANTE PUSO LA MESA","datePublished":"2026-08-31T17:11:25+00:00","dateModified":"2026-08-31T17:11:27+00:00","mainEntityOfPage":{"@id":"https:\/\/lospoliticosveracruz.com\/?p=179631"},"wordCount":592,"publisher":{"@id":"https:\/\/lospoliticosveracruz.com\/#organization"},"image":{"@id":"https:\/\/lospoliticosveracruz.com\/?p=179631#primaryimage"},"thumbnailUrl":"https:\/\/lospoliticosveracruz.com\/wp-content\/uploads\/2025\/04\/Chava-Munoz-1-e1780313266383.jpg","keywords":["Dante Delgado","Salvador Mu\u00f1oz"],"articleSection":["De Opini\u00f3n"],"inLanguage":"es"},{"@type":"WebPage","@id":"https:\/\/lospoliticosveracruz.com\/?p=179631","url":"https:\/\/lospoliticosveracruz.com\/?p=179631","name":"DANTE PUSO LA MESA - Los pol\u00edticos Veracruz","isPartOf":{"@id":"https:\/\/lospoliticosveracruz.com\/#website"},"primaryImageOfPage":{"@id":"https:\/\/lospoliticosveracruz.com\/?p=179631#primaryimage"},"image":{"@id":"https:\/\/lospoliticosveracruz.com\/?p=179631#primaryimage"},"thumbnailUrl":"https:\/\/lospoliticosveracruz.com\/wp-content\/uploads\/2025\/04\/Chava-Munoz-1-e1780313266383.jpg","datePublished":"2026-08-31T17:11:25+00:00","dateModified":"2026-08-31T17:11:27+00:00","breadcrumb":{"@id":"https:\/\/lospoliticosveracruz.com\/?p=179631#breadcrumb"},"inLanguage":"es","potentialAction":[{"@type":"ReadAction","target":["https:\/\/lospoliticosveracruz.com\/?p=179631"]}]},{"@type":"ImageObject","inLanguage":"es","@id":"https:\/\/lospoliticosveracruz.com\/?p=179631#primaryimage","url":"https:\/\/lospoliticosveracruz.com\/wp-content\/uploads\/2025\/04\/Chava-Munoz-1-e1780313266383.jpg","contentUrl":"https:\/\/lospoliticosveracruz.com\/wp-content\/uploads\/2025\/04\/Chava-Munoz-1-e1780313266383.jpg","width":600,"height":320},{"@type":"BreadcrumbList","@id":"https:\/\/lospoliticosveracruz.com\/?p=179631#breadcrumb","itemListElement":[{"@type":"ListItem","position":1,"name":"Portada","item":"https:\/\/lospoliticosveracruz.com\/"},{"@type":"ListItem","position":2,"name":"DANTE PUSO LA MESA"}]},{"@type":"WebSite","@id":"https:\/\/lospoliticosveracruz.com\/#website","url":"https:\/\/lospoliticosveracruz.com\/","name":"Los pol\u00edticos Veracruz","description":"","publisher":{"@id":"https:\/\/lospoliticosveracruz.com\/#organization"},"potentialAction":[{"@type":"SearchAction","target":{"@type":"EntryPoint","urlTemplate":"https:\/\/lospoliticosveracruz.com\/?s={search_term_string}"},"query-input":{"@type":"PropertyValueSpecification","valueRequired":true,"valueName":"search_term_string"}}],"inLanguage":"es"},{"@type":"Organization","@id":"https:\/\/lospoliticosveracruz.com\/#organization","name":"Los pol\u00edticos Veracruz","url":"https:\/\/lospoliticosveracruz.com\/","logo":{"@type":"ImageObject","inLanguage":"es","@id":"https:\/\/lospoliticosveracruz.com\/#\/schema\/logo\/image\/","url":"https:\/\/lospoliticosveracruz.com\/wp-content\/uploads\/2025\/12\/Logo-Nuevo-LOS-POLITICOS-1.jpg","contentUrl":"https:\/\/lospoliticosveracruz.com\/wp-content\/uploads\/2025\/12\/Logo-Nuevo-LOS-POLITICOS-1.jpg","width":260,"height":70,"caption":"Los pol\u00edticos Veracruz"},"image":{"@id":"https:\/\/lospoliticosveracruz.com\/#\/schema\/logo\/image\/"},"sameAs":["https:\/\/www.facebook.com\/people\/Notimemes-de-los-Polticos\/61565672886568\/","https:\/\/x.com\/LosPoliticosVer"]},{"@type":"Person","@id":"https:\/\/lospoliticosveracruz.com\/#\/schema\/person\/b8702bb0e538456e6efd07080bf2a4a2","name":"Lo viste en Los Pol\u00edticos","image":{"@type":"ImageObject","inLanguage":"es","@id":"https:\/\/secure.gravatar.com\/avatar\/3a8de04a2656d44082be478bd6c086daa447c4651605818287b9532d3d0bd435?s=96&d=mm&r=g","url":"https:\/\/secure.gravatar.com\/avatar\/3a8de04a2656d44082be478bd6c086daa447c4651605818287b9532d3d0bd435?s=96&d=mm&r=g","contentUrl":"https:\/\/secure.gravatar.com\/avatar\/3a8de04a2656d44082be478bd6c086daa447c4651605818287b9532d3d0bd435?s=96&d=mm&r=g","caption":"Lo viste en Los Pol\u00edticos"},"url":"https:\/\/lospoliticosveracruz.com\/?author=2"}]}},"_links":{"self":[{"href":"https:\/\/lospoliticosveracruz.com\/index.php?rest_route=\/wp\/v2\/posts\/179631","targetHints":{"allow":["GET"]}}],"collection":[{"href":"https:\/\/lospoliticosveracruz.com\/index.php?rest_route=\/wp\/v2\/posts"}],"about":[{"href":"https:\/\/lospoliticosveracruz.com\/index.php?rest_route=\/wp\/v2\/types\/post"}],"author":[{"embeddable":true,"href":"https:\/\/lospoliticosveracruz.com\/index.php?rest_route=\/wp\/v2\/users\/2"}],"replies":[{"embeddable":true,"href":"https:\/\/lospoliticosveracruz.com\/index.php?rest_route=%2Fwp%2Fv2%2Fcomments&post=179631"}],"version-history":[{"count":1,"href":"https:\/\/lospoliticosveracruz.com\/index.php?rest_route=\/wp\/v2\/posts\/179631\/revisions"}],"predecessor-version":[{"id":179632,"href":"https:\/\/lospoliticosveracruz.com\/index.php?rest_route=\/wp\/v2\/posts\/179631\/revisions\/179632"}],"wp:featuredmedia":[{"embeddable":true,"href":"https:\/\/lospoliticosveracruz.com\/index.php?rest_route=\/wp\/v2\/media\/141805"}],"wp:attachment":[{"href":"https:\/\/lospoliticosveracruz.com\/index.php?rest_route=%2Fwp%2Fv2%2Fmedia&parent=179631"}],"wp:term":[{"taxonomy":"category","embeddable":true,"href":"https:\/\/lospoliticosveracruz.com\/index.php?rest_route=%2Fwp%2Fv2%2Fcategories&post=179631"},{"taxonomy":"post_tag","embeddable":true,"href":"https:\/\/lospoliticosveracruz.com\/index.php?rest_route=%2Fwp%2Fv2%2Ftags&post=179631"}],"curies":[{"name":"wp","href":"https:\/\/api.w.org\/{rel}","templated":true}]}}