{"id":179636,"date":"2026-08-31T13:14:35","date_gmt":"2026-08-31T19:14:35","guid":{"rendered":"https:\/\/lospoliticosveracruz.com\/?p=179636"},"modified":"2026-08-31T13:14:37","modified_gmt":"2026-08-31T19:14:37","slug":"samuel-acosta-ignorante","status":"publish","type":"post","link":"https:\/\/lospoliticosveracruz.com\/?p=179636","title":{"rendered":"SAMUEL ACOSTA, IGNORANTE!"},"content":{"rendered":"<div class=\"wp-block-image\">\n<figure class=\"alignleft size-large is-resized\"><a href=\"https:\/\/lospoliticosveracruz.com\/wp-content\/uploads\/2026\/08\/Tu-Plan-Xalapa.jpg\"><img loading=\"lazy\" decoding=\"async\" width=\"1024\" height=\"854\" src=\"https:\/\/lospoliticosveracruz.com\/wp-content\/uploads\/2026\/08\/Tu-Plan-Xalapa-1024x854.jpg\" alt=\"\" class=\"wp-image-177789\" style=\"width:421px;height:auto\" srcset=\"https:\/\/lospoliticosveracruz.com\/wp-content\/uploads\/2026\/08\/Tu-Plan-Xalapa-1024x854.jpg 1024w, https:\/\/lospoliticosveracruz.com\/wp-content\/uploads\/2026\/08\/Tu-Plan-Xalapa-300x250.jpg 300w, https:\/\/lospoliticosveracruz.com\/wp-content\/uploads\/2026\/08\/Tu-Plan-Xalapa-768x640.jpg 768w, https:\/\/lospoliticosveracruz.com\/wp-content\/uploads\/2026\/08\/Tu-Plan-Xalapa-504x420.jpg 504w, https:\/\/lospoliticosveracruz.com\/wp-content\/uploads\/2026\/08\/Tu-Plan-Xalapa-150x125.jpg 150w, https:\/\/lospoliticosveracruz.com\/wp-content\/uploads\/2026\/08\/Tu-Plan-Xalapa-696x580.jpg 696w, https:\/\/lospoliticosveracruz.com\/wp-content\/uploads\/2026\/08\/Tu-Plan-Xalapa-1068x890.jpg 1068w, https:\/\/lospoliticosveracruz.com\/wp-content\/uploads\/2026\/08\/Tu-Plan-Xalapa.jpg 1400w\" sizes=\"auto, (max-width: 1024px) 100vw, 1024px\" \/><\/a><\/figure>\n<\/div>\n\n\n<p><strong>NdelaR<\/strong><\/p>\n\n\n\n<p>El coordinador de Casa Zapata en Veracruz, Pedro Rivera Garc\u00eda, afirm\u00f3 que el alcalde de Medell\u00edn de Bravo, Samuel Acosta, demuestra ignorancia sobre el conflicto con Grupo MAS al celebrar los descuentos obtenidos para los usuarios, pues consider\u00f3 que la prioridad deber\u00eda ser exigir agua potable certificada para la poblaci\u00f3n, pero el mun\u00edcipe nunca ha mostrado inter\u00e9s en resolver esta problem\u00e1tica.<\/p>\n\n\n\n<p>\u201cLo \u00fanico que demuestra es una gran ignorancia sobre el tema\u201d, sostuvo Rivera Garc\u00eda al cuestionar que el presidente municipal celebre una reducci\u00f3n en los cobros, cuando, a su consideraci\u00f3n, el problema central est\u00e1 en la calidad del agua que reciben los habitantes de Medell\u00edn de Bravo.<\/p>\n\n\n\n<p>El representante de Casa Zapata se\u00f1al\u00f3 que los alcaldes son los principales responsables en cada municipio frente al servicio de agua, por lo que consider\u00f3 que Acosta deber\u00eda conocer la situaci\u00f3n que enfrenta Grupo MAS y las acciones legales emprendidas contra la empresa, que ya suman 23 sentencias federales y atenci\u00f3n, por parte de esta organizaci\u00f3n ciudadana, a dos mil familias veracruzanas, incluyendo a las de Medell\u00edn.<\/p>\n\n\n\n<p>Entre los procesos mencion\u00f3 el amparo 310\/2024, del Juzgado Sexto de Distrito, cuyo incidente de ejecuci\u00f3n fue registrado ante el Primer Tribunal Colegiado en Materia Administrativa bajo el n\u00famero 11\/2026, el cual representa la \u00faltima fase del proceso que determinar\u00e1 la situaci\u00f3n de Grupo MAS, debido a que, seg\u00fan afirm\u00f3, la empresa no ha cumplido con ninguna de las ejecutorias dictadas en su contra<\/p>\n\n\n\n<p>El coordinador de Casa Zapata agreg\u00f3 que solicitaron la intervenci\u00f3n de la Suprema Corte de Justicia de la Naci\u00f3n para resolver el incidente de ejecuci\u00f3n, luego de cuestionar una resoluci\u00f3n previa que, dijo, declar\u00f3 improcedente un incidente relacionado con el caso<\/p>\n\n\n\n<p>Tambi\u00e9n revel\u00f3 que Samuel Acosta nunca se ha acercado a Casa Zapata para conocer los antecedentes del conflicto jur\u00eddico con Grupo MAS y descart\u00f3 que la organizaci\u00f3n tenga inter\u00e9s en buscar al alcalde. \u201cNunca se ha acercado, ni queremos que lo haga. No tenemos necesidad\u201d, respondi\u00f3 al ser cuestionado sobre la relaci\u00f3n con el presidente municipal de Medell\u00edn de Bravo.<\/p>\n\n\n\n<p>El coordinador sostuvo que la discusi\u00f3n no debe centrarse en cu\u00e1nto pagar\u00e1n los usuarios, sino en garantizar que reciban agua potable con las condiciones necesarias para el consumo humano y en que se cumplan las resoluciones judiciales.&nbsp;&nbsp;\u201cEstoy seguro de que desconoce todo esto de lo que estoy hablando\u201d, sentenci\u00f3.<\/p>\n\n\n\n<p><\/p>\n","protected":false},"excerpt":{"rendered":"<p>NdelaR El coordinador de Casa Zapata en Veracruz, Pedro Rivera Garc\u00eda, afirm\u00f3 que el alcalde de Medell\u00edn de Bravo, Samuel Acosta, demuestra ignorancia sobre el conflicto con Grupo MAS al celebrar los descuentos obtenidos para los usuarios, pues consider\u00f3 que la prioridad deber\u00eda ser exigir agua potable certificada para la poblaci\u00f3n, pero el mun\u00edcipe nunca [&hellip;]<\/p>\n","protected":false},"author":2,"featured_media":179637,"comment_status":"closed","ping_status":"closed","sticky":false,"template":"","format":"standard","meta":{"tdm_status":"","tdm_grid_status":"","footnotes":""},"categories":[6446],"tags":[70949],"class_list":{"0":"post-179636","1":"post","2":"type-post","3":"status-publish","4":"format-standard","5":"has-post-thumbnail","7":"category-la-nota","8":"tag-pedro-rivera-castillo"},"yoast_head":"<!-- This site is optimized with the Yoast SEO plugin v28.1 - https:\/\/yoast.com\/product\/yoast-seo-wordpress\/ -->\n<title>SAMUEL ACOSTA, IGNORANTE! - Los pol\u00edticos Veracruz<\/title>\n<meta name=\"robots\" content=\"index, follow, max-snippet:-1, max-image-preview:large, max-video-preview:-1\" \/>\n<link rel=\"canonical\" href=\"https:\/\/lospoliticosveracruz.com\/?p=179636\" \/>\n<meta property=\"og:locale\" content=\"es_ES\" \/>\n<meta property=\"og:type\" content=\"article\" \/>\n<meta property=\"og:title\" content=\"SAMUEL ACOSTA, IGNORANTE! - Los pol\u00edticos Veracruz\" \/>\n<meta property=\"og:description\" content=\"NdelaR El coordinador de Casa Zapata en Veracruz, Pedro Rivera Garc\u00eda, afirm\u00f3 que el alcalde de Medell\u00edn de Bravo, Samuel Acosta, demuestra ignorancia sobre el conflicto con Grupo MAS al celebrar los descuentos obtenidos para los usuarios, pues consider\u00f3 que la prioridad deber\u00eda ser exigir agua potable certificada para la poblaci\u00f3n, pero el mun\u00edcipe nunca [&hellip;]\" \/>\n<meta property=\"og:url\" content=\"https:\/\/lospoliticosveracruz.com\/?p=179636\" \/>\n<meta property=\"og:site_name\" content=\"Los pol\u00edticos Veracruz\" \/>\n<meta property=\"article:publisher\" content=\"https:\/\/www.facebook.com\/people\/Notimemes-de-los-Polticos\/61565672886568\/\" \/>\n<meta property=\"article:published_time\" content=\"2026-08-31T19:14:35+00:00\" \/>\n<meta property=\"article:modified_time\" content=\"2026-08-31T19:14:37+00:00\" \/>\n<meta property=\"og:image\" content=\"https:\/\/lospoliticosveracruz.com\/wp-content\/uploads\/2026\/08\/IMG_4533.jpeg\" \/>\n\t<meta property=\"og:image:width\" content=\"600\" \/>\n\t<meta property=\"og:image:height\" content=\"320\" \/>\n\t<meta property=\"og:image:type\" content=\"image\/jpeg\" \/>\n<meta name=\"author\" content=\"Lo viste en Los Pol\u00edticos\" \/>\n<meta name=\"twitter:card\" content=\"summary_large_image\" \/>\n<meta name=\"twitter:creator\" content=\"@LosPoliticosVer\" \/>\n<meta name=\"twitter:site\" content=\"@LosPoliticosVer\" \/>\n<meta name=\"twitter:label1\" content=\"Escrito por\" \/>\n\t<meta name=\"twitter:data1\" content=\"Lo viste en Los Pol\u00edticos\" \/>\n\t<meta name=\"twitter:label2\" content=\"Tiempo de lectura\" \/>\n\t<meta name=\"twitter:data2\" content=\"3 minutos\" \/>\n<script type=\"application\/ld+json\" class=\"yoast-schema-graph\">{\"@context\":\"https:\\\/\\\/schema.org\",\"@graph\":[{\"@type\":\"Article\",\"@id\":\"https:\\\/\\\/lospoliticosveracruz.com\\\/?p=179636#article\",\"isPartOf\":{\"@id\":\"https:\\\/\\\/lospoliticosveracruz.com\\\/?p=179636\"},\"author\":{\"name\":\"Lo viste en Los Pol\u00edticos\",\"@id\":\"https:\\\/\\\/lospoliticosveracruz.com\\\/#\\\/schema\\\/person\\\/b8702bb0e538456e6efd07080bf2a4a2\"},\"headline\":\"SAMUEL ACOSTA, IGNORANTE!\",\"datePublished\":\"2026-08-31T19:14:35+00:00\",\"dateModified\":\"2026-08-31T19:14:37+00:00\",\"mainEntityOfPage\":{\"@id\":\"https:\\\/\\\/lospoliticosveracruz.com\\\/?p=179636\"},\"wordCount\":427,\"publisher\":{\"@id\":\"https:\\\/\\\/lospoliticosveracruz.com\\\/#organization\"},\"image\":{\"@id\":\"https:\\\/\\\/lospoliticosveracruz.com\\\/?p=179636#primaryimage\"},\"thumbnailUrl\":\"https:\\\/\\\/lospoliticosveracruz.com\\\/wp-content\\\/uploads\\\/2026\\\/08\\\/IMG_4533.jpeg\",\"keywords\":[\"Pedro Rivera Castillo\"],\"articleSection\":[\"La Nota\"],\"inLanguage\":\"es\"},{\"@type\":\"WebPage\",\"@id\":\"https:\\\/\\\/lospoliticosveracruz.com\\\/?p=179636\",\"url\":\"https:\\\/\\\/lospoliticosveracruz.com\\\/?p=179636\",\"name\":\"SAMUEL ACOSTA, IGNORANTE! - Los pol\u00edticos Veracruz\",\"isPartOf\":{\"@id\":\"https:\\\/\\\/lospoliticosveracruz.com\\\/#website\"},\"primaryImageOfPage\":{\"@id\":\"https:\\\/\\\/lospoliticosveracruz.com\\\/?p=179636#primaryimage\"},\"image\":{\"@id\":\"https:\\\/\\\/lospoliticosveracruz.com\\\/?p=179636#primaryimage\"},\"thumbnailUrl\":\"https:\\\/\\\/lospoliticosveracruz.com\\\/wp-content\\\/uploads\\\/2026\\\/08\\\/IMG_4533.jpeg\",\"datePublished\":\"2026-08-31T19:14:35+00:00\",\"dateModified\":\"2026-08-31T19:14:37+00:00\",\"breadcrumb\":{\"@id\":\"https:\\\/\\\/lospoliticosveracruz.com\\\/?p=179636#breadcrumb\"},\"inLanguage\":\"es\",\"potentialAction\":[{\"@type\":\"ReadAction\",\"target\":[\"https:\\\/\\\/lospoliticosveracruz.com\\\/?p=179636\"]}]},{\"@type\":\"ImageObject\",\"inLanguage\":\"es\",\"@id\":\"https:\\\/\\\/lospoliticosveracruz.com\\\/?p=179636#primaryimage\",\"url\":\"https:\\\/\\\/lospoliticosveracruz.com\\\/wp-content\\\/uploads\\\/2026\\\/08\\\/IMG_4533.jpeg\",\"contentUrl\":\"https:\\\/\\\/lospoliticosveracruz.com\\\/wp-content\\\/uploads\\\/2026\\\/08\\\/IMG_4533.jpeg\",\"width\":600,\"height\":320},{\"@type\":\"BreadcrumbList\",\"@id\":\"https:\\\/\\\/lospoliticosveracruz.com\\\/?p=179636#breadcrumb\",\"itemListElement\":[{\"@type\":\"ListItem\",\"position\":1,\"name\":\"Portada\",\"item\":\"https:\\\/\\\/lospoliticosveracruz.com\\\/\"},{\"@type\":\"ListItem\",\"position\":2,\"name\":\"SAMUEL ACOSTA, IGNORANTE!\"}]},{\"@type\":\"WebSite\",\"@id\":\"https:\\\/\\\/lospoliticosveracruz.com\\\/#website\",\"url\":\"https:\\\/\\\/lospoliticosveracruz.com\\\/\",\"name\":\"Los pol\u00edticos Veracruz\",\"description\":\"\",\"publisher\":{\"@id\":\"https:\\\/\\\/lospoliticosveracruz.com\\\/#organization\"},\"potentialAction\":[{\"@type\":\"SearchAction\",\"target\":{\"@type\":\"EntryPoint\",\"urlTemplate\":\"https:\\\/\\\/lospoliticosveracruz.com\\\/?s={search_term_string}\"},\"query-input\":{\"@type\":\"PropertyValueSpecification\",\"valueRequired\":true,\"valueName\":\"search_term_string\"}}],\"inLanguage\":\"es\"},{\"@type\":\"Organization\",\"@id\":\"https:\\\/\\\/lospoliticosveracruz.com\\\/#organization\",\"name\":\"Los pol\u00edticos Veracruz\",\"url\":\"https:\\\/\\\/lospoliticosveracruz.com\\\/\",\"logo\":{\"@type\":\"ImageObject\",\"inLanguage\":\"es\",\"@id\":\"https:\\\/\\\/lospoliticosveracruz.com\\\/#\\\/schema\\\/logo\\\/image\\\/\",\"url\":\"https:\\\/\\\/lospoliticosveracruz.com\\\/wp-content\\\/uploads\\\/2025\\\/12\\\/Logo-Nuevo-LOS-POLITICOS-1.jpg\",\"contentUrl\":\"https:\\\/\\\/lospoliticosveracruz.com\\\/wp-content\\\/uploads\\\/2025\\\/12\\\/Logo-Nuevo-LOS-POLITICOS-1.jpg\",\"width\":260,\"height\":70,\"caption\":\"Los pol\u00edticos Veracruz\"},\"image\":{\"@id\":\"https:\\\/\\\/lospoliticosveracruz.com\\\/#\\\/schema\\\/logo\\\/image\\\/\"},\"sameAs\":[\"https:\\\/\\\/www.facebook.com\\\/people\\\/Notimemes-de-los-Polticos\\\/61565672886568\\\/\",\"https:\\\/\\\/x.com\\\/LosPoliticosVer\"]},{\"@type\":\"Person\",\"@id\":\"https:\\\/\\\/lospoliticosveracruz.com\\\/#\\\/schema\\\/person\\\/b8702bb0e538456e6efd07080bf2a4a2\",\"name\":\"Lo viste en Los Pol\u00edticos\",\"image\":{\"@type\":\"ImageObject\",\"inLanguage\":\"es\",\"@id\":\"https:\\\/\\\/secure.gravatar.com\\\/avatar\\\/3a8de04a2656d44082be478bd6c086daa447c4651605818287b9532d3d0bd435?s=96&d=mm&r=g\",\"url\":\"https:\\\/\\\/secure.gravatar.com\\\/avatar\\\/3a8de04a2656d44082be478bd6c086daa447c4651605818287b9532d3d0bd435?s=96&d=mm&r=g\",\"contentUrl\":\"https:\\\/\\\/secure.gravatar.com\\\/avatar\\\/3a8de04a2656d44082be478bd6c086daa447c4651605818287b9532d3d0bd435?s=96&d=mm&r=g\",\"caption\":\"Lo viste en Los Pol\u00edticos\"},\"url\":\"https:\\\/\\\/lospoliticosveracruz.com\\\/?author=2\"}]}<\/script>\n<!-- \/ Yoast SEO plugin. -->","yoast_head_json":{"title":"SAMUEL ACOSTA, IGNORANTE! - Los pol\u00edticos Veracruz","robots":{"index":"index","follow":"follow","max-snippet":"max-snippet:-1","max-image-preview":"max-image-preview:large","max-video-preview":"max-video-preview:-1"},"canonical":"https:\/\/lospoliticosveracruz.com\/?p=179636","og_locale":"es_ES","og_type":"article","og_title":"SAMUEL ACOSTA, IGNORANTE! - Los pol\u00edticos Veracruz","og_description":"NdelaR El coordinador de Casa Zapata en Veracruz, Pedro Rivera Garc\u00eda, afirm\u00f3 que el alcalde de Medell\u00edn de Bravo, Samuel Acosta, demuestra ignorancia sobre el conflicto con Grupo MAS al celebrar los descuentos obtenidos para los usuarios, pues consider\u00f3 que la prioridad deber\u00eda ser exigir agua potable certificada para la poblaci\u00f3n, pero el mun\u00edcipe nunca [&hellip;]","og_url":"https:\/\/lospoliticosveracruz.com\/?p=179636","og_site_name":"Los pol\u00edticos Veracruz","article_publisher":"https:\/\/www.facebook.com\/people\/Notimemes-de-los-Polticos\/61565672886568\/","article_published_time":"2026-08-31T19:14:35+00:00","article_modified_time":"2026-08-31T19:14:37+00:00","og_image":[{"width":600,"height":320,"url":"https:\/\/lospoliticosveracruz.com\/wp-content\/uploads\/2026\/08\/IMG_4533.jpeg","type":"image\/jpeg"}],"author":"Lo viste en Los Pol\u00edticos","twitter_card":"summary_large_image","twitter_creator":"@LosPoliticosVer","twitter_site":"@LosPoliticosVer","twitter_misc":{"Escrito por":"Lo viste en Los Pol\u00edticos","Tiempo de lectura":"3 minutos"},"schema":{"@context":"https:\/\/schema.org","@graph":[{"@type":"Article","@id":"https:\/\/lospoliticosveracruz.com\/?p=179636#article","isPartOf":{"@id":"https:\/\/lospoliticosveracruz.com\/?p=179636"},"author":{"name":"Lo viste en Los Pol\u00edticos","@id":"https:\/\/lospoliticosveracruz.com\/#\/schema\/person\/b8702bb0e538456e6efd07080bf2a4a2"},"headline":"SAMUEL ACOSTA, IGNORANTE!","datePublished":"2026-08-31T19:14:35+00:00","dateModified":"2026-08-31T19:14:37+00:00","mainEntityOfPage":{"@id":"https:\/\/lospoliticosveracruz.com\/?p=179636"},"wordCount":427,"publisher":{"@id":"https:\/\/lospoliticosveracruz.com\/#organization"},"image":{"@id":"https:\/\/lospoliticosveracruz.com\/?p=179636#primaryimage"},"thumbnailUrl":"https:\/\/lospoliticosveracruz.com\/wp-content\/uploads\/2026\/08\/IMG_4533.jpeg","keywords":["Pedro Rivera Castillo"],"articleSection":["La Nota"],"inLanguage":"es"},{"@type":"WebPage","@id":"https:\/\/lospoliticosveracruz.com\/?p=179636","url":"https:\/\/lospoliticosveracruz.com\/?p=179636","name":"SAMUEL ACOSTA, IGNORANTE! - Los pol\u00edticos Veracruz","isPartOf":{"@id":"https:\/\/lospoliticosveracruz.com\/#website"},"primaryImageOfPage":{"@id":"https:\/\/lospoliticosveracruz.com\/?p=179636#primaryimage"},"image":{"@id":"https:\/\/lospoliticosveracruz.com\/?p=179636#primaryimage"},"thumbnailUrl":"https:\/\/lospoliticosveracruz.com\/wp-content\/uploads\/2026\/08\/IMG_4533.jpeg","datePublished":"2026-08-31T19:14:35+00:00","dateModified":"2026-08-31T19:14:37+00:00","breadcrumb":{"@id":"https:\/\/lospoliticosveracruz.com\/?p=179636#breadcrumb"},"inLanguage":"es","potentialAction":[{"@type":"ReadAction","target":["https:\/\/lospoliticosveracruz.com\/?p=179636"]}]},{"@type":"ImageObject","inLanguage":"es","@id":"https:\/\/lospoliticosveracruz.com\/?p=179636#primaryimage","url":"https:\/\/lospoliticosveracruz.com\/wp-content\/uploads\/2026\/08\/IMG_4533.jpeg","contentUrl":"https:\/\/lospoliticosveracruz.com\/wp-content\/uploads\/2026\/08\/IMG_4533.jpeg","width":600,"height":320},{"@type":"BreadcrumbList","@id":"https:\/\/lospoliticosveracruz.com\/?p=179636#breadcrumb","itemListElement":[{"@type":"ListItem","position":1,"name":"Portada","item":"https:\/\/lospoliticosveracruz.com\/"},{"@type":"ListItem","position":2,"name":"SAMUEL ACOSTA, IGNORANTE!"}]},{"@type":"WebSite","@id":"https:\/\/lospoliticosveracruz.com\/#website","url":"https:\/\/lospoliticosveracruz.com\/","name":"Los pol\u00edticos Veracruz","description":"","publisher":{"@id":"https:\/\/lospoliticosveracruz.com\/#organization"},"potentialAction":[{"@type":"SearchAction","target":{"@type":"EntryPoint","urlTemplate":"https:\/\/lospoliticosveracruz.com\/?s={search_term_string}"},"query-input":{"@type":"PropertyValueSpecification","valueRequired":true,"valueName":"search_term_string"}}],"inLanguage":"es"},{"@type":"Organization","@id":"https:\/\/lospoliticosveracruz.com\/#organization","name":"Los pol\u00edticos Veracruz","url":"https:\/\/lospoliticosveracruz.com\/","logo":{"@type":"ImageObject","inLanguage":"es","@id":"https:\/\/lospoliticosveracruz.com\/#\/schema\/logo\/image\/","url":"https:\/\/lospoliticosveracruz.com\/wp-content\/uploads\/2025\/12\/Logo-Nuevo-LOS-POLITICOS-1.jpg","contentUrl":"https:\/\/lospoliticosveracruz.com\/wp-content\/uploads\/2025\/12\/Logo-Nuevo-LOS-POLITICOS-1.jpg","width":260,"height":70,"caption":"Los pol\u00edticos Veracruz"},"image":{"@id":"https:\/\/lospoliticosveracruz.com\/#\/schema\/logo\/image\/"},"sameAs":["https:\/\/www.facebook.com\/people\/Notimemes-de-los-Polticos\/61565672886568\/","https:\/\/x.com\/LosPoliticosVer"]},{"@type":"Person","@id":"https:\/\/lospoliticosveracruz.com\/#\/schema\/person\/b8702bb0e538456e6efd07080bf2a4a2","name":"Lo viste en Los Pol\u00edticos","image":{"@type":"ImageObject","inLanguage":"es","@id":"https:\/\/secure.gravatar.com\/avatar\/3a8de04a2656d44082be478bd6c086daa447c4651605818287b9532d3d0bd435?s=96&d=mm&r=g","url":"https:\/\/secure.gravatar.com\/avatar\/3a8de04a2656d44082be478bd6c086daa447c4651605818287b9532d3d0bd435?s=96&d=mm&r=g","contentUrl":"https:\/\/secure.gravatar.com\/avatar\/3a8de04a2656d44082be478bd6c086daa447c4651605818287b9532d3d0bd435?s=96&d=mm&r=g","caption":"Lo viste en Los Pol\u00edticos"},"url":"https:\/\/lospoliticosveracruz.com\/?author=2"}]}},"_links":{"self":[{"href":"https:\/\/lospoliticosveracruz.com\/index.php?rest_route=\/wp\/v2\/posts\/179636","targetHints":{"allow":["GET"]}}],"collection":[{"href":"https:\/\/lospoliticosveracruz.com\/index.php?rest_route=\/wp\/v2\/posts"}],"about":[{"href":"https:\/\/lospoliticosveracruz.com\/index.php?rest_route=\/wp\/v2\/types\/post"}],"author":[{"embeddable":true,"href":"https:\/\/lospoliticosveracruz.com\/index.php?rest_route=\/wp\/v2\/users\/2"}],"replies":[{"embeddable":true,"href":"https:\/\/lospoliticosveracruz.com\/index.php?rest_route=%2Fwp%2Fv2%2Fcomments&post=179636"}],"version-history":[{"count":1,"href":"https:\/\/lospoliticosveracruz.com\/index.php?rest_route=\/wp\/v2\/posts\/179636\/revisions"}],"predecessor-version":[{"id":179638,"href":"https:\/\/lospoliticosveracruz.com\/index.php?rest_route=\/wp\/v2\/posts\/179636\/revisions\/179638"}],"wp:featuredmedia":[{"embeddable":true,"href":"https:\/\/lospoliticosveracruz.com\/index.php?rest_route=\/wp\/v2\/media\/179637"}],"wp:attachment":[{"href":"https:\/\/lospoliticosveracruz.com\/index.php?rest_route=%2Fwp%2Fv2%2Fmedia&parent=179636"}],"wp:term":[{"taxonomy":"category","embeddable":true,"href":"https:\/\/lospoliticosveracruz.com\/index.php?rest_route=%2Fwp%2Fv2%2Fcategories&post=179636"},{"taxonomy":"post_tag","embeddable":true,"href":"https:\/\/lospoliticosveracruz.com\/index.php?rest_route=%2Fwp%2Fv2%2Ftags&post=179636"}],"curies":[{"name":"wp","href":"https:\/\/api.w.org\/{rel}","templated":true}]}}