{"id":179658,"date":"2026-08-31T13:59:08","date_gmt":"2026-08-31T19:59:08","guid":{"rendered":"https:\/\/lospoliticosveracruz.com\/?p=179658"},"modified":"2026-08-31T13:59:10","modified_gmt":"2026-08-31T19:59:10","slug":"chentin-el-nuevo-presi","status":"publish","type":"post","link":"https:\/\/lospoliticosveracruz.com\/?p=179658","title":{"rendered":"CHENT\u00cdN, EL NUEVO PRESI"},"content":{"rendered":"<div class=\"wp-block-image\">\n<figure class=\"alignleft size-full is-resized\"><a href=\"https:\/\/lospoliticosveracruz.com\/wp-content\/uploads\/2026\/05\/IMG_1092.png\"><img loading=\"lazy\" decoding=\"async\" width=\"640\" height=\"600\" src=\"https:\/\/lospoliticosveracruz.com\/wp-content\/uploads\/2026\/05\/IMG_1092.png\" alt=\"\" class=\"wp-image-172799\" style=\"width:375px;height:auto\" srcset=\"https:\/\/lospoliticosveracruz.com\/wp-content\/uploads\/2026\/05\/IMG_1092.png 640w, https:\/\/lospoliticosveracruz.com\/wp-content\/uploads\/2026\/05\/IMG_1092-300x281.png 300w, https:\/\/lospoliticosveracruz.com\/wp-content\/uploads\/2026\/05\/IMG_1092-448x420.png 448w, https:\/\/lospoliticosveracruz.com\/wp-content\/uploads\/2026\/05\/IMG_1092-150x141.png 150w\" sizes=\"auto, (max-width: 640px) 100vw, 640px\" \/><\/a><\/figure>\n<\/div>\n\n\n<p><strong>\u00c1ngeles Gonz\u00e1lez Ceballos<\/strong><\/p>\n\n\n\n<p>\u200bLuego de ser elegido como el nuevo presidente de la Mesa Directiva del Congreso del Estado, el diputado Luis Vicente Aguilar Castillo, afirm\u00f3 que los votos en su contra responden directamente a la diversidad pol\u00edtica dentro del Poder Legislativo.<\/p>\n\n\n\n<p>\u200bCuestionado sobre c\u00f3mo asume la responsabilidad del cargo y cu\u00e1les son las prioridades para el pr\u00f3ximo periodo, el legislador manifest\u00f3 su gratitud hacia sus hom\u00f3logos.<\/p>\n\n\n\n<p>\u00abF\u00edjense que, primero que nada, agradecer a mis compa\u00f1eras y compa\u00f1eros legisladores que tienen la confianza en un servidor. Lo asumo con total responsabilidad\u00bb, expres\u00f3.<\/p>\n\n\n\n<p>\u200bAguilar Castillo se\u00f1al\u00f3 que iniciar\u00e1 de inmediato la entrega-recepci\u00f3n con la directiva saliente para revisar los asuntos pendientes.&nbsp;<\/p>\n\n\n\n<p>\u00abEn estos momentos se nos va a poner de acuerdo con la presidenta saliente, la diputada Naomi, que felicito profundamente, lo hizo muy bien, la Mesa Directiva que sale el d\u00eda de hoy, y vamos a ponernos en el orden ahorita a ver cu\u00e1les son los temas pendientes, cu\u00e1les son los que se quedan para poderlos sacar en este pr\u00f3ximo per\u00edodo legislativo\u00bb, puntualiz\u00f3.<\/p>\n\n\n\n<p>\u200bRespecto a la postura de la oposici\u00f3n y los votos en su contra, el diputado sostuvo que es un reflejo de la pluralidad del recinto.<\/p>\n\n\n\n<p>\u00abParte de la pluralidad, de igual manera hay que ganarse la confianza de todas las compa\u00f1eras y compa\u00f1eros diputados.<\/p>\n\n\n\n<p>Desde la Presidencia es importante velar por los intereses del Congreso y que haya un debate con mucho respeto y que la pluralidad exista\u00bb, asever\u00f3.<\/p>\n\n\n\n<p>\u200bSobre la posibilidad de entablar puentes directos con los legisladores de oposici\u00f3n, enfatiz\u00f3 que la comunicaci\u00f3n resulta indispensable en la labor pol\u00edtica.<\/p>\n\n\n\n<p>\u00abEl di\u00e1logo debe existir. El arte de la pol\u00edtica es di\u00e1logo, acuerdo, entendimiento, y por eso vamos a velar porque cada uno de los diputados que representa a los ciudadanos tenga su espacio de debate, pero sobre todo con mucho respeto. Este Pleno, el Congreso, merece todo el respeto\u00bb, afirm\u00f3.<\/p>\n\n\n\n<p>\u200bEn otro orden de ideas, sobre los se\u00f1alamientos de Movimiento Ciudadano en contra de la Gobernadora, refiri\u00f3 que hizo un v\u00eddeo en sus redes sociales donde dej\u00f3 claro que corresponde a la Fiscal\u00eda General del Estado hacer las investigaciones.<\/p>\n\n\n\n<p>\u00abPero pues que se investigue si hay pruebas, que se presenten. Yo creo que el mensaje es muy claro y lo que no se gana en tribunales no se puede ganar en la opini\u00f3n p\u00fablica.<\/p>\n\n\n\n<p>Existe la Ley, existe el Estado de Derecho y eso es lo que marca la pauta\u00bb, subray\u00f3.<\/p>\n\n\n\n<p>\u200bFinalmente, sobre la propuesta de la Gobernadora para prohibir el uso de celulares en ciertos espacios, Aguilar Castillo aclar\u00f3 que la Mesa Directiva que encabezar\u00e1 a\u00fan no recibe el documento formal.<\/p>\n\n\n\n<p>\u00abNo, todav\u00eda no, apenas vamos a tomar la presidencia y bueno vamos a estar muy pendientes.<\/p>\n\n\n\n<p>Obviamente total apertura para ustedes que son los medios de comunicaci\u00f3n y que ustedes hacen que llegue nuestro mensaje a cada uno de los ciudadanos, que el inter\u00e9s p\u00fablico llegue a trav\u00e9s de ustedes\u00bb, concluy\u00f3.<\/p>\n\n\n\n<p>Hay que referir que el l\u00edder moral de Movimiento Ciudadano, Dante Delgado Rannauro, se\u00f1al\u00f3 a la gobernadora Roc\u00edo Nahle Garc\u00eda de usar a las instituciones para perseguir adversarios pol\u00edticos.<\/p>\n\n\n\n<p>Al reaperecer hace unos d\u00edas, el exgobernador sostuvo que la justicia est\u00e1 sometida a los intereses del poder.<\/p>\n\n\n\n<p>Y aunque el partidos en el poder ha cambiado a lo largo de los sexenios, la pr\u00e1ctica de utilizar las instituciones con fines pol\u00edticos no ha cambiado.<\/p>\n\n\n\n<p><\/p>\n","protected":false},"excerpt":{"rendered":"<p>\u00c1ngeles Gonz\u00e1lez Ceballos \u200bLuego de ser elegido como el nuevo presidente de la Mesa Directiva del Congreso del Estado, el diputado Luis Vicente Aguilar Castillo, afirm\u00f3 que los votos en su contra responden directamente a la diversidad pol\u00edtica dentro del Poder Legislativo. \u200bCuestionado sobre c\u00f3mo asume la responsabilidad del cargo y cu\u00e1les son las prioridades [&hellip;]<\/p>\n","protected":false},"author":2,"featured_media":173772,"comment_status":"closed","ping_status":"closed","sticky":false,"template":"","format":"standard","meta":{"tdm_status":"","tdm_grid_status":"","footnotes":""},"categories":[6446],"tags":[393,47108],"class_list":{"0":"post-179658","1":"post","2":"type-post","3":"status-publish","4":"format-standard","5":"has-post-thumbnail","7":"category-la-nota","8":"tag-congreso-de-veracruz","9":"tag-vicente-aguilar-castillo"},"yoast_head":"<!-- This site is optimized with the Yoast SEO plugin v28.1 - https:\/\/yoast.com\/product\/yoast-seo-wordpress\/ -->\n<title>CHENT\u00cdN, EL NUEVO PRESI - Los pol\u00edticos Veracruz<\/title>\n<meta name=\"robots\" content=\"index, follow, max-snippet:-1, max-image-preview:large, max-video-preview:-1\" \/>\n<link rel=\"canonical\" href=\"https:\/\/lospoliticosveracruz.com\/?p=179658\" \/>\n<meta property=\"og:locale\" content=\"es_ES\" \/>\n<meta property=\"og:type\" content=\"article\" \/>\n<meta property=\"og:title\" content=\"CHENT\u00cdN, EL NUEVO PRESI - Los pol\u00edticos Veracruz\" \/>\n<meta property=\"og:description\" content=\"\u00c1ngeles Gonz\u00e1lez Ceballos \u200bLuego de ser elegido como el nuevo presidente de la Mesa Directiva del Congreso del Estado, el diputado Luis Vicente Aguilar Castillo, afirm\u00f3 que los votos en su contra responden directamente a la diversidad pol\u00edtica dentro del Poder Legislativo. \u200bCuestionado sobre c\u00f3mo asume la responsabilidad del cargo y cu\u00e1les son las prioridades [&hellip;]\" \/>\n<meta property=\"og:url\" content=\"https:\/\/lospoliticosveracruz.com\/?p=179658\" \/>\n<meta property=\"og:site_name\" content=\"Los pol\u00edticos Veracruz\" \/>\n<meta property=\"article:publisher\" content=\"https:\/\/www.facebook.com\/people\/Notimemes-de-los-Polticos\/61565672886568\/\" \/>\n<meta property=\"article:published_time\" content=\"2026-08-31T19:59:08+00:00\" \/>\n<meta property=\"article:modified_time\" content=\"2026-08-31T19:59:10+00:00\" \/>\n<meta property=\"og:image\" content=\"https:\/\/lospoliticosveracruz.com\/wp-content\/uploads\/2026\/06\/Luis-Vicente-Aguilar-Castillo.jpg\" \/>\n\t<meta property=\"og:image:width\" content=\"600\" \/>\n\t<meta property=\"og:image:height\" content=\"320\" \/>\n\t<meta property=\"og:image:type\" content=\"image\/jpeg\" \/>\n<meta name=\"author\" content=\"Lo viste en Los Pol\u00edticos\" \/>\n<meta name=\"twitter:card\" content=\"summary_large_image\" \/>\n<meta name=\"twitter:creator\" content=\"@LosPoliticosVer\" \/>\n<meta name=\"twitter:site\" content=\"@LosPoliticosVer\" \/>\n<meta name=\"twitter:label1\" content=\"Escrito por\" \/>\n\t<meta name=\"twitter:data1\" content=\"Lo viste en Los Pol\u00edticos\" \/>\n\t<meta name=\"twitter:label2\" content=\"Tiempo de lectura\" \/>\n\t<meta name=\"twitter:data2\" content=\"3 minutos\" \/>\n<script type=\"application\/ld+json\" class=\"yoast-schema-graph\">{\"@context\":\"https:\\\/\\\/schema.org\",\"@graph\":[{\"@type\":\"Article\",\"@id\":\"https:\\\/\\\/lospoliticosveracruz.com\\\/?p=179658#article\",\"isPartOf\":{\"@id\":\"https:\\\/\\\/lospoliticosveracruz.com\\\/?p=179658\"},\"author\":{\"name\":\"Lo viste en Los Pol\u00edticos\",\"@id\":\"https:\\\/\\\/lospoliticosveracruz.com\\\/#\\\/schema\\\/person\\\/b8702bb0e538456e6efd07080bf2a4a2\"},\"headline\":\"CHENT\u00cdN, EL NUEVO PRESI\",\"datePublished\":\"2026-08-31T19:59:08+00:00\",\"dateModified\":\"2026-08-31T19:59:10+00:00\",\"mainEntityOfPage\":{\"@id\":\"https:\\\/\\\/lospoliticosveracruz.com\\\/?p=179658\"},\"wordCount\":611,\"publisher\":{\"@id\":\"https:\\\/\\\/lospoliticosveracruz.com\\\/#organization\"},\"image\":{\"@id\":\"https:\\\/\\\/lospoliticosveracruz.com\\\/?p=179658#primaryimage\"},\"thumbnailUrl\":\"https:\\\/\\\/lospoliticosveracruz.com\\\/wp-content\\\/uploads\\\/2026\\\/06\\\/Luis-Vicente-Aguilar-Castillo.jpg\",\"keywords\":[\"Congreso de Veracruz\",\"Vicente Aguilar Castillo\"],\"articleSection\":[\"La Nota\"],\"inLanguage\":\"es\"},{\"@type\":\"WebPage\",\"@id\":\"https:\\\/\\\/lospoliticosveracruz.com\\\/?p=179658\",\"url\":\"https:\\\/\\\/lospoliticosveracruz.com\\\/?p=179658\",\"name\":\"CHENT\u00cdN, EL NUEVO PRESI - Los pol\u00edticos Veracruz\",\"isPartOf\":{\"@id\":\"https:\\\/\\\/lospoliticosveracruz.com\\\/#website\"},\"primaryImageOfPage\":{\"@id\":\"https:\\\/\\\/lospoliticosveracruz.com\\\/?p=179658#primaryimage\"},\"image\":{\"@id\":\"https:\\\/\\\/lospoliticosveracruz.com\\\/?p=179658#primaryimage\"},\"thumbnailUrl\":\"https:\\\/\\\/lospoliticosveracruz.com\\\/wp-content\\\/uploads\\\/2026\\\/06\\\/Luis-Vicente-Aguilar-Castillo.jpg\",\"datePublished\":\"2026-08-31T19:59:08+00:00\",\"dateModified\":\"2026-08-31T19:59:10+00:00\",\"breadcrumb\":{\"@id\":\"https:\\\/\\\/lospoliticosveracruz.com\\\/?p=179658#breadcrumb\"},\"inLanguage\":\"es\",\"potentialAction\":[{\"@type\":\"ReadAction\",\"target\":[\"https:\\\/\\\/lospoliticosveracruz.com\\\/?p=179658\"]}]},{\"@type\":\"ImageObject\",\"inLanguage\":\"es\",\"@id\":\"https:\\\/\\\/lospoliticosveracruz.com\\\/?p=179658#primaryimage\",\"url\":\"https:\\\/\\\/lospoliticosveracruz.com\\\/wp-content\\\/uploads\\\/2026\\\/06\\\/Luis-Vicente-Aguilar-Castillo.jpg\",\"contentUrl\":\"https:\\\/\\\/lospoliticosveracruz.com\\\/wp-content\\\/uploads\\\/2026\\\/06\\\/Luis-Vicente-Aguilar-Castillo.jpg\",\"width\":600,\"height\":320},{\"@type\":\"BreadcrumbList\",\"@id\":\"https:\\\/\\\/lospoliticosveracruz.com\\\/?p=179658#breadcrumb\",\"itemListElement\":[{\"@type\":\"ListItem\",\"position\":1,\"name\":\"Portada\",\"item\":\"https:\\\/\\\/lospoliticosveracruz.com\\\/\"},{\"@type\":\"ListItem\",\"position\":2,\"name\":\"CHENT\u00cdN, EL NUEVO PRESI\"}]},{\"@type\":\"WebSite\",\"@id\":\"https:\\\/\\\/lospoliticosveracruz.com\\\/#website\",\"url\":\"https:\\\/\\\/lospoliticosveracruz.com\\\/\",\"name\":\"Los pol\u00edticos Veracruz\",\"description\":\"\",\"publisher\":{\"@id\":\"https:\\\/\\\/lospoliticosveracruz.com\\\/#organization\"},\"potentialAction\":[{\"@type\":\"SearchAction\",\"target\":{\"@type\":\"EntryPoint\",\"urlTemplate\":\"https:\\\/\\\/lospoliticosveracruz.com\\\/?s={search_term_string}\"},\"query-input\":{\"@type\":\"PropertyValueSpecification\",\"valueRequired\":true,\"valueName\":\"search_term_string\"}}],\"inLanguage\":\"es\"},{\"@type\":\"Organization\",\"@id\":\"https:\\\/\\\/lospoliticosveracruz.com\\\/#organization\",\"name\":\"Los pol\u00edticos Veracruz\",\"url\":\"https:\\\/\\\/lospoliticosveracruz.com\\\/\",\"logo\":{\"@type\":\"ImageObject\",\"inLanguage\":\"es\",\"@id\":\"https:\\\/\\\/lospoliticosveracruz.com\\\/#\\\/schema\\\/logo\\\/image\\\/\",\"url\":\"https:\\\/\\\/lospoliticosveracruz.com\\\/wp-content\\\/uploads\\\/2025\\\/12\\\/Logo-Nuevo-LOS-POLITICOS-1.jpg\",\"contentUrl\":\"https:\\\/\\\/lospoliticosveracruz.com\\\/wp-content\\\/uploads\\\/2025\\\/12\\\/Logo-Nuevo-LOS-POLITICOS-1.jpg\",\"width\":260,\"height\":70,\"caption\":\"Los pol\u00edticos Veracruz\"},\"image\":{\"@id\":\"https:\\\/\\\/lospoliticosveracruz.com\\\/#\\\/schema\\\/logo\\\/image\\\/\"},\"sameAs\":[\"https:\\\/\\\/www.facebook.com\\\/people\\\/Notimemes-de-los-Polticos\\\/61565672886568\\\/\",\"https:\\\/\\\/x.com\\\/LosPoliticosVer\"]},{\"@type\":\"Person\",\"@id\":\"https:\\\/\\\/lospoliticosveracruz.com\\\/#\\\/schema\\\/person\\\/b8702bb0e538456e6efd07080bf2a4a2\",\"name\":\"Lo viste en Los Pol\u00edticos\",\"image\":{\"@type\":\"ImageObject\",\"inLanguage\":\"es\",\"@id\":\"https:\\\/\\\/secure.gravatar.com\\\/avatar\\\/3a8de04a2656d44082be478bd6c086daa447c4651605818287b9532d3d0bd435?s=96&d=mm&r=g\",\"url\":\"https:\\\/\\\/secure.gravatar.com\\\/avatar\\\/3a8de04a2656d44082be478bd6c086daa447c4651605818287b9532d3d0bd435?s=96&d=mm&r=g\",\"contentUrl\":\"https:\\\/\\\/secure.gravatar.com\\\/avatar\\\/3a8de04a2656d44082be478bd6c086daa447c4651605818287b9532d3d0bd435?s=96&d=mm&r=g\",\"caption\":\"Lo viste en Los Pol\u00edticos\"},\"url\":\"https:\\\/\\\/lospoliticosveracruz.com\\\/?author=2\"}]}<\/script>\n<!-- \/ Yoast SEO plugin. -->","yoast_head_json":{"title":"CHENT\u00cdN, EL NUEVO PRESI - Los pol\u00edticos Veracruz","robots":{"index":"index","follow":"follow","max-snippet":"max-snippet:-1","max-image-preview":"max-image-preview:large","max-video-preview":"max-video-preview:-1"},"canonical":"https:\/\/lospoliticosveracruz.com\/?p=179658","og_locale":"es_ES","og_type":"article","og_title":"CHENT\u00cdN, EL NUEVO PRESI - Los pol\u00edticos Veracruz","og_description":"\u00c1ngeles Gonz\u00e1lez Ceballos \u200bLuego de ser elegido como el nuevo presidente de la Mesa Directiva del Congreso del Estado, el diputado Luis Vicente Aguilar Castillo, afirm\u00f3 que los votos en su contra responden directamente a la diversidad pol\u00edtica dentro del Poder Legislativo. \u200bCuestionado sobre c\u00f3mo asume la responsabilidad del cargo y cu\u00e1les son las prioridades [&hellip;]","og_url":"https:\/\/lospoliticosveracruz.com\/?p=179658","og_site_name":"Los pol\u00edticos Veracruz","article_publisher":"https:\/\/www.facebook.com\/people\/Notimemes-de-los-Polticos\/61565672886568\/","article_published_time":"2026-08-31T19:59:08+00:00","article_modified_time":"2026-08-31T19:59:10+00:00","og_image":[{"width":600,"height":320,"url":"https:\/\/lospoliticosveracruz.com\/wp-content\/uploads\/2026\/06\/Luis-Vicente-Aguilar-Castillo.jpg","type":"image\/jpeg"}],"author":"Lo viste en Los Pol\u00edticos","twitter_card":"summary_large_image","twitter_creator":"@LosPoliticosVer","twitter_site":"@LosPoliticosVer","twitter_misc":{"Escrito por":"Lo viste en Los Pol\u00edticos","Tiempo de lectura":"3 minutos"},"schema":{"@context":"https:\/\/schema.org","@graph":[{"@type":"Article","@id":"https:\/\/lospoliticosveracruz.com\/?p=179658#article","isPartOf":{"@id":"https:\/\/lospoliticosveracruz.com\/?p=179658"},"author":{"name":"Lo viste en Los Pol\u00edticos","@id":"https:\/\/lospoliticosveracruz.com\/#\/schema\/person\/b8702bb0e538456e6efd07080bf2a4a2"},"headline":"CHENT\u00cdN, EL NUEVO PRESI","datePublished":"2026-08-31T19:59:08+00:00","dateModified":"2026-08-31T19:59:10+00:00","mainEntityOfPage":{"@id":"https:\/\/lospoliticosveracruz.com\/?p=179658"},"wordCount":611,"publisher":{"@id":"https:\/\/lospoliticosveracruz.com\/#organization"},"image":{"@id":"https:\/\/lospoliticosveracruz.com\/?p=179658#primaryimage"},"thumbnailUrl":"https:\/\/lospoliticosveracruz.com\/wp-content\/uploads\/2026\/06\/Luis-Vicente-Aguilar-Castillo.jpg","keywords":["Congreso de Veracruz","Vicente Aguilar Castillo"],"articleSection":["La Nota"],"inLanguage":"es"},{"@type":"WebPage","@id":"https:\/\/lospoliticosveracruz.com\/?p=179658","url":"https:\/\/lospoliticosveracruz.com\/?p=179658","name":"CHENT\u00cdN, EL NUEVO PRESI - Los pol\u00edticos Veracruz","isPartOf":{"@id":"https:\/\/lospoliticosveracruz.com\/#website"},"primaryImageOfPage":{"@id":"https:\/\/lospoliticosveracruz.com\/?p=179658#primaryimage"},"image":{"@id":"https:\/\/lospoliticosveracruz.com\/?p=179658#primaryimage"},"thumbnailUrl":"https:\/\/lospoliticosveracruz.com\/wp-content\/uploads\/2026\/06\/Luis-Vicente-Aguilar-Castillo.jpg","datePublished":"2026-08-31T19:59:08+00:00","dateModified":"2026-08-31T19:59:10+00:00","breadcrumb":{"@id":"https:\/\/lospoliticosveracruz.com\/?p=179658#breadcrumb"},"inLanguage":"es","potentialAction":[{"@type":"ReadAction","target":["https:\/\/lospoliticosveracruz.com\/?p=179658"]}]},{"@type":"ImageObject","inLanguage":"es","@id":"https:\/\/lospoliticosveracruz.com\/?p=179658#primaryimage","url":"https:\/\/lospoliticosveracruz.com\/wp-content\/uploads\/2026\/06\/Luis-Vicente-Aguilar-Castillo.jpg","contentUrl":"https:\/\/lospoliticosveracruz.com\/wp-content\/uploads\/2026\/06\/Luis-Vicente-Aguilar-Castillo.jpg","width":600,"height":320},{"@type":"BreadcrumbList","@id":"https:\/\/lospoliticosveracruz.com\/?p=179658#breadcrumb","itemListElement":[{"@type":"ListItem","position":1,"name":"Portada","item":"https:\/\/lospoliticosveracruz.com\/"},{"@type":"ListItem","position":2,"name":"CHENT\u00cdN, EL NUEVO PRESI"}]},{"@type":"WebSite","@id":"https:\/\/lospoliticosveracruz.com\/#website","url":"https:\/\/lospoliticosveracruz.com\/","name":"Los pol\u00edticos Veracruz","description":"","publisher":{"@id":"https:\/\/lospoliticosveracruz.com\/#organization"},"potentialAction":[{"@type":"SearchAction","target":{"@type":"EntryPoint","urlTemplate":"https:\/\/lospoliticosveracruz.com\/?s={search_term_string}"},"query-input":{"@type":"PropertyValueSpecification","valueRequired":true,"valueName":"search_term_string"}}],"inLanguage":"es"},{"@type":"Organization","@id":"https:\/\/lospoliticosveracruz.com\/#organization","name":"Los pol\u00edticos Veracruz","url":"https:\/\/lospoliticosveracruz.com\/","logo":{"@type":"ImageObject","inLanguage":"es","@id":"https:\/\/lospoliticosveracruz.com\/#\/schema\/logo\/image\/","url":"https:\/\/lospoliticosveracruz.com\/wp-content\/uploads\/2025\/12\/Logo-Nuevo-LOS-POLITICOS-1.jpg","contentUrl":"https:\/\/lospoliticosveracruz.com\/wp-content\/uploads\/2025\/12\/Logo-Nuevo-LOS-POLITICOS-1.jpg","width":260,"height":70,"caption":"Los pol\u00edticos Veracruz"},"image":{"@id":"https:\/\/lospoliticosveracruz.com\/#\/schema\/logo\/image\/"},"sameAs":["https:\/\/www.facebook.com\/people\/Notimemes-de-los-Polticos\/61565672886568\/","https:\/\/x.com\/LosPoliticosVer"]},{"@type":"Person","@id":"https:\/\/lospoliticosveracruz.com\/#\/schema\/person\/b8702bb0e538456e6efd07080bf2a4a2","name":"Lo viste en Los Pol\u00edticos","image":{"@type":"ImageObject","inLanguage":"es","@id":"https:\/\/secure.gravatar.com\/avatar\/3a8de04a2656d44082be478bd6c086daa447c4651605818287b9532d3d0bd435?s=96&d=mm&r=g","url":"https:\/\/secure.gravatar.com\/avatar\/3a8de04a2656d44082be478bd6c086daa447c4651605818287b9532d3d0bd435?s=96&d=mm&r=g","contentUrl":"https:\/\/secure.gravatar.com\/avatar\/3a8de04a2656d44082be478bd6c086daa447c4651605818287b9532d3d0bd435?s=96&d=mm&r=g","caption":"Lo viste en Los Pol\u00edticos"},"url":"https:\/\/lospoliticosveracruz.com\/?author=2"}]}},"_links":{"self":[{"href":"https:\/\/lospoliticosveracruz.com\/index.php?rest_route=\/wp\/v2\/posts\/179658","targetHints":{"allow":["GET"]}}],"collection":[{"href":"https:\/\/lospoliticosveracruz.com\/index.php?rest_route=\/wp\/v2\/posts"}],"about":[{"href":"https:\/\/lospoliticosveracruz.com\/index.php?rest_route=\/wp\/v2\/types\/post"}],"author":[{"embeddable":true,"href":"https:\/\/lospoliticosveracruz.com\/index.php?rest_route=\/wp\/v2\/users\/2"}],"replies":[{"embeddable":true,"href":"https:\/\/lospoliticosveracruz.com\/index.php?rest_route=%2Fwp%2Fv2%2Fcomments&post=179658"}],"version-history":[{"count":1,"href":"https:\/\/lospoliticosveracruz.com\/index.php?rest_route=\/wp\/v2\/posts\/179658\/revisions"}],"predecessor-version":[{"id":179659,"href":"https:\/\/lospoliticosveracruz.com\/index.php?rest_route=\/wp\/v2\/posts\/179658\/revisions\/179659"}],"wp:featuredmedia":[{"embeddable":true,"href":"https:\/\/lospoliticosveracruz.com\/index.php?rest_route=\/wp\/v2\/media\/173772"}],"wp:attachment":[{"href":"https:\/\/lospoliticosveracruz.com\/index.php?rest_route=%2Fwp%2Fv2%2Fmedia&parent=179658"}],"wp:term":[{"taxonomy":"category","embeddable":true,"href":"https:\/\/lospoliticosveracruz.com\/index.php?rest_route=%2Fwp%2Fv2%2Fcategories&post=179658"},{"taxonomy":"post_tag","embeddable":true,"href":"https:\/\/lospoliticosveracruz.com\/index.php?rest_route=%2Fwp%2Fv2%2Ftags&post=179658"}],"curies":[{"name":"wp","href":"https:\/\/api.w.org\/{rel}","templated":true}]}}