{"id":179665,"date":"2026-08-31T14:13:36","date_gmt":"2026-08-31T20:13:36","guid":{"rendered":"https:\/\/lospoliticosveracruz.com\/?p=179665"},"modified":"2026-08-31T15:48:37","modified_gmt":"2026-08-31T21:48:37","slug":"daniela-abre-con-todo-el-regreso-a-clases","status":"publish","type":"post","link":"https:\/\/lospoliticosveracruz.com\/?p=179665","title":{"rendered":"DANIELA ABRE CON TODO EL REGRESO A CLASES!"},"content":{"rendered":"<div class=\"wp-block-image\">\n<figure class=\"alignleft size-large is-resized\"><a href=\"https:\/\/lospoliticosveracruz.com\/wp-content\/uploads\/2026\/08\/Tu-Plan-Xalapa.jpg\"><img loading=\"lazy\" decoding=\"async\" width=\"1024\" height=\"854\" src=\"https:\/\/lospoliticosveracruz.com\/wp-content\/uploads\/2026\/08\/Tu-Plan-Xalapa-1024x854.jpg\" alt=\"\" class=\"wp-image-177789\" style=\"width:421px;height:auto\" srcset=\"https:\/\/lospoliticosveracruz.com\/wp-content\/uploads\/2026\/08\/Tu-Plan-Xalapa-1024x854.jpg 1024w, https:\/\/lospoliticosveracruz.com\/wp-content\/uploads\/2026\/08\/Tu-Plan-Xalapa-300x250.jpg 300w, https:\/\/lospoliticosveracruz.com\/wp-content\/uploads\/2026\/08\/Tu-Plan-Xalapa-768x640.jpg 768w, https:\/\/lospoliticosveracruz.com\/wp-content\/uploads\/2026\/08\/Tu-Plan-Xalapa-504x420.jpg 504w, https:\/\/lospoliticosveracruz.com\/wp-content\/uploads\/2026\/08\/Tu-Plan-Xalapa-150x125.jpg 150w, https:\/\/lospoliticosveracruz.com\/wp-content\/uploads\/2026\/08\/Tu-Plan-Xalapa-696x580.jpg 696w, https:\/\/lospoliticosveracruz.com\/wp-content\/uploads\/2026\/08\/Tu-Plan-Xalapa-1068x890.jpg 1068w, https:\/\/lospoliticosveracruz.com\/wp-content\/uploads\/2026\/08\/Tu-Plan-Xalapa.jpg 1400w\" sizes=\"auto, (max-width: 1024px) 100vw, 1024px\" \/><\/a><\/figure>\n<\/div>\n\n\n<p>Esta Administraci\u00f3n tiene un compromiso con la educaci\u00f3n, ya que es un factor fundamental para el desarrollo de la ni\u00f1ez y la sociedad. Por ello, este a\u00f1o invertiremos 22 millones de pesos en infraestructura escolar, destac\u00f3 la Alcaldesa, Lic. Daniela Griego Ceballos, durante la entrega de un aula en el Jard\u00edn de Ni\u00f1os \u201cTeresa Pe\u00f1afiel de Hern\u00e1ndez\u201d, en la colonia Magisterial.<\/p>\n\n\n\n<p>Acompa\u00f1ada por el S\u00edndico \u00danico, Dr. Marco Aurelio Mart\u00ednez S\u00e1nchez, la Presidenta Municipal detall\u00f3 que se llevar\u00e1n a cabo 11 acciones de infraestructura educativa, que incluyen la construcci\u00f3n de tres aulas, cuatro domos, una barda perimetral, dos m\u00f3dulos para servicios sanitarios y la renovaci\u00f3n de la instalaci\u00f3n el\u00e9ctrica de la Primaria \u201cSalvador D\u00edaz Mir\u00f3n\u201d.<\/p>\n\n\n\n<p>Ante el Regidor Cuarto, Lic. Alfonso Osegueda Cruz; la Regidora Quinta, Dra. Raquel Rosal\u00eda Casta\u00f1eda Gonz\u00e1lez, y el Secretario del Ayuntamiento, Mtro. V\u00edctor Hugo Meza Cruz, explic\u00f3 que en este plantel se efectu\u00f3 una inversi\u00f3n de m\u00e1s de 750 mil pesos.<\/p>\n\n\n\n<p>Se trata de la obra n\u00famero 20 de la Administraci\u00f3n y primera de infraestructura escolar, ya que adem\u00e1s de la construcci\u00f3n del aula se efectuaron obras complementarias y de mantenimiento integral, a fin de brindar espacios dignos y seguros para el bienestar de las ni\u00f1as y ni\u00f1os.<\/p>\n\n\n\n<p>El Director de Obras P\u00fablicas, Arq. Manuel Almaz\u00e1n Caudillo, precis\u00f3 que el aula de 50 metros cuadrados dispone de los elementos t\u00e9cnicos y cumple con los criterios de seguridad, funcionalidad y durabilidad.<\/p>\n\n\n\n<p>Aunado a ello, personal del \u00e1rea de Imagen Urbana realiz\u00f3 acciones de mantenimiento general, que incluyeron la reubicaci\u00f3n y rehabilitaci\u00f3n de los juegos infantiles, aplicaci\u00f3n de pintura, la mejora de 450 metros cuadrados de la barda perimetral, fachada, gradas, columnas, la cancha de usos m\u00faltiples, la limpieza e impermeabilizaci\u00f3n de la cubierta, reparaci\u00f3n y desazolve de infraestructura pluvial, entre otras acciones, para mejorar y dignificar las condiciones del plantel.<\/p>\n\n\n\n<p>Asimismo, reconoci\u00f3 el compromiso de la empresa constructora que concluy\u00f3 la obra casi tres semanas antes de lo programado.<\/p>\n\n\n\n<p>La Directora del Jard\u00edn de Ni\u00f1os, Lic. Karla Ruiz Vargas, agradeci\u00f3 a las autoridades municipales el invaluable apoyo hacia la comunidad educativa y entreg\u00f3 un reconocimiento a la Alcaldesa, pues despu\u00e9s de 26 a\u00f1os se construy\u00f3 otra aula en el plantel, lo que favorecer\u00e1 el aprendizaje y desarrollo integral del alumnado, al contar con un espacio digno, seguro y un mejor entorno escolar.<\/p>\n\n\n\n<p>Al evento tambi\u00e9n asistieron la Subdirectora de Ejecuci\u00f3n y Supervisi\u00f3n de Obra, Ing. Alejandra Alc\u00e1ntara L\u00f3pez; el Director de Participaci\u00f3n Ciudadana, Lic. Augusto C\u00e9sar Cant\u00fa Uscanga; la Presidenta del Comit\u00e9 de Contralor\u00eda Social, Eva Mar\u00eda Ascencio Rodr\u00edguez; autoridades educativas; personal docente y administrativo, as\u00ed como madres y padres de familia.<\/p>\n\n\n\n<p><\/p>\n","protected":false},"excerpt":{"rendered":"<p>Esta Administraci\u00f3n tiene un compromiso con la educaci\u00f3n, ya que es un factor fundamental para el desarrollo de la ni\u00f1ez y la sociedad. Por ello, este a\u00f1o invertiremos 22 millones de pesos en infraestructura escolar, destac\u00f3 la Alcaldesa, Lic. Daniela Griego Ceballos, durante la entrega de un aula en el Jard\u00edn de Ni\u00f1os \u201cTeresa Pe\u00f1afiel [&hellip;]<\/p>\n","protected":false},"author":2,"featured_media":179666,"comment_status":"closed","ping_status":"closed","sticky":false,"template":"","format":"standard","meta":{"tdm_status":"","tdm_grid_status":"","footnotes":""},"categories":[52572],"tags":[5622,52339,1030,4687,70952,6287,5899,96],"class_list":{"0":"post-179665","1":"post","2":"type-post","3":"status-publish","4":"format-standard","5":"has-post-thumbnail","7":"category-desdelaatenas","8":"tag-daniela-griego","9":"tag-daniela-griego-alcaldesa","10":"tag-educacion","11":"tag-escuelas","12":"tag-infraestructura-escolar","13":"tag-obra-publica","14":"tag-regreso-a-clases","15":"tag-xalapa"},"yoast_head":"<!-- This site is optimized with the Yoast SEO plugin v28.1 - https:\/\/yoast.com\/product\/yoast-seo-wordpress\/ -->\n<title>DANIELA ABRE CON TODO EL REGRESO A CLASES! - Los pol\u00edticos Veracruz<\/title>\n<meta name=\"robots\" content=\"index, follow, max-snippet:-1, max-image-preview:large, max-video-preview:-1\" \/>\n<link rel=\"canonical\" href=\"https:\/\/lospoliticosveracruz.com\/?p=179665\" \/>\n<meta property=\"og:locale\" content=\"es_ES\" \/>\n<meta property=\"og:type\" content=\"article\" \/>\n<meta property=\"og:title\" content=\"DANIELA ABRE CON TODO EL REGRESO A CLASES! - Los pol\u00edticos Veracruz\" \/>\n<meta property=\"og:description\" content=\"Esta Administraci\u00f3n tiene un compromiso con la educaci\u00f3n, ya que es un factor fundamental para el desarrollo de la ni\u00f1ez y la sociedad. Por ello, este a\u00f1o invertiremos 22 millones de pesos en infraestructura escolar, destac\u00f3 la Alcaldesa, Lic. Daniela Griego Ceballos, durante la entrega de un aula en el Jard\u00edn de Ni\u00f1os \u201cTeresa Pe\u00f1afiel [&hellip;]\" \/>\n<meta property=\"og:url\" content=\"https:\/\/lospoliticosveracruz.com\/?p=179665\" \/>\n<meta property=\"og:site_name\" content=\"Los pol\u00edticos Veracruz\" \/>\n<meta property=\"article:publisher\" content=\"https:\/\/www.facebook.com\/people\/Notimemes-de-los-Polticos\/61565672886568\/\" \/>\n<meta property=\"article:published_time\" content=\"2026-08-31T20:13:36+00:00\" \/>\n<meta property=\"article:modified_time\" content=\"2026-08-31T21:48:37+00:00\" \/>\n<meta property=\"og:image\" content=\"https:\/\/lospoliticosveracruz.com\/wp-content\/uploads\/2026\/08\/IMG_4546.jpeg\" \/>\n\t<meta property=\"og:image:width\" content=\"600\" \/>\n\t<meta property=\"og:image:height\" content=\"320\" \/>\n\t<meta property=\"og:image:type\" content=\"image\/jpeg\" \/>\n<meta name=\"author\" content=\"Lo viste en Los Pol\u00edticos\" \/>\n<meta name=\"twitter:card\" content=\"summary_large_image\" \/>\n<meta name=\"twitter:creator\" content=\"@LosPoliticosVer\" \/>\n<meta name=\"twitter:site\" content=\"@LosPoliticosVer\" \/>\n<meta name=\"twitter:label1\" content=\"Escrito por\" \/>\n\t<meta name=\"twitter:data1\" content=\"Lo viste en Los Pol\u00edticos\" \/>\n\t<meta name=\"twitter:label2\" content=\"Tiempo de lectura\" \/>\n\t<meta name=\"twitter:data2\" content=\"5 minutos\" \/>\n<script type=\"application\/ld+json\" class=\"yoast-schema-graph\">{\"@context\":\"https:\\\/\\\/schema.org\",\"@graph\":[{\"@type\":\"Article\",\"@id\":\"https:\\\/\\\/lospoliticosveracruz.com\\\/?p=179665#article\",\"isPartOf\":{\"@id\":\"https:\\\/\\\/lospoliticosveracruz.com\\\/?p=179665\"},\"author\":{\"name\":\"Lo viste en Los Pol\u00edticos\",\"@id\":\"https:\\\/\\\/lospoliticosveracruz.com\\\/#\\\/schema\\\/person\\\/b8702bb0e538456e6efd07080bf2a4a2\"},\"headline\":\"DANIELA ABRE CON TODO EL REGRESO A CLASES!\",\"datePublished\":\"2026-08-31T20:13:36+00:00\",\"dateModified\":\"2026-08-31T21:48:37+00:00\",\"mainEntityOfPage\":{\"@id\":\"https:\\\/\\\/lospoliticosveracruz.com\\\/?p=179665\"},\"wordCount\":492,\"publisher\":{\"@id\":\"https:\\\/\\\/lospoliticosveracruz.com\\\/#organization\"},\"image\":{\"@id\":\"https:\\\/\\\/lospoliticosveracruz.com\\\/?p=179665#primaryimage\"},\"thumbnailUrl\":\"https:\\\/\\\/lospoliticosveracruz.com\\\/wp-content\\\/uploads\\\/2026\\\/08\\\/IMG_4546.jpeg\",\"keywords\":[\"Daniela Griego\",\"Daniela Griego alcaldesa\",\"educaci\u00f3n\",\"Escuelas\",\"infraestructura escolar\",\"Obra p\u00fablica\",\"Regreso a clases\",\"Xalapa\"],\"articleSection\":[\"Desde La Atenas\"],\"inLanguage\":\"es\"},{\"@type\":\"WebPage\",\"@id\":\"https:\\\/\\\/lospoliticosveracruz.com\\\/?p=179665\",\"url\":\"https:\\\/\\\/lospoliticosveracruz.com\\\/?p=179665\",\"name\":\"DANIELA ABRE CON TODO EL REGRESO A CLASES! - Los pol\u00edticos Veracruz\",\"isPartOf\":{\"@id\":\"https:\\\/\\\/lospoliticosveracruz.com\\\/#website\"},\"primaryImageOfPage\":{\"@id\":\"https:\\\/\\\/lospoliticosveracruz.com\\\/?p=179665#primaryimage\"},\"image\":{\"@id\":\"https:\\\/\\\/lospoliticosveracruz.com\\\/?p=179665#primaryimage\"},\"thumbnailUrl\":\"https:\\\/\\\/lospoliticosveracruz.com\\\/wp-content\\\/uploads\\\/2026\\\/08\\\/IMG_4546.jpeg\",\"datePublished\":\"2026-08-31T20:13:36+00:00\",\"dateModified\":\"2026-08-31T21:48:37+00:00\",\"breadcrumb\":{\"@id\":\"https:\\\/\\\/lospoliticosveracruz.com\\\/?p=179665#breadcrumb\"},\"inLanguage\":\"es\",\"potentialAction\":[{\"@type\":\"ReadAction\",\"target\":[\"https:\\\/\\\/lospoliticosveracruz.com\\\/?p=179665\"]}]},{\"@type\":\"ImageObject\",\"inLanguage\":\"es\",\"@id\":\"https:\\\/\\\/lospoliticosveracruz.com\\\/?p=179665#primaryimage\",\"url\":\"https:\\\/\\\/lospoliticosveracruz.com\\\/wp-content\\\/uploads\\\/2026\\\/08\\\/IMG_4546.jpeg\",\"contentUrl\":\"https:\\\/\\\/lospoliticosveracruz.com\\\/wp-content\\\/uploads\\\/2026\\\/08\\\/IMG_4546.jpeg\",\"width\":600,\"height\":320},{\"@type\":\"BreadcrumbList\",\"@id\":\"https:\\\/\\\/lospoliticosveracruz.com\\\/?p=179665#breadcrumb\",\"itemListElement\":[{\"@type\":\"ListItem\",\"position\":1,\"name\":\"Portada\",\"item\":\"https:\\\/\\\/lospoliticosveracruz.com\\\/\"},{\"@type\":\"ListItem\",\"position\":2,\"name\":\"DANIELA ABRE CON TODO EL REGRESO A CLASES!\"}]},{\"@type\":\"WebSite\",\"@id\":\"https:\\\/\\\/lospoliticosveracruz.com\\\/#website\",\"url\":\"https:\\\/\\\/lospoliticosveracruz.com\\\/\",\"name\":\"Los pol\u00edticos Veracruz\",\"description\":\"\",\"publisher\":{\"@id\":\"https:\\\/\\\/lospoliticosveracruz.com\\\/#organization\"},\"potentialAction\":[{\"@type\":\"SearchAction\",\"target\":{\"@type\":\"EntryPoint\",\"urlTemplate\":\"https:\\\/\\\/lospoliticosveracruz.com\\\/?s={search_term_string}\"},\"query-input\":{\"@type\":\"PropertyValueSpecification\",\"valueRequired\":true,\"valueName\":\"search_term_string\"}}],\"inLanguage\":\"es\"},{\"@type\":\"Organization\",\"@id\":\"https:\\\/\\\/lospoliticosveracruz.com\\\/#organization\",\"name\":\"Los pol\u00edticos Veracruz\",\"url\":\"https:\\\/\\\/lospoliticosveracruz.com\\\/\",\"logo\":{\"@type\":\"ImageObject\",\"inLanguage\":\"es\",\"@id\":\"https:\\\/\\\/lospoliticosveracruz.com\\\/#\\\/schema\\\/logo\\\/image\\\/\",\"url\":\"https:\\\/\\\/lospoliticosveracruz.com\\\/wp-content\\\/uploads\\\/2025\\\/12\\\/Logo-Nuevo-LOS-POLITICOS-1.jpg\",\"contentUrl\":\"https:\\\/\\\/lospoliticosveracruz.com\\\/wp-content\\\/uploads\\\/2025\\\/12\\\/Logo-Nuevo-LOS-POLITICOS-1.jpg\",\"width\":260,\"height\":70,\"caption\":\"Los pol\u00edticos Veracruz\"},\"image\":{\"@id\":\"https:\\\/\\\/lospoliticosveracruz.com\\\/#\\\/schema\\\/logo\\\/image\\\/\"},\"sameAs\":[\"https:\\\/\\\/www.facebook.com\\\/people\\\/Notimemes-de-los-Polticos\\\/61565672886568\\\/\",\"https:\\\/\\\/x.com\\\/LosPoliticosVer\"]},{\"@type\":\"Person\",\"@id\":\"https:\\\/\\\/lospoliticosveracruz.com\\\/#\\\/schema\\\/person\\\/b8702bb0e538456e6efd07080bf2a4a2\",\"name\":\"Lo viste en Los Pol\u00edticos\",\"image\":{\"@type\":\"ImageObject\",\"inLanguage\":\"es\",\"@id\":\"https:\\\/\\\/secure.gravatar.com\\\/avatar\\\/3a8de04a2656d44082be478bd6c086daa447c4651605818287b9532d3d0bd435?s=96&d=mm&r=g\",\"url\":\"https:\\\/\\\/secure.gravatar.com\\\/avatar\\\/3a8de04a2656d44082be478bd6c086daa447c4651605818287b9532d3d0bd435?s=96&d=mm&r=g\",\"contentUrl\":\"https:\\\/\\\/secure.gravatar.com\\\/avatar\\\/3a8de04a2656d44082be478bd6c086daa447c4651605818287b9532d3d0bd435?s=96&d=mm&r=g\",\"caption\":\"Lo viste en Los Pol\u00edticos\"},\"url\":\"https:\\\/\\\/lospoliticosveracruz.com\\\/?author=2\"}]}<\/script>\n<!-- \/ Yoast SEO plugin. -->","yoast_head_json":{"title":"DANIELA ABRE CON TODO EL REGRESO A CLASES! - Los pol\u00edticos Veracruz","robots":{"index":"index","follow":"follow","max-snippet":"max-snippet:-1","max-image-preview":"max-image-preview:large","max-video-preview":"max-video-preview:-1"},"canonical":"https:\/\/lospoliticosveracruz.com\/?p=179665","og_locale":"es_ES","og_type":"article","og_title":"DANIELA ABRE CON TODO EL REGRESO A CLASES! - Los pol\u00edticos Veracruz","og_description":"Esta Administraci\u00f3n tiene un compromiso con la educaci\u00f3n, ya que es un factor fundamental para el desarrollo de la ni\u00f1ez y la sociedad. Por ello, este a\u00f1o invertiremos 22 millones de pesos en infraestructura escolar, destac\u00f3 la Alcaldesa, Lic. Daniela Griego Ceballos, durante la entrega de un aula en el Jard\u00edn de Ni\u00f1os \u201cTeresa Pe\u00f1afiel [&hellip;]","og_url":"https:\/\/lospoliticosveracruz.com\/?p=179665","og_site_name":"Los pol\u00edticos Veracruz","article_publisher":"https:\/\/www.facebook.com\/people\/Notimemes-de-los-Polticos\/61565672886568\/","article_published_time":"2026-08-31T20:13:36+00:00","article_modified_time":"2026-08-31T21:48:37+00:00","og_image":[{"width":600,"height":320,"url":"https:\/\/lospoliticosveracruz.com\/wp-content\/uploads\/2026\/08\/IMG_4546.jpeg","type":"image\/jpeg"}],"author":"Lo viste en Los Pol\u00edticos","twitter_card":"summary_large_image","twitter_creator":"@LosPoliticosVer","twitter_site":"@LosPoliticosVer","twitter_misc":{"Escrito por":"Lo viste en Los Pol\u00edticos","Tiempo de lectura":"5 minutos"},"schema":{"@context":"https:\/\/schema.org","@graph":[{"@type":"Article","@id":"https:\/\/lospoliticosveracruz.com\/?p=179665#article","isPartOf":{"@id":"https:\/\/lospoliticosveracruz.com\/?p=179665"},"author":{"name":"Lo viste en Los Pol\u00edticos","@id":"https:\/\/lospoliticosveracruz.com\/#\/schema\/person\/b8702bb0e538456e6efd07080bf2a4a2"},"headline":"DANIELA ABRE CON TODO EL REGRESO A CLASES!","datePublished":"2026-08-31T20:13:36+00:00","dateModified":"2026-08-31T21:48:37+00:00","mainEntityOfPage":{"@id":"https:\/\/lospoliticosveracruz.com\/?p=179665"},"wordCount":492,"publisher":{"@id":"https:\/\/lospoliticosveracruz.com\/#organization"},"image":{"@id":"https:\/\/lospoliticosveracruz.com\/?p=179665#primaryimage"},"thumbnailUrl":"https:\/\/lospoliticosveracruz.com\/wp-content\/uploads\/2026\/08\/IMG_4546.jpeg","keywords":["Daniela Griego","Daniela Griego alcaldesa","educaci\u00f3n","Escuelas","infraestructura escolar","Obra p\u00fablica","Regreso a clases","Xalapa"],"articleSection":["Desde La Atenas"],"inLanguage":"es"},{"@type":"WebPage","@id":"https:\/\/lospoliticosveracruz.com\/?p=179665","url":"https:\/\/lospoliticosveracruz.com\/?p=179665","name":"DANIELA ABRE CON TODO EL REGRESO A CLASES! - Los pol\u00edticos Veracruz","isPartOf":{"@id":"https:\/\/lospoliticosveracruz.com\/#website"},"primaryImageOfPage":{"@id":"https:\/\/lospoliticosveracruz.com\/?p=179665#primaryimage"},"image":{"@id":"https:\/\/lospoliticosveracruz.com\/?p=179665#primaryimage"},"thumbnailUrl":"https:\/\/lospoliticosveracruz.com\/wp-content\/uploads\/2026\/08\/IMG_4546.jpeg","datePublished":"2026-08-31T20:13:36+00:00","dateModified":"2026-08-31T21:48:37+00:00","breadcrumb":{"@id":"https:\/\/lospoliticosveracruz.com\/?p=179665#breadcrumb"},"inLanguage":"es","potentialAction":[{"@type":"ReadAction","target":["https:\/\/lospoliticosveracruz.com\/?p=179665"]}]},{"@type":"ImageObject","inLanguage":"es","@id":"https:\/\/lospoliticosveracruz.com\/?p=179665#primaryimage","url":"https:\/\/lospoliticosveracruz.com\/wp-content\/uploads\/2026\/08\/IMG_4546.jpeg","contentUrl":"https:\/\/lospoliticosveracruz.com\/wp-content\/uploads\/2026\/08\/IMG_4546.jpeg","width":600,"height":320},{"@type":"BreadcrumbList","@id":"https:\/\/lospoliticosveracruz.com\/?p=179665#breadcrumb","itemListElement":[{"@type":"ListItem","position":1,"name":"Portada","item":"https:\/\/lospoliticosveracruz.com\/"},{"@type":"ListItem","position":2,"name":"DANIELA ABRE CON TODO EL REGRESO A CLASES!"}]},{"@type":"WebSite","@id":"https:\/\/lospoliticosveracruz.com\/#website","url":"https:\/\/lospoliticosveracruz.com\/","name":"Los pol\u00edticos Veracruz","description":"","publisher":{"@id":"https:\/\/lospoliticosveracruz.com\/#organization"},"potentialAction":[{"@type":"SearchAction","target":{"@type":"EntryPoint","urlTemplate":"https:\/\/lospoliticosveracruz.com\/?s={search_term_string}"},"query-input":{"@type":"PropertyValueSpecification","valueRequired":true,"valueName":"search_term_string"}}],"inLanguage":"es"},{"@type":"Organization","@id":"https:\/\/lospoliticosveracruz.com\/#organization","name":"Los pol\u00edticos Veracruz","url":"https:\/\/lospoliticosveracruz.com\/","logo":{"@type":"ImageObject","inLanguage":"es","@id":"https:\/\/lospoliticosveracruz.com\/#\/schema\/logo\/image\/","url":"https:\/\/lospoliticosveracruz.com\/wp-content\/uploads\/2025\/12\/Logo-Nuevo-LOS-POLITICOS-1.jpg","contentUrl":"https:\/\/lospoliticosveracruz.com\/wp-content\/uploads\/2025\/12\/Logo-Nuevo-LOS-POLITICOS-1.jpg","width":260,"height":70,"caption":"Los pol\u00edticos Veracruz"},"image":{"@id":"https:\/\/lospoliticosveracruz.com\/#\/schema\/logo\/image\/"},"sameAs":["https:\/\/www.facebook.com\/people\/Notimemes-de-los-Polticos\/61565672886568\/","https:\/\/x.com\/LosPoliticosVer"]},{"@type":"Person","@id":"https:\/\/lospoliticosveracruz.com\/#\/schema\/person\/b8702bb0e538456e6efd07080bf2a4a2","name":"Lo viste en Los Pol\u00edticos","image":{"@type":"ImageObject","inLanguage":"es","@id":"https:\/\/secure.gravatar.com\/avatar\/3a8de04a2656d44082be478bd6c086daa447c4651605818287b9532d3d0bd435?s=96&d=mm&r=g","url":"https:\/\/secure.gravatar.com\/avatar\/3a8de04a2656d44082be478bd6c086daa447c4651605818287b9532d3d0bd435?s=96&d=mm&r=g","contentUrl":"https:\/\/secure.gravatar.com\/avatar\/3a8de04a2656d44082be478bd6c086daa447c4651605818287b9532d3d0bd435?s=96&d=mm&r=g","caption":"Lo viste en Los Pol\u00edticos"},"url":"https:\/\/lospoliticosveracruz.com\/?author=2"}]}},"_links":{"self":[{"href":"https:\/\/lospoliticosveracruz.com\/index.php?rest_route=\/wp\/v2\/posts\/179665","targetHints":{"allow":["GET"]}}],"collection":[{"href":"https:\/\/lospoliticosveracruz.com\/index.php?rest_route=\/wp\/v2\/posts"}],"about":[{"href":"https:\/\/lospoliticosveracruz.com\/index.php?rest_route=\/wp\/v2\/types\/post"}],"author":[{"embeddable":true,"href":"https:\/\/lospoliticosveracruz.com\/index.php?rest_route=\/wp\/v2\/users\/2"}],"replies":[{"embeddable":true,"href":"https:\/\/lospoliticosveracruz.com\/index.php?rest_route=%2Fwp%2Fv2%2Fcomments&post=179665"}],"version-history":[{"count":1,"href":"https:\/\/lospoliticosveracruz.com\/index.php?rest_route=\/wp\/v2\/posts\/179665\/revisions"}],"predecessor-version":[{"id":179667,"href":"https:\/\/lospoliticosveracruz.com\/index.php?rest_route=\/wp\/v2\/posts\/179665\/revisions\/179667"}],"wp:featuredmedia":[{"embeddable":true,"href":"https:\/\/lospoliticosveracruz.com\/index.php?rest_route=\/wp\/v2\/media\/179666"}],"wp:attachment":[{"href":"https:\/\/lospoliticosveracruz.com\/index.php?rest_route=%2Fwp%2Fv2%2Fmedia&parent=179665"}],"wp:term":[{"taxonomy":"category","embeddable":true,"href":"https:\/\/lospoliticosveracruz.com\/index.php?rest_route=%2Fwp%2Fv2%2Fcategories&post=179665"},{"taxonomy":"post_tag","embeddable":true,"href":"https:\/\/lospoliticosveracruz.com\/index.php?rest_route=%2Fwp%2Fv2%2Ftags&post=179665"}],"curies":[{"name":"wp","href":"https:\/\/api.w.org\/{rel}","templated":true}]}}