{"id":179681,"date":"2026-08-31T16:03:14","date_gmt":"2026-08-31T22:03:14","guid":{"rendered":"https:\/\/lospoliticosveracruz.com\/?p=179681"},"modified":"2026-08-31T16:03:15","modified_gmt":"2026-08-31T22:03:15","slug":"sin-igualdad-de-las-partes-no-hay-frente","status":"publish","type":"post","link":"https:\/\/lospoliticosveracruz.com\/?p=179681","title":{"rendered":"SIN IGUALDAD DE LAS PARTES NO HAY FRENTE"},"content":{"rendered":"<div class=\"wp-block-image\">\n<figure class=\"alignleft size-full is-resized\"><a href=\"https:\/\/lospoliticosveracruz.com\/wp-content\/uploads\/2026\/05\/IMG_1092.png\"><img loading=\"lazy\" decoding=\"async\" width=\"640\" height=\"600\" src=\"https:\/\/lospoliticosveracruz.com\/wp-content\/uploads\/2026\/05\/IMG_1092.png\" alt=\"\" class=\"wp-image-172799\" style=\"width:375px;height:auto\" srcset=\"https:\/\/lospoliticosveracruz.com\/wp-content\/uploads\/2026\/05\/IMG_1092.png 640w, https:\/\/lospoliticosveracruz.com\/wp-content\/uploads\/2026\/05\/IMG_1092-300x281.png 300w, https:\/\/lospoliticosveracruz.com\/wp-content\/uploads\/2026\/05\/IMG_1092-448x420.png 448w, https:\/\/lospoliticosveracruz.com\/wp-content\/uploads\/2026\/05\/IMG_1092-150x141.png 150w\" sizes=\"auto, (max-width: 640px) 100vw, 640px\" \/><\/a><\/figure>\n<\/div>\n\n\n<p><strong>Inocencio Ya\u00f1ez Vicencio<\/strong><\/p>\n\n\n\n<p>C\u00f3mo dice Torcuato S. Di Tella, en su libro sobre las alianzas, es un tema muy escurridizo, que necesariamente debe acordarse hist\u00f3rica y te\u00f3ricamente. No hay recetas, pero tenemos que aprender de la experiencia. Se registran alianzas de la Grecia Cl\u00e1sica a la c\u00e9lebre alianza de la regi\u00f3n de Hansa. Atenas a su interior fue una democracia, pero hacia afuera llev\u00f3 a cabo una pol\u00edtica imperialista. Se comi\u00f3 a Siracusa. La alianza de mercaderes del siglo XIV se transform\u00f3 en una alianza de ciudades -Estados, que termin\u00f3 por lo mismo, el pez m\u00e1s grande devor\u00f3 al peque\u00f1o.<br>Los Estados de Europa se formaron y desintegraron, entre otras cosas, configurado alianzas.<br>La historia pol\u00edtica ha sido una b\u00fasqueda de l\u00edmites del poder separado de la sociedad y un esfuerzo por encontrar formas de compensaci\u00f3n entre Estados no unitarios.<br>Recuerdo un texto de una conferencia que, en 1953, dict\u00f3 en Berl\u00edn, Ossip K . Flechtheim, con el t\u00edtulo de La pol\u00edtica como ciencia, que para su estudio reclamaba un m\u00e9todo, pero no para su pr\u00e1ctica<br>Efectivamente para hacer pol\u00edtica solo se requiere tener inter\u00e9s por lo com\u00fan, anteponer el inter\u00e9s general al inter\u00e9s com\u00fan, porque la pol\u00edtica fue inventada para encarar los problemas que nos son comunes.<br>Justamente que el ejercicio de la pol\u00edtica no exija ning\u00fan t\u00edtulo profesional y que los que incursionan teni\u00e9ndolo, son muchas veces los que m\u00e1s errores y abusos cometen, es que somos testigos de algunos que, dici\u00e9ndose pol\u00edticos, son todos menos pol\u00edticos; pero tambi\u00e9n resulta preocupante que los que someten a un escrutinio p\u00fablico a los pol\u00edticos, empezando por los que cubren sus actos o los comentan, obedecen a muchas \u00bb razones\u00bb.<br>Si los pol\u00edticos se han degradado por disponer arbitrariamente de los bienes p\u00fablicos, los miembros del gremio period\u00edstico tambi\u00e9n tienen en sus filas muchas fichitas que provocan que sus cuestionamientos se relacionen con paga o falta de chayote.<br>En los \u00faltimos a\u00f1os hemos visto como muchos pol\u00edticos fracasados han incursionado para extorsionar. Desde luego son pacotilla, que aprovech\u00f3 la generosidad de Fidel, que regal\u00f3 placas al por mayor y que esos en quien confi\u00f3 su entrega, las vendieron. Hoy esa gente no s\u00f3lo dice hacer periodismo, se ofrece como mediadora del periodismo.<br>Para escribir existen un sin n\u00famero de motivos. Lo podemos hacer para extorsionar, para pasar simplemente lista de presentes, para ofrecernos como destructores de honras, para golpear a los enemigos del gobierno, para defender directa o indirectamente al gobierno. En Veracruz, por fortuna existen extraordinarios reporteros y comentaristas que saben que su funci\u00f3n en este momento es ser el \u00faltimo reducto contra la arbitrariedad del Poder.<br>Maquiavelo, sin que esta proclama lo haga inmoral, dec\u00eda: en pol\u00edtica no siempre el bien se consigue con el bien. El Poder es fuerza y ella puede utilizarse para muchas cosas buenas.<br>La penicilina salva vidas, pero sin hacer pruebas de alergia puede matar.<br>En este tiempo no pocos que han vivido de la limosna y la prebenda, se frotan las manos creyendo que la proximidad de las elecciones es oportunidad de recuperar mercado y m\u00e1s si ven reaparecer alg\u00fan antiguo mecenas.<br>Esos empedernidos bufones no tienen ni siquiera idea del da\u00f1o que hacen a la conformaci\u00f3n de una alianza opositora, pretendiendo que su favorito la manipule, porque una alianza electoral, no es una fusi\u00f3n, que resulte en eso m\u00e1s tarde, responder\u00eda a otras circunstancias.<br>El principio federativo de Proudhon habla de la importancia de las partes. Tocqueville, igual. Rocker en su libro Nacionalismo y Cultura (que Bertran Roussel, llam\u00f3 el libro del siglo), propone una confederaci\u00f3n de comunas).<br>No s\u00e9 puede ir a la mesa de negociaci\u00f3n, como bien la advierte Weber, con principios finalistas. Vale la pena tener en mente el bello gesto de Hamilton frente a Madison, el primero partidario de una confederaci\u00f3n, que conservara la distribuci\u00f3n del poder entre las colonias y Madison que pugnaba por un Poder Central, que se pone por encima el inter\u00e9s de esa naci\u00f3n al de las partes.<br>Los partidos pueden invocar un pacto en lo fundamental, como lo suger\u00eda Mariano Otero, pero para la naci\u00f3n democr\u00e1tica debe proponerse una coordinaci\u00f3n de la diversidad, que encauce, pero no sofoque la diversidad.<br>Tanto un frente pol\u00edtico electoral como un frente social program\u00e1tico deben girar en torno a un objetivo de transici\u00f3n. Si no se tiene cuidado de los tiempos y lugares puede ser contraproducente. Sumarse sin tener en cuenta tiempo y lugar al PAN, fue la muerte del PRD, por la sencilla raz\u00f3n de que con ese maridaje los panistas se quitaron el tufo derechista, pero el PRD, perdi\u00f3 su identidad, porque no pod\u00eda justificar esa relaci\u00f3n para defender las reglas del juego, porque en ese momento no estaban amenazadas, porque ya hab\u00edamos pasado de un partido hegem\u00f3nico a un partido dominante.<br>Hoy se trata de vertebrar una alianza para rescatar la Rep\u00fablica y las reglas democr\u00e1ticas, ya despu\u00e9s competiremos por frenar o radicalizar lo social.<br>Ofenden a Dante, los que hablan de un liderazgo formal o real a la cabeza del Frente, porque ese liderazgo tiene que darse en igualdad de las partes que lo integren y alrededor de un candidato. Hablar de un liderazgo en estos momentos puede tener dos objetivos: torpedear el frente y ponerlo como blanco del oficialismo.<br>Dante ha mostrado disposici\u00f3n a la conformaci\u00f3n de un Frente en torno de Pepe Yunes, porque est\u00e1 consciente que \u00e9sta es una oportunidad para prestarle los mejores servicios a su estado.<br>Con todas las cr\u00edticas que le he hecho a Dante, estoy convencido que si act\u00faa en consecuencia tiene un oportunidad de sumarse al rescate de nuestras libertades en Veracruz, considerando, como bien dice Max Weber, que: Tambi\u00e9n los cristianos primitivos sab\u00edan muy exactamente que el mundo est\u00e1 regido por los demonios y que quien se mete en pol\u00edtica, es decir, quien accede a utilizar como medio el poder y la violencia, ha sellado un pacto con el diablo, de tal modo que ya no es cierto que en su actividad lo bueno s\u00f3lo produzca el bien y lo malo el mal, sino que frecuentemente sucede lo contrario. Quien no ve esto es un ni\u00f1o, pol\u00edticamente hablando (El pol\u00edtico y el cient\u00edfico. Alianza Editorial. Pag. 168). Alito, \u00fanicamente da\u00f1a al PRI y en el estado tiene una dirigencia que est\u00e1 en el limbo.<br>El PAN arrastra el b\u00e1lsamo de Genaro Garc\u00eda Luna y amenaz\u00f3 abrirse al gansterismo. Pero, como dijera Kant, el rescate de la Rep\u00fablica, no es cuesti\u00f3n de \u00e1ngeles sino \u00bb \u2026incluso para un pueblo de demonios\u00bb. Por ellos, nos guste o no, pasa la conformaci\u00f3n del Frente, sin subyugar a las partes, eso s\u00ed, alrededor de un buen candidato, un programa m\u00ednimo de rescate de los contrapesos y jueces independientes, para llevar a la c\u00e1rcel a los que han entregado el poder a los criminales.<br>En un libro de Cristina Lafont, titulado La democracia sin atajos, que Habermas llama brillante libro, esta autora refuta a Waldron, sobre los acuerdos imposibles, diciendo que se trata de ir ganando la opini\u00f3n p\u00fablica, para despu\u00e9s hacer lo imposible, posible. S\u00f3lo que eso no se logra con ocurrencias o puntadas. Para iluminar el camino necesitamos escudri\u00f1ar en la teor\u00eda y en la historia. Mientras Morena tiene encuestas, propaganda, bandas y mentiras, nosotros tenemos argumentos y razones.<\/p>\n","protected":false},"excerpt":{"rendered":"<p>Inocencio Ya\u00f1ez Vicencio C\u00f3mo dice Torcuato S. Di Tella, en su libro sobre las alianzas, es un tema muy escurridizo, que necesariamente debe acordarse hist\u00f3rica y te\u00f3ricamente. No hay recetas, pero tenemos que aprender de la experiencia. Se registran alianzas de la Grecia Cl\u00e1sica a la c\u00e9lebre alianza de la regi\u00f3n de Hansa. Atenas a [&hellip;]<\/p>\n","protected":false},"author":2,"featured_media":141387,"comment_status":"closed","ping_status":"closed","sticky":false,"template":"","format":"standard","meta":{"tdm_status":"","tdm_grid_status":"","footnotes":""},"categories":[70],"tags":[69538,2219,70953,8256,1026,570,195],"class_list":{"0":"post-179681","1":"post","2":"type-post","3":"status-publish","4":"format-standard","5":"has-post-thumbnail","7":"category-de-opinion","8":"tag-alianzas-electorales","9":"tag-dante-delgado","10":"tag-frente-opositor","11":"tag-inocencio-yanez-vicencio","12":"tag-morena","13":"tag-pepe-yunes","14":"tag-veracruz"},"yoast_head":"<!-- This site is optimized with the Yoast SEO plugin v28.1 - https:\/\/yoast.com\/product\/yoast-seo-wordpress\/ -->\n<title>SIN IGUALDAD DE LAS PARTES NO HAY FRENTE - Los pol\u00edticos Veracruz<\/title>\n<meta name=\"robots\" content=\"index, follow, max-snippet:-1, max-image-preview:large, max-video-preview:-1\" \/>\n<link rel=\"canonical\" href=\"https:\/\/lospoliticosveracruz.com\/?p=179681\" \/>\n<meta property=\"og:locale\" content=\"es_ES\" \/>\n<meta property=\"og:type\" content=\"article\" \/>\n<meta property=\"og:title\" content=\"SIN IGUALDAD DE LAS PARTES NO HAY FRENTE - Los pol\u00edticos Veracruz\" \/>\n<meta property=\"og:description\" content=\"Inocencio Ya\u00f1ez Vicencio C\u00f3mo dice Torcuato S. Di Tella, en su libro sobre las alianzas, es un tema muy escurridizo, que necesariamente debe acordarse hist\u00f3rica y te\u00f3ricamente. No hay recetas, pero tenemos que aprender de la experiencia. Se registran alianzas de la Grecia Cl\u00e1sica a la c\u00e9lebre alianza de la regi\u00f3n de Hansa. Atenas a [&hellip;]\" \/>\n<meta property=\"og:url\" content=\"https:\/\/lospoliticosveracruz.com\/?p=179681\" \/>\n<meta property=\"og:site_name\" content=\"Los pol\u00edticos Veracruz\" \/>\n<meta property=\"article:publisher\" content=\"https:\/\/www.facebook.com\/people\/Notimemes-de-los-Polticos\/61565672886568\/\" \/>\n<meta property=\"article:published_time\" content=\"2026-08-31T22:03:14+00:00\" \/>\n<meta property=\"article:modified_time\" content=\"2026-08-31T22:03:15+00:00\" \/>\n<meta property=\"og:image\" content=\"https:\/\/lospoliticosveracruz.com\/wp-content\/uploads\/2025\/04\/Inocencio-Yanez-Vicencio-e1788066800421.jpg\" \/>\n\t<meta property=\"og:image:width\" content=\"600\" \/>\n\t<meta property=\"og:image:height\" content=\"320\" \/>\n\t<meta property=\"og:image:type\" content=\"image\/jpeg\" \/>\n<meta name=\"author\" content=\"Lo viste en Los Pol\u00edticos\" \/>\n<meta name=\"twitter:card\" content=\"summary_large_image\" \/>\n<meta name=\"twitter:creator\" content=\"@LosPoliticosVer\" \/>\n<meta name=\"twitter:site\" content=\"@LosPoliticosVer\" \/>\n<meta name=\"twitter:label1\" content=\"Escrito por\" \/>\n\t<meta name=\"twitter:data1\" content=\"Lo viste en Los Pol\u00edticos\" \/>\n\t<meta name=\"twitter:label2\" content=\"Tiempo de lectura\" \/>\n\t<meta name=\"twitter:data2\" content=\"6 minutos\" \/>\n<script type=\"application\/ld+json\" class=\"yoast-schema-graph\">{\"@context\":\"https:\\\/\\\/schema.org\",\"@graph\":[{\"@type\":\"Article\",\"@id\":\"https:\\\/\\\/lospoliticosveracruz.com\\\/?p=179681#article\",\"isPartOf\":{\"@id\":\"https:\\\/\\\/lospoliticosveracruz.com\\\/?p=179681\"},\"author\":{\"name\":\"Lo viste en Los Pol\u00edticos\",\"@id\":\"https:\\\/\\\/lospoliticosveracruz.com\\\/#\\\/schema\\\/person\\\/b8702bb0e538456e6efd07080bf2a4a2\"},\"headline\":\"SIN IGUALDAD DE LAS PARTES NO HAY FRENTE\",\"datePublished\":\"2026-08-31T22:03:14+00:00\",\"dateModified\":\"2026-08-31T22:03:15+00:00\",\"mainEntityOfPage\":{\"@id\":\"https:\\\/\\\/lospoliticosveracruz.com\\\/?p=179681\"},\"wordCount\":1316,\"publisher\":{\"@id\":\"https:\\\/\\\/lospoliticosveracruz.com\\\/#organization\"},\"image\":{\"@id\":\"https:\\\/\\\/lospoliticosveracruz.com\\\/?p=179681#primaryimage\"},\"thumbnailUrl\":\"https:\\\/\\\/lospoliticosveracruz.com\\\/wp-content\\\/uploads\\\/2025\\\/04\\\/Inocencio-Yanez-Vicencio-e1788066800421.jpg\",\"keywords\":[\"alianzas electorales\",\"Dante Delgado\",\"frente opositor\",\"Inocencio Y\u00e1\u00f1ez Vicencio\",\"Morena\",\"Pepe Yunes\",\"Veracruz\"],\"articleSection\":[\"De Opini\u00f3n\"],\"inLanguage\":\"es\"},{\"@type\":\"WebPage\",\"@id\":\"https:\\\/\\\/lospoliticosveracruz.com\\\/?p=179681\",\"url\":\"https:\\\/\\\/lospoliticosveracruz.com\\\/?p=179681\",\"name\":\"SIN IGUALDAD DE LAS PARTES NO HAY FRENTE - Los pol\u00edticos Veracruz\",\"isPartOf\":{\"@id\":\"https:\\\/\\\/lospoliticosveracruz.com\\\/#website\"},\"primaryImageOfPage\":{\"@id\":\"https:\\\/\\\/lospoliticosveracruz.com\\\/?p=179681#primaryimage\"},\"image\":{\"@id\":\"https:\\\/\\\/lospoliticosveracruz.com\\\/?p=179681#primaryimage\"},\"thumbnailUrl\":\"https:\\\/\\\/lospoliticosveracruz.com\\\/wp-content\\\/uploads\\\/2025\\\/04\\\/Inocencio-Yanez-Vicencio-e1788066800421.jpg\",\"datePublished\":\"2026-08-31T22:03:14+00:00\",\"dateModified\":\"2026-08-31T22:03:15+00:00\",\"breadcrumb\":{\"@id\":\"https:\\\/\\\/lospoliticosveracruz.com\\\/?p=179681#breadcrumb\"},\"inLanguage\":\"es\",\"potentialAction\":[{\"@type\":\"ReadAction\",\"target\":[\"https:\\\/\\\/lospoliticosveracruz.com\\\/?p=179681\"]}]},{\"@type\":\"ImageObject\",\"inLanguage\":\"es\",\"@id\":\"https:\\\/\\\/lospoliticosveracruz.com\\\/?p=179681#primaryimage\",\"url\":\"https:\\\/\\\/lospoliticosveracruz.com\\\/wp-content\\\/uploads\\\/2025\\\/04\\\/Inocencio-Yanez-Vicencio-e1788066800421.jpg\",\"contentUrl\":\"https:\\\/\\\/lospoliticosveracruz.com\\\/wp-content\\\/uploads\\\/2025\\\/04\\\/Inocencio-Yanez-Vicencio-e1788066800421.jpg\",\"width\":600,\"height\":320},{\"@type\":\"BreadcrumbList\",\"@id\":\"https:\\\/\\\/lospoliticosveracruz.com\\\/?p=179681#breadcrumb\",\"itemListElement\":[{\"@type\":\"ListItem\",\"position\":1,\"name\":\"Portada\",\"item\":\"https:\\\/\\\/lospoliticosveracruz.com\\\/\"},{\"@type\":\"ListItem\",\"position\":2,\"name\":\"SIN IGUALDAD DE LAS PARTES NO HAY FRENTE\"}]},{\"@type\":\"WebSite\",\"@id\":\"https:\\\/\\\/lospoliticosveracruz.com\\\/#website\",\"url\":\"https:\\\/\\\/lospoliticosveracruz.com\\\/\",\"name\":\"Los pol\u00edticos Veracruz\",\"description\":\"\",\"publisher\":{\"@id\":\"https:\\\/\\\/lospoliticosveracruz.com\\\/#organization\"},\"potentialAction\":[{\"@type\":\"SearchAction\",\"target\":{\"@type\":\"EntryPoint\",\"urlTemplate\":\"https:\\\/\\\/lospoliticosveracruz.com\\\/?s={search_term_string}\"},\"query-input\":{\"@type\":\"PropertyValueSpecification\",\"valueRequired\":true,\"valueName\":\"search_term_string\"}}],\"inLanguage\":\"es\"},{\"@type\":\"Organization\",\"@id\":\"https:\\\/\\\/lospoliticosveracruz.com\\\/#organization\",\"name\":\"Los pol\u00edticos Veracruz\",\"url\":\"https:\\\/\\\/lospoliticosveracruz.com\\\/\",\"logo\":{\"@type\":\"ImageObject\",\"inLanguage\":\"es\",\"@id\":\"https:\\\/\\\/lospoliticosveracruz.com\\\/#\\\/schema\\\/logo\\\/image\\\/\",\"url\":\"https:\\\/\\\/lospoliticosveracruz.com\\\/wp-content\\\/uploads\\\/2025\\\/12\\\/Logo-Nuevo-LOS-POLITICOS-1.jpg\",\"contentUrl\":\"https:\\\/\\\/lospoliticosveracruz.com\\\/wp-content\\\/uploads\\\/2025\\\/12\\\/Logo-Nuevo-LOS-POLITICOS-1.jpg\",\"width\":260,\"height\":70,\"caption\":\"Los pol\u00edticos Veracruz\"},\"image\":{\"@id\":\"https:\\\/\\\/lospoliticosveracruz.com\\\/#\\\/schema\\\/logo\\\/image\\\/\"},\"sameAs\":[\"https:\\\/\\\/www.facebook.com\\\/people\\\/Notimemes-de-los-Polticos\\\/61565672886568\\\/\",\"https:\\\/\\\/x.com\\\/LosPoliticosVer\"]},{\"@type\":\"Person\",\"@id\":\"https:\\\/\\\/lospoliticosveracruz.com\\\/#\\\/schema\\\/person\\\/b8702bb0e538456e6efd07080bf2a4a2\",\"name\":\"Lo viste en Los Pol\u00edticos\",\"image\":{\"@type\":\"ImageObject\",\"inLanguage\":\"es\",\"@id\":\"https:\\\/\\\/secure.gravatar.com\\\/avatar\\\/3a8de04a2656d44082be478bd6c086daa447c4651605818287b9532d3d0bd435?s=96&d=mm&r=g\",\"url\":\"https:\\\/\\\/secure.gravatar.com\\\/avatar\\\/3a8de04a2656d44082be478bd6c086daa447c4651605818287b9532d3d0bd435?s=96&d=mm&r=g\",\"contentUrl\":\"https:\\\/\\\/secure.gravatar.com\\\/avatar\\\/3a8de04a2656d44082be478bd6c086daa447c4651605818287b9532d3d0bd435?s=96&d=mm&r=g\",\"caption\":\"Lo viste en Los Pol\u00edticos\"},\"url\":\"https:\\\/\\\/lospoliticosveracruz.com\\\/?author=2\"}]}<\/script>\n<!-- \/ Yoast SEO plugin. -->","yoast_head_json":{"title":"SIN IGUALDAD DE LAS PARTES NO HAY FRENTE - Los pol\u00edticos Veracruz","robots":{"index":"index","follow":"follow","max-snippet":"max-snippet:-1","max-image-preview":"max-image-preview:large","max-video-preview":"max-video-preview:-1"},"canonical":"https:\/\/lospoliticosveracruz.com\/?p=179681","og_locale":"es_ES","og_type":"article","og_title":"SIN IGUALDAD DE LAS PARTES NO HAY FRENTE - Los pol\u00edticos Veracruz","og_description":"Inocencio Ya\u00f1ez Vicencio C\u00f3mo dice Torcuato S. Di Tella, en su libro sobre las alianzas, es un tema muy escurridizo, que necesariamente debe acordarse hist\u00f3rica y te\u00f3ricamente. No hay recetas, pero tenemos que aprender de la experiencia. Se registran alianzas de la Grecia Cl\u00e1sica a la c\u00e9lebre alianza de la regi\u00f3n de Hansa. Atenas a [&hellip;]","og_url":"https:\/\/lospoliticosveracruz.com\/?p=179681","og_site_name":"Los pol\u00edticos Veracruz","article_publisher":"https:\/\/www.facebook.com\/people\/Notimemes-de-los-Polticos\/61565672886568\/","article_published_time":"2026-08-31T22:03:14+00:00","article_modified_time":"2026-08-31T22:03:15+00:00","og_image":[{"width":600,"height":320,"url":"https:\/\/lospoliticosveracruz.com\/wp-content\/uploads\/2025\/04\/Inocencio-Yanez-Vicencio-e1788066800421.jpg","type":"image\/jpeg"}],"author":"Lo viste en Los Pol\u00edticos","twitter_card":"summary_large_image","twitter_creator":"@LosPoliticosVer","twitter_site":"@LosPoliticosVer","twitter_misc":{"Escrito por":"Lo viste en Los Pol\u00edticos","Tiempo de lectura":"6 minutos"},"schema":{"@context":"https:\/\/schema.org","@graph":[{"@type":"Article","@id":"https:\/\/lospoliticosveracruz.com\/?p=179681#article","isPartOf":{"@id":"https:\/\/lospoliticosveracruz.com\/?p=179681"},"author":{"name":"Lo viste en Los Pol\u00edticos","@id":"https:\/\/lospoliticosveracruz.com\/#\/schema\/person\/b8702bb0e538456e6efd07080bf2a4a2"},"headline":"SIN IGUALDAD DE LAS PARTES NO HAY FRENTE","datePublished":"2026-08-31T22:03:14+00:00","dateModified":"2026-08-31T22:03:15+00:00","mainEntityOfPage":{"@id":"https:\/\/lospoliticosveracruz.com\/?p=179681"},"wordCount":1316,"publisher":{"@id":"https:\/\/lospoliticosveracruz.com\/#organization"},"image":{"@id":"https:\/\/lospoliticosveracruz.com\/?p=179681#primaryimage"},"thumbnailUrl":"https:\/\/lospoliticosveracruz.com\/wp-content\/uploads\/2025\/04\/Inocencio-Yanez-Vicencio-e1788066800421.jpg","keywords":["alianzas electorales","Dante Delgado","frente opositor","Inocencio Y\u00e1\u00f1ez Vicencio","Morena","Pepe Yunes","Veracruz"],"articleSection":["De Opini\u00f3n"],"inLanguage":"es"},{"@type":"WebPage","@id":"https:\/\/lospoliticosveracruz.com\/?p=179681","url":"https:\/\/lospoliticosveracruz.com\/?p=179681","name":"SIN IGUALDAD DE LAS PARTES NO HAY FRENTE - Los pol\u00edticos Veracruz","isPartOf":{"@id":"https:\/\/lospoliticosveracruz.com\/#website"},"primaryImageOfPage":{"@id":"https:\/\/lospoliticosveracruz.com\/?p=179681#primaryimage"},"image":{"@id":"https:\/\/lospoliticosveracruz.com\/?p=179681#primaryimage"},"thumbnailUrl":"https:\/\/lospoliticosveracruz.com\/wp-content\/uploads\/2025\/04\/Inocencio-Yanez-Vicencio-e1788066800421.jpg","datePublished":"2026-08-31T22:03:14+00:00","dateModified":"2026-08-31T22:03:15+00:00","breadcrumb":{"@id":"https:\/\/lospoliticosveracruz.com\/?p=179681#breadcrumb"},"inLanguage":"es","potentialAction":[{"@type":"ReadAction","target":["https:\/\/lospoliticosveracruz.com\/?p=179681"]}]},{"@type":"ImageObject","inLanguage":"es","@id":"https:\/\/lospoliticosveracruz.com\/?p=179681#primaryimage","url":"https:\/\/lospoliticosveracruz.com\/wp-content\/uploads\/2025\/04\/Inocencio-Yanez-Vicencio-e1788066800421.jpg","contentUrl":"https:\/\/lospoliticosveracruz.com\/wp-content\/uploads\/2025\/04\/Inocencio-Yanez-Vicencio-e1788066800421.jpg","width":600,"height":320},{"@type":"BreadcrumbList","@id":"https:\/\/lospoliticosveracruz.com\/?p=179681#breadcrumb","itemListElement":[{"@type":"ListItem","position":1,"name":"Portada","item":"https:\/\/lospoliticosveracruz.com\/"},{"@type":"ListItem","position":2,"name":"SIN IGUALDAD DE LAS PARTES NO HAY FRENTE"}]},{"@type":"WebSite","@id":"https:\/\/lospoliticosveracruz.com\/#website","url":"https:\/\/lospoliticosveracruz.com\/","name":"Los pol\u00edticos Veracruz","description":"","publisher":{"@id":"https:\/\/lospoliticosveracruz.com\/#organization"},"potentialAction":[{"@type":"SearchAction","target":{"@type":"EntryPoint","urlTemplate":"https:\/\/lospoliticosveracruz.com\/?s={search_term_string}"},"query-input":{"@type":"PropertyValueSpecification","valueRequired":true,"valueName":"search_term_string"}}],"inLanguage":"es"},{"@type":"Organization","@id":"https:\/\/lospoliticosveracruz.com\/#organization","name":"Los pol\u00edticos Veracruz","url":"https:\/\/lospoliticosveracruz.com\/","logo":{"@type":"ImageObject","inLanguage":"es","@id":"https:\/\/lospoliticosveracruz.com\/#\/schema\/logo\/image\/","url":"https:\/\/lospoliticosveracruz.com\/wp-content\/uploads\/2025\/12\/Logo-Nuevo-LOS-POLITICOS-1.jpg","contentUrl":"https:\/\/lospoliticosveracruz.com\/wp-content\/uploads\/2025\/12\/Logo-Nuevo-LOS-POLITICOS-1.jpg","width":260,"height":70,"caption":"Los pol\u00edticos Veracruz"},"image":{"@id":"https:\/\/lospoliticosveracruz.com\/#\/schema\/logo\/image\/"},"sameAs":["https:\/\/www.facebook.com\/people\/Notimemes-de-los-Polticos\/61565672886568\/","https:\/\/x.com\/LosPoliticosVer"]},{"@type":"Person","@id":"https:\/\/lospoliticosveracruz.com\/#\/schema\/person\/b8702bb0e538456e6efd07080bf2a4a2","name":"Lo viste en Los Pol\u00edticos","image":{"@type":"ImageObject","inLanguage":"es","@id":"https:\/\/secure.gravatar.com\/avatar\/3a8de04a2656d44082be478bd6c086daa447c4651605818287b9532d3d0bd435?s=96&d=mm&r=g","url":"https:\/\/secure.gravatar.com\/avatar\/3a8de04a2656d44082be478bd6c086daa447c4651605818287b9532d3d0bd435?s=96&d=mm&r=g","contentUrl":"https:\/\/secure.gravatar.com\/avatar\/3a8de04a2656d44082be478bd6c086daa447c4651605818287b9532d3d0bd435?s=96&d=mm&r=g","caption":"Lo viste en Los Pol\u00edticos"},"url":"https:\/\/lospoliticosveracruz.com\/?author=2"}]}},"_links":{"self":[{"href":"https:\/\/lospoliticosveracruz.com\/index.php?rest_route=\/wp\/v2\/posts\/179681","targetHints":{"allow":["GET"]}}],"collection":[{"href":"https:\/\/lospoliticosveracruz.com\/index.php?rest_route=\/wp\/v2\/posts"}],"about":[{"href":"https:\/\/lospoliticosveracruz.com\/index.php?rest_route=\/wp\/v2\/types\/post"}],"author":[{"embeddable":true,"href":"https:\/\/lospoliticosveracruz.com\/index.php?rest_route=\/wp\/v2\/users\/2"}],"replies":[{"embeddable":true,"href":"https:\/\/lospoliticosveracruz.com\/index.php?rest_route=%2Fwp%2Fv2%2Fcomments&post=179681"}],"version-history":[{"count":1,"href":"https:\/\/lospoliticosveracruz.com\/index.php?rest_route=\/wp\/v2\/posts\/179681\/revisions"}],"predecessor-version":[{"id":179682,"href":"https:\/\/lospoliticosveracruz.com\/index.php?rest_route=\/wp\/v2\/posts\/179681\/revisions\/179682"}],"wp:featuredmedia":[{"embeddable":true,"href":"https:\/\/lospoliticosveracruz.com\/index.php?rest_route=\/wp\/v2\/media\/141387"}],"wp:attachment":[{"href":"https:\/\/lospoliticosveracruz.com\/index.php?rest_route=%2Fwp%2Fv2%2Fmedia&parent=179681"}],"wp:term":[{"taxonomy":"category","embeddable":true,"href":"https:\/\/lospoliticosveracruz.com\/index.php?rest_route=%2Fwp%2Fv2%2Fcategories&post=179681"},{"taxonomy":"post_tag","embeddable":true,"href":"https:\/\/lospoliticosveracruz.com\/index.php?rest_route=%2Fwp%2Fv2%2Ftags&post=179681"}],"curies":[{"name":"wp","href":"https:\/\/api.w.org\/{rel}","templated":true}]}}