{"id":179683,"date":"2026-08-31T16:05:17","date_gmt":"2026-08-31T22:05:17","guid":{"rendered":"https:\/\/lospoliticosveracruz.com\/?p=179683"},"modified":"2026-08-31T16:05:19","modified_gmt":"2026-08-31T22:05:19","slug":"falta-el-remojo","status":"publish","type":"post","link":"https:\/\/lospoliticosveracruz.com\/?p=179683","title":{"rendered":"FALTA EL REMOJO!"},"content":{"rendered":"<div class=\"wp-block-image\">\n<figure class=\"alignleft size-large is-resized\"><a href=\"https:\/\/lospoliticosveracruz.com\/wp-content\/uploads\/2026\/08\/Tu-Plan-Xalapa.jpg\"><img loading=\"lazy\" decoding=\"async\" width=\"1024\" height=\"854\" src=\"https:\/\/lospoliticosveracruz.com\/wp-content\/uploads\/2026\/08\/Tu-Plan-Xalapa-1024x854.jpg\" alt=\"\" class=\"wp-image-177789\" style=\"width:421px;height:auto\" srcset=\"https:\/\/lospoliticosveracruz.com\/wp-content\/uploads\/2026\/08\/Tu-Plan-Xalapa-1024x854.jpg 1024w, https:\/\/lospoliticosveracruz.com\/wp-content\/uploads\/2026\/08\/Tu-Plan-Xalapa-300x250.jpg 300w, https:\/\/lospoliticosveracruz.com\/wp-content\/uploads\/2026\/08\/Tu-Plan-Xalapa-768x640.jpg 768w, https:\/\/lospoliticosveracruz.com\/wp-content\/uploads\/2026\/08\/Tu-Plan-Xalapa-504x420.jpg 504w, https:\/\/lospoliticosveracruz.com\/wp-content\/uploads\/2026\/08\/Tu-Plan-Xalapa-150x125.jpg 150w, https:\/\/lospoliticosveracruz.com\/wp-content\/uploads\/2026\/08\/Tu-Plan-Xalapa-696x580.jpg 696w, https:\/\/lospoliticosveracruz.com\/wp-content\/uploads\/2026\/08\/Tu-Plan-Xalapa-1068x890.jpg 1068w, https:\/\/lospoliticosveracruz.com\/wp-content\/uploads\/2026\/08\/Tu-Plan-Xalapa.jpg 1400w\" sizes=\"auto, (max-width: 1024px) 100vw, 1024px\" \/><\/a><\/figure>\n<\/div>\n\n\n<p>Con el fin de fortalecer y dignificar la labor del personal de la Comisi\u00f3n Municipal de Agua Potable y Saneamiento de Xalapa (CMAS), la Alcaldesa, Lic. Daniela Griego Ceballos, encabez\u00f3 el acto de entrega de herramientas menores, prendas de protecci\u00f3n y equipo de seguridad, equipamiento en el que se invirtieron m\u00e1s de 7 millones de pesos.<\/p>\n\n\n\n<p>En representaci\u00f3n de la Presidenta Municipal, el S\u00edndico \u00danico, Dr. Marco Aurelio Mart\u00ednez S\u00e1nchez, expuso que la aplicaci\u00f3n honesta, eficiente y transparente de los recursos p\u00fablicos permite mejorar las prestaciones de las y los trabajadores, y ofrecer buenos resultados y servicios a la sociedad.<\/p>\n\n\n\n<p>En presencia del Regidor Cuarto, Lic. Alfonso Osegueda Cruz, y el Secretario del Ayuntamiento, Mtro. V\u00edctor Hugo Meza Cruz, precis\u00f3 que para la Administraci\u00f3n es una prioridad que las y los trabajadores de la CMAS cuenten con los implementos de protecci\u00f3n necesarios para cuidar su integridad y desempe\u00f1ar bien su labor.<\/p>\n\n\n\n<p>En este sentido, destac\u00f3 que, en la adquisici\u00f3n de herramientas y equipo de seguridad, se realiz\u00f3 una inversi\u00f3n hist\u00f3rica. Esto, dijo, es muestra de lo que se puede lograr con un buen manejo de los recursos financieros, la vocaci\u00f3n de servicio y la responsabilidad social.<\/p>\n\n\n\n<p>El S\u00edndico \u00danico reconoci\u00f3 que el organismo enfrenta grandes desaf\u00edos, pero hoy, gracias al trabajo que se ha hecho en estos primeros ocho meses de Administraci\u00f3n, la sociedad tiene una mejor percepci\u00f3n de las cosas que se est\u00e1n haciendo bien en la instituci\u00f3n.<\/p>\n\n\n\n<p>Por su parte, el Director General de la CMAS, Mtro. Eric Omar Rodolfo Ju\u00e1rez Valladares, explic\u00f3 que para el organismo es muy importante garantizar que los recursos p\u00fablicos se ejerzan bajo los principios de legalidad, econom\u00eda, eficacia, transparencia y racionalidad, como se demuestra con la adquisici\u00f3n de este equipamiento en los que se aplicaron 7 millones 169 mil 645 pesos.<\/p>\n\n\n\n<p>Con ello, dijo, se atienden las necesidades operativas de \u00e1reas estrat\u00e9gicas de la CMAS y fortalecen sus capacidades para desempe\u00f1ar de forma adecuada sus funciones, con las condiciones de seguridad requeridas para la prevenci\u00f3n riesgos y la protecci\u00f3n de la integridad.<\/p>\n\n\n\n<p>El Regidor Cuarto, Lic. Alfonso Osegueda Cruz, consider\u00f3 que la fuerza de la base trabajadora es fundamental para impulsar el cambio y transformaci\u00f3n del organismo, por lo que la exhort\u00f3 a establecer un pacto social en favor de los derechos laborales, la comunicaci\u00f3n participativa y el trabajo eficiente en favor de la poblaci\u00f3n.<\/p>\n\n\n\n<p>Entre los implementos entregados destacan cinceles, pinzas, flex\u00f3metros, palas, machetes, barretas, picos, cuerdas, l\u00e1mparas, andamios, cabos, cardas, cautines, desarmadores, desmalezadoras, discos abrasivos, equipos de oxicorte, escaleras, generadores el\u00e9ctricos, hachas y man\u00f3metros, as\u00ed como pinzas cortatubo, brocas, cizallas de uso industrial, martillos, marros y bombas de aire.<\/p>\n\n\n\n<p>Adem\u00e1s, se adquirieron arneses contra ca\u00eddas, botas industriales, cascos, chalecos, detectores de gases, fajas, guantes, impermeables, l\u00edneas de vida, m\u00e1scaras de cara completa, overoles y tapones auditivos.<\/p>\n\n\n\n<p>Al evento asistieron la Contralora Interna de la CMAS, Lic. Yadira Arr\u00f3niz S\u00e1nchez; el Director de Administraci\u00f3n, Lic. Jaime Hern\u00e1ndez V\u00e1zquez; la Gerente de Recursos Materiales y Servicios Generales, Lic. Leidi Siria Tannos Salas; el Director de Operaci\u00f3n, Ing. Felipe Medina Landa; la representante del Sindicato Unido de trabajadores de la CMAS, Lic. Violeta Mu\u00f1oz Blanco, as\u00ed como personal del organismo.<\/p>\n","protected":false},"excerpt":{"rendered":"<p>Con el fin de fortalecer y dignificar la labor del personal de la Comisi\u00f3n Municipal de Agua Potable y Saneamiento de Xalapa (CMAS), la Alcaldesa, Lic. Daniela Griego Ceballos, encabez\u00f3 el acto de entrega de herramientas menores, prendas de protecci\u00f3n y equipo de seguridad, equipamiento en el que se invirtieron m\u00e1s de 7 millones de [&hellip;]<\/p>\n","protected":false},"author":2,"featured_media":179684,"comment_status":"closed","ping_status":"closed","sticky":false,"template":"","format":"standard","meta":{"tdm_status":"","tdm_grid_status":"","footnotes":""},"categories":[52572],"tags":[57602,786,5622,70954,25282,2083,96],"class_list":{"0":"post-179683","1":"post","2":"type-post","3":"status-publish","4":"format-standard","5":"has-post-thumbnail","7":"category-desdelaatenas","8":"tag-agua-potable","9":"tag-cmas","10":"tag-daniela-griego","11":"tag-equipamiento","12":"tag-inversion-publica","13":"tag-trabajadores","14":"tag-xalapa"},"yoast_head":"<!-- This site is optimized with the Yoast SEO plugin v28.1 - https:\/\/yoast.com\/product\/yoast-seo-wordpress\/ -->\n<title>FALTA EL REMOJO! - Los pol\u00edticos Veracruz<\/title>\n<meta name=\"robots\" content=\"index, follow, max-snippet:-1, max-image-preview:large, max-video-preview:-1\" \/>\n<link rel=\"canonical\" href=\"https:\/\/lospoliticosveracruz.com\/?p=179683\" \/>\n<meta property=\"og:locale\" content=\"es_ES\" \/>\n<meta property=\"og:type\" content=\"article\" \/>\n<meta property=\"og:title\" content=\"FALTA EL REMOJO! - Los pol\u00edticos Veracruz\" \/>\n<meta property=\"og:description\" content=\"Con el fin de fortalecer y dignificar la labor del personal de la Comisi\u00f3n Municipal de Agua Potable y Saneamiento de Xalapa (CMAS), la Alcaldesa, Lic. Daniela Griego Ceballos, encabez\u00f3 el acto de entrega de herramientas menores, prendas de protecci\u00f3n y equipo de seguridad, equipamiento en el que se invirtieron m\u00e1s de 7 millones de [&hellip;]\" \/>\n<meta property=\"og:url\" content=\"https:\/\/lospoliticosveracruz.com\/?p=179683\" \/>\n<meta property=\"og:site_name\" content=\"Los pol\u00edticos Veracruz\" \/>\n<meta property=\"article:publisher\" content=\"https:\/\/www.facebook.com\/people\/Notimemes-de-los-Polticos\/61565672886568\/\" \/>\n<meta property=\"article:published_time\" content=\"2026-08-31T22:05:17+00:00\" \/>\n<meta property=\"article:modified_time\" content=\"2026-08-31T22:05:19+00:00\" \/>\n<meta property=\"og:image\" content=\"https:\/\/lospoliticosveracruz.com\/wp-content\/uploads\/2026\/08\/Dani-5.jpg\" \/>\n\t<meta property=\"og:image:width\" content=\"600\" \/>\n\t<meta property=\"og:image:height\" content=\"320\" \/>\n\t<meta property=\"og:image:type\" content=\"image\/jpeg\" \/>\n<meta name=\"author\" content=\"Lo viste en Los Pol\u00edticos\" \/>\n<meta name=\"twitter:card\" content=\"summary_large_image\" \/>\n<meta name=\"twitter:creator\" content=\"@LosPoliticosVer\" \/>\n<meta name=\"twitter:site\" content=\"@LosPoliticosVer\" \/>\n<meta name=\"twitter:label1\" content=\"Escrito por\" \/>\n\t<meta name=\"twitter:data1\" content=\"Lo viste en Los Pol\u00edticos\" \/>\n\t<meta name=\"twitter:label2\" content=\"Tiempo de lectura\" \/>\n\t<meta name=\"twitter:data2\" content=\"3 minutos\" \/>\n<script type=\"application\/ld+json\" class=\"yoast-schema-graph\">{\"@context\":\"https:\\\/\\\/schema.org\",\"@graph\":[{\"@type\":\"Article\",\"@id\":\"https:\\\/\\\/lospoliticosveracruz.com\\\/?p=179683#article\",\"isPartOf\":{\"@id\":\"https:\\\/\\\/lospoliticosveracruz.com\\\/?p=179683\"},\"author\":{\"name\":\"Lo viste en Los Pol\u00edticos\",\"@id\":\"https:\\\/\\\/lospoliticosveracruz.com\\\/#\\\/schema\\\/person\\\/b8702bb0e538456e6efd07080bf2a4a2\"},\"headline\":\"FALTA EL REMOJO!\",\"datePublished\":\"2026-08-31T22:05:17+00:00\",\"dateModified\":\"2026-08-31T22:05:19+00:00\",\"mainEntityOfPage\":{\"@id\":\"https:\\\/\\\/lospoliticosveracruz.com\\\/?p=179683\"},\"wordCount\":575,\"publisher\":{\"@id\":\"https:\\\/\\\/lospoliticosveracruz.com\\\/#organization\"},\"image\":{\"@id\":\"https:\\\/\\\/lospoliticosveracruz.com\\\/?p=179683#primaryimage\"},\"thumbnailUrl\":\"https:\\\/\\\/lospoliticosveracruz.com\\\/wp-content\\\/uploads\\\/2026\\\/08\\\/Dani-5.jpg\",\"keywords\":[\"Agua Potable\",\"CMAS\",\"Daniela Griego\",\"equipamiento\",\"Inversi\u00f3n P\u00fablica\",\"trabajadores\",\"Xalapa\"],\"articleSection\":[\"Desde La Atenas\"],\"inLanguage\":\"es\"},{\"@type\":\"WebPage\",\"@id\":\"https:\\\/\\\/lospoliticosveracruz.com\\\/?p=179683\",\"url\":\"https:\\\/\\\/lospoliticosveracruz.com\\\/?p=179683\",\"name\":\"FALTA EL REMOJO! - Los pol\u00edticos Veracruz\",\"isPartOf\":{\"@id\":\"https:\\\/\\\/lospoliticosveracruz.com\\\/#website\"},\"primaryImageOfPage\":{\"@id\":\"https:\\\/\\\/lospoliticosveracruz.com\\\/?p=179683#primaryimage\"},\"image\":{\"@id\":\"https:\\\/\\\/lospoliticosveracruz.com\\\/?p=179683#primaryimage\"},\"thumbnailUrl\":\"https:\\\/\\\/lospoliticosveracruz.com\\\/wp-content\\\/uploads\\\/2026\\\/08\\\/Dani-5.jpg\",\"datePublished\":\"2026-08-31T22:05:17+00:00\",\"dateModified\":\"2026-08-31T22:05:19+00:00\",\"breadcrumb\":{\"@id\":\"https:\\\/\\\/lospoliticosveracruz.com\\\/?p=179683#breadcrumb\"},\"inLanguage\":\"es\",\"potentialAction\":[{\"@type\":\"ReadAction\",\"target\":[\"https:\\\/\\\/lospoliticosveracruz.com\\\/?p=179683\"]}]},{\"@type\":\"ImageObject\",\"inLanguage\":\"es\",\"@id\":\"https:\\\/\\\/lospoliticosveracruz.com\\\/?p=179683#primaryimage\",\"url\":\"https:\\\/\\\/lospoliticosveracruz.com\\\/wp-content\\\/uploads\\\/2026\\\/08\\\/Dani-5.jpg\",\"contentUrl\":\"https:\\\/\\\/lospoliticosveracruz.com\\\/wp-content\\\/uploads\\\/2026\\\/08\\\/Dani-5.jpg\",\"width\":600,\"height\":320},{\"@type\":\"BreadcrumbList\",\"@id\":\"https:\\\/\\\/lospoliticosveracruz.com\\\/?p=179683#breadcrumb\",\"itemListElement\":[{\"@type\":\"ListItem\",\"position\":1,\"name\":\"Portada\",\"item\":\"https:\\\/\\\/lospoliticosveracruz.com\\\/\"},{\"@type\":\"ListItem\",\"position\":2,\"name\":\"FALTA EL REMOJO!\"}]},{\"@type\":\"WebSite\",\"@id\":\"https:\\\/\\\/lospoliticosveracruz.com\\\/#website\",\"url\":\"https:\\\/\\\/lospoliticosveracruz.com\\\/\",\"name\":\"Los pol\u00edticos Veracruz\",\"description\":\"\",\"publisher\":{\"@id\":\"https:\\\/\\\/lospoliticosveracruz.com\\\/#organization\"},\"potentialAction\":[{\"@type\":\"SearchAction\",\"target\":{\"@type\":\"EntryPoint\",\"urlTemplate\":\"https:\\\/\\\/lospoliticosveracruz.com\\\/?s={search_term_string}\"},\"query-input\":{\"@type\":\"PropertyValueSpecification\",\"valueRequired\":true,\"valueName\":\"search_term_string\"}}],\"inLanguage\":\"es\"},{\"@type\":\"Organization\",\"@id\":\"https:\\\/\\\/lospoliticosveracruz.com\\\/#organization\",\"name\":\"Los pol\u00edticos Veracruz\",\"url\":\"https:\\\/\\\/lospoliticosveracruz.com\\\/\",\"logo\":{\"@type\":\"ImageObject\",\"inLanguage\":\"es\",\"@id\":\"https:\\\/\\\/lospoliticosveracruz.com\\\/#\\\/schema\\\/logo\\\/image\\\/\",\"url\":\"https:\\\/\\\/lospoliticosveracruz.com\\\/wp-content\\\/uploads\\\/2025\\\/12\\\/Logo-Nuevo-LOS-POLITICOS-1.jpg\",\"contentUrl\":\"https:\\\/\\\/lospoliticosveracruz.com\\\/wp-content\\\/uploads\\\/2025\\\/12\\\/Logo-Nuevo-LOS-POLITICOS-1.jpg\",\"width\":260,\"height\":70,\"caption\":\"Los pol\u00edticos Veracruz\"},\"image\":{\"@id\":\"https:\\\/\\\/lospoliticosveracruz.com\\\/#\\\/schema\\\/logo\\\/image\\\/\"},\"sameAs\":[\"https:\\\/\\\/www.facebook.com\\\/people\\\/Notimemes-de-los-Polticos\\\/61565672886568\\\/\",\"https:\\\/\\\/x.com\\\/LosPoliticosVer\"]},{\"@type\":\"Person\",\"@id\":\"https:\\\/\\\/lospoliticosveracruz.com\\\/#\\\/schema\\\/person\\\/b8702bb0e538456e6efd07080bf2a4a2\",\"name\":\"Lo viste en Los Pol\u00edticos\",\"image\":{\"@type\":\"ImageObject\",\"inLanguage\":\"es\",\"@id\":\"https:\\\/\\\/secure.gravatar.com\\\/avatar\\\/3a8de04a2656d44082be478bd6c086daa447c4651605818287b9532d3d0bd435?s=96&d=mm&r=g\",\"url\":\"https:\\\/\\\/secure.gravatar.com\\\/avatar\\\/3a8de04a2656d44082be478bd6c086daa447c4651605818287b9532d3d0bd435?s=96&d=mm&r=g\",\"contentUrl\":\"https:\\\/\\\/secure.gravatar.com\\\/avatar\\\/3a8de04a2656d44082be478bd6c086daa447c4651605818287b9532d3d0bd435?s=96&d=mm&r=g\",\"caption\":\"Lo viste en Los Pol\u00edticos\"},\"url\":\"https:\\\/\\\/lospoliticosveracruz.com\\\/?author=2\"}]}<\/script>\n<!-- \/ Yoast SEO plugin. -->","yoast_head_json":{"title":"FALTA EL REMOJO! - Los pol\u00edticos Veracruz","robots":{"index":"index","follow":"follow","max-snippet":"max-snippet:-1","max-image-preview":"max-image-preview:large","max-video-preview":"max-video-preview:-1"},"canonical":"https:\/\/lospoliticosveracruz.com\/?p=179683","og_locale":"es_ES","og_type":"article","og_title":"FALTA EL REMOJO! - Los pol\u00edticos Veracruz","og_description":"Con el fin de fortalecer y dignificar la labor del personal de la Comisi\u00f3n Municipal de Agua Potable y Saneamiento de Xalapa (CMAS), la Alcaldesa, Lic. Daniela Griego Ceballos, encabez\u00f3 el acto de entrega de herramientas menores, prendas de protecci\u00f3n y equipo de seguridad, equipamiento en el que se invirtieron m\u00e1s de 7 millones de [&hellip;]","og_url":"https:\/\/lospoliticosveracruz.com\/?p=179683","og_site_name":"Los pol\u00edticos Veracruz","article_publisher":"https:\/\/www.facebook.com\/people\/Notimemes-de-los-Polticos\/61565672886568\/","article_published_time":"2026-08-31T22:05:17+00:00","article_modified_time":"2026-08-31T22:05:19+00:00","og_image":[{"width":600,"height":320,"url":"https:\/\/lospoliticosveracruz.com\/wp-content\/uploads\/2026\/08\/Dani-5.jpg","type":"image\/jpeg"}],"author":"Lo viste en Los Pol\u00edticos","twitter_card":"summary_large_image","twitter_creator":"@LosPoliticosVer","twitter_site":"@LosPoliticosVer","twitter_misc":{"Escrito por":"Lo viste en Los Pol\u00edticos","Tiempo de lectura":"3 minutos"},"schema":{"@context":"https:\/\/schema.org","@graph":[{"@type":"Article","@id":"https:\/\/lospoliticosveracruz.com\/?p=179683#article","isPartOf":{"@id":"https:\/\/lospoliticosveracruz.com\/?p=179683"},"author":{"name":"Lo viste en Los Pol\u00edticos","@id":"https:\/\/lospoliticosveracruz.com\/#\/schema\/person\/b8702bb0e538456e6efd07080bf2a4a2"},"headline":"FALTA EL REMOJO!","datePublished":"2026-08-31T22:05:17+00:00","dateModified":"2026-08-31T22:05:19+00:00","mainEntityOfPage":{"@id":"https:\/\/lospoliticosveracruz.com\/?p=179683"},"wordCount":575,"publisher":{"@id":"https:\/\/lospoliticosveracruz.com\/#organization"},"image":{"@id":"https:\/\/lospoliticosveracruz.com\/?p=179683#primaryimage"},"thumbnailUrl":"https:\/\/lospoliticosveracruz.com\/wp-content\/uploads\/2026\/08\/Dani-5.jpg","keywords":["Agua Potable","CMAS","Daniela Griego","equipamiento","Inversi\u00f3n P\u00fablica","trabajadores","Xalapa"],"articleSection":["Desde La Atenas"],"inLanguage":"es"},{"@type":"WebPage","@id":"https:\/\/lospoliticosveracruz.com\/?p=179683","url":"https:\/\/lospoliticosveracruz.com\/?p=179683","name":"FALTA EL REMOJO! - Los pol\u00edticos Veracruz","isPartOf":{"@id":"https:\/\/lospoliticosveracruz.com\/#website"},"primaryImageOfPage":{"@id":"https:\/\/lospoliticosveracruz.com\/?p=179683#primaryimage"},"image":{"@id":"https:\/\/lospoliticosveracruz.com\/?p=179683#primaryimage"},"thumbnailUrl":"https:\/\/lospoliticosveracruz.com\/wp-content\/uploads\/2026\/08\/Dani-5.jpg","datePublished":"2026-08-31T22:05:17+00:00","dateModified":"2026-08-31T22:05:19+00:00","breadcrumb":{"@id":"https:\/\/lospoliticosveracruz.com\/?p=179683#breadcrumb"},"inLanguage":"es","potentialAction":[{"@type":"ReadAction","target":["https:\/\/lospoliticosveracruz.com\/?p=179683"]}]},{"@type":"ImageObject","inLanguage":"es","@id":"https:\/\/lospoliticosveracruz.com\/?p=179683#primaryimage","url":"https:\/\/lospoliticosveracruz.com\/wp-content\/uploads\/2026\/08\/Dani-5.jpg","contentUrl":"https:\/\/lospoliticosveracruz.com\/wp-content\/uploads\/2026\/08\/Dani-5.jpg","width":600,"height":320},{"@type":"BreadcrumbList","@id":"https:\/\/lospoliticosveracruz.com\/?p=179683#breadcrumb","itemListElement":[{"@type":"ListItem","position":1,"name":"Portada","item":"https:\/\/lospoliticosveracruz.com\/"},{"@type":"ListItem","position":2,"name":"FALTA EL REMOJO!"}]},{"@type":"WebSite","@id":"https:\/\/lospoliticosveracruz.com\/#website","url":"https:\/\/lospoliticosveracruz.com\/","name":"Los pol\u00edticos Veracruz","description":"","publisher":{"@id":"https:\/\/lospoliticosveracruz.com\/#organization"},"potentialAction":[{"@type":"SearchAction","target":{"@type":"EntryPoint","urlTemplate":"https:\/\/lospoliticosveracruz.com\/?s={search_term_string}"},"query-input":{"@type":"PropertyValueSpecification","valueRequired":true,"valueName":"search_term_string"}}],"inLanguage":"es"},{"@type":"Organization","@id":"https:\/\/lospoliticosveracruz.com\/#organization","name":"Los pol\u00edticos Veracruz","url":"https:\/\/lospoliticosveracruz.com\/","logo":{"@type":"ImageObject","inLanguage":"es","@id":"https:\/\/lospoliticosveracruz.com\/#\/schema\/logo\/image\/","url":"https:\/\/lospoliticosveracruz.com\/wp-content\/uploads\/2025\/12\/Logo-Nuevo-LOS-POLITICOS-1.jpg","contentUrl":"https:\/\/lospoliticosveracruz.com\/wp-content\/uploads\/2025\/12\/Logo-Nuevo-LOS-POLITICOS-1.jpg","width":260,"height":70,"caption":"Los pol\u00edticos Veracruz"},"image":{"@id":"https:\/\/lospoliticosveracruz.com\/#\/schema\/logo\/image\/"},"sameAs":["https:\/\/www.facebook.com\/people\/Notimemes-de-los-Polticos\/61565672886568\/","https:\/\/x.com\/LosPoliticosVer"]},{"@type":"Person","@id":"https:\/\/lospoliticosveracruz.com\/#\/schema\/person\/b8702bb0e538456e6efd07080bf2a4a2","name":"Lo viste en Los Pol\u00edticos","image":{"@type":"ImageObject","inLanguage":"es","@id":"https:\/\/secure.gravatar.com\/avatar\/3a8de04a2656d44082be478bd6c086daa447c4651605818287b9532d3d0bd435?s=96&d=mm&r=g","url":"https:\/\/secure.gravatar.com\/avatar\/3a8de04a2656d44082be478bd6c086daa447c4651605818287b9532d3d0bd435?s=96&d=mm&r=g","contentUrl":"https:\/\/secure.gravatar.com\/avatar\/3a8de04a2656d44082be478bd6c086daa447c4651605818287b9532d3d0bd435?s=96&d=mm&r=g","caption":"Lo viste en Los Pol\u00edticos"},"url":"https:\/\/lospoliticosveracruz.com\/?author=2"}]}},"_links":{"self":[{"href":"https:\/\/lospoliticosveracruz.com\/index.php?rest_route=\/wp\/v2\/posts\/179683","targetHints":{"allow":["GET"]}}],"collection":[{"href":"https:\/\/lospoliticosveracruz.com\/index.php?rest_route=\/wp\/v2\/posts"}],"about":[{"href":"https:\/\/lospoliticosveracruz.com\/index.php?rest_route=\/wp\/v2\/types\/post"}],"author":[{"embeddable":true,"href":"https:\/\/lospoliticosveracruz.com\/index.php?rest_route=\/wp\/v2\/users\/2"}],"replies":[{"embeddable":true,"href":"https:\/\/lospoliticosveracruz.com\/index.php?rest_route=%2Fwp%2Fv2%2Fcomments&post=179683"}],"version-history":[{"count":1,"href":"https:\/\/lospoliticosveracruz.com\/index.php?rest_route=\/wp\/v2\/posts\/179683\/revisions"}],"predecessor-version":[{"id":179685,"href":"https:\/\/lospoliticosveracruz.com\/index.php?rest_route=\/wp\/v2\/posts\/179683\/revisions\/179685"}],"wp:featuredmedia":[{"embeddable":true,"href":"https:\/\/lospoliticosveracruz.com\/index.php?rest_route=\/wp\/v2\/media\/179684"}],"wp:attachment":[{"href":"https:\/\/lospoliticosveracruz.com\/index.php?rest_route=%2Fwp%2Fv2%2Fmedia&parent=179683"}],"wp:term":[{"taxonomy":"category","embeddable":true,"href":"https:\/\/lospoliticosveracruz.com\/index.php?rest_route=%2Fwp%2Fv2%2Fcategories&post=179683"},{"taxonomy":"post_tag","embeddable":true,"href":"https:\/\/lospoliticosveracruz.com\/index.php?rest_route=%2Fwp%2Fv2%2Ftags&post=179683"}],"curies":[{"name":"wp","href":"https:\/\/api.w.org\/{rel}","templated":true}]}}