{"id":179690,"date":"2026-08-31T18:30:49","date_gmt":"2026-09-01T00:30:49","guid":{"rendered":"https:\/\/lospoliticosveracruz.com\/?p=179690"},"modified":"2026-08-31T18:30:51","modified_gmt":"2026-09-01T00:30:51","slug":"arranca-boca-por-la-educacion","status":"publish","type":"post","link":"https:\/\/lospoliticosveracruz.com\/?p=179690","title":{"rendered":"ARRANCA BOCA POR LA EDUCACI\u00d3N!"},"content":{"rendered":"\n<p><\/p>\n\n\n\n<p>La Alcaldesa Maryjose Gamboa Torales puso oficialmente en marcha el programa municipal \u201cBoca por la Educaci\u00f3n\u201d, una iniciativa mediante la cual el Gobierno Municipal destinar\u00e1 dos millones de pesos para mejorar las condiciones de distintas escuelas p\u00fablicas de Boca del R\u00edo y contribuir a que estudiantes y docentes cuenten con espacios educativos m\u00e1s dignos y adecuados.<\/p>\n\n\n\n<p>Con esta inversi\u00f3n municipal, el Ayuntamiento refrenda que la educaci\u00f3n es una prioridad y que los recursos p\u00fablicos pueden convertirse en acciones concretas que beneficien directamente a las nuevas generaciones.<\/p>\n\n\n\n<p>La Presidenta Municipal destac\u00f3 que apoyar a las escuelas significa invertir en el presente y futuro de los ni\u00f1os y adolescentes de Boca del R\u00edo, fortaleciendo los espacios donde diariamente reciben su formaci\u00f3n y desarrollan sus capacidades.<\/p>\n\n\n\n<p>\u201cEste programa contempla la atenci\u00f3n de escuelas que tienen la documentaci\u00f3n necesaria. Y esto s\u00ed quiero coment\u00e1rselo a los padres de familia, porque son muchas las escuelas que se nos acercan todos los d\u00edas al municipio, sin embargo, pues la ley es muy espec\u00edfica, solamente como ayuntamiento podemos invertir en las escuelas que tienen escrituras\u201d.<\/p>\n\n\n\n<p>A trav\u00e9s de esta primera etapa de \u201cBoca por la Educaci\u00f3n\u201d, se beneficiar\u00e1 directamente a 920 alumnos y docentes de planteles ubicados en las colonias Carranza, Remes, Costa Verde, Paso Colorado, Adalberto Tejeda y San Jos\u00e9 Novillero, llevando mejoras a comunidades educativas que requieren atenci\u00f3n en su infraestructura.<\/p>\n\n\n\n<p>Las acciones que se realizar\u00e1n con este recurso municipal contemplan 820 metros cuadrados de impermeabilizaci\u00f3n y 5 mil metros cuadrados de pintura, trabajos que permitir\u00e1n mejorar las condiciones f\u00edsicas de seis instituciones educativas:<\/p>\n\n\n\n<p>Jard\u00edn de Ni\u00f1os Benito Ju\u00e1rez.<br>Jard\u00edn de Ni\u00f1os Manuel Guti\u00e9rrez Zamora.<br>Jard\u00edn de Ni\u00f1os Enriqueta Camarillo Zamora.<br>Jard\u00edn de Ni\u00f1os Graciela Rivera de Pozos.<br>Primaria Quetzalc\u00f3atl.<br>Secundaria T\u00e9cnica Pesquera No. 1147.<\/p>\n\n\n\n<p>Por otra parte, la Edil boque\u00f1a indic\u00f3 que las escuelas que no est\u00e9n debidamente escrituradas pueden acercarse con Gloria Elisa Bravo Bravo, Directora de Educaci\u00f3n Municipal, para recibir orientaci\u00f3n sobre el proceso que establece la Ley y conocer los pasos necesarios para obtener este importante documento.<\/p>\n\n\n\n<p>De esta manera, el Gobierno Municipal mantiene abierto el di\u00e1logo con las instituciones educativas y busca, dentro del marco de sus atribuciones, generar alternativas que permitan que un mayor n\u00famero de escuelas pueda acceder en el futuro a este tipo de apoyos.<\/p>\n\n\n\n<p>Finalmente, la Presidenta Municipal dio la bienvenida a todos los estudiantes de la Primaria Quetzalc\u00f3atl a este nuevo ciclo escolar, destacando que el inicio de \u201cBoca por la Educaci\u00f3n\u201d representa tambi\u00e9n el comienzo de una etapa de trabajo para mejorar los espacios donde estudian las nuevas generaciones.<\/p>\n\n\n\n<p>Con \u201cBoca por la Educaci\u00f3n\u201d, el Gobierno Municipal de Boca del R\u00edo convierte recursos p\u00fablicos en infraestructura educativa y reafirma una visi\u00f3n clara: invertir en las escuelas es invertir en los ni\u00f1os, en las familias y en el futuro de una ciudad que quiere seguir avanzando.<\/p>\n\n\n\n<p>Presentes estuvieron el S\u00edndico \u00danico, Sebasti\u00e1n Silva S\u00e1nchez; Liliana Lugo, Directora de la Escuela Primaria Quetzalc\u00f3atl, Jorge Loman, Coordinador General de Obras; Melina Rivera Robert, Regidora Primera con la Comisi\u00f3n de Educaci\u00f3n; Gloria Bravo; Directora de Educaci\u00f3n Municipal; Mario Alberto Elizalde P\u00e9rez; Director de Obras P\u00fablicas y Mar\u00eda Josefa Mu\u00f1oz Carmona, Tesorera de la Asociaci\u00f3n de Padres de Familia.<\/p>\n\n\n\n<p><\/p>\n","protected":false},"excerpt":{"rendered":"<p>La Alcaldesa Maryjose Gamboa Torales puso oficialmente en marcha el programa municipal \u201cBoca por la Educaci\u00f3n\u201d, una iniciativa mediante la cual el Gobierno Municipal destinar\u00e1 dos millones de pesos para mejorar las condiciones de distintas escuelas p\u00fablicas de Boca del R\u00edo y contribuir a que estudiantes y docentes cuenten con espacios educativos m\u00e1s dignos y [&hellip;]<\/p>\n","protected":false},"author":2,"featured_media":179691,"comment_status":"closed","ping_status":"closed","sticky":false,"template":"","format":"standard","meta":{"tdm_status":"","tdm_grid_status":"","footnotes":""},"categories":[73],"tags":[601,70955,1030,4687,15280,25282,1937],"class_list":{"0":"post-179690","1":"post","2":"type-post","3":"status-publish","4":"format-standard","5":"has-post-thumbnail","7":"category-de-boleto","8":"tag-boca-del-rio","9":"tag-boca-por-la-educacion","10":"tag-educacion","11":"tag-escuelas","12":"tag-infraestructura-educativa","13":"tag-inversion-publica","14":"tag-maryjose-gamboa"},"yoast_head":"<!-- This site is optimized with the Yoast SEO plugin v28.1 - https:\/\/yoast.com\/product\/yoast-seo-wordpress\/ -->\n<title>ARRANCA BOCA POR LA EDUCACI\u00d3N! - Los pol\u00edticos Veracruz<\/title>\n<meta name=\"robots\" content=\"index, follow, max-snippet:-1, max-image-preview:large, max-video-preview:-1\" \/>\n<link rel=\"canonical\" href=\"https:\/\/lospoliticosveracruz.com\/?p=179690\" \/>\n<meta property=\"og:locale\" content=\"es_ES\" \/>\n<meta property=\"og:type\" content=\"article\" \/>\n<meta property=\"og:title\" content=\"ARRANCA BOCA POR LA EDUCACI\u00d3N! - Los pol\u00edticos Veracruz\" \/>\n<meta property=\"og:description\" content=\"La Alcaldesa Maryjose Gamboa Torales puso oficialmente en marcha el programa municipal \u201cBoca por la Educaci\u00f3n\u201d, una iniciativa mediante la cual el Gobierno Municipal destinar\u00e1 dos millones de pesos para mejorar las condiciones de distintas escuelas p\u00fablicas de Boca del R\u00edo y contribuir a que estudiantes y docentes cuenten con espacios educativos m\u00e1s dignos y [&hellip;]\" \/>\n<meta property=\"og:url\" content=\"https:\/\/lospoliticosveracruz.com\/?p=179690\" \/>\n<meta property=\"og:site_name\" content=\"Los pol\u00edticos Veracruz\" \/>\n<meta property=\"article:publisher\" content=\"https:\/\/www.facebook.com\/people\/Notimemes-de-los-Polticos\/61565672886568\/\" \/>\n<meta property=\"article:published_time\" content=\"2026-09-01T00:30:49+00:00\" \/>\n<meta property=\"article:modified_time\" content=\"2026-09-01T00:30:51+00:00\" \/>\n<meta property=\"og:image\" content=\"https:\/\/lospoliticosveracruz.com\/wp-content\/uploads\/2026\/08\/Mary.jpg\" \/>\n\t<meta property=\"og:image:width\" content=\"600\" \/>\n\t<meta property=\"og:image:height\" content=\"320\" \/>\n\t<meta property=\"og:image:type\" content=\"image\/jpeg\" \/>\n<meta name=\"author\" content=\"Lo viste en Los Pol\u00edticos\" \/>\n<meta name=\"twitter:card\" content=\"summary_large_image\" \/>\n<meta name=\"twitter:creator\" content=\"@LosPoliticosVer\" \/>\n<meta name=\"twitter:site\" content=\"@LosPoliticosVer\" \/>\n<meta name=\"twitter:label1\" content=\"Escrito por\" \/>\n\t<meta name=\"twitter:data1\" content=\"Lo viste en Los Pol\u00edticos\" \/>\n\t<meta name=\"twitter:label2\" content=\"Tiempo de lectura\" \/>\n\t<meta name=\"twitter:data2\" content=\"3 minutos\" \/>\n<script type=\"application\/ld+json\" class=\"yoast-schema-graph\">{\"@context\":\"https:\\\/\\\/schema.org\",\"@graph\":[{\"@type\":\"Article\",\"@id\":\"https:\\\/\\\/lospoliticosveracruz.com\\\/?p=179690#article\",\"isPartOf\":{\"@id\":\"https:\\\/\\\/lospoliticosveracruz.com\\\/?p=179690\"},\"author\":{\"name\":\"Lo viste en Los Pol\u00edticos\",\"@id\":\"https:\\\/\\\/lospoliticosveracruz.com\\\/#\\\/schema\\\/person\\\/b8702bb0e538456e6efd07080bf2a4a2\"},\"headline\":\"ARRANCA BOCA POR LA EDUCACI\u00d3N!\",\"datePublished\":\"2026-09-01T00:30:49+00:00\",\"dateModified\":\"2026-09-01T00:30:51+00:00\",\"mainEntityOfPage\":{\"@id\":\"https:\\\/\\\/lospoliticosveracruz.com\\\/?p=179690\"},\"wordCount\":592,\"publisher\":{\"@id\":\"https:\\\/\\\/lospoliticosveracruz.com\\\/#organization\"},\"image\":{\"@id\":\"https:\\\/\\\/lospoliticosveracruz.com\\\/?p=179690#primaryimage\"},\"thumbnailUrl\":\"https:\\\/\\\/lospoliticosveracruz.com\\\/wp-content\\\/uploads\\\/2026\\\/08\\\/Mary.jpg\",\"keywords\":[\"Boca del R\u00edo\",\"Boca por la Educaci\u00f3n\",\"educaci\u00f3n\",\"Escuelas\",\"infraestructura educativa\",\"Inversi\u00f3n P\u00fablica\",\"Maryjose Gamboa\"],\"articleSection\":[\"De Boleto\"],\"inLanguage\":\"es\"},{\"@type\":\"WebPage\",\"@id\":\"https:\\\/\\\/lospoliticosveracruz.com\\\/?p=179690\",\"url\":\"https:\\\/\\\/lospoliticosveracruz.com\\\/?p=179690\",\"name\":\"ARRANCA BOCA POR LA EDUCACI\u00d3N! - Los pol\u00edticos Veracruz\",\"isPartOf\":{\"@id\":\"https:\\\/\\\/lospoliticosveracruz.com\\\/#website\"},\"primaryImageOfPage\":{\"@id\":\"https:\\\/\\\/lospoliticosveracruz.com\\\/?p=179690#primaryimage\"},\"image\":{\"@id\":\"https:\\\/\\\/lospoliticosveracruz.com\\\/?p=179690#primaryimage\"},\"thumbnailUrl\":\"https:\\\/\\\/lospoliticosveracruz.com\\\/wp-content\\\/uploads\\\/2026\\\/08\\\/Mary.jpg\",\"datePublished\":\"2026-09-01T00:30:49+00:00\",\"dateModified\":\"2026-09-01T00:30:51+00:00\",\"breadcrumb\":{\"@id\":\"https:\\\/\\\/lospoliticosveracruz.com\\\/?p=179690#breadcrumb\"},\"inLanguage\":\"es\",\"potentialAction\":[{\"@type\":\"ReadAction\",\"target\":[\"https:\\\/\\\/lospoliticosveracruz.com\\\/?p=179690\"]}]},{\"@type\":\"ImageObject\",\"inLanguage\":\"es\",\"@id\":\"https:\\\/\\\/lospoliticosveracruz.com\\\/?p=179690#primaryimage\",\"url\":\"https:\\\/\\\/lospoliticosveracruz.com\\\/wp-content\\\/uploads\\\/2026\\\/08\\\/Mary.jpg\",\"contentUrl\":\"https:\\\/\\\/lospoliticosveracruz.com\\\/wp-content\\\/uploads\\\/2026\\\/08\\\/Mary.jpg\",\"width\":600,\"height\":320},{\"@type\":\"BreadcrumbList\",\"@id\":\"https:\\\/\\\/lospoliticosveracruz.com\\\/?p=179690#breadcrumb\",\"itemListElement\":[{\"@type\":\"ListItem\",\"position\":1,\"name\":\"Portada\",\"item\":\"https:\\\/\\\/lospoliticosveracruz.com\\\/\"},{\"@type\":\"ListItem\",\"position\":2,\"name\":\"ARRANCA BOCA POR LA EDUCACI\u00d3N!\"}]},{\"@type\":\"WebSite\",\"@id\":\"https:\\\/\\\/lospoliticosveracruz.com\\\/#website\",\"url\":\"https:\\\/\\\/lospoliticosveracruz.com\\\/\",\"name\":\"Los pol\u00edticos Veracruz\",\"description\":\"\",\"publisher\":{\"@id\":\"https:\\\/\\\/lospoliticosveracruz.com\\\/#organization\"},\"potentialAction\":[{\"@type\":\"SearchAction\",\"target\":{\"@type\":\"EntryPoint\",\"urlTemplate\":\"https:\\\/\\\/lospoliticosveracruz.com\\\/?s={search_term_string}\"},\"query-input\":{\"@type\":\"PropertyValueSpecification\",\"valueRequired\":true,\"valueName\":\"search_term_string\"}}],\"inLanguage\":\"es\"},{\"@type\":\"Organization\",\"@id\":\"https:\\\/\\\/lospoliticosveracruz.com\\\/#organization\",\"name\":\"Los pol\u00edticos Veracruz\",\"url\":\"https:\\\/\\\/lospoliticosveracruz.com\\\/\",\"logo\":{\"@type\":\"ImageObject\",\"inLanguage\":\"es\",\"@id\":\"https:\\\/\\\/lospoliticosveracruz.com\\\/#\\\/schema\\\/logo\\\/image\\\/\",\"url\":\"https:\\\/\\\/lospoliticosveracruz.com\\\/wp-content\\\/uploads\\\/2025\\\/12\\\/Logo-Nuevo-LOS-POLITICOS-1.jpg\",\"contentUrl\":\"https:\\\/\\\/lospoliticosveracruz.com\\\/wp-content\\\/uploads\\\/2025\\\/12\\\/Logo-Nuevo-LOS-POLITICOS-1.jpg\",\"width\":260,\"height\":70,\"caption\":\"Los pol\u00edticos Veracruz\"},\"image\":{\"@id\":\"https:\\\/\\\/lospoliticosveracruz.com\\\/#\\\/schema\\\/logo\\\/image\\\/\"},\"sameAs\":[\"https:\\\/\\\/www.facebook.com\\\/people\\\/Notimemes-de-los-Polticos\\\/61565672886568\\\/\",\"https:\\\/\\\/x.com\\\/LosPoliticosVer\"]},{\"@type\":\"Person\",\"@id\":\"https:\\\/\\\/lospoliticosveracruz.com\\\/#\\\/schema\\\/person\\\/b8702bb0e538456e6efd07080bf2a4a2\",\"name\":\"Lo viste en Los Pol\u00edticos\",\"image\":{\"@type\":\"ImageObject\",\"inLanguage\":\"es\",\"@id\":\"https:\\\/\\\/secure.gravatar.com\\\/avatar\\\/3a8de04a2656d44082be478bd6c086daa447c4651605818287b9532d3d0bd435?s=96&d=mm&r=g\",\"url\":\"https:\\\/\\\/secure.gravatar.com\\\/avatar\\\/3a8de04a2656d44082be478bd6c086daa447c4651605818287b9532d3d0bd435?s=96&d=mm&r=g\",\"contentUrl\":\"https:\\\/\\\/secure.gravatar.com\\\/avatar\\\/3a8de04a2656d44082be478bd6c086daa447c4651605818287b9532d3d0bd435?s=96&d=mm&r=g\",\"caption\":\"Lo viste en Los Pol\u00edticos\"},\"url\":\"https:\\\/\\\/lospoliticosveracruz.com\\\/?author=2\"}]}<\/script>\n<!-- \/ Yoast SEO plugin. -->","yoast_head_json":{"title":"ARRANCA BOCA POR LA EDUCACI\u00d3N! - Los pol\u00edticos Veracruz","robots":{"index":"index","follow":"follow","max-snippet":"max-snippet:-1","max-image-preview":"max-image-preview:large","max-video-preview":"max-video-preview:-1"},"canonical":"https:\/\/lospoliticosveracruz.com\/?p=179690","og_locale":"es_ES","og_type":"article","og_title":"ARRANCA BOCA POR LA EDUCACI\u00d3N! - Los pol\u00edticos Veracruz","og_description":"La Alcaldesa Maryjose Gamboa Torales puso oficialmente en marcha el programa municipal \u201cBoca por la Educaci\u00f3n\u201d, una iniciativa mediante la cual el Gobierno Municipal destinar\u00e1 dos millones de pesos para mejorar las condiciones de distintas escuelas p\u00fablicas de Boca del R\u00edo y contribuir a que estudiantes y docentes cuenten con espacios educativos m\u00e1s dignos y [&hellip;]","og_url":"https:\/\/lospoliticosveracruz.com\/?p=179690","og_site_name":"Los pol\u00edticos Veracruz","article_publisher":"https:\/\/www.facebook.com\/people\/Notimemes-de-los-Polticos\/61565672886568\/","article_published_time":"2026-09-01T00:30:49+00:00","article_modified_time":"2026-09-01T00:30:51+00:00","og_image":[{"width":600,"height":320,"url":"https:\/\/lospoliticosveracruz.com\/wp-content\/uploads\/2026\/08\/Mary.jpg","type":"image\/jpeg"}],"author":"Lo viste en Los Pol\u00edticos","twitter_card":"summary_large_image","twitter_creator":"@LosPoliticosVer","twitter_site":"@LosPoliticosVer","twitter_misc":{"Escrito por":"Lo viste en Los Pol\u00edticos","Tiempo de lectura":"3 minutos"},"schema":{"@context":"https:\/\/schema.org","@graph":[{"@type":"Article","@id":"https:\/\/lospoliticosveracruz.com\/?p=179690#article","isPartOf":{"@id":"https:\/\/lospoliticosveracruz.com\/?p=179690"},"author":{"name":"Lo viste en Los Pol\u00edticos","@id":"https:\/\/lospoliticosveracruz.com\/#\/schema\/person\/b8702bb0e538456e6efd07080bf2a4a2"},"headline":"ARRANCA BOCA POR LA EDUCACI\u00d3N!","datePublished":"2026-09-01T00:30:49+00:00","dateModified":"2026-09-01T00:30:51+00:00","mainEntityOfPage":{"@id":"https:\/\/lospoliticosveracruz.com\/?p=179690"},"wordCount":592,"publisher":{"@id":"https:\/\/lospoliticosveracruz.com\/#organization"},"image":{"@id":"https:\/\/lospoliticosveracruz.com\/?p=179690#primaryimage"},"thumbnailUrl":"https:\/\/lospoliticosveracruz.com\/wp-content\/uploads\/2026\/08\/Mary.jpg","keywords":["Boca del R\u00edo","Boca por la Educaci\u00f3n","educaci\u00f3n","Escuelas","infraestructura educativa","Inversi\u00f3n P\u00fablica","Maryjose Gamboa"],"articleSection":["De Boleto"],"inLanguage":"es"},{"@type":"WebPage","@id":"https:\/\/lospoliticosveracruz.com\/?p=179690","url":"https:\/\/lospoliticosveracruz.com\/?p=179690","name":"ARRANCA BOCA POR LA EDUCACI\u00d3N! - Los pol\u00edticos Veracruz","isPartOf":{"@id":"https:\/\/lospoliticosveracruz.com\/#website"},"primaryImageOfPage":{"@id":"https:\/\/lospoliticosveracruz.com\/?p=179690#primaryimage"},"image":{"@id":"https:\/\/lospoliticosveracruz.com\/?p=179690#primaryimage"},"thumbnailUrl":"https:\/\/lospoliticosveracruz.com\/wp-content\/uploads\/2026\/08\/Mary.jpg","datePublished":"2026-09-01T00:30:49+00:00","dateModified":"2026-09-01T00:30:51+00:00","breadcrumb":{"@id":"https:\/\/lospoliticosveracruz.com\/?p=179690#breadcrumb"},"inLanguage":"es","potentialAction":[{"@type":"ReadAction","target":["https:\/\/lospoliticosveracruz.com\/?p=179690"]}]},{"@type":"ImageObject","inLanguage":"es","@id":"https:\/\/lospoliticosveracruz.com\/?p=179690#primaryimage","url":"https:\/\/lospoliticosveracruz.com\/wp-content\/uploads\/2026\/08\/Mary.jpg","contentUrl":"https:\/\/lospoliticosveracruz.com\/wp-content\/uploads\/2026\/08\/Mary.jpg","width":600,"height":320},{"@type":"BreadcrumbList","@id":"https:\/\/lospoliticosveracruz.com\/?p=179690#breadcrumb","itemListElement":[{"@type":"ListItem","position":1,"name":"Portada","item":"https:\/\/lospoliticosveracruz.com\/"},{"@type":"ListItem","position":2,"name":"ARRANCA BOCA POR LA EDUCACI\u00d3N!"}]},{"@type":"WebSite","@id":"https:\/\/lospoliticosveracruz.com\/#website","url":"https:\/\/lospoliticosveracruz.com\/","name":"Los pol\u00edticos Veracruz","description":"","publisher":{"@id":"https:\/\/lospoliticosveracruz.com\/#organization"},"potentialAction":[{"@type":"SearchAction","target":{"@type":"EntryPoint","urlTemplate":"https:\/\/lospoliticosveracruz.com\/?s={search_term_string}"},"query-input":{"@type":"PropertyValueSpecification","valueRequired":true,"valueName":"search_term_string"}}],"inLanguage":"es"},{"@type":"Organization","@id":"https:\/\/lospoliticosveracruz.com\/#organization","name":"Los pol\u00edticos Veracruz","url":"https:\/\/lospoliticosveracruz.com\/","logo":{"@type":"ImageObject","inLanguage":"es","@id":"https:\/\/lospoliticosveracruz.com\/#\/schema\/logo\/image\/","url":"https:\/\/lospoliticosveracruz.com\/wp-content\/uploads\/2025\/12\/Logo-Nuevo-LOS-POLITICOS-1.jpg","contentUrl":"https:\/\/lospoliticosveracruz.com\/wp-content\/uploads\/2025\/12\/Logo-Nuevo-LOS-POLITICOS-1.jpg","width":260,"height":70,"caption":"Los pol\u00edticos Veracruz"},"image":{"@id":"https:\/\/lospoliticosveracruz.com\/#\/schema\/logo\/image\/"},"sameAs":["https:\/\/www.facebook.com\/people\/Notimemes-de-los-Polticos\/61565672886568\/","https:\/\/x.com\/LosPoliticosVer"]},{"@type":"Person","@id":"https:\/\/lospoliticosveracruz.com\/#\/schema\/person\/b8702bb0e538456e6efd07080bf2a4a2","name":"Lo viste en Los Pol\u00edticos","image":{"@type":"ImageObject","inLanguage":"es","@id":"https:\/\/secure.gravatar.com\/avatar\/3a8de04a2656d44082be478bd6c086daa447c4651605818287b9532d3d0bd435?s=96&d=mm&r=g","url":"https:\/\/secure.gravatar.com\/avatar\/3a8de04a2656d44082be478bd6c086daa447c4651605818287b9532d3d0bd435?s=96&d=mm&r=g","contentUrl":"https:\/\/secure.gravatar.com\/avatar\/3a8de04a2656d44082be478bd6c086daa447c4651605818287b9532d3d0bd435?s=96&d=mm&r=g","caption":"Lo viste en Los Pol\u00edticos"},"url":"https:\/\/lospoliticosveracruz.com\/?author=2"}]}},"_links":{"self":[{"href":"https:\/\/lospoliticosveracruz.com\/index.php?rest_route=\/wp\/v2\/posts\/179690","targetHints":{"allow":["GET"]}}],"collection":[{"href":"https:\/\/lospoliticosveracruz.com\/index.php?rest_route=\/wp\/v2\/posts"}],"about":[{"href":"https:\/\/lospoliticosveracruz.com\/index.php?rest_route=\/wp\/v2\/types\/post"}],"author":[{"embeddable":true,"href":"https:\/\/lospoliticosveracruz.com\/index.php?rest_route=\/wp\/v2\/users\/2"}],"replies":[{"embeddable":true,"href":"https:\/\/lospoliticosveracruz.com\/index.php?rest_route=%2Fwp%2Fv2%2Fcomments&post=179690"}],"version-history":[{"count":1,"href":"https:\/\/lospoliticosveracruz.com\/index.php?rest_route=\/wp\/v2\/posts\/179690\/revisions"}],"predecessor-version":[{"id":179692,"href":"https:\/\/lospoliticosveracruz.com\/index.php?rest_route=\/wp\/v2\/posts\/179690\/revisions\/179692"}],"wp:featuredmedia":[{"embeddable":true,"href":"https:\/\/lospoliticosveracruz.com\/index.php?rest_route=\/wp\/v2\/media\/179691"}],"wp:attachment":[{"href":"https:\/\/lospoliticosveracruz.com\/index.php?rest_route=%2Fwp%2Fv2%2Fmedia&parent=179690"}],"wp:term":[{"taxonomy":"category","embeddable":true,"href":"https:\/\/lospoliticosveracruz.com\/index.php?rest_route=%2Fwp%2Fv2%2Fcategories&post=179690"},{"taxonomy":"post_tag","embeddable":true,"href":"https:\/\/lospoliticosveracruz.com\/index.php?rest_route=%2Fwp%2Fv2%2Ftags&post=179690"}],"curies":[{"name":"wp","href":"https:\/\/api.w.org\/{rel}","templated":true}]}}