{"id":179693,"date":"2026-08-31T18:33:29","date_gmt":"2026-09-01T00:33:29","guid":{"rendered":"https:\/\/lospoliticosveracruz.com\/?p=179693"},"modified":"2026-08-31T18:33:31","modified_gmt":"2026-09-01T00:33:31","slug":"pepe-sigue-y-seguira-en-el-pri-alito","status":"publish","type":"post","link":"https:\/\/lospoliticosveracruz.com\/?p=179693","title":{"rendered":"PEPE SIGUE Y SEGUIR\u00c1 EN EL PRI: ALITO"},"content":{"rendered":"<div class=\"wp-block-image\">\n<figure class=\"alignleft size-large is-resized\"><a href=\"https:\/\/lospoliticosveracruz.com\/wp-content\/uploads\/2026\/08\/Tu-Plan-Xalapa.jpg\"><img loading=\"lazy\" decoding=\"async\" width=\"1024\" height=\"854\" src=\"https:\/\/lospoliticosveracruz.com\/wp-content\/uploads\/2026\/08\/Tu-Plan-Xalapa-1024x854.jpg\" alt=\"\" class=\"wp-image-177789\" style=\"width:421px;height:auto\" srcset=\"https:\/\/lospoliticosveracruz.com\/wp-content\/uploads\/2026\/08\/Tu-Plan-Xalapa-1024x854.jpg 1024w, https:\/\/lospoliticosveracruz.com\/wp-content\/uploads\/2026\/08\/Tu-Plan-Xalapa-300x250.jpg 300w, https:\/\/lospoliticosveracruz.com\/wp-content\/uploads\/2026\/08\/Tu-Plan-Xalapa-768x640.jpg 768w, https:\/\/lospoliticosveracruz.com\/wp-content\/uploads\/2026\/08\/Tu-Plan-Xalapa-504x420.jpg 504w, https:\/\/lospoliticosveracruz.com\/wp-content\/uploads\/2026\/08\/Tu-Plan-Xalapa-150x125.jpg 150w, https:\/\/lospoliticosveracruz.com\/wp-content\/uploads\/2026\/08\/Tu-Plan-Xalapa-696x580.jpg 696w, https:\/\/lospoliticosveracruz.com\/wp-content\/uploads\/2026\/08\/Tu-Plan-Xalapa-1068x890.jpg 1068w, https:\/\/lospoliticosveracruz.com\/wp-content\/uploads\/2026\/08\/Tu-Plan-Xalapa.jpg 1400w\" sizes=\"auto, (max-width: 1024px) 100vw, 1024px\" \/><\/a><\/figure>\n<\/div>\n\n\n<p><strong>\u00c1ngeles Gonz\u00e1lez Ceballos<\/strong><\/p>\n\n\n\n<p>\u200bEl dirigente nacional del Partido Revolucionario Institucional (PRI), Alejandro Moreno, manifest\u00f3 que junto con Pepe Yunes, se hizo el compromiso de construir un \u00abgran frente pol\u00edtico amplio\u00bb en Veracruz, con lo que se descarta que se vaya a otro partido.<\/p>\n\n\n\n<p>\u200bEn conferencia de prensa, la tarde de este lunes, refiri\u00f3 que esto mismo lo est\u00e1n haciendo a nivel nacional desde la militancia pri\u00edsta.<\/p>\n\n\n\n<p>\u200b\u00bbNos tenemos que sentar con todos, por eso Pepe tiene nuestro reconocimiento, aqu\u00ed est\u00e1 con nosotros, es un hombre serio, es el hombre que necesita Veracruz y ha quedado acreditado, en los dichos y en los hechos, despu\u00e9s de lo que sucedi\u00f3 en la elecci\u00f3n en donde Morena de una elecci\u00f3n a otra perdi\u00f3 m\u00e1s de un mill\u00f3n de votos\u00bb, enfatiz\u00f3.<\/p>\n\n\n\n<p>\u200bSostuvo que Pepe Yunes es un hombre probo, serio, militante del PRI y no s\u00f3lo tiene el respaldo del Tricolor para construir un gran frente amplio, sino tambi\u00e9n para construir una gran coalici\u00f3n y ganar las elecciones.<\/p>\n\n\n\n<p>\u200bAh\u00ed, Alito Moreno recalc\u00f3 que Morena, en el pasado proceso electoral, de los 212 municipios, el Partido gan\u00f3 solo 10 y 11 municipios, todo lo dem\u00e1s, lo gan\u00f3 en coalici\u00f3n.<\/p>\n\n\n\n<p>\u200bEn ese sentido, asegur\u00f3 que las coaliciones llegaron para quedarse, por lo que el PRI ha avanzado, pero tiene grandes retos.<\/p>\n\n\n\n<p>\u200bManifest\u00f3 que desde las dirigencias locales est\u00e1n trabajando para identificar d\u00f3nde son competitivos.<\/p>\n\n\n\n<p>\u200bEl l\u00edder tricolor afirm\u00f3 que la prioridad es la defensa democr\u00e1tica sobre cualquier sigla partidista.<\/p>\n\n\n\n<p>\u00abAntes de ser priistas, panistas, emecistas o de cualquier partido pol\u00edtico, somos mexicanos y hay que defender la democracia, y hay que defender la libertad, y nosotros siempre iremos en la competitividad\u00bb, asever\u00f3.<\/p>\n\n\n\n<p>Respecto de qui\u00e9n debe encabezar la alianza hacia los pr\u00f3ximos comicios del 2027 y 2030, respondi\u00f3 que el que sea m\u00e1s competitivo.<\/p>\n\n\n\n<p>\u00ab\u00bfQu\u00e9 se hace? Construir una agenda comprometida en salud, en educaci\u00f3n, que vayan las propuestas, y el que sea m\u00e1s competitivo, ir a la elecci\u00f3n\u00bb, coment\u00f3.<\/p>\n\n\n\n<p>\u200bSobre los se\u00f1alamientos en su contra, Alejandro Moreno denunci\u00f3 que la embestida institucional continua.<\/p>\n\n\n\n<p>\u00abT\u00fa sabes que a lo largo de los \u00faltimos 8 a\u00f1os ha habido una persecuci\u00f3n pol\u00edtica brutal en contra de m\u00ed, de mi familia, de mi esposa, de mis hijos. Les he ganado absolutamente todo con resoluciones judiciales, no tengo nada que esconder, nada que esconder.<\/p>\n\n\n\n<p>Y a m\u00ed no me van a callar, a m\u00ed no me van a doblar, yo estoy echado para adelante\u00bb, extern\u00f3.<\/p>\n\n\n\n<p>\u200bAsimismo, calific\u00f3 la estrategia del partido oficial como un intento por neutralizar a la oposici\u00f3n.<\/p>\n\n\n\n<p>\u00abEst\u00e1n desesperados, \u00bfy qu\u00e9 es lo que quieren? Descarrilarme a m\u00ed, descarrilar al PRI para no ganarles en el 27 y que no compitamos y les ganemos la Presidencia de la Rep\u00fablica en el 2030. Entonces est\u00e1 muy clara la estrategia de Morena: tratar de eliminar al l\u00edder opositor m\u00e1s destacado en este pa\u00eds\u00bb, apunt\u00f3.<\/p>\n\n\n\n<p>A la par, critic\u00f3 el manejo de la seguridad p\u00fablica y el sistema de salud.<\/p>\n\n\n\n<p>\u00abLos criminales, los que lastiman a las familias mexicanas, los que lastiman a las familias en Veracruz y en todo el Pa\u00eds, s\u00f3lo tienen dos lugares: la c\u00e1rcel o el cementerio. As\u00ed debe de ser. \u00bfPor qu\u00e9?, porque se tiene que resolver la paz, la armon\u00eda y la tranquilidad\u00bb, puntualiz\u00f3.<br>\u200b<br>Sobre los filtros para evitar candidaturas vinculadas con el crimen organizado en el proceso electoral local del pr\u00f3ximo a\u00f1o, Moreno C\u00e1rdenas precis\u00f3 que el<br>Partido agotar\u00e1 los requisitos de Ley.<\/p>\n\n\n\n<p>\u00abNosotros haremos todo para que la postulaci\u00f3n, los candidatos que participan, cumplan con los requisitos de elegibilidad, pero tambi\u00e9n la autoridad tiene que estar pendiente si hay se\u00f1alamientos, si hay investigaciones\u00bb, explic\u00f3.<\/p>\n\n\n\n<p>\u200bNo obstante, el dirigente priista cuestion\u00f3 el uso selectivo de los se\u00f1alamientos por parte de los adversarios.<\/p>\n\n\n\n<p>\u00ab\u00a1Qu\u00e9 casualidad! Cuando se van a postular por el PRI, los denuncian, les hacen las campa\u00f1as medi\u00e1ticas, los linchan\u2026 \u00a1ah, pero qu\u00e9 ching\u00f3n cuando se los llevan con estos narcopol\u00edticos de Morena! Pues ah\u00ed s\u00ed pueden competir\u00bb, acus\u00f3.<\/p>\n\n\n\n<p>A\u00f1adi\u00f3 que existe una constante \u00abintromisi\u00f3n de las elecciones de Estado, el terrorismo de Estado, el terrorismo judicial\u00bb.<\/p>\n\n\n\n<p>\u200bFinalmente, Alito Moreno advirti\u00f3 que continuar\u00e1 con las acciones ante instancias internacionales para exponer las irregularidades del sistema pol\u00edtico mexicano.<\/p>\n\n\n\n<p>\u00abLos hemos denunciado en los Estados Unidos, en los organismos multilaterales; los hemos denunciado en todos los organismos en Europa, en todos lados. Entonces hay que denunciarlos, hay que denunciarlos aqu\u00ed y a nivel internacional, y poner los ojos del mundo en M\u00e9xico, porque aqu\u00ed est\u00e1n destruyendo el r\u00e9gimen democr\u00e1tico, las libertades y las elecciones, y no lo podemos permitir\u00bb, concluy\u00f3.<\/p>\n","protected":false},"excerpt":{"rendered":"<p>\u00c1ngeles Gonz\u00e1lez Ceballos \u200bEl dirigente nacional del Partido Revolucionario Institucional (PRI), Alejandro Moreno, manifest\u00f3 que junto con Pepe Yunes, se hizo el compromiso de construir un \u00abgran frente pol\u00edtico amplio\u00bb en Veracruz, con lo que se descarta que se vaya a otro partido. \u200bEn conferencia de prensa, la tarde de este lunes, refiri\u00f3 que esto [&hellip;]<\/p>\n","protected":false},"author":2,"featured_media":179694,"comment_status":"closed","ping_status":"closed","sticky":false,"template":"","format":"standard","meta":{"tdm_status":"","tdm_grid_status":"","footnotes":""},"categories":[6446],"tags":[14170,49986,44891,1026,570,251,195],"class_list":{"0":"post-179693","1":"post","2":"type-post","3":"status-publish","4":"format-standard","5":"has-post-thumbnail","7":"category-la-nota","8":"tag-alejandro-moreno","9":"tag-angeles-gonzalez-ceballos","10":"tag-elecciones-2027","11":"tag-morena","12":"tag-pepe-yunes","13":"tag-pri","14":"tag-veracruz"},"yoast_head":"<!-- This site is optimized with the Yoast SEO plugin v28.1 - https:\/\/yoast.com\/product\/yoast-seo-wordpress\/ -->\n<title>PEPE SIGUE Y SEGUIR\u00c1 EN EL PRI: ALITO - Los pol\u00edticos Veracruz<\/title>\n<meta name=\"robots\" content=\"index, follow, max-snippet:-1, max-image-preview:large, max-video-preview:-1\" \/>\n<link rel=\"canonical\" href=\"https:\/\/lospoliticosveracruz.com\/?p=179693\" \/>\n<meta property=\"og:locale\" content=\"es_ES\" \/>\n<meta property=\"og:type\" content=\"article\" \/>\n<meta property=\"og:title\" content=\"PEPE SIGUE Y SEGUIR\u00c1 EN EL PRI: ALITO - Los pol\u00edticos Veracruz\" \/>\n<meta property=\"og:description\" content=\"\u00c1ngeles Gonz\u00e1lez Ceballos \u200bEl dirigente nacional del Partido Revolucionario Institucional (PRI), Alejandro Moreno, manifest\u00f3 que junto con Pepe Yunes, se hizo el compromiso de construir un \u00abgran frente pol\u00edtico amplio\u00bb en Veracruz, con lo que se descarta que se vaya a otro partido. \u200bEn conferencia de prensa, la tarde de este lunes, refiri\u00f3 que esto [&hellip;]\" \/>\n<meta property=\"og:url\" content=\"https:\/\/lospoliticosveracruz.com\/?p=179693\" \/>\n<meta property=\"og:site_name\" content=\"Los pol\u00edticos Veracruz\" \/>\n<meta property=\"article:publisher\" content=\"https:\/\/www.facebook.com\/people\/Notimemes-de-los-Polticos\/61565672886568\/\" \/>\n<meta property=\"article:published_time\" content=\"2026-09-01T00:33:29+00:00\" \/>\n<meta property=\"article:modified_time\" content=\"2026-09-01T00:33:31+00:00\" \/>\n<meta property=\"og:image\" content=\"https:\/\/lospoliticosveracruz.com\/wp-content\/uploads\/2026\/08\/PRI-Alito.jpg\" \/>\n\t<meta property=\"og:image:width\" content=\"600\" \/>\n\t<meta property=\"og:image:height\" content=\"320\" \/>\n\t<meta property=\"og:image:type\" content=\"image\/jpeg\" \/>\n<meta name=\"author\" content=\"Lo viste en Los Pol\u00edticos\" \/>\n<meta name=\"twitter:card\" content=\"summary_large_image\" \/>\n<meta name=\"twitter:creator\" content=\"@LosPoliticosVer\" \/>\n<meta name=\"twitter:site\" content=\"@LosPoliticosVer\" \/>\n<meta name=\"twitter:label1\" content=\"Escrito por\" \/>\n\t<meta name=\"twitter:data1\" content=\"Lo viste en Los Pol\u00edticos\" \/>\n\t<meta name=\"twitter:label2\" content=\"Tiempo de lectura\" \/>\n\t<meta name=\"twitter:data2\" content=\"4 minutos\" \/>\n<script type=\"application\/ld+json\" class=\"yoast-schema-graph\">{\"@context\":\"https:\\\/\\\/schema.org\",\"@graph\":[{\"@type\":\"Article\",\"@id\":\"https:\\\/\\\/lospoliticosveracruz.com\\\/?p=179693#article\",\"isPartOf\":{\"@id\":\"https:\\\/\\\/lospoliticosveracruz.com\\\/?p=179693\"},\"author\":{\"name\":\"Lo viste en Los Pol\u00edticos\",\"@id\":\"https:\\\/\\\/lospoliticosveracruz.com\\\/#\\\/schema\\\/person\\\/b8702bb0e538456e6efd07080bf2a4a2\"},\"headline\":\"PEPE SIGUE Y SEGUIR\u00c1 EN EL PRI: ALITO\",\"datePublished\":\"2026-09-01T00:33:29+00:00\",\"dateModified\":\"2026-09-01T00:33:31+00:00\",\"mainEntityOfPage\":{\"@id\":\"https:\\\/\\\/lospoliticosveracruz.com\\\/?p=179693\"},\"wordCount\":813,\"publisher\":{\"@id\":\"https:\\\/\\\/lospoliticosveracruz.com\\\/#organization\"},\"image\":{\"@id\":\"https:\\\/\\\/lospoliticosveracruz.com\\\/?p=179693#primaryimage\"},\"thumbnailUrl\":\"https:\\\/\\\/lospoliticosveracruz.com\\\/wp-content\\\/uploads\\\/2026\\\/08\\\/PRI-Alito.jpg\",\"keywords\":[\"Alejandro Moreno\",\"\u00c1ngeles Gonz\u00e1lez Ceballos\",\"elecciones 2027\",\"Morena\",\"Pepe Yunes\",\"PRI\",\"Veracruz\"],\"articleSection\":[\"La Nota\"],\"inLanguage\":\"es\"},{\"@type\":\"WebPage\",\"@id\":\"https:\\\/\\\/lospoliticosveracruz.com\\\/?p=179693\",\"url\":\"https:\\\/\\\/lospoliticosveracruz.com\\\/?p=179693\",\"name\":\"PEPE SIGUE Y SEGUIR\u00c1 EN EL PRI: ALITO - Los pol\u00edticos Veracruz\",\"isPartOf\":{\"@id\":\"https:\\\/\\\/lospoliticosveracruz.com\\\/#website\"},\"primaryImageOfPage\":{\"@id\":\"https:\\\/\\\/lospoliticosveracruz.com\\\/?p=179693#primaryimage\"},\"image\":{\"@id\":\"https:\\\/\\\/lospoliticosveracruz.com\\\/?p=179693#primaryimage\"},\"thumbnailUrl\":\"https:\\\/\\\/lospoliticosveracruz.com\\\/wp-content\\\/uploads\\\/2026\\\/08\\\/PRI-Alito.jpg\",\"datePublished\":\"2026-09-01T00:33:29+00:00\",\"dateModified\":\"2026-09-01T00:33:31+00:00\",\"breadcrumb\":{\"@id\":\"https:\\\/\\\/lospoliticosveracruz.com\\\/?p=179693#breadcrumb\"},\"inLanguage\":\"es\",\"potentialAction\":[{\"@type\":\"ReadAction\",\"target\":[\"https:\\\/\\\/lospoliticosveracruz.com\\\/?p=179693\"]}]},{\"@type\":\"ImageObject\",\"inLanguage\":\"es\",\"@id\":\"https:\\\/\\\/lospoliticosveracruz.com\\\/?p=179693#primaryimage\",\"url\":\"https:\\\/\\\/lospoliticosveracruz.com\\\/wp-content\\\/uploads\\\/2026\\\/08\\\/PRI-Alito.jpg\",\"contentUrl\":\"https:\\\/\\\/lospoliticosveracruz.com\\\/wp-content\\\/uploads\\\/2026\\\/08\\\/PRI-Alito.jpg\",\"width\":600,\"height\":320},{\"@type\":\"BreadcrumbList\",\"@id\":\"https:\\\/\\\/lospoliticosveracruz.com\\\/?p=179693#breadcrumb\",\"itemListElement\":[{\"@type\":\"ListItem\",\"position\":1,\"name\":\"Portada\",\"item\":\"https:\\\/\\\/lospoliticosveracruz.com\\\/\"},{\"@type\":\"ListItem\",\"position\":2,\"name\":\"PEPE SIGUE Y SEGUIR\u00c1 EN EL PRI: ALITO\"}]},{\"@type\":\"WebSite\",\"@id\":\"https:\\\/\\\/lospoliticosveracruz.com\\\/#website\",\"url\":\"https:\\\/\\\/lospoliticosveracruz.com\\\/\",\"name\":\"Los pol\u00edticos Veracruz\",\"description\":\"\",\"publisher\":{\"@id\":\"https:\\\/\\\/lospoliticosveracruz.com\\\/#organization\"},\"potentialAction\":[{\"@type\":\"SearchAction\",\"target\":{\"@type\":\"EntryPoint\",\"urlTemplate\":\"https:\\\/\\\/lospoliticosveracruz.com\\\/?s={search_term_string}\"},\"query-input\":{\"@type\":\"PropertyValueSpecification\",\"valueRequired\":true,\"valueName\":\"search_term_string\"}}],\"inLanguage\":\"es\"},{\"@type\":\"Organization\",\"@id\":\"https:\\\/\\\/lospoliticosveracruz.com\\\/#organization\",\"name\":\"Los pol\u00edticos Veracruz\",\"url\":\"https:\\\/\\\/lospoliticosveracruz.com\\\/\",\"logo\":{\"@type\":\"ImageObject\",\"inLanguage\":\"es\",\"@id\":\"https:\\\/\\\/lospoliticosveracruz.com\\\/#\\\/schema\\\/logo\\\/image\\\/\",\"url\":\"https:\\\/\\\/lospoliticosveracruz.com\\\/wp-content\\\/uploads\\\/2025\\\/12\\\/Logo-Nuevo-LOS-POLITICOS-1.jpg\",\"contentUrl\":\"https:\\\/\\\/lospoliticosveracruz.com\\\/wp-content\\\/uploads\\\/2025\\\/12\\\/Logo-Nuevo-LOS-POLITICOS-1.jpg\",\"width\":260,\"height\":70,\"caption\":\"Los pol\u00edticos Veracruz\"},\"image\":{\"@id\":\"https:\\\/\\\/lospoliticosveracruz.com\\\/#\\\/schema\\\/logo\\\/image\\\/\"},\"sameAs\":[\"https:\\\/\\\/www.facebook.com\\\/people\\\/Notimemes-de-los-Polticos\\\/61565672886568\\\/\",\"https:\\\/\\\/x.com\\\/LosPoliticosVer\"]},{\"@type\":\"Person\",\"@id\":\"https:\\\/\\\/lospoliticosveracruz.com\\\/#\\\/schema\\\/person\\\/b8702bb0e538456e6efd07080bf2a4a2\",\"name\":\"Lo viste en Los Pol\u00edticos\",\"image\":{\"@type\":\"ImageObject\",\"inLanguage\":\"es\",\"@id\":\"https:\\\/\\\/secure.gravatar.com\\\/avatar\\\/3a8de04a2656d44082be478bd6c086daa447c4651605818287b9532d3d0bd435?s=96&d=mm&r=g\",\"url\":\"https:\\\/\\\/secure.gravatar.com\\\/avatar\\\/3a8de04a2656d44082be478bd6c086daa447c4651605818287b9532d3d0bd435?s=96&d=mm&r=g\",\"contentUrl\":\"https:\\\/\\\/secure.gravatar.com\\\/avatar\\\/3a8de04a2656d44082be478bd6c086daa447c4651605818287b9532d3d0bd435?s=96&d=mm&r=g\",\"caption\":\"Lo viste en Los Pol\u00edticos\"},\"url\":\"https:\\\/\\\/lospoliticosveracruz.com\\\/?author=2\"}]}<\/script>\n<!-- \/ Yoast SEO plugin. -->","yoast_head_json":{"title":"PEPE SIGUE Y SEGUIR\u00c1 EN EL PRI: ALITO - Los pol\u00edticos Veracruz","robots":{"index":"index","follow":"follow","max-snippet":"max-snippet:-1","max-image-preview":"max-image-preview:large","max-video-preview":"max-video-preview:-1"},"canonical":"https:\/\/lospoliticosveracruz.com\/?p=179693","og_locale":"es_ES","og_type":"article","og_title":"PEPE SIGUE Y SEGUIR\u00c1 EN EL PRI: ALITO - Los pol\u00edticos Veracruz","og_description":"\u00c1ngeles Gonz\u00e1lez Ceballos \u200bEl dirigente nacional del Partido Revolucionario Institucional (PRI), Alejandro Moreno, manifest\u00f3 que junto con Pepe Yunes, se hizo el compromiso de construir un \u00abgran frente pol\u00edtico amplio\u00bb en Veracruz, con lo que se descarta que se vaya a otro partido. \u200bEn conferencia de prensa, la tarde de este lunes, refiri\u00f3 que esto [&hellip;]","og_url":"https:\/\/lospoliticosveracruz.com\/?p=179693","og_site_name":"Los pol\u00edticos Veracruz","article_publisher":"https:\/\/www.facebook.com\/people\/Notimemes-de-los-Polticos\/61565672886568\/","article_published_time":"2026-09-01T00:33:29+00:00","article_modified_time":"2026-09-01T00:33:31+00:00","og_image":[{"width":600,"height":320,"url":"https:\/\/lospoliticosveracruz.com\/wp-content\/uploads\/2026\/08\/PRI-Alito.jpg","type":"image\/jpeg"}],"author":"Lo viste en Los Pol\u00edticos","twitter_card":"summary_large_image","twitter_creator":"@LosPoliticosVer","twitter_site":"@LosPoliticosVer","twitter_misc":{"Escrito por":"Lo viste en Los Pol\u00edticos","Tiempo de lectura":"4 minutos"},"schema":{"@context":"https:\/\/schema.org","@graph":[{"@type":"Article","@id":"https:\/\/lospoliticosveracruz.com\/?p=179693#article","isPartOf":{"@id":"https:\/\/lospoliticosveracruz.com\/?p=179693"},"author":{"name":"Lo viste en Los Pol\u00edticos","@id":"https:\/\/lospoliticosveracruz.com\/#\/schema\/person\/b8702bb0e538456e6efd07080bf2a4a2"},"headline":"PEPE SIGUE Y SEGUIR\u00c1 EN EL PRI: ALITO","datePublished":"2026-09-01T00:33:29+00:00","dateModified":"2026-09-01T00:33:31+00:00","mainEntityOfPage":{"@id":"https:\/\/lospoliticosveracruz.com\/?p=179693"},"wordCount":813,"publisher":{"@id":"https:\/\/lospoliticosveracruz.com\/#organization"},"image":{"@id":"https:\/\/lospoliticosveracruz.com\/?p=179693#primaryimage"},"thumbnailUrl":"https:\/\/lospoliticosveracruz.com\/wp-content\/uploads\/2026\/08\/PRI-Alito.jpg","keywords":["Alejandro Moreno","\u00c1ngeles Gonz\u00e1lez Ceballos","elecciones 2027","Morena","Pepe Yunes","PRI","Veracruz"],"articleSection":["La Nota"],"inLanguage":"es"},{"@type":"WebPage","@id":"https:\/\/lospoliticosveracruz.com\/?p=179693","url":"https:\/\/lospoliticosveracruz.com\/?p=179693","name":"PEPE SIGUE Y SEGUIR\u00c1 EN EL PRI: ALITO - Los pol\u00edticos Veracruz","isPartOf":{"@id":"https:\/\/lospoliticosveracruz.com\/#website"},"primaryImageOfPage":{"@id":"https:\/\/lospoliticosveracruz.com\/?p=179693#primaryimage"},"image":{"@id":"https:\/\/lospoliticosveracruz.com\/?p=179693#primaryimage"},"thumbnailUrl":"https:\/\/lospoliticosveracruz.com\/wp-content\/uploads\/2026\/08\/PRI-Alito.jpg","datePublished":"2026-09-01T00:33:29+00:00","dateModified":"2026-09-01T00:33:31+00:00","breadcrumb":{"@id":"https:\/\/lospoliticosveracruz.com\/?p=179693#breadcrumb"},"inLanguage":"es","potentialAction":[{"@type":"ReadAction","target":["https:\/\/lospoliticosveracruz.com\/?p=179693"]}]},{"@type":"ImageObject","inLanguage":"es","@id":"https:\/\/lospoliticosveracruz.com\/?p=179693#primaryimage","url":"https:\/\/lospoliticosveracruz.com\/wp-content\/uploads\/2026\/08\/PRI-Alito.jpg","contentUrl":"https:\/\/lospoliticosveracruz.com\/wp-content\/uploads\/2026\/08\/PRI-Alito.jpg","width":600,"height":320},{"@type":"BreadcrumbList","@id":"https:\/\/lospoliticosveracruz.com\/?p=179693#breadcrumb","itemListElement":[{"@type":"ListItem","position":1,"name":"Portada","item":"https:\/\/lospoliticosveracruz.com\/"},{"@type":"ListItem","position":2,"name":"PEPE SIGUE Y SEGUIR\u00c1 EN EL PRI: ALITO"}]},{"@type":"WebSite","@id":"https:\/\/lospoliticosveracruz.com\/#website","url":"https:\/\/lospoliticosveracruz.com\/","name":"Los pol\u00edticos Veracruz","description":"","publisher":{"@id":"https:\/\/lospoliticosveracruz.com\/#organization"},"potentialAction":[{"@type":"SearchAction","target":{"@type":"EntryPoint","urlTemplate":"https:\/\/lospoliticosveracruz.com\/?s={search_term_string}"},"query-input":{"@type":"PropertyValueSpecification","valueRequired":true,"valueName":"search_term_string"}}],"inLanguage":"es"},{"@type":"Organization","@id":"https:\/\/lospoliticosveracruz.com\/#organization","name":"Los pol\u00edticos Veracruz","url":"https:\/\/lospoliticosveracruz.com\/","logo":{"@type":"ImageObject","inLanguage":"es","@id":"https:\/\/lospoliticosveracruz.com\/#\/schema\/logo\/image\/","url":"https:\/\/lospoliticosveracruz.com\/wp-content\/uploads\/2025\/12\/Logo-Nuevo-LOS-POLITICOS-1.jpg","contentUrl":"https:\/\/lospoliticosveracruz.com\/wp-content\/uploads\/2025\/12\/Logo-Nuevo-LOS-POLITICOS-1.jpg","width":260,"height":70,"caption":"Los pol\u00edticos Veracruz"},"image":{"@id":"https:\/\/lospoliticosveracruz.com\/#\/schema\/logo\/image\/"},"sameAs":["https:\/\/www.facebook.com\/people\/Notimemes-de-los-Polticos\/61565672886568\/","https:\/\/x.com\/LosPoliticosVer"]},{"@type":"Person","@id":"https:\/\/lospoliticosveracruz.com\/#\/schema\/person\/b8702bb0e538456e6efd07080bf2a4a2","name":"Lo viste en Los Pol\u00edticos","image":{"@type":"ImageObject","inLanguage":"es","@id":"https:\/\/secure.gravatar.com\/avatar\/3a8de04a2656d44082be478bd6c086daa447c4651605818287b9532d3d0bd435?s=96&d=mm&r=g","url":"https:\/\/secure.gravatar.com\/avatar\/3a8de04a2656d44082be478bd6c086daa447c4651605818287b9532d3d0bd435?s=96&d=mm&r=g","contentUrl":"https:\/\/secure.gravatar.com\/avatar\/3a8de04a2656d44082be478bd6c086daa447c4651605818287b9532d3d0bd435?s=96&d=mm&r=g","caption":"Lo viste en Los Pol\u00edticos"},"url":"https:\/\/lospoliticosveracruz.com\/?author=2"}]}},"_links":{"self":[{"href":"https:\/\/lospoliticosveracruz.com\/index.php?rest_route=\/wp\/v2\/posts\/179693","targetHints":{"allow":["GET"]}}],"collection":[{"href":"https:\/\/lospoliticosveracruz.com\/index.php?rest_route=\/wp\/v2\/posts"}],"about":[{"href":"https:\/\/lospoliticosveracruz.com\/index.php?rest_route=\/wp\/v2\/types\/post"}],"author":[{"embeddable":true,"href":"https:\/\/lospoliticosveracruz.com\/index.php?rest_route=\/wp\/v2\/users\/2"}],"replies":[{"embeddable":true,"href":"https:\/\/lospoliticosveracruz.com\/index.php?rest_route=%2Fwp%2Fv2%2Fcomments&post=179693"}],"version-history":[{"count":1,"href":"https:\/\/lospoliticosveracruz.com\/index.php?rest_route=\/wp\/v2\/posts\/179693\/revisions"}],"predecessor-version":[{"id":179695,"href":"https:\/\/lospoliticosveracruz.com\/index.php?rest_route=\/wp\/v2\/posts\/179693\/revisions\/179695"}],"wp:featuredmedia":[{"embeddable":true,"href":"https:\/\/lospoliticosveracruz.com\/index.php?rest_route=\/wp\/v2\/media\/179694"}],"wp:attachment":[{"href":"https:\/\/lospoliticosveracruz.com\/index.php?rest_route=%2Fwp%2Fv2%2Fmedia&parent=179693"}],"wp:term":[{"taxonomy":"category","embeddable":true,"href":"https:\/\/lospoliticosveracruz.com\/index.php?rest_route=%2Fwp%2Fv2%2Fcategories&post=179693"},{"taxonomy":"post_tag","embeddable":true,"href":"https:\/\/lospoliticosveracruz.com\/index.php?rest_route=%2Fwp%2Fv2%2Ftags&post=179693"}],"curies":[{"name":"wp","href":"https:\/\/api.w.org\/{rel}","templated":true}]}}