{"id":179701,"date":"2026-08-31T20:13:23","date_gmt":"2026-09-01T02:13:23","guid":{"rendered":"https:\/\/lospoliticosveracruz.com\/?p=179701"},"modified":"2026-08-31T20:13:24","modified_gmt":"2026-09-01T02:13:24","slug":"bautista-pone-el-debate-politico-sobre-la-mesa","status":"publish","type":"post","link":"https:\/\/lospoliticosveracruz.com\/?p=179701","title":{"rendered":"BAUTISTA PONE EL DEBATE POL\u00cdTICO SOBRE LA MESA"},"content":{"rendered":"<div class=\"wp-block-image\">\n<figure class=\"alignleft size-large is-resized\"><a href=\"https:\/\/lospoliticosveracruz.com\/wp-content\/uploads\/2026\/08\/Contribuciones-VER-scaled.jpg\"><img loading=\"lazy\" decoding=\"async\" width=\"1024\" height=\"127\" src=\"https:\/\/lospoliticosveracruz.com\/wp-content\/uploads\/2026\/08\/Contribuciones-VER-1024x127.jpg\" alt=\"\" class=\"wp-image-178578\" style=\"aspect-ratio:8.063745019920319;width:783px;height:auto\" srcset=\"https:\/\/lospoliticosveracruz.com\/wp-content\/uploads\/2026\/08\/Contribuciones-VER-1024x127.jpg 1024w, https:\/\/lospoliticosveracruz.com\/wp-content\/uploads\/2026\/08\/Contribuciones-VER-300x37.jpg 300w, https:\/\/lospoliticosveracruz.com\/wp-content\/uploads\/2026\/08\/Contribuciones-VER-768x95.jpg 768w, https:\/\/lospoliticosveracruz.com\/wp-content\/uploads\/2026\/08\/Contribuciones-VER-1536x190.jpg 1536w, https:\/\/lospoliticosveracruz.com\/wp-content\/uploads\/2026\/08\/Contribuciones-VER-2048x253.jpg 2048w, https:\/\/lospoliticosveracruz.com\/wp-content\/uploads\/2026\/08\/Contribuciones-VER-150x19.jpg 150w, https:\/\/lospoliticosveracruz.com\/wp-content\/uploads\/2026\/08\/Contribuciones-VER-696x86.jpg 696w, https:\/\/lospoliticosveracruz.com\/wp-content\/uploads\/2026\/08\/Contribuciones-VER-1068x132.jpg 1068w, https:\/\/lospoliticosveracruz.com\/wp-content\/uploads\/2026\/08\/Contribuciones-VER-1920x237.jpg 1920w\" sizes=\"auto, (max-width: 1024px) 100vw, 1024px\" \/><\/a><\/figure>\n<\/div>\n\n<div class=\"wp-block-image\">\n<figure class=\"alignleft size-full is-resized\"><a href=\"https:\/\/www.facebook.com\/ViveVeracruzCultura\/posts\/pfbid0RVyf5bm7vC1RyRraD63geXbMuFMMiSpkZcysmk9Z2ShmGQMEdh1GbjDgbYFyeyNZl\" target=\"_blank\" rel=\"https:\/\/www.facebook.com\/ViveVeracruzCultura\/posts\/pfbid0RVyf5bm7vC1RyRraD63geXbMuFMMiSpkZcysmk9Z2ShmGQMEdh1GbjDgbYFyeyNZl\"><img loading=\"lazy\" decoding=\"async\" width=\"701\" height=\"561\" src=\"https:\/\/lospoliticosveracruz.com\/wp-content\/uploads\/2026\/07\/Verano.png\" alt=\"\" class=\"wp-image-177651\" style=\"aspect-ratio:1.2495613179957106;width:422px;height:auto\" srcset=\"https:\/\/lospoliticosveracruz.com\/wp-content\/uploads\/2026\/07\/Verano.png 701w, https:\/\/lospoliticosveracruz.com\/wp-content\/uploads\/2026\/07\/Verano-300x240.png 300w, https:\/\/lospoliticosveracruz.com\/wp-content\/uploads\/2026\/07\/Verano-525x420.png 525w, https:\/\/lospoliticosveracruz.com\/wp-content\/uploads\/2026\/07\/Verano-150x120.png 150w, https:\/\/lospoliticosveracruz.com\/wp-content\/uploads\/2026\/07\/Verano-696x557.png 696w\" sizes=\"auto, (max-width: 701px) 100vw, 701px\" \/><\/a><\/figure>\n<\/div>\n\n\n<p><strong>Enrique Yasser Pompeyo<\/strong><\/p>\n\n\n\n<p><em>Mesa de Redacci\u00f3n<br><\/em><\/p>\n\n\n\n<p>En tiempos donde la pol\u00edtica suele confundirse con el ruido, las descalificaciones y las alianzas de ocasi\u00f3n, resulta interesante que desde el Congreso de Veracruz surja un llamado a recuperar algo tan elemental como la congruencia.<\/p>\n\n\n\n<p>Esteban Bautista Hern\u00e1ndez, presidente de la Junta de Coordinaci\u00f3n Pol\u00edtica, puso el dedo en una de los comportamientos m\u00e1s visibles de la pol\u00edtica: los acercamientos entre actores que durante a\u00f1os han protagonizado fuertes confrontaciones y que, llegado el momento electoral, parecen descubrir de pronto que pueden caminar juntos.<\/p>\n\n\n\n<p>El legislador morenista no cuestion\u00f3 el derecho de nadie a reunirse. Su se\u00f1alamiento va m\u00e1s all\u00e1: la ciudadan\u00eda tiene derecho a saber qu\u00e9 hay detr\u00e1s de esas alianzas y cu\u00e1l es el proyecto que las sustenta.<\/p>\n\n\n\n<p>\u201cHay que ser congruentes en la vida y, sobre todo, cuando eres servidor p\u00fablico\u201d, expres\u00f3 Bautista. Ah\u00ed est\u00e1, quiz\u00e1, el punto m\u00e1s importante de su mensaje.<\/p>\n\n\n\n<p>Una democracia saludable necesita oposici\u00f3n, pero tambi\u00e9n necesita oposiciones serias, consistentes y con propuestas.<\/p>\n\n\n\n<p>No basta con se\u00f1alar al adversario o construir discursos basados exclusivamente en el rechazo.<\/p>\n\n\n\n<p>La competencia pol\u00edtica deber\u00eda servir para presentar alternativas y convencer a los ciudadanos de que existe un camino diferente.<\/p>\n\n\n\n<p>En ese sentido, las palabras del presidente de la JUCOPO tienen una lectura positiva: obligan a los partidos de oposici\u00f3n a mirarse hacia dentro y preguntarse qu\u00e9 proyecto quieren ofrecer a Veracruz.<\/p>\n\n\n\n<p>Bautista Hern\u00e1ndez hizo adem\u00e1s una lectura particular del escenario que enfrentan las distintas fuerzas opositoras.<\/p>\n\n\n\n<p>Habl\u00f3 de las dificultades del PRI, del perfil conservador que mantiene el PAN y de la b\u00fasqueda de liderazgo que observa en Movimiento Ciudadano.<\/p>\n\n\n\n<p>M\u00e1s all\u00e1 de coincidir o no con su diagn\u00f3stico, lo relevante es que coloca sobre la mesa la interrogante: \u00bfqu\u00e9 quieren representar los partidos de oposici\u00f3n ante los ciudadanos?<\/p>\n\n\n\n<p>La respuesta no puede reducirse a una suma de personajes, apellidos o intereses electorales. Si algo demanda la sociedad es claridad.<\/p>\n\n\n\n<p>Aqu\u00ed aparece otro elemento de sus declaraciones: su rechazo a las acusaciones de persecuci\u00f3n pol\u00edtica.<\/p>\n\n\n\n<p>Bautista Hern\u00e1ndez defendi\u00f3 la autonom\u00eda de la Fiscal\u00eda General del Estado y record\u00f3 que incluso integrantes de Morena han enfrentado procesos.<\/p>\n\n\n\n<p>Su argumento busca marcar distancia entre las decisiones de las instituciones encargadas de procurar justicia y los intereses partidistas.<\/p>\n\n\n\n<p>En una democracia, precisamente eso debe exigirse: que las instituciones act\u00faen conforme a la ley y que cualquier se\u00f1alamiento sea respaldado con pruebas, no \u00fanicamente con declaraciones pol\u00edticas.<\/p>\n\n\n\n<p>El mensaje de Esteban Bautista, visto desde una perspectiva m\u00e1s amplia, parece ser una invitaci\u00f3n a elevar el nivel de la discusi\u00f3n rumbo al pr\u00f3ximo proceso electoral.<\/p>\n\n\n\n<p>Menos confrontaci\u00f3n personal y m\u00e1s propuestas; menos alianzas construidas por conveniencia y m\u00e1s proyectos capaces de explicar qu\u00e9 quieren hacer por Veracruz.<\/p>\n\n\n\n<p>La oposici\u00f3n, por supuesto, tiene todo el derecho de cuestionar al gobierno y buscar alternativas. Pero tambi\u00e9n tiene la responsabilidad de convencer. Para convencer no basta con decir \u201cno\u201d; hay que explicar qu\u00e9 s\u00ed.<\/p>\n\n\n\n<p>Ese podr\u00eda ser uno de los grandes retos del pr\u00f3ximo proceso electoral: que la competencia no se defina \u00fanicamente por qui\u00e9n logra golpear m\u00e1s fuerte al adversario, sino por qui\u00e9n consigue presentar la propuesta m\u00e1s convincente para la ciudadan\u00eda.<\/p>\n\n\n\n<p>En ese escenario, las palabras de Bautista Hern\u00e1ndez tienen un m\u00e9rito: abren el debate sobre la calidad de la pol\u00edtica y la necesidad de congruencia.<\/p>\n\n\n\n<p>Al final, ser\u00e1n los ciudadanos quienes tengan la \u00faltima palabra. Ser\u00e1n ellos, desde las urnas, quienes determinen cu\u00e1les proyectos consideran aut\u00e9nticos y cu\u00e1les perciben como simples acuerdos de coyuntura.<\/p>\n\n\n\n<p>enriquepompeyo@hotmail.com<\/p>\n","protected":false},"excerpt":{"rendered":"<p>Enrique Yasser Pompeyo Mesa de Redacci\u00f3n En tiempos donde la pol\u00edtica suele confundirse con el ruido, las descalificaciones y las alianzas de ocasi\u00f3n, resulta interesante que desde el Congreso de Veracruz surja un llamado a recuperar algo tan elemental como la congruencia. Esteban Bautista Hern\u00e1ndez, presidente de la Junta de Coordinaci\u00f3n Pol\u00edtica, puso el dedo [&hellip;]<\/p>\n","protected":false},"author":2,"featured_media":141425,"comment_status":"closed","ping_status":"closed","sticky":false,"template":"","format":"standard","meta":{"tdm_status":"","tdm_grid_status":"","footnotes":""},"categories":[70],"tags":[67459,393,721,15477,41832,1026,600],"class_list":{"0":"post-179701","1":"post","2":"type-post","3":"status-publish","4":"format-standard","5":"has-post-thumbnail","7":"category-de-opinion","8":"tag-alianzas-politicas","9":"tag-congreso-de-veracruz","10":"tag-elecciones","11":"tag-enrique-yasser-pompeyo","12":"tag-esteban-bautista","13":"tag-morena","14":"tag-oposicion"},"yoast_head":"<!-- This site is optimized with the Yoast SEO plugin v28.1 - https:\/\/yoast.com\/product\/yoast-seo-wordpress\/ -->\n<title>BAUTISTA PONE EL DEBATE POL\u00cdTICO SOBRE LA MESA - Los pol\u00edticos Veracruz<\/title>\n<meta name=\"robots\" content=\"index, follow, max-snippet:-1, max-image-preview:large, max-video-preview:-1\" \/>\n<link rel=\"canonical\" href=\"https:\/\/lospoliticosveracruz.com\/?p=179701\" \/>\n<meta property=\"og:locale\" content=\"es_ES\" \/>\n<meta property=\"og:type\" content=\"article\" \/>\n<meta property=\"og:title\" content=\"BAUTISTA PONE EL DEBATE POL\u00cdTICO SOBRE LA MESA - Los pol\u00edticos Veracruz\" \/>\n<meta property=\"og:description\" content=\"Enrique Yasser Pompeyo Mesa de Redacci\u00f3n En tiempos donde la pol\u00edtica suele confundirse con el ruido, las descalificaciones y las alianzas de ocasi\u00f3n, resulta interesante que desde el Congreso de Veracruz surja un llamado a recuperar algo tan elemental como la congruencia. Esteban Bautista Hern\u00e1ndez, presidente de la Junta de Coordinaci\u00f3n Pol\u00edtica, puso el dedo [&hellip;]\" \/>\n<meta property=\"og:url\" content=\"https:\/\/lospoliticosveracruz.com\/?p=179701\" \/>\n<meta property=\"og:site_name\" content=\"Los pol\u00edticos Veracruz\" \/>\n<meta property=\"article:publisher\" content=\"https:\/\/www.facebook.com\/people\/Notimemes-de-los-Polticos\/61565672886568\/\" \/>\n<meta property=\"article:published_time\" content=\"2026-09-01T02:13:23+00:00\" \/>\n<meta property=\"article:modified_time\" content=\"2026-09-01T02:13:24+00:00\" \/>\n<meta property=\"og:image\" content=\"https:\/\/lospoliticosveracruz.com\/wp-content\/uploads\/2025\/04\/Pompeyo-e1776307406459.jpg\" \/>\n\t<meta property=\"og:image:width\" content=\"600\" \/>\n\t<meta property=\"og:image:height\" content=\"320\" \/>\n\t<meta property=\"og:image:type\" content=\"image\/jpeg\" \/>\n<meta name=\"author\" content=\"Lo viste en Los Pol\u00edticos\" \/>\n<meta name=\"twitter:card\" content=\"summary_large_image\" \/>\n<meta name=\"twitter:creator\" content=\"@LosPoliticosVer\" \/>\n<meta name=\"twitter:site\" content=\"@LosPoliticosVer\" \/>\n<meta name=\"twitter:label1\" content=\"Escrito por\" \/>\n\t<meta name=\"twitter:data1\" content=\"Lo viste en Los Pol\u00edticos\" \/>\n\t<meta name=\"twitter:label2\" content=\"Tiempo de lectura\" \/>\n\t<meta name=\"twitter:data2\" content=\"4 minutos\" \/>\n<script type=\"application\/ld+json\" class=\"yoast-schema-graph\">{\"@context\":\"https:\\\/\\\/schema.org\",\"@graph\":[{\"@type\":\"Article\",\"@id\":\"https:\\\/\\\/lospoliticosveracruz.com\\\/?p=179701#article\",\"isPartOf\":{\"@id\":\"https:\\\/\\\/lospoliticosveracruz.com\\\/?p=179701\"},\"author\":{\"name\":\"Lo viste en Los Pol\u00edticos\",\"@id\":\"https:\\\/\\\/lospoliticosveracruz.com\\\/#\\\/schema\\\/person\\\/b8702bb0e538456e6efd07080bf2a4a2\"},\"headline\":\"BAUTISTA PONE EL DEBATE POL\u00cdTICO SOBRE LA MESA\",\"datePublished\":\"2026-09-01T02:13:23+00:00\",\"dateModified\":\"2026-09-01T02:13:24+00:00\",\"mainEntityOfPage\":{\"@id\":\"https:\\\/\\\/lospoliticosveracruz.com\\\/?p=179701\"},\"wordCount\":651,\"publisher\":{\"@id\":\"https:\\\/\\\/lospoliticosveracruz.com\\\/#organization\"},\"image\":{\"@id\":\"https:\\\/\\\/lospoliticosveracruz.com\\\/?p=179701#primaryimage\"},\"thumbnailUrl\":\"https:\\\/\\\/lospoliticosveracruz.com\\\/wp-content\\\/uploads\\\/2025\\\/04\\\/Pompeyo-e1776307406459.jpg\",\"keywords\":[\"Alianzas pol\u00edticas\",\"Congreso de Veracruz\",\"elecciones\",\"Enrique Yasser Pompeyo\",\"Esteban Bautista\",\"Morena\",\"oposici\u00f3n\"],\"articleSection\":[\"De Opini\u00f3n\"],\"inLanguage\":\"es\"},{\"@type\":\"WebPage\",\"@id\":\"https:\\\/\\\/lospoliticosveracruz.com\\\/?p=179701\",\"url\":\"https:\\\/\\\/lospoliticosveracruz.com\\\/?p=179701\",\"name\":\"BAUTISTA PONE EL DEBATE POL\u00cdTICO SOBRE LA MESA - Los pol\u00edticos Veracruz\",\"isPartOf\":{\"@id\":\"https:\\\/\\\/lospoliticosveracruz.com\\\/#website\"},\"primaryImageOfPage\":{\"@id\":\"https:\\\/\\\/lospoliticosveracruz.com\\\/?p=179701#primaryimage\"},\"image\":{\"@id\":\"https:\\\/\\\/lospoliticosveracruz.com\\\/?p=179701#primaryimage\"},\"thumbnailUrl\":\"https:\\\/\\\/lospoliticosveracruz.com\\\/wp-content\\\/uploads\\\/2025\\\/04\\\/Pompeyo-e1776307406459.jpg\",\"datePublished\":\"2026-09-01T02:13:23+00:00\",\"dateModified\":\"2026-09-01T02:13:24+00:00\",\"breadcrumb\":{\"@id\":\"https:\\\/\\\/lospoliticosveracruz.com\\\/?p=179701#breadcrumb\"},\"inLanguage\":\"es\",\"potentialAction\":[{\"@type\":\"ReadAction\",\"target\":[\"https:\\\/\\\/lospoliticosveracruz.com\\\/?p=179701\"]}]},{\"@type\":\"ImageObject\",\"inLanguage\":\"es\",\"@id\":\"https:\\\/\\\/lospoliticosveracruz.com\\\/?p=179701#primaryimage\",\"url\":\"https:\\\/\\\/lospoliticosveracruz.com\\\/wp-content\\\/uploads\\\/2025\\\/04\\\/Pompeyo-e1776307406459.jpg\",\"contentUrl\":\"https:\\\/\\\/lospoliticosveracruz.com\\\/wp-content\\\/uploads\\\/2025\\\/04\\\/Pompeyo-e1776307406459.jpg\",\"width\":600,\"height\":320},{\"@type\":\"BreadcrumbList\",\"@id\":\"https:\\\/\\\/lospoliticosveracruz.com\\\/?p=179701#breadcrumb\",\"itemListElement\":[{\"@type\":\"ListItem\",\"position\":1,\"name\":\"Portada\",\"item\":\"https:\\\/\\\/lospoliticosveracruz.com\\\/\"},{\"@type\":\"ListItem\",\"position\":2,\"name\":\"BAUTISTA PONE EL DEBATE POL\u00cdTICO SOBRE LA MESA\"}]},{\"@type\":\"WebSite\",\"@id\":\"https:\\\/\\\/lospoliticosveracruz.com\\\/#website\",\"url\":\"https:\\\/\\\/lospoliticosveracruz.com\\\/\",\"name\":\"Los pol\u00edticos Veracruz\",\"description\":\"\",\"publisher\":{\"@id\":\"https:\\\/\\\/lospoliticosveracruz.com\\\/#organization\"},\"potentialAction\":[{\"@type\":\"SearchAction\",\"target\":{\"@type\":\"EntryPoint\",\"urlTemplate\":\"https:\\\/\\\/lospoliticosveracruz.com\\\/?s={search_term_string}\"},\"query-input\":{\"@type\":\"PropertyValueSpecification\",\"valueRequired\":true,\"valueName\":\"search_term_string\"}}],\"inLanguage\":\"es\"},{\"@type\":\"Organization\",\"@id\":\"https:\\\/\\\/lospoliticosveracruz.com\\\/#organization\",\"name\":\"Los pol\u00edticos Veracruz\",\"url\":\"https:\\\/\\\/lospoliticosveracruz.com\\\/\",\"logo\":{\"@type\":\"ImageObject\",\"inLanguage\":\"es\",\"@id\":\"https:\\\/\\\/lospoliticosveracruz.com\\\/#\\\/schema\\\/logo\\\/image\\\/\",\"url\":\"https:\\\/\\\/lospoliticosveracruz.com\\\/wp-content\\\/uploads\\\/2025\\\/12\\\/Logo-Nuevo-LOS-POLITICOS-1.jpg\",\"contentUrl\":\"https:\\\/\\\/lospoliticosveracruz.com\\\/wp-content\\\/uploads\\\/2025\\\/12\\\/Logo-Nuevo-LOS-POLITICOS-1.jpg\",\"width\":260,\"height\":70,\"caption\":\"Los pol\u00edticos Veracruz\"},\"image\":{\"@id\":\"https:\\\/\\\/lospoliticosveracruz.com\\\/#\\\/schema\\\/logo\\\/image\\\/\"},\"sameAs\":[\"https:\\\/\\\/www.facebook.com\\\/people\\\/Notimemes-de-los-Polticos\\\/61565672886568\\\/\",\"https:\\\/\\\/x.com\\\/LosPoliticosVer\"]},{\"@type\":\"Person\",\"@id\":\"https:\\\/\\\/lospoliticosveracruz.com\\\/#\\\/schema\\\/person\\\/b8702bb0e538456e6efd07080bf2a4a2\",\"name\":\"Lo viste en Los Pol\u00edticos\",\"image\":{\"@type\":\"ImageObject\",\"inLanguage\":\"es\",\"@id\":\"https:\\\/\\\/secure.gravatar.com\\\/avatar\\\/3a8de04a2656d44082be478bd6c086daa447c4651605818287b9532d3d0bd435?s=96&d=mm&r=g\",\"url\":\"https:\\\/\\\/secure.gravatar.com\\\/avatar\\\/3a8de04a2656d44082be478bd6c086daa447c4651605818287b9532d3d0bd435?s=96&d=mm&r=g\",\"contentUrl\":\"https:\\\/\\\/secure.gravatar.com\\\/avatar\\\/3a8de04a2656d44082be478bd6c086daa447c4651605818287b9532d3d0bd435?s=96&d=mm&r=g\",\"caption\":\"Lo viste en Los Pol\u00edticos\"},\"url\":\"https:\\\/\\\/lospoliticosveracruz.com\\\/?author=2\"}]}<\/script>\n<!-- \/ Yoast SEO plugin. -->","yoast_head_json":{"title":"BAUTISTA PONE EL DEBATE POL\u00cdTICO SOBRE LA MESA - Los pol\u00edticos Veracruz","robots":{"index":"index","follow":"follow","max-snippet":"max-snippet:-1","max-image-preview":"max-image-preview:large","max-video-preview":"max-video-preview:-1"},"canonical":"https:\/\/lospoliticosveracruz.com\/?p=179701","og_locale":"es_ES","og_type":"article","og_title":"BAUTISTA PONE EL DEBATE POL\u00cdTICO SOBRE LA MESA - Los pol\u00edticos Veracruz","og_description":"Enrique Yasser Pompeyo Mesa de Redacci\u00f3n En tiempos donde la pol\u00edtica suele confundirse con el ruido, las descalificaciones y las alianzas de ocasi\u00f3n, resulta interesante que desde el Congreso de Veracruz surja un llamado a recuperar algo tan elemental como la congruencia. Esteban Bautista Hern\u00e1ndez, presidente de la Junta de Coordinaci\u00f3n Pol\u00edtica, puso el dedo [&hellip;]","og_url":"https:\/\/lospoliticosveracruz.com\/?p=179701","og_site_name":"Los pol\u00edticos Veracruz","article_publisher":"https:\/\/www.facebook.com\/people\/Notimemes-de-los-Polticos\/61565672886568\/","article_published_time":"2026-09-01T02:13:23+00:00","article_modified_time":"2026-09-01T02:13:24+00:00","og_image":[{"width":600,"height":320,"url":"https:\/\/lospoliticosveracruz.com\/wp-content\/uploads\/2025\/04\/Pompeyo-e1776307406459.jpg","type":"image\/jpeg"}],"author":"Lo viste en Los Pol\u00edticos","twitter_card":"summary_large_image","twitter_creator":"@LosPoliticosVer","twitter_site":"@LosPoliticosVer","twitter_misc":{"Escrito por":"Lo viste en Los Pol\u00edticos","Tiempo de lectura":"4 minutos"},"schema":{"@context":"https:\/\/schema.org","@graph":[{"@type":"Article","@id":"https:\/\/lospoliticosveracruz.com\/?p=179701#article","isPartOf":{"@id":"https:\/\/lospoliticosveracruz.com\/?p=179701"},"author":{"name":"Lo viste en Los Pol\u00edticos","@id":"https:\/\/lospoliticosveracruz.com\/#\/schema\/person\/b8702bb0e538456e6efd07080bf2a4a2"},"headline":"BAUTISTA PONE EL DEBATE POL\u00cdTICO SOBRE LA MESA","datePublished":"2026-09-01T02:13:23+00:00","dateModified":"2026-09-01T02:13:24+00:00","mainEntityOfPage":{"@id":"https:\/\/lospoliticosveracruz.com\/?p=179701"},"wordCount":651,"publisher":{"@id":"https:\/\/lospoliticosveracruz.com\/#organization"},"image":{"@id":"https:\/\/lospoliticosveracruz.com\/?p=179701#primaryimage"},"thumbnailUrl":"https:\/\/lospoliticosveracruz.com\/wp-content\/uploads\/2025\/04\/Pompeyo-e1776307406459.jpg","keywords":["Alianzas pol\u00edticas","Congreso de Veracruz","elecciones","Enrique Yasser Pompeyo","Esteban Bautista","Morena","oposici\u00f3n"],"articleSection":["De Opini\u00f3n"],"inLanguage":"es"},{"@type":"WebPage","@id":"https:\/\/lospoliticosveracruz.com\/?p=179701","url":"https:\/\/lospoliticosveracruz.com\/?p=179701","name":"BAUTISTA PONE EL DEBATE POL\u00cdTICO SOBRE LA MESA - Los pol\u00edticos Veracruz","isPartOf":{"@id":"https:\/\/lospoliticosveracruz.com\/#website"},"primaryImageOfPage":{"@id":"https:\/\/lospoliticosveracruz.com\/?p=179701#primaryimage"},"image":{"@id":"https:\/\/lospoliticosveracruz.com\/?p=179701#primaryimage"},"thumbnailUrl":"https:\/\/lospoliticosveracruz.com\/wp-content\/uploads\/2025\/04\/Pompeyo-e1776307406459.jpg","datePublished":"2026-09-01T02:13:23+00:00","dateModified":"2026-09-01T02:13:24+00:00","breadcrumb":{"@id":"https:\/\/lospoliticosveracruz.com\/?p=179701#breadcrumb"},"inLanguage":"es","potentialAction":[{"@type":"ReadAction","target":["https:\/\/lospoliticosveracruz.com\/?p=179701"]}]},{"@type":"ImageObject","inLanguage":"es","@id":"https:\/\/lospoliticosveracruz.com\/?p=179701#primaryimage","url":"https:\/\/lospoliticosveracruz.com\/wp-content\/uploads\/2025\/04\/Pompeyo-e1776307406459.jpg","contentUrl":"https:\/\/lospoliticosveracruz.com\/wp-content\/uploads\/2025\/04\/Pompeyo-e1776307406459.jpg","width":600,"height":320},{"@type":"BreadcrumbList","@id":"https:\/\/lospoliticosveracruz.com\/?p=179701#breadcrumb","itemListElement":[{"@type":"ListItem","position":1,"name":"Portada","item":"https:\/\/lospoliticosveracruz.com\/"},{"@type":"ListItem","position":2,"name":"BAUTISTA PONE EL DEBATE POL\u00cdTICO SOBRE LA MESA"}]},{"@type":"WebSite","@id":"https:\/\/lospoliticosveracruz.com\/#website","url":"https:\/\/lospoliticosveracruz.com\/","name":"Los pol\u00edticos Veracruz","description":"","publisher":{"@id":"https:\/\/lospoliticosveracruz.com\/#organization"},"potentialAction":[{"@type":"SearchAction","target":{"@type":"EntryPoint","urlTemplate":"https:\/\/lospoliticosveracruz.com\/?s={search_term_string}"},"query-input":{"@type":"PropertyValueSpecification","valueRequired":true,"valueName":"search_term_string"}}],"inLanguage":"es"},{"@type":"Organization","@id":"https:\/\/lospoliticosveracruz.com\/#organization","name":"Los pol\u00edticos Veracruz","url":"https:\/\/lospoliticosveracruz.com\/","logo":{"@type":"ImageObject","inLanguage":"es","@id":"https:\/\/lospoliticosveracruz.com\/#\/schema\/logo\/image\/","url":"https:\/\/lospoliticosveracruz.com\/wp-content\/uploads\/2025\/12\/Logo-Nuevo-LOS-POLITICOS-1.jpg","contentUrl":"https:\/\/lospoliticosveracruz.com\/wp-content\/uploads\/2025\/12\/Logo-Nuevo-LOS-POLITICOS-1.jpg","width":260,"height":70,"caption":"Los pol\u00edticos Veracruz"},"image":{"@id":"https:\/\/lospoliticosveracruz.com\/#\/schema\/logo\/image\/"},"sameAs":["https:\/\/www.facebook.com\/people\/Notimemes-de-los-Polticos\/61565672886568\/","https:\/\/x.com\/LosPoliticosVer"]},{"@type":"Person","@id":"https:\/\/lospoliticosveracruz.com\/#\/schema\/person\/b8702bb0e538456e6efd07080bf2a4a2","name":"Lo viste en Los Pol\u00edticos","image":{"@type":"ImageObject","inLanguage":"es","@id":"https:\/\/secure.gravatar.com\/avatar\/3a8de04a2656d44082be478bd6c086daa447c4651605818287b9532d3d0bd435?s=96&d=mm&r=g","url":"https:\/\/secure.gravatar.com\/avatar\/3a8de04a2656d44082be478bd6c086daa447c4651605818287b9532d3d0bd435?s=96&d=mm&r=g","contentUrl":"https:\/\/secure.gravatar.com\/avatar\/3a8de04a2656d44082be478bd6c086daa447c4651605818287b9532d3d0bd435?s=96&d=mm&r=g","caption":"Lo viste en Los Pol\u00edticos"},"url":"https:\/\/lospoliticosveracruz.com\/?author=2"}]}},"_links":{"self":[{"href":"https:\/\/lospoliticosveracruz.com\/index.php?rest_route=\/wp\/v2\/posts\/179701","targetHints":{"allow":["GET"]}}],"collection":[{"href":"https:\/\/lospoliticosveracruz.com\/index.php?rest_route=\/wp\/v2\/posts"}],"about":[{"href":"https:\/\/lospoliticosveracruz.com\/index.php?rest_route=\/wp\/v2\/types\/post"}],"author":[{"embeddable":true,"href":"https:\/\/lospoliticosveracruz.com\/index.php?rest_route=\/wp\/v2\/users\/2"}],"replies":[{"embeddable":true,"href":"https:\/\/lospoliticosveracruz.com\/index.php?rest_route=%2Fwp%2Fv2%2Fcomments&post=179701"}],"version-history":[{"count":1,"href":"https:\/\/lospoliticosveracruz.com\/index.php?rest_route=\/wp\/v2\/posts\/179701\/revisions"}],"predecessor-version":[{"id":179702,"href":"https:\/\/lospoliticosveracruz.com\/index.php?rest_route=\/wp\/v2\/posts\/179701\/revisions\/179702"}],"wp:featuredmedia":[{"embeddable":true,"href":"https:\/\/lospoliticosveracruz.com\/index.php?rest_route=\/wp\/v2\/media\/141425"}],"wp:attachment":[{"href":"https:\/\/lospoliticosveracruz.com\/index.php?rest_route=%2Fwp%2Fv2%2Fmedia&parent=179701"}],"wp:term":[{"taxonomy":"category","embeddable":true,"href":"https:\/\/lospoliticosveracruz.com\/index.php?rest_route=%2Fwp%2Fv2%2Fcategories&post=179701"},{"taxonomy":"post_tag","embeddable":true,"href":"https:\/\/lospoliticosveracruz.com\/index.php?rest_route=%2Fwp%2Fv2%2Ftags&post=179701"}],"curies":[{"name":"wp","href":"https:\/\/api.w.org\/{rel}","templated":true}]}}