{"id":179703,"date":"2026-08-31T20:47:04","date_gmt":"2026-09-01T02:47:04","guid":{"rendered":"https:\/\/lospoliticosveracruz.com\/?p=179703"},"modified":"2026-08-31T20:47:06","modified_gmt":"2026-09-01T02:47:06","slug":"propone-pri-alianza-con-pan-y-mc","status":"publish","type":"post","link":"https:\/\/lospoliticosveracruz.com\/?p=179703","title":{"rendered":"PROPONE PRI ALIANZA CON PAN Y MC"},"content":{"rendered":"<div class=\"wp-block-image\">\n<figure class=\"alignleft size-full is-resized\"><a href=\"https:\/\/lospoliticosveracruz.com\/wp-content\/uploads\/2026\/05\/IMG_1092.png\"><img loading=\"lazy\" decoding=\"async\" width=\"640\" height=\"600\" src=\"https:\/\/lospoliticosveracruz.com\/wp-content\/uploads\/2026\/05\/IMG_1092.png\" alt=\"\" class=\"wp-image-172799\" style=\"width:375px;height:auto\" srcset=\"https:\/\/lospoliticosveracruz.com\/wp-content\/uploads\/2026\/05\/IMG_1092.png 640w, https:\/\/lospoliticosveracruz.com\/wp-content\/uploads\/2026\/05\/IMG_1092-300x281.png 300w, https:\/\/lospoliticosveracruz.com\/wp-content\/uploads\/2026\/05\/IMG_1092-448x420.png 448w, https:\/\/lospoliticosveracruz.com\/wp-content\/uploads\/2026\/05\/IMG_1092-150x141.png 150w\" sizes=\"auto, (max-width: 640px) 100vw, 640px\" \/><\/a><\/figure>\n<\/div>\n\n\n<p>El Presidente del Comit\u00e9 Ejecutivo Nacional (CEN) del Partido Revolucionario Institucional (PRI), senador Alejandro Moreno, tom\u00f3 protesta a los Defensores de Veracruz, en un acto en el que inform\u00f3 que el tricolor buscar\u00e1 conformar una coalici\u00f3n t\u00e9cnica, t\u00e1ctica y competitiva desde las estructuras locales con el PAN y MC, para ganar a Morena en Veracruz el 2027.<br>Inform\u00f3 que el PRI, el PAN y MC gobiernan en 100 municipios en esta entidad.<br>Adem\u00e1s, el senador y dirigente nacional argument\u00f3 que desde hace ocho a\u00f1os, en Morena le atacan y le calumnian a \u00e9l y al PRI, porque quieren descarrilar a la oposici\u00f3n, y \u201cporque quieren que no haya proyecto ni en el 2027 ni en el 2030\u201d.<br>En la sede del Comit\u00e9 Directivo estatal (CDE) del PRI, y acompa\u00f1ado por los dirigentes estatales, Adolfo Ram\u00edrez Arana y Carolina Gudi\u00f1o y en su mensaje durante una sesi\u00f3n solemne de instalaci\u00f3n del Consejo Pol\u00edtico Estatal, dijo que un pol\u00edtico del partido siempre tiene que convocar al mayor frente, al m\u00e1s grande, para ganar una elecci\u00f3n.<br>\u201cMuchas veces no nos gusta estar con otros actores pol\u00edticos, a lo mejor de otros partidos pol\u00edticos, pero cuando el bien, la unidad, es defender la democracia y las libertades, todos nos debemos de sumar para combatir el autoritarismo y la tiran\u00eda. Mientras m\u00e1s grande sea el frente, m\u00e1s oportunidades tenemos de ganar\u201d, expres\u00f3.<br>Lo anterior, despu\u00e9s de que aclar\u00f3 que Pepe Yunes Zorrilla ha sido, es y ser\u00e1 militante del PRI. Explic\u00f3 que es de su responsabilidad es construir el frente m\u00e1s amplio y, para ello, se tiene que convocar a todos.<br>El senador y dirigente nacional asegur\u00f3 que, hoy, despu\u00e9s de que rindieron protesta los Defensores de Veracruz y de M\u00e9xico, el PRI est\u00e1 firme y listo para enfrentar el 2027.<br>Se\u00f1al\u00f3 que en Morena est\u00e1n desesperados, est\u00e1n en el hoyo y no saben qu\u00e9 hacer. porque tiene los ojos de la gente encima. \u201cLa gente los ve y los observa\u201d, indic\u00f3.<br>Subray\u00f3 que con el gobierno de Morena no hay crecimiento econ\u00f3mico; no hay oportunidades y, adem\u00e1s, sostuvo, \u201cestos c\u00ednicos y corruptos pactaron con el crimen organizado y le quitaron la paz y la tranquilidad al pueblo de M\u00e9xico. Que quede claro. No se van a desligar nunca. Morena es Rocha Moya. Morena es Am\u00e9rico Villarreal\u201d.<br>Expuso que, en su caso, quiere ser recordado como \u201cun hombre priista que defendi\u00f3 la libertad, la democracia, que jam\u00e1s nos arrodillamos ante el poder y que, a pesar de todo lo que han hecho, jam\u00e1s nos vamos a arrodillar\u201d.<br>Antes, en conferencia de prensa, el senador y dirigente nacional afirm\u00f3 que \u201cest\u00e1 claro que una gran coalici\u00f3n nos hace m\u00e1s potentes. Si no hay coalici\u00f3n, no ser\u00e1 por el PRI\u201d. Reconoci\u00f3 al Presidente del PAN, Jorge Romero, por su apertura, porque, advirti\u00f3, se necesita competitividad para que la oposici\u00f3n, con un gran frente, le gane a Morena.<br>Dijo que, lo que quieren hacer con \u00e9l es \u201cuna venganza personal\u201d. Record\u00f3 que gobern\u00f3 Campeche hace ya 11 a\u00f1os y les ha ganado en todas las instancias.<br>Se\u00f1al\u00f3 que, encarcelando gente inocente, lo quieren doblegar, pero aclar\u00f3: \u201cYo estoy echado para adelante. No tengo nada que esconder y la gente lo est\u00e1 viendo\u201d.<\/p>\n","protected":false},"excerpt":{"rendered":"<p>El Presidente del Comit\u00e9 Ejecutivo Nacional (CEN) del Partido Revolucionario Institucional (PRI), senador Alejandro Moreno, tom\u00f3 protesta a los Defensores de Veracruz, en un acto en el que inform\u00f3 que el tricolor buscar\u00e1 conformar una coalici\u00f3n t\u00e9cnica, t\u00e1ctica y competitiva desde las estructuras locales con el PAN y MC, para ganar a Morena en Veracruz [&hellip;]<\/p>\n","protected":false},"author":2,"featured_media":179704,"comment_status":"closed","ping_status":"closed","sticky":false,"template":"","format":"standard","meta":{"tdm_status":"","tdm_grid_status":"","footnotes":""},"categories":[73],"tags":[14170,44891,1026,2327,266,251,195],"class_list":{"0":"post-179703","1":"post","2":"type-post","3":"status-publish","4":"format-standard","5":"has-post-thumbnail","7":"category-de-boleto","8":"tag-alejandro-moreno","9":"tag-elecciones-2027","10":"tag-morena","11":"tag-movimiento-ciudadano","12":"tag-pan","13":"tag-pri","14":"tag-veracruz"},"yoast_head":"<!-- This site is optimized with the Yoast SEO plugin v28.1 - https:\/\/yoast.com\/product\/yoast-seo-wordpress\/ -->\n<title>PROPONE PRI ALIANZA CON PAN Y MC - Los pol\u00edticos Veracruz<\/title>\n<meta name=\"robots\" content=\"index, follow, max-snippet:-1, max-image-preview:large, max-video-preview:-1\" \/>\n<link rel=\"canonical\" href=\"https:\/\/lospoliticosveracruz.com\/?p=179703\" \/>\n<meta property=\"og:locale\" content=\"es_ES\" \/>\n<meta property=\"og:type\" content=\"article\" \/>\n<meta property=\"og:title\" content=\"PROPONE PRI ALIANZA CON PAN Y MC - Los pol\u00edticos Veracruz\" \/>\n<meta property=\"og:description\" content=\"El Presidente del Comit\u00e9 Ejecutivo Nacional (CEN) del Partido Revolucionario Institucional (PRI), senador Alejandro Moreno, tom\u00f3 protesta a los Defensores de Veracruz, en un acto en el que inform\u00f3 que el tricolor buscar\u00e1 conformar una coalici\u00f3n t\u00e9cnica, t\u00e1ctica y competitiva desde las estructuras locales con el PAN y MC, para ganar a Morena en Veracruz [&hellip;]\" \/>\n<meta property=\"og:url\" content=\"https:\/\/lospoliticosveracruz.com\/?p=179703\" \/>\n<meta property=\"og:site_name\" content=\"Los pol\u00edticos Veracruz\" \/>\n<meta property=\"article:publisher\" content=\"https:\/\/www.facebook.com\/people\/Notimemes-de-los-Polticos\/61565672886568\/\" \/>\n<meta property=\"article:published_time\" content=\"2026-09-01T02:47:04+00:00\" \/>\n<meta property=\"article:modified_time\" content=\"2026-09-01T02:47:06+00:00\" \/>\n<meta property=\"og:image\" content=\"https:\/\/lospoliticosveracruz.com\/wp-content\/uploads\/2026\/08\/PRI-Alito-Pepe.jpg\" \/>\n\t<meta property=\"og:image:width\" content=\"600\" \/>\n\t<meta property=\"og:image:height\" content=\"320\" \/>\n\t<meta property=\"og:image:type\" content=\"image\/jpeg\" \/>\n<meta name=\"author\" content=\"Lo viste en Los Pol\u00edticos\" \/>\n<meta name=\"twitter:card\" content=\"summary_large_image\" \/>\n<meta name=\"twitter:creator\" content=\"@LosPoliticosVer\" \/>\n<meta name=\"twitter:site\" content=\"@LosPoliticosVer\" \/>\n<meta name=\"twitter:label1\" content=\"Escrito por\" \/>\n\t<meta name=\"twitter:data1\" content=\"Lo viste en Los Pol\u00edticos\" \/>\n\t<meta name=\"twitter:label2\" content=\"Tiempo de lectura\" \/>\n\t<meta name=\"twitter:data2\" content=\"3 minutos\" \/>\n<script type=\"application\/ld+json\" class=\"yoast-schema-graph\">{\"@context\":\"https:\\\/\\\/schema.org\",\"@graph\":[{\"@type\":\"Article\",\"@id\":\"https:\\\/\\\/lospoliticosveracruz.com\\\/?p=179703#article\",\"isPartOf\":{\"@id\":\"https:\\\/\\\/lospoliticosveracruz.com\\\/?p=179703\"},\"author\":{\"name\":\"Lo viste en Los Pol\u00edticos\",\"@id\":\"https:\\\/\\\/lospoliticosveracruz.com\\\/#\\\/schema\\\/person\\\/b8702bb0e538456e6efd07080bf2a4a2\"},\"headline\":\"PROPONE PRI ALIANZA CON PAN Y MC\",\"datePublished\":\"2026-09-01T02:47:04+00:00\",\"dateModified\":\"2026-09-01T02:47:06+00:00\",\"mainEntityOfPage\":{\"@id\":\"https:\\\/\\\/lospoliticosveracruz.com\\\/?p=179703\"},\"wordCount\":575,\"publisher\":{\"@id\":\"https:\\\/\\\/lospoliticosveracruz.com\\\/#organization\"},\"image\":{\"@id\":\"https:\\\/\\\/lospoliticosveracruz.com\\\/?p=179703#primaryimage\"},\"thumbnailUrl\":\"https:\\\/\\\/lospoliticosveracruz.com\\\/wp-content\\\/uploads\\\/2026\\\/08\\\/PRI-Alito-Pepe.jpg\",\"keywords\":[\"Alejandro Moreno\",\"elecciones 2027\",\"Morena\",\"Movimiento Ciudadano\",\"PAN\",\"PRI\",\"Veracruz\"],\"articleSection\":[\"De Boleto\"],\"inLanguage\":\"es\"},{\"@type\":\"WebPage\",\"@id\":\"https:\\\/\\\/lospoliticosveracruz.com\\\/?p=179703\",\"url\":\"https:\\\/\\\/lospoliticosveracruz.com\\\/?p=179703\",\"name\":\"PROPONE PRI ALIANZA CON PAN Y MC - Los pol\u00edticos Veracruz\",\"isPartOf\":{\"@id\":\"https:\\\/\\\/lospoliticosveracruz.com\\\/#website\"},\"primaryImageOfPage\":{\"@id\":\"https:\\\/\\\/lospoliticosveracruz.com\\\/?p=179703#primaryimage\"},\"image\":{\"@id\":\"https:\\\/\\\/lospoliticosveracruz.com\\\/?p=179703#primaryimage\"},\"thumbnailUrl\":\"https:\\\/\\\/lospoliticosveracruz.com\\\/wp-content\\\/uploads\\\/2026\\\/08\\\/PRI-Alito-Pepe.jpg\",\"datePublished\":\"2026-09-01T02:47:04+00:00\",\"dateModified\":\"2026-09-01T02:47:06+00:00\",\"breadcrumb\":{\"@id\":\"https:\\\/\\\/lospoliticosveracruz.com\\\/?p=179703#breadcrumb\"},\"inLanguage\":\"es\",\"potentialAction\":[{\"@type\":\"ReadAction\",\"target\":[\"https:\\\/\\\/lospoliticosveracruz.com\\\/?p=179703\"]}]},{\"@type\":\"ImageObject\",\"inLanguage\":\"es\",\"@id\":\"https:\\\/\\\/lospoliticosveracruz.com\\\/?p=179703#primaryimage\",\"url\":\"https:\\\/\\\/lospoliticosveracruz.com\\\/wp-content\\\/uploads\\\/2026\\\/08\\\/PRI-Alito-Pepe.jpg\",\"contentUrl\":\"https:\\\/\\\/lospoliticosveracruz.com\\\/wp-content\\\/uploads\\\/2026\\\/08\\\/PRI-Alito-Pepe.jpg\",\"width\":600,\"height\":320},{\"@type\":\"BreadcrumbList\",\"@id\":\"https:\\\/\\\/lospoliticosveracruz.com\\\/?p=179703#breadcrumb\",\"itemListElement\":[{\"@type\":\"ListItem\",\"position\":1,\"name\":\"Portada\",\"item\":\"https:\\\/\\\/lospoliticosveracruz.com\\\/\"},{\"@type\":\"ListItem\",\"position\":2,\"name\":\"PROPONE PRI ALIANZA CON PAN Y MC\"}]},{\"@type\":\"WebSite\",\"@id\":\"https:\\\/\\\/lospoliticosveracruz.com\\\/#website\",\"url\":\"https:\\\/\\\/lospoliticosveracruz.com\\\/\",\"name\":\"Los pol\u00edticos Veracruz\",\"description\":\"\",\"publisher\":{\"@id\":\"https:\\\/\\\/lospoliticosveracruz.com\\\/#organization\"},\"potentialAction\":[{\"@type\":\"SearchAction\",\"target\":{\"@type\":\"EntryPoint\",\"urlTemplate\":\"https:\\\/\\\/lospoliticosveracruz.com\\\/?s={search_term_string}\"},\"query-input\":{\"@type\":\"PropertyValueSpecification\",\"valueRequired\":true,\"valueName\":\"search_term_string\"}}],\"inLanguage\":\"es\"},{\"@type\":\"Organization\",\"@id\":\"https:\\\/\\\/lospoliticosveracruz.com\\\/#organization\",\"name\":\"Los pol\u00edticos Veracruz\",\"url\":\"https:\\\/\\\/lospoliticosveracruz.com\\\/\",\"logo\":{\"@type\":\"ImageObject\",\"inLanguage\":\"es\",\"@id\":\"https:\\\/\\\/lospoliticosveracruz.com\\\/#\\\/schema\\\/logo\\\/image\\\/\",\"url\":\"https:\\\/\\\/lospoliticosveracruz.com\\\/wp-content\\\/uploads\\\/2025\\\/12\\\/Logo-Nuevo-LOS-POLITICOS-1.jpg\",\"contentUrl\":\"https:\\\/\\\/lospoliticosveracruz.com\\\/wp-content\\\/uploads\\\/2025\\\/12\\\/Logo-Nuevo-LOS-POLITICOS-1.jpg\",\"width\":260,\"height\":70,\"caption\":\"Los pol\u00edticos Veracruz\"},\"image\":{\"@id\":\"https:\\\/\\\/lospoliticosveracruz.com\\\/#\\\/schema\\\/logo\\\/image\\\/\"},\"sameAs\":[\"https:\\\/\\\/www.facebook.com\\\/people\\\/Notimemes-de-los-Polticos\\\/61565672886568\\\/\",\"https:\\\/\\\/x.com\\\/LosPoliticosVer\"]},{\"@type\":\"Person\",\"@id\":\"https:\\\/\\\/lospoliticosveracruz.com\\\/#\\\/schema\\\/person\\\/b8702bb0e538456e6efd07080bf2a4a2\",\"name\":\"Lo viste en Los Pol\u00edticos\",\"image\":{\"@type\":\"ImageObject\",\"inLanguage\":\"es\",\"@id\":\"https:\\\/\\\/secure.gravatar.com\\\/avatar\\\/3a8de04a2656d44082be478bd6c086daa447c4651605818287b9532d3d0bd435?s=96&d=mm&r=g\",\"url\":\"https:\\\/\\\/secure.gravatar.com\\\/avatar\\\/3a8de04a2656d44082be478bd6c086daa447c4651605818287b9532d3d0bd435?s=96&d=mm&r=g\",\"contentUrl\":\"https:\\\/\\\/secure.gravatar.com\\\/avatar\\\/3a8de04a2656d44082be478bd6c086daa447c4651605818287b9532d3d0bd435?s=96&d=mm&r=g\",\"caption\":\"Lo viste en Los Pol\u00edticos\"},\"url\":\"https:\\\/\\\/lospoliticosveracruz.com\\\/?author=2\"}]}<\/script>\n<!-- \/ Yoast SEO plugin. -->","yoast_head_json":{"title":"PROPONE PRI ALIANZA CON PAN Y MC - Los pol\u00edticos Veracruz","robots":{"index":"index","follow":"follow","max-snippet":"max-snippet:-1","max-image-preview":"max-image-preview:large","max-video-preview":"max-video-preview:-1"},"canonical":"https:\/\/lospoliticosveracruz.com\/?p=179703","og_locale":"es_ES","og_type":"article","og_title":"PROPONE PRI ALIANZA CON PAN Y MC - Los pol\u00edticos Veracruz","og_description":"El Presidente del Comit\u00e9 Ejecutivo Nacional (CEN) del Partido Revolucionario Institucional (PRI), senador Alejandro Moreno, tom\u00f3 protesta a los Defensores de Veracruz, en un acto en el que inform\u00f3 que el tricolor buscar\u00e1 conformar una coalici\u00f3n t\u00e9cnica, t\u00e1ctica y competitiva desde las estructuras locales con el PAN y MC, para ganar a Morena en Veracruz [&hellip;]","og_url":"https:\/\/lospoliticosveracruz.com\/?p=179703","og_site_name":"Los pol\u00edticos Veracruz","article_publisher":"https:\/\/www.facebook.com\/people\/Notimemes-de-los-Polticos\/61565672886568\/","article_published_time":"2026-09-01T02:47:04+00:00","article_modified_time":"2026-09-01T02:47:06+00:00","og_image":[{"width":600,"height":320,"url":"https:\/\/lospoliticosveracruz.com\/wp-content\/uploads\/2026\/08\/PRI-Alito-Pepe.jpg","type":"image\/jpeg"}],"author":"Lo viste en Los Pol\u00edticos","twitter_card":"summary_large_image","twitter_creator":"@LosPoliticosVer","twitter_site":"@LosPoliticosVer","twitter_misc":{"Escrito por":"Lo viste en Los Pol\u00edticos","Tiempo de lectura":"3 minutos"},"schema":{"@context":"https:\/\/schema.org","@graph":[{"@type":"Article","@id":"https:\/\/lospoliticosveracruz.com\/?p=179703#article","isPartOf":{"@id":"https:\/\/lospoliticosveracruz.com\/?p=179703"},"author":{"name":"Lo viste en Los Pol\u00edticos","@id":"https:\/\/lospoliticosveracruz.com\/#\/schema\/person\/b8702bb0e538456e6efd07080bf2a4a2"},"headline":"PROPONE PRI ALIANZA CON PAN Y MC","datePublished":"2026-09-01T02:47:04+00:00","dateModified":"2026-09-01T02:47:06+00:00","mainEntityOfPage":{"@id":"https:\/\/lospoliticosveracruz.com\/?p=179703"},"wordCount":575,"publisher":{"@id":"https:\/\/lospoliticosveracruz.com\/#organization"},"image":{"@id":"https:\/\/lospoliticosveracruz.com\/?p=179703#primaryimage"},"thumbnailUrl":"https:\/\/lospoliticosveracruz.com\/wp-content\/uploads\/2026\/08\/PRI-Alito-Pepe.jpg","keywords":["Alejandro Moreno","elecciones 2027","Morena","Movimiento Ciudadano","PAN","PRI","Veracruz"],"articleSection":["De Boleto"],"inLanguage":"es"},{"@type":"WebPage","@id":"https:\/\/lospoliticosveracruz.com\/?p=179703","url":"https:\/\/lospoliticosveracruz.com\/?p=179703","name":"PROPONE PRI ALIANZA CON PAN Y MC - Los pol\u00edticos Veracruz","isPartOf":{"@id":"https:\/\/lospoliticosveracruz.com\/#website"},"primaryImageOfPage":{"@id":"https:\/\/lospoliticosveracruz.com\/?p=179703#primaryimage"},"image":{"@id":"https:\/\/lospoliticosveracruz.com\/?p=179703#primaryimage"},"thumbnailUrl":"https:\/\/lospoliticosveracruz.com\/wp-content\/uploads\/2026\/08\/PRI-Alito-Pepe.jpg","datePublished":"2026-09-01T02:47:04+00:00","dateModified":"2026-09-01T02:47:06+00:00","breadcrumb":{"@id":"https:\/\/lospoliticosveracruz.com\/?p=179703#breadcrumb"},"inLanguage":"es","potentialAction":[{"@type":"ReadAction","target":["https:\/\/lospoliticosveracruz.com\/?p=179703"]}]},{"@type":"ImageObject","inLanguage":"es","@id":"https:\/\/lospoliticosveracruz.com\/?p=179703#primaryimage","url":"https:\/\/lospoliticosveracruz.com\/wp-content\/uploads\/2026\/08\/PRI-Alito-Pepe.jpg","contentUrl":"https:\/\/lospoliticosveracruz.com\/wp-content\/uploads\/2026\/08\/PRI-Alito-Pepe.jpg","width":600,"height":320},{"@type":"BreadcrumbList","@id":"https:\/\/lospoliticosveracruz.com\/?p=179703#breadcrumb","itemListElement":[{"@type":"ListItem","position":1,"name":"Portada","item":"https:\/\/lospoliticosveracruz.com\/"},{"@type":"ListItem","position":2,"name":"PROPONE PRI ALIANZA CON PAN Y MC"}]},{"@type":"WebSite","@id":"https:\/\/lospoliticosveracruz.com\/#website","url":"https:\/\/lospoliticosveracruz.com\/","name":"Los pol\u00edticos Veracruz","description":"","publisher":{"@id":"https:\/\/lospoliticosveracruz.com\/#organization"},"potentialAction":[{"@type":"SearchAction","target":{"@type":"EntryPoint","urlTemplate":"https:\/\/lospoliticosveracruz.com\/?s={search_term_string}"},"query-input":{"@type":"PropertyValueSpecification","valueRequired":true,"valueName":"search_term_string"}}],"inLanguage":"es"},{"@type":"Organization","@id":"https:\/\/lospoliticosveracruz.com\/#organization","name":"Los pol\u00edticos Veracruz","url":"https:\/\/lospoliticosveracruz.com\/","logo":{"@type":"ImageObject","inLanguage":"es","@id":"https:\/\/lospoliticosveracruz.com\/#\/schema\/logo\/image\/","url":"https:\/\/lospoliticosveracruz.com\/wp-content\/uploads\/2025\/12\/Logo-Nuevo-LOS-POLITICOS-1.jpg","contentUrl":"https:\/\/lospoliticosveracruz.com\/wp-content\/uploads\/2025\/12\/Logo-Nuevo-LOS-POLITICOS-1.jpg","width":260,"height":70,"caption":"Los pol\u00edticos Veracruz"},"image":{"@id":"https:\/\/lospoliticosveracruz.com\/#\/schema\/logo\/image\/"},"sameAs":["https:\/\/www.facebook.com\/people\/Notimemes-de-los-Polticos\/61565672886568\/","https:\/\/x.com\/LosPoliticosVer"]},{"@type":"Person","@id":"https:\/\/lospoliticosveracruz.com\/#\/schema\/person\/b8702bb0e538456e6efd07080bf2a4a2","name":"Lo viste en Los Pol\u00edticos","image":{"@type":"ImageObject","inLanguage":"es","@id":"https:\/\/secure.gravatar.com\/avatar\/3a8de04a2656d44082be478bd6c086daa447c4651605818287b9532d3d0bd435?s=96&d=mm&r=g","url":"https:\/\/secure.gravatar.com\/avatar\/3a8de04a2656d44082be478bd6c086daa447c4651605818287b9532d3d0bd435?s=96&d=mm&r=g","contentUrl":"https:\/\/secure.gravatar.com\/avatar\/3a8de04a2656d44082be478bd6c086daa447c4651605818287b9532d3d0bd435?s=96&d=mm&r=g","caption":"Lo viste en Los Pol\u00edticos"},"url":"https:\/\/lospoliticosveracruz.com\/?author=2"}]}},"_links":{"self":[{"href":"https:\/\/lospoliticosveracruz.com\/index.php?rest_route=\/wp\/v2\/posts\/179703","targetHints":{"allow":["GET"]}}],"collection":[{"href":"https:\/\/lospoliticosveracruz.com\/index.php?rest_route=\/wp\/v2\/posts"}],"about":[{"href":"https:\/\/lospoliticosveracruz.com\/index.php?rest_route=\/wp\/v2\/types\/post"}],"author":[{"embeddable":true,"href":"https:\/\/lospoliticosveracruz.com\/index.php?rest_route=\/wp\/v2\/users\/2"}],"replies":[{"embeddable":true,"href":"https:\/\/lospoliticosveracruz.com\/index.php?rest_route=%2Fwp%2Fv2%2Fcomments&post=179703"}],"version-history":[{"count":1,"href":"https:\/\/lospoliticosveracruz.com\/index.php?rest_route=\/wp\/v2\/posts\/179703\/revisions"}],"predecessor-version":[{"id":179705,"href":"https:\/\/lospoliticosveracruz.com\/index.php?rest_route=\/wp\/v2\/posts\/179703\/revisions\/179705"}],"wp:featuredmedia":[{"embeddable":true,"href":"https:\/\/lospoliticosveracruz.com\/index.php?rest_route=\/wp\/v2\/media\/179704"}],"wp:attachment":[{"href":"https:\/\/lospoliticosveracruz.com\/index.php?rest_route=%2Fwp%2Fv2%2Fmedia&parent=179703"}],"wp:term":[{"taxonomy":"category","embeddable":true,"href":"https:\/\/lospoliticosveracruz.com\/index.php?rest_route=%2Fwp%2Fv2%2Fcategories&post=179703"},{"taxonomy":"post_tag","embeddable":true,"href":"https:\/\/lospoliticosveracruz.com\/index.php?rest_route=%2Fwp%2Fv2%2Ftags&post=179703"}],"curies":[{"name":"wp","href":"https:\/\/api.w.org\/{rel}","templated":true}]}}