{"id":179711,"date":"2026-08-31T21:23:09","date_gmt":"2026-09-01T03:23:09","guid":{"rendered":"https:\/\/lospoliticosveracruz.com\/?p=179711"},"modified":"2026-08-31T21:23:11","modified_gmt":"2026-09-01T03:23:11","slug":"pronosticos-de-eventos-perturbadores-en-2026","status":"publish","type":"post","link":"https:\/\/lospoliticosveracruz.com\/?p=179711","title":{"rendered":"PRON\u00d3STICOS DE EVENTOS PERTURBADORES EN 2026"},"content":{"rendered":"<div class=\"wp-block-image\">\n<figure class=\"alignleft size-large is-resized\"><a href=\"https:\/\/lospoliticosveracruz.com\/wp-content\/uploads\/2026\/08\/Tu-Plan-Xalapa.jpg\"><img loading=\"lazy\" decoding=\"async\" width=\"1024\" height=\"854\" src=\"https:\/\/lospoliticosveracruz.com\/wp-content\/uploads\/2026\/08\/Tu-Plan-Xalapa-1024x854.jpg\" alt=\"\" class=\"wp-image-177789\" style=\"width:421px;height:auto\" srcset=\"https:\/\/lospoliticosveracruz.com\/wp-content\/uploads\/2026\/08\/Tu-Plan-Xalapa-1024x854.jpg 1024w, https:\/\/lospoliticosveracruz.com\/wp-content\/uploads\/2026\/08\/Tu-Plan-Xalapa-300x250.jpg 300w, https:\/\/lospoliticosveracruz.com\/wp-content\/uploads\/2026\/08\/Tu-Plan-Xalapa-768x640.jpg 768w, https:\/\/lospoliticosveracruz.com\/wp-content\/uploads\/2026\/08\/Tu-Plan-Xalapa-504x420.jpg 504w, https:\/\/lospoliticosveracruz.com\/wp-content\/uploads\/2026\/08\/Tu-Plan-Xalapa-150x125.jpg 150w, https:\/\/lospoliticosveracruz.com\/wp-content\/uploads\/2026\/08\/Tu-Plan-Xalapa-696x580.jpg 696w, https:\/\/lospoliticosveracruz.com\/wp-content\/uploads\/2026\/08\/Tu-Plan-Xalapa-1068x890.jpg 1068w, https:\/\/lospoliticosveracruz.com\/wp-content\/uploads\/2026\/08\/Tu-Plan-Xalapa.jpg 1400w\" sizes=\"auto, (max-width: 1024px) 100vw, 1024px\" \/><\/a><\/figure>\n<\/div>\n\n\n<p><strong>Jos\u00e9 Luis Enr\u00edquez Ambell<\/strong><\/p>\n\n\n\n<p><em>Caf\u00e9 de Ma\u00f1ana<\/em><\/p>\n\n\n\n<p><\/p>\n\n\n\n<p>En la recta final y para el cierre del presente a\u00f1o en Veracruz, existen pron\u00f3sticos de intensa temporada por las lluvias y un aumento que podr\u00eda llegar a lo dr\u00e1stico en t\u00e9rminos de los frentes fr\u00edos, y todo debido al desarrollo creciente e hist\u00f3rico del Fen\u00f3meno del Ni\u00f1o 2026-2027.<\/p>\n\n\n\n<p>Aseguran instancias que saben que se est\u00e1 fortaleciendo en el oc\u00e9ano Pac\u00edfico con una alta probabilidad, cercana al 100 %, de mantenerse durante el segundo semestre del presente a\u00f1o e incluso alcanzar una intensidad muy fuerte entre noviembre y enero venideros.<\/p>\n\n\n\n<p>Los meteor\u00f3logos y expertos en el clima y los fen\u00f3menos atmosf\u00e9ricos presumen que tendremos lluvias prolongadas, con pron\u00f3sticos de temporadas altas de precipitaciones desde este mes de septiembre hasta diciembre, o sea, 4 meses.<\/p>\n\n\n\n<p>Entre los probables frentes fr\u00edos activos y eventos de norte, estar\u00edan por empezar el d\u00eda 15 de septiembre y se extender\u00edan hasta mayo con alta actividad, lo que pone en alerta a las \u00e1reas de Protecci\u00f3n Civil de los ayuntamientos de Veracruz.<\/p>\n\n\n\n<p>Entre los impactos esperados, hay quienes, entre los expertos, han apostado que estar\u00edan por darse descensos dr\u00e1sticos de temperatura, vientos fuertes en la costa y litoral, y con riesgo de crecidas de los r\u00edos y hasta encharcamientos, en particular en zonas monta\u00f1osas y frente al Golfo de M\u00e9xico.<\/p>\n\n\n\n<p>Quiz\u00e1 las semanas por venir y los meses de cierre anual, como iniciales de 2027, quiz\u00e1s sean de las primeras pruebas en las regiones del estado, as\u00ed como para los titulares y equipos humanos de Protecci\u00f3n Civil en los municipios, de ah\u00ed que esas instancias no har\u00edan mal en ir preparando recomendaciones espec\u00edficas en su universo y, en algunos casos, tener previstos refugios temporales cercanos.<\/p>\n\n\n\n<p>Recordemos que la temporada de lluvias y ciclones tropicales de 2026 en M\u00e9xico se dijo hace algunos meses que concluir\u00e1 oficialmente el d\u00eda 30 de noviembre, y con una actividad esperada de 18 a 21 sistemas en el Pac\u00edfico y de 11 a 15 en el Atl\u00e1ntico, como un panorama general preliminar.<\/p>\n\n\n\n<p>En ese orden y para el segundo semestre del presente a\u00f1o, en t\u00e9rminos del cierre de la temporada de ciclones (agosto-noviembre), septiembre se perfila como el mes de mayor dinamismo y pico hist\u00f3rico para el desarrollo de sistemas en el Golfo de M\u00e9xico y el Caribe.<\/p>\n\n\n\n<p>As\u00ed pues, Veracruz se mantiene como una entidad prioritaria de vigilancia ante el impacto o la cercan\u00eda de ondas tropicales y posibles tormentas de elevada intensidad.<\/p>\n\n\n\n<p>Aqu\u00ed juega un rol importante la influencia de \u201cEl Ni\u00f1o\u201d como fen\u00f3meno clim\u00e1tico, donde se prev\u00e9 que alcance una fase muy fuerte hacia finales de este a\u00f1o e inicios de 2027, situaci\u00f3n que modifica los patrones habituales y tambi\u00e9n propicia un incremento en la fuerza de los sistemas y eventos de lluvia m\u00e1s intensos en determinados periodos y regiones de Veracruz.<\/p>\n\n\n\n<p>Ahora bien, la temporada de frentes fr\u00edos entre 2026-2027, en un emparejamiento al cierre cicl\u00f3nico, los eventos de norte y frentes fr\u00edos que iniciar\u00e1n en unos d\u00edas m\u00e1s (septiembre), se extender\u00e1n hasta la mitad de mayo de 2027, afectando de manera directa las costas y zonas monta\u00f1osas de Veracruz con un marcado descenso de temperatura y posibles lluvias intermitentes.<\/p>\n\n\n\n<p><strong>DE SOBREMESA<\/strong><\/p>\n\n\n\n<p>Ya algunas noches de Gritos de Independencia en municipios de Veracruz se han cancelado por lluvias en esa fecha; se espera que no sea el caso en esta ocasi\u00f3n.<\/p>\n\n\n\n<p>Esperemos que la noche del Grito en municipios de Veracruz sea de fiesta y color nacional, y no con labores de limpieza y desazolve en zonas afectadas por lluvias, y tampoco eviten que el d\u00eda 16 se pueda llevar a cabo el desfile c\u00edvico-militar en c\u00e9ntricas calles de localidades.<\/p>\n\n\n\n<p>Aunque todas las autoridades de Protecci\u00f3n Civil y Seguridad P\u00fablica municipales, aun con los preparativos de verbena y actividades c\u00edvicas, no har\u00edan mal en estar preparadas.<\/p>\n\n\n\n<p><strong>UN CAF\u00c9 LECHERO LIGHT<\/strong><\/p>\n\n\n\n<p>Este primero de septiembre, con las guardias de honor ante el Monumento al Cura Hidalgo, en el emblem\u00e1tico Parque de los Berros \u2014en Xalapa\u2014, se logran vivir momentos en donde se mezcla la sociedad civil con nuestros mandos militar y naval, pues \u201cnos identificamos con el pleno orgullo de ser mexicanos\u201d.<\/p>\n\n\n\n<p><strong>UN CAF\u00c9 MEXICANO<\/strong><\/p>\n\n\n\n<p>Y es que la presidenta Claudia Sheinbaum ha enviado iniciativa de reforma constitucional al proponer que se proh\u00edba la doble nacionalidad para ocupar la Presidencia de la Rep\u00fablica, gubernaturas y la Jefatura de Gobierno de la CDMX en los procesos electorales que se avecinan.<\/p>\n\n\n\n<p><strong>UN CAF\u00c9 CON PIQUETE<\/strong><\/p>\n\n\n\n<p>V\u00edctor Garc\u00eda Pacheco dejar\u00e1 la Direcci\u00f3n T\u00e9cnica de Conagua en Veracruz e ir\u00e1 a una nueva posici\u00f3n en la CDMX dentro de la estructura nacional de ese organismo.<\/p>\n\n\n\n<p>El Ing. Carlos Baizabal L\u00f3pez dejar\u00e1 la Jefatura del Departamento de Aguas Superficiales e Ingenier\u00eda de R\u00edos, en relevo del tambi\u00e9n acad\u00e9mico de la UV Garc\u00eda Pacheco, y al nuevo director t\u00e9cnico, a su vez, lo sustituir\u00e1 Oswaldo Huesca D\u00edaz, quien tambi\u00e9n labora en Conagua.<\/p>\n\n\n\n<p>Ese corrimiento y promoci\u00f3n de servidores p\u00fablicos cuentan con el aval del maestro Sergio Antonio L\u00f3pez Montecino, director general del Organismo de Cuenca Golfo Centro de la Comisi\u00f3n Nacional del Agua (Conagua) en Veracruz. Enhorabuena para todos ellos.<\/p>\n\n\n\n<p>\u00a1ES CUANTO!<\/p>\n\n\n\n<p>enriquezambell@gmail.com;<br>enamjl62@gmail.com<\/p>\n","protected":false},"excerpt":{"rendered":"<p>Jos\u00e9 Luis Enr\u00edquez Ambell Caf\u00e9 de Ma\u00f1ana En la recta final y para el cierre del presente a\u00f1o en Veracruz, existen pron\u00f3sticos de intensa temporada por las lluvias y un aumento que podr\u00eda llegar a lo dr\u00e1stico en t\u00e9rminos de los frentes fr\u00edos, y todo debido al desarrollo creciente e hist\u00f3rico del Fen\u00f3meno del Ni\u00f1o [&hellip;]<\/p>\n","protected":false},"author":2,"featured_media":141435,"comment_status":"closed","ping_status":"closed","sticky":false,"template":"","format":"standard","meta":{"tdm_status":"","tdm_grid_status":"","footnotes":""},"categories":[70],"tags":[28360,70956,54990,8383,2581,206,195],"class_list":{"0":"post-179711","1":"post","2":"type-post","3":"status-publish","4":"format-standard","5":"has-post-thumbnail","7":"category-de-opinion","8":"tag-ciclones-tropicales","9":"tag-fenomeno-del-nino","10":"tag-frentes-frios","11":"tag-jose-luis-enriquez-ambell","12":"tag-lluvias","13":"tag-proteccion-civil","14":"tag-veracruz"},"yoast_head":"<!-- This site is optimized with the Yoast SEO plugin v28.1 - https:\/\/yoast.com\/product\/yoast-seo-wordpress\/ -->\n<title>PRON\u00d3STICOS DE EVENTOS PERTURBADORES EN 2026 - Los pol\u00edticos Veracruz<\/title>\n<meta name=\"robots\" content=\"index, follow, max-snippet:-1, max-image-preview:large, max-video-preview:-1\" \/>\n<link rel=\"canonical\" href=\"https:\/\/lospoliticosveracruz.com\/?p=179711\" \/>\n<meta property=\"og:locale\" content=\"es_ES\" \/>\n<meta property=\"og:type\" content=\"article\" \/>\n<meta property=\"og:title\" content=\"PRON\u00d3STICOS DE EVENTOS PERTURBADORES EN 2026 - Los pol\u00edticos Veracruz\" \/>\n<meta property=\"og:description\" content=\"Jos\u00e9 Luis Enr\u00edquez Ambell Caf\u00e9 de Ma\u00f1ana En la recta final y para el cierre del presente a\u00f1o en Veracruz, existen pron\u00f3sticos de intensa temporada por las lluvias y un aumento que podr\u00eda llegar a lo dr\u00e1stico en t\u00e9rminos de los frentes fr\u00edos, y todo debido al desarrollo creciente e hist\u00f3rico del Fen\u00f3meno del Ni\u00f1o [&hellip;]\" \/>\n<meta property=\"og:url\" content=\"https:\/\/lospoliticosveracruz.com\/?p=179711\" \/>\n<meta property=\"og:site_name\" content=\"Los pol\u00edticos Veracruz\" \/>\n<meta property=\"article:publisher\" content=\"https:\/\/www.facebook.com\/people\/Notimemes-de-los-Polticos\/61565672886568\/\" \/>\n<meta property=\"article:published_time\" content=\"2026-09-01T03:23:09+00:00\" \/>\n<meta property=\"article:modified_time\" content=\"2026-09-01T03:23:11+00:00\" \/>\n<meta property=\"og:image\" content=\"https:\/\/lospoliticosveracruz.com\/wp-content\/uploads\/2025\/04\/Ambell-e1783888410832.jpg\" \/>\n\t<meta property=\"og:image:width\" content=\"600\" \/>\n\t<meta property=\"og:image:height\" content=\"320\" \/>\n\t<meta property=\"og:image:type\" content=\"image\/jpeg\" \/>\n<meta name=\"author\" content=\"Lo viste en Los Pol\u00edticos\" \/>\n<meta name=\"twitter:card\" content=\"summary_large_image\" \/>\n<meta name=\"twitter:creator\" content=\"@LosPoliticosVer\" \/>\n<meta name=\"twitter:site\" content=\"@LosPoliticosVer\" \/>\n<meta name=\"twitter:label1\" content=\"Escrito por\" \/>\n\t<meta name=\"twitter:data1\" content=\"Lo viste en Los Pol\u00edticos\" \/>\n\t<meta name=\"twitter:label2\" content=\"Tiempo de lectura\" \/>\n\t<meta name=\"twitter:data2\" content=\"5 minutos\" \/>\n<script type=\"application\/ld+json\" class=\"yoast-schema-graph\">{\"@context\":\"https:\\\/\\\/schema.org\",\"@graph\":[{\"@type\":\"Article\",\"@id\":\"https:\\\/\\\/lospoliticosveracruz.com\\\/?p=179711#article\",\"isPartOf\":{\"@id\":\"https:\\\/\\\/lospoliticosveracruz.com\\\/?p=179711\"},\"author\":{\"name\":\"Lo viste en Los Pol\u00edticos\",\"@id\":\"https:\\\/\\\/lospoliticosveracruz.com\\\/#\\\/schema\\\/person\\\/b8702bb0e538456e6efd07080bf2a4a2\"},\"headline\":\"PRON\u00d3STICOS DE EVENTOS PERTURBADORES EN 2026\",\"datePublished\":\"2026-09-01T03:23:09+00:00\",\"dateModified\":\"2026-09-01T03:23:11+00:00\",\"mainEntityOfPage\":{\"@id\":\"https:\\\/\\\/lospoliticosveracruz.com\\\/?p=179711\"},\"wordCount\":938,\"publisher\":{\"@id\":\"https:\\\/\\\/lospoliticosveracruz.com\\\/#organization\"},\"image\":{\"@id\":\"https:\\\/\\\/lospoliticosveracruz.com\\\/?p=179711#primaryimage\"},\"thumbnailUrl\":\"https:\\\/\\\/lospoliticosveracruz.com\\\/wp-content\\\/uploads\\\/2025\\\/04\\\/Ambell-e1783888410832.jpg\",\"keywords\":[\"ciclones tropicales\",\"Fen\u00f3meno del Ni\u00f1o\",\"Frentes Fr\u00edos\",\"Jos\u00e9 Luis Enr\u00edquez Ambell\",\"lluvias\",\"Protecci\u00f3n Civil\",\"Veracruz\"],\"articleSection\":[\"De Opini\u00f3n\"],\"inLanguage\":\"es\"},{\"@type\":\"WebPage\",\"@id\":\"https:\\\/\\\/lospoliticosveracruz.com\\\/?p=179711\",\"url\":\"https:\\\/\\\/lospoliticosveracruz.com\\\/?p=179711\",\"name\":\"PRON\u00d3STICOS DE EVENTOS PERTURBADORES EN 2026 - Los pol\u00edticos Veracruz\",\"isPartOf\":{\"@id\":\"https:\\\/\\\/lospoliticosveracruz.com\\\/#website\"},\"primaryImageOfPage\":{\"@id\":\"https:\\\/\\\/lospoliticosveracruz.com\\\/?p=179711#primaryimage\"},\"image\":{\"@id\":\"https:\\\/\\\/lospoliticosveracruz.com\\\/?p=179711#primaryimage\"},\"thumbnailUrl\":\"https:\\\/\\\/lospoliticosveracruz.com\\\/wp-content\\\/uploads\\\/2025\\\/04\\\/Ambell-e1783888410832.jpg\",\"datePublished\":\"2026-09-01T03:23:09+00:00\",\"dateModified\":\"2026-09-01T03:23:11+00:00\",\"breadcrumb\":{\"@id\":\"https:\\\/\\\/lospoliticosveracruz.com\\\/?p=179711#breadcrumb\"},\"inLanguage\":\"es\",\"potentialAction\":[{\"@type\":\"ReadAction\",\"target\":[\"https:\\\/\\\/lospoliticosveracruz.com\\\/?p=179711\"]}]},{\"@type\":\"ImageObject\",\"inLanguage\":\"es\",\"@id\":\"https:\\\/\\\/lospoliticosveracruz.com\\\/?p=179711#primaryimage\",\"url\":\"https:\\\/\\\/lospoliticosveracruz.com\\\/wp-content\\\/uploads\\\/2025\\\/04\\\/Ambell-e1783888410832.jpg\",\"contentUrl\":\"https:\\\/\\\/lospoliticosveracruz.com\\\/wp-content\\\/uploads\\\/2025\\\/04\\\/Ambell-e1783888410832.jpg\",\"width\":600,\"height\":320},{\"@type\":\"BreadcrumbList\",\"@id\":\"https:\\\/\\\/lospoliticosveracruz.com\\\/?p=179711#breadcrumb\",\"itemListElement\":[{\"@type\":\"ListItem\",\"position\":1,\"name\":\"Portada\",\"item\":\"https:\\\/\\\/lospoliticosveracruz.com\\\/\"},{\"@type\":\"ListItem\",\"position\":2,\"name\":\"PRON\u00d3STICOS DE EVENTOS PERTURBADORES EN 2026\"}]},{\"@type\":\"WebSite\",\"@id\":\"https:\\\/\\\/lospoliticosveracruz.com\\\/#website\",\"url\":\"https:\\\/\\\/lospoliticosveracruz.com\\\/\",\"name\":\"Los pol\u00edticos Veracruz\",\"description\":\"\",\"publisher\":{\"@id\":\"https:\\\/\\\/lospoliticosveracruz.com\\\/#organization\"},\"potentialAction\":[{\"@type\":\"SearchAction\",\"target\":{\"@type\":\"EntryPoint\",\"urlTemplate\":\"https:\\\/\\\/lospoliticosveracruz.com\\\/?s={search_term_string}\"},\"query-input\":{\"@type\":\"PropertyValueSpecification\",\"valueRequired\":true,\"valueName\":\"search_term_string\"}}],\"inLanguage\":\"es\"},{\"@type\":\"Organization\",\"@id\":\"https:\\\/\\\/lospoliticosveracruz.com\\\/#organization\",\"name\":\"Los pol\u00edticos Veracruz\",\"url\":\"https:\\\/\\\/lospoliticosveracruz.com\\\/\",\"logo\":{\"@type\":\"ImageObject\",\"inLanguage\":\"es\",\"@id\":\"https:\\\/\\\/lospoliticosveracruz.com\\\/#\\\/schema\\\/logo\\\/image\\\/\",\"url\":\"https:\\\/\\\/lospoliticosveracruz.com\\\/wp-content\\\/uploads\\\/2025\\\/12\\\/Logo-Nuevo-LOS-POLITICOS-1.jpg\",\"contentUrl\":\"https:\\\/\\\/lospoliticosveracruz.com\\\/wp-content\\\/uploads\\\/2025\\\/12\\\/Logo-Nuevo-LOS-POLITICOS-1.jpg\",\"width\":260,\"height\":70,\"caption\":\"Los pol\u00edticos Veracruz\"},\"image\":{\"@id\":\"https:\\\/\\\/lospoliticosveracruz.com\\\/#\\\/schema\\\/logo\\\/image\\\/\"},\"sameAs\":[\"https:\\\/\\\/www.facebook.com\\\/people\\\/Notimemes-de-los-Polticos\\\/61565672886568\\\/\",\"https:\\\/\\\/x.com\\\/LosPoliticosVer\"]},{\"@type\":\"Person\",\"@id\":\"https:\\\/\\\/lospoliticosveracruz.com\\\/#\\\/schema\\\/person\\\/b8702bb0e538456e6efd07080bf2a4a2\",\"name\":\"Lo viste en Los Pol\u00edticos\",\"image\":{\"@type\":\"ImageObject\",\"inLanguage\":\"es\",\"@id\":\"https:\\\/\\\/secure.gravatar.com\\\/avatar\\\/3a8de04a2656d44082be478bd6c086daa447c4651605818287b9532d3d0bd435?s=96&d=mm&r=g\",\"url\":\"https:\\\/\\\/secure.gravatar.com\\\/avatar\\\/3a8de04a2656d44082be478bd6c086daa447c4651605818287b9532d3d0bd435?s=96&d=mm&r=g\",\"contentUrl\":\"https:\\\/\\\/secure.gravatar.com\\\/avatar\\\/3a8de04a2656d44082be478bd6c086daa447c4651605818287b9532d3d0bd435?s=96&d=mm&r=g\",\"caption\":\"Lo viste en Los Pol\u00edticos\"},\"url\":\"https:\\\/\\\/lospoliticosveracruz.com\\\/?author=2\"}]}<\/script>\n<!-- \/ Yoast SEO plugin. -->","yoast_head_json":{"title":"PRON\u00d3STICOS DE EVENTOS PERTURBADORES EN 2026 - Los pol\u00edticos Veracruz","robots":{"index":"index","follow":"follow","max-snippet":"max-snippet:-1","max-image-preview":"max-image-preview:large","max-video-preview":"max-video-preview:-1"},"canonical":"https:\/\/lospoliticosveracruz.com\/?p=179711","og_locale":"es_ES","og_type":"article","og_title":"PRON\u00d3STICOS DE EVENTOS PERTURBADORES EN 2026 - Los pol\u00edticos Veracruz","og_description":"Jos\u00e9 Luis Enr\u00edquez Ambell Caf\u00e9 de Ma\u00f1ana En la recta final y para el cierre del presente a\u00f1o en Veracruz, existen pron\u00f3sticos de intensa temporada por las lluvias y un aumento que podr\u00eda llegar a lo dr\u00e1stico en t\u00e9rminos de los frentes fr\u00edos, y todo debido al desarrollo creciente e hist\u00f3rico del Fen\u00f3meno del Ni\u00f1o [&hellip;]","og_url":"https:\/\/lospoliticosveracruz.com\/?p=179711","og_site_name":"Los pol\u00edticos Veracruz","article_publisher":"https:\/\/www.facebook.com\/people\/Notimemes-de-los-Polticos\/61565672886568\/","article_published_time":"2026-09-01T03:23:09+00:00","article_modified_time":"2026-09-01T03:23:11+00:00","og_image":[{"width":600,"height":320,"url":"https:\/\/lospoliticosveracruz.com\/wp-content\/uploads\/2025\/04\/Ambell-e1783888410832.jpg","type":"image\/jpeg"}],"author":"Lo viste en Los Pol\u00edticos","twitter_card":"summary_large_image","twitter_creator":"@LosPoliticosVer","twitter_site":"@LosPoliticosVer","twitter_misc":{"Escrito por":"Lo viste en Los Pol\u00edticos","Tiempo de lectura":"5 minutos"},"schema":{"@context":"https:\/\/schema.org","@graph":[{"@type":"Article","@id":"https:\/\/lospoliticosveracruz.com\/?p=179711#article","isPartOf":{"@id":"https:\/\/lospoliticosveracruz.com\/?p=179711"},"author":{"name":"Lo viste en Los Pol\u00edticos","@id":"https:\/\/lospoliticosveracruz.com\/#\/schema\/person\/b8702bb0e538456e6efd07080bf2a4a2"},"headline":"PRON\u00d3STICOS DE EVENTOS PERTURBADORES EN 2026","datePublished":"2026-09-01T03:23:09+00:00","dateModified":"2026-09-01T03:23:11+00:00","mainEntityOfPage":{"@id":"https:\/\/lospoliticosveracruz.com\/?p=179711"},"wordCount":938,"publisher":{"@id":"https:\/\/lospoliticosveracruz.com\/#organization"},"image":{"@id":"https:\/\/lospoliticosveracruz.com\/?p=179711#primaryimage"},"thumbnailUrl":"https:\/\/lospoliticosveracruz.com\/wp-content\/uploads\/2025\/04\/Ambell-e1783888410832.jpg","keywords":["ciclones tropicales","Fen\u00f3meno del Ni\u00f1o","Frentes Fr\u00edos","Jos\u00e9 Luis Enr\u00edquez Ambell","lluvias","Protecci\u00f3n Civil","Veracruz"],"articleSection":["De Opini\u00f3n"],"inLanguage":"es"},{"@type":"WebPage","@id":"https:\/\/lospoliticosveracruz.com\/?p=179711","url":"https:\/\/lospoliticosveracruz.com\/?p=179711","name":"PRON\u00d3STICOS DE EVENTOS PERTURBADORES EN 2026 - Los pol\u00edticos Veracruz","isPartOf":{"@id":"https:\/\/lospoliticosveracruz.com\/#website"},"primaryImageOfPage":{"@id":"https:\/\/lospoliticosveracruz.com\/?p=179711#primaryimage"},"image":{"@id":"https:\/\/lospoliticosveracruz.com\/?p=179711#primaryimage"},"thumbnailUrl":"https:\/\/lospoliticosveracruz.com\/wp-content\/uploads\/2025\/04\/Ambell-e1783888410832.jpg","datePublished":"2026-09-01T03:23:09+00:00","dateModified":"2026-09-01T03:23:11+00:00","breadcrumb":{"@id":"https:\/\/lospoliticosveracruz.com\/?p=179711#breadcrumb"},"inLanguage":"es","potentialAction":[{"@type":"ReadAction","target":["https:\/\/lospoliticosveracruz.com\/?p=179711"]}]},{"@type":"ImageObject","inLanguage":"es","@id":"https:\/\/lospoliticosveracruz.com\/?p=179711#primaryimage","url":"https:\/\/lospoliticosveracruz.com\/wp-content\/uploads\/2025\/04\/Ambell-e1783888410832.jpg","contentUrl":"https:\/\/lospoliticosveracruz.com\/wp-content\/uploads\/2025\/04\/Ambell-e1783888410832.jpg","width":600,"height":320},{"@type":"BreadcrumbList","@id":"https:\/\/lospoliticosveracruz.com\/?p=179711#breadcrumb","itemListElement":[{"@type":"ListItem","position":1,"name":"Portada","item":"https:\/\/lospoliticosveracruz.com\/"},{"@type":"ListItem","position":2,"name":"PRON\u00d3STICOS DE EVENTOS PERTURBADORES EN 2026"}]},{"@type":"WebSite","@id":"https:\/\/lospoliticosveracruz.com\/#website","url":"https:\/\/lospoliticosveracruz.com\/","name":"Los pol\u00edticos Veracruz","description":"","publisher":{"@id":"https:\/\/lospoliticosveracruz.com\/#organization"},"potentialAction":[{"@type":"SearchAction","target":{"@type":"EntryPoint","urlTemplate":"https:\/\/lospoliticosveracruz.com\/?s={search_term_string}"},"query-input":{"@type":"PropertyValueSpecification","valueRequired":true,"valueName":"search_term_string"}}],"inLanguage":"es"},{"@type":"Organization","@id":"https:\/\/lospoliticosveracruz.com\/#organization","name":"Los pol\u00edticos Veracruz","url":"https:\/\/lospoliticosveracruz.com\/","logo":{"@type":"ImageObject","inLanguage":"es","@id":"https:\/\/lospoliticosveracruz.com\/#\/schema\/logo\/image\/","url":"https:\/\/lospoliticosveracruz.com\/wp-content\/uploads\/2025\/12\/Logo-Nuevo-LOS-POLITICOS-1.jpg","contentUrl":"https:\/\/lospoliticosveracruz.com\/wp-content\/uploads\/2025\/12\/Logo-Nuevo-LOS-POLITICOS-1.jpg","width":260,"height":70,"caption":"Los pol\u00edticos Veracruz"},"image":{"@id":"https:\/\/lospoliticosveracruz.com\/#\/schema\/logo\/image\/"},"sameAs":["https:\/\/www.facebook.com\/people\/Notimemes-de-los-Polticos\/61565672886568\/","https:\/\/x.com\/LosPoliticosVer"]},{"@type":"Person","@id":"https:\/\/lospoliticosveracruz.com\/#\/schema\/person\/b8702bb0e538456e6efd07080bf2a4a2","name":"Lo viste en Los Pol\u00edticos","image":{"@type":"ImageObject","inLanguage":"es","@id":"https:\/\/secure.gravatar.com\/avatar\/3a8de04a2656d44082be478bd6c086daa447c4651605818287b9532d3d0bd435?s=96&d=mm&r=g","url":"https:\/\/secure.gravatar.com\/avatar\/3a8de04a2656d44082be478bd6c086daa447c4651605818287b9532d3d0bd435?s=96&d=mm&r=g","contentUrl":"https:\/\/secure.gravatar.com\/avatar\/3a8de04a2656d44082be478bd6c086daa447c4651605818287b9532d3d0bd435?s=96&d=mm&r=g","caption":"Lo viste en Los Pol\u00edticos"},"url":"https:\/\/lospoliticosveracruz.com\/?author=2"}]}},"_links":{"self":[{"href":"https:\/\/lospoliticosveracruz.com\/index.php?rest_route=\/wp\/v2\/posts\/179711","targetHints":{"allow":["GET"]}}],"collection":[{"href":"https:\/\/lospoliticosveracruz.com\/index.php?rest_route=\/wp\/v2\/posts"}],"about":[{"href":"https:\/\/lospoliticosveracruz.com\/index.php?rest_route=\/wp\/v2\/types\/post"}],"author":[{"embeddable":true,"href":"https:\/\/lospoliticosveracruz.com\/index.php?rest_route=\/wp\/v2\/users\/2"}],"replies":[{"embeddable":true,"href":"https:\/\/lospoliticosveracruz.com\/index.php?rest_route=%2Fwp%2Fv2%2Fcomments&post=179711"}],"version-history":[{"count":1,"href":"https:\/\/lospoliticosveracruz.com\/index.php?rest_route=\/wp\/v2\/posts\/179711\/revisions"}],"predecessor-version":[{"id":179712,"href":"https:\/\/lospoliticosveracruz.com\/index.php?rest_route=\/wp\/v2\/posts\/179711\/revisions\/179712"}],"wp:featuredmedia":[{"embeddable":true,"href":"https:\/\/lospoliticosveracruz.com\/index.php?rest_route=\/wp\/v2\/media\/141435"}],"wp:attachment":[{"href":"https:\/\/lospoliticosveracruz.com\/index.php?rest_route=%2Fwp%2Fv2%2Fmedia&parent=179711"}],"wp:term":[{"taxonomy":"category","embeddable":true,"href":"https:\/\/lospoliticosveracruz.com\/index.php?rest_route=%2Fwp%2Fv2%2Fcategories&post=179711"},{"taxonomy":"post_tag","embeddable":true,"href":"https:\/\/lospoliticosveracruz.com\/index.php?rest_route=%2Fwp%2Fv2%2Ftags&post=179711"}],"curies":[{"name":"wp","href":"https:\/\/api.w.org\/{rel}","templated":true}]}}