{"id":179716,"date":"2026-08-31T21:39:24","date_gmt":"2026-09-01T03:39:24","guid":{"rendered":"https:\/\/lospoliticosveracruz.com\/?p=179716"},"modified":"2026-08-31T21:39:26","modified_gmt":"2026-09-01T03:39:26","slug":"entregan-premio-municipal-de-la-juventud","status":"publish","type":"post","link":"https:\/\/lospoliticosveracruz.com\/?p=179716","title":{"rendered":"ENTREGAN PREMIO MUNICIPAL DE LA JUVENTUD"},"content":{"rendered":"<div class=\"wp-block-image\">\n<figure class=\"alignleft size-large is-resized\"><a href=\"https:\/\/lospoliticosveracruz.com\/wp-content\/uploads\/2026\/08\/Tu-Plan-Xalapa.jpg\"><img loading=\"lazy\" decoding=\"async\" width=\"1024\" height=\"854\" src=\"https:\/\/lospoliticosveracruz.com\/wp-content\/uploads\/2026\/08\/Tu-Plan-Xalapa-1024x854.jpg\" alt=\"\" class=\"wp-image-177789\" style=\"width:421px;height:auto\" srcset=\"https:\/\/lospoliticosveracruz.com\/wp-content\/uploads\/2026\/08\/Tu-Plan-Xalapa-1024x854.jpg 1024w, https:\/\/lospoliticosveracruz.com\/wp-content\/uploads\/2026\/08\/Tu-Plan-Xalapa-300x250.jpg 300w, https:\/\/lospoliticosveracruz.com\/wp-content\/uploads\/2026\/08\/Tu-Plan-Xalapa-768x640.jpg 768w, https:\/\/lospoliticosveracruz.com\/wp-content\/uploads\/2026\/08\/Tu-Plan-Xalapa-504x420.jpg 504w, https:\/\/lospoliticosveracruz.com\/wp-content\/uploads\/2026\/08\/Tu-Plan-Xalapa-150x125.jpg 150w, https:\/\/lospoliticosveracruz.com\/wp-content\/uploads\/2026\/08\/Tu-Plan-Xalapa-696x580.jpg 696w, https:\/\/lospoliticosveracruz.com\/wp-content\/uploads\/2026\/08\/Tu-Plan-Xalapa-1068x890.jpg 1068w, https:\/\/lospoliticosveracruz.com\/wp-content\/uploads\/2026\/08\/Tu-Plan-Xalapa.jpg 1400w\" sizes=\"auto, (max-width: 1024px) 100vw, 1024px\" \/><\/a><\/figure>\n<\/div>\n\n\n<p>Xalapa necesita j\u00f3venes preparados y activos, pero tambi\u00e9n cr\u00edticos, solidarios y comprometidos con su comunidad; generaciones que entiendan que el \u00e9xito individual tiene m\u00e1s sentido cuando contribuye a mejorar la vida colectiva, expres\u00f3 la Alcaldesa, Lic. Daniela Griego Ceballos, durante la entrega del Premio Municipal de la Juventud 2026.<\/p>\n\n\n\n<p>As\u00ed se reconoce y estimula a este sector de la poblaci\u00f3n que, mediante su trayectoria, talento, liderazgo, compromiso y participaci\u00f3n, contribuyen al desarrollo social, cultural, educativo, ambiental, econ\u00f3mico y comunitario. Esta iniciativa es impulsada por la Direcci\u00f3n de la Juventud, a cargo del Lic. Rafael Alarc\u00f3n Barrientos.<\/p>\n\n\n\n<p>En presencia del S\u00edndico \u00danico, Dr. Marco Aurelio Mart\u00ednez S\u00e1nchez; de las y los Regidores Mtra. Susan Liliana Morales Segura, Lic. Axel Fern\u00e1ndez Cambambia, Lic. Alfonso Osegueda Cruz, Dra. Raquel Rosal\u00eda Casta\u00f1eda Gonz\u00e1lez, Lic. Hilda Elvia Aguilar Arroyo, Lic. Joaqu\u00edn Alejandro Cano Hern\u00e1ndez; Dra. M\u00f3nica Mendoza Madrigal, Lic. Dalos Ulises Rodr\u00edguez Vargas y Lic. Priscila Nataly Labastida Vega, y del Secretario del Ayuntamiento, Mtro. V\u00edctor Hugo Meza Cruz, se llev\u00f3 a cabo la ceremonia.<\/p>\n\n\n\n<p>Tambi\u00e9n estuvieron presentes la Directora de Desarrollo Social, Lic. Mar\u00eda Consuelo Niembro; el Director de Seguridad Ciudadana y Tr\u00e1nsito Municipal, Cap. Corb. I. M. P. Alfonso G\u00f3mez V\u00e1zquez; la Directora de Administraci\u00f3n, Mtra. Flor de Mar\u00eda Ruiz Haddad; el titular de la Direcci\u00f3n de Participaci\u00f3n Ciudadana, Lic. Augusto C\u00e9sar Cant\u00fa Uscanga; la titular del Instituto Municipal de las Mujeres de Xalapa (IMMX), Mtra. Mar\u00eda Fernanda Medina Mariscal, y el Coordinador de Comunicaci\u00f3n Social, C. Emmanuel Santiago Jim\u00e9nez.<\/p>\n\n\n\n<p>En esta edici\u00f3n fueron seleccionadas las juventudes ganadoras de las ocho categor\u00edas, entre los 78 proyectos recibidos por la Direcci\u00f3n de la Juventud.<\/p>\n\n\n\n<p>Durante su intervenci\u00f3n, la Alcaldesa enfatiz\u00f3 que desde el Ayuntamiento se trabaja para que las y los j\u00f3venes sepan que tienen un lugar en las decisiones p\u00fablicas.<\/p>\n\n\n\n<p>Se\u00f1al\u00f3 que gobernar para las juventudes no significa \u00fanicamente organizar actividades, sino escuchar, abrir espacios, reconocer su diversidad y entender que tienen derecho a participar en la construcci\u00f3n de un municipio en el que vivir\u00e1n durante los pr\u00f3ximos a\u00f1os.<\/p>\n\n\n\n<p>Este 2026 se incorpor\u00f3 la categor\u00eda: Vidas que Inspiran, destinada a reconocer a j\u00f3venes cuyas historias reflejan perseverancia, fortaleza frente a las adversidades y capacidad para seguir adelante.<\/p>\n\n\n\n<p>Al respecto, la Presidenta Municipal expres\u00f3 que \u201cun municipio como Xalapa necesita reconocer estas historias. No todos los logros pueden medirse con una medalla o una calificaci\u00f3n, ya que hay ocasiones en las que levantarse, continuar y convertir una experiencia dif\u00edcil en una raz\u00f3n para ayudar o inspirar a otros constituye, por s\u00ed mismo, un enorme logro\u201d.<\/p>\n\n\n\n<p>Las categor\u00edas premiadas y las juventudes reconocidas fueron: Acad\u00e9mico, Ciencia y Tecnolog\u00eda, C. Jesica Jocelyn Cort\u00e9s; Planeta Verde, C. Axel Jael Romero Guerra; Salud y Bienestar, 12 estudiantes de la Asociaci\u00f3n M\u00e9dica de Estudiantes de Xalapa (AMEXA); Liderazgo, Inclusi\u00f3n, Derechos Humanos y Diversidad, C. Ana Paola Morgado Luna; Cultura, Artes e Identidad, C. Andrea Jorsali S\u00e1nchez Lara; Emprendimiento e Innovaci\u00f3n Econ\u00f3mica, C. Jos\u00e9 Manuel Herrera Couttolenc; Deporte y Valores, C. Mario Arturo Loranca Olmedo y C. Efra\u00edn Ram\u00edrez Alonso; y Vidas que Inspiran, C. \u00c1ngel de Jes\u00fas Vel\u00e1zquez Armenta y C. Jos\u00e9 Eduardo Ceballos Esquivel.<\/p>\n\n\n\n<p>Por su parte, el Director de la Juventud, Lic. Rafael Alarc\u00f3n Barrientos, afirm\u00f3 que se trabaja para impulsar espacios destinados a las juventudes, como parte de una encomienda establecida desde el inicio de la Administraci\u00f3n Municipal. Destac\u00f3 tambi\u00e9n la participaci\u00f3n de la Alcaldesa en las actividades y acciones dirigidas a este sector durante el mes.<\/p>\n\n\n\n<p>\u201cXalapa se ha convertido en una ciudad donde los j\u00f3venes se est\u00e1n apropiando de las calles. Desde la Administraci\u00f3n se impulsan m\u00e1s espacios para las juventudes\u201d.<\/p>\n\n\n\n<p>La Regidora Sexta, Lic. Hilda Elvia Aguilar Arroyo, titular de la Comisi\u00f3n de Impulso a la Juventud, destac\u00f3 que las juventudes forman parte de la agenda p\u00fablica diaria y del Plan Municipal. Se\u00f1al\u00f3 que la entrega de este premio representa un compromiso trabajado de manera conjunta.<\/p>\n\n\n\n<p>\u201cLas juventudes son primordiales y se les dar\u00e1 el respaldo y apoyo para que sigan trabajando en aquello que les interesa\u201d, expres\u00f3.<\/p>\n\n\n\n<p>En representaci\u00f3n de las y los ganadores, el C. Axel Jael Romero Guerra agradeci\u00f3 el reconocimiento y se\u00f1al\u00f3: \u201cEs un honor recibir este reconocimiento y felicitar a mis compa\u00f1eras y compa\u00f1eros que tambi\u00e9n hoy son reconocidos. Cada uno de estos talentos es una pieza importante para el futuro de Xalapa. Gracias a la Alcaldesa por apoyar los proyectos de los j\u00f3venes y ser un gobierno de puertas abiertas\u201d, manifest\u00f3.<\/p>\n\n\n\n<p>Tambi\u00e9n estuvieron presentes el Coordinador Universitario de Atenci\u00f3n Estudiantil de la Universidad Veracruzana, Dr. Le\u00f3n Felipe Beltr\u00e1n Guerra; la Subdirectora T\u00e9cnica de la Benem\u00e9rita y Centenaria Escuela Normal Veracruzana (BCENV) \u201cEnrique C. R\u00e9bsamen\u201d, Dra. Mara Paola Gonz\u00e1lez Bello; representantes del sector empresarial; as\u00ed como la Agenta y los Agentes Municipales de El Castillo, Seis de Enero, Julio Castro (Las Trancas), El Tronconal y Chiltoyac.<\/p>\n\n\n\n<p><\/p>\n","protected":false},"excerpt":{"rendered":"<p>Xalapa necesita j\u00f3venes preparados y activos, pero tambi\u00e9n cr\u00edticos, solidarios y comprometidos con su comunidad; generaciones que entiendan que el \u00e9xito individual tiene m\u00e1s sentido cuando contribuye a mejorar la vida colectiva, expres\u00f3 la Alcaldesa, Lic. Daniela Griego Ceballos, durante la entrega del Premio Municipal de la Juventud 2026. As\u00ed se reconoce y estimula a [&hellip;]<\/p>\n","protected":false},"author":2,"featured_media":179717,"comment_status":"closed","ping_status":"closed","sticky":false,"template":"","format":"standard","meta":{"tdm_status":"","tdm_grid_status":"","footnotes":""},"categories":[52572],"tags":[1534,5622,2805,7239,4075,25467,96],"class_list":{"0":"post-179716","1":"post","2":"type-post","3":"status-publish","4":"format-standard","5":"has-post-thumbnail","7":"category-desdelaatenas","8":"tag-ayuntamiento-de-xalapa","9":"tag-daniela-griego","10":"tag-jovenes","11":"tag-juventud","12":"tag-liderazgo","13":"tag-premio-municipal-de-la-juventud","14":"tag-xalapa"},"yoast_head":"<!-- This site is optimized with the Yoast SEO plugin v28.1 - https:\/\/yoast.com\/product\/yoast-seo-wordpress\/ -->\n<title>ENTREGAN PREMIO MUNICIPAL DE LA JUVENTUD - Los pol\u00edticos Veracruz<\/title>\n<meta name=\"robots\" content=\"index, follow, max-snippet:-1, max-image-preview:large, max-video-preview:-1\" \/>\n<link rel=\"canonical\" href=\"https:\/\/lospoliticosveracruz.com\/?p=179716\" \/>\n<meta property=\"og:locale\" content=\"es_ES\" \/>\n<meta property=\"og:type\" content=\"article\" \/>\n<meta property=\"og:title\" content=\"ENTREGAN PREMIO MUNICIPAL DE LA JUVENTUD - Los pol\u00edticos Veracruz\" \/>\n<meta property=\"og:description\" content=\"Xalapa necesita j\u00f3venes preparados y activos, pero tambi\u00e9n cr\u00edticos, solidarios y comprometidos con su comunidad; generaciones que entiendan que el \u00e9xito individual tiene m\u00e1s sentido cuando contribuye a mejorar la vida colectiva, expres\u00f3 la Alcaldesa, Lic. Daniela Griego Ceballos, durante la entrega del Premio Municipal de la Juventud 2026. As\u00ed se reconoce y estimula a [&hellip;]\" \/>\n<meta property=\"og:url\" content=\"https:\/\/lospoliticosveracruz.com\/?p=179716\" \/>\n<meta property=\"og:site_name\" content=\"Los pol\u00edticos Veracruz\" \/>\n<meta property=\"article:publisher\" content=\"https:\/\/www.facebook.com\/people\/Notimemes-de-los-Polticos\/61565672886568\/\" \/>\n<meta property=\"article:published_time\" content=\"2026-09-01T03:39:24+00:00\" \/>\n<meta property=\"article:modified_time\" content=\"2026-09-01T03:39:26+00:00\" \/>\n<meta property=\"og:image\" content=\"https:\/\/lospoliticosveracruz.com\/wp-content\/uploads\/2026\/08\/Dani-6.jpg\" \/>\n\t<meta property=\"og:image:width\" content=\"600\" \/>\n\t<meta property=\"og:image:height\" content=\"320\" \/>\n\t<meta property=\"og:image:type\" content=\"image\/jpeg\" \/>\n<meta name=\"author\" content=\"Lo viste en Los Pol\u00edticos\" \/>\n<meta name=\"twitter:card\" content=\"summary_large_image\" \/>\n<meta name=\"twitter:creator\" content=\"@LosPoliticosVer\" \/>\n<meta name=\"twitter:site\" content=\"@LosPoliticosVer\" \/>\n<meta name=\"twitter:label1\" content=\"Escrito por\" \/>\n\t<meta name=\"twitter:data1\" content=\"Lo viste en Los Pol\u00edticos\" \/>\n\t<meta name=\"twitter:label2\" content=\"Tiempo de lectura\" \/>\n\t<meta name=\"twitter:data2\" content=\"5 minutos\" \/>\n<script type=\"application\/ld+json\" class=\"yoast-schema-graph\">{\"@context\":\"https:\\\/\\\/schema.org\",\"@graph\":[{\"@type\":\"Article\",\"@id\":\"https:\\\/\\\/lospoliticosveracruz.com\\\/?p=179716#article\",\"isPartOf\":{\"@id\":\"https:\\\/\\\/lospoliticosveracruz.com\\\/?p=179716\"},\"author\":{\"name\":\"Lo viste en Los Pol\u00edticos\",\"@id\":\"https:\\\/\\\/lospoliticosveracruz.com\\\/#\\\/schema\\\/person\\\/b8702bb0e538456e6efd07080bf2a4a2\"},\"headline\":\"ENTREGAN PREMIO MUNICIPAL DE LA JUVENTUD\",\"datePublished\":\"2026-09-01T03:39:24+00:00\",\"dateModified\":\"2026-09-01T03:39:26+00:00\",\"mainEntityOfPage\":{\"@id\":\"https:\\\/\\\/lospoliticosveracruz.com\\\/?p=179716\"},\"wordCount\":889,\"publisher\":{\"@id\":\"https:\\\/\\\/lospoliticosveracruz.com\\\/#organization\"},\"image\":{\"@id\":\"https:\\\/\\\/lospoliticosveracruz.com\\\/?p=179716#primaryimage\"},\"thumbnailUrl\":\"https:\\\/\\\/lospoliticosveracruz.com\\\/wp-content\\\/uploads\\\/2026\\\/08\\\/Dani-6.jpg\",\"keywords\":[\"ayuntamiento de Xalapa\",\"Daniela Griego\",\"J\u00f3venes\",\"Juventud\",\"liderazgo\",\"Premio Municipal de la Juventud\",\"Xalapa\"],\"articleSection\":[\"Desde La Atenas\"],\"inLanguage\":\"es\"},{\"@type\":\"WebPage\",\"@id\":\"https:\\\/\\\/lospoliticosveracruz.com\\\/?p=179716\",\"url\":\"https:\\\/\\\/lospoliticosveracruz.com\\\/?p=179716\",\"name\":\"ENTREGAN PREMIO MUNICIPAL DE LA JUVENTUD - Los pol\u00edticos Veracruz\",\"isPartOf\":{\"@id\":\"https:\\\/\\\/lospoliticosveracruz.com\\\/#website\"},\"primaryImageOfPage\":{\"@id\":\"https:\\\/\\\/lospoliticosveracruz.com\\\/?p=179716#primaryimage\"},\"image\":{\"@id\":\"https:\\\/\\\/lospoliticosveracruz.com\\\/?p=179716#primaryimage\"},\"thumbnailUrl\":\"https:\\\/\\\/lospoliticosveracruz.com\\\/wp-content\\\/uploads\\\/2026\\\/08\\\/Dani-6.jpg\",\"datePublished\":\"2026-09-01T03:39:24+00:00\",\"dateModified\":\"2026-09-01T03:39:26+00:00\",\"breadcrumb\":{\"@id\":\"https:\\\/\\\/lospoliticosveracruz.com\\\/?p=179716#breadcrumb\"},\"inLanguage\":\"es\",\"potentialAction\":[{\"@type\":\"ReadAction\",\"target\":[\"https:\\\/\\\/lospoliticosveracruz.com\\\/?p=179716\"]}]},{\"@type\":\"ImageObject\",\"inLanguage\":\"es\",\"@id\":\"https:\\\/\\\/lospoliticosveracruz.com\\\/?p=179716#primaryimage\",\"url\":\"https:\\\/\\\/lospoliticosveracruz.com\\\/wp-content\\\/uploads\\\/2026\\\/08\\\/Dani-6.jpg\",\"contentUrl\":\"https:\\\/\\\/lospoliticosveracruz.com\\\/wp-content\\\/uploads\\\/2026\\\/08\\\/Dani-6.jpg\",\"width\":600,\"height\":320},{\"@type\":\"BreadcrumbList\",\"@id\":\"https:\\\/\\\/lospoliticosveracruz.com\\\/?p=179716#breadcrumb\",\"itemListElement\":[{\"@type\":\"ListItem\",\"position\":1,\"name\":\"Portada\",\"item\":\"https:\\\/\\\/lospoliticosveracruz.com\\\/\"},{\"@type\":\"ListItem\",\"position\":2,\"name\":\"ENTREGAN PREMIO MUNICIPAL DE LA JUVENTUD\"}]},{\"@type\":\"WebSite\",\"@id\":\"https:\\\/\\\/lospoliticosveracruz.com\\\/#website\",\"url\":\"https:\\\/\\\/lospoliticosveracruz.com\\\/\",\"name\":\"Los pol\u00edticos Veracruz\",\"description\":\"\",\"publisher\":{\"@id\":\"https:\\\/\\\/lospoliticosveracruz.com\\\/#organization\"},\"potentialAction\":[{\"@type\":\"SearchAction\",\"target\":{\"@type\":\"EntryPoint\",\"urlTemplate\":\"https:\\\/\\\/lospoliticosveracruz.com\\\/?s={search_term_string}\"},\"query-input\":{\"@type\":\"PropertyValueSpecification\",\"valueRequired\":true,\"valueName\":\"search_term_string\"}}],\"inLanguage\":\"es\"},{\"@type\":\"Organization\",\"@id\":\"https:\\\/\\\/lospoliticosveracruz.com\\\/#organization\",\"name\":\"Los pol\u00edticos Veracruz\",\"url\":\"https:\\\/\\\/lospoliticosveracruz.com\\\/\",\"logo\":{\"@type\":\"ImageObject\",\"inLanguage\":\"es\",\"@id\":\"https:\\\/\\\/lospoliticosveracruz.com\\\/#\\\/schema\\\/logo\\\/image\\\/\",\"url\":\"https:\\\/\\\/lospoliticosveracruz.com\\\/wp-content\\\/uploads\\\/2025\\\/12\\\/Logo-Nuevo-LOS-POLITICOS-1.jpg\",\"contentUrl\":\"https:\\\/\\\/lospoliticosveracruz.com\\\/wp-content\\\/uploads\\\/2025\\\/12\\\/Logo-Nuevo-LOS-POLITICOS-1.jpg\",\"width\":260,\"height\":70,\"caption\":\"Los pol\u00edticos Veracruz\"},\"image\":{\"@id\":\"https:\\\/\\\/lospoliticosveracruz.com\\\/#\\\/schema\\\/logo\\\/image\\\/\"},\"sameAs\":[\"https:\\\/\\\/www.facebook.com\\\/people\\\/Notimemes-de-los-Polticos\\\/61565672886568\\\/\",\"https:\\\/\\\/x.com\\\/LosPoliticosVer\"]},{\"@type\":\"Person\",\"@id\":\"https:\\\/\\\/lospoliticosveracruz.com\\\/#\\\/schema\\\/person\\\/b8702bb0e538456e6efd07080bf2a4a2\",\"name\":\"Lo viste en Los Pol\u00edticos\",\"image\":{\"@type\":\"ImageObject\",\"inLanguage\":\"es\",\"@id\":\"https:\\\/\\\/secure.gravatar.com\\\/avatar\\\/3a8de04a2656d44082be478bd6c086daa447c4651605818287b9532d3d0bd435?s=96&d=mm&r=g\",\"url\":\"https:\\\/\\\/secure.gravatar.com\\\/avatar\\\/3a8de04a2656d44082be478bd6c086daa447c4651605818287b9532d3d0bd435?s=96&d=mm&r=g\",\"contentUrl\":\"https:\\\/\\\/secure.gravatar.com\\\/avatar\\\/3a8de04a2656d44082be478bd6c086daa447c4651605818287b9532d3d0bd435?s=96&d=mm&r=g\",\"caption\":\"Lo viste en Los Pol\u00edticos\"},\"url\":\"https:\\\/\\\/lospoliticosveracruz.com\\\/?author=2\"}]}<\/script>\n<!-- \/ Yoast SEO plugin. -->","yoast_head_json":{"title":"ENTREGAN PREMIO MUNICIPAL DE LA JUVENTUD - Los pol\u00edticos Veracruz","robots":{"index":"index","follow":"follow","max-snippet":"max-snippet:-1","max-image-preview":"max-image-preview:large","max-video-preview":"max-video-preview:-1"},"canonical":"https:\/\/lospoliticosveracruz.com\/?p=179716","og_locale":"es_ES","og_type":"article","og_title":"ENTREGAN PREMIO MUNICIPAL DE LA JUVENTUD - Los pol\u00edticos Veracruz","og_description":"Xalapa necesita j\u00f3venes preparados y activos, pero tambi\u00e9n cr\u00edticos, solidarios y comprometidos con su comunidad; generaciones que entiendan que el \u00e9xito individual tiene m\u00e1s sentido cuando contribuye a mejorar la vida colectiva, expres\u00f3 la Alcaldesa, Lic. Daniela Griego Ceballos, durante la entrega del Premio Municipal de la Juventud 2026. As\u00ed se reconoce y estimula a [&hellip;]","og_url":"https:\/\/lospoliticosveracruz.com\/?p=179716","og_site_name":"Los pol\u00edticos Veracruz","article_publisher":"https:\/\/www.facebook.com\/people\/Notimemes-de-los-Polticos\/61565672886568\/","article_published_time":"2026-09-01T03:39:24+00:00","article_modified_time":"2026-09-01T03:39:26+00:00","og_image":[{"width":600,"height":320,"url":"https:\/\/lospoliticosveracruz.com\/wp-content\/uploads\/2026\/08\/Dani-6.jpg","type":"image\/jpeg"}],"author":"Lo viste en Los Pol\u00edticos","twitter_card":"summary_large_image","twitter_creator":"@LosPoliticosVer","twitter_site":"@LosPoliticosVer","twitter_misc":{"Escrito por":"Lo viste en Los Pol\u00edticos","Tiempo de lectura":"5 minutos"},"schema":{"@context":"https:\/\/schema.org","@graph":[{"@type":"Article","@id":"https:\/\/lospoliticosveracruz.com\/?p=179716#article","isPartOf":{"@id":"https:\/\/lospoliticosveracruz.com\/?p=179716"},"author":{"name":"Lo viste en Los Pol\u00edticos","@id":"https:\/\/lospoliticosveracruz.com\/#\/schema\/person\/b8702bb0e538456e6efd07080bf2a4a2"},"headline":"ENTREGAN PREMIO MUNICIPAL DE LA JUVENTUD","datePublished":"2026-09-01T03:39:24+00:00","dateModified":"2026-09-01T03:39:26+00:00","mainEntityOfPage":{"@id":"https:\/\/lospoliticosveracruz.com\/?p=179716"},"wordCount":889,"publisher":{"@id":"https:\/\/lospoliticosveracruz.com\/#organization"},"image":{"@id":"https:\/\/lospoliticosveracruz.com\/?p=179716#primaryimage"},"thumbnailUrl":"https:\/\/lospoliticosveracruz.com\/wp-content\/uploads\/2026\/08\/Dani-6.jpg","keywords":["ayuntamiento de Xalapa","Daniela Griego","J\u00f3venes","Juventud","liderazgo","Premio Municipal de la Juventud","Xalapa"],"articleSection":["Desde La Atenas"],"inLanguage":"es"},{"@type":"WebPage","@id":"https:\/\/lospoliticosveracruz.com\/?p=179716","url":"https:\/\/lospoliticosveracruz.com\/?p=179716","name":"ENTREGAN PREMIO MUNICIPAL DE LA JUVENTUD - Los pol\u00edticos Veracruz","isPartOf":{"@id":"https:\/\/lospoliticosveracruz.com\/#website"},"primaryImageOfPage":{"@id":"https:\/\/lospoliticosveracruz.com\/?p=179716#primaryimage"},"image":{"@id":"https:\/\/lospoliticosveracruz.com\/?p=179716#primaryimage"},"thumbnailUrl":"https:\/\/lospoliticosveracruz.com\/wp-content\/uploads\/2026\/08\/Dani-6.jpg","datePublished":"2026-09-01T03:39:24+00:00","dateModified":"2026-09-01T03:39:26+00:00","breadcrumb":{"@id":"https:\/\/lospoliticosveracruz.com\/?p=179716#breadcrumb"},"inLanguage":"es","potentialAction":[{"@type":"ReadAction","target":["https:\/\/lospoliticosveracruz.com\/?p=179716"]}]},{"@type":"ImageObject","inLanguage":"es","@id":"https:\/\/lospoliticosveracruz.com\/?p=179716#primaryimage","url":"https:\/\/lospoliticosveracruz.com\/wp-content\/uploads\/2026\/08\/Dani-6.jpg","contentUrl":"https:\/\/lospoliticosveracruz.com\/wp-content\/uploads\/2026\/08\/Dani-6.jpg","width":600,"height":320},{"@type":"BreadcrumbList","@id":"https:\/\/lospoliticosveracruz.com\/?p=179716#breadcrumb","itemListElement":[{"@type":"ListItem","position":1,"name":"Portada","item":"https:\/\/lospoliticosveracruz.com\/"},{"@type":"ListItem","position":2,"name":"ENTREGAN PREMIO MUNICIPAL DE LA JUVENTUD"}]},{"@type":"WebSite","@id":"https:\/\/lospoliticosveracruz.com\/#website","url":"https:\/\/lospoliticosveracruz.com\/","name":"Los pol\u00edticos Veracruz","description":"","publisher":{"@id":"https:\/\/lospoliticosveracruz.com\/#organization"},"potentialAction":[{"@type":"SearchAction","target":{"@type":"EntryPoint","urlTemplate":"https:\/\/lospoliticosveracruz.com\/?s={search_term_string}"},"query-input":{"@type":"PropertyValueSpecification","valueRequired":true,"valueName":"search_term_string"}}],"inLanguage":"es"},{"@type":"Organization","@id":"https:\/\/lospoliticosveracruz.com\/#organization","name":"Los pol\u00edticos Veracruz","url":"https:\/\/lospoliticosveracruz.com\/","logo":{"@type":"ImageObject","inLanguage":"es","@id":"https:\/\/lospoliticosveracruz.com\/#\/schema\/logo\/image\/","url":"https:\/\/lospoliticosveracruz.com\/wp-content\/uploads\/2025\/12\/Logo-Nuevo-LOS-POLITICOS-1.jpg","contentUrl":"https:\/\/lospoliticosveracruz.com\/wp-content\/uploads\/2025\/12\/Logo-Nuevo-LOS-POLITICOS-1.jpg","width":260,"height":70,"caption":"Los pol\u00edticos Veracruz"},"image":{"@id":"https:\/\/lospoliticosveracruz.com\/#\/schema\/logo\/image\/"},"sameAs":["https:\/\/www.facebook.com\/people\/Notimemes-de-los-Polticos\/61565672886568\/","https:\/\/x.com\/LosPoliticosVer"]},{"@type":"Person","@id":"https:\/\/lospoliticosveracruz.com\/#\/schema\/person\/b8702bb0e538456e6efd07080bf2a4a2","name":"Lo viste en Los Pol\u00edticos","image":{"@type":"ImageObject","inLanguage":"es","@id":"https:\/\/secure.gravatar.com\/avatar\/3a8de04a2656d44082be478bd6c086daa447c4651605818287b9532d3d0bd435?s=96&d=mm&r=g","url":"https:\/\/secure.gravatar.com\/avatar\/3a8de04a2656d44082be478bd6c086daa447c4651605818287b9532d3d0bd435?s=96&d=mm&r=g","contentUrl":"https:\/\/secure.gravatar.com\/avatar\/3a8de04a2656d44082be478bd6c086daa447c4651605818287b9532d3d0bd435?s=96&d=mm&r=g","caption":"Lo viste en Los Pol\u00edticos"},"url":"https:\/\/lospoliticosveracruz.com\/?author=2"}]}},"_links":{"self":[{"href":"https:\/\/lospoliticosveracruz.com\/index.php?rest_route=\/wp\/v2\/posts\/179716","targetHints":{"allow":["GET"]}}],"collection":[{"href":"https:\/\/lospoliticosveracruz.com\/index.php?rest_route=\/wp\/v2\/posts"}],"about":[{"href":"https:\/\/lospoliticosveracruz.com\/index.php?rest_route=\/wp\/v2\/types\/post"}],"author":[{"embeddable":true,"href":"https:\/\/lospoliticosveracruz.com\/index.php?rest_route=\/wp\/v2\/users\/2"}],"replies":[{"embeddable":true,"href":"https:\/\/lospoliticosveracruz.com\/index.php?rest_route=%2Fwp%2Fv2%2Fcomments&post=179716"}],"version-history":[{"count":1,"href":"https:\/\/lospoliticosveracruz.com\/index.php?rest_route=\/wp\/v2\/posts\/179716\/revisions"}],"predecessor-version":[{"id":179718,"href":"https:\/\/lospoliticosveracruz.com\/index.php?rest_route=\/wp\/v2\/posts\/179716\/revisions\/179718"}],"wp:featuredmedia":[{"embeddable":true,"href":"https:\/\/lospoliticosveracruz.com\/index.php?rest_route=\/wp\/v2\/media\/179717"}],"wp:attachment":[{"href":"https:\/\/lospoliticosveracruz.com\/index.php?rest_route=%2Fwp%2Fv2%2Fmedia&parent=179716"}],"wp:term":[{"taxonomy":"category","embeddable":true,"href":"https:\/\/lospoliticosveracruz.com\/index.php?rest_route=%2Fwp%2Fv2%2Fcategories&post=179716"},{"taxonomy":"post_tag","embeddable":true,"href":"https:\/\/lospoliticosveracruz.com\/index.php?rest_route=%2Fwp%2Fv2%2Ftags&post=179716"}],"curies":[{"name":"wp","href":"https:\/\/api.w.org\/{rel}","templated":true}]}}