{"id":179719,"date":"2026-08-31T21:47:02","date_gmt":"2026-09-01T03:47:02","guid":{"rendered":"https:\/\/lospoliticosveracruz.com\/?p=179719"},"modified":"2026-08-31T21:47:04","modified_gmt":"2026-09-01T03:47:04","slug":"dante-y-pepe-recuperaran-veracruz-con-un-frente","status":"publish","type":"post","link":"https:\/\/lospoliticosveracruz.com\/?p=179719","title":{"rendered":"DANTE Y PEPE RECUPERAR\u00c1N VERACRUZ CON UN FRENTE"},"content":{"rendered":"\n<p><\/p>\n\n\n<div class=\"wp-block-image\">\n<figure class=\"alignleft size-large is-resized\"><a href=\"https:\/\/lospoliticosveracruz.com\/wp-content\/uploads\/2026\/08\/Tu-Plan-Xalapa.jpg\"><img loading=\"lazy\" decoding=\"async\" width=\"1024\" height=\"854\" src=\"https:\/\/lospoliticosveracruz.com\/wp-content\/uploads\/2026\/08\/Tu-Plan-Xalapa-1024x854.jpg\" alt=\"\" class=\"wp-image-177789\" style=\"width:421px;height:auto\" srcset=\"https:\/\/lospoliticosveracruz.com\/wp-content\/uploads\/2026\/08\/Tu-Plan-Xalapa-1024x854.jpg 1024w, https:\/\/lospoliticosveracruz.com\/wp-content\/uploads\/2026\/08\/Tu-Plan-Xalapa-300x250.jpg 300w, https:\/\/lospoliticosveracruz.com\/wp-content\/uploads\/2026\/08\/Tu-Plan-Xalapa-768x640.jpg 768w, https:\/\/lospoliticosveracruz.com\/wp-content\/uploads\/2026\/08\/Tu-Plan-Xalapa-504x420.jpg 504w, https:\/\/lospoliticosveracruz.com\/wp-content\/uploads\/2026\/08\/Tu-Plan-Xalapa-150x125.jpg 150w, https:\/\/lospoliticosveracruz.com\/wp-content\/uploads\/2026\/08\/Tu-Plan-Xalapa-696x580.jpg 696w, https:\/\/lospoliticosveracruz.com\/wp-content\/uploads\/2026\/08\/Tu-Plan-Xalapa-1068x890.jpg 1068w, https:\/\/lospoliticosveracruz.com\/wp-content\/uploads\/2026\/08\/Tu-Plan-Xalapa.jpg 1400w\" sizes=\"auto, (max-width: 1024px) 100vw, 1024px\" \/><\/a><\/figure>\n<\/div>\n\n\n<p><strong>Trujyper<\/strong><\/p>\n\n\n\n<p><em>Verba brava<br><\/em><\/p>\n\n\n\n<p>\u00a1Toma changa tu banana! Tremebundo soplamokos les recet\u00f3 Dante el renacido a los morenistas cuatroteros en Veracruz, levant\u00f3se y and\u00f3 ya sin que le cascabeleara el carburador, sin pelos en \u00f1opa ni lengua les dej\u00f3 c\u00e1ir la tatuana, a lo meco, a su tama\u00f1o, cual machetazo de nacatero a vaca gorda. \u00a1Ah bruto! si dicen que hasta los calzonsotes de bajo color guinda se les aflojaron a los del marmoleado segundo piso, del puro cuz cuz les dio hipo.<\/p>\n\n\n\n<p>El espigadito ex gobernador veracruzano de veld\u00e1 les restreg\u00f3 en la m\u00e1scara a la se\u00f1o de Zacatecas y a su cofrad\u00eda que con Movimiento Ciudadano se la van a pellizcar en las eleiciones intermedias del 2027 de ondi saldr\u00e1n pa\u00b4cobrar morras, vatos, campes, paisas, rucos, disca, etc, como diputeibols locales y federicos, se esperar\u00eda que tambi\u00e9n salieran elegidos pa\u00b4chambiar haciendo y reformando Leyes, pos es lo \u00fanico que deben hacer los diputados, aunque de nalgas prontas tambi\u00e9n se meten en los chismes de Gestor\u00eda, a uno se les da, a otros no tanto.<br>El renacido regres\u00f3 a su tierra con la guaparra desenvainada en ristre, pa\u00b4enfrentar a los que se adue\u00f1aron y desmadraron Veracruz desde el 2018. Retorn\u00f3 pa\u00b4recuperar polaca y alministrativamente Veracruz de los ratatuiles de la Trastornaci\u00f3n de cuarta, y la neta es que s\u00ed se puede.<\/p>\n\n\n\n<p>Dante y Pepe son l\u00edderes de nacencia, con verba y atsi\u00f3n pegostear\u00e1n como mu\u00e9gano a la banda de partidos polacos en una \u201cSuma de oposiciones\u201d que por mientras anda desbalagada, eso que ni qu\u00e9.<\/p>\n\n\n\n<p>Clarines que primero es lo primero y eso quiere decir que en junio de 2027 tochos los veracruzaneos en ed\u00e1 de votar pos tendr\u00edan que dejar la g\u00fceva e ir a que les pinten el dedo gordo ( no el dedo de la Britney se\u00f1al) o sea, que entre m\u00e1s gentes voten pos m\u00e1s pelada se la ver\u00e1n pa\u00b4rob\u00e1rsela los ratas de eleiciones de los que en el gobierno de La T\u00eda t\u00e1n negriando y que es a lo est\u00e1n acostumbrados \u00a1me c\u00e1i que son cacos du nascemento!<\/p>\n\n\n\n<p>Acu\u00e9rdensen mis valedores que al panzoncito cachete colorao de Perote, o sea al priyista Pepe Yunes, en el 2024 le chingaron, pagd\u00f3n por mua franchute, le pillaron casi un mill\u00f3n de votos y con esa megatransa la Correveydile T\u00eda de las muchachas o sea T\u00eda Ch\u00edo qued\u00f3 designada como Gobernadora por capricho y conveniencia del mu\u00f1eco feo que anda escondido por los rincones del Rancho La Chingada, papi del Trivago nariz de berenjena. \u00a1co\u00f1o joder, que esa es la neta del planeta! La T\u00eda fue impuesta a chaleco \u00bfhasta cu\u00e1ndo durar\u00e1?<\/p>\n\n\n\n<p>La megachamba pa\u00b4 candidatos de oposici\u00f3n que estar\u00e1n en la misma canasta en 2027 o sea, del PRI, PAN, Herencia Transanacional \u2013 o algo as\u00ed- dos tres m\u00e1s del chiquitaje y prencipalmente Movimiento Ciudadano \u00a1a la de a wifo! deber\u00e1n convencer a suidadanos -de 18 a\u00f1ejos pa\u00b4rriba-o sea los votantes pa\u00b4que ese domingo de eleici\u00f3n; ellos, dejen de rascar aguacates y ellas, pa\u00b4no chambiar pretexten dolor de Andr\u00e9s. La misi\u00f3n es recuperar los congresos Local y Federal. Y de \u00e1i pal real, en 2030 cada veracruzano dir\u00e1 yo y mi circunstancia \u00a1\u00e1i wero!<\/p>\n\n\n\n<h1 class=\"wp-block-heading\">GUIJARRO. Alito Moreno abri\u00f3 el juego del Gran Frente Pol\u00edtico Amplio Ciudadano, le entreg\u00f3 el PRI estatal a Jos\u00e9 Yunes Zorrilla; te llamabas, Fofo.<\/h1>\n\n\n\n<p>Pepe, priista hasta la extinci\u00f3n, ser\u00e1 el operador y principal im\u00e1n pol\u00edtico en el Estado en elecci\u00f3n de 2027, su veracruzanismo, conocimiento, empat\u00eda y ser recipiendario por orden de Dante, del prestigio creciente ganado por Movimiento Ciudadano construir\u00e1n la base de impulso en 2030. Pero debe recordar que el que no oye consejo, no llega a viejo. Soltar lastre y compromiso parental le ser\u00e1 \u00fatil. \u00bfEl PAN se sumar\u00e1 al Gran Frente o pedir\u00e1 permiso a El Clan?<\/p>\n","protected":false},"excerpt":{"rendered":"<p>Trujyper Verba brava \u00a1Toma changa tu banana! Tremebundo soplamokos les recet\u00f3 Dante el renacido a los morenistas cuatroteros en Veracruz, levant\u00f3se y and\u00f3 ya sin que le cascabeleara el carburador, sin pelos en \u00f1opa ni lengua les dej\u00f3 c\u00e1ir la tatuana, a lo meco, a su tama\u00f1o, cual machetazo de nacatero a vaca gorda. \u00a1Ah [&hellip;]<\/p>\n","protected":false},"author":2,"featured_media":141381,"comment_status":"closed","ping_status":"closed","sticky":false,"template":"","format":"standard","meta":{"tdm_status":"","tdm_grid_status":"","footnotes":""},"categories":[70],"tags":[2219,44891,70953,2327,570,68092,195],"class_list":{"0":"post-179719","1":"post","2":"type-post","3":"status-publish","4":"format-standard","5":"has-post-thumbnail","7":"category-de-opinion","8":"tag-dante-delgado","9":"tag-elecciones-2027","10":"tag-frente-opositor","11":"tag-movimiento-ciudadano","12":"tag-pepe-yunes","13":"tag-trujyper","14":"tag-veracruz"},"yoast_head":"<!-- This site is optimized with the Yoast SEO plugin v28.1 - https:\/\/yoast.com\/product\/yoast-seo-wordpress\/ -->\n<title>DANTE Y PEPE RECUPERAR\u00c1N VERACRUZ CON UN FRENTE - Los pol\u00edticos Veracruz<\/title>\n<meta name=\"robots\" content=\"index, follow, max-snippet:-1, max-image-preview:large, max-video-preview:-1\" \/>\n<link rel=\"canonical\" href=\"https:\/\/lospoliticosveracruz.com\/?p=179719\" \/>\n<meta property=\"og:locale\" content=\"es_ES\" \/>\n<meta property=\"og:type\" content=\"article\" \/>\n<meta property=\"og:title\" content=\"DANTE Y PEPE RECUPERAR\u00c1N VERACRUZ CON UN FRENTE - Los pol\u00edticos Veracruz\" \/>\n<meta property=\"og:description\" content=\"Trujyper Verba brava \u00a1Toma changa tu banana! Tremebundo soplamokos les recet\u00f3 Dante el renacido a los morenistas cuatroteros en Veracruz, levant\u00f3se y and\u00f3 ya sin que le cascabeleara el carburador, sin pelos en \u00f1opa ni lengua les dej\u00f3 c\u00e1ir la tatuana, a lo meco, a su tama\u00f1o, cual machetazo de nacatero a vaca gorda. \u00a1Ah [&hellip;]\" \/>\n<meta property=\"og:url\" content=\"https:\/\/lospoliticosveracruz.com\/?p=179719\" \/>\n<meta property=\"og:site_name\" content=\"Los pol\u00edticos Veracruz\" \/>\n<meta property=\"article:publisher\" content=\"https:\/\/www.facebook.com\/people\/Notimemes-de-los-Polticos\/61565672886568\/\" \/>\n<meta property=\"article:published_time\" content=\"2026-09-01T03:47:02+00:00\" \/>\n<meta property=\"article:modified_time\" content=\"2026-09-01T03:47:04+00:00\" \/>\n<meta property=\"og:image\" content=\"https:\/\/lospoliticosveracruz.com\/wp-content\/uploads\/2025\/04\/El-Trujyper.jpg\" \/>\n\t<meta property=\"og:image:width\" content=\"1250\" \/>\n\t<meta property=\"og:image:height\" content=\"667\" \/>\n\t<meta property=\"og:image:type\" content=\"image\/jpeg\" \/>\n<meta name=\"author\" content=\"Lo viste en Los Pol\u00edticos\" \/>\n<meta name=\"twitter:card\" content=\"summary_large_image\" \/>\n<meta name=\"twitter:creator\" content=\"@LosPoliticosVer\" \/>\n<meta name=\"twitter:site\" content=\"@LosPoliticosVer\" \/>\n<meta name=\"twitter:label1\" content=\"Escrito por\" \/>\n\t<meta name=\"twitter:data1\" content=\"Lo viste en Los Pol\u00edticos\" \/>\n\t<meta name=\"twitter:label2\" content=\"Tiempo de lectura\" \/>\n\t<meta name=\"twitter:data2\" content=\"4 minutos\" \/>\n<script type=\"application\/ld+json\" class=\"yoast-schema-graph\">{\"@context\":\"https:\\\/\\\/schema.org\",\"@graph\":[{\"@type\":\"Article\",\"@id\":\"https:\\\/\\\/lospoliticosveracruz.com\\\/?p=179719#article\",\"isPartOf\":{\"@id\":\"https:\\\/\\\/lospoliticosveracruz.com\\\/?p=179719\"},\"author\":{\"name\":\"Lo viste en Los Pol\u00edticos\",\"@id\":\"https:\\\/\\\/lospoliticosveracruz.com\\\/#\\\/schema\\\/person\\\/b8702bb0e538456e6efd07080bf2a4a2\"},\"headline\":\"DANTE Y PEPE RECUPERAR\u00c1N VERACRUZ CON UN FRENTE\",\"datePublished\":\"2026-09-01T03:47:02+00:00\",\"dateModified\":\"2026-09-01T03:47:04+00:00\",\"mainEntityOfPage\":{\"@id\":\"https:\\\/\\\/lospoliticosveracruz.com\\\/?p=179719\"},\"wordCount\":689,\"publisher\":{\"@id\":\"https:\\\/\\\/lospoliticosveracruz.com\\\/#organization\"},\"image\":{\"@id\":\"https:\\\/\\\/lospoliticosveracruz.com\\\/?p=179719#primaryimage\"},\"thumbnailUrl\":\"https:\\\/\\\/lospoliticosveracruz.com\\\/wp-content\\\/uploads\\\/2025\\\/04\\\/El-Trujyper.jpg\",\"keywords\":[\"Dante Delgado\",\"elecciones 2027\",\"frente opositor\",\"Movimiento Ciudadano\",\"Pepe Yunes\",\"Trujyper\",\"Veracruz\"],\"articleSection\":[\"De Opini\u00f3n\"],\"inLanguage\":\"es\"},{\"@type\":\"WebPage\",\"@id\":\"https:\\\/\\\/lospoliticosveracruz.com\\\/?p=179719\",\"url\":\"https:\\\/\\\/lospoliticosveracruz.com\\\/?p=179719\",\"name\":\"DANTE Y PEPE RECUPERAR\u00c1N VERACRUZ CON UN FRENTE - Los pol\u00edticos Veracruz\",\"isPartOf\":{\"@id\":\"https:\\\/\\\/lospoliticosveracruz.com\\\/#website\"},\"primaryImageOfPage\":{\"@id\":\"https:\\\/\\\/lospoliticosveracruz.com\\\/?p=179719#primaryimage\"},\"image\":{\"@id\":\"https:\\\/\\\/lospoliticosveracruz.com\\\/?p=179719#primaryimage\"},\"thumbnailUrl\":\"https:\\\/\\\/lospoliticosveracruz.com\\\/wp-content\\\/uploads\\\/2025\\\/04\\\/El-Trujyper.jpg\",\"datePublished\":\"2026-09-01T03:47:02+00:00\",\"dateModified\":\"2026-09-01T03:47:04+00:00\",\"breadcrumb\":{\"@id\":\"https:\\\/\\\/lospoliticosveracruz.com\\\/?p=179719#breadcrumb\"},\"inLanguage\":\"es\",\"potentialAction\":[{\"@type\":\"ReadAction\",\"target\":[\"https:\\\/\\\/lospoliticosveracruz.com\\\/?p=179719\"]}]},{\"@type\":\"ImageObject\",\"inLanguage\":\"es\",\"@id\":\"https:\\\/\\\/lospoliticosveracruz.com\\\/?p=179719#primaryimage\",\"url\":\"https:\\\/\\\/lospoliticosveracruz.com\\\/wp-content\\\/uploads\\\/2025\\\/04\\\/El-Trujyper.jpg\",\"contentUrl\":\"https:\\\/\\\/lospoliticosveracruz.com\\\/wp-content\\\/uploads\\\/2025\\\/04\\\/El-Trujyper.jpg\",\"width\":1250,\"height\":667},{\"@type\":\"BreadcrumbList\",\"@id\":\"https:\\\/\\\/lospoliticosveracruz.com\\\/?p=179719#breadcrumb\",\"itemListElement\":[{\"@type\":\"ListItem\",\"position\":1,\"name\":\"Portada\",\"item\":\"https:\\\/\\\/lospoliticosveracruz.com\\\/\"},{\"@type\":\"ListItem\",\"position\":2,\"name\":\"DANTE Y PEPE RECUPERAR\u00c1N VERACRUZ CON UN FRENTE\"}]},{\"@type\":\"WebSite\",\"@id\":\"https:\\\/\\\/lospoliticosveracruz.com\\\/#website\",\"url\":\"https:\\\/\\\/lospoliticosveracruz.com\\\/\",\"name\":\"Los pol\u00edticos Veracruz\",\"description\":\"\",\"publisher\":{\"@id\":\"https:\\\/\\\/lospoliticosveracruz.com\\\/#organization\"},\"potentialAction\":[{\"@type\":\"SearchAction\",\"target\":{\"@type\":\"EntryPoint\",\"urlTemplate\":\"https:\\\/\\\/lospoliticosveracruz.com\\\/?s={search_term_string}\"},\"query-input\":{\"@type\":\"PropertyValueSpecification\",\"valueRequired\":true,\"valueName\":\"search_term_string\"}}],\"inLanguage\":\"es\"},{\"@type\":\"Organization\",\"@id\":\"https:\\\/\\\/lospoliticosveracruz.com\\\/#organization\",\"name\":\"Los pol\u00edticos Veracruz\",\"url\":\"https:\\\/\\\/lospoliticosveracruz.com\\\/\",\"logo\":{\"@type\":\"ImageObject\",\"inLanguage\":\"es\",\"@id\":\"https:\\\/\\\/lospoliticosveracruz.com\\\/#\\\/schema\\\/logo\\\/image\\\/\",\"url\":\"https:\\\/\\\/lospoliticosveracruz.com\\\/wp-content\\\/uploads\\\/2025\\\/12\\\/Logo-Nuevo-LOS-POLITICOS-1.jpg\",\"contentUrl\":\"https:\\\/\\\/lospoliticosveracruz.com\\\/wp-content\\\/uploads\\\/2025\\\/12\\\/Logo-Nuevo-LOS-POLITICOS-1.jpg\",\"width\":260,\"height\":70,\"caption\":\"Los pol\u00edticos Veracruz\"},\"image\":{\"@id\":\"https:\\\/\\\/lospoliticosveracruz.com\\\/#\\\/schema\\\/logo\\\/image\\\/\"},\"sameAs\":[\"https:\\\/\\\/www.facebook.com\\\/people\\\/Notimemes-de-los-Polticos\\\/61565672886568\\\/\",\"https:\\\/\\\/x.com\\\/LosPoliticosVer\"]},{\"@type\":\"Person\",\"@id\":\"https:\\\/\\\/lospoliticosveracruz.com\\\/#\\\/schema\\\/person\\\/b8702bb0e538456e6efd07080bf2a4a2\",\"name\":\"Lo viste en Los Pol\u00edticos\",\"image\":{\"@type\":\"ImageObject\",\"inLanguage\":\"es\",\"@id\":\"https:\\\/\\\/secure.gravatar.com\\\/avatar\\\/3a8de04a2656d44082be478bd6c086daa447c4651605818287b9532d3d0bd435?s=96&d=mm&r=g\",\"url\":\"https:\\\/\\\/secure.gravatar.com\\\/avatar\\\/3a8de04a2656d44082be478bd6c086daa447c4651605818287b9532d3d0bd435?s=96&d=mm&r=g\",\"contentUrl\":\"https:\\\/\\\/secure.gravatar.com\\\/avatar\\\/3a8de04a2656d44082be478bd6c086daa447c4651605818287b9532d3d0bd435?s=96&d=mm&r=g\",\"caption\":\"Lo viste en Los Pol\u00edticos\"},\"url\":\"https:\\\/\\\/lospoliticosveracruz.com\\\/?author=2\"}]}<\/script>\n<!-- \/ Yoast SEO plugin. -->","yoast_head_json":{"title":"DANTE Y PEPE RECUPERAR\u00c1N VERACRUZ CON UN FRENTE - Los pol\u00edticos Veracruz","robots":{"index":"index","follow":"follow","max-snippet":"max-snippet:-1","max-image-preview":"max-image-preview:large","max-video-preview":"max-video-preview:-1"},"canonical":"https:\/\/lospoliticosveracruz.com\/?p=179719","og_locale":"es_ES","og_type":"article","og_title":"DANTE Y PEPE RECUPERAR\u00c1N VERACRUZ CON UN FRENTE - Los pol\u00edticos Veracruz","og_description":"Trujyper Verba brava \u00a1Toma changa tu banana! Tremebundo soplamokos les recet\u00f3 Dante el renacido a los morenistas cuatroteros en Veracruz, levant\u00f3se y and\u00f3 ya sin que le cascabeleara el carburador, sin pelos en \u00f1opa ni lengua les dej\u00f3 c\u00e1ir la tatuana, a lo meco, a su tama\u00f1o, cual machetazo de nacatero a vaca gorda. \u00a1Ah [&hellip;]","og_url":"https:\/\/lospoliticosveracruz.com\/?p=179719","og_site_name":"Los pol\u00edticos Veracruz","article_publisher":"https:\/\/www.facebook.com\/people\/Notimemes-de-los-Polticos\/61565672886568\/","article_published_time":"2026-09-01T03:47:02+00:00","article_modified_time":"2026-09-01T03:47:04+00:00","og_image":[{"width":1250,"height":667,"url":"https:\/\/lospoliticosveracruz.com\/wp-content\/uploads\/2025\/04\/El-Trujyper.jpg","type":"image\/jpeg"}],"author":"Lo viste en Los Pol\u00edticos","twitter_card":"summary_large_image","twitter_creator":"@LosPoliticosVer","twitter_site":"@LosPoliticosVer","twitter_misc":{"Escrito por":"Lo viste en Los Pol\u00edticos","Tiempo de lectura":"4 minutos"},"schema":{"@context":"https:\/\/schema.org","@graph":[{"@type":"Article","@id":"https:\/\/lospoliticosveracruz.com\/?p=179719#article","isPartOf":{"@id":"https:\/\/lospoliticosveracruz.com\/?p=179719"},"author":{"name":"Lo viste en Los Pol\u00edticos","@id":"https:\/\/lospoliticosveracruz.com\/#\/schema\/person\/b8702bb0e538456e6efd07080bf2a4a2"},"headline":"DANTE Y PEPE RECUPERAR\u00c1N VERACRUZ CON UN FRENTE","datePublished":"2026-09-01T03:47:02+00:00","dateModified":"2026-09-01T03:47:04+00:00","mainEntityOfPage":{"@id":"https:\/\/lospoliticosveracruz.com\/?p=179719"},"wordCount":689,"publisher":{"@id":"https:\/\/lospoliticosveracruz.com\/#organization"},"image":{"@id":"https:\/\/lospoliticosveracruz.com\/?p=179719#primaryimage"},"thumbnailUrl":"https:\/\/lospoliticosveracruz.com\/wp-content\/uploads\/2025\/04\/El-Trujyper.jpg","keywords":["Dante Delgado","elecciones 2027","frente opositor","Movimiento Ciudadano","Pepe Yunes","Trujyper","Veracruz"],"articleSection":["De Opini\u00f3n"],"inLanguage":"es"},{"@type":"WebPage","@id":"https:\/\/lospoliticosveracruz.com\/?p=179719","url":"https:\/\/lospoliticosveracruz.com\/?p=179719","name":"DANTE Y PEPE RECUPERAR\u00c1N VERACRUZ CON UN FRENTE - Los pol\u00edticos Veracruz","isPartOf":{"@id":"https:\/\/lospoliticosveracruz.com\/#website"},"primaryImageOfPage":{"@id":"https:\/\/lospoliticosveracruz.com\/?p=179719#primaryimage"},"image":{"@id":"https:\/\/lospoliticosveracruz.com\/?p=179719#primaryimage"},"thumbnailUrl":"https:\/\/lospoliticosveracruz.com\/wp-content\/uploads\/2025\/04\/El-Trujyper.jpg","datePublished":"2026-09-01T03:47:02+00:00","dateModified":"2026-09-01T03:47:04+00:00","breadcrumb":{"@id":"https:\/\/lospoliticosveracruz.com\/?p=179719#breadcrumb"},"inLanguage":"es","potentialAction":[{"@type":"ReadAction","target":["https:\/\/lospoliticosveracruz.com\/?p=179719"]}]},{"@type":"ImageObject","inLanguage":"es","@id":"https:\/\/lospoliticosveracruz.com\/?p=179719#primaryimage","url":"https:\/\/lospoliticosveracruz.com\/wp-content\/uploads\/2025\/04\/El-Trujyper.jpg","contentUrl":"https:\/\/lospoliticosveracruz.com\/wp-content\/uploads\/2025\/04\/El-Trujyper.jpg","width":1250,"height":667},{"@type":"BreadcrumbList","@id":"https:\/\/lospoliticosveracruz.com\/?p=179719#breadcrumb","itemListElement":[{"@type":"ListItem","position":1,"name":"Portada","item":"https:\/\/lospoliticosveracruz.com\/"},{"@type":"ListItem","position":2,"name":"DANTE Y PEPE RECUPERAR\u00c1N VERACRUZ CON UN FRENTE"}]},{"@type":"WebSite","@id":"https:\/\/lospoliticosveracruz.com\/#website","url":"https:\/\/lospoliticosveracruz.com\/","name":"Los pol\u00edticos Veracruz","description":"","publisher":{"@id":"https:\/\/lospoliticosveracruz.com\/#organization"},"potentialAction":[{"@type":"SearchAction","target":{"@type":"EntryPoint","urlTemplate":"https:\/\/lospoliticosveracruz.com\/?s={search_term_string}"},"query-input":{"@type":"PropertyValueSpecification","valueRequired":true,"valueName":"search_term_string"}}],"inLanguage":"es"},{"@type":"Organization","@id":"https:\/\/lospoliticosveracruz.com\/#organization","name":"Los pol\u00edticos Veracruz","url":"https:\/\/lospoliticosveracruz.com\/","logo":{"@type":"ImageObject","inLanguage":"es","@id":"https:\/\/lospoliticosveracruz.com\/#\/schema\/logo\/image\/","url":"https:\/\/lospoliticosveracruz.com\/wp-content\/uploads\/2025\/12\/Logo-Nuevo-LOS-POLITICOS-1.jpg","contentUrl":"https:\/\/lospoliticosveracruz.com\/wp-content\/uploads\/2025\/12\/Logo-Nuevo-LOS-POLITICOS-1.jpg","width":260,"height":70,"caption":"Los pol\u00edticos Veracruz"},"image":{"@id":"https:\/\/lospoliticosveracruz.com\/#\/schema\/logo\/image\/"},"sameAs":["https:\/\/www.facebook.com\/people\/Notimemes-de-los-Polticos\/61565672886568\/","https:\/\/x.com\/LosPoliticosVer"]},{"@type":"Person","@id":"https:\/\/lospoliticosveracruz.com\/#\/schema\/person\/b8702bb0e538456e6efd07080bf2a4a2","name":"Lo viste en Los Pol\u00edticos","image":{"@type":"ImageObject","inLanguage":"es","@id":"https:\/\/secure.gravatar.com\/avatar\/3a8de04a2656d44082be478bd6c086daa447c4651605818287b9532d3d0bd435?s=96&d=mm&r=g","url":"https:\/\/secure.gravatar.com\/avatar\/3a8de04a2656d44082be478bd6c086daa447c4651605818287b9532d3d0bd435?s=96&d=mm&r=g","contentUrl":"https:\/\/secure.gravatar.com\/avatar\/3a8de04a2656d44082be478bd6c086daa447c4651605818287b9532d3d0bd435?s=96&d=mm&r=g","caption":"Lo viste en Los Pol\u00edticos"},"url":"https:\/\/lospoliticosveracruz.com\/?author=2"}]}},"_links":{"self":[{"href":"https:\/\/lospoliticosveracruz.com\/index.php?rest_route=\/wp\/v2\/posts\/179719","targetHints":{"allow":["GET"]}}],"collection":[{"href":"https:\/\/lospoliticosveracruz.com\/index.php?rest_route=\/wp\/v2\/posts"}],"about":[{"href":"https:\/\/lospoliticosveracruz.com\/index.php?rest_route=\/wp\/v2\/types\/post"}],"author":[{"embeddable":true,"href":"https:\/\/lospoliticosveracruz.com\/index.php?rest_route=\/wp\/v2\/users\/2"}],"replies":[{"embeddable":true,"href":"https:\/\/lospoliticosveracruz.com\/index.php?rest_route=%2Fwp%2Fv2%2Fcomments&post=179719"}],"version-history":[{"count":1,"href":"https:\/\/lospoliticosveracruz.com\/index.php?rest_route=\/wp\/v2\/posts\/179719\/revisions"}],"predecessor-version":[{"id":179720,"href":"https:\/\/lospoliticosveracruz.com\/index.php?rest_route=\/wp\/v2\/posts\/179719\/revisions\/179720"}],"wp:featuredmedia":[{"embeddable":true,"href":"https:\/\/lospoliticosveracruz.com\/index.php?rest_route=\/wp\/v2\/media\/141381"}],"wp:attachment":[{"href":"https:\/\/lospoliticosveracruz.com\/index.php?rest_route=%2Fwp%2Fv2%2Fmedia&parent=179719"}],"wp:term":[{"taxonomy":"category","embeddable":true,"href":"https:\/\/lospoliticosveracruz.com\/index.php?rest_route=%2Fwp%2Fv2%2Fcategories&post=179719"},{"taxonomy":"post_tag","embeddable":true,"href":"https:\/\/lospoliticosveracruz.com\/index.php?rest_route=%2Fwp%2Fv2%2Ftags&post=179719"}],"curies":[{"name":"wp","href":"https:\/\/api.w.org\/{rel}","templated":true}]}}