{"id":179721,"date":"2026-08-31T21:56:52","date_gmt":"2026-09-01T03:56:52","guid":{"rendered":"https:\/\/lospoliticosveracruz.com\/?p=179721"},"modified":"2026-08-31T21:56:54","modified_gmt":"2026-09-01T03:56:54","slug":"san-roque-pasa-al-ayuntamiento","status":"publish","type":"post","link":"https:\/\/lospoliticosveracruz.com\/?p=179721","title":{"rendered":"SAN ROQUE PASA AL AYUNTAMIENTO!"},"content":{"rendered":"<div class=\"wp-block-image\">\n<figure class=\"alignleft size-large is-resized\"><a href=\"https:\/\/lospoliticosveracruz.com\/wp-content\/uploads\/2026\/08\/Tu-Plan-Xalapa.jpg\"><img loading=\"lazy\" decoding=\"async\" width=\"1024\" height=\"854\" src=\"https:\/\/lospoliticosveracruz.com\/wp-content\/uploads\/2026\/08\/Tu-Plan-Xalapa-1024x854.jpg\" alt=\"\" class=\"wp-image-177789\" style=\"width:421px;height:auto\" srcset=\"https:\/\/lospoliticosveracruz.com\/wp-content\/uploads\/2026\/08\/Tu-Plan-Xalapa-1024x854.jpg 1024w, https:\/\/lospoliticosveracruz.com\/wp-content\/uploads\/2026\/08\/Tu-Plan-Xalapa-300x250.jpg 300w, https:\/\/lospoliticosveracruz.com\/wp-content\/uploads\/2026\/08\/Tu-Plan-Xalapa-768x640.jpg 768w, https:\/\/lospoliticosveracruz.com\/wp-content\/uploads\/2026\/08\/Tu-Plan-Xalapa-504x420.jpg 504w, https:\/\/lospoliticosveracruz.com\/wp-content\/uploads\/2026\/08\/Tu-Plan-Xalapa-150x125.jpg 150w, https:\/\/lospoliticosveracruz.com\/wp-content\/uploads\/2026\/08\/Tu-Plan-Xalapa-696x580.jpg 696w, https:\/\/lospoliticosveracruz.com\/wp-content\/uploads\/2026\/08\/Tu-Plan-Xalapa-1068x890.jpg 1068w, https:\/\/lospoliticosveracruz.com\/wp-content\/uploads\/2026\/08\/Tu-Plan-Xalapa.jpg 1400w\" sizes=\"auto, (max-width: 1024px) 100vw, 1024px\" \/><\/a><\/figure>\n<\/div>\n\n\n<p>Aprobaron suscribir un Contrato de Comodato con el Gobierno del Estado de Veracruz, a trav\u00e9s de la Secretar\u00eda de Medio Ambiente (Sedema), con el objetivo de recibir a t\u00edtulo gratuito la posesi\u00f3n temporal de la superficie, bienes e instalaciones que conforman el \u00c1rea Natural Protegida (ANP) y Parque Ecol\u00f3gico Molino de San Roque, integrantes del Cabildo, en Sesi\u00f3n Ordinaria encabezada por la Alcaldesa, Lic. Daniela Griego Ceballos.<\/p>\n\n\n\n<p>Ante el S\u00edndico \u00danico, Dr. Marco Aurelio Mart\u00ednez S\u00e1nchez, la Presidenta Municipal explic\u00f3 que, con ello, esta zona de 15 hect\u00e1reas pasar\u00e1 a la administraci\u00f3n del Ayuntamiento, con el fin de impulsar acciones para el mantenimiento, protecci\u00f3n y conservaci\u00f3n de su patrimonio ambiental.<\/p>\n\n\n\n<p>Asistieron la Regidora Primera, Lic. Diana Julieta Aguilar Ortega; el Regidor Segundo, Lic. Axel Fern\u00e1ndez Cambambia; la Regidora Tercera, Mtra. Susan Liliana Morales Segura; el Regidor Cuarto, Lic. Alfonso Osegueda Cruz, y la Regidora Quinta, Dra. Raquel Rosal\u00eda Casta\u00f1eda Gonz\u00e1lez.<\/p>\n\n\n\n<p>La Regidora Sexta, Lic. Hilda Elvia Aguilar Arroyo; el Regidor S\u00e9ptimo, Lic. Diego Moreno Mart\u00ednez; la Regidora Octava, Lic. Clarissa Monserrat L\u00f3pez Morales; el Regidor Noveno, Lic. Joaqu\u00edn Alejandro Cano Hern\u00e1ndez; la Regidora D\u00e9cima, Dra. M\u00f3nica Mendoza Madrigal; el Regidor D\u00e9cimo Primero, Lic. Dalos Ulises Rodr\u00edguez Vargas.<\/p>\n\n\n\n<p>Tambi\u00e9n, la Regidora D\u00e9cima Segunda, Dra. Flor de Mar\u00eda Mendoza Mu\u00f1iz; la Regidora D\u00e9cima Tercera, Lic. Priscila Nataly Labastida Vega; as\u00ed como el Secretario del Ayuntamiento, Mtro. V\u00edctor Hugo Meza Cruz.<\/p>\n\n\n\n<p>Adem\u00e1s, se avalaron cuatro dict\u00e1menes de la Comisi\u00f3n de Asentamientos Humanos, Fraccionamientos, Licencias y Regularizaci\u00f3n de la Tenencia de la Tierra.<\/p>\n\n\n\n<p>Aunado a ello, se autoriz\u00f3 la iniciativa de reforma a diversas disposiciones del C\u00f3digo Hacendario para el Municipio de Xalapa.<\/p>\n\n\n\n<p>Adem\u00e1s, se aval\u00f3 la integraci\u00f3n del Comit\u00e9 de Integridad del Ayuntamiento de Xalapa 2026-2029, para su posterior instalaci\u00f3n y toma de protesta.<\/p>\n\n\n\n<p>Tambi\u00e9n, se aprob\u00f3 llevar a cabo Sesi\u00f3n Solemne de Cabildo, con la finalidad de otorgar medallas a egresadas y egresados con excelencia acad\u00e9mica de la Benem\u00e9rita y Centenaria Escuela Normal Veracruzana \u201cEnrique Conrado R\u00e9bsamen\u201d.<\/p>\n\n\n\n<p>Finalmente, se aval\u00f3 el Plan de Trabajo 2026 del Consejo de la Cr\u00f3nica Municipal, as\u00ed como las actas de las sesiones de Cabildo Extraordinaria, del 11 de agosto; Solemne, del 13 de agosto; Ordinaria, del d\u00eda 14; Extraordinaria, del 17, y Solemne, del 26 de agosto, todas del presente a\u00f1o.<\/p>\n\n\n\n<p><\/p>\n","protected":false},"excerpt":{"rendered":"<p>Aprobaron suscribir un Contrato de Comodato con el Gobierno del Estado de Veracruz, a trav\u00e9s de la Secretar\u00eda de Medio Ambiente (Sedema), con el objetivo de recibir a t\u00edtulo gratuito la posesi\u00f3n temporal de la superficie, bienes e instalaciones que conforman el \u00c1rea Natural Protegida (ANP) y Parque Ecol\u00f3gico Molino de San Roque, integrantes del [&hellip;]<\/p>\n","protected":false},"author":2,"featured_media":179722,"comment_status":"closed","ping_status":"closed","sticky":false,"template":"","format":"standard","meta":{"tdm_status":"","tdm_grid_status":"","footnotes":""},"categories":[52572],"tags":[70958,1534,5622,1037,70957,1036,96],"class_list":{"0":"post-179721","1":"post","2":"type-post","3":"status-publish","4":"format-standard","5":"has-post-thumbnail","7":"category-desdelaatenas","8":"tag-area-natural-protegida","9":"tag-ayuntamiento-de-xalapa","10":"tag-daniela-griego","11":"tag-medio-ambiente","12":"tag-molino-de-san-roque","13":"tag-sedema","14":"tag-xalapa"},"yoast_head":"<!-- This site is optimized with the Yoast SEO plugin v28.1 - https:\/\/yoast.com\/product\/yoast-seo-wordpress\/ -->\n<title>SAN ROQUE PASA AL AYUNTAMIENTO! - Los pol\u00edticos Veracruz<\/title>\n<meta name=\"robots\" content=\"index, follow, max-snippet:-1, max-image-preview:large, max-video-preview:-1\" \/>\n<link rel=\"canonical\" href=\"https:\/\/lospoliticosveracruz.com\/?p=179721\" \/>\n<meta property=\"og:locale\" content=\"es_ES\" \/>\n<meta property=\"og:type\" content=\"article\" \/>\n<meta property=\"og:title\" content=\"SAN ROQUE PASA AL AYUNTAMIENTO! - Los pol\u00edticos Veracruz\" \/>\n<meta property=\"og:description\" content=\"Aprobaron suscribir un Contrato de Comodato con el Gobierno del Estado de Veracruz, a trav\u00e9s de la Secretar\u00eda de Medio Ambiente (Sedema), con el objetivo de recibir a t\u00edtulo gratuito la posesi\u00f3n temporal de la superficie, bienes e instalaciones que conforman el \u00c1rea Natural Protegida (ANP) y Parque Ecol\u00f3gico Molino de San Roque, integrantes del [&hellip;]\" \/>\n<meta property=\"og:url\" content=\"https:\/\/lospoliticosveracruz.com\/?p=179721\" \/>\n<meta property=\"og:site_name\" content=\"Los pol\u00edticos Veracruz\" \/>\n<meta property=\"article:publisher\" content=\"https:\/\/www.facebook.com\/people\/Notimemes-de-los-Polticos\/61565672886568\/\" \/>\n<meta property=\"article:published_time\" content=\"2026-09-01T03:56:52+00:00\" \/>\n<meta property=\"article:modified_time\" content=\"2026-09-01T03:56:54+00:00\" \/>\n<meta property=\"og:image\" content=\"https:\/\/lospoliticosveracruz.com\/wp-content\/uploads\/2026\/08\/Dani-7.jpg\" \/>\n\t<meta property=\"og:image:width\" content=\"600\" \/>\n\t<meta property=\"og:image:height\" content=\"320\" \/>\n\t<meta property=\"og:image:type\" content=\"image\/jpeg\" \/>\n<meta name=\"author\" content=\"Lo viste en Los Pol\u00edticos\" \/>\n<meta name=\"twitter:card\" content=\"summary_large_image\" \/>\n<meta name=\"twitter:creator\" content=\"@LosPoliticosVer\" \/>\n<meta name=\"twitter:site\" content=\"@LosPoliticosVer\" \/>\n<meta name=\"twitter:label1\" content=\"Escrito por\" \/>\n\t<meta name=\"twitter:data1\" content=\"Lo viste en Los Pol\u00edticos\" \/>\n\t<meta name=\"twitter:label2\" content=\"Tiempo de lectura\" \/>\n\t<meta name=\"twitter:data2\" content=\"3 minutos\" \/>\n<script type=\"application\/ld+json\" class=\"yoast-schema-graph\">{\"@context\":\"https:\\\/\\\/schema.org\",\"@graph\":[{\"@type\":\"Article\",\"@id\":\"https:\\\/\\\/lospoliticosveracruz.com\\\/?p=179721#article\",\"isPartOf\":{\"@id\":\"https:\\\/\\\/lospoliticosveracruz.com\\\/?p=179721\"},\"author\":{\"name\":\"Lo viste en Los Pol\u00edticos\",\"@id\":\"https:\\\/\\\/lospoliticosveracruz.com\\\/#\\\/schema\\\/person\\\/b8702bb0e538456e6efd07080bf2a4a2\"},\"headline\":\"SAN ROQUE PASA AL AYUNTAMIENTO!\",\"datePublished\":\"2026-09-01T03:56:52+00:00\",\"dateModified\":\"2026-09-01T03:56:54+00:00\",\"mainEntityOfPage\":{\"@id\":\"https:\\\/\\\/lospoliticosveracruz.com\\\/?p=179721\"},\"wordCount\":421,\"publisher\":{\"@id\":\"https:\\\/\\\/lospoliticosveracruz.com\\\/#organization\"},\"image\":{\"@id\":\"https:\\\/\\\/lospoliticosveracruz.com\\\/?p=179721#primaryimage\"},\"thumbnailUrl\":\"https:\\\/\\\/lospoliticosveracruz.com\\\/wp-content\\\/uploads\\\/2026\\\/08\\\/Dani-7.jpg\",\"keywords\":[\"\u00c1rea Natural Protegida\",\"ayuntamiento de Xalapa\",\"Daniela Griego\",\"Medio Ambiente\",\"Molino de San Roque\",\"Sedema\",\"Xalapa\"],\"articleSection\":[\"Desde La Atenas\"],\"inLanguage\":\"es\"},{\"@type\":\"WebPage\",\"@id\":\"https:\\\/\\\/lospoliticosveracruz.com\\\/?p=179721\",\"url\":\"https:\\\/\\\/lospoliticosveracruz.com\\\/?p=179721\",\"name\":\"SAN ROQUE PASA AL AYUNTAMIENTO! - Los pol\u00edticos Veracruz\",\"isPartOf\":{\"@id\":\"https:\\\/\\\/lospoliticosveracruz.com\\\/#website\"},\"primaryImageOfPage\":{\"@id\":\"https:\\\/\\\/lospoliticosveracruz.com\\\/?p=179721#primaryimage\"},\"image\":{\"@id\":\"https:\\\/\\\/lospoliticosveracruz.com\\\/?p=179721#primaryimage\"},\"thumbnailUrl\":\"https:\\\/\\\/lospoliticosveracruz.com\\\/wp-content\\\/uploads\\\/2026\\\/08\\\/Dani-7.jpg\",\"datePublished\":\"2026-09-01T03:56:52+00:00\",\"dateModified\":\"2026-09-01T03:56:54+00:00\",\"breadcrumb\":{\"@id\":\"https:\\\/\\\/lospoliticosveracruz.com\\\/?p=179721#breadcrumb\"},\"inLanguage\":\"es\",\"potentialAction\":[{\"@type\":\"ReadAction\",\"target\":[\"https:\\\/\\\/lospoliticosveracruz.com\\\/?p=179721\"]}]},{\"@type\":\"ImageObject\",\"inLanguage\":\"es\",\"@id\":\"https:\\\/\\\/lospoliticosveracruz.com\\\/?p=179721#primaryimage\",\"url\":\"https:\\\/\\\/lospoliticosveracruz.com\\\/wp-content\\\/uploads\\\/2026\\\/08\\\/Dani-7.jpg\",\"contentUrl\":\"https:\\\/\\\/lospoliticosveracruz.com\\\/wp-content\\\/uploads\\\/2026\\\/08\\\/Dani-7.jpg\",\"width\":600,\"height\":320},{\"@type\":\"BreadcrumbList\",\"@id\":\"https:\\\/\\\/lospoliticosveracruz.com\\\/?p=179721#breadcrumb\",\"itemListElement\":[{\"@type\":\"ListItem\",\"position\":1,\"name\":\"Portada\",\"item\":\"https:\\\/\\\/lospoliticosveracruz.com\\\/\"},{\"@type\":\"ListItem\",\"position\":2,\"name\":\"SAN ROQUE PASA AL AYUNTAMIENTO!\"}]},{\"@type\":\"WebSite\",\"@id\":\"https:\\\/\\\/lospoliticosveracruz.com\\\/#website\",\"url\":\"https:\\\/\\\/lospoliticosveracruz.com\\\/\",\"name\":\"Los pol\u00edticos Veracruz\",\"description\":\"\",\"publisher\":{\"@id\":\"https:\\\/\\\/lospoliticosveracruz.com\\\/#organization\"},\"potentialAction\":[{\"@type\":\"SearchAction\",\"target\":{\"@type\":\"EntryPoint\",\"urlTemplate\":\"https:\\\/\\\/lospoliticosveracruz.com\\\/?s={search_term_string}\"},\"query-input\":{\"@type\":\"PropertyValueSpecification\",\"valueRequired\":true,\"valueName\":\"search_term_string\"}}],\"inLanguage\":\"es\"},{\"@type\":\"Organization\",\"@id\":\"https:\\\/\\\/lospoliticosveracruz.com\\\/#organization\",\"name\":\"Los pol\u00edticos Veracruz\",\"url\":\"https:\\\/\\\/lospoliticosveracruz.com\\\/\",\"logo\":{\"@type\":\"ImageObject\",\"inLanguage\":\"es\",\"@id\":\"https:\\\/\\\/lospoliticosveracruz.com\\\/#\\\/schema\\\/logo\\\/image\\\/\",\"url\":\"https:\\\/\\\/lospoliticosveracruz.com\\\/wp-content\\\/uploads\\\/2025\\\/12\\\/Logo-Nuevo-LOS-POLITICOS-1.jpg\",\"contentUrl\":\"https:\\\/\\\/lospoliticosveracruz.com\\\/wp-content\\\/uploads\\\/2025\\\/12\\\/Logo-Nuevo-LOS-POLITICOS-1.jpg\",\"width\":260,\"height\":70,\"caption\":\"Los pol\u00edticos Veracruz\"},\"image\":{\"@id\":\"https:\\\/\\\/lospoliticosveracruz.com\\\/#\\\/schema\\\/logo\\\/image\\\/\"},\"sameAs\":[\"https:\\\/\\\/www.facebook.com\\\/people\\\/Notimemes-de-los-Polticos\\\/61565672886568\\\/\",\"https:\\\/\\\/x.com\\\/LosPoliticosVer\"]},{\"@type\":\"Person\",\"@id\":\"https:\\\/\\\/lospoliticosveracruz.com\\\/#\\\/schema\\\/person\\\/b8702bb0e538456e6efd07080bf2a4a2\",\"name\":\"Lo viste en Los Pol\u00edticos\",\"image\":{\"@type\":\"ImageObject\",\"inLanguage\":\"es\",\"@id\":\"https:\\\/\\\/secure.gravatar.com\\\/avatar\\\/3a8de04a2656d44082be478bd6c086daa447c4651605818287b9532d3d0bd435?s=96&d=mm&r=g\",\"url\":\"https:\\\/\\\/secure.gravatar.com\\\/avatar\\\/3a8de04a2656d44082be478bd6c086daa447c4651605818287b9532d3d0bd435?s=96&d=mm&r=g\",\"contentUrl\":\"https:\\\/\\\/secure.gravatar.com\\\/avatar\\\/3a8de04a2656d44082be478bd6c086daa447c4651605818287b9532d3d0bd435?s=96&d=mm&r=g\",\"caption\":\"Lo viste en Los Pol\u00edticos\"},\"url\":\"https:\\\/\\\/lospoliticosveracruz.com\\\/?author=2\"}]}<\/script>\n<!-- \/ Yoast SEO plugin. -->","yoast_head_json":{"title":"SAN ROQUE PASA AL AYUNTAMIENTO! - Los pol\u00edticos Veracruz","robots":{"index":"index","follow":"follow","max-snippet":"max-snippet:-1","max-image-preview":"max-image-preview:large","max-video-preview":"max-video-preview:-1"},"canonical":"https:\/\/lospoliticosveracruz.com\/?p=179721","og_locale":"es_ES","og_type":"article","og_title":"SAN ROQUE PASA AL AYUNTAMIENTO! - Los pol\u00edticos Veracruz","og_description":"Aprobaron suscribir un Contrato de Comodato con el Gobierno del Estado de Veracruz, a trav\u00e9s de la Secretar\u00eda de Medio Ambiente (Sedema), con el objetivo de recibir a t\u00edtulo gratuito la posesi\u00f3n temporal de la superficie, bienes e instalaciones que conforman el \u00c1rea Natural Protegida (ANP) y Parque Ecol\u00f3gico Molino de San Roque, integrantes del [&hellip;]","og_url":"https:\/\/lospoliticosveracruz.com\/?p=179721","og_site_name":"Los pol\u00edticos Veracruz","article_publisher":"https:\/\/www.facebook.com\/people\/Notimemes-de-los-Polticos\/61565672886568\/","article_published_time":"2026-09-01T03:56:52+00:00","article_modified_time":"2026-09-01T03:56:54+00:00","og_image":[{"width":600,"height":320,"url":"https:\/\/lospoliticosveracruz.com\/wp-content\/uploads\/2026\/08\/Dani-7.jpg","type":"image\/jpeg"}],"author":"Lo viste en Los Pol\u00edticos","twitter_card":"summary_large_image","twitter_creator":"@LosPoliticosVer","twitter_site":"@LosPoliticosVer","twitter_misc":{"Escrito por":"Lo viste en Los Pol\u00edticos","Tiempo de lectura":"3 minutos"},"schema":{"@context":"https:\/\/schema.org","@graph":[{"@type":"Article","@id":"https:\/\/lospoliticosveracruz.com\/?p=179721#article","isPartOf":{"@id":"https:\/\/lospoliticosveracruz.com\/?p=179721"},"author":{"name":"Lo viste en Los Pol\u00edticos","@id":"https:\/\/lospoliticosveracruz.com\/#\/schema\/person\/b8702bb0e538456e6efd07080bf2a4a2"},"headline":"SAN ROQUE PASA AL AYUNTAMIENTO!","datePublished":"2026-09-01T03:56:52+00:00","dateModified":"2026-09-01T03:56:54+00:00","mainEntityOfPage":{"@id":"https:\/\/lospoliticosveracruz.com\/?p=179721"},"wordCount":421,"publisher":{"@id":"https:\/\/lospoliticosveracruz.com\/#organization"},"image":{"@id":"https:\/\/lospoliticosveracruz.com\/?p=179721#primaryimage"},"thumbnailUrl":"https:\/\/lospoliticosveracruz.com\/wp-content\/uploads\/2026\/08\/Dani-7.jpg","keywords":["\u00c1rea Natural Protegida","ayuntamiento de Xalapa","Daniela Griego","Medio Ambiente","Molino de San Roque","Sedema","Xalapa"],"articleSection":["Desde La Atenas"],"inLanguage":"es"},{"@type":"WebPage","@id":"https:\/\/lospoliticosveracruz.com\/?p=179721","url":"https:\/\/lospoliticosveracruz.com\/?p=179721","name":"SAN ROQUE PASA AL AYUNTAMIENTO! - Los pol\u00edticos Veracruz","isPartOf":{"@id":"https:\/\/lospoliticosveracruz.com\/#website"},"primaryImageOfPage":{"@id":"https:\/\/lospoliticosveracruz.com\/?p=179721#primaryimage"},"image":{"@id":"https:\/\/lospoliticosveracruz.com\/?p=179721#primaryimage"},"thumbnailUrl":"https:\/\/lospoliticosveracruz.com\/wp-content\/uploads\/2026\/08\/Dani-7.jpg","datePublished":"2026-09-01T03:56:52+00:00","dateModified":"2026-09-01T03:56:54+00:00","breadcrumb":{"@id":"https:\/\/lospoliticosveracruz.com\/?p=179721#breadcrumb"},"inLanguage":"es","potentialAction":[{"@type":"ReadAction","target":["https:\/\/lospoliticosveracruz.com\/?p=179721"]}]},{"@type":"ImageObject","inLanguage":"es","@id":"https:\/\/lospoliticosveracruz.com\/?p=179721#primaryimage","url":"https:\/\/lospoliticosveracruz.com\/wp-content\/uploads\/2026\/08\/Dani-7.jpg","contentUrl":"https:\/\/lospoliticosveracruz.com\/wp-content\/uploads\/2026\/08\/Dani-7.jpg","width":600,"height":320},{"@type":"BreadcrumbList","@id":"https:\/\/lospoliticosveracruz.com\/?p=179721#breadcrumb","itemListElement":[{"@type":"ListItem","position":1,"name":"Portada","item":"https:\/\/lospoliticosveracruz.com\/"},{"@type":"ListItem","position":2,"name":"SAN ROQUE PASA AL AYUNTAMIENTO!"}]},{"@type":"WebSite","@id":"https:\/\/lospoliticosveracruz.com\/#website","url":"https:\/\/lospoliticosveracruz.com\/","name":"Los pol\u00edticos Veracruz","description":"","publisher":{"@id":"https:\/\/lospoliticosveracruz.com\/#organization"},"potentialAction":[{"@type":"SearchAction","target":{"@type":"EntryPoint","urlTemplate":"https:\/\/lospoliticosveracruz.com\/?s={search_term_string}"},"query-input":{"@type":"PropertyValueSpecification","valueRequired":true,"valueName":"search_term_string"}}],"inLanguage":"es"},{"@type":"Organization","@id":"https:\/\/lospoliticosveracruz.com\/#organization","name":"Los pol\u00edticos Veracruz","url":"https:\/\/lospoliticosveracruz.com\/","logo":{"@type":"ImageObject","inLanguage":"es","@id":"https:\/\/lospoliticosveracruz.com\/#\/schema\/logo\/image\/","url":"https:\/\/lospoliticosveracruz.com\/wp-content\/uploads\/2025\/12\/Logo-Nuevo-LOS-POLITICOS-1.jpg","contentUrl":"https:\/\/lospoliticosveracruz.com\/wp-content\/uploads\/2025\/12\/Logo-Nuevo-LOS-POLITICOS-1.jpg","width":260,"height":70,"caption":"Los pol\u00edticos Veracruz"},"image":{"@id":"https:\/\/lospoliticosveracruz.com\/#\/schema\/logo\/image\/"},"sameAs":["https:\/\/www.facebook.com\/people\/Notimemes-de-los-Polticos\/61565672886568\/","https:\/\/x.com\/LosPoliticosVer"]},{"@type":"Person","@id":"https:\/\/lospoliticosveracruz.com\/#\/schema\/person\/b8702bb0e538456e6efd07080bf2a4a2","name":"Lo viste en Los Pol\u00edticos","image":{"@type":"ImageObject","inLanguage":"es","@id":"https:\/\/secure.gravatar.com\/avatar\/3a8de04a2656d44082be478bd6c086daa447c4651605818287b9532d3d0bd435?s=96&d=mm&r=g","url":"https:\/\/secure.gravatar.com\/avatar\/3a8de04a2656d44082be478bd6c086daa447c4651605818287b9532d3d0bd435?s=96&d=mm&r=g","contentUrl":"https:\/\/secure.gravatar.com\/avatar\/3a8de04a2656d44082be478bd6c086daa447c4651605818287b9532d3d0bd435?s=96&d=mm&r=g","caption":"Lo viste en Los Pol\u00edticos"},"url":"https:\/\/lospoliticosveracruz.com\/?author=2"}]}},"_links":{"self":[{"href":"https:\/\/lospoliticosveracruz.com\/index.php?rest_route=\/wp\/v2\/posts\/179721","targetHints":{"allow":["GET"]}}],"collection":[{"href":"https:\/\/lospoliticosveracruz.com\/index.php?rest_route=\/wp\/v2\/posts"}],"about":[{"href":"https:\/\/lospoliticosveracruz.com\/index.php?rest_route=\/wp\/v2\/types\/post"}],"author":[{"embeddable":true,"href":"https:\/\/lospoliticosveracruz.com\/index.php?rest_route=\/wp\/v2\/users\/2"}],"replies":[{"embeddable":true,"href":"https:\/\/lospoliticosveracruz.com\/index.php?rest_route=%2Fwp%2Fv2%2Fcomments&post=179721"}],"version-history":[{"count":1,"href":"https:\/\/lospoliticosveracruz.com\/index.php?rest_route=\/wp\/v2\/posts\/179721\/revisions"}],"predecessor-version":[{"id":179723,"href":"https:\/\/lospoliticosveracruz.com\/index.php?rest_route=\/wp\/v2\/posts\/179721\/revisions\/179723"}],"wp:featuredmedia":[{"embeddable":true,"href":"https:\/\/lospoliticosveracruz.com\/index.php?rest_route=\/wp\/v2\/media\/179722"}],"wp:attachment":[{"href":"https:\/\/lospoliticosveracruz.com\/index.php?rest_route=%2Fwp%2Fv2%2Fmedia&parent=179721"}],"wp:term":[{"taxonomy":"category","embeddable":true,"href":"https:\/\/lospoliticosveracruz.com\/index.php?rest_route=%2Fwp%2Fv2%2Fcategories&post=179721"},{"taxonomy":"post_tag","embeddable":true,"href":"https:\/\/lospoliticosveracruz.com\/index.php?rest_route=%2Fwp%2Fv2%2Ftags&post=179721"}],"curies":[{"name":"wp","href":"https:\/\/api.w.org\/{rel}","templated":true}]}}