{"id":179724,"date":"2026-09-01T05:10:54","date_gmt":"2026-09-01T11:10:54","guid":{"rendered":"https:\/\/lospoliticosveracruz.com\/?p=179724"},"modified":"2026-09-01T05:10:56","modified_gmt":"2026-09-01T11:10:56","slug":"los-relampagos-politicos-de-agosto-ii","status":"publish","type":"post","link":"https:\/\/lospoliticosveracruz.com\/?p=179724","title":{"rendered":"LOS REL\u00c1MPAGOS POL\u00cdTICOS DE AGOSTO II"},"content":{"rendered":"<div class=\"wp-block-image\">\n<figure class=\"alignleft size-full is-resized\"><a href=\"https:\/\/lospoliticosveracruz.com\/wp-content\/uploads\/2026\/05\/IMG_1092.png\"><img loading=\"lazy\" decoding=\"async\" width=\"640\" height=\"600\" src=\"https:\/\/lospoliticosveracruz.com\/wp-content\/uploads\/2026\/05\/IMG_1092.png\" alt=\"\" class=\"wp-image-172799\" style=\"width:375px;height:auto\" srcset=\"https:\/\/lospoliticosveracruz.com\/wp-content\/uploads\/2026\/05\/IMG_1092.png 640w, https:\/\/lospoliticosveracruz.com\/wp-content\/uploads\/2026\/05\/IMG_1092-300x281.png 300w, https:\/\/lospoliticosveracruz.com\/wp-content\/uploads\/2026\/05\/IMG_1092-448x420.png 448w, https:\/\/lospoliticosveracruz.com\/wp-content\/uploads\/2026\/05\/IMG_1092-150x141.png 150w\" sizes=\"auto, (max-width: 640px) 100vw, 640px\" \/><\/a><\/figure>\n<\/div>\n\n\n<p><strong>Jos\u00e9 Luis Ortega Vidal<\/strong><br><em>Claroscuros<\/em><\/p>\n\n\n\n<p class=\"dropcapp1\">Ahora observemos los rel\u00e1mpagos pol\u00edticos de agosto 2026 desde una perspectiva inductiva; esto es desde lo particular a lo general.<br>M\u00e9xico cuenta con 2478 wunidades pol\u00edtico administrativas, es decir: 2462 municipios a los que se suman 16 demarcaciones territoriales o alcald\u00edas en la Ciudad de M\u00e9xico, nuestra capital (INEGI).<br>Acudo como ejemplo o referente al municipio de Texistepec, en el sur de Veracruz, o en la parte veracruzana del istmo de Tehuantepec que tambi\u00e9n recorre territorio de Oaxaca.<br>(2)<br>En Texistepec desaparecieron los empresarios Jes\u00fas Trujillo Pacheco, Jos\u00e9 Francisco S\u00e1nchez Avenda\u00f1o y Carlos Alberto Bern\u00e1ldez Cartagena; a quienes se les vio por \u00faltima vez el 8 de septiembre del 2025 cuando se dirig\u00edan a supervisar una obra de saneamiento en este municipio.<br>Un dato cultural relevante: en Texistepec se ubica el pueblo de San Lorenzo Tenochtitl\u00e1n, miles de a\u00f1os atr\u00e1s sede de una de las ciudades, capital, y centro regional m\u00e1s antiguo de la cultura Olmeca.<br>(3)<br>El pr\u00f3ximo martes 8 de septiembre se cumplir\u00e1 un a\u00f1o sin recibir noticias sobre el paradero de los empresarios vecinos de Coatzacoalcos, Veracruz; ciudad y puerto que sumado a su s\u00edmil de Salina Cruz, Oaxaca, da vida al Corredor Interoce\u00e1nico del Istmo de Tehuantepec (CIIT), uno de los cuatro megaproyectos de la 4T o Cuarta Transformaci\u00f3n.<br>Nos encontramos, entonces, de cara a un grave hecho de violencia (posible privaci\u00f3n de la vida, de la libertad o secuestro) ocurrido entre los municipios que unen v\u00eda terrestre los oc\u00e9anos Atl\u00e1ntico y Pac\u00edfico.<br>El caso de los tres empresarios desaparecidos no es el \u00fanico ni en Texistepec ni en el sur de Veracruz, ni en la entidad.<br>El estado de Veracruz padece 6 mil 690 desaparecidos, con corte al 16 de mayo del 2026, seg\u00fan Red Lupa.<br>(4)<br>Como referencia, producto del trabajo reporteril, puedo compartir datos dolorosos que no pasan de hip\u00f3tesis policiacas:<br>El pasado 5 de febrero fue encontrada una fosa clandestina en la rancher\u00eda Cocuital, municipio de J\u00e1ltipan, Veracruz.<br>En el lugar la Fiscal\u00eda encontr\u00f3 restos de unas veinte -o poco m\u00e1s- personas.<br>Paulatinamente se han procesado los restos humanos para dar con sus identidades.<br>La cifra de positivos, a partir de pruebas cient\u00edficas como la vinculaci\u00f3n familiar v\u00eda ADN, no rebasa una decena.<br>Una fuente oficial expres\u00f3 de forma extraoficial la posibilidad de que ah\u00ed pudieron haber terminado las vidas de los tres empresarios coatzacoalquenses.<br>La versi\u00f3n positiva o negativa al respecto, sigue en inhumana lista de espera.<br>(5)<br>Desde el a\u00f1o 2022, Texistepec pertenece al XIV Distrito Federal con cabecera en Minatitl\u00e1n, Veracruz, representado por la legisladora morenista Jessica Ram\u00edrez Cisneros; ex diputada local cuya identificaci\u00f3n pol\u00edtica la vincula a Sergio Guti\u00e9rrez Luna.<br>Guti\u00e9rrez Luna es un pol\u00edtico veracruzano nativo de Minatitl\u00e1n cuya carrera en el sector p\u00fablico incluye su paso por gobiernos del Partido Acci\u00f3n Nacional y finalmente de MORENA, cuya bandera le ha permitido ser diputado federal durante tres legislaturas continuas: la LXIV, la LXV y la actual, LXVI.<br>La primera ocasi\u00f3n que lleg\u00f3 a una curul en San L\u00e1zaro, Sergio Guti\u00e9rrez ocup\u00f3 el lugar del titular Horacio Duarte Olivares, luego de que el mexiquense se sumara como Subsecretario de Trabajo en el gabinete del expresidente Andr\u00e9s Manuel L\u00f3pez Obrador.<br>Actualmente, Duarte Olivares es secretario General de Gobierno en el Estado de M\u00e9xico gobernado por la maestra Delfina G\u00f3mez \u00c1lvarez.<br>Durante el 2024, el pol\u00edtico sin presencia en el servicio p\u00fablico de su natal Veracruz, compiti\u00f3 por la candidatura morenista al gobierno local frente a la actual gobernadora Roc\u00edo Nahle Garc\u00eda.<br>Siempre bajo respaldo de Guti\u00e9rrez Luna, Jessica Ram\u00edrez Cisneros ha sido dos veces diputada local y desde ah\u00ed pas\u00f3 a legisladora federal; ubic\u00e1ndose como aspirante fija a la candidatura por la alcald\u00eda de Minatitl\u00e1n.<br>Etc\u00e9tera.<br>(6)<br>Las carreras y contactos de estos personajes son irrelevantes respecto al servicio p\u00fablico en territorio veracruzano; solo han sido aludidas para efectos de contextualizar una tesis:<br>Si la presidenta Claudia Sheinbaum se enfrenta a la necesidad estrat\u00e9gica de tomar las riendas de las candidaturas a 17 gubernaturas y 300 curules uninominales en la c\u00e1mara baja del Congreso de la Uni\u00f3n de cara al 2027, no podr\u00e1 lograr su cometido sin un mapa multifactorial y multidisciplinario que defina cada distrito.<br>Es el caso del Distrito Federal XIV de Minatitl\u00e1n, que incluye al municipio de Texistepec, sumido en una espiral de violencia que lleva varios a\u00f1os sin freno y donde personajes como Jessica Ram\u00edrez Cisneros y su padrino Sergio Guti\u00e9rrez Luna no se paran nunca, ni lo atienden y -me atrevo a suponer- tampoco lo entienden, porque ni lo conocen.<br>(7)<br>Sheinbaum Pardo no solo enfrenta y enfrentar\u00e1 al poder del expresidente AMLO que busca y buscar\u00e1 controlar la mayor parte del escenario de poder a disputarse durante los comicios del a\u00f1o pr\u00f3ximo.<br>La presidenta tambi\u00e9n topar\u00e1 contra grupos de poder enquistados dentro de MORENA que no le son fieles a ella ni al compromiso ideol\u00f3gico de \u201cprimero los pobres\u201d, \u201cel pueblo sabio manda\u201d, \u201cno mentir, no robar y no traicionar al pueblo\u2026\u201d.<br>Abandonar a las poblaciones solo visitadas para pedir el voto y no pararse en ellas una vez cobrada la primera quincena, es una forma c\u00ednica de mentir y traicionar a la sociedad.<br>Se trata de un abono grave al c\u00e1ncer de la violencia desde el abandono de la responsabilidad y la representaci\u00f3n del Estado.<br>(8)<br>A partir del micro universo pol\u00edtico que representa Texistepec, Veracruz, hasta el universo macro en manos de Claudia Sheinbaum, las perspectivas resultan contrastantes y dial\u00e9cticas.<br>La violencia contra la sociedad civil constituye una realidad que no se mide en cifras grandilocuentes de presunto \u00e9xito en materia de seguridad p\u00fablica.<br>Las tragedias familiares de muertes, ejecuciones y desapariciones son heridas que sangran y duelen sin la existencia de alivio alguno.<br>Frente a ellas tenemos la indolencia de pol\u00edticos y grupos de poder cuyo af\u00e1n de continuar pegados a la rueca del Estado ya se ech\u00f3 a andar antes de arrancar el proceso electoral 2026-2027\u2026<br>Contra esa cruda realidad tambi\u00e9n debe luchar la presidenta Claudia.<br>(9)<br>He aqu\u00ed otros detalles de los rel\u00e1mpagos pol\u00edticos de agosto.<\/p>\n","protected":false},"excerpt":{"rendered":"<p>Jos\u00e9 Luis Ortega VidalClaroscuros Ahora observemos los rel\u00e1mpagos pol\u00edticos de agosto 2026 desde una perspectiva inductiva; esto es desde lo particular a lo general.M\u00e9xico cuenta con 2478 wunidades pol\u00edtico administrativas, es decir: 2462 municipios a los que se suman 16 demarcaciones territoriales o alcald\u00edas en la Ciudad de M\u00e9xico, nuestra capital (INEGI).Acudo como ejemplo o [&hellip;]<\/p>\n","protected":false},"author":2,"featured_media":141392,"comment_status":"closed","ping_status":"closed","sticky":false,"template":"","format":"standard","meta":{"tdm_status":"","tdm_grid_status":"","footnotes":""},"categories":[70],"tags":[3795,9627,21079,13448,70959,70960,2769,16147,35236],"class_list":{"0":"post-179724","1":"post","2":"type-post","3":"status-publish","4":"format-standard","5":"has-post-thumbnail","7":"category-de-opinion","8":"tag-ciudad-de-mexico","9":"tag-claudia-sheinbaum","10":"tag-istmo-de-tehuantepec","11":"tag-jessica-ramirez-cisneros","12":"tag-jesus-trujillo-pacheco","13":"tag-jose-francisco-sanchez-avendano-y-carlos-alberto-bernaldez-cartagena","14":"tag-jose-luis-ortega-vidal","15":"tag-sergio-gutierrez-luna","16":"tag-texistepec"},"yoast_head":"<!-- This site is optimized with the Yoast SEO plugin v28.1 - https:\/\/yoast.com\/product\/yoast-seo-wordpress\/ -->\n<title>LOS REL\u00c1MPAGOS POL\u00cdTICOS DE AGOSTO II - Los pol\u00edticos Veracruz<\/title>\n<meta name=\"robots\" content=\"index, follow, max-snippet:-1, max-image-preview:large, max-video-preview:-1\" \/>\n<link rel=\"canonical\" href=\"https:\/\/lospoliticosveracruz.com\/?p=179724\" \/>\n<meta property=\"og:locale\" content=\"es_ES\" \/>\n<meta property=\"og:type\" content=\"article\" \/>\n<meta property=\"og:title\" content=\"LOS REL\u00c1MPAGOS POL\u00cdTICOS DE AGOSTO II - Los pol\u00edticos Veracruz\" \/>\n<meta property=\"og:description\" content=\"Jos\u00e9 Luis Ortega VidalClaroscuros Ahora observemos los rel\u00e1mpagos pol\u00edticos de agosto 2026 desde una perspectiva inductiva; esto es desde lo particular a lo general.M\u00e9xico cuenta con 2478 wunidades pol\u00edtico administrativas, es decir: 2462 municipios a los que se suman 16 demarcaciones territoriales o alcald\u00edas en la Ciudad de M\u00e9xico, nuestra capital (INEGI).Acudo como ejemplo o [&hellip;]\" \/>\n<meta property=\"og:url\" content=\"https:\/\/lospoliticosveracruz.com\/?p=179724\" \/>\n<meta property=\"og:site_name\" content=\"Los pol\u00edticos Veracruz\" \/>\n<meta property=\"article:publisher\" content=\"https:\/\/www.facebook.com\/people\/Notimemes-de-los-Polticos\/61565672886568\/\" \/>\n<meta property=\"article:published_time\" content=\"2026-09-01T11:10:54+00:00\" \/>\n<meta property=\"article:modified_time\" content=\"2026-09-01T11:10:56+00:00\" \/>\n<meta property=\"og:image\" content=\"https:\/\/lospoliticosveracruz.com\/wp-content\/uploads\/2025\/04\/Jose-Luis-Ortega-Vidal.jpg\" \/>\n\t<meta property=\"og:image:width\" content=\"1250\" \/>\n\t<meta property=\"og:image:height\" content=\"667\" \/>\n\t<meta property=\"og:image:type\" content=\"image\/jpeg\" \/>\n<meta name=\"author\" content=\"Lo viste en Los Pol\u00edticos\" \/>\n<meta name=\"twitter:card\" content=\"summary_large_image\" \/>\n<meta name=\"twitter:creator\" content=\"@LosPoliticosVer\" \/>\n<meta name=\"twitter:site\" content=\"@LosPoliticosVer\" \/>\n<meta name=\"twitter:label1\" content=\"Escrito por\" \/>\n\t<meta name=\"twitter:data1\" content=\"Lo viste en Los Pol\u00edticos\" \/>\n\t<meta name=\"twitter:label2\" content=\"Tiempo de lectura\" \/>\n\t<meta name=\"twitter:data2\" content=\"6 minutos\" \/>\n<script type=\"application\/ld+json\" class=\"yoast-schema-graph\">{\"@context\":\"https:\\\/\\\/schema.org\",\"@graph\":[{\"@type\":\"Article\",\"@id\":\"https:\\\/\\\/lospoliticosveracruz.com\\\/?p=179724#article\",\"isPartOf\":{\"@id\":\"https:\\\/\\\/lospoliticosveracruz.com\\\/?p=179724\"},\"author\":{\"name\":\"Lo viste en Los Pol\u00edticos\",\"@id\":\"https:\\\/\\\/lospoliticosveracruz.com\\\/#\\\/schema\\\/person\\\/b8702bb0e538456e6efd07080bf2a4a2\"},\"headline\":\"LOS REL\u00c1MPAGOS POL\u00cdTICOS DE AGOSTO II\",\"datePublished\":\"2026-09-01T11:10:54+00:00\",\"dateModified\":\"2026-09-01T11:10:56+00:00\",\"mainEntityOfPage\":{\"@id\":\"https:\\\/\\\/lospoliticosveracruz.com\\\/?p=179724\"},\"wordCount\":1083,\"publisher\":{\"@id\":\"https:\\\/\\\/lospoliticosveracruz.com\\\/#organization\"},\"image\":{\"@id\":\"https:\\\/\\\/lospoliticosveracruz.com\\\/?p=179724#primaryimage\"},\"thumbnailUrl\":\"https:\\\/\\\/lospoliticosveracruz.com\\\/wp-content\\\/uploads\\\/2025\\\/04\\\/Jose-Luis-Ortega-Vidal.jpg\",\"keywords\":[\"Ciudad de M\u00e9xico\",\"Claudia Sheinbaum\",\"Istmo de Tehuantepec\",\"Jessica Ram\u00edrez Cisneros\",\"Jes\u00fas Trujillo Pacheco\",\"Jos\u00e9 Francisco S\u00e1nchez Avenda\u00f1o y Carlos Alberto Bern\u00e1ldez Cartagena\",\"Jos\u00e9 Luis Ortega Vidal\",\"Sergio Guti\u00e9rrez Luna\",\"Texistepec\"],\"articleSection\":[\"De Opini\u00f3n\"],\"inLanguage\":\"es\"},{\"@type\":\"WebPage\",\"@id\":\"https:\\\/\\\/lospoliticosveracruz.com\\\/?p=179724\",\"url\":\"https:\\\/\\\/lospoliticosveracruz.com\\\/?p=179724\",\"name\":\"LOS REL\u00c1MPAGOS POL\u00cdTICOS DE AGOSTO II - Los pol\u00edticos Veracruz\",\"isPartOf\":{\"@id\":\"https:\\\/\\\/lospoliticosveracruz.com\\\/#website\"},\"primaryImageOfPage\":{\"@id\":\"https:\\\/\\\/lospoliticosveracruz.com\\\/?p=179724#primaryimage\"},\"image\":{\"@id\":\"https:\\\/\\\/lospoliticosveracruz.com\\\/?p=179724#primaryimage\"},\"thumbnailUrl\":\"https:\\\/\\\/lospoliticosveracruz.com\\\/wp-content\\\/uploads\\\/2025\\\/04\\\/Jose-Luis-Ortega-Vidal.jpg\",\"datePublished\":\"2026-09-01T11:10:54+00:00\",\"dateModified\":\"2026-09-01T11:10:56+00:00\",\"breadcrumb\":{\"@id\":\"https:\\\/\\\/lospoliticosveracruz.com\\\/?p=179724#breadcrumb\"},\"inLanguage\":\"es\",\"potentialAction\":[{\"@type\":\"ReadAction\",\"target\":[\"https:\\\/\\\/lospoliticosveracruz.com\\\/?p=179724\"]}]},{\"@type\":\"ImageObject\",\"inLanguage\":\"es\",\"@id\":\"https:\\\/\\\/lospoliticosveracruz.com\\\/?p=179724#primaryimage\",\"url\":\"https:\\\/\\\/lospoliticosveracruz.com\\\/wp-content\\\/uploads\\\/2025\\\/04\\\/Jose-Luis-Ortega-Vidal.jpg\",\"contentUrl\":\"https:\\\/\\\/lospoliticosveracruz.com\\\/wp-content\\\/uploads\\\/2025\\\/04\\\/Jose-Luis-Ortega-Vidal.jpg\",\"width\":1250,\"height\":667},{\"@type\":\"BreadcrumbList\",\"@id\":\"https:\\\/\\\/lospoliticosveracruz.com\\\/?p=179724#breadcrumb\",\"itemListElement\":[{\"@type\":\"ListItem\",\"position\":1,\"name\":\"Portada\",\"item\":\"https:\\\/\\\/lospoliticosveracruz.com\\\/\"},{\"@type\":\"ListItem\",\"position\":2,\"name\":\"LOS REL\u00c1MPAGOS POL\u00cdTICOS DE AGOSTO II\"}]},{\"@type\":\"WebSite\",\"@id\":\"https:\\\/\\\/lospoliticosveracruz.com\\\/#website\",\"url\":\"https:\\\/\\\/lospoliticosveracruz.com\\\/\",\"name\":\"Los pol\u00edticos Veracruz\",\"description\":\"\",\"publisher\":{\"@id\":\"https:\\\/\\\/lospoliticosveracruz.com\\\/#organization\"},\"potentialAction\":[{\"@type\":\"SearchAction\",\"target\":{\"@type\":\"EntryPoint\",\"urlTemplate\":\"https:\\\/\\\/lospoliticosveracruz.com\\\/?s={search_term_string}\"},\"query-input\":{\"@type\":\"PropertyValueSpecification\",\"valueRequired\":true,\"valueName\":\"search_term_string\"}}],\"inLanguage\":\"es\"},{\"@type\":\"Organization\",\"@id\":\"https:\\\/\\\/lospoliticosveracruz.com\\\/#organization\",\"name\":\"Los pol\u00edticos Veracruz\",\"url\":\"https:\\\/\\\/lospoliticosveracruz.com\\\/\",\"logo\":{\"@type\":\"ImageObject\",\"inLanguage\":\"es\",\"@id\":\"https:\\\/\\\/lospoliticosveracruz.com\\\/#\\\/schema\\\/logo\\\/image\\\/\",\"url\":\"https:\\\/\\\/lospoliticosveracruz.com\\\/wp-content\\\/uploads\\\/2025\\\/12\\\/Logo-Nuevo-LOS-POLITICOS-1.jpg\",\"contentUrl\":\"https:\\\/\\\/lospoliticosveracruz.com\\\/wp-content\\\/uploads\\\/2025\\\/12\\\/Logo-Nuevo-LOS-POLITICOS-1.jpg\",\"width\":260,\"height\":70,\"caption\":\"Los pol\u00edticos Veracruz\"},\"image\":{\"@id\":\"https:\\\/\\\/lospoliticosveracruz.com\\\/#\\\/schema\\\/logo\\\/image\\\/\"},\"sameAs\":[\"https:\\\/\\\/www.facebook.com\\\/people\\\/Notimemes-de-los-Polticos\\\/61565672886568\\\/\",\"https:\\\/\\\/x.com\\\/LosPoliticosVer\"]},{\"@type\":\"Person\",\"@id\":\"https:\\\/\\\/lospoliticosveracruz.com\\\/#\\\/schema\\\/person\\\/b8702bb0e538456e6efd07080bf2a4a2\",\"name\":\"Lo viste en Los Pol\u00edticos\",\"image\":{\"@type\":\"ImageObject\",\"inLanguage\":\"es\",\"@id\":\"https:\\\/\\\/secure.gravatar.com\\\/avatar\\\/3a8de04a2656d44082be478bd6c086daa447c4651605818287b9532d3d0bd435?s=96&d=mm&r=g\",\"url\":\"https:\\\/\\\/secure.gravatar.com\\\/avatar\\\/3a8de04a2656d44082be478bd6c086daa447c4651605818287b9532d3d0bd435?s=96&d=mm&r=g\",\"contentUrl\":\"https:\\\/\\\/secure.gravatar.com\\\/avatar\\\/3a8de04a2656d44082be478bd6c086daa447c4651605818287b9532d3d0bd435?s=96&d=mm&r=g\",\"caption\":\"Lo viste en Los Pol\u00edticos\"},\"url\":\"https:\\\/\\\/lospoliticosveracruz.com\\\/?author=2\"}]}<\/script>\n<!-- \/ Yoast SEO plugin. -->","yoast_head_json":{"title":"LOS REL\u00c1MPAGOS POL\u00cdTICOS DE AGOSTO II - Los pol\u00edticos Veracruz","robots":{"index":"index","follow":"follow","max-snippet":"max-snippet:-1","max-image-preview":"max-image-preview:large","max-video-preview":"max-video-preview:-1"},"canonical":"https:\/\/lospoliticosveracruz.com\/?p=179724","og_locale":"es_ES","og_type":"article","og_title":"LOS REL\u00c1MPAGOS POL\u00cdTICOS DE AGOSTO II - Los pol\u00edticos Veracruz","og_description":"Jos\u00e9 Luis Ortega VidalClaroscuros Ahora observemos los rel\u00e1mpagos pol\u00edticos de agosto 2026 desde una perspectiva inductiva; esto es desde lo particular a lo general.M\u00e9xico cuenta con 2478 wunidades pol\u00edtico administrativas, es decir: 2462 municipios a los que se suman 16 demarcaciones territoriales o alcald\u00edas en la Ciudad de M\u00e9xico, nuestra capital (INEGI).Acudo como ejemplo o [&hellip;]","og_url":"https:\/\/lospoliticosveracruz.com\/?p=179724","og_site_name":"Los pol\u00edticos Veracruz","article_publisher":"https:\/\/www.facebook.com\/people\/Notimemes-de-los-Polticos\/61565672886568\/","article_published_time":"2026-09-01T11:10:54+00:00","article_modified_time":"2026-09-01T11:10:56+00:00","og_image":[{"width":1250,"height":667,"url":"https:\/\/lospoliticosveracruz.com\/wp-content\/uploads\/2025\/04\/Jose-Luis-Ortega-Vidal.jpg","type":"image\/jpeg"}],"author":"Lo viste en Los Pol\u00edticos","twitter_card":"summary_large_image","twitter_creator":"@LosPoliticosVer","twitter_site":"@LosPoliticosVer","twitter_misc":{"Escrito por":"Lo viste en Los Pol\u00edticos","Tiempo de lectura":"6 minutos"},"schema":{"@context":"https:\/\/schema.org","@graph":[{"@type":"Article","@id":"https:\/\/lospoliticosveracruz.com\/?p=179724#article","isPartOf":{"@id":"https:\/\/lospoliticosveracruz.com\/?p=179724"},"author":{"name":"Lo viste en Los Pol\u00edticos","@id":"https:\/\/lospoliticosveracruz.com\/#\/schema\/person\/b8702bb0e538456e6efd07080bf2a4a2"},"headline":"LOS REL\u00c1MPAGOS POL\u00cdTICOS DE AGOSTO II","datePublished":"2026-09-01T11:10:54+00:00","dateModified":"2026-09-01T11:10:56+00:00","mainEntityOfPage":{"@id":"https:\/\/lospoliticosveracruz.com\/?p=179724"},"wordCount":1083,"publisher":{"@id":"https:\/\/lospoliticosveracruz.com\/#organization"},"image":{"@id":"https:\/\/lospoliticosveracruz.com\/?p=179724#primaryimage"},"thumbnailUrl":"https:\/\/lospoliticosveracruz.com\/wp-content\/uploads\/2025\/04\/Jose-Luis-Ortega-Vidal.jpg","keywords":["Ciudad de M\u00e9xico","Claudia Sheinbaum","Istmo de Tehuantepec","Jessica Ram\u00edrez Cisneros","Jes\u00fas Trujillo Pacheco","Jos\u00e9 Francisco S\u00e1nchez Avenda\u00f1o y Carlos Alberto Bern\u00e1ldez Cartagena","Jos\u00e9 Luis Ortega Vidal","Sergio Guti\u00e9rrez Luna","Texistepec"],"articleSection":["De Opini\u00f3n"],"inLanguage":"es"},{"@type":"WebPage","@id":"https:\/\/lospoliticosveracruz.com\/?p=179724","url":"https:\/\/lospoliticosveracruz.com\/?p=179724","name":"LOS REL\u00c1MPAGOS POL\u00cdTICOS DE AGOSTO II - Los pol\u00edticos Veracruz","isPartOf":{"@id":"https:\/\/lospoliticosveracruz.com\/#website"},"primaryImageOfPage":{"@id":"https:\/\/lospoliticosveracruz.com\/?p=179724#primaryimage"},"image":{"@id":"https:\/\/lospoliticosveracruz.com\/?p=179724#primaryimage"},"thumbnailUrl":"https:\/\/lospoliticosveracruz.com\/wp-content\/uploads\/2025\/04\/Jose-Luis-Ortega-Vidal.jpg","datePublished":"2026-09-01T11:10:54+00:00","dateModified":"2026-09-01T11:10:56+00:00","breadcrumb":{"@id":"https:\/\/lospoliticosveracruz.com\/?p=179724#breadcrumb"},"inLanguage":"es","potentialAction":[{"@type":"ReadAction","target":["https:\/\/lospoliticosveracruz.com\/?p=179724"]}]},{"@type":"ImageObject","inLanguage":"es","@id":"https:\/\/lospoliticosveracruz.com\/?p=179724#primaryimage","url":"https:\/\/lospoliticosveracruz.com\/wp-content\/uploads\/2025\/04\/Jose-Luis-Ortega-Vidal.jpg","contentUrl":"https:\/\/lospoliticosveracruz.com\/wp-content\/uploads\/2025\/04\/Jose-Luis-Ortega-Vidal.jpg","width":1250,"height":667},{"@type":"BreadcrumbList","@id":"https:\/\/lospoliticosveracruz.com\/?p=179724#breadcrumb","itemListElement":[{"@type":"ListItem","position":1,"name":"Portada","item":"https:\/\/lospoliticosveracruz.com\/"},{"@type":"ListItem","position":2,"name":"LOS REL\u00c1MPAGOS POL\u00cdTICOS DE AGOSTO II"}]},{"@type":"WebSite","@id":"https:\/\/lospoliticosveracruz.com\/#website","url":"https:\/\/lospoliticosveracruz.com\/","name":"Los pol\u00edticos Veracruz","description":"","publisher":{"@id":"https:\/\/lospoliticosveracruz.com\/#organization"},"potentialAction":[{"@type":"SearchAction","target":{"@type":"EntryPoint","urlTemplate":"https:\/\/lospoliticosveracruz.com\/?s={search_term_string}"},"query-input":{"@type":"PropertyValueSpecification","valueRequired":true,"valueName":"search_term_string"}}],"inLanguage":"es"},{"@type":"Organization","@id":"https:\/\/lospoliticosveracruz.com\/#organization","name":"Los pol\u00edticos Veracruz","url":"https:\/\/lospoliticosveracruz.com\/","logo":{"@type":"ImageObject","inLanguage":"es","@id":"https:\/\/lospoliticosveracruz.com\/#\/schema\/logo\/image\/","url":"https:\/\/lospoliticosveracruz.com\/wp-content\/uploads\/2025\/12\/Logo-Nuevo-LOS-POLITICOS-1.jpg","contentUrl":"https:\/\/lospoliticosveracruz.com\/wp-content\/uploads\/2025\/12\/Logo-Nuevo-LOS-POLITICOS-1.jpg","width":260,"height":70,"caption":"Los pol\u00edticos Veracruz"},"image":{"@id":"https:\/\/lospoliticosveracruz.com\/#\/schema\/logo\/image\/"},"sameAs":["https:\/\/www.facebook.com\/people\/Notimemes-de-los-Polticos\/61565672886568\/","https:\/\/x.com\/LosPoliticosVer"]},{"@type":"Person","@id":"https:\/\/lospoliticosveracruz.com\/#\/schema\/person\/b8702bb0e538456e6efd07080bf2a4a2","name":"Lo viste en Los Pol\u00edticos","image":{"@type":"ImageObject","inLanguage":"es","@id":"https:\/\/secure.gravatar.com\/avatar\/3a8de04a2656d44082be478bd6c086daa447c4651605818287b9532d3d0bd435?s=96&d=mm&r=g","url":"https:\/\/secure.gravatar.com\/avatar\/3a8de04a2656d44082be478bd6c086daa447c4651605818287b9532d3d0bd435?s=96&d=mm&r=g","contentUrl":"https:\/\/secure.gravatar.com\/avatar\/3a8de04a2656d44082be478bd6c086daa447c4651605818287b9532d3d0bd435?s=96&d=mm&r=g","caption":"Lo viste en Los Pol\u00edticos"},"url":"https:\/\/lospoliticosveracruz.com\/?author=2"}]}},"_links":{"self":[{"href":"https:\/\/lospoliticosveracruz.com\/index.php?rest_route=\/wp\/v2\/posts\/179724","targetHints":{"allow":["GET"]}}],"collection":[{"href":"https:\/\/lospoliticosveracruz.com\/index.php?rest_route=\/wp\/v2\/posts"}],"about":[{"href":"https:\/\/lospoliticosveracruz.com\/index.php?rest_route=\/wp\/v2\/types\/post"}],"author":[{"embeddable":true,"href":"https:\/\/lospoliticosveracruz.com\/index.php?rest_route=\/wp\/v2\/users\/2"}],"replies":[{"embeddable":true,"href":"https:\/\/lospoliticosveracruz.com\/index.php?rest_route=%2Fwp%2Fv2%2Fcomments&post=179724"}],"version-history":[{"count":1,"href":"https:\/\/lospoliticosveracruz.com\/index.php?rest_route=\/wp\/v2\/posts\/179724\/revisions"}],"predecessor-version":[{"id":179725,"href":"https:\/\/lospoliticosveracruz.com\/index.php?rest_route=\/wp\/v2\/posts\/179724\/revisions\/179725"}],"wp:featuredmedia":[{"embeddable":true,"href":"https:\/\/lospoliticosveracruz.com\/index.php?rest_route=\/wp\/v2\/media\/141392"}],"wp:attachment":[{"href":"https:\/\/lospoliticosveracruz.com\/index.php?rest_route=%2Fwp%2Fv2%2Fmedia&parent=179724"}],"wp:term":[{"taxonomy":"category","embeddable":true,"href":"https:\/\/lospoliticosveracruz.com\/index.php?rest_route=%2Fwp%2Fv2%2Fcategories&post=179724"},{"taxonomy":"post_tag","embeddable":true,"href":"https:\/\/lospoliticosveracruz.com\/index.php?rest_route=%2Fwp%2Fv2%2Ftags&post=179724"}],"curies":[{"name":"wp","href":"https:\/\/api.w.org\/{rel}","templated":true}]}}