{"id":179728,"date":"2026-09-01T06:05:57","date_gmt":"2026-09-01T12:05:57","guid":{"rendered":"https:\/\/lospoliticosveracruz.com\/?p=179728"},"modified":"2026-09-01T06:05:59","modified_gmt":"2026-09-01T12:05:59","slug":"el-pacto-que-se-cumple","status":"publish","type":"post","link":"https:\/\/lospoliticosveracruz.com\/?p=179728","title":{"rendered":"EL PACTO QUE SE CUMPLE"},"content":{"rendered":"<div class=\"wp-block-image\">\n<figure class=\"alignleft size-full is-resized\"><a href=\"https:\/\/lospoliticosveracruz.com\/wp-content\/uploads\/2026\/05\/IMG_1092.png\"><img loading=\"lazy\" decoding=\"async\" width=\"640\" height=\"600\" src=\"https:\/\/lospoliticosveracruz.com\/wp-content\/uploads\/2026\/05\/IMG_1092.png\" alt=\"\" class=\"wp-image-172799\" style=\"width:375px;height:auto\" srcset=\"https:\/\/lospoliticosveracruz.com\/wp-content\/uploads\/2026\/05\/IMG_1092.png 640w, https:\/\/lospoliticosveracruz.com\/wp-content\/uploads\/2026\/05\/IMG_1092-300x281.png 300w, https:\/\/lospoliticosveracruz.com\/wp-content\/uploads\/2026\/05\/IMG_1092-448x420.png 448w, https:\/\/lospoliticosveracruz.com\/wp-content\/uploads\/2026\/05\/IMG_1092-150x141.png 150w\" sizes=\"auto, (max-width: 640px) 100vw, 640px\" \/><\/a><\/figure>\n<\/div>\n\n\n<p><strong>Omar Z\u00fa\u00f1iga\u00a0<\/strong><br><em>De Primera Mano<\/em><\/p>\n\n\n\n<p class=\"dropcapp1\">De diversas fuentes nos llega la misma informaci\u00f3n, y coincide en lo esencial:&nbsp;<strong>Mart\u00edn Aguilar&nbsp;<\/strong><strong>S\u00e1nchez,&nbsp;<\/strong><strong>martincito<\/strong><strong>&nbsp;el espurio<\/strong>, dejar\u00eda la Rector\u00eda de la Universidad Veracruzana poco despu\u00e9s de rendir su informe \u00bfde trabajo?, que para efectos ser\u00eda el \u201cInforme Espurio\u201d.<\/p>\n\n\n\n<p>El dato, cierra de golpe el cap\u00edtulo de la pr\u00f3rroga que tanto le cost\u00f3 a la comunidad universitaria \u2014amparos, protestas, renuncias en cascada dentro de la propia Junta de Gobierno\u2014 y abre, apenas unos meses despu\u00e9s de haberla conseguido, el de la sucesi\u00f3n.<\/p>\n\n\n\n<p>Porque no se trata de una salida cualquiera, se nos hace saber que la Junta de Gobierno ya analiza, puertas adentro, las opciones para relevarlo, y que el nombre que concentra el consenso es el de&nbsp;<strong>Jaqueline del Carmen&nbsp;<\/strong><strong>Jongitud<\/strong><strong>&nbsp;Zamora<\/strong>, quien de hecho ya estar\u00eda invitando a algunos perfiles a sumarse a su futuro equipo de trabajo.&nbsp;<\/p>\n\n\n\n<p>Es decir, se mueve como quien ya tiene la Rector\u00eda resuelta, no como quien todav\u00eda la disputa.<\/p>\n\n\n\n<p>Con esto se confirma una de las hip\u00f3tesis que manejamos en este espacio meses atr\u00e1s: que el pacto entre&nbsp;<strong>martincito<\/strong><strong>&nbsp;el espurio<\/strong>&nbsp;y&nbsp;<strong>Jaqueline&nbsp;<\/strong><strong>Jongitud<\/strong>&nbsp;consist\u00eda en que \u00e9l permanecer\u00eda s\u00f3lo un a\u00f1o al frente de la Rector\u00eda que \u00e9l toma \u00fanica y exclusivamente para tener jubilarse y tener una pensi\u00f3n para seguir sangrando al erario p\u00fablico y&nbsp;mantener&nbsp;el tren de vida de reyezuelo al que se acostumbr\u00f3 y por supuesto se confirma tambi\u00e9n que la realidad acad\u00e9mica de la&nbsp;UV le importa un carajo.<\/p>\n\n\n\n<p>Despu\u00e9s renunciar\u00eda y le abre la puerta a&nbsp;Jaqui, como pago al respaldo que&nbsp;Jongitud&nbsp;le brind\u00f3 en todo el proceso de la pr\u00f3rroga.&nbsp;<\/p>\n\n\n\n<p>Si la salida efectivamente ocurre tras el informe, el calendario del pacto se cumple casi al d\u00eda.<\/p>\n\n\n\n<p>***<\/p>\n\n\n\n<p>Y ella s\u00ed tiene el respaldo de la Junta de Gobierno, que vendr\u00eda v\u00eda su esposo,&nbsp;<strong>Jos\u00e9 Antonio&nbsp;<\/strong><strong>Seade<\/strong><strong>&nbsp;Kuri<\/strong>, presidente de la Academia de Ciencias y hermano de&nbsp;<strong>Jes\u00fas&nbsp;<\/strong><strong>Seade<\/strong><strong>&nbsp;Kuri<\/strong>, hoy embajador de M\u00e9xico en China y, en tiempos de la administraci\u00f3n de L\u00f3pez Obrador&nbsp;el&nbsp;<strong><em>Ner\u00f3n de Macuspana<\/em><\/strong>, negociador en jefe del entonces renovado tratado comercial con Estados Unidos y Canad\u00e1.&nbsp;<\/p>\n\n\n\n<p>Vale recordar que Jos\u00e9 Antonio&nbsp;Seade&nbsp;Kuri fue integrante de aquella Junta de Gobierno que en 2021 design\u00f3 a&nbsp;<strong><em>martincito<\/em><\/strong><strong><em>&nbsp;el espurio<\/em><\/strong>&nbsp;como rector, y que seg\u00fan lo que trasciende, se apart\u00f3 despu\u00e9s de ese \u00f3rgano colegiado alegando conflicto de inter\u00e9s.&nbsp;<\/p>\n\n\n\n<p>Del lado de&nbsp;<strong>Jaqueline&nbsp;<\/strong><strong>Jongitud<\/strong>, el movimiento tambi\u00e9n qued\u00f3 documentado en su momento, renunci\u00f3 como secretaria de Desarrollo Institucional de la UV a finales de febrero de este a\u00f1o, oficialmente por \u201ccausas desconocidas\u201d, apenas conocido el&nbsp;desechamiento&nbsp;de los amparos que buscaban tumbar a&nbsp;<strong>martincito<\/strong><strong>&nbsp;el espurio<\/strong>.&nbsp;<\/p>\n\n\n\n<p>En su momento le\u00edmos esa renuncia como un intento de marcar distancia del desgaste que ya arrastraba la gesti\u00f3n del espurio y hoy, con la sucesi\u00f3n movi\u00e9ndose a su favor, esa lectura gana sentido, quien se retira a tiempo del escenario m\u00e1s golpeado es quien mejor puede regresar a reclamar la herencia.<\/p>\n\n\n\n<p>***<\/p>\n\n\n\n<p>Habr\u00e1 que ver si la comunidad universitaria \u2014la que se moviliz\u00f3 contra la pr\u00f3rroga, la que interpuso amparos, la que vio renunciar a media Junta de Gobierno por el mismo motivo\u2014 acepta sin m\u00e1s este segundo acto: el de una sucesi\u00f3n que, de confirmarse, no habr\u00eda nacido de un proceso abierto, sino de un acuerdo cerrado meses antes entre quien se iba y quien ya armaba su equipo para sucederlo.<\/p>\n\n\n\n<p>\u00a1Qu\u00e9 barbaridad!<\/p>\n\n\n\n<p>d<a><\/a>eprimera.mano2020@gmail.com<\/p>\n\n\n\n<p><\/p>\n","protected":false},"excerpt":{"rendered":"<p>Omar Z\u00fa\u00f1iga\u00a0De Primera Mano De diversas fuentes nos llega la misma informaci\u00f3n, y coincide en lo esencial:&nbsp;Mart\u00edn Aguilar&nbsp;S\u00e1nchez,&nbsp;martincito&nbsp;el espurio, dejar\u00eda la Rector\u00eda de la Universidad Veracruzana poco despu\u00e9s de rendir su informe \u00bfde trabajo?, que para efectos ser\u00eda el \u201cInforme Espurio\u201d. El dato, cierra de golpe el cap\u00edtulo de la pr\u00f3rroga que tanto le cost\u00f3 [&hellip;]<\/p>\n","protected":false},"author":2,"featured_media":141427,"comment_status":"closed","ping_status":"closed","sticky":false,"template":"","format":"standard","meta":{"tdm_status":"","tdm_grid_status":"","footnotes":""},"categories":[70],"tags":[32258,70962,70961,29146,28705,219],"class_list":{"0":"post-179728","1":"post","2":"type-post","3":"status-publish","4":"format-standard","5":"has-post-thumbnail","7":"category-de-opinion","8":"tag-jaqueline-del-carmen-jongitud-zamora","9":"tag-jesus-seade-kuri","10":"tag-jose-antonio-seade-kuri","11":"tag-martin-aguilar-sanchez-2","12":"tag-omar-zuniga","13":"tag-universidad-veracruzana"},"yoast_head":"<!-- This site is optimized with the Yoast SEO plugin v28.1 - https:\/\/yoast.com\/product\/yoast-seo-wordpress\/ -->\n<title>EL PACTO QUE SE CUMPLE - Los pol\u00edticos Veracruz<\/title>\n<meta name=\"robots\" content=\"index, follow, max-snippet:-1, max-image-preview:large, max-video-preview:-1\" \/>\n<link rel=\"canonical\" href=\"https:\/\/lospoliticosveracruz.com\/?p=179728\" \/>\n<meta property=\"og:locale\" content=\"es_ES\" \/>\n<meta property=\"og:type\" content=\"article\" \/>\n<meta property=\"og:title\" content=\"EL PACTO QUE SE CUMPLE - Los pol\u00edticos Veracruz\" \/>\n<meta property=\"og:description\" content=\"Omar Z\u00fa\u00f1iga\u00a0De Primera Mano De diversas fuentes nos llega la misma informaci\u00f3n, y coincide en lo esencial:&nbsp;Mart\u00edn Aguilar&nbsp;S\u00e1nchez,&nbsp;martincito&nbsp;el espurio, dejar\u00eda la Rector\u00eda de la Universidad Veracruzana poco despu\u00e9s de rendir su informe \u00bfde trabajo?, que para efectos ser\u00eda el \u201cInforme Espurio\u201d. El dato, cierra de golpe el cap\u00edtulo de la pr\u00f3rroga que tanto le cost\u00f3 [&hellip;]\" \/>\n<meta property=\"og:url\" content=\"https:\/\/lospoliticosveracruz.com\/?p=179728\" \/>\n<meta property=\"og:site_name\" content=\"Los pol\u00edticos Veracruz\" \/>\n<meta property=\"article:publisher\" content=\"https:\/\/www.facebook.com\/people\/Notimemes-de-los-Polticos\/61565672886568\/\" \/>\n<meta property=\"article:published_time\" content=\"2026-09-01T12:05:57+00:00\" \/>\n<meta property=\"article:modified_time\" content=\"2026-09-01T12:05:59+00:00\" \/>\n<meta property=\"og:image\" content=\"https:\/\/lospoliticosveracruz.com\/wp-content\/uploads\/2025\/04\/Omar-Zuniga-e1787103094745.jpg\" \/>\n\t<meta property=\"og:image:width\" content=\"600\" \/>\n\t<meta property=\"og:image:height\" content=\"320\" \/>\n\t<meta property=\"og:image:type\" content=\"image\/jpeg\" \/>\n<meta name=\"author\" content=\"Lo viste en Los Pol\u00edticos\" \/>\n<meta name=\"twitter:card\" content=\"summary_large_image\" \/>\n<meta name=\"twitter:creator\" content=\"@LosPoliticosVer\" \/>\n<meta name=\"twitter:site\" content=\"@LosPoliticosVer\" \/>\n<meta name=\"twitter:label1\" content=\"Escrito por\" \/>\n\t<meta name=\"twitter:data1\" content=\"Lo viste en Los Pol\u00edticos\" \/>\n\t<meta name=\"twitter:label2\" content=\"Tiempo de lectura\" \/>\n\t<meta name=\"twitter:data2\" content=\"4 minutos\" \/>\n<script type=\"application\/ld+json\" class=\"yoast-schema-graph\">{\"@context\":\"https:\\\/\\\/schema.org\",\"@graph\":[{\"@type\":\"Article\",\"@id\":\"https:\\\/\\\/lospoliticosveracruz.com\\\/?p=179728#article\",\"isPartOf\":{\"@id\":\"https:\\\/\\\/lospoliticosveracruz.com\\\/?p=179728\"},\"author\":{\"name\":\"Lo viste en Los Pol\u00edticos\",\"@id\":\"https:\\\/\\\/lospoliticosveracruz.com\\\/#\\\/schema\\\/person\\\/b8702bb0e538456e6efd07080bf2a4a2\"},\"headline\":\"EL PACTO QUE SE CUMPLE\",\"datePublished\":\"2026-09-01T12:05:57+00:00\",\"dateModified\":\"2026-09-01T12:05:59+00:00\",\"mainEntityOfPage\":{\"@id\":\"https:\\\/\\\/lospoliticosveracruz.com\\\/?p=179728\"},\"wordCount\":670,\"publisher\":{\"@id\":\"https:\\\/\\\/lospoliticosveracruz.com\\\/#organization\"},\"image\":{\"@id\":\"https:\\\/\\\/lospoliticosveracruz.com\\\/?p=179728#primaryimage\"},\"thumbnailUrl\":\"https:\\\/\\\/lospoliticosveracruz.com\\\/wp-content\\\/uploads\\\/2025\\\/04\\\/Omar-Zuniga-e1787103094745.jpg\",\"keywords\":[\"Jaqueline del Carmen Jongitud Zamora\",\"Jes\u00fas Seade Kuri\",\"Jos\u00e9 Antonio Seade Kuri\",\"Mart\u00edn Aguilar S\u00e1nchez\",\"Omar Z\u00fa\u00f1iga\",\"Universidad Veracruzana\"],\"articleSection\":[\"De Opini\u00f3n\"],\"inLanguage\":\"es\"},{\"@type\":\"WebPage\",\"@id\":\"https:\\\/\\\/lospoliticosveracruz.com\\\/?p=179728\",\"url\":\"https:\\\/\\\/lospoliticosveracruz.com\\\/?p=179728\",\"name\":\"EL PACTO QUE SE CUMPLE - Los pol\u00edticos Veracruz\",\"isPartOf\":{\"@id\":\"https:\\\/\\\/lospoliticosveracruz.com\\\/#website\"},\"primaryImageOfPage\":{\"@id\":\"https:\\\/\\\/lospoliticosveracruz.com\\\/?p=179728#primaryimage\"},\"image\":{\"@id\":\"https:\\\/\\\/lospoliticosveracruz.com\\\/?p=179728#primaryimage\"},\"thumbnailUrl\":\"https:\\\/\\\/lospoliticosveracruz.com\\\/wp-content\\\/uploads\\\/2025\\\/04\\\/Omar-Zuniga-e1787103094745.jpg\",\"datePublished\":\"2026-09-01T12:05:57+00:00\",\"dateModified\":\"2026-09-01T12:05:59+00:00\",\"breadcrumb\":{\"@id\":\"https:\\\/\\\/lospoliticosveracruz.com\\\/?p=179728#breadcrumb\"},\"inLanguage\":\"es\",\"potentialAction\":[{\"@type\":\"ReadAction\",\"target\":[\"https:\\\/\\\/lospoliticosveracruz.com\\\/?p=179728\"]}]},{\"@type\":\"ImageObject\",\"inLanguage\":\"es\",\"@id\":\"https:\\\/\\\/lospoliticosveracruz.com\\\/?p=179728#primaryimage\",\"url\":\"https:\\\/\\\/lospoliticosveracruz.com\\\/wp-content\\\/uploads\\\/2025\\\/04\\\/Omar-Zuniga-e1787103094745.jpg\",\"contentUrl\":\"https:\\\/\\\/lospoliticosveracruz.com\\\/wp-content\\\/uploads\\\/2025\\\/04\\\/Omar-Zuniga-e1787103094745.jpg\",\"width\":600,\"height\":320},{\"@type\":\"BreadcrumbList\",\"@id\":\"https:\\\/\\\/lospoliticosveracruz.com\\\/?p=179728#breadcrumb\",\"itemListElement\":[{\"@type\":\"ListItem\",\"position\":1,\"name\":\"Portada\",\"item\":\"https:\\\/\\\/lospoliticosveracruz.com\\\/\"},{\"@type\":\"ListItem\",\"position\":2,\"name\":\"EL PACTO QUE SE CUMPLE\"}]},{\"@type\":\"WebSite\",\"@id\":\"https:\\\/\\\/lospoliticosveracruz.com\\\/#website\",\"url\":\"https:\\\/\\\/lospoliticosveracruz.com\\\/\",\"name\":\"Los pol\u00edticos Veracruz\",\"description\":\"\",\"publisher\":{\"@id\":\"https:\\\/\\\/lospoliticosveracruz.com\\\/#organization\"},\"potentialAction\":[{\"@type\":\"SearchAction\",\"target\":{\"@type\":\"EntryPoint\",\"urlTemplate\":\"https:\\\/\\\/lospoliticosveracruz.com\\\/?s={search_term_string}\"},\"query-input\":{\"@type\":\"PropertyValueSpecification\",\"valueRequired\":true,\"valueName\":\"search_term_string\"}}],\"inLanguage\":\"es\"},{\"@type\":\"Organization\",\"@id\":\"https:\\\/\\\/lospoliticosveracruz.com\\\/#organization\",\"name\":\"Los pol\u00edticos Veracruz\",\"url\":\"https:\\\/\\\/lospoliticosveracruz.com\\\/\",\"logo\":{\"@type\":\"ImageObject\",\"inLanguage\":\"es\",\"@id\":\"https:\\\/\\\/lospoliticosveracruz.com\\\/#\\\/schema\\\/logo\\\/image\\\/\",\"url\":\"https:\\\/\\\/lospoliticosveracruz.com\\\/wp-content\\\/uploads\\\/2025\\\/12\\\/Logo-Nuevo-LOS-POLITICOS-1.jpg\",\"contentUrl\":\"https:\\\/\\\/lospoliticosveracruz.com\\\/wp-content\\\/uploads\\\/2025\\\/12\\\/Logo-Nuevo-LOS-POLITICOS-1.jpg\",\"width\":260,\"height\":70,\"caption\":\"Los pol\u00edticos Veracruz\"},\"image\":{\"@id\":\"https:\\\/\\\/lospoliticosveracruz.com\\\/#\\\/schema\\\/logo\\\/image\\\/\"},\"sameAs\":[\"https:\\\/\\\/www.facebook.com\\\/people\\\/Notimemes-de-los-Polticos\\\/61565672886568\\\/\",\"https:\\\/\\\/x.com\\\/LosPoliticosVer\"]},{\"@type\":\"Person\",\"@id\":\"https:\\\/\\\/lospoliticosveracruz.com\\\/#\\\/schema\\\/person\\\/b8702bb0e538456e6efd07080bf2a4a2\",\"name\":\"Lo viste en Los Pol\u00edticos\",\"image\":{\"@type\":\"ImageObject\",\"inLanguage\":\"es\",\"@id\":\"https:\\\/\\\/secure.gravatar.com\\\/avatar\\\/3a8de04a2656d44082be478bd6c086daa447c4651605818287b9532d3d0bd435?s=96&d=mm&r=g\",\"url\":\"https:\\\/\\\/secure.gravatar.com\\\/avatar\\\/3a8de04a2656d44082be478bd6c086daa447c4651605818287b9532d3d0bd435?s=96&d=mm&r=g\",\"contentUrl\":\"https:\\\/\\\/secure.gravatar.com\\\/avatar\\\/3a8de04a2656d44082be478bd6c086daa447c4651605818287b9532d3d0bd435?s=96&d=mm&r=g\",\"caption\":\"Lo viste en Los Pol\u00edticos\"},\"url\":\"https:\\\/\\\/lospoliticosveracruz.com\\\/?author=2\"}]}<\/script>\n<!-- \/ Yoast SEO plugin. -->","yoast_head_json":{"title":"EL PACTO QUE SE CUMPLE - Los pol\u00edticos Veracruz","robots":{"index":"index","follow":"follow","max-snippet":"max-snippet:-1","max-image-preview":"max-image-preview:large","max-video-preview":"max-video-preview:-1"},"canonical":"https:\/\/lospoliticosveracruz.com\/?p=179728","og_locale":"es_ES","og_type":"article","og_title":"EL PACTO QUE SE CUMPLE - Los pol\u00edticos Veracruz","og_description":"Omar Z\u00fa\u00f1iga\u00a0De Primera Mano De diversas fuentes nos llega la misma informaci\u00f3n, y coincide en lo esencial:&nbsp;Mart\u00edn Aguilar&nbsp;S\u00e1nchez,&nbsp;martincito&nbsp;el espurio, dejar\u00eda la Rector\u00eda de la Universidad Veracruzana poco despu\u00e9s de rendir su informe \u00bfde trabajo?, que para efectos ser\u00eda el \u201cInforme Espurio\u201d. El dato, cierra de golpe el cap\u00edtulo de la pr\u00f3rroga que tanto le cost\u00f3 [&hellip;]","og_url":"https:\/\/lospoliticosveracruz.com\/?p=179728","og_site_name":"Los pol\u00edticos Veracruz","article_publisher":"https:\/\/www.facebook.com\/people\/Notimemes-de-los-Polticos\/61565672886568\/","article_published_time":"2026-09-01T12:05:57+00:00","article_modified_time":"2026-09-01T12:05:59+00:00","og_image":[{"width":600,"height":320,"url":"https:\/\/lospoliticosveracruz.com\/wp-content\/uploads\/2025\/04\/Omar-Zuniga-e1787103094745.jpg","type":"image\/jpeg"}],"author":"Lo viste en Los Pol\u00edticos","twitter_card":"summary_large_image","twitter_creator":"@LosPoliticosVer","twitter_site":"@LosPoliticosVer","twitter_misc":{"Escrito por":"Lo viste en Los Pol\u00edticos","Tiempo de lectura":"4 minutos"},"schema":{"@context":"https:\/\/schema.org","@graph":[{"@type":"Article","@id":"https:\/\/lospoliticosveracruz.com\/?p=179728#article","isPartOf":{"@id":"https:\/\/lospoliticosveracruz.com\/?p=179728"},"author":{"name":"Lo viste en Los Pol\u00edticos","@id":"https:\/\/lospoliticosveracruz.com\/#\/schema\/person\/b8702bb0e538456e6efd07080bf2a4a2"},"headline":"EL PACTO QUE SE CUMPLE","datePublished":"2026-09-01T12:05:57+00:00","dateModified":"2026-09-01T12:05:59+00:00","mainEntityOfPage":{"@id":"https:\/\/lospoliticosveracruz.com\/?p=179728"},"wordCount":670,"publisher":{"@id":"https:\/\/lospoliticosveracruz.com\/#organization"},"image":{"@id":"https:\/\/lospoliticosveracruz.com\/?p=179728#primaryimage"},"thumbnailUrl":"https:\/\/lospoliticosveracruz.com\/wp-content\/uploads\/2025\/04\/Omar-Zuniga-e1787103094745.jpg","keywords":["Jaqueline del Carmen Jongitud Zamora","Jes\u00fas Seade Kuri","Jos\u00e9 Antonio Seade Kuri","Mart\u00edn Aguilar S\u00e1nchez","Omar Z\u00fa\u00f1iga","Universidad Veracruzana"],"articleSection":["De Opini\u00f3n"],"inLanguage":"es"},{"@type":"WebPage","@id":"https:\/\/lospoliticosveracruz.com\/?p=179728","url":"https:\/\/lospoliticosveracruz.com\/?p=179728","name":"EL PACTO QUE SE CUMPLE - Los pol\u00edticos Veracruz","isPartOf":{"@id":"https:\/\/lospoliticosveracruz.com\/#website"},"primaryImageOfPage":{"@id":"https:\/\/lospoliticosveracruz.com\/?p=179728#primaryimage"},"image":{"@id":"https:\/\/lospoliticosveracruz.com\/?p=179728#primaryimage"},"thumbnailUrl":"https:\/\/lospoliticosveracruz.com\/wp-content\/uploads\/2025\/04\/Omar-Zuniga-e1787103094745.jpg","datePublished":"2026-09-01T12:05:57+00:00","dateModified":"2026-09-01T12:05:59+00:00","breadcrumb":{"@id":"https:\/\/lospoliticosveracruz.com\/?p=179728#breadcrumb"},"inLanguage":"es","potentialAction":[{"@type":"ReadAction","target":["https:\/\/lospoliticosveracruz.com\/?p=179728"]}]},{"@type":"ImageObject","inLanguage":"es","@id":"https:\/\/lospoliticosveracruz.com\/?p=179728#primaryimage","url":"https:\/\/lospoliticosveracruz.com\/wp-content\/uploads\/2025\/04\/Omar-Zuniga-e1787103094745.jpg","contentUrl":"https:\/\/lospoliticosveracruz.com\/wp-content\/uploads\/2025\/04\/Omar-Zuniga-e1787103094745.jpg","width":600,"height":320},{"@type":"BreadcrumbList","@id":"https:\/\/lospoliticosveracruz.com\/?p=179728#breadcrumb","itemListElement":[{"@type":"ListItem","position":1,"name":"Portada","item":"https:\/\/lospoliticosveracruz.com\/"},{"@type":"ListItem","position":2,"name":"EL PACTO QUE SE CUMPLE"}]},{"@type":"WebSite","@id":"https:\/\/lospoliticosveracruz.com\/#website","url":"https:\/\/lospoliticosveracruz.com\/","name":"Los pol\u00edticos Veracruz","description":"","publisher":{"@id":"https:\/\/lospoliticosveracruz.com\/#organization"},"potentialAction":[{"@type":"SearchAction","target":{"@type":"EntryPoint","urlTemplate":"https:\/\/lospoliticosveracruz.com\/?s={search_term_string}"},"query-input":{"@type":"PropertyValueSpecification","valueRequired":true,"valueName":"search_term_string"}}],"inLanguage":"es"},{"@type":"Organization","@id":"https:\/\/lospoliticosveracruz.com\/#organization","name":"Los pol\u00edticos Veracruz","url":"https:\/\/lospoliticosveracruz.com\/","logo":{"@type":"ImageObject","inLanguage":"es","@id":"https:\/\/lospoliticosveracruz.com\/#\/schema\/logo\/image\/","url":"https:\/\/lospoliticosveracruz.com\/wp-content\/uploads\/2025\/12\/Logo-Nuevo-LOS-POLITICOS-1.jpg","contentUrl":"https:\/\/lospoliticosveracruz.com\/wp-content\/uploads\/2025\/12\/Logo-Nuevo-LOS-POLITICOS-1.jpg","width":260,"height":70,"caption":"Los pol\u00edticos Veracruz"},"image":{"@id":"https:\/\/lospoliticosveracruz.com\/#\/schema\/logo\/image\/"},"sameAs":["https:\/\/www.facebook.com\/people\/Notimemes-de-los-Polticos\/61565672886568\/","https:\/\/x.com\/LosPoliticosVer"]},{"@type":"Person","@id":"https:\/\/lospoliticosveracruz.com\/#\/schema\/person\/b8702bb0e538456e6efd07080bf2a4a2","name":"Lo viste en Los Pol\u00edticos","image":{"@type":"ImageObject","inLanguage":"es","@id":"https:\/\/secure.gravatar.com\/avatar\/3a8de04a2656d44082be478bd6c086daa447c4651605818287b9532d3d0bd435?s=96&d=mm&r=g","url":"https:\/\/secure.gravatar.com\/avatar\/3a8de04a2656d44082be478bd6c086daa447c4651605818287b9532d3d0bd435?s=96&d=mm&r=g","contentUrl":"https:\/\/secure.gravatar.com\/avatar\/3a8de04a2656d44082be478bd6c086daa447c4651605818287b9532d3d0bd435?s=96&d=mm&r=g","caption":"Lo viste en Los Pol\u00edticos"},"url":"https:\/\/lospoliticosveracruz.com\/?author=2"}]}},"_links":{"self":[{"href":"https:\/\/lospoliticosveracruz.com\/index.php?rest_route=\/wp\/v2\/posts\/179728","targetHints":{"allow":["GET"]}}],"collection":[{"href":"https:\/\/lospoliticosveracruz.com\/index.php?rest_route=\/wp\/v2\/posts"}],"about":[{"href":"https:\/\/lospoliticosveracruz.com\/index.php?rest_route=\/wp\/v2\/types\/post"}],"author":[{"embeddable":true,"href":"https:\/\/lospoliticosveracruz.com\/index.php?rest_route=\/wp\/v2\/users\/2"}],"replies":[{"embeddable":true,"href":"https:\/\/lospoliticosveracruz.com\/index.php?rest_route=%2Fwp%2Fv2%2Fcomments&post=179728"}],"version-history":[{"count":1,"href":"https:\/\/lospoliticosveracruz.com\/index.php?rest_route=\/wp\/v2\/posts\/179728\/revisions"}],"predecessor-version":[{"id":179729,"href":"https:\/\/lospoliticosveracruz.com\/index.php?rest_route=\/wp\/v2\/posts\/179728\/revisions\/179729"}],"wp:featuredmedia":[{"embeddable":true,"href":"https:\/\/lospoliticosveracruz.com\/index.php?rest_route=\/wp\/v2\/media\/141427"}],"wp:attachment":[{"href":"https:\/\/lospoliticosveracruz.com\/index.php?rest_route=%2Fwp%2Fv2%2Fmedia&parent=179728"}],"wp:term":[{"taxonomy":"category","embeddable":true,"href":"https:\/\/lospoliticosveracruz.com\/index.php?rest_route=%2Fwp%2Fv2%2Fcategories&post=179728"},{"taxonomy":"post_tag","embeddable":true,"href":"https:\/\/lospoliticosveracruz.com\/index.php?rest_route=%2Fwp%2Fv2%2Ftags&post=179728"}],"curies":[{"name":"wp","href":"https:\/\/api.w.org\/{rel}","templated":true}]}}