{"id":179730,"date":"2026-09-01T07:03:01","date_gmt":"2026-09-01T13:03:01","guid":{"rendered":"https:\/\/lospoliticosveracruz.com\/?p=179730"},"modified":"2026-09-01T07:03:03","modified_gmt":"2026-09-01T13:03:03","slug":"coatepec-y-la-seguridad","status":"publish","type":"post","link":"https:\/\/lospoliticosveracruz.com\/?p=179730","title":{"rendered":"COATEPEC Y LA SEGURIDAD"},"content":{"rendered":"<div class=\"wp-block-image\">\n<figure class=\"alignleft size-full is-resized\"><a href=\"https:\/\/lospoliticosveracruz.com\/wp-content\/uploads\/2026\/08\/Fiestas-Veracruz.jpg\"><img loading=\"lazy\" decoding=\"async\" width=\"667\" height=\"625\" src=\"https:\/\/lospoliticosveracruz.com\/wp-content\/uploads\/2026\/08\/Fiestas-Veracruz.jpg\" alt=\"\" class=\"wp-image-179650\" style=\"aspect-ratio:1.067287698577726;width:425px;height:auto\" srcset=\"https:\/\/lospoliticosveracruz.com\/wp-content\/uploads\/2026\/08\/Fiestas-Veracruz.jpg 667w, https:\/\/lospoliticosveracruz.com\/wp-content\/uploads\/2026\/08\/Fiestas-Veracruz-300x281.jpg 300w, https:\/\/lospoliticosveracruz.com\/wp-content\/uploads\/2026\/08\/Fiestas-Veracruz-448x420.jpg 448w, https:\/\/lospoliticosveracruz.com\/wp-content\/uploads\/2026\/08\/Fiestas-Veracruz-150x141.jpg 150w\" sizes=\"auto, (max-width: 667px) 100vw, 667px\" \/><\/a><\/figure>\n<\/div>\n\n\n<p><strong>Yamiri\u00a0Rodr\u00edguez Madrid<\/strong><br><em>La vuelta a Veracruz en un\u00a0teclazo<\/em><\/p>\n\n\n\n<p class=\"dropcapp1\">De los&nbsp;149&nbsp;millones&nbsp;919 mil&nbsp;251&nbsp;pesos que este 2026 tiene Coatepec de presupuesto para obras y acciones, 12.8 por ciento es para el rubro de la Seguridad P\u00fablica Municipal, aunque la semana pasada los propios elementos de la corporaci\u00f3n&nbsp;hicieron p\u00fablicas&nbsp;las precarias condiciones en las que tienen que trabajar. De acuerdo con la informaci\u00f3n que la propia administraci\u00f3n de Nachito Luna entreg\u00f3 al \u00d3rgano de Fiscalizaci\u00f3n Superior (ORFIS), 19 millones 136 mil 634 pesos son supuestamente para atender este tema, aunque los n\u00fameros de la incidencia delictiva los contradicen. Vamos por partes.<\/p>\n\n\n\n<p>La informaci\u00f3n oficial se\u00f1ala que de esos poco m\u00e1s de 19 millones de pesos, 12 millones son para sueldos base, como parte de un proyecto de reestructuraci\u00f3n y homologaci\u00f3n salarial del personal operativo; 2 millones 300 mil pesos, para alimentos de los polic\u00edas y 1.5 millones de pesos para el pago de combustible de las unidades.&nbsp;Otros 2.5 millones de pesos son para comprar una pickup doble cabina tipo patrulla, equipada con balizamiento; se presupuest\u00f3&nbsp;otro 1.5 millones para mantenimiento de las patrullas y 400 mil pesos para comprar una motocicleta tipo patrulla.&nbsp;A esas cantidades hay que sumar&nbsp;856 mil pesos de uniformes nuevos, 488 mil pesos de est\u00edmulos al personal operativo y 466 mil pesos para comprarles literas y colchones en las instalaciones de Seguridad P\u00fablica Municipal.&nbsp;Figuran&nbsp;tambi\u00e9n 273 mil pesos para la aplicaci\u00f3n de evaluaciones a personal activo y de nuevo ingreso; 250 mil pesos para la \u201cadquisici\u00f3n de utensilios para el servicio de alimentaci\u00f3n\u201d y 250 mil pesos para la compra de computadoras para Seguridad P\u00fablica Municipal, aunque este \u00faltimo etiquetado en el presupuesto como Bienes Muebles.<\/p>\n\n\n\n<p>El problema es que ya estamos entrando a la recta final del a\u00f1o y no se ve una sola mejora en la seguridad p\u00fablica.&nbsp;El Secretariado Ejecutivo del Sistema Nacional de Seguridad P\u00fablica arroja 755 v\u00edctimas, en 720 hechos,&nbsp;en los primeros 7 meses de este a\u00f1o.&nbsp;Xico, Pueblo M\u00e1gico vecino, tuvo, por citar un ejemplo, solo 186 hechos delictivos en el mismo periodo de tiempo. Entre los delitos de mayor incidencia en Coatepec, est\u00e1n&nbsp;55&nbsp;lesiones dolosas; 4 casos de privaci\u00f3n ilegal de la libertad; 13 de abuso sexual; 12 de acoso sexual; 4 violaciones,&nbsp;56 robos a casa habitaci\u00f3n, m\u00e1s otros&nbsp;7 con violencia;&nbsp;14 robos de veh\u00edculos y otros&nbsp;5 con violencia, as\u00ed como 19 motos reportadas como robadas.&nbsp;Hay contabilizados tambi\u00e9n 4 robos en la v\u00eda p\u00fablica; 6 robos a negocios con violencia&nbsp;y otros 6 sin, 36 casos de fraude,&nbsp;7 de extorsi\u00f3n,&nbsp;84 de violencia familiar&nbsp;12 de g\u00e9nero&nbsp;y&nbsp;40&nbsp;de narcomenudeo, por citar unos cuantos ejemplos.<\/p>\n\n\n\n<p>Y el texto acreditado a polic\u00edas municipales refiere que&nbsp;al inicio&nbsp;de esta administraci\u00f3n se habl\u00f3 de mejora salarial, pero muchos polic\u00edas siguen percibiendo montos muy bajos \u2014alrededor de&nbsp;6 mil pesos quincenales\u2014; el ajuste ser\u00eda de 16 mil pesos; en el presupuesto hay 12 millones.&nbsp;Los uniformes, dicen,&nbsp;siguen siendo insuficientes, de tallas inadecuadas y en mal estado, pese a que se prometi\u00f3 renovaci\u00f3n completa: 856 mil pesos est\u00e1n etiquetados para ese fin.&nbsp;Se ven&nbsp;-prosiguen-,&nbsp;unidades varadas, ponchadas, sin funcionar, incluso estacionadas en pleno centro, cerca del Mercado, donde una patrulla inservible solo estorba y los ambulantes hasta la usan para apoyarse.&nbsp;Hay veh\u00edculos detenidos en talleres, sin reparar. Pero en la p\u00e1gina del ORFIS, Nachito Luna comprometi\u00f3 1.5 millones para mantenimiento.<\/p>\n\n\n\n<p>El tiempo corre. Quedan 4 meses para ejercer, con transparencia, lo comprometido y presupuestado&nbsp;y apenas este martes va a hacer entrega de un poco de equipamiento.<\/p>\n\n\n\n<p>@YamiriRodriguez<\/p>\n\n\n\n<p><\/p>\n","protected":false},"excerpt":{"rendered":"<p>Yamiri\u00a0Rodr\u00edguez MadridLa vuelta a Veracruz en un\u00a0teclazo De los&nbsp;149&nbsp;millones&nbsp;919 mil&nbsp;251&nbsp;pesos que este 2026 tiene Coatepec de presupuesto para obras y acciones, 12.8 por ciento es para el rubro de la Seguridad P\u00fablica Municipal, aunque la semana pasada los propios elementos de la corporaci\u00f3n&nbsp;hicieron p\u00fablicas&nbsp;las precarias condiciones en las que tienen que trabajar. De acuerdo con [&hellip;]<\/p>\n","protected":false},"author":2,"featured_media":141413,"comment_status":"closed","ping_status":"closed","sticky":false,"template":"","format":"standard","meta":{"tdm_status":"","tdm_grid_status":"","footnotes":""},"categories":[70],"tags":[277,24638,360,42407],"class_list":{"0":"post-179730","1":"post","2":"type-post","3":"status-publish","4":"format-standard","5":"has-post-thumbnail","7":"category-de-opinion","8":"tag-coatepec","9":"tag-nacho-luna","10":"tag-seguridad","11":"tag-yamiri-rodriguez-madrid"},"yoast_head":"<!-- This site is optimized with the Yoast SEO plugin v28.1 - https:\/\/yoast.com\/product\/yoast-seo-wordpress\/ -->\n<title>COATEPEC Y LA SEGURIDAD - Los pol\u00edticos Veracruz<\/title>\n<meta name=\"robots\" content=\"index, follow, max-snippet:-1, max-image-preview:large, max-video-preview:-1\" \/>\n<link rel=\"canonical\" href=\"https:\/\/lospoliticosveracruz.com\/?p=179730\" \/>\n<meta property=\"og:locale\" content=\"es_ES\" \/>\n<meta property=\"og:type\" content=\"article\" \/>\n<meta property=\"og:title\" content=\"COATEPEC Y LA SEGURIDAD - Los pol\u00edticos Veracruz\" \/>\n<meta property=\"og:description\" content=\"Yamiri\u00a0Rodr\u00edguez MadridLa vuelta a Veracruz en un\u00a0teclazo De los&nbsp;149&nbsp;millones&nbsp;919 mil&nbsp;251&nbsp;pesos que este 2026 tiene Coatepec de presupuesto para obras y acciones, 12.8 por ciento es para el rubro de la Seguridad P\u00fablica Municipal, aunque la semana pasada los propios elementos de la corporaci\u00f3n&nbsp;hicieron p\u00fablicas&nbsp;las precarias condiciones en las que tienen que trabajar. De acuerdo con [&hellip;]\" \/>\n<meta property=\"og:url\" content=\"https:\/\/lospoliticosveracruz.com\/?p=179730\" \/>\n<meta property=\"og:site_name\" content=\"Los pol\u00edticos Veracruz\" \/>\n<meta property=\"article:publisher\" content=\"https:\/\/www.facebook.com\/people\/Notimemes-de-los-Polticos\/61565672886568\/\" \/>\n<meta property=\"article:published_time\" content=\"2026-09-01T13:03:01+00:00\" \/>\n<meta property=\"article:modified_time\" content=\"2026-09-01T13:03:03+00:00\" \/>\n<meta property=\"og:image\" content=\"https:\/\/lospoliticosveracruz.com\/wp-content\/uploads\/2025\/04\/Yamiri-Rodriguez-Madrid-e1768315710241.jpg\" \/>\n\t<meta property=\"og:image:width\" content=\"600\" \/>\n\t<meta property=\"og:image:height\" content=\"320\" \/>\n\t<meta property=\"og:image:type\" content=\"image\/jpeg\" \/>\n<meta name=\"author\" content=\"Lo viste en Los Pol\u00edticos\" \/>\n<meta name=\"twitter:card\" content=\"summary_large_image\" \/>\n<meta name=\"twitter:creator\" content=\"@LosPoliticosVer\" \/>\n<meta name=\"twitter:site\" content=\"@LosPoliticosVer\" \/>\n<meta name=\"twitter:label1\" content=\"Escrito por\" \/>\n\t<meta name=\"twitter:data1\" content=\"Lo viste en Los Pol\u00edticos\" \/>\n\t<meta name=\"twitter:label2\" content=\"Tiempo de lectura\" \/>\n\t<meta name=\"twitter:data2\" content=\"4 minutos\" \/>\n<script type=\"application\/ld+json\" class=\"yoast-schema-graph\">{\"@context\":\"https:\\\/\\\/schema.org\",\"@graph\":[{\"@type\":\"Article\",\"@id\":\"https:\\\/\\\/lospoliticosveracruz.com\\\/?p=179730#article\",\"isPartOf\":{\"@id\":\"https:\\\/\\\/lospoliticosveracruz.com\\\/?p=179730\"},\"author\":{\"name\":\"Lo viste en Los Pol\u00edticos\",\"@id\":\"https:\\\/\\\/lospoliticosveracruz.com\\\/#\\\/schema\\\/person\\\/b8702bb0e538456e6efd07080bf2a4a2\"},\"headline\":\"COATEPEC Y LA SEGURIDAD\",\"datePublished\":\"2026-09-01T13:03:01+00:00\",\"dateModified\":\"2026-09-01T13:03:03+00:00\",\"mainEntityOfPage\":{\"@id\":\"https:\\\/\\\/lospoliticosveracruz.com\\\/?p=179730\"},\"wordCount\":642,\"publisher\":{\"@id\":\"https:\\\/\\\/lospoliticosveracruz.com\\\/#organization\"},\"image\":{\"@id\":\"https:\\\/\\\/lospoliticosveracruz.com\\\/?p=179730#primaryimage\"},\"thumbnailUrl\":\"https:\\\/\\\/lospoliticosveracruz.com\\\/wp-content\\\/uploads\\\/2025\\\/04\\\/Yamiri-Rodriguez-Madrid-e1768315710241.jpg\",\"keywords\":[\"Coatepec\",\"Nacho Luna\",\"Seguridad\",\"Yamiri Rodr\u00edguez Madrid\"],\"articleSection\":[\"De Opini\u00f3n\"],\"inLanguage\":\"es\"},{\"@type\":\"WebPage\",\"@id\":\"https:\\\/\\\/lospoliticosveracruz.com\\\/?p=179730\",\"url\":\"https:\\\/\\\/lospoliticosveracruz.com\\\/?p=179730\",\"name\":\"COATEPEC Y LA SEGURIDAD - Los pol\u00edticos Veracruz\",\"isPartOf\":{\"@id\":\"https:\\\/\\\/lospoliticosveracruz.com\\\/#website\"},\"primaryImageOfPage\":{\"@id\":\"https:\\\/\\\/lospoliticosveracruz.com\\\/?p=179730#primaryimage\"},\"image\":{\"@id\":\"https:\\\/\\\/lospoliticosveracruz.com\\\/?p=179730#primaryimage\"},\"thumbnailUrl\":\"https:\\\/\\\/lospoliticosveracruz.com\\\/wp-content\\\/uploads\\\/2025\\\/04\\\/Yamiri-Rodriguez-Madrid-e1768315710241.jpg\",\"datePublished\":\"2026-09-01T13:03:01+00:00\",\"dateModified\":\"2026-09-01T13:03:03+00:00\",\"breadcrumb\":{\"@id\":\"https:\\\/\\\/lospoliticosveracruz.com\\\/?p=179730#breadcrumb\"},\"inLanguage\":\"es\",\"potentialAction\":[{\"@type\":\"ReadAction\",\"target\":[\"https:\\\/\\\/lospoliticosveracruz.com\\\/?p=179730\"]}]},{\"@type\":\"ImageObject\",\"inLanguage\":\"es\",\"@id\":\"https:\\\/\\\/lospoliticosveracruz.com\\\/?p=179730#primaryimage\",\"url\":\"https:\\\/\\\/lospoliticosveracruz.com\\\/wp-content\\\/uploads\\\/2025\\\/04\\\/Yamiri-Rodriguez-Madrid-e1768315710241.jpg\",\"contentUrl\":\"https:\\\/\\\/lospoliticosveracruz.com\\\/wp-content\\\/uploads\\\/2025\\\/04\\\/Yamiri-Rodriguez-Madrid-e1768315710241.jpg\",\"width\":600,\"height\":320},{\"@type\":\"BreadcrumbList\",\"@id\":\"https:\\\/\\\/lospoliticosveracruz.com\\\/?p=179730#breadcrumb\",\"itemListElement\":[{\"@type\":\"ListItem\",\"position\":1,\"name\":\"Portada\",\"item\":\"https:\\\/\\\/lospoliticosveracruz.com\\\/\"},{\"@type\":\"ListItem\",\"position\":2,\"name\":\"COATEPEC Y LA SEGURIDAD\"}]},{\"@type\":\"WebSite\",\"@id\":\"https:\\\/\\\/lospoliticosveracruz.com\\\/#website\",\"url\":\"https:\\\/\\\/lospoliticosveracruz.com\\\/\",\"name\":\"Los pol\u00edticos Veracruz\",\"description\":\"\",\"publisher\":{\"@id\":\"https:\\\/\\\/lospoliticosveracruz.com\\\/#organization\"},\"potentialAction\":[{\"@type\":\"SearchAction\",\"target\":{\"@type\":\"EntryPoint\",\"urlTemplate\":\"https:\\\/\\\/lospoliticosveracruz.com\\\/?s={search_term_string}\"},\"query-input\":{\"@type\":\"PropertyValueSpecification\",\"valueRequired\":true,\"valueName\":\"search_term_string\"}}],\"inLanguage\":\"es\"},{\"@type\":\"Organization\",\"@id\":\"https:\\\/\\\/lospoliticosveracruz.com\\\/#organization\",\"name\":\"Los pol\u00edticos Veracruz\",\"url\":\"https:\\\/\\\/lospoliticosveracruz.com\\\/\",\"logo\":{\"@type\":\"ImageObject\",\"inLanguage\":\"es\",\"@id\":\"https:\\\/\\\/lospoliticosveracruz.com\\\/#\\\/schema\\\/logo\\\/image\\\/\",\"url\":\"https:\\\/\\\/lospoliticosveracruz.com\\\/wp-content\\\/uploads\\\/2025\\\/12\\\/Logo-Nuevo-LOS-POLITICOS-1.jpg\",\"contentUrl\":\"https:\\\/\\\/lospoliticosveracruz.com\\\/wp-content\\\/uploads\\\/2025\\\/12\\\/Logo-Nuevo-LOS-POLITICOS-1.jpg\",\"width\":260,\"height\":70,\"caption\":\"Los pol\u00edticos Veracruz\"},\"image\":{\"@id\":\"https:\\\/\\\/lospoliticosveracruz.com\\\/#\\\/schema\\\/logo\\\/image\\\/\"},\"sameAs\":[\"https:\\\/\\\/www.facebook.com\\\/people\\\/Notimemes-de-los-Polticos\\\/61565672886568\\\/\",\"https:\\\/\\\/x.com\\\/LosPoliticosVer\"]},{\"@type\":\"Person\",\"@id\":\"https:\\\/\\\/lospoliticosveracruz.com\\\/#\\\/schema\\\/person\\\/b8702bb0e538456e6efd07080bf2a4a2\",\"name\":\"Lo viste en Los Pol\u00edticos\",\"image\":{\"@type\":\"ImageObject\",\"inLanguage\":\"es\",\"@id\":\"https:\\\/\\\/secure.gravatar.com\\\/avatar\\\/3a8de04a2656d44082be478bd6c086daa447c4651605818287b9532d3d0bd435?s=96&d=mm&r=g\",\"url\":\"https:\\\/\\\/secure.gravatar.com\\\/avatar\\\/3a8de04a2656d44082be478bd6c086daa447c4651605818287b9532d3d0bd435?s=96&d=mm&r=g\",\"contentUrl\":\"https:\\\/\\\/secure.gravatar.com\\\/avatar\\\/3a8de04a2656d44082be478bd6c086daa447c4651605818287b9532d3d0bd435?s=96&d=mm&r=g\",\"caption\":\"Lo viste en Los Pol\u00edticos\"},\"url\":\"https:\\\/\\\/lospoliticosveracruz.com\\\/?author=2\"}]}<\/script>\n<!-- \/ Yoast SEO plugin. -->","yoast_head_json":{"title":"COATEPEC Y LA SEGURIDAD - Los pol\u00edticos Veracruz","robots":{"index":"index","follow":"follow","max-snippet":"max-snippet:-1","max-image-preview":"max-image-preview:large","max-video-preview":"max-video-preview:-1"},"canonical":"https:\/\/lospoliticosveracruz.com\/?p=179730","og_locale":"es_ES","og_type":"article","og_title":"COATEPEC Y LA SEGURIDAD - Los pol\u00edticos Veracruz","og_description":"Yamiri\u00a0Rodr\u00edguez MadridLa vuelta a Veracruz en un\u00a0teclazo De los&nbsp;149&nbsp;millones&nbsp;919 mil&nbsp;251&nbsp;pesos que este 2026 tiene Coatepec de presupuesto para obras y acciones, 12.8 por ciento es para el rubro de la Seguridad P\u00fablica Municipal, aunque la semana pasada los propios elementos de la corporaci\u00f3n&nbsp;hicieron p\u00fablicas&nbsp;las precarias condiciones en las que tienen que trabajar. De acuerdo con [&hellip;]","og_url":"https:\/\/lospoliticosveracruz.com\/?p=179730","og_site_name":"Los pol\u00edticos Veracruz","article_publisher":"https:\/\/www.facebook.com\/people\/Notimemes-de-los-Polticos\/61565672886568\/","article_published_time":"2026-09-01T13:03:01+00:00","article_modified_time":"2026-09-01T13:03:03+00:00","og_image":[{"width":600,"height":320,"url":"https:\/\/lospoliticosveracruz.com\/wp-content\/uploads\/2025\/04\/Yamiri-Rodriguez-Madrid-e1768315710241.jpg","type":"image\/jpeg"}],"author":"Lo viste en Los Pol\u00edticos","twitter_card":"summary_large_image","twitter_creator":"@LosPoliticosVer","twitter_site":"@LosPoliticosVer","twitter_misc":{"Escrito por":"Lo viste en Los Pol\u00edticos","Tiempo de lectura":"4 minutos"},"schema":{"@context":"https:\/\/schema.org","@graph":[{"@type":"Article","@id":"https:\/\/lospoliticosveracruz.com\/?p=179730#article","isPartOf":{"@id":"https:\/\/lospoliticosveracruz.com\/?p=179730"},"author":{"name":"Lo viste en Los Pol\u00edticos","@id":"https:\/\/lospoliticosveracruz.com\/#\/schema\/person\/b8702bb0e538456e6efd07080bf2a4a2"},"headline":"COATEPEC Y LA SEGURIDAD","datePublished":"2026-09-01T13:03:01+00:00","dateModified":"2026-09-01T13:03:03+00:00","mainEntityOfPage":{"@id":"https:\/\/lospoliticosveracruz.com\/?p=179730"},"wordCount":642,"publisher":{"@id":"https:\/\/lospoliticosveracruz.com\/#organization"},"image":{"@id":"https:\/\/lospoliticosveracruz.com\/?p=179730#primaryimage"},"thumbnailUrl":"https:\/\/lospoliticosveracruz.com\/wp-content\/uploads\/2025\/04\/Yamiri-Rodriguez-Madrid-e1768315710241.jpg","keywords":["Coatepec","Nacho Luna","Seguridad","Yamiri Rodr\u00edguez Madrid"],"articleSection":["De Opini\u00f3n"],"inLanguage":"es"},{"@type":"WebPage","@id":"https:\/\/lospoliticosveracruz.com\/?p=179730","url":"https:\/\/lospoliticosveracruz.com\/?p=179730","name":"COATEPEC Y LA SEGURIDAD - Los pol\u00edticos Veracruz","isPartOf":{"@id":"https:\/\/lospoliticosveracruz.com\/#website"},"primaryImageOfPage":{"@id":"https:\/\/lospoliticosveracruz.com\/?p=179730#primaryimage"},"image":{"@id":"https:\/\/lospoliticosveracruz.com\/?p=179730#primaryimage"},"thumbnailUrl":"https:\/\/lospoliticosveracruz.com\/wp-content\/uploads\/2025\/04\/Yamiri-Rodriguez-Madrid-e1768315710241.jpg","datePublished":"2026-09-01T13:03:01+00:00","dateModified":"2026-09-01T13:03:03+00:00","breadcrumb":{"@id":"https:\/\/lospoliticosveracruz.com\/?p=179730#breadcrumb"},"inLanguage":"es","potentialAction":[{"@type":"ReadAction","target":["https:\/\/lospoliticosveracruz.com\/?p=179730"]}]},{"@type":"ImageObject","inLanguage":"es","@id":"https:\/\/lospoliticosveracruz.com\/?p=179730#primaryimage","url":"https:\/\/lospoliticosveracruz.com\/wp-content\/uploads\/2025\/04\/Yamiri-Rodriguez-Madrid-e1768315710241.jpg","contentUrl":"https:\/\/lospoliticosveracruz.com\/wp-content\/uploads\/2025\/04\/Yamiri-Rodriguez-Madrid-e1768315710241.jpg","width":600,"height":320},{"@type":"BreadcrumbList","@id":"https:\/\/lospoliticosveracruz.com\/?p=179730#breadcrumb","itemListElement":[{"@type":"ListItem","position":1,"name":"Portada","item":"https:\/\/lospoliticosveracruz.com\/"},{"@type":"ListItem","position":2,"name":"COATEPEC Y LA SEGURIDAD"}]},{"@type":"WebSite","@id":"https:\/\/lospoliticosveracruz.com\/#website","url":"https:\/\/lospoliticosveracruz.com\/","name":"Los pol\u00edticos Veracruz","description":"","publisher":{"@id":"https:\/\/lospoliticosveracruz.com\/#organization"},"potentialAction":[{"@type":"SearchAction","target":{"@type":"EntryPoint","urlTemplate":"https:\/\/lospoliticosveracruz.com\/?s={search_term_string}"},"query-input":{"@type":"PropertyValueSpecification","valueRequired":true,"valueName":"search_term_string"}}],"inLanguage":"es"},{"@type":"Organization","@id":"https:\/\/lospoliticosveracruz.com\/#organization","name":"Los pol\u00edticos Veracruz","url":"https:\/\/lospoliticosveracruz.com\/","logo":{"@type":"ImageObject","inLanguage":"es","@id":"https:\/\/lospoliticosveracruz.com\/#\/schema\/logo\/image\/","url":"https:\/\/lospoliticosveracruz.com\/wp-content\/uploads\/2025\/12\/Logo-Nuevo-LOS-POLITICOS-1.jpg","contentUrl":"https:\/\/lospoliticosveracruz.com\/wp-content\/uploads\/2025\/12\/Logo-Nuevo-LOS-POLITICOS-1.jpg","width":260,"height":70,"caption":"Los pol\u00edticos Veracruz"},"image":{"@id":"https:\/\/lospoliticosveracruz.com\/#\/schema\/logo\/image\/"},"sameAs":["https:\/\/www.facebook.com\/people\/Notimemes-de-los-Polticos\/61565672886568\/","https:\/\/x.com\/LosPoliticosVer"]},{"@type":"Person","@id":"https:\/\/lospoliticosveracruz.com\/#\/schema\/person\/b8702bb0e538456e6efd07080bf2a4a2","name":"Lo viste en Los Pol\u00edticos","image":{"@type":"ImageObject","inLanguage":"es","@id":"https:\/\/secure.gravatar.com\/avatar\/3a8de04a2656d44082be478bd6c086daa447c4651605818287b9532d3d0bd435?s=96&d=mm&r=g","url":"https:\/\/secure.gravatar.com\/avatar\/3a8de04a2656d44082be478bd6c086daa447c4651605818287b9532d3d0bd435?s=96&d=mm&r=g","contentUrl":"https:\/\/secure.gravatar.com\/avatar\/3a8de04a2656d44082be478bd6c086daa447c4651605818287b9532d3d0bd435?s=96&d=mm&r=g","caption":"Lo viste en Los Pol\u00edticos"},"url":"https:\/\/lospoliticosveracruz.com\/?author=2"}]}},"_links":{"self":[{"href":"https:\/\/lospoliticosveracruz.com\/index.php?rest_route=\/wp\/v2\/posts\/179730","targetHints":{"allow":["GET"]}}],"collection":[{"href":"https:\/\/lospoliticosveracruz.com\/index.php?rest_route=\/wp\/v2\/posts"}],"about":[{"href":"https:\/\/lospoliticosveracruz.com\/index.php?rest_route=\/wp\/v2\/types\/post"}],"author":[{"embeddable":true,"href":"https:\/\/lospoliticosveracruz.com\/index.php?rest_route=\/wp\/v2\/users\/2"}],"replies":[{"embeddable":true,"href":"https:\/\/lospoliticosveracruz.com\/index.php?rest_route=%2Fwp%2Fv2%2Fcomments&post=179730"}],"version-history":[{"count":1,"href":"https:\/\/lospoliticosveracruz.com\/index.php?rest_route=\/wp\/v2\/posts\/179730\/revisions"}],"predecessor-version":[{"id":179731,"href":"https:\/\/lospoliticosveracruz.com\/index.php?rest_route=\/wp\/v2\/posts\/179730\/revisions\/179731"}],"wp:featuredmedia":[{"embeddable":true,"href":"https:\/\/lospoliticosveracruz.com\/index.php?rest_route=\/wp\/v2\/media\/141413"}],"wp:attachment":[{"href":"https:\/\/lospoliticosveracruz.com\/index.php?rest_route=%2Fwp%2Fv2%2Fmedia&parent=179730"}],"wp:term":[{"taxonomy":"category","embeddable":true,"href":"https:\/\/lospoliticosveracruz.com\/index.php?rest_route=%2Fwp%2Fv2%2Fcategories&post=179730"},{"taxonomy":"post_tag","embeddable":true,"href":"https:\/\/lospoliticosveracruz.com\/index.php?rest_route=%2Fwp%2Fv2%2Ftags&post=179730"}],"curies":[{"name":"wp","href":"https:\/\/api.w.org\/{rel}","templated":true}]}}