{"id":179766,"date":"2026-09-01T10:12:35","date_gmt":"2026-09-01T16:12:35","guid":{"rendered":"https:\/\/lospoliticosveracruz.com\/?p=179766"},"modified":"2026-09-01T10:12:36","modified_gmt":"2026-09-01T16:12:36","slug":"parientes-de-amlo-en-nomina-de-gobierno-del-estado","status":"publish","type":"post","link":"https:\/\/lospoliticosveracruz.com\/?p=179766","title":{"rendered":"PARIENTES DE AMLO, EN N\u00d3MINA DE GOBIERNO DEL ESTADO"},"content":{"rendered":"<div class=\"wp-block-image\">\n<figure class=\"alignleft size-large is-resized\"><a href=\"https:\/\/lospoliticosveracruz.com\/wp-content\/uploads\/2026\/09\/banners-prevencion-suicidio-500x500-1.png\"><img loading=\"lazy\" decoding=\"async\" width=\"1024\" height=\"1024\" src=\"https:\/\/lospoliticosveracruz.com\/wp-content\/uploads\/2026\/09\/banners-prevencion-suicidio-500x500-1-1024x1024.png\" alt=\"\" class=\"wp-image-179740\" style=\"width:476px;height:auto\" srcset=\"https:\/\/lospoliticosveracruz.com\/wp-content\/uploads\/2026\/09\/banners-prevencion-suicidio-500x500-1-1024x1024.png 1024w, https:\/\/lospoliticosveracruz.com\/wp-content\/uploads\/2026\/09\/banners-prevencion-suicidio-500x500-1-300x300.png 300w, https:\/\/lospoliticosveracruz.com\/wp-content\/uploads\/2026\/09\/banners-prevencion-suicidio-500x500-1-150x150.png 150w, https:\/\/lospoliticosveracruz.com\/wp-content\/uploads\/2026\/09\/banners-prevencion-suicidio-500x500-1-768x768.png 768w, https:\/\/lospoliticosveracruz.com\/wp-content\/uploads\/2026\/09\/banners-prevencion-suicidio-500x500-1-1536x1536.png 1536w, https:\/\/lospoliticosveracruz.com\/wp-content\/uploads\/2026\/09\/banners-prevencion-suicidio-500x500-1-2048x2048.png 2048w, https:\/\/lospoliticosveracruz.com\/wp-content\/uploads\/2026\/09\/banners-prevencion-suicidio-500x500-1-420x420.png 420w, https:\/\/lospoliticosveracruz.com\/wp-content\/uploads\/2026\/09\/banners-prevencion-suicidio-500x500-1-696x696.png 696w, https:\/\/lospoliticosveracruz.com\/wp-content\/uploads\/2026\/09\/banners-prevencion-suicidio-500x500-1-1068x1068.png 1068w, https:\/\/lospoliticosveracruz.com\/wp-content\/uploads\/2026\/09\/banners-prevencion-suicidio-500x500-1-1920x1920.png 1920w\" sizes=\"auto, (max-width: 1024px) 100vw, 1024px\" \/><\/a><\/figure>\n<\/div>\n\n\n<p><strong>\u00c1ngeles Gonz\u00e1lez Ceballos<\/strong><\/p>\n\n\n\n<p>El secretario de Gobierno de Veracruz, Ricardo Ahued Bardahuil, confirm\u00f3 que Pedro Arturo L\u00f3pez, sobrino del expresidente Andr\u00e9s Manuel L\u00f3pez Obrador, labora en la dependencia a su cargo y, que sus dos hermanas tambi\u00e9n est\u00e1n en la n\u00f3mina del Estado.<\/p>\n\n\n\n<p>Luego de los se\u00f1alamientos del medio de comunicaci\u00f3n Latinus, el cual expuso que los hijos de Arturo L\u00f3pez Obrador, Tarheni, Erandi y Pedro Arturo L\u00f3pez Herrer\u00eda est\u00e1n en la n\u00f3mina del Estado; el funcionario rechaz\u00f3 irregularidades salariales o actos de nepotismo.<\/p>\n\n\n\n<p>\u200bSobre las revelaciones period\u00edsticas que se\u00f1alan altos sueldos en la estructura estatal, en particular el caso de Erandi L\u00f3pez Herrer\u00eda \u2014quien asumi\u00f3 la rector\u00eda del Colegio de Veracruz con percepciones de 106 mil 433 pesos mensuales\u2014, Ahued cuestion\u00f3 la publicaci\u00f3n y asegur\u00f3 que s\u00ed trabajan, no son aviadores.<\/p>\n\n\n\n<p>\u201cTe voy a decir una cosa: qu\u00e9 lamentable es que cuando se dedicaban los gobiernos a tener amigas aviadoras y aviadores, y amiguitas que les pagaban sin hacer nada\u2026 ahora gente que trabaja todos los d\u00edas, que tiene profesionalismo.<\/p>\n\n\n\n<p>Conmigo est\u00e1 Pedro, que es hermano de ellos, es un muchacho sumamente decente; pueden verlo en Palacio, es un ejemplar padre de familia, no tengo queja y tiene un salario, vaya, que no es para alarmarse\u201d, expres\u00f3.<\/p>\n\n\n\n<p>En ese mismo sentido confirm\u00f3 que las hermanas est\u00e1n en la n\u00f3mina del Estado y las defini\u00f3 como muchachas profesionistas, trabajadoras y decentes, que no tienen por qu\u00e9 negarles el derecho a laborar.<\/p>\n\n\n\n<p>\u00abYo no s\u00e9 el tema de los salarios, se los dir\u00eda, si es mucho, es poco, si lo subieron o no, estar\u00eda yo mintiendo, pero son gentes que son educadas, que tienen una carrera, una profesi\u00f3n y que tienen derecho a trabajar, caray.<\/p>\n\n\n\n<p>Yo si fueran aviadoras o aviadores, que estuvieran ganando donde estuvieran rob\u00e1ndose el erario, donde no tuvieran ellas \u00e9tica de estar cobrando sin hacer nada, pero vayan a verlas trabajar. A una hermana la acabo de ver en los recorridos ahorita entregando a 35 grados. Yo no tengo hijas, pero s\u00ed me molesta que ofendan a las mujeres\u00bb, expres\u00f3.<\/p>\n\n\n\n<p>\u200bAhued Bardahuil descart\u00f3 que el lazo familiar con el exmandatario del Ejecutivo federal influyera en el nombramiento de Pedro L\u00f3pez.<\/p>\n\n\n\n<p>\u201cNo, se lo di porque \u00e9l estudi\u00f3 en la escuela con mis hijos y conozco su historia de lucha, de trabajo familiar. Lo conozco desde muy ni\u00f1o, es m\u00e1s, lo conozco antes de haber conocido a su pap\u00e1 y a Andr\u00e9s Manuel\u201d, asever\u00f3.<\/p>\n\n\n\n<p>Asimismo, desvincul\u00f3 a los sobrinos de las discrepancias pol\u00edticas del pasado entre Arturo L\u00f3pez Obrador y su hermano.<\/p>\n\n\n\n<p>\u201cSon sobrinos. Miren, Arturo sali\u00f3 de pleito con Andr\u00e9s Manuel y estos muchachos no tienen la culpa de lo que hagan los pap\u00e1s, ni mis hijos tienen la culpa de lo que yo haga, y ni que lo haga el t\u00edo que fue presidente y que el pap\u00e1 se pelee con el hermano. Ellos son y tienen una trayectoria educativa y estudiantil y familiar extraordinaria\u201d, enfatiz\u00f3.<\/p>\n\n\n\n<p>En otro tema, habl\u00f3 sobre las obras de remodelaci\u00f3n en el Palacio de Gobierno y deslind\u00f3 a su oficina de las decisiones financieras del proyecto.<\/p>\n\n\n\n<p>\u201cNo la tengo porque yo no manejo lo administrativo, pero pronto les habr\u00e1n de dar. Hay muchas carpetas donde est\u00e1n inclusive los planos, las obras, el antes, durante y despu\u00e9s y los costos. Este es un tema que no lo maneja\u2026 acu\u00e9rdense que el Secretario no tiene chequera para manejar compras\u201d, puntualiz\u00f3.<\/p>\n\n\n\n<p>\u200bAhued Bardahuil se\u00f1al\u00f3 los riesgos estructurales que motivaron el mantenimiento del recinto oficial.<\/p>\n\n\n\n<p>\u201cEs un edificio muy antiguo que tiene tres tiempos de construcci\u00f3n. Se le est\u00e1 cambiando la red el\u00e9ctrica, que hab\u00eda cortos; la red sanitaria\u2026 \u00bfCu\u00e1ntas veces ustedes pasaban a Palacio y los ba\u00f1os no serv\u00edan ninguno? Era denigrante, ahora se est\u00e1 dignificando\u201d, recalc\u00f3.<\/p>\n\n\n\n<p>Agreg\u00f3 que la losa del edificio requiri\u00f3 intervenci\u00f3n inmediata por peligro de colapso.<\/p>\n\n\n\n<p>\u201cTuve que quitar al personal, apenas empezaron a hacer un levantamiento de piso y se fue todo para abajo: hubiera matado a todo el mundo\u201d, manifest\u00f3.<\/p>\n\n\n\n<p>\u200bEn relaci\u00f3n con el ritmo de los trabajos, justific\u00f3 la lentitud del proceso a causa del uso activo de las instalaciones.<\/p>\n\n\n\n<p>\u201cNo, es que yo no s\u00e9 de presupuesto, se va haciendo poco a poco. Ha sido lento porque se est\u00e1 trabajando con el personal adentro que est\u00e1 en oficina, y es muy delicado\u201d, expuso.<\/p>\n\n\n\n<p>\u200bPor otro lado, el Secretario opin\u00f3 acerca de los debates pol\u00edticos locales tras las reuniones entre pri\u00edstas y el l\u00edder moral de MC, as\u00ed como la postura de la titular del Ejecutivo estatal.<\/p>\n\n\n\n<p>\u201cEstamos en \u00e9poca de nerviosismo pol\u00edtico. A m\u00ed me da mucho gusto que todo el mundo est\u00e9 en los medios afanosamente queriendo representar al pueblo para servirle, espero que no para servirse\u201d, opin\u00f3.<\/p>\n\n\n\n<p>Declin\u00f3 descalificar el nivel del di\u00e1logo de sus adversarios.<\/p>\n\n\n\n<p>\u201cNo, el nivel cada quien lo tiene, yo no voy a criticar eso. Cada quien trae su nivel\u2026 miren, yo veo una sociedad que ya no se enga\u00f1a\u201d, consider\u00f3.<\/p>\n\n\n\n<p><\/p>\n","protected":false},"excerpt":{"rendered":"<p>\u00c1ngeles Gonz\u00e1lez Ceballos El secretario de Gobierno de Veracruz, Ricardo Ahued Bardahuil, confirm\u00f3 que Pedro Arturo L\u00f3pez, sobrino del expresidente Andr\u00e9s Manuel L\u00f3pez Obrador, labora en la dependencia a su cargo y, que sus dos hermanas tambi\u00e9n est\u00e1n en la n\u00f3mina del Estado. Luego de los se\u00f1alamientos del medio de comunicaci\u00f3n Latinus, el cual expuso [&hellip;]<\/p>\n","protected":false},"author":2,"featured_media":179767,"comment_status":"closed","ping_status":"closed","sticky":false,"template":"","format":"standard","meta":{"tdm_status":"","tdm_grid_status":"","footnotes":""},"categories":[6446],"tags":[49986,2932,1003,14133,70963,876,195],"class_list":{"0":"post-179766","1":"post","2":"type-post","3":"status-publish","4":"format-standard","5":"has-post-thumbnail","7":"category-la-nota","8":"tag-angeles-gonzalez-ceballos","9":"tag-gobierno-de-veracruz","10":"tag-lopez-obrador","11":"tag-nepotismo","12":"tag-nomina-estatal","13":"tag-ricardo-ahued","14":"tag-veracruz"},"yoast_head":"<!-- This site is optimized with the Yoast SEO plugin v28.1 - https:\/\/yoast.com\/product\/yoast-seo-wordpress\/ -->\n<title>PARIENTES DE AMLO, EN N\u00d3MINA DE GOBIERNO DEL ESTADO - Los pol\u00edticos Veracruz<\/title>\n<meta name=\"robots\" content=\"index, follow, max-snippet:-1, max-image-preview:large, max-video-preview:-1\" \/>\n<link rel=\"canonical\" href=\"https:\/\/lospoliticosveracruz.com\/?p=179766\" \/>\n<meta property=\"og:locale\" content=\"es_ES\" \/>\n<meta property=\"og:type\" content=\"article\" \/>\n<meta property=\"og:title\" content=\"PARIENTES DE AMLO, EN N\u00d3MINA DE GOBIERNO DEL ESTADO - Los pol\u00edticos Veracruz\" \/>\n<meta property=\"og:description\" content=\"\u00c1ngeles Gonz\u00e1lez Ceballos El secretario de Gobierno de Veracruz, Ricardo Ahued Bardahuil, confirm\u00f3 que Pedro Arturo L\u00f3pez, sobrino del expresidente Andr\u00e9s Manuel L\u00f3pez Obrador, labora en la dependencia a su cargo y, que sus dos hermanas tambi\u00e9n est\u00e1n en la n\u00f3mina del Estado. Luego de los se\u00f1alamientos del medio de comunicaci\u00f3n Latinus, el cual expuso [&hellip;]\" \/>\n<meta property=\"og:url\" content=\"https:\/\/lospoliticosveracruz.com\/?p=179766\" \/>\n<meta property=\"og:site_name\" content=\"Los pol\u00edticos Veracruz\" \/>\n<meta property=\"article:publisher\" content=\"https:\/\/www.facebook.com\/people\/Notimemes-de-los-Polticos\/61565672886568\/\" \/>\n<meta property=\"article:published_time\" content=\"2026-09-01T16:12:35+00:00\" \/>\n<meta property=\"article:modified_time\" content=\"2026-09-01T16:12:36+00:00\" \/>\n<meta property=\"og:image\" content=\"https:\/\/lospoliticosveracruz.com\/wp-content\/uploads\/2026\/09\/Ahued.jpg\" \/>\n\t<meta property=\"og:image:width\" content=\"600\" \/>\n\t<meta property=\"og:image:height\" content=\"320\" \/>\n\t<meta property=\"og:image:type\" content=\"image\/jpeg\" \/>\n<meta name=\"author\" content=\"Lo viste en Los Pol\u00edticos\" \/>\n<meta name=\"twitter:card\" content=\"summary_large_image\" \/>\n<meta name=\"twitter:creator\" content=\"@LosPoliticosVer\" \/>\n<meta name=\"twitter:site\" content=\"@LosPoliticosVer\" \/>\n<meta name=\"twitter:label1\" content=\"Escrito por\" \/>\n\t<meta name=\"twitter:data1\" content=\"Lo viste en Los Pol\u00edticos\" \/>\n\t<meta name=\"twitter:label2\" content=\"Tiempo de lectura\" \/>\n\t<meta name=\"twitter:data2\" content=\"5 minutos\" \/>\n<script type=\"application\/ld+json\" class=\"yoast-schema-graph\">{\"@context\":\"https:\\\/\\\/schema.org\",\"@graph\":[{\"@type\":\"Article\",\"@id\":\"https:\\\/\\\/lospoliticosveracruz.com\\\/?p=179766#article\",\"isPartOf\":{\"@id\":\"https:\\\/\\\/lospoliticosveracruz.com\\\/?p=179766\"},\"author\":{\"name\":\"Lo viste en Los Pol\u00edticos\",\"@id\":\"https:\\\/\\\/lospoliticosveracruz.com\\\/#\\\/schema\\\/person\\\/b8702bb0e538456e6efd07080bf2a4a2\"},\"headline\":\"PARIENTES DE AMLO, EN N\u00d3MINA DE GOBIERNO DEL ESTADO\",\"datePublished\":\"2026-09-01T16:12:35+00:00\",\"dateModified\":\"2026-09-01T16:12:36+00:00\",\"mainEntityOfPage\":{\"@id\":\"https:\\\/\\\/lospoliticosveracruz.com\\\/?p=179766\"},\"wordCount\":884,\"publisher\":{\"@id\":\"https:\\\/\\\/lospoliticosveracruz.com\\\/#organization\"},\"image\":{\"@id\":\"https:\\\/\\\/lospoliticosveracruz.com\\\/?p=179766#primaryimage\"},\"thumbnailUrl\":\"https:\\\/\\\/lospoliticosveracruz.com\\\/wp-content\\\/uploads\\\/2026\\\/09\\\/Ahued.jpg\",\"keywords\":[\"\u00c1ngeles Gonz\u00e1lez Ceballos\",\"gobierno de Veracruz\",\"L\u00f3pez Obrador\",\"nepotismo\",\"n\u00f3mina estatal\",\"Ricardo Ahued\",\"Veracruz\"],\"articleSection\":[\"La Nota\"],\"inLanguage\":\"es\"},{\"@type\":\"WebPage\",\"@id\":\"https:\\\/\\\/lospoliticosveracruz.com\\\/?p=179766\",\"url\":\"https:\\\/\\\/lospoliticosveracruz.com\\\/?p=179766\",\"name\":\"PARIENTES DE AMLO, EN N\u00d3MINA DE GOBIERNO DEL ESTADO - Los pol\u00edticos Veracruz\",\"isPartOf\":{\"@id\":\"https:\\\/\\\/lospoliticosveracruz.com\\\/#website\"},\"primaryImageOfPage\":{\"@id\":\"https:\\\/\\\/lospoliticosveracruz.com\\\/?p=179766#primaryimage\"},\"image\":{\"@id\":\"https:\\\/\\\/lospoliticosveracruz.com\\\/?p=179766#primaryimage\"},\"thumbnailUrl\":\"https:\\\/\\\/lospoliticosveracruz.com\\\/wp-content\\\/uploads\\\/2026\\\/09\\\/Ahued.jpg\",\"datePublished\":\"2026-09-01T16:12:35+00:00\",\"dateModified\":\"2026-09-01T16:12:36+00:00\",\"breadcrumb\":{\"@id\":\"https:\\\/\\\/lospoliticosveracruz.com\\\/?p=179766#breadcrumb\"},\"inLanguage\":\"es\",\"potentialAction\":[{\"@type\":\"ReadAction\",\"target\":[\"https:\\\/\\\/lospoliticosveracruz.com\\\/?p=179766\"]}]},{\"@type\":\"ImageObject\",\"inLanguage\":\"es\",\"@id\":\"https:\\\/\\\/lospoliticosveracruz.com\\\/?p=179766#primaryimage\",\"url\":\"https:\\\/\\\/lospoliticosveracruz.com\\\/wp-content\\\/uploads\\\/2026\\\/09\\\/Ahued.jpg\",\"contentUrl\":\"https:\\\/\\\/lospoliticosveracruz.com\\\/wp-content\\\/uploads\\\/2026\\\/09\\\/Ahued.jpg\",\"width\":600,\"height\":320},{\"@type\":\"BreadcrumbList\",\"@id\":\"https:\\\/\\\/lospoliticosveracruz.com\\\/?p=179766#breadcrumb\",\"itemListElement\":[{\"@type\":\"ListItem\",\"position\":1,\"name\":\"Portada\",\"item\":\"https:\\\/\\\/lospoliticosveracruz.com\\\/\"},{\"@type\":\"ListItem\",\"position\":2,\"name\":\"PARIENTES DE AMLO, EN N\u00d3MINA DE GOBIERNO DEL ESTADO\"}]},{\"@type\":\"WebSite\",\"@id\":\"https:\\\/\\\/lospoliticosveracruz.com\\\/#website\",\"url\":\"https:\\\/\\\/lospoliticosveracruz.com\\\/\",\"name\":\"Los pol\u00edticos Veracruz\",\"description\":\"\",\"publisher\":{\"@id\":\"https:\\\/\\\/lospoliticosveracruz.com\\\/#organization\"},\"potentialAction\":[{\"@type\":\"SearchAction\",\"target\":{\"@type\":\"EntryPoint\",\"urlTemplate\":\"https:\\\/\\\/lospoliticosveracruz.com\\\/?s={search_term_string}\"},\"query-input\":{\"@type\":\"PropertyValueSpecification\",\"valueRequired\":true,\"valueName\":\"search_term_string\"}}],\"inLanguage\":\"es\"},{\"@type\":\"Organization\",\"@id\":\"https:\\\/\\\/lospoliticosveracruz.com\\\/#organization\",\"name\":\"Los pol\u00edticos Veracruz\",\"url\":\"https:\\\/\\\/lospoliticosveracruz.com\\\/\",\"logo\":{\"@type\":\"ImageObject\",\"inLanguage\":\"es\",\"@id\":\"https:\\\/\\\/lospoliticosveracruz.com\\\/#\\\/schema\\\/logo\\\/image\\\/\",\"url\":\"https:\\\/\\\/lospoliticosveracruz.com\\\/wp-content\\\/uploads\\\/2025\\\/12\\\/Logo-Nuevo-LOS-POLITICOS-1.jpg\",\"contentUrl\":\"https:\\\/\\\/lospoliticosveracruz.com\\\/wp-content\\\/uploads\\\/2025\\\/12\\\/Logo-Nuevo-LOS-POLITICOS-1.jpg\",\"width\":260,\"height\":70,\"caption\":\"Los pol\u00edticos Veracruz\"},\"image\":{\"@id\":\"https:\\\/\\\/lospoliticosveracruz.com\\\/#\\\/schema\\\/logo\\\/image\\\/\"},\"sameAs\":[\"https:\\\/\\\/www.facebook.com\\\/people\\\/Notimemes-de-los-Polticos\\\/61565672886568\\\/\",\"https:\\\/\\\/x.com\\\/LosPoliticosVer\"]},{\"@type\":\"Person\",\"@id\":\"https:\\\/\\\/lospoliticosveracruz.com\\\/#\\\/schema\\\/person\\\/b8702bb0e538456e6efd07080bf2a4a2\",\"name\":\"Lo viste en Los Pol\u00edticos\",\"image\":{\"@type\":\"ImageObject\",\"inLanguage\":\"es\",\"@id\":\"https:\\\/\\\/secure.gravatar.com\\\/avatar\\\/3a8de04a2656d44082be478bd6c086daa447c4651605818287b9532d3d0bd435?s=96&d=mm&r=g\",\"url\":\"https:\\\/\\\/secure.gravatar.com\\\/avatar\\\/3a8de04a2656d44082be478bd6c086daa447c4651605818287b9532d3d0bd435?s=96&d=mm&r=g\",\"contentUrl\":\"https:\\\/\\\/secure.gravatar.com\\\/avatar\\\/3a8de04a2656d44082be478bd6c086daa447c4651605818287b9532d3d0bd435?s=96&d=mm&r=g\",\"caption\":\"Lo viste en Los Pol\u00edticos\"},\"url\":\"https:\\\/\\\/lospoliticosveracruz.com\\\/?author=2\"}]}<\/script>\n<!-- \/ Yoast SEO plugin. -->","yoast_head_json":{"title":"PARIENTES DE AMLO, EN N\u00d3MINA DE GOBIERNO DEL ESTADO - Los pol\u00edticos Veracruz","robots":{"index":"index","follow":"follow","max-snippet":"max-snippet:-1","max-image-preview":"max-image-preview:large","max-video-preview":"max-video-preview:-1"},"canonical":"https:\/\/lospoliticosveracruz.com\/?p=179766","og_locale":"es_ES","og_type":"article","og_title":"PARIENTES DE AMLO, EN N\u00d3MINA DE GOBIERNO DEL ESTADO - Los pol\u00edticos Veracruz","og_description":"\u00c1ngeles Gonz\u00e1lez Ceballos El secretario de Gobierno de Veracruz, Ricardo Ahued Bardahuil, confirm\u00f3 que Pedro Arturo L\u00f3pez, sobrino del expresidente Andr\u00e9s Manuel L\u00f3pez Obrador, labora en la dependencia a su cargo y, que sus dos hermanas tambi\u00e9n est\u00e1n en la n\u00f3mina del Estado. Luego de los se\u00f1alamientos del medio de comunicaci\u00f3n Latinus, el cual expuso [&hellip;]","og_url":"https:\/\/lospoliticosveracruz.com\/?p=179766","og_site_name":"Los pol\u00edticos Veracruz","article_publisher":"https:\/\/www.facebook.com\/people\/Notimemes-de-los-Polticos\/61565672886568\/","article_published_time":"2026-09-01T16:12:35+00:00","article_modified_time":"2026-09-01T16:12:36+00:00","og_image":[{"width":600,"height":320,"url":"https:\/\/lospoliticosveracruz.com\/wp-content\/uploads\/2026\/09\/Ahued.jpg","type":"image\/jpeg"}],"author":"Lo viste en Los Pol\u00edticos","twitter_card":"summary_large_image","twitter_creator":"@LosPoliticosVer","twitter_site":"@LosPoliticosVer","twitter_misc":{"Escrito por":"Lo viste en Los Pol\u00edticos","Tiempo de lectura":"5 minutos"},"schema":{"@context":"https:\/\/schema.org","@graph":[{"@type":"Article","@id":"https:\/\/lospoliticosveracruz.com\/?p=179766#article","isPartOf":{"@id":"https:\/\/lospoliticosveracruz.com\/?p=179766"},"author":{"name":"Lo viste en Los Pol\u00edticos","@id":"https:\/\/lospoliticosveracruz.com\/#\/schema\/person\/b8702bb0e538456e6efd07080bf2a4a2"},"headline":"PARIENTES DE AMLO, EN N\u00d3MINA DE GOBIERNO DEL ESTADO","datePublished":"2026-09-01T16:12:35+00:00","dateModified":"2026-09-01T16:12:36+00:00","mainEntityOfPage":{"@id":"https:\/\/lospoliticosveracruz.com\/?p=179766"},"wordCount":884,"publisher":{"@id":"https:\/\/lospoliticosveracruz.com\/#organization"},"image":{"@id":"https:\/\/lospoliticosveracruz.com\/?p=179766#primaryimage"},"thumbnailUrl":"https:\/\/lospoliticosveracruz.com\/wp-content\/uploads\/2026\/09\/Ahued.jpg","keywords":["\u00c1ngeles Gonz\u00e1lez Ceballos","gobierno de Veracruz","L\u00f3pez Obrador","nepotismo","n\u00f3mina estatal","Ricardo Ahued","Veracruz"],"articleSection":["La Nota"],"inLanguage":"es"},{"@type":"WebPage","@id":"https:\/\/lospoliticosveracruz.com\/?p=179766","url":"https:\/\/lospoliticosveracruz.com\/?p=179766","name":"PARIENTES DE AMLO, EN N\u00d3MINA DE GOBIERNO DEL ESTADO - Los pol\u00edticos Veracruz","isPartOf":{"@id":"https:\/\/lospoliticosveracruz.com\/#website"},"primaryImageOfPage":{"@id":"https:\/\/lospoliticosveracruz.com\/?p=179766#primaryimage"},"image":{"@id":"https:\/\/lospoliticosveracruz.com\/?p=179766#primaryimage"},"thumbnailUrl":"https:\/\/lospoliticosveracruz.com\/wp-content\/uploads\/2026\/09\/Ahued.jpg","datePublished":"2026-09-01T16:12:35+00:00","dateModified":"2026-09-01T16:12:36+00:00","breadcrumb":{"@id":"https:\/\/lospoliticosveracruz.com\/?p=179766#breadcrumb"},"inLanguage":"es","potentialAction":[{"@type":"ReadAction","target":["https:\/\/lospoliticosveracruz.com\/?p=179766"]}]},{"@type":"ImageObject","inLanguage":"es","@id":"https:\/\/lospoliticosveracruz.com\/?p=179766#primaryimage","url":"https:\/\/lospoliticosveracruz.com\/wp-content\/uploads\/2026\/09\/Ahued.jpg","contentUrl":"https:\/\/lospoliticosveracruz.com\/wp-content\/uploads\/2026\/09\/Ahued.jpg","width":600,"height":320},{"@type":"BreadcrumbList","@id":"https:\/\/lospoliticosveracruz.com\/?p=179766#breadcrumb","itemListElement":[{"@type":"ListItem","position":1,"name":"Portada","item":"https:\/\/lospoliticosveracruz.com\/"},{"@type":"ListItem","position":2,"name":"PARIENTES DE AMLO, EN N\u00d3MINA DE GOBIERNO DEL ESTADO"}]},{"@type":"WebSite","@id":"https:\/\/lospoliticosveracruz.com\/#website","url":"https:\/\/lospoliticosveracruz.com\/","name":"Los pol\u00edticos Veracruz","description":"","publisher":{"@id":"https:\/\/lospoliticosveracruz.com\/#organization"},"potentialAction":[{"@type":"SearchAction","target":{"@type":"EntryPoint","urlTemplate":"https:\/\/lospoliticosveracruz.com\/?s={search_term_string}"},"query-input":{"@type":"PropertyValueSpecification","valueRequired":true,"valueName":"search_term_string"}}],"inLanguage":"es"},{"@type":"Organization","@id":"https:\/\/lospoliticosveracruz.com\/#organization","name":"Los pol\u00edticos Veracruz","url":"https:\/\/lospoliticosveracruz.com\/","logo":{"@type":"ImageObject","inLanguage":"es","@id":"https:\/\/lospoliticosveracruz.com\/#\/schema\/logo\/image\/","url":"https:\/\/lospoliticosveracruz.com\/wp-content\/uploads\/2025\/12\/Logo-Nuevo-LOS-POLITICOS-1.jpg","contentUrl":"https:\/\/lospoliticosveracruz.com\/wp-content\/uploads\/2025\/12\/Logo-Nuevo-LOS-POLITICOS-1.jpg","width":260,"height":70,"caption":"Los pol\u00edticos Veracruz"},"image":{"@id":"https:\/\/lospoliticosveracruz.com\/#\/schema\/logo\/image\/"},"sameAs":["https:\/\/www.facebook.com\/people\/Notimemes-de-los-Polticos\/61565672886568\/","https:\/\/x.com\/LosPoliticosVer"]},{"@type":"Person","@id":"https:\/\/lospoliticosveracruz.com\/#\/schema\/person\/b8702bb0e538456e6efd07080bf2a4a2","name":"Lo viste en Los Pol\u00edticos","image":{"@type":"ImageObject","inLanguage":"es","@id":"https:\/\/secure.gravatar.com\/avatar\/3a8de04a2656d44082be478bd6c086daa447c4651605818287b9532d3d0bd435?s=96&d=mm&r=g","url":"https:\/\/secure.gravatar.com\/avatar\/3a8de04a2656d44082be478bd6c086daa447c4651605818287b9532d3d0bd435?s=96&d=mm&r=g","contentUrl":"https:\/\/secure.gravatar.com\/avatar\/3a8de04a2656d44082be478bd6c086daa447c4651605818287b9532d3d0bd435?s=96&d=mm&r=g","caption":"Lo viste en Los Pol\u00edticos"},"url":"https:\/\/lospoliticosveracruz.com\/?author=2"}]}},"_links":{"self":[{"href":"https:\/\/lospoliticosveracruz.com\/index.php?rest_route=\/wp\/v2\/posts\/179766","targetHints":{"allow":["GET"]}}],"collection":[{"href":"https:\/\/lospoliticosveracruz.com\/index.php?rest_route=\/wp\/v2\/posts"}],"about":[{"href":"https:\/\/lospoliticosveracruz.com\/index.php?rest_route=\/wp\/v2\/types\/post"}],"author":[{"embeddable":true,"href":"https:\/\/lospoliticosveracruz.com\/index.php?rest_route=\/wp\/v2\/users\/2"}],"replies":[{"embeddable":true,"href":"https:\/\/lospoliticosveracruz.com\/index.php?rest_route=%2Fwp%2Fv2%2Fcomments&post=179766"}],"version-history":[{"count":1,"href":"https:\/\/lospoliticosveracruz.com\/index.php?rest_route=\/wp\/v2\/posts\/179766\/revisions"}],"predecessor-version":[{"id":179768,"href":"https:\/\/lospoliticosveracruz.com\/index.php?rest_route=\/wp\/v2\/posts\/179766\/revisions\/179768"}],"wp:featuredmedia":[{"embeddable":true,"href":"https:\/\/lospoliticosveracruz.com\/index.php?rest_route=\/wp\/v2\/media\/179767"}],"wp:attachment":[{"href":"https:\/\/lospoliticosveracruz.com\/index.php?rest_route=%2Fwp%2Fv2%2Fmedia&parent=179766"}],"wp:term":[{"taxonomy":"category","embeddable":true,"href":"https:\/\/lospoliticosveracruz.com\/index.php?rest_route=%2Fwp%2Fv2%2Fcategories&post=179766"},{"taxonomy":"post_tag","embeddable":true,"href":"https:\/\/lospoliticosveracruz.com\/index.php?rest_route=%2Fwp%2Fv2%2Ftags&post=179766"}],"curies":[{"name":"wp","href":"https:\/\/api.w.org\/{rel}","templated":true}]}}