{"id":179769,"date":"2026-09-01T10:15:55","date_gmt":"2026-09-01T16:15:55","guid":{"rendered":"https:\/\/lospoliticosveracruz.com\/?p=179769"},"modified":"2026-09-01T10:15:57","modified_gmt":"2026-09-01T16:15:57","slug":"primero-prevenir-luego-reparar","status":"publish","type":"post","link":"https:\/\/lospoliticosveracruz.com\/?p=179769","title":{"rendered":"PRIMERO PREVENIR, LUEGO REPARAR"},"content":{"rendered":"<div class=\"wp-block-image\">\n<figure class=\"alignleft size-medium is-resized\"><a href=\"https:\/\/lospoliticosveracruz.com\/wp-content\/uploads\/2026\/09\/no-ala-pirotecnia-medio_300x300png.png\"><img loading=\"lazy\" decoding=\"async\" width=\"300\" height=\"300\" src=\"https:\/\/lospoliticosveracruz.com\/wp-content\/uploads\/2026\/09\/no-ala-pirotecnia-medio_300x300png-300x300.png\" alt=\"\" class=\"wp-image-179741\" style=\"width:425px;height:auto\" srcset=\"https:\/\/lospoliticosveracruz.com\/wp-content\/uploads\/2026\/09\/no-ala-pirotecnia-medio_300x300png-300x300.png 300w, https:\/\/lospoliticosveracruz.com\/wp-content\/uploads\/2026\/09\/no-ala-pirotecnia-medio_300x300png-1024x1024.png 1024w, https:\/\/lospoliticosveracruz.com\/wp-content\/uploads\/2026\/09\/no-ala-pirotecnia-medio_300x300png-150x150.png 150w, https:\/\/lospoliticosveracruz.com\/wp-content\/uploads\/2026\/09\/no-ala-pirotecnia-medio_300x300png-768x768.png 768w, https:\/\/lospoliticosveracruz.com\/wp-content\/uploads\/2026\/09\/no-ala-pirotecnia-medio_300x300png-420x420.png 420w, https:\/\/lospoliticosveracruz.com\/wp-content\/uploads\/2026\/09\/no-ala-pirotecnia-medio_300x300png-696x696.png 696w, https:\/\/lospoliticosveracruz.com\/wp-content\/uploads\/2026\/09\/no-ala-pirotecnia-medio_300x300png-1068x1068.png 1068w, https:\/\/lospoliticosveracruz.com\/wp-content\/uploads\/2026\/09\/no-ala-pirotecnia-medio_300x300png.png 1250w\" sizes=\"auto, (max-width: 300px) 100vw, 300px\" \/><\/a><\/figure>\n<\/div>\n\n\n\n\n<p>Ante la presentaci\u00f3n de la iniciativa para renovar el marco jur\u00eddico ambiental del pa\u00eds, el dirigente estatal del Partido Verde Ecologista de M\u00e9xico (PVEM) en Veracruz, Edgar Herrera Lendechy, se\u00f1al\u00f3 que M\u00e9xico requiere una legislaci\u00f3n acorde con los desaf\u00edos ambientales actuales y, principalmente, con herramientas que permitan prevenir los da\u00f1os antes de que sus consecuencias sean irreversibles.<\/p>\n\n\n\n<p>Herrera Lendechy consider\u00f3 positiva la propuesta de una nueva legislaci\u00f3n ambiental que actualice el marco vigente desde 1988, al se\u00f1alar que durante casi cuatro d\u00e9cadas las condiciones ambientales del pa\u00eds han cambiado profundamente y hoy M\u00e9xico enfrenta problem\u00e1ticas como el cambio clim\u00e1tico, la p\u00e9rdida de biodiversidad, la contaminaci\u00f3n y el deterioro de sus ecosistemas.<\/p>\n\n\n\n<p>\u201cActualizar nuestra legislaci\u00f3n ambiental no es solamente modernizar una ley; significa contar con mejores herramientas para defender nuestros recursos naturales, prevenir afectaciones y garantizar que quien genere un da\u00f1o ambiental tambi\u00e9n asuma la responsabilidad de repararlo\u201d, expres\u00f3.<\/p>\n\n\n\n<p>El dirigente del Verde en Veracruz destac\u00f3 particularmente el principio de prevenir antes que reparar, as\u00ed como la incorporaci\u00f3n de mecanismos para la restauraci\u00f3n ecol\u00f3gica, una mayor participaci\u00f3n ciudadana y evaluaciones ambientales que permitan analizar integralmente los efectos de proyectos sobre los territorios.<\/p>\n\n\n\n<p>Se\u00f1al\u00f3 que para Veracruz esta discusi\u00f3n resulta especialmente relevante por la enorme riqueza natural del estado y por los retos que enfrenta en la conservaci\u00f3n de r\u00edos, bosques, manglares, costas, \u00e1reas naturales y biodiversidad.<\/p>\n\n\n\n<p>\u201cVeracruz tiene una riqueza ambiental extraordinaria y tenemos la responsabilidad de protegerla. No podemos acostumbrarnos a actuar solamente despu\u00e9s de que un r\u00edo ha sido contaminado, un ecosistema ha sido afectado o los recursos naturales de una comunidad se encuentran en riesgo. La pol\u00edtica ambiental debe adelantarse al da\u00f1o\u201d, sostuvo Herrera Lendechy.<\/p>\n\n\n\n<p>Asimismo, consider\u00f3 fundamental que el an\u00e1lisis legislativo permita establecer responsabilidades claras para autoridades, sectores productivos y quienes desarrollen proyectos con impacto ambiental, sin detener el desarrollo econ\u00f3mico, pero garantizando que \u00e9ste sea compatible con la conservaci\u00f3n de los recursos naturales.<\/p>\n\n\n\n<p>\u201cDesarrollo y protecci\u00f3n ambiental no deben entenderse como caminos contrarios. Veracruz necesita inversi\u00f3n, crecimiento y oportunidades, pero tambi\u00e9n necesita agua limpia, ecosistemas sanos y recursos naturales que puedan disfrutar las pr\u00f3ximas generaciones\u201d, agreg\u00f3.<\/p>\n\n\n\n<p>Edgar Herrera se\u00f1al\u00f3 que desde el Partido Verde en Veracruz se dar\u00e1 seguimiento a la discusi\u00f3n de la iniciativa en el Congreso de la Uni\u00f3n y reiter\u00f3 que toda actualizaci\u00f3n del marco jur\u00eddico ambiental debe traducirse en resultados concretos para las comunidades.<\/p>\n\n\n\n<p>\u201cLas leyes ambientales tienen sentido cuando se convierten en protecci\u00f3n efectiva del territorio. Desde el Partido Verde seguiremos impulsando una agenda donde la prevenci\u00f3n, la restauraci\u00f3n y la responsabilidad ambiental sean una prioridad. Cuidar nuestros recursos naturales es cuidar el presente y el futuro de Veracruz\u201d, concluy\u00f3.<\/p>\n\n\n\n<p><\/p>\n","protected":false},"excerpt":{"rendered":"<p>Ante la presentaci\u00f3n de la iniciativa para renovar el marco jur\u00eddico ambiental del pa\u00eds, el dirigente estatal del Partido Verde Ecologista de M\u00e9xico (PVEM) en Veracruz, Edgar Herrera Lendechy, se\u00f1al\u00f3 que M\u00e9xico requiere una legislaci\u00f3n acorde con los desaf\u00edos ambientales actuales y, principalmente, con herramientas que permitan prevenir los da\u00f1os antes de que sus consecuencias [&hellip;]<\/p>\n","protected":false},"author":2,"featured_media":160921,"comment_status":"closed","ping_status":"closed","sticky":false,"template":"","format":"standard","meta":{"tdm_status":"","tdm_grid_status":"","footnotes":""},"categories":[73],"tags":[69519,41751,70964,1037,264,18302,195],"class_list":{"0":"post-179769","1":"post","2":"type-post","3":"status-publish","4":"format-standard","5":"has-post-thumbnail","7":"category-de-boleto","8":"tag-biodiversidad","9":"tag-edgar-herrera-lendechy","10":"tag-legislacion-ambiental","11":"tag-medio-ambiente","12":"tag-pvem","13":"tag-recursos-naturales","14":"tag-veracruz"},"yoast_head":"<!-- This site is optimized with the Yoast SEO plugin v28.1 - https:\/\/yoast.com\/product\/yoast-seo-wordpress\/ -->\n<title>PRIMERO PREVENIR, LUEGO REPARAR - Los pol\u00edticos Veracruz<\/title>\n<meta name=\"robots\" content=\"index, follow, max-snippet:-1, max-image-preview:large, max-video-preview:-1\" \/>\n<link rel=\"canonical\" href=\"https:\/\/lospoliticosveracruz.com\/?p=179769\" \/>\n<meta property=\"og:locale\" content=\"es_ES\" \/>\n<meta property=\"og:type\" content=\"article\" \/>\n<meta property=\"og:title\" content=\"PRIMERO PREVENIR, LUEGO REPARAR - Los pol\u00edticos Veracruz\" \/>\n<meta property=\"og:description\" content=\"Ante la presentaci\u00f3n de la iniciativa para renovar el marco jur\u00eddico ambiental del pa\u00eds, el dirigente estatal del Partido Verde Ecologista de M\u00e9xico (PVEM) en Veracruz, Edgar Herrera Lendechy, se\u00f1al\u00f3 que M\u00e9xico requiere una legislaci\u00f3n acorde con los desaf\u00edos ambientales actuales y, principalmente, con herramientas que permitan prevenir los da\u00f1os antes de que sus consecuencias [&hellip;]\" \/>\n<meta property=\"og:url\" content=\"https:\/\/lospoliticosveracruz.com\/?p=179769\" \/>\n<meta property=\"og:site_name\" content=\"Los pol\u00edticos Veracruz\" \/>\n<meta property=\"article:publisher\" content=\"https:\/\/www.facebook.com\/people\/Notimemes-de-los-Polticos\/61565672886568\/\" \/>\n<meta property=\"article:published_time\" content=\"2026-09-01T16:15:55+00:00\" \/>\n<meta property=\"article:modified_time\" content=\"2026-09-01T16:15:57+00:00\" \/>\n<meta property=\"og:image\" content=\"https:\/\/lospoliticosveracruz.com\/wp-content\/uploads\/2026\/01\/Edgar-Herrera.jpeg\" \/>\n\t<meta property=\"og:image:width\" content=\"600\" \/>\n\t<meta property=\"og:image:height\" content=\"320\" \/>\n\t<meta property=\"og:image:type\" content=\"image\/jpeg\" \/>\n<meta name=\"author\" content=\"Lo viste en Los Pol\u00edticos\" \/>\n<meta name=\"twitter:card\" content=\"summary_large_image\" \/>\n<meta name=\"twitter:creator\" content=\"@LosPoliticosVer\" \/>\n<meta name=\"twitter:site\" content=\"@LosPoliticosVer\" \/>\n<meta name=\"twitter:label1\" content=\"Escrito por\" \/>\n\t<meta name=\"twitter:data1\" content=\"Lo viste en Los Pol\u00edticos\" \/>\n\t<meta name=\"twitter:label2\" content=\"Tiempo de lectura\" \/>\n\t<meta name=\"twitter:data2\" content=\"3 minutos\" \/>\n<script type=\"application\/ld+json\" class=\"yoast-schema-graph\">{\"@context\":\"https:\\\/\\\/schema.org\",\"@graph\":[{\"@type\":\"Article\",\"@id\":\"https:\\\/\\\/lospoliticosveracruz.com\\\/?p=179769#article\",\"isPartOf\":{\"@id\":\"https:\\\/\\\/lospoliticosveracruz.com\\\/?p=179769\"},\"author\":{\"name\":\"Lo viste en Los Pol\u00edticos\",\"@id\":\"https:\\\/\\\/lospoliticosveracruz.com\\\/#\\\/schema\\\/person\\\/b8702bb0e538456e6efd07080bf2a4a2\"},\"headline\":\"PRIMERO PREVENIR, LUEGO REPARAR\",\"datePublished\":\"2026-09-01T16:15:55+00:00\",\"dateModified\":\"2026-09-01T16:15:57+00:00\",\"mainEntityOfPage\":{\"@id\":\"https:\\\/\\\/lospoliticosveracruz.com\\\/?p=179769\"},\"wordCount\":490,\"publisher\":{\"@id\":\"https:\\\/\\\/lospoliticosveracruz.com\\\/#organization\"},\"image\":{\"@id\":\"https:\\\/\\\/lospoliticosveracruz.com\\\/?p=179769#primaryimage\"},\"thumbnailUrl\":\"https:\\\/\\\/lospoliticosveracruz.com\\\/wp-content\\\/uploads\\\/2026\\\/01\\\/Edgar-Herrera.jpeg\",\"keywords\":[\"biodiversidad\",\"Edgar Herrera Lendechy\",\"legislaci\u00f3n ambiental\",\"Medio Ambiente\",\"PVEM\",\"recursos naturales\",\"Veracruz\"],\"articleSection\":[\"De Boleto\"],\"inLanguage\":\"es\"},{\"@type\":\"WebPage\",\"@id\":\"https:\\\/\\\/lospoliticosveracruz.com\\\/?p=179769\",\"url\":\"https:\\\/\\\/lospoliticosveracruz.com\\\/?p=179769\",\"name\":\"PRIMERO PREVENIR, LUEGO REPARAR - Los pol\u00edticos Veracruz\",\"isPartOf\":{\"@id\":\"https:\\\/\\\/lospoliticosveracruz.com\\\/#website\"},\"primaryImageOfPage\":{\"@id\":\"https:\\\/\\\/lospoliticosveracruz.com\\\/?p=179769#primaryimage\"},\"image\":{\"@id\":\"https:\\\/\\\/lospoliticosveracruz.com\\\/?p=179769#primaryimage\"},\"thumbnailUrl\":\"https:\\\/\\\/lospoliticosveracruz.com\\\/wp-content\\\/uploads\\\/2026\\\/01\\\/Edgar-Herrera.jpeg\",\"datePublished\":\"2026-09-01T16:15:55+00:00\",\"dateModified\":\"2026-09-01T16:15:57+00:00\",\"breadcrumb\":{\"@id\":\"https:\\\/\\\/lospoliticosveracruz.com\\\/?p=179769#breadcrumb\"},\"inLanguage\":\"es\",\"potentialAction\":[{\"@type\":\"ReadAction\",\"target\":[\"https:\\\/\\\/lospoliticosveracruz.com\\\/?p=179769\"]}]},{\"@type\":\"ImageObject\",\"inLanguage\":\"es\",\"@id\":\"https:\\\/\\\/lospoliticosveracruz.com\\\/?p=179769#primaryimage\",\"url\":\"https:\\\/\\\/lospoliticosveracruz.com\\\/wp-content\\\/uploads\\\/2026\\\/01\\\/Edgar-Herrera.jpeg\",\"contentUrl\":\"https:\\\/\\\/lospoliticosveracruz.com\\\/wp-content\\\/uploads\\\/2026\\\/01\\\/Edgar-Herrera.jpeg\",\"width\":600,\"height\":320},{\"@type\":\"BreadcrumbList\",\"@id\":\"https:\\\/\\\/lospoliticosveracruz.com\\\/?p=179769#breadcrumb\",\"itemListElement\":[{\"@type\":\"ListItem\",\"position\":1,\"name\":\"Portada\",\"item\":\"https:\\\/\\\/lospoliticosveracruz.com\\\/\"},{\"@type\":\"ListItem\",\"position\":2,\"name\":\"PRIMERO PREVENIR, LUEGO REPARAR\"}]},{\"@type\":\"WebSite\",\"@id\":\"https:\\\/\\\/lospoliticosveracruz.com\\\/#website\",\"url\":\"https:\\\/\\\/lospoliticosveracruz.com\\\/\",\"name\":\"Los pol\u00edticos Veracruz\",\"description\":\"\",\"publisher\":{\"@id\":\"https:\\\/\\\/lospoliticosveracruz.com\\\/#organization\"},\"potentialAction\":[{\"@type\":\"SearchAction\",\"target\":{\"@type\":\"EntryPoint\",\"urlTemplate\":\"https:\\\/\\\/lospoliticosveracruz.com\\\/?s={search_term_string}\"},\"query-input\":{\"@type\":\"PropertyValueSpecification\",\"valueRequired\":true,\"valueName\":\"search_term_string\"}}],\"inLanguage\":\"es\"},{\"@type\":\"Organization\",\"@id\":\"https:\\\/\\\/lospoliticosveracruz.com\\\/#organization\",\"name\":\"Los pol\u00edticos Veracruz\",\"url\":\"https:\\\/\\\/lospoliticosveracruz.com\\\/\",\"logo\":{\"@type\":\"ImageObject\",\"inLanguage\":\"es\",\"@id\":\"https:\\\/\\\/lospoliticosveracruz.com\\\/#\\\/schema\\\/logo\\\/image\\\/\",\"url\":\"https:\\\/\\\/lospoliticosveracruz.com\\\/wp-content\\\/uploads\\\/2025\\\/12\\\/Logo-Nuevo-LOS-POLITICOS-1.jpg\",\"contentUrl\":\"https:\\\/\\\/lospoliticosveracruz.com\\\/wp-content\\\/uploads\\\/2025\\\/12\\\/Logo-Nuevo-LOS-POLITICOS-1.jpg\",\"width\":260,\"height\":70,\"caption\":\"Los pol\u00edticos Veracruz\"},\"image\":{\"@id\":\"https:\\\/\\\/lospoliticosveracruz.com\\\/#\\\/schema\\\/logo\\\/image\\\/\"},\"sameAs\":[\"https:\\\/\\\/www.facebook.com\\\/people\\\/Notimemes-de-los-Polticos\\\/61565672886568\\\/\",\"https:\\\/\\\/x.com\\\/LosPoliticosVer\"]},{\"@type\":\"Person\",\"@id\":\"https:\\\/\\\/lospoliticosveracruz.com\\\/#\\\/schema\\\/person\\\/b8702bb0e538456e6efd07080bf2a4a2\",\"name\":\"Lo viste en Los Pol\u00edticos\",\"image\":{\"@type\":\"ImageObject\",\"inLanguage\":\"es\",\"@id\":\"https:\\\/\\\/secure.gravatar.com\\\/avatar\\\/3a8de04a2656d44082be478bd6c086daa447c4651605818287b9532d3d0bd435?s=96&d=mm&r=g\",\"url\":\"https:\\\/\\\/secure.gravatar.com\\\/avatar\\\/3a8de04a2656d44082be478bd6c086daa447c4651605818287b9532d3d0bd435?s=96&d=mm&r=g\",\"contentUrl\":\"https:\\\/\\\/secure.gravatar.com\\\/avatar\\\/3a8de04a2656d44082be478bd6c086daa447c4651605818287b9532d3d0bd435?s=96&d=mm&r=g\",\"caption\":\"Lo viste en Los Pol\u00edticos\"},\"url\":\"https:\\\/\\\/lospoliticosveracruz.com\\\/?author=2\"}]}<\/script>\n<!-- \/ Yoast SEO plugin. -->","yoast_head_json":{"title":"PRIMERO PREVENIR, LUEGO REPARAR - Los pol\u00edticos Veracruz","robots":{"index":"index","follow":"follow","max-snippet":"max-snippet:-1","max-image-preview":"max-image-preview:large","max-video-preview":"max-video-preview:-1"},"canonical":"https:\/\/lospoliticosveracruz.com\/?p=179769","og_locale":"es_ES","og_type":"article","og_title":"PRIMERO PREVENIR, LUEGO REPARAR - Los pol\u00edticos Veracruz","og_description":"Ante la presentaci\u00f3n de la iniciativa para renovar el marco jur\u00eddico ambiental del pa\u00eds, el dirigente estatal del Partido Verde Ecologista de M\u00e9xico (PVEM) en Veracruz, Edgar Herrera Lendechy, se\u00f1al\u00f3 que M\u00e9xico requiere una legislaci\u00f3n acorde con los desaf\u00edos ambientales actuales y, principalmente, con herramientas que permitan prevenir los da\u00f1os antes de que sus consecuencias [&hellip;]","og_url":"https:\/\/lospoliticosveracruz.com\/?p=179769","og_site_name":"Los pol\u00edticos Veracruz","article_publisher":"https:\/\/www.facebook.com\/people\/Notimemes-de-los-Polticos\/61565672886568\/","article_published_time":"2026-09-01T16:15:55+00:00","article_modified_time":"2026-09-01T16:15:57+00:00","og_image":[{"width":600,"height":320,"url":"https:\/\/lospoliticosveracruz.com\/wp-content\/uploads\/2026\/01\/Edgar-Herrera.jpeg","type":"image\/jpeg"}],"author":"Lo viste en Los Pol\u00edticos","twitter_card":"summary_large_image","twitter_creator":"@LosPoliticosVer","twitter_site":"@LosPoliticosVer","twitter_misc":{"Escrito por":"Lo viste en Los Pol\u00edticos","Tiempo de lectura":"3 minutos"},"schema":{"@context":"https:\/\/schema.org","@graph":[{"@type":"Article","@id":"https:\/\/lospoliticosveracruz.com\/?p=179769#article","isPartOf":{"@id":"https:\/\/lospoliticosveracruz.com\/?p=179769"},"author":{"name":"Lo viste en Los Pol\u00edticos","@id":"https:\/\/lospoliticosveracruz.com\/#\/schema\/person\/b8702bb0e538456e6efd07080bf2a4a2"},"headline":"PRIMERO PREVENIR, LUEGO REPARAR","datePublished":"2026-09-01T16:15:55+00:00","dateModified":"2026-09-01T16:15:57+00:00","mainEntityOfPage":{"@id":"https:\/\/lospoliticosveracruz.com\/?p=179769"},"wordCount":490,"publisher":{"@id":"https:\/\/lospoliticosveracruz.com\/#organization"},"image":{"@id":"https:\/\/lospoliticosveracruz.com\/?p=179769#primaryimage"},"thumbnailUrl":"https:\/\/lospoliticosveracruz.com\/wp-content\/uploads\/2026\/01\/Edgar-Herrera.jpeg","keywords":["biodiversidad","Edgar Herrera Lendechy","legislaci\u00f3n ambiental","Medio Ambiente","PVEM","recursos naturales","Veracruz"],"articleSection":["De Boleto"],"inLanguage":"es"},{"@type":"WebPage","@id":"https:\/\/lospoliticosveracruz.com\/?p=179769","url":"https:\/\/lospoliticosveracruz.com\/?p=179769","name":"PRIMERO PREVENIR, LUEGO REPARAR - Los pol\u00edticos Veracruz","isPartOf":{"@id":"https:\/\/lospoliticosveracruz.com\/#website"},"primaryImageOfPage":{"@id":"https:\/\/lospoliticosveracruz.com\/?p=179769#primaryimage"},"image":{"@id":"https:\/\/lospoliticosveracruz.com\/?p=179769#primaryimage"},"thumbnailUrl":"https:\/\/lospoliticosveracruz.com\/wp-content\/uploads\/2026\/01\/Edgar-Herrera.jpeg","datePublished":"2026-09-01T16:15:55+00:00","dateModified":"2026-09-01T16:15:57+00:00","breadcrumb":{"@id":"https:\/\/lospoliticosveracruz.com\/?p=179769#breadcrumb"},"inLanguage":"es","potentialAction":[{"@type":"ReadAction","target":["https:\/\/lospoliticosveracruz.com\/?p=179769"]}]},{"@type":"ImageObject","inLanguage":"es","@id":"https:\/\/lospoliticosveracruz.com\/?p=179769#primaryimage","url":"https:\/\/lospoliticosveracruz.com\/wp-content\/uploads\/2026\/01\/Edgar-Herrera.jpeg","contentUrl":"https:\/\/lospoliticosveracruz.com\/wp-content\/uploads\/2026\/01\/Edgar-Herrera.jpeg","width":600,"height":320},{"@type":"BreadcrumbList","@id":"https:\/\/lospoliticosveracruz.com\/?p=179769#breadcrumb","itemListElement":[{"@type":"ListItem","position":1,"name":"Portada","item":"https:\/\/lospoliticosveracruz.com\/"},{"@type":"ListItem","position":2,"name":"PRIMERO PREVENIR, LUEGO REPARAR"}]},{"@type":"WebSite","@id":"https:\/\/lospoliticosveracruz.com\/#website","url":"https:\/\/lospoliticosveracruz.com\/","name":"Los pol\u00edticos Veracruz","description":"","publisher":{"@id":"https:\/\/lospoliticosveracruz.com\/#organization"},"potentialAction":[{"@type":"SearchAction","target":{"@type":"EntryPoint","urlTemplate":"https:\/\/lospoliticosveracruz.com\/?s={search_term_string}"},"query-input":{"@type":"PropertyValueSpecification","valueRequired":true,"valueName":"search_term_string"}}],"inLanguage":"es"},{"@type":"Organization","@id":"https:\/\/lospoliticosveracruz.com\/#organization","name":"Los pol\u00edticos Veracruz","url":"https:\/\/lospoliticosveracruz.com\/","logo":{"@type":"ImageObject","inLanguage":"es","@id":"https:\/\/lospoliticosveracruz.com\/#\/schema\/logo\/image\/","url":"https:\/\/lospoliticosveracruz.com\/wp-content\/uploads\/2025\/12\/Logo-Nuevo-LOS-POLITICOS-1.jpg","contentUrl":"https:\/\/lospoliticosveracruz.com\/wp-content\/uploads\/2025\/12\/Logo-Nuevo-LOS-POLITICOS-1.jpg","width":260,"height":70,"caption":"Los pol\u00edticos Veracruz"},"image":{"@id":"https:\/\/lospoliticosveracruz.com\/#\/schema\/logo\/image\/"},"sameAs":["https:\/\/www.facebook.com\/people\/Notimemes-de-los-Polticos\/61565672886568\/","https:\/\/x.com\/LosPoliticosVer"]},{"@type":"Person","@id":"https:\/\/lospoliticosveracruz.com\/#\/schema\/person\/b8702bb0e538456e6efd07080bf2a4a2","name":"Lo viste en Los Pol\u00edticos","image":{"@type":"ImageObject","inLanguage":"es","@id":"https:\/\/secure.gravatar.com\/avatar\/3a8de04a2656d44082be478bd6c086daa447c4651605818287b9532d3d0bd435?s=96&d=mm&r=g","url":"https:\/\/secure.gravatar.com\/avatar\/3a8de04a2656d44082be478bd6c086daa447c4651605818287b9532d3d0bd435?s=96&d=mm&r=g","contentUrl":"https:\/\/secure.gravatar.com\/avatar\/3a8de04a2656d44082be478bd6c086daa447c4651605818287b9532d3d0bd435?s=96&d=mm&r=g","caption":"Lo viste en Los Pol\u00edticos"},"url":"https:\/\/lospoliticosveracruz.com\/?author=2"}]}},"_links":{"self":[{"href":"https:\/\/lospoliticosveracruz.com\/index.php?rest_route=\/wp\/v2\/posts\/179769","targetHints":{"allow":["GET"]}}],"collection":[{"href":"https:\/\/lospoliticosveracruz.com\/index.php?rest_route=\/wp\/v2\/posts"}],"about":[{"href":"https:\/\/lospoliticosveracruz.com\/index.php?rest_route=\/wp\/v2\/types\/post"}],"author":[{"embeddable":true,"href":"https:\/\/lospoliticosveracruz.com\/index.php?rest_route=\/wp\/v2\/users\/2"}],"replies":[{"embeddable":true,"href":"https:\/\/lospoliticosveracruz.com\/index.php?rest_route=%2Fwp%2Fv2%2Fcomments&post=179769"}],"version-history":[{"count":1,"href":"https:\/\/lospoliticosveracruz.com\/index.php?rest_route=\/wp\/v2\/posts\/179769\/revisions"}],"predecessor-version":[{"id":179770,"href":"https:\/\/lospoliticosveracruz.com\/index.php?rest_route=\/wp\/v2\/posts\/179769\/revisions\/179770"}],"wp:featuredmedia":[{"embeddable":true,"href":"https:\/\/lospoliticosveracruz.com\/index.php?rest_route=\/wp\/v2\/media\/160921"}],"wp:attachment":[{"href":"https:\/\/lospoliticosveracruz.com\/index.php?rest_route=%2Fwp%2Fv2%2Fmedia&parent=179769"}],"wp:term":[{"taxonomy":"category","embeddable":true,"href":"https:\/\/lospoliticosveracruz.com\/index.php?rest_route=%2Fwp%2Fv2%2Fcategories&post=179769"},{"taxonomy":"post_tag","embeddable":true,"href":"https:\/\/lospoliticosveracruz.com\/index.php?rest_route=%2Fwp%2Fv2%2Ftags&post=179769"}],"curies":[{"name":"wp","href":"https:\/\/api.w.org\/{rel}","templated":true}]}}