{"id":179774,"date":"2026-09-01T11:18:11","date_gmt":"2026-09-01T17:18:11","guid":{"rendered":"https:\/\/lospoliticosveracruz.com\/?p=179774"},"modified":"2026-09-01T11:18:13","modified_gmt":"2026-09-01T17:18:13","slug":"ya-estan-adentro-es-muy-tarde","status":"publish","type":"post","link":"https:\/\/lospoliticosveracruz.com\/?p=179774","title":{"rendered":"YA EST\u00c1N ADENTRO, \u00bfES MUY TARDE?"},"content":{"rendered":"<div class=\"wp-block-image\">\n<figure class=\"alignleft size-large is-resized\"><a href=\"https:\/\/lospoliticosveracruz.com\/wp-content\/uploads\/2026\/09\/banners-prevencion-suicidio-500x500-1.png\"><img loading=\"lazy\" decoding=\"async\" width=\"1024\" height=\"1024\" src=\"https:\/\/lospoliticosveracruz.com\/wp-content\/uploads\/2026\/09\/banners-prevencion-suicidio-500x500-1-1024x1024.png\" alt=\"\" class=\"wp-image-179740\" style=\"width:476px;height:auto\" srcset=\"https:\/\/lospoliticosveracruz.com\/wp-content\/uploads\/2026\/09\/banners-prevencion-suicidio-500x500-1-1024x1024.png 1024w, https:\/\/lospoliticosveracruz.com\/wp-content\/uploads\/2026\/09\/banners-prevencion-suicidio-500x500-1-300x300.png 300w, https:\/\/lospoliticosveracruz.com\/wp-content\/uploads\/2026\/09\/banners-prevencion-suicidio-500x500-1-150x150.png 150w, https:\/\/lospoliticosveracruz.com\/wp-content\/uploads\/2026\/09\/banners-prevencion-suicidio-500x500-1-768x768.png 768w, https:\/\/lospoliticosveracruz.com\/wp-content\/uploads\/2026\/09\/banners-prevencion-suicidio-500x500-1-1536x1536.png 1536w, https:\/\/lospoliticosveracruz.com\/wp-content\/uploads\/2026\/09\/banners-prevencion-suicidio-500x500-1-2048x2048.png 2048w, https:\/\/lospoliticosveracruz.com\/wp-content\/uploads\/2026\/09\/banners-prevencion-suicidio-500x500-1-420x420.png 420w, https:\/\/lospoliticosveracruz.com\/wp-content\/uploads\/2026\/09\/banners-prevencion-suicidio-500x500-1-696x696.png 696w, https:\/\/lospoliticosveracruz.com\/wp-content\/uploads\/2026\/09\/banners-prevencion-suicidio-500x500-1-1068x1068.png 1068w, https:\/\/lospoliticosveracruz.com\/wp-content\/uploads\/2026\/09\/banners-prevencion-suicidio-500x500-1-1920x1920.png 1920w\" sizes=\"auto, (max-width: 1024px) 100vw, 1024px\" \/><\/a><\/figure>\n<\/div>\n\n\n<p>_En memoria de Henry, quien muri\u00f3 a los tres a\u00f1os, v\u00edctima inocente de la violencia en M\u00e9xico._<\/p>\n\n\n\n<p>Ram\u00f3n Alberto Reyes Viveros<\/p>\n\n\n\n<p>Zoociedad An\u00f3nima<\/p>\n\n\n\n<p>Hoy Claudia Sheinbaum entrega su Segundo Informe de Gobierno. Hablar\u00e1 de seguridad, programas sociales, soberan\u00eda, resultados y del pa\u00eds que recibi\u00f3 y est\u00e1 construyendo.<\/p>\n\n\n\n<p>Pero hay una pregunta que dif\u00edcilmente aparecer\u00e1 en el documento: \u00bfhasta d\u00f3nde est\u00e1 dispuesta a llegar contra la narcopol\u00edtica cuando los se\u00f1alados est\u00e1n dentro de su propio movimiento?<\/p>\n\n\n\n<p>Quiero creer que la Presidenta s\u00ed quiere combatirla.<\/p>\n\n\n\n<p>La duda es si los suyos la van a dejar.<\/p>\n\n\n\n<p>El senador priista Pablo Angulo puso sobre la mesa la noche de este lunes, ante medios de comunicaci\u00f3n, una comparaci\u00f3n inc\u00f3moda: M\u00e9xico-Colombia, los tiempos de Pablo Escobar y de Enrique Inzunza.<\/p>\n\n\n\n<p>\u201cNi en los tiempos de Pablo Escobar se normalizaba que legisladores se\u00f1alados por v\u00ednculos con el crimen organizado permanecieran en sus cargos.<\/p>\n\n\n\n<p>\u201cEn otros tiempos, por menos de la mitad, gobiernos responsables como los del PRI ya los hubieran puesto tras las rejas y estar\u00edan en Estados Unidos en extradici\u00f3n\u201d, se\u00f1al\u00f3.<\/p>\n\n\n\n<p>El legislador sostuvo que M\u00e9xico no puede normalizar estos se\u00f1alamientos y que, pese a los riesgos, deben seguir denunci\u00e1ndose.<\/p>\n\n\n\n<p>No es menor.<\/p>\n\n\n\n<p>Escobar lleg\u00f3 al Congreso. Antes de las bombas, los asesinatos y el terror que termin\u00f3 estremeciendo a Colombia, el narcotr\u00e1fico ya hab\u00eda entendido algo elemental: el verdadero poder no consiste solamente en desafiar al Estado, sino en penetrarlo.<\/p>\n\n\n\n<p>M\u00e9xico deber\u00eda mirar ese espejo.<\/p>\n\n\n\n<p>El senador sinaloense Enrique Inzunza regres\u00f3 al Senado despu\u00e9s de meses de ausencia, en medio de se\u00f1alamientos sobre presuntos v\u00ednculos con el crimen organizado que \u00e9l niega categ\u00f3ricamente.<\/p>\n\n\n\n<p>Lo incomodaron visiblemente las senadoras Lilly T\u00e9llez y Paloma S\u00e1nchez; lo confrontaron con sus declaraciones una tercia de priistas m\u00e1s: Claudia Anaya, Carolina Viggiano y Pablo Angulo.<\/p>\n\n\n\n<p>Despu\u00e9s llegaron los periodistas.<\/p>\n\n\n\n<p>En el Patio del Federalismo, la maestra Leticia Robles de la Rosa, entre otros reporteros, lo cuestion\u00f3 sobre las versiones y documentos que han alimentado el caso. Inzunza, antes de terminar de escuchar, le lanz\u00f3 un desaf\u00edo: si aquella carta mencionaba su nombre, \u201crenuncio al Senado ahorita mismo\u201d.<\/p>\n\n\n\n<p>Robles respondi\u00f3:<\/p>\n\n\n\n<p>\u201cYo no tengo la carta del narcotraficante, yo no me relaciono con narcotraficantes\u201d.<\/p>\n\n\n\n<p>La escena fue brutal.<\/p>\n\n\n\n<p>Ya no era oposici\u00f3n contra oficialismo.<\/p>\n\n\n\n<p>Era el senador despreciado en Palacio Nacional, pero arropado por el verdadero poder del Senado, refutando todo con c\u00f3lera a diestra y siniestra, retando a quienes modesta, pero dignamente, ejercen su oficio.<\/p>\n\n\n\n<p>Y mientras eso suced\u00eda, otra imagen explicaba mejor que cualquier discurso c\u00f3mo funciona el poder dentro del Senado.<\/p>\n\n\n\n<p>Reforma exhibi\u00f3 al senador Cuauht\u00e9moc Ochoa escribi\u00e9ndole \u201cJefe\u201d a Ad\u00e1n Augusto L\u00f3pez para consultarle sobre una comisi\u00f3n y hablar de candidaturas.<\/p>\n\n\n\n<p>Ad\u00e1n Augusto dej\u00f3 la presidencia de la Junta de Coordinaci\u00f3n Pol\u00edtica.<\/p>\n\n\n\n<p>Al parecer, no necesariamente el mando.<\/p>\n\n\n\n<p>Sobre \u00e9l permanece, adem\u00e1s, la sombra pol\u00edtica de Hern\u00e1n Berm\u00fadez Requena, quien fue su secretario de Seguridad cuando gobernaba Tabasco y posteriormente fue se\u00f1alado como l\u00edder de La Barredora. Ad\u00e1n Augusto ha negado conocer sus actividades criminales.<\/p>\n\n\n\n<p>A estos y otros personajes la oposici\u00f3n ya les puso un nombre inc\u00f3modo: los \u201cnarcopol\u00edticos\u201d.<\/p>\n\n\n\n<p>Alejandro Moreno C\u00e1rdenas, de forma valiente, decidi\u00f3 llevar esas denuncias fuera de M\u00e9xico. Las internacionaliz\u00f3 y acudi\u00f3 a Estados Unidos para denunciar presuntos v\u00ednculos entre pol\u00edticos mexicanos y el crimen organizado.<\/p>\n\n\n\n<p>Ahora quienes fueron denunciados pretenden llevar al denunciante al desafuero.<\/p>\n\n\n\n<p>Qu\u00e9 curiosa manera de combatir las denuncias: investigando al que denuncia.<\/p>\n\n\n\n<p>Y afuera del Senado, M\u00e9xico arde.<\/p>\n\n\n\n<p>En Ojocaliente, Zacatecas, explot\u00f3 un coche bomba frente a una comandancia. No es una escena de narcoseries. No ocurri\u00f3 en Medell\u00edn durante los ochenta.<\/p>\n\n\n\n<p>Ocurri\u00f3 aqu\u00ed. Ahora.<\/p>\n\n\n\n<p>Por eso la comparaci\u00f3n con Colombia no deber\u00eda ofendernos.<\/p>\n\n\n\n<p>Deber\u00eda aterrarnos.<\/p>\n\n\n\n<p>Porque Colombia aprendi\u00f3 con sangre que cuando el crimen organizado busca poder pol\u00edtico, las bombas son apenas una parte del problema. La otra aparece cuando la sociedad deja de sorprenderse de encontrar nombres, fotograf\u00edas, acusaciones y expedientes alrededor de quienes toman decisiones p\u00fablicas.<\/p>\n\n\n\n<p>No afirmo culpabilidades. Eso corresponde a fiscales y jueces.<\/p>\n\n\n\n<p>Pero tampoco acepto que exigir investigaciones sea persecuci\u00f3n pol\u00edtica, ni que preguntar sea difamar.<\/p>\n\n\n\n<p>M\u00e9xico tiene derecho a saber.<\/p>\n\n\n\n<p>Y Claudia Sheinbaum tiene frente a s\u00ed una oportunidad que quiz\u00e1 defina mucho m\u00e1s su sexenio que cualquier cifra presentada hoy: demostrar que est\u00e1 dispuesta a investigar hacia afuera, pero tambi\u00e9n hacia adentro.<\/p>\n\n\n\n<p>Sin importar partido.<\/p>\n\n\n\n<p>Sin importar apellido.<\/p>\n\n\n\n<p>Sin importar qui\u00e9n sea el \u201cJefe\u201d.<\/p>\n\n\n\n<p>Quiero creer que lo har\u00e1.<\/p>\n\n\n\n<p>Porque todav\u00eda prefiero creer que la Presidenta puede enfrentarse a la narcopol\u00edtica antes que aceptar que la narcopol\u00edtica termin\u00f3 imponi\u00e9ndose sobre la Presidenta.<\/p>\n\n\n\n<p>El joven senador Pablo Angulo cerr\u00f3 aquella declaraci\u00f3n la noche del 31 de agosto con seis palabras:<\/p>\n\n\n\n<p>\u201cDe eso se trata: defender a M\u00e9xico\u201d.<\/p>\n\n\n\n<p>Hoy yo agregar\u00eda solamente una:<\/p>\n\n\n\n<p>Presidenta: defi\u00e9ndalo.<\/p>\n\n\n\n<p>Aunque para hacerlo tenga que mirar hacia adentro.<\/p>\n\n\n\n<p><\/p>\n","protected":false},"excerpt":{"rendered":"<p>_En memoria de Henry, quien muri\u00f3 a los tres a\u00f1os, v\u00edctima inocente de la violencia en M\u00e9xico._ Ram\u00f3n Alberto Reyes Viveros Zoociedad An\u00f3nima Hoy Claudia Sheinbaum entrega su Segundo Informe de Gobierno. Hablar\u00e1 de seguridad, programas sociales, soberan\u00eda, resultados y del pa\u00eds que recibi\u00f3 y est\u00e1 construyendo. Pero hay una pregunta que dif\u00edcilmente aparecer\u00e1 en [&hellip;]<\/p>\n","protected":false},"author":2,"featured_media":144875,"comment_status":"closed","ping_status":"closed","sticky":false,"template":"","format":"standard","meta":{"tdm_status":"","tdm_grid_status":"","footnotes":""},"categories":[70],"tags":[15551],"class_list":{"0":"post-179774","1":"post","2":"type-post","3":"status-publish","4":"format-standard","5":"has-post-thumbnail","7":"category-de-opinion","8":"tag-ramon-alberto-reyes-viveros"},"yoast_head":"<!-- This site is optimized with the Yoast SEO plugin v28.1 - https:\/\/yoast.com\/product\/yoast-seo-wordpress\/ -->\n<title>YA EST\u00c1N ADENTRO, \u00bfES MUY TARDE? - Los pol\u00edticos Veracruz<\/title>\n<meta name=\"robots\" content=\"index, follow, max-snippet:-1, max-image-preview:large, max-video-preview:-1\" \/>\n<link rel=\"canonical\" href=\"https:\/\/lospoliticosveracruz.com\/?p=179774\" \/>\n<meta property=\"og:locale\" content=\"es_ES\" \/>\n<meta property=\"og:type\" content=\"article\" \/>\n<meta property=\"og:title\" content=\"YA EST\u00c1N ADENTRO, \u00bfES MUY TARDE? - Los pol\u00edticos Veracruz\" \/>\n<meta property=\"og:description\" content=\"_En memoria de Henry, quien muri\u00f3 a los tres a\u00f1os, v\u00edctima inocente de la violencia en M\u00e9xico._ Ram\u00f3n Alberto Reyes Viveros Zoociedad An\u00f3nima Hoy Claudia Sheinbaum entrega su Segundo Informe de Gobierno. Hablar\u00e1 de seguridad, programas sociales, soberan\u00eda, resultados y del pa\u00eds que recibi\u00f3 y est\u00e1 construyendo. Pero hay una pregunta que dif\u00edcilmente aparecer\u00e1 en [&hellip;]\" \/>\n<meta property=\"og:url\" content=\"https:\/\/lospoliticosveracruz.com\/?p=179774\" \/>\n<meta property=\"og:site_name\" content=\"Los pol\u00edticos Veracruz\" \/>\n<meta property=\"article:publisher\" content=\"https:\/\/www.facebook.com\/people\/Notimemes-de-los-Polticos\/61565672886568\/\" \/>\n<meta property=\"article:published_time\" content=\"2026-09-01T17:18:11+00:00\" \/>\n<meta property=\"article:modified_time\" content=\"2026-09-01T17:18:13+00:00\" \/>\n<meta property=\"og:image\" content=\"https:\/\/lospoliticosveracruz.com\/wp-content\/uploads\/2025\/05\/Ramon-Reyes-Viveros.jpg\" \/>\n\t<meta property=\"og:image:width\" content=\"1250\" \/>\n\t<meta property=\"og:image:height\" content=\"667\" \/>\n\t<meta property=\"og:image:type\" content=\"image\/jpeg\" \/>\n<meta name=\"author\" content=\"Lo viste en Los Pol\u00edticos\" \/>\n<meta name=\"twitter:card\" content=\"summary_large_image\" \/>\n<meta name=\"twitter:creator\" content=\"@LosPoliticosVer\" \/>\n<meta name=\"twitter:site\" content=\"@LosPoliticosVer\" \/>\n<meta name=\"twitter:label1\" content=\"Escrito por\" \/>\n\t<meta name=\"twitter:data1\" content=\"Lo viste en Los Pol\u00edticos\" \/>\n\t<meta name=\"twitter:label2\" content=\"Tiempo de lectura\" \/>\n\t<meta name=\"twitter:data2\" content=\"5 minutos\" \/>\n<script type=\"application\/ld+json\" class=\"yoast-schema-graph\">{\"@context\":\"https:\\\/\\\/schema.org\",\"@graph\":[{\"@type\":\"Article\",\"@id\":\"https:\\\/\\\/lospoliticosveracruz.com\\\/?p=179774#article\",\"isPartOf\":{\"@id\":\"https:\\\/\\\/lospoliticosveracruz.com\\\/?p=179774\"},\"author\":{\"name\":\"Lo viste en Los Pol\u00edticos\",\"@id\":\"https:\\\/\\\/lospoliticosveracruz.com\\\/#\\\/schema\\\/person\\\/b8702bb0e538456e6efd07080bf2a4a2\"},\"headline\":\"YA EST\u00c1N ADENTRO, \u00bfES MUY TARDE?\",\"datePublished\":\"2026-09-01T17:18:11+00:00\",\"dateModified\":\"2026-09-01T17:18:13+00:00\",\"mainEntityOfPage\":{\"@id\":\"https:\\\/\\\/lospoliticosveracruz.com\\\/?p=179774\"},\"wordCount\":882,\"publisher\":{\"@id\":\"https:\\\/\\\/lospoliticosveracruz.com\\\/#organization\"},\"image\":{\"@id\":\"https:\\\/\\\/lospoliticosveracruz.com\\\/?p=179774#primaryimage\"},\"thumbnailUrl\":\"https:\\\/\\\/lospoliticosveracruz.com\\\/wp-content\\\/uploads\\\/2025\\\/05\\\/Ramon-Reyes-Viveros.jpg\",\"keywords\":[\"Ram\u00f3n Alberto Reyes Viveros\"],\"articleSection\":[\"De Opini\u00f3n\"],\"inLanguage\":\"es\"},{\"@type\":\"WebPage\",\"@id\":\"https:\\\/\\\/lospoliticosveracruz.com\\\/?p=179774\",\"url\":\"https:\\\/\\\/lospoliticosveracruz.com\\\/?p=179774\",\"name\":\"YA EST\u00c1N ADENTRO, \u00bfES MUY TARDE? - Los pol\u00edticos Veracruz\",\"isPartOf\":{\"@id\":\"https:\\\/\\\/lospoliticosveracruz.com\\\/#website\"},\"primaryImageOfPage\":{\"@id\":\"https:\\\/\\\/lospoliticosveracruz.com\\\/?p=179774#primaryimage\"},\"image\":{\"@id\":\"https:\\\/\\\/lospoliticosveracruz.com\\\/?p=179774#primaryimage\"},\"thumbnailUrl\":\"https:\\\/\\\/lospoliticosveracruz.com\\\/wp-content\\\/uploads\\\/2025\\\/05\\\/Ramon-Reyes-Viveros.jpg\",\"datePublished\":\"2026-09-01T17:18:11+00:00\",\"dateModified\":\"2026-09-01T17:18:13+00:00\",\"breadcrumb\":{\"@id\":\"https:\\\/\\\/lospoliticosveracruz.com\\\/?p=179774#breadcrumb\"},\"inLanguage\":\"es\",\"potentialAction\":[{\"@type\":\"ReadAction\",\"target\":[\"https:\\\/\\\/lospoliticosveracruz.com\\\/?p=179774\"]}]},{\"@type\":\"ImageObject\",\"inLanguage\":\"es\",\"@id\":\"https:\\\/\\\/lospoliticosveracruz.com\\\/?p=179774#primaryimage\",\"url\":\"https:\\\/\\\/lospoliticosveracruz.com\\\/wp-content\\\/uploads\\\/2025\\\/05\\\/Ramon-Reyes-Viveros.jpg\",\"contentUrl\":\"https:\\\/\\\/lospoliticosveracruz.com\\\/wp-content\\\/uploads\\\/2025\\\/05\\\/Ramon-Reyes-Viveros.jpg\",\"width\":1250,\"height\":667},{\"@type\":\"BreadcrumbList\",\"@id\":\"https:\\\/\\\/lospoliticosveracruz.com\\\/?p=179774#breadcrumb\",\"itemListElement\":[{\"@type\":\"ListItem\",\"position\":1,\"name\":\"Portada\",\"item\":\"https:\\\/\\\/lospoliticosveracruz.com\\\/\"},{\"@type\":\"ListItem\",\"position\":2,\"name\":\"YA EST\u00c1N ADENTRO, \u00bfES MUY TARDE?\"}]},{\"@type\":\"WebSite\",\"@id\":\"https:\\\/\\\/lospoliticosveracruz.com\\\/#website\",\"url\":\"https:\\\/\\\/lospoliticosveracruz.com\\\/\",\"name\":\"Los pol\u00edticos Veracruz\",\"description\":\"\",\"publisher\":{\"@id\":\"https:\\\/\\\/lospoliticosveracruz.com\\\/#organization\"},\"potentialAction\":[{\"@type\":\"SearchAction\",\"target\":{\"@type\":\"EntryPoint\",\"urlTemplate\":\"https:\\\/\\\/lospoliticosveracruz.com\\\/?s={search_term_string}\"},\"query-input\":{\"@type\":\"PropertyValueSpecification\",\"valueRequired\":true,\"valueName\":\"search_term_string\"}}],\"inLanguage\":\"es\"},{\"@type\":\"Organization\",\"@id\":\"https:\\\/\\\/lospoliticosveracruz.com\\\/#organization\",\"name\":\"Los pol\u00edticos Veracruz\",\"url\":\"https:\\\/\\\/lospoliticosveracruz.com\\\/\",\"logo\":{\"@type\":\"ImageObject\",\"inLanguage\":\"es\",\"@id\":\"https:\\\/\\\/lospoliticosveracruz.com\\\/#\\\/schema\\\/logo\\\/image\\\/\",\"url\":\"https:\\\/\\\/lospoliticosveracruz.com\\\/wp-content\\\/uploads\\\/2025\\\/12\\\/Logo-Nuevo-LOS-POLITICOS-1.jpg\",\"contentUrl\":\"https:\\\/\\\/lospoliticosveracruz.com\\\/wp-content\\\/uploads\\\/2025\\\/12\\\/Logo-Nuevo-LOS-POLITICOS-1.jpg\",\"width\":260,\"height\":70,\"caption\":\"Los pol\u00edticos Veracruz\"},\"image\":{\"@id\":\"https:\\\/\\\/lospoliticosveracruz.com\\\/#\\\/schema\\\/logo\\\/image\\\/\"},\"sameAs\":[\"https:\\\/\\\/www.facebook.com\\\/people\\\/Notimemes-de-los-Polticos\\\/61565672886568\\\/\",\"https:\\\/\\\/x.com\\\/LosPoliticosVer\"]},{\"@type\":\"Person\",\"@id\":\"https:\\\/\\\/lospoliticosveracruz.com\\\/#\\\/schema\\\/person\\\/b8702bb0e538456e6efd07080bf2a4a2\",\"name\":\"Lo viste en Los Pol\u00edticos\",\"image\":{\"@type\":\"ImageObject\",\"inLanguage\":\"es\",\"@id\":\"https:\\\/\\\/secure.gravatar.com\\\/avatar\\\/3a8de04a2656d44082be478bd6c086daa447c4651605818287b9532d3d0bd435?s=96&d=mm&r=g\",\"url\":\"https:\\\/\\\/secure.gravatar.com\\\/avatar\\\/3a8de04a2656d44082be478bd6c086daa447c4651605818287b9532d3d0bd435?s=96&d=mm&r=g\",\"contentUrl\":\"https:\\\/\\\/secure.gravatar.com\\\/avatar\\\/3a8de04a2656d44082be478bd6c086daa447c4651605818287b9532d3d0bd435?s=96&d=mm&r=g\",\"caption\":\"Lo viste en Los Pol\u00edticos\"},\"url\":\"https:\\\/\\\/lospoliticosveracruz.com\\\/?author=2\"}]}<\/script>\n<!-- \/ Yoast SEO plugin. -->","yoast_head_json":{"title":"YA EST\u00c1N ADENTRO, \u00bfES MUY TARDE? - Los pol\u00edticos Veracruz","robots":{"index":"index","follow":"follow","max-snippet":"max-snippet:-1","max-image-preview":"max-image-preview:large","max-video-preview":"max-video-preview:-1"},"canonical":"https:\/\/lospoliticosveracruz.com\/?p=179774","og_locale":"es_ES","og_type":"article","og_title":"YA EST\u00c1N ADENTRO, \u00bfES MUY TARDE? - Los pol\u00edticos Veracruz","og_description":"_En memoria de Henry, quien muri\u00f3 a los tres a\u00f1os, v\u00edctima inocente de la violencia en M\u00e9xico._ Ram\u00f3n Alberto Reyes Viveros Zoociedad An\u00f3nima Hoy Claudia Sheinbaum entrega su Segundo Informe de Gobierno. Hablar\u00e1 de seguridad, programas sociales, soberan\u00eda, resultados y del pa\u00eds que recibi\u00f3 y est\u00e1 construyendo. Pero hay una pregunta que dif\u00edcilmente aparecer\u00e1 en [&hellip;]","og_url":"https:\/\/lospoliticosveracruz.com\/?p=179774","og_site_name":"Los pol\u00edticos Veracruz","article_publisher":"https:\/\/www.facebook.com\/people\/Notimemes-de-los-Polticos\/61565672886568\/","article_published_time":"2026-09-01T17:18:11+00:00","article_modified_time":"2026-09-01T17:18:13+00:00","og_image":[{"width":1250,"height":667,"url":"https:\/\/lospoliticosveracruz.com\/wp-content\/uploads\/2025\/05\/Ramon-Reyes-Viveros.jpg","type":"image\/jpeg"}],"author":"Lo viste en Los Pol\u00edticos","twitter_card":"summary_large_image","twitter_creator":"@LosPoliticosVer","twitter_site":"@LosPoliticosVer","twitter_misc":{"Escrito por":"Lo viste en Los Pol\u00edticos","Tiempo de lectura":"5 minutos"},"schema":{"@context":"https:\/\/schema.org","@graph":[{"@type":"Article","@id":"https:\/\/lospoliticosveracruz.com\/?p=179774#article","isPartOf":{"@id":"https:\/\/lospoliticosveracruz.com\/?p=179774"},"author":{"name":"Lo viste en Los Pol\u00edticos","@id":"https:\/\/lospoliticosveracruz.com\/#\/schema\/person\/b8702bb0e538456e6efd07080bf2a4a2"},"headline":"YA EST\u00c1N ADENTRO, \u00bfES MUY TARDE?","datePublished":"2026-09-01T17:18:11+00:00","dateModified":"2026-09-01T17:18:13+00:00","mainEntityOfPage":{"@id":"https:\/\/lospoliticosveracruz.com\/?p=179774"},"wordCount":882,"publisher":{"@id":"https:\/\/lospoliticosveracruz.com\/#organization"},"image":{"@id":"https:\/\/lospoliticosveracruz.com\/?p=179774#primaryimage"},"thumbnailUrl":"https:\/\/lospoliticosveracruz.com\/wp-content\/uploads\/2025\/05\/Ramon-Reyes-Viveros.jpg","keywords":["Ram\u00f3n Alberto Reyes Viveros"],"articleSection":["De Opini\u00f3n"],"inLanguage":"es"},{"@type":"WebPage","@id":"https:\/\/lospoliticosveracruz.com\/?p=179774","url":"https:\/\/lospoliticosveracruz.com\/?p=179774","name":"YA EST\u00c1N ADENTRO, \u00bfES MUY TARDE? - Los pol\u00edticos Veracruz","isPartOf":{"@id":"https:\/\/lospoliticosveracruz.com\/#website"},"primaryImageOfPage":{"@id":"https:\/\/lospoliticosveracruz.com\/?p=179774#primaryimage"},"image":{"@id":"https:\/\/lospoliticosveracruz.com\/?p=179774#primaryimage"},"thumbnailUrl":"https:\/\/lospoliticosveracruz.com\/wp-content\/uploads\/2025\/05\/Ramon-Reyes-Viveros.jpg","datePublished":"2026-09-01T17:18:11+00:00","dateModified":"2026-09-01T17:18:13+00:00","breadcrumb":{"@id":"https:\/\/lospoliticosveracruz.com\/?p=179774#breadcrumb"},"inLanguage":"es","potentialAction":[{"@type":"ReadAction","target":["https:\/\/lospoliticosveracruz.com\/?p=179774"]}]},{"@type":"ImageObject","inLanguage":"es","@id":"https:\/\/lospoliticosveracruz.com\/?p=179774#primaryimage","url":"https:\/\/lospoliticosveracruz.com\/wp-content\/uploads\/2025\/05\/Ramon-Reyes-Viveros.jpg","contentUrl":"https:\/\/lospoliticosveracruz.com\/wp-content\/uploads\/2025\/05\/Ramon-Reyes-Viveros.jpg","width":1250,"height":667},{"@type":"BreadcrumbList","@id":"https:\/\/lospoliticosveracruz.com\/?p=179774#breadcrumb","itemListElement":[{"@type":"ListItem","position":1,"name":"Portada","item":"https:\/\/lospoliticosveracruz.com\/"},{"@type":"ListItem","position":2,"name":"YA EST\u00c1N ADENTRO, \u00bfES MUY TARDE?"}]},{"@type":"WebSite","@id":"https:\/\/lospoliticosveracruz.com\/#website","url":"https:\/\/lospoliticosveracruz.com\/","name":"Los pol\u00edticos Veracruz","description":"","publisher":{"@id":"https:\/\/lospoliticosveracruz.com\/#organization"},"potentialAction":[{"@type":"SearchAction","target":{"@type":"EntryPoint","urlTemplate":"https:\/\/lospoliticosveracruz.com\/?s={search_term_string}"},"query-input":{"@type":"PropertyValueSpecification","valueRequired":true,"valueName":"search_term_string"}}],"inLanguage":"es"},{"@type":"Organization","@id":"https:\/\/lospoliticosveracruz.com\/#organization","name":"Los pol\u00edticos Veracruz","url":"https:\/\/lospoliticosveracruz.com\/","logo":{"@type":"ImageObject","inLanguage":"es","@id":"https:\/\/lospoliticosveracruz.com\/#\/schema\/logo\/image\/","url":"https:\/\/lospoliticosveracruz.com\/wp-content\/uploads\/2025\/12\/Logo-Nuevo-LOS-POLITICOS-1.jpg","contentUrl":"https:\/\/lospoliticosveracruz.com\/wp-content\/uploads\/2025\/12\/Logo-Nuevo-LOS-POLITICOS-1.jpg","width":260,"height":70,"caption":"Los pol\u00edticos Veracruz"},"image":{"@id":"https:\/\/lospoliticosveracruz.com\/#\/schema\/logo\/image\/"},"sameAs":["https:\/\/www.facebook.com\/people\/Notimemes-de-los-Polticos\/61565672886568\/","https:\/\/x.com\/LosPoliticosVer"]},{"@type":"Person","@id":"https:\/\/lospoliticosveracruz.com\/#\/schema\/person\/b8702bb0e538456e6efd07080bf2a4a2","name":"Lo viste en Los Pol\u00edticos","image":{"@type":"ImageObject","inLanguage":"es","@id":"https:\/\/secure.gravatar.com\/avatar\/3a8de04a2656d44082be478bd6c086daa447c4651605818287b9532d3d0bd435?s=96&d=mm&r=g","url":"https:\/\/secure.gravatar.com\/avatar\/3a8de04a2656d44082be478bd6c086daa447c4651605818287b9532d3d0bd435?s=96&d=mm&r=g","contentUrl":"https:\/\/secure.gravatar.com\/avatar\/3a8de04a2656d44082be478bd6c086daa447c4651605818287b9532d3d0bd435?s=96&d=mm&r=g","caption":"Lo viste en Los Pol\u00edticos"},"url":"https:\/\/lospoliticosveracruz.com\/?author=2"}]}},"_links":{"self":[{"href":"https:\/\/lospoliticosveracruz.com\/index.php?rest_route=\/wp\/v2\/posts\/179774","targetHints":{"allow":["GET"]}}],"collection":[{"href":"https:\/\/lospoliticosveracruz.com\/index.php?rest_route=\/wp\/v2\/posts"}],"about":[{"href":"https:\/\/lospoliticosveracruz.com\/index.php?rest_route=\/wp\/v2\/types\/post"}],"author":[{"embeddable":true,"href":"https:\/\/lospoliticosveracruz.com\/index.php?rest_route=\/wp\/v2\/users\/2"}],"replies":[{"embeddable":true,"href":"https:\/\/lospoliticosveracruz.com\/index.php?rest_route=%2Fwp%2Fv2%2Fcomments&post=179774"}],"version-history":[{"count":1,"href":"https:\/\/lospoliticosveracruz.com\/index.php?rest_route=\/wp\/v2\/posts\/179774\/revisions"}],"predecessor-version":[{"id":179775,"href":"https:\/\/lospoliticosveracruz.com\/index.php?rest_route=\/wp\/v2\/posts\/179774\/revisions\/179775"}],"wp:featuredmedia":[{"embeddable":true,"href":"https:\/\/lospoliticosveracruz.com\/index.php?rest_route=\/wp\/v2\/media\/144875"}],"wp:attachment":[{"href":"https:\/\/lospoliticosveracruz.com\/index.php?rest_route=%2Fwp%2Fv2%2Fmedia&parent=179774"}],"wp:term":[{"taxonomy":"category","embeddable":true,"href":"https:\/\/lospoliticosveracruz.com\/index.php?rest_route=%2Fwp%2Fv2%2Fcategories&post=179774"},{"taxonomy":"post_tag","embeddable":true,"href":"https:\/\/lospoliticosveracruz.com\/index.php?rest_route=%2Fwp%2Fv2%2Ftags&post=179774"}],"curies":[{"name":"wp","href":"https:\/\/api.w.org\/{rel}","templated":true}]}}