{"id":179776,"date":"2026-09-01T12:05:22","date_gmt":"2026-09-01T18:05:22","guid":{"rendered":"https:\/\/lospoliticosveracruz.com\/?p=179776"},"modified":"2026-09-01T12:05:24","modified_gmt":"2026-09-01T18:05:24","slug":"se-llevan-al-baile-a-los-abues","status":"publish","type":"post","link":"https:\/\/lospoliticosveracruz.com\/?p=179776","title":{"rendered":"SE LLEVAN AL BAILE A LOS ABUES!"},"content":{"rendered":"<div class=\"wp-block-image\">\n<figure class=\"alignleft size-full is-resized\"><a href=\"https:\/\/lospoliticosveracruz.com\/wp-content\/uploads\/2026\/08\/Fiestas-Veracruz.jpg\"><img loading=\"lazy\" decoding=\"async\" width=\"667\" height=\"625\" src=\"https:\/\/lospoliticosveracruz.com\/wp-content\/uploads\/2026\/08\/Fiestas-Veracruz.jpg\" alt=\"\" class=\"wp-image-179650\" style=\"aspect-ratio:1.067287698577726;width:425px;height:auto\" srcset=\"https:\/\/lospoliticosveracruz.com\/wp-content\/uploads\/2026\/08\/Fiestas-Veracruz.jpg 667w, https:\/\/lospoliticosveracruz.com\/wp-content\/uploads\/2026\/08\/Fiestas-Veracruz-300x281.jpg 300w, https:\/\/lospoliticosveracruz.com\/wp-content\/uploads\/2026\/08\/Fiestas-Veracruz-448x420.jpg 448w, https:\/\/lospoliticosveracruz.com\/wp-content\/uploads\/2026\/08\/Fiestas-Veracruz-150x141.jpg 150w\" sizes=\"auto, (max-width: 667px) 100vw, 667px\" \/><\/a><\/figure>\n<\/div>\n\n\n<p><strong>\u00c1ngeles Gonz\u00e1lez Ceballos\u00a0<\/strong><\/p>\n\n\n\n<p>El delegado de los programas federales del Bienestar en Veracruz, Juan Javier G\u00f3mez Cazar\u00edn, confirm\u00f3 que los adultos mayores contin\u00faan siendo v\u00edctimas de algunos delitos como fraude, por lo que la dependencia ofrece asesor\u00eda legal a los adultos mayores.<\/p>\n\n\n\n<p>En entrevista, luego de montar guardia de honor al Padre de la Patria, Miguel Hidalgo, dijo que no quer\u00eda hacer el tema medi\u00e1tico, pero sostuvo que todas las personas adultas mayores que han sido afectadas por este tipo de actos de corrupci\u00f3n, la Delegaci\u00f3n los asesora jur\u00eddicamente \u00abcon todo\u00bb en las oficinas de Bienestar.&nbsp;<\/p>\n\n\n\n<p>Hay que referir que se denunci\u00f3 un incremento de fraudes durante la dispersi\u00f3n del bimestre julio-agosto.&nbsp;<\/p>\n\n\n\n<p>Por lo que la dependencia identific\u00f3 tres modalidades recurrentes: el env\u00edo de mensajes ap\u00f3crifos por WhatsApp con ladas de Guadalajara y Tijuana para solicitar datos personales, la estafa conocida como el \u00abpa\u00f1uelazo\u00bb en inmediaciones del Banco del Bienestar, y la presencia de falsos gestores que cobran entre mil 500 y dos mil pesos por tr\u00e1mites de incorporaci\u00f3n al programa Pensi\u00f3n Mujeres Bienestar<\/p>\n\n\n\n<p>El funcionario reiter\u00f3 la disposici\u00f3n del organismo para atender a los beneficiarios.<\/p>\n\n\n\n<p>\u201cEstamos para ayudar a todos los adultos mayores, a todas las personas con discapacidad y a todos\u00bb, asegur\u00f3.<\/p>\n\n\n\n<p>Cuestionado sobre la cifra de expedientes bajo atenci\u00f3n por estas inconsistencias, el delegado prefiri\u00f3 omitir un dato preliminar.<\/p>\n\n\n\n<p>\u00abNo tengo el n\u00famero, por ah\u00ed est\u00e1 ahorita mi jur\u00eddico, deja que cheque el dato con \u00e9l y te paso el n\u00famero correcto\u201d, indic\u00f3.<\/p>\n\n\n\n<p>\u200bEn cuanto al avance del registro para el acceso a la salud universal, el Delegado precis\u00f3 que las incorporaciones rebasan el 30 por ciento en la Entidad.<\/p>\n\n\n\n<p>&nbsp;\u201cEse tema ya est\u00e1, ya lo iniciamos, ya tiene algunos meses. Ahorita seguimos incorporando a las personas mayores de edad, a los adultos mayores y a personas con discapacidad, que son las que est\u00e1n acudiendo a los m\u00f3dulos, estamos ocupando los primeros lugares en incorporaci\u00f3n a este nuevo tema de credencializaci\u00f3n, que no es otra cosa que salud universal para todas las mexicanas y mexicanos\u201d, asever\u00f3.<\/p>\n\n\n\n<p>A\u00f1adi\u00f3 que la informaci\u00f3n consolidada la presentar\u00e1 la presidencia de la Rep\u00fablica.<\/p>\n\n\n\n<p>\u201cNo tengo el n\u00famero aqu\u00ed de manera correcta. Esto lo va a presentar en su momento ahorita a las 11:00 de la ma\u00f1ana en el Informe nuestra presidenta.&nbsp;<\/p>\n\n\n\n<p>Yo no me quiero adelantar a la informaci\u00f3n que corresponde a nivel federal\u201d, agreg\u00f3.<\/p>\n\n\n\n<p>\u200bPor otra parte, G\u00f3mez Cazar\u00edn recalc\u00f3 que ning\u00fan funcionario mantendr\u00e1 el cargo si busca participar en el pr\u00f3ximo proceso electoral.<\/p>\n\n\n\n<p>\u201cNi uno solo se ha presentado a pedir la autorizaci\u00f3n o a presentar su renuncia para participar en el proceso electoral 2027.&nbsp;<\/p>\n\n\n\n<p>Lo que s\u00ed te puedo decir y manifestar aprovechando ahorita los medios de comunicaci\u00f3n, que nosotros no queremos que los programas sociales se utilicen para sacar ventaja pol\u00edtica\u201d, expres\u00f3.<\/p>\n\n\n\n<p>Y si hay alguno que tenga el inter\u00e9s, insisti\u00f3 en que le pedir\u00e1 su renuncia.<\/p>\n\n\n\n<p>\u200bFinalmente, el Delegado garantiz\u00f3 el respeto a la normativa electoral y el desarrollo de la dispersi\u00f3n de apoyos en los municipios del estado.&nbsp;<\/p>\n\n\n\n<p>\u201cVamos a respetar, lo que s\u00ed les puedo asegurar es que se va a seguir respetando el proceso electoral como lo hemos hecho.&nbsp;<\/p>\n\n\n\n<p>Ahorita nosotros tenemos una tarea importante, al menos el d\u00eda de hoy empezamos otra vez el pago de adultos mayores en todo el estado. Me interesa m\u00e1s cumplirle a nuestro pueblo que andar haciendo raja pol\u00edtica\u201d, concluy\u00f3.<\/p>\n\n\n\n<p><\/p>\n","protected":false},"excerpt":{"rendered":"<p>\u00c1ngeles Gonz\u00e1lez Ceballos\u00a0 El delegado de los programas federales del Bienestar en Veracruz, Juan Javier G\u00f3mez Cazar\u00edn, confirm\u00f3 que los adultos mayores contin\u00faan siendo v\u00edctimas de algunos delitos como fraude, por lo que la dependencia ofrece asesor\u00eda legal a los adultos mayores. En entrevista, luego de montar guardia de honor al Padre de la Patria, [&hellip;]<\/p>\n","protected":false},"author":2,"featured_media":179777,"comment_status":"closed","ping_status":"closed","sticky":false,"template":"","format":"standard","meta":{"tdm_status":"","tdm_grid_status":"","footnotes":""},"categories":[6446],"tags":[12695,1026,195],"class_list":{"0":"post-179776","1":"post","2":"type-post","3":"status-publish","4":"format-standard","5":"has-post-thumbnail","7":"category-la-nota","8":"tag-juan-javier-gomez-cazarin","9":"tag-morena","10":"tag-veracruz"},"yoast_head":"<!-- This site is optimized with the Yoast SEO plugin v28.1 - https:\/\/yoast.com\/product\/yoast-seo-wordpress\/ -->\n<title>SE LLEVAN AL BAILE A LOS ABUES! - Los pol\u00edticos Veracruz<\/title>\n<meta name=\"robots\" content=\"index, follow, max-snippet:-1, max-image-preview:large, max-video-preview:-1\" \/>\n<link rel=\"canonical\" href=\"https:\/\/lospoliticosveracruz.com\/?p=179776\" \/>\n<meta property=\"og:locale\" content=\"es_ES\" \/>\n<meta property=\"og:type\" content=\"article\" \/>\n<meta property=\"og:title\" content=\"SE LLEVAN AL BAILE A LOS ABUES! - Los pol\u00edticos Veracruz\" \/>\n<meta property=\"og:description\" content=\"\u00c1ngeles Gonz\u00e1lez Ceballos\u00a0 El delegado de los programas federales del Bienestar en Veracruz, Juan Javier G\u00f3mez Cazar\u00edn, confirm\u00f3 que los adultos mayores contin\u00faan siendo v\u00edctimas de algunos delitos como fraude, por lo que la dependencia ofrece asesor\u00eda legal a los adultos mayores. En entrevista, luego de montar guardia de honor al Padre de la Patria, [&hellip;]\" \/>\n<meta property=\"og:url\" content=\"https:\/\/lospoliticosveracruz.com\/?p=179776\" \/>\n<meta property=\"og:site_name\" content=\"Los pol\u00edticos Veracruz\" \/>\n<meta property=\"article:publisher\" content=\"https:\/\/www.facebook.com\/people\/Notimemes-de-los-Polticos\/61565672886568\/\" \/>\n<meta property=\"article:published_time\" content=\"2026-09-01T18:05:22+00:00\" \/>\n<meta property=\"article:modified_time\" content=\"2026-09-01T18:05:24+00:00\" \/>\n<meta property=\"og:image\" content=\"https:\/\/lospoliticosveracruz.com\/wp-content\/uploads\/2026\/09\/Cazarin-.jpg\" \/>\n\t<meta property=\"og:image:width\" content=\"600\" \/>\n\t<meta property=\"og:image:height\" content=\"320\" \/>\n\t<meta property=\"og:image:type\" content=\"image\/jpeg\" \/>\n<meta name=\"author\" content=\"Lo viste en Los Pol\u00edticos\" \/>\n<meta name=\"twitter:card\" content=\"summary_large_image\" \/>\n<meta name=\"twitter:creator\" content=\"@LosPoliticosVer\" \/>\n<meta name=\"twitter:site\" content=\"@LosPoliticosVer\" \/>\n<meta name=\"twitter:label1\" content=\"Escrito por\" \/>\n\t<meta name=\"twitter:data1\" content=\"Lo viste en Los Pol\u00edticos\" \/>\n\t<meta name=\"twitter:label2\" content=\"Tiempo de lectura\" \/>\n\t<meta name=\"twitter:data2\" content=\"3 minutos\" \/>\n<script type=\"application\/ld+json\" class=\"yoast-schema-graph\">{\"@context\":\"https:\\\/\\\/schema.org\",\"@graph\":[{\"@type\":\"Article\",\"@id\":\"https:\\\/\\\/lospoliticosveracruz.com\\\/?p=179776#article\",\"isPartOf\":{\"@id\":\"https:\\\/\\\/lospoliticosveracruz.com\\\/?p=179776\"},\"author\":{\"name\":\"Lo viste en Los Pol\u00edticos\",\"@id\":\"https:\\\/\\\/lospoliticosveracruz.com\\\/#\\\/schema\\\/person\\\/b8702bb0e538456e6efd07080bf2a4a2\"},\"headline\":\"SE LLEVAN AL BAILE A LOS ABUES!\",\"datePublished\":\"2026-09-01T18:05:22+00:00\",\"dateModified\":\"2026-09-01T18:05:24+00:00\",\"mainEntityOfPage\":{\"@id\":\"https:\\\/\\\/lospoliticosveracruz.com\\\/?p=179776\"},\"wordCount\":617,\"publisher\":{\"@id\":\"https:\\\/\\\/lospoliticosveracruz.com\\\/#organization\"},\"image\":{\"@id\":\"https:\\\/\\\/lospoliticosveracruz.com\\\/?p=179776#primaryimage\"},\"thumbnailUrl\":\"https:\\\/\\\/lospoliticosveracruz.com\\\/wp-content\\\/uploads\\\/2026\\\/09\\\/Cazarin-.jpg\",\"keywords\":[\"Juan Javier G\u00f3mez Cazar\u00edn\",\"Morena\",\"Veracruz\"],\"articleSection\":[\"La Nota\"],\"inLanguage\":\"es\"},{\"@type\":\"WebPage\",\"@id\":\"https:\\\/\\\/lospoliticosveracruz.com\\\/?p=179776\",\"url\":\"https:\\\/\\\/lospoliticosveracruz.com\\\/?p=179776\",\"name\":\"SE LLEVAN AL BAILE A LOS ABUES! - Los pol\u00edticos Veracruz\",\"isPartOf\":{\"@id\":\"https:\\\/\\\/lospoliticosveracruz.com\\\/#website\"},\"primaryImageOfPage\":{\"@id\":\"https:\\\/\\\/lospoliticosveracruz.com\\\/?p=179776#primaryimage\"},\"image\":{\"@id\":\"https:\\\/\\\/lospoliticosveracruz.com\\\/?p=179776#primaryimage\"},\"thumbnailUrl\":\"https:\\\/\\\/lospoliticosveracruz.com\\\/wp-content\\\/uploads\\\/2026\\\/09\\\/Cazarin-.jpg\",\"datePublished\":\"2026-09-01T18:05:22+00:00\",\"dateModified\":\"2026-09-01T18:05:24+00:00\",\"breadcrumb\":{\"@id\":\"https:\\\/\\\/lospoliticosveracruz.com\\\/?p=179776#breadcrumb\"},\"inLanguage\":\"es\",\"potentialAction\":[{\"@type\":\"ReadAction\",\"target\":[\"https:\\\/\\\/lospoliticosveracruz.com\\\/?p=179776\"]}]},{\"@type\":\"ImageObject\",\"inLanguage\":\"es\",\"@id\":\"https:\\\/\\\/lospoliticosveracruz.com\\\/?p=179776#primaryimage\",\"url\":\"https:\\\/\\\/lospoliticosveracruz.com\\\/wp-content\\\/uploads\\\/2026\\\/09\\\/Cazarin-.jpg\",\"contentUrl\":\"https:\\\/\\\/lospoliticosveracruz.com\\\/wp-content\\\/uploads\\\/2026\\\/09\\\/Cazarin-.jpg\",\"width\":600,\"height\":320},{\"@type\":\"BreadcrumbList\",\"@id\":\"https:\\\/\\\/lospoliticosveracruz.com\\\/?p=179776#breadcrumb\",\"itemListElement\":[{\"@type\":\"ListItem\",\"position\":1,\"name\":\"Portada\",\"item\":\"https:\\\/\\\/lospoliticosveracruz.com\\\/\"},{\"@type\":\"ListItem\",\"position\":2,\"name\":\"SE LLEVAN AL BAILE A LOS ABUES!\"}]},{\"@type\":\"WebSite\",\"@id\":\"https:\\\/\\\/lospoliticosveracruz.com\\\/#website\",\"url\":\"https:\\\/\\\/lospoliticosveracruz.com\\\/\",\"name\":\"Los pol\u00edticos Veracruz\",\"description\":\"\",\"publisher\":{\"@id\":\"https:\\\/\\\/lospoliticosveracruz.com\\\/#organization\"},\"potentialAction\":[{\"@type\":\"SearchAction\",\"target\":{\"@type\":\"EntryPoint\",\"urlTemplate\":\"https:\\\/\\\/lospoliticosveracruz.com\\\/?s={search_term_string}\"},\"query-input\":{\"@type\":\"PropertyValueSpecification\",\"valueRequired\":true,\"valueName\":\"search_term_string\"}}],\"inLanguage\":\"es\"},{\"@type\":\"Organization\",\"@id\":\"https:\\\/\\\/lospoliticosveracruz.com\\\/#organization\",\"name\":\"Los pol\u00edticos Veracruz\",\"url\":\"https:\\\/\\\/lospoliticosveracruz.com\\\/\",\"logo\":{\"@type\":\"ImageObject\",\"inLanguage\":\"es\",\"@id\":\"https:\\\/\\\/lospoliticosveracruz.com\\\/#\\\/schema\\\/logo\\\/image\\\/\",\"url\":\"https:\\\/\\\/lospoliticosveracruz.com\\\/wp-content\\\/uploads\\\/2025\\\/12\\\/Logo-Nuevo-LOS-POLITICOS-1.jpg\",\"contentUrl\":\"https:\\\/\\\/lospoliticosveracruz.com\\\/wp-content\\\/uploads\\\/2025\\\/12\\\/Logo-Nuevo-LOS-POLITICOS-1.jpg\",\"width\":260,\"height\":70,\"caption\":\"Los pol\u00edticos Veracruz\"},\"image\":{\"@id\":\"https:\\\/\\\/lospoliticosveracruz.com\\\/#\\\/schema\\\/logo\\\/image\\\/\"},\"sameAs\":[\"https:\\\/\\\/www.facebook.com\\\/people\\\/Notimemes-de-los-Polticos\\\/61565672886568\\\/\",\"https:\\\/\\\/x.com\\\/LosPoliticosVer\"]},{\"@type\":\"Person\",\"@id\":\"https:\\\/\\\/lospoliticosveracruz.com\\\/#\\\/schema\\\/person\\\/b8702bb0e538456e6efd07080bf2a4a2\",\"name\":\"Lo viste en Los Pol\u00edticos\",\"image\":{\"@type\":\"ImageObject\",\"inLanguage\":\"es\",\"@id\":\"https:\\\/\\\/secure.gravatar.com\\\/avatar\\\/3a8de04a2656d44082be478bd6c086daa447c4651605818287b9532d3d0bd435?s=96&d=mm&r=g\",\"url\":\"https:\\\/\\\/secure.gravatar.com\\\/avatar\\\/3a8de04a2656d44082be478bd6c086daa447c4651605818287b9532d3d0bd435?s=96&d=mm&r=g\",\"contentUrl\":\"https:\\\/\\\/secure.gravatar.com\\\/avatar\\\/3a8de04a2656d44082be478bd6c086daa447c4651605818287b9532d3d0bd435?s=96&d=mm&r=g\",\"caption\":\"Lo viste en Los Pol\u00edticos\"},\"url\":\"https:\\\/\\\/lospoliticosveracruz.com\\\/?author=2\"}]}<\/script>\n<!-- \/ Yoast SEO plugin. -->","yoast_head_json":{"title":"SE LLEVAN AL BAILE A LOS ABUES! - Los pol\u00edticos Veracruz","robots":{"index":"index","follow":"follow","max-snippet":"max-snippet:-1","max-image-preview":"max-image-preview:large","max-video-preview":"max-video-preview:-1"},"canonical":"https:\/\/lospoliticosveracruz.com\/?p=179776","og_locale":"es_ES","og_type":"article","og_title":"SE LLEVAN AL BAILE A LOS ABUES! - Los pol\u00edticos Veracruz","og_description":"\u00c1ngeles Gonz\u00e1lez Ceballos\u00a0 El delegado de los programas federales del Bienestar en Veracruz, Juan Javier G\u00f3mez Cazar\u00edn, confirm\u00f3 que los adultos mayores contin\u00faan siendo v\u00edctimas de algunos delitos como fraude, por lo que la dependencia ofrece asesor\u00eda legal a los adultos mayores. En entrevista, luego de montar guardia de honor al Padre de la Patria, [&hellip;]","og_url":"https:\/\/lospoliticosveracruz.com\/?p=179776","og_site_name":"Los pol\u00edticos Veracruz","article_publisher":"https:\/\/www.facebook.com\/people\/Notimemes-de-los-Polticos\/61565672886568\/","article_published_time":"2026-09-01T18:05:22+00:00","article_modified_time":"2026-09-01T18:05:24+00:00","og_image":[{"width":600,"height":320,"url":"https:\/\/lospoliticosveracruz.com\/wp-content\/uploads\/2026\/09\/Cazarin-.jpg","type":"image\/jpeg"}],"author":"Lo viste en Los Pol\u00edticos","twitter_card":"summary_large_image","twitter_creator":"@LosPoliticosVer","twitter_site":"@LosPoliticosVer","twitter_misc":{"Escrito por":"Lo viste en Los Pol\u00edticos","Tiempo de lectura":"3 minutos"},"schema":{"@context":"https:\/\/schema.org","@graph":[{"@type":"Article","@id":"https:\/\/lospoliticosveracruz.com\/?p=179776#article","isPartOf":{"@id":"https:\/\/lospoliticosveracruz.com\/?p=179776"},"author":{"name":"Lo viste en Los Pol\u00edticos","@id":"https:\/\/lospoliticosveracruz.com\/#\/schema\/person\/b8702bb0e538456e6efd07080bf2a4a2"},"headline":"SE LLEVAN AL BAILE A LOS ABUES!","datePublished":"2026-09-01T18:05:22+00:00","dateModified":"2026-09-01T18:05:24+00:00","mainEntityOfPage":{"@id":"https:\/\/lospoliticosveracruz.com\/?p=179776"},"wordCount":617,"publisher":{"@id":"https:\/\/lospoliticosveracruz.com\/#organization"},"image":{"@id":"https:\/\/lospoliticosveracruz.com\/?p=179776#primaryimage"},"thumbnailUrl":"https:\/\/lospoliticosveracruz.com\/wp-content\/uploads\/2026\/09\/Cazarin-.jpg","keywords":["Juan Javier G\u00f3mez Cazar\u00edn","Morena","Veracruz"],"articleSection":["La Nota"],"inLanguage":"es"},{"@type":"WebPage","@id":"https:\/\/lospoliticosveracruz.com\/?p=179776","url":"https:\/\/lospoliticosveracruz.com\/?p=179776","name":"SE LLEVAN AL BAILE A LOS ABUES! - Los pol\u00edticos Veracruz","isPartOf":{"@id":"https:\/\/lospoliticosveracruz.com\/#website"},"primaryImageOfPage":{"@id":"https:\/\/lospoliticosveracruz.com\/?p=179776#primaryimage"},"image":{"@id":"https:\/\/lospoliticosveracruz.com\/?p=179776#primaryimage"},"thumbnailUrl":"https:\/\/lospoliticosveracruz.com\/wp-content\/uploads\/2026\/09\/Cazarin-.jpg","datePublished":"2026-09-01T18:05:22+00:00","dateModified":"2026-09-01T18:05:24+00:00","breadcrumb":{"@id":"https:\/\/lospoliticosveracruz.com\/?p=179776#breadcrumb"},"inLanguage":"es","potentialAction":[{"@type":"ReadAction","target":["https:\/\/lospoliticosveracruz.com\/?p=179776"]}]},{"@type":"ImageObject","inLanguage":"es","@id":"https:\/\/lospoliticosveracruz.com\/?p=179776#primaryimage","url":"https:\/\/lospoliticosveracruz.com\/wp-content\/uploads\/2026\/09\/Cazarin-.jpg","contentUrl":"https:\/\/lospoliticosveracruz.com\/wp-content\/uploads\/2026\/09\/Cazarin-.jpg","width":600,"height":320},{"@type":"BreadcrumbList","@id":"https:\/\/lospoliticosveracruz.com\/?p=179776#breadcrumb","itemListElement":[{"@type":"ListItem","position":1,"name":"Portada","item":"https:\/\/lospoliticosveracruz.com\/"},{"@type":"ListItem","position":2,"name":"SE LLEVAN AL BAILE A LOS ABUES!"}]},{"@type":"WebSite","@id":"https:\/\/lospoliticosveracruz.com\/#website","url":"https:\/\/lospoliticosveracruz.com\/","name":"Los pol\u00edticos Veracruz","description":"","publisher":{"@id":"https:\/\/lospoliticosveracruz.com\/#organization"},"potentialAction":[{"@type":"SearchAction","target":{"@type":"EntryPoint","urlTemplate":"https:\/\/lospoliticosveracruz.com\/?s={search_term_string}"},"query-input":{"@type":"PropertyValueSpecification","valueRequired":true,"valueName":"search_term_string"}}],"inLanguage":"es"},{"@type":"Organization","@id":"https:\/\/lospoliticosveracruz.com\/#organization","name":"Los pol\u00edticos Veracruz","url":"https:\/\/lospoliticosveracruz.com\/","logo":{"@type":"ImageObject","inLanguage":"es","@id":"https:\/\/lospoliticosveracruz.com\/#\/schema\/logo\/image\/","url":"https:\/\/lospoliticosveracruz.com\/wp-content\/uploads\/2025\/12\/Logo-Nuevo-LOS-POLITICOS-1.jpg","contentUrl":"https:\/\/lospoliticosveracruz.com\/wp-content\/uploads\/2025\/12\/Logo-Nuevo-LOS-POLITICOS-1.jpg","width":260,"height":70,"caption":"Los pol\u00edticos Veracruz"},"image":{"@id":"https:\/\/lospoliticosveracruz.com\/#\/schema\/logo\/image\/"},"sameAs":["https:\/\/www.facebook.com\/people\/Notimemes-de-los-Polticos\/61565672886568\/","https:\/\/x.com\/LosPoliticosVer"]},{"@type":"Person","@id":"https:\/\/lospoliticosveracruz.com\/#\/schema\/person\/b8702bb0e538456e6efd07080bf2a4a2","name":"Lo viste en Los Pol\u00edticos","image":{"@type":"ImageObject","inLanguage":"es","@id":"https:\/\/secure.gravatar.com\/avatar\/3a8de04a2656d44082be478bd6c086daa447c4651605818287b9532d3d0bd435?s=96&d=mm&r=g","url":"https:\/\/secure.gravatar.com\/avatar\/3a8de04a2656d44082be478bd6c086daa447c4651605818287b9532d3d0bd435?s=96&d=mm&r=g","contentUrl":"https:\/\/secure.gravatar.com\/avatar\/3a8de04a2656d44082be478bd6c086daa447c4651605818287b9532d3d0bd435?s=96&d=mm&r=g","caption":"Lo viste en Los Pol\u00edticos"},"url":"https:\/\/lospoliticosveracruz.com\/?author=2"}]}},"_links":{"self":[{"href":"https:\/\/lospoliticosveracruz.com\/index.php?rest_route=\/wp\/v2\/posts\/179776","targetHints":{"allow":["GET"]}}],"collection":[{"href":"https:\/\/lospoliticosveracruz.com\/index.php?rest_route=\/wp\/v2\/posts"}],"about":[{"href":"https:\/\/lospoliticosveracruz.com\/index.php?rest_route=\/wp\/v2\/types\/post"}],"author":[{"embeddable":true,"href":"https:\/\/lospoliticosveracruz.com\/index.php?rest_route=\/wp\/v2\/users\/2"}],"replies":[{"embeddable":true,"href":"https:\/\/lospoliticosveracruz.com\/index.php?rest_route=%2Fwp%2Fv2%2Fcomments&post=179776"}],"version-history":[{"count":1,"href":"https:\/\/lospoliticosveracruz.com\/index.php?rest_route=\/wp\/v2\/posts\/179776\/revisions"}],"predecessor-version":[{"id":179778,"href":"https:\/\/lospoliticosveracruz.com\/index.php?rest_route=\/wp\/v2\/posts\/179776\/revisions\/179778"}],"wp:featuredmedia":[{"embeddable":true,"href":"https:\/\/lospoliticosveracruz.com\/index.php?rest_route=\/wp\/v2\/media\/179777"}],"wp:attachment":[{"href":"https:\/\/lospoliticosveracruz.com\/index.php?rest_route=%2Fwp%2Fv2%2Fmedia&parent=179776"}],"wp:term":[{"taxonomy":"category","embeddable":true,"href":"https:\/\/lospoliticosveracruz.com\/index.php?rest_route=%2Fwp%2Fv2%2Fcategories&post=179776"},{"taxonomy":"post_tag","embeddable":true,"href":"https:\/\/lospoliticosveracruz.com\/index.php?rest_route=%2Fwp%2Fv2%2Ftags&post=179776"}],"curies":[{"name":"wp","href":"https:\/\/api.w.org\/{rel}","templated":true}]}}