{"id":179782,"date":"2026-09-01T12:40:43","date_gmt":"2026-09-01T18:40:43","guid":{"rendered":"https:\/\/lospoliticosveracruz.com\/?p=179782"},"modified":"2026-09-01T12:40:46","modified_gmt":"2026-09-01T18:40:46","slug":"a-defender-la-soberania","status":"publish","type":"post","link":"https:\/\/lospoliticosveracruz.com\/?p=179782","title":{"rendered":"A DEFENDER LA SOBERAN\u00cdA!"},"content":{"rendered":"<div class=\"wp-block-image\">\n<figure class=\"alignleft size-large is-resized\"><a href=\"https:\/\/lospoliticosveracruz.com\/wp-content\/uploads\/2026\/09\/banners-prevencion-suicidio-500x500-1.png\"><img loading=\"lazy\" decoding=\"async\" width=\"1024\" height=\"1024\" src=\"https:\/\/lospoliticosveracruz.com\/wp-content\/uploads\/2026\/09\/banners-prevencion-suicidio-500x500-1-1024x1024.png\" alt=\"\" class=\"wp-image-179740\" style=\"width:476px;height:auto\" srcset=\"https:\/\/lospoliticosveracruz.com\/wp-content\/uploads\/2026\/09\/banners-prevencion-suicidio-500x500-1-1024x1024.png 1024w, https:\/\/lospoliticosveracruz.com\/wp-content\/uploads\/2026\/09\/banners-prevencion-suicidio-500x500-1-300x300.png 300w, https:\/\/lospoliticosveracruz.com\/wp-content\/uploads\/2026\/09\/banners-prevencion-suicidio-500x500-1-150x150.png 150w, https:\/\/lospoliticosveracruz.com\/wp-content\/uploads\/2026\/09\/banners-prevencion-suicidio-500x500-1-768x768.png 768w, https:\/\/lospoliticosveracruz.com\/wp-content\/uploads\/2026\/09\/banners-prevencion-suicidio-500x500-1-1536x1536.png 1536w, https:\/\/lospoliticosveracruz.com\/wp-content\/uploads\/2026\/09\/banners-prevencion-suicidio-500x500-1-2048x2048.png 2048w, https:\/\/lospoliticosveracruz.com\/wp-content\/uploads\/2026\/09\/banners-prevencion-suicidio-500x500-1-420x420.png 420w, https:\/\/lospoliticosveracruz.com\/wp-content\/uploads\/2026\/09\/banners-prevencion-suicidio-500x500-1-696x696.png 696w, https:\/\/lospoliticosveracruz.com\/wp-content\/uploads\/2026\/09\/banners-prevencion-suicidio-500x500-1-1068x1068.png 1068w, https:\/\/lospoliticosveracruz.com\/wp-content\/uploads\/2026\/09\/banners-prevencion-suicidio-500x500-1-1920x1920.png 1920w\" sizes=\"auto, (max-width: 1024px) 100vw, 1024px\" \/><\/a><\/figure>\n<\/div>\n\n\n<p>La mejor manera de mantener vivo el legado y contenido social de la Independencia es reconociendo que el poder p\u00fablico s\u00f3lo se justifica cuando sirve para mejorar las condiciones de vida de las personas y reduce desigualdades, afirm\u00f3 la Alcaldesa, Lic. Daniela Griego Ceballos, durante la Guardia de Honor que realiz\u00f3 el Ayuntamiento, ante el monumento a Miguel Hidalgo, en el marco de las fiestas patrias.&nbsp;<\/p>\n\n\n\n<p>Acompa\u00f1ada por integrantes del Cabildo; el S\u00edndico \u00danico, Dr. Marco Aurelio Mart\u00ednez S\u00e1nchez; el Secretario del Ayuntamiento, Mtro. V\u00edctor Hugo Meza Cruz, y Titulares de las distintas \u00e1reas de la administraci\u00f3n municipal, encabez\u00f3 el acto conmemorativo por el 216.\u00b0 aniversario del inicio de la Independencia de M\u00e9xico, donde destac\u00f3 que esta fecha invita a reflexionar sobre conceptos como la libertad, la soberan\u00eda, la patria, pero tambi\u00e9n en la lucha contra las desigualdades sociales.<\/p>\n\n\n\n<p>Expuso que la independencia de un pa\u00eds no puede medirse \u00fanicamente por sus fronteras o instituciones; tiene que reflejarse en las condiciones de vida de su poblaci\u00f3n, pues una sociedad dif\u00edcilmente puede considerarse plenamente libre mientras la pobreza determine qui\u00e9n puede estudiar o el origen de una persona limite sus derechos.<\/p>\n\n\n\n<p>La independencia, agreg\u00f3, es una condici\u00f3n que hoy m\u00e1s que nunca se debe defender junto a la Presidenta de M\u00e9xico, Dra. Claudia Sheinbaum Pardo, y la Gobernadora, Ing. Roc\u00edo Nahle Garc\u00eda, ya que m\u00e1s all\u00e1 de nuestras fronteras, existen intereses tiranos que pretenden vulnerar la soberan\u00eda nacional y tomar decisiones que solo corresponden a las y los mexicanos.<\/p>\n\n\n\n<p>La soberan\u00eda nacional, dijo, no se debe negociar ni subordinar a intereses extranjeros, sino que se debe defender con dignidad, unidad y la convicci\u00f3n de que M\u00e9xico es una naci\u00f3n libre, independiente y capaz de determinar su propio destino.<\/p>\n\n\n\n<p>Asimismo, la Alcaldesa de Xalapa llam\u00f3 a revalorar el papel de las mujeres en el movimiento insurgente en figuras como Josefa Ortiz de Dom\u00ednguez, Leona Vicario y Gertrudis Bocanegra, para contar la historia de M\u00e9xico con otra perspectiva, pues sus acciones permitieron que hoy dos mujeres gobiernen el pa\u00eds y el estado, y muchas otras ocupen espacios relevantes en el \u00e1mbito educativo, social y pol\u00edtico.<\/p>\n\n\n\n<p>A quienes est\u00e1n al frente del servicio p\u00fablico y la sociedad en general, precis\u00f3, corresponde cuidar el legado de la Independencia, fortalecer la democracia, defender la soberan\u00eda y trabajar para que la justicia e igualdad alcancen a todo el pueblo.<\/p>\n\n\n\n<p>A la Guardia y firma del Libro de Honor asistieron la Regidora Primera, Lic. Diana Julieta Aguilar Ortega; el Regidor Segundo, Lic. Axel Fern\u00e1ndez Cambambia; la Regidora Tercera, Mtra. Susan Liliana Morales Segura; el Regidor Cuarto, Lic. Alfonso Osegueda Cruz, y la Regidora Quinta, Dra. Raquel Rosal\u00eda Casta\u00f1eda Gonz\u00e1lez.<\/p>\n\n\n\n<p>Tambi\u00e9n, la Regidora Sexta, Lic. Hilda Elvia Aguilar Arroyo; el Regidor S\u00e9ptimo, Lic. Diego Moreno Mart\u00ednez; la Regidora Octava, Lic. Clarissa Monserrat L\u00f3pez Morales; el Regidor Noveno, Lic. Joaqu\u00edn Alejandro Cano Hern\u00e1ndez.<\/p>\n\n\n\n<p>La Regidora D\u00e9cima, Dra. M\u00f3nica Mendoza Madrigal; el Regidor D\u00e9cimo Primero, Lic. Dalos Ulises Rodr\u00edguez Vargas; la Regidora D\u00e9cima Segunda, Dra. Flor de Mar\u00eda Mendoza Mu\u00f1iz y la Regidora D\u00e9cima Tercera, Lic. Priscila Nataly Labastida Vega, as\u00ed como titulares de las diversas \u00e1reas del Gobierno Municipal.<\/p>\n\n\n\n<p><\/p>\n","protected":false},"excerpt":{"rendered":"<p>La mejor manera de mantener vivo el legado y contenido social de la Independencia es reconociendo que el poder p\u00fablico s\u00f3lo se justifica cuando sirve para mejorar las condiciones de vida de las personas y reduce desigualdades, afirm\u00f3 la Alcaldesa, Lic. Daniela Griego Ceballos, durante la Guardia de Honor que realiz\u00f3 el Ayuntamiento, ante el [&hellip;]<\/p>\n","protected":false},"author":2,"featured_media":179783,"comment_status":"closed","ping_status":"closed","sticky":false,"template":"","format":"standard","meta":{"tdm_status":"","tdm_grid_status":"","footnotes":""},"categories":[52572],"tags":[5622,96],"class_list":{"0":"post-179782","1":"post","2":"type-post","3":"status-publish","4":"format-standard","5":"has-post-thumbnail","7":"category-desdelaatenas","8":"tag-daniela-griego","9":"tag-xalapa"},"yoast_head":"<!-- This site is optimized with the Yoast SEO plugin v28.1 - https:\/\/yoast.com\/product\/yoast-seo-wordpress\/ -->\n<title>A DEFENDER LA SOBERAN\u00cdA! - Los pol\u00edticos Veracruz<\/title>\n<meta name=\"robots\" content=\"index, follow, max-snippet:-1, max-image-preview:large, max-video-preview:-1\" \/>\n<link rel=\"canonical\" href=\"https:\/\/lospoliticosveracruz.com\/?p=179782\" \/>\n<meta property=\"og:locale\" content=\"es_ES\" \/>\n<meta property=\"og:type\" content=\"article\" \/>\n<meta property=\"og:title\" content=\"A DEFENDER LA SOBERAN\u00cdA! - Los pol\u00edticos Veracruz\" \/>\n<meta property=\"og:description\" content=\"La mejor manera de mantener vivo el legado y contenido social de la Independencia es reconociendo que el poder p\u00fablico s\u00f3lo se justifica cuando sirve para mejorar las condiciones de vida de las personas y reduce desigualdades, afirm\u00f3 la Alcaldesa, Lic. Daniela Griego Ceballos, durante la Guardia de Honor que realiz\u00f3 el Ayuntamiento, ante el [&hellip;]\" \/>\n<meta property=\"og:url\" content=\"https:\/\/lospoliticosveracruz.com\/?p=179782\" \/>\n<meta property=\"og:site_name\" content=\"Los pol\u00edticos Veracruz\" \/>\n<meta property=\"article:publisher\" content=\"https:\/\/www.facebook.com\/people\/Notimemes-de-los-Polticos\/61565672886568\/\" \/>\n<meta property=\"article:published_time\" content=\"2026-09-01T18:40:43+00:00\" \/>\n<meta property=\"article:modified_time\" content=\"2026-09-01T18:40:46+00:00\" \/>\n<meta property=\"og:image\" content=\"https:\/\/lospoliticosveracruz.com\/wp-content\/uploads\/2026\/09\/IMG_4621.jpeg\" \/>\n\t<meta property=\"og:image:width\" content=\"600\" \/>\n\t<meta property=\"og:image:height\" content=\"320\" \/>\n\t<meta property=\"og:image:type\" content=\"image\/jpeg\" \/>\n<meta name=\"author\" content=\"Lo viste en Los Pol\u00edticos\" \/>\n<meta name=\"twitter:card\" content=\"summary_large_image\" \/>\n<meta name=\"twitter:creator\" content=\"@LosPoliticosVer\" \/>\n<meta name=\"twitter:site\" content=\"@LosPoliticosVer\" \/>\n<meta name=\"twitter:label1\" content=\"Escrito por\" \/>\n\t<meta name=\"twitter:data1\" content=\"Lo viste en Los Pol\u00edticos\" \/>\n\t<meta name=\"twitter:label2\" content=\"Tiempo de lectura\" \/>\n\t<meta name=\"twitter:data2\" content=\"3 minutos\" \/>\n<script type=\"application\/ld+json\" class=\"yoast-schema-graph\">{\"@context\":\"https:\\\/\\\/schema.org\",\"@graph\":[{\"@type\":\"Article\",\"@id\":\"https:\\\/\\\/lospoliticosveracruz.com\\\/?p=179782#article\",\"isPartOf\":{\"@id\":\"https:\\\/\\\/lospoliticosveracruz.com\\\/?p=179782\"},\"author\":{\"name\":\"Lo viste en Los Pol\u00edticos\",\"@id\":\"https:\\\/\\\/lospoliticosveracruz.com\\\/#\\\/schema\\\/person\\\/b8702bb0e538456e6efd07080bf2a4a2\"},\"headline\":\"A DEFENDER LA SOBERAN\u00cdA!\",\"datePublished\":\"2026-09-01T18:40:43+00:00\",\"dateModified\":\"2026-09-01T18:40:46+00:00\",\"mainEntityOfPage\":{\"@id\":\"https:\\\/\\\/lospoliticosveracruz.com\\\/?p=179782\"},\"wordCount\":575,\"publisher\":{\"@id\":\"https:\\\/\\\/lospoliticosveracruz.com\\\/#organization\"},\"image\":{\"@id\":\"https:\\\/\\\/lospoliticosveracruz.com\\\/?p=179782#primaryimage\"},\"thumbnailUrl\":\"https:\\\/\\\/lospoliticosveracruz.com\\\/wp-content\\\/uploads\\\/2026\\\/09\\\/IMG_4621.jpeg\",\"keywords\":[\"Daniela Griego\",\"Xalapa\"],\"articleSection\":[\"Desde La Atenas\"],\"inLanguage\":\"es\"},{\"@type\":\"WebPage\",\"@id\":\"https:\\\/\\\/lospoliticosveracruz.com\\\/?p=179782\",\"url\":\"https:\\\/\\\/lospoliticosveracruz.com\\\/?p=179782\",\"name\":\"A DEFENDER LA SOBERAN\u00cdA! - Los pol\u00edticos Veracruz\",\"isPartOf\":{\"@id\":\"https:\\\/\\\/lospoliticosveracruz.com\\\/#website\"},\"primaryImageOfPage\":{\"@id\":\"https:\\\/\\\/lospoliticosveracruz.com\\\/?p=179782#primaryimage\"},\"image\":{\"@id\":\"https:\\\/\\\/lospoliticosveracruz.com\\\/?p=179782#primaryimage\"},\"thumbnailUrl\":\"https:\\\/\\\/lospoliticosveracruz.com\\\/wp-content\\\/uploads\\\/2026\\\/09\\\/IMG_4621.jpeg\",\"datePublished\":\"2026-09-01T18:40:43+00:00\",\"dateModified\":\"2026-09-01T18:40:46+00:00\",\"breadcrumb\":{\"@id\":\"https:\\\/\\\/lospoliticosveracruz.com\\\/?p=179782#breadcrumb\"},\"inLanguage\":\"es\",\"potentialAction\":[{\"@type\":\"ReadAction\",\"target\":[\"https:\\\/\\\/lospoliticosveracruz.com\\\/?p=179782\"]}]},{\"@type\":\"ImageObject\",\"inLanguage\":\"es\",\"@id\":\"https:\\\/\\\/lospoliticosveracruz.com\\\/?p=179782#primaryimage\",\"url\":\"https:\\\/\\\/lospoliticosveracruz.com\\\/wp-content\\\/uploads\\\/2026\\\/09\\\/IMG_4621.jpeg\",\"contentUrl\":\"https:\\\/\\\/lospoliticosveracruz.com\\\/wp-content\\\/uploads\\\/2026\\\/09\\\/IMG_4621.jpeg\",\"width\":600,\"height\":320},{\"@type\":\"BreadcrumbList\",\"@id\":\"https:\\\/\\\/lospoliticosveracruz.com\\\/?p=179782#breadcrumb\",\"itemListElement\":[{\"@type\":\"ListItem\",\"position\":1,\"name\":\"Portada\",\"item\":\"https:\\\/\\\/lospoliticosveracruz.com\\\/\"},{\"@type\":\"ListItem\",\"position\":2,\"name\":\"A DEFENDER LA SOBERAN\u00cdA!\"}]},{\"@type\":\"WebSite\",\"@id\":\"https:\\\/\\\/lospoliticosveracruz.com\\\/#website\",\"url\":\"https:\\\/\\\/lospoliticosveracruz.com\\\/\",\"name\":\"Los pol\u00edticos Veracruz\",\"description\":\"\",\"publisher\":{\"@id\":\"https:\\\/\\\/lospoliticosveracruz.com\\\/#organization\"},\"potentialAction\":[{\"@type\":\"SearchAction\",\"target\":{\"@type\":\"EntryPoint\",\"urlTemplate\":\"https:\\\/\\\/lospoliticosveracruz.com\\\/?s={search_term_string}\"},\"query-input\":{\"@type\":\"PropertyValueSpecification\",\"valueRequired\":true,\"valueName\":\"search_term_string\"}}],\"inLanguage\":\"es\"},{\"@type\":\"Organization\",\"@id\":\"https:\\\/\\\/lospoliticosveracruz.com\\\/#organization\",\"name\":\"Los pol\u00edticos Veracruz\",\"url\":\"https:\\\/\\\/lospoliticosveracruz.com\\\/\",\"logo\":{\"@type\":\"ImageObject\",\"inLanguage\":\"es\",\"@id\":\"https:\\\/\\\/lospoliticosveracruz.com\\\/#\\\/schema\\\/logo\\\/image\\\/\",\"url\":\"https:\\\/\\\/lospoliticosveracruz.com\\\/wp-content\\\/uploads\\\/2025\\\/12\\\/Logo-Nuevo-LOS-POLITICOS-1.jpg\",\"contentUrl\":\"https:\\\/\\\/lospoliticosveracruz.com\\\/wp-content\\\/uploads\\\/2025\\\/12\\\/Logo-Nuevo-LOS-POLITICOS-1.jpg\",\"width\":260,\"height\":70,\"caption\":\"Los pol\u00edticos Veracruz\"},\"image\":{\"@id\":\"https:\\\/\\\/lospoliticosveracruz.com\\\/#\\\/schema\\\/logo\\\/image\\\/\"},\"sameAs\":[\"https:\\\/\\\/www.facebook.com\\\/people\\\/Notimemes-de-los-Polticos\\\/61565672886568\\\/\",\"https:\\\/\\\/x.com\\\/LosPoliticosVer\"]},{\"@type\":\"Person\",\"@id\":\"https:\\\/\\\/lospoliticosveracruz.com\\\/#\\\/schema\\\/person\\\/b8702bb0e538456e6efd07080bf2a4a2\",\"name\":\"Lo viste en Los Pol\u00edticos\",\"image\":{\"@type\":\"ImageObject\",\"inLanguage\":\"es\",\"@id\":\"https:\\\/\\\/secure.gravatar.com\\\/avatar\\\/3a8de04a2656d44082be478bd6c086daa447c4651605818287b9532d3d0bd435?s=96&d=mm&r=g\",\"url\":\"https:\\\/\\\/secure.gravatar.com\\\/avatar\\\/3a8de04a2656d44082be478bd6c086daa447c4651605818287b9532d3d0bd435?s=96&d=mm&r=g\",\"contentUrl\":\"https:\\\/\\\/secure.gravatar.com\\\/avatar\\\/3a8de04a2656d44082be478bd6c086daa447c4651605818287b9532d3d0bd435?s=96&d=mm&r=g\",\"caption\":\"Lo viste en Los Pol\u00edticos\"},\"url\":\"https:\\\/\\\/lospoliticosveracruz.com\\\/?author=2\"}]}<\/script>\n<!-- \/ Yoast SEO plugin. -->","yoast_head_json":{"title":"A DEFENDER LA SOBERAN\u00cdA! - Los pol\u00edticos Veracruz","robots":{"index":"index","follow":"follow","max-snippet":"max-snippet:-1","max-image-preview":"max-image-preview:large","max-video-preview":"max-video-preview:-1"},"canonical":"https:\/\/lospoliticosveracruz.com\/?p=179782","og_locale":"es_ES","og_type":"article","og_title":"A DEFENDER LA SOBERAN\u00cdA! - Los pol\u00edticos Veracruz","og_description":"La mejor manera de mantener vivo el legado y contenido social de la Independencia es reconociendo que el poder p\u00fablico s\u00f3lo se justifica cuando sirve para mejorar las condiciones de vida de las personas y reduce desigualdades, afirm\u00f3 la Alcaldesa, Lic. Daniela Griego Ceballos, durante la Guardia de Honor que realiz\u00f3 el Ayuntamiento, ante el [&hellip;]","og_url":"https:\/\/lospoliticosveracruz.com\/?p=179782","og_site_name":"Los pol\u00edticos Veracruz","article_publisher":"https:\/\/www.facebook.com\/people\/Notimemes-de-los-Polticos\/61565672886568\/","article_published_time":"2026-09-01T18:40:43+00:00","article_modified_time":"2026-09-01T18:40:46+00:00","og_image":[{"width":600,"height":320,"url":"https:\/\/lospoliticosveracruz.com\/wp-content\/uploads\/2026\/09\/IMG_4621.jpeg","type":"image\/jpeg"}],"author":"Lo viste en Los Pol\u00edticos","twitter_card":"summary_large_image","twitter_creator":"@LosPoliticosVer","twitter_site":"@LosPoliticosVer","twitter_misc":{"Escrito por":"Lo viste en Los Pol\u00edticos","Tiempo de lectura":"3 minutos"},"schema":{"@context":"https:\/\/schema.org","@graph":[{"@type":"Article","@id":"https:\/\/lospoliticosveracruz.com\/?p=179782#article","isPartOf":{"@id":"https:\/\/lospoliticosveracruz.com\/?p=179782"},"author":{"name":"Lo viste en Los Pol\u00edticos","@id":"https:\/\/lospoliticosveracruz.com\/#\/schema\/person\/b8702bb0e538456e6efd07080bf2a4a2"},"headline":"A DEFENDER LA SOBERAN\u00cdA!","datePublished":"2026-09-01T18:40:43+00:00","dateModified":"2026-09-01T18:40:46+00:00","mainEntityOfPage":{"@id":"https:\/\/lospoliticosveracruz.com\/?p=179782"},"wordCount":575,"publisher":{"@id":"https:\/\/lospoliticosveracruz.com\/#organization"},"image":{"@id":"https:\/\/lospoliticosveracruz.com\/?p=179782#primaryimage"},"thumbnailUrl":"https:\/\/lospoliticosveracruz.com\/wp-content\/uploads\/2026\/09\/IMG_4621.jpeg","keywords":["Daniela Griego","Xalapa"],"articleSection":["Desde La Atenas"],"inLanguage":"es"},{"@type":"WebPage","@id":"https:\/\/lospoliticosveracruz.com\/?p=179782","url":"https:\/\/lospoliticosveracruz.com\/?p=179782","name":"A DEFENDER LA SOBERAN\u00cdA! - Los pol\u00edticos Veracruz","isPartOf":{"@id":"https:\/\/lospoliticosveracruz.com\/#website"},"primaryImageOfPage":{"@id":"https:\/\/lospoliticosveracruz.com\/?p=179782#primaryimage"},"image":{"@id":"https:\/\/lospoliticosveracruz.com\/?p=179782#primaryimage"},"thumbnailUrl":"https:\/\/lospoliticosveracruz.com\/wp-content\/uploads\/2026\/09\/IMG_4621.jpeg","datePublished":"2026-09-01T18:40:43+00:00","dateModified":"2026-09-01T18:40:46+00:00","breadcrumb":{"@id":"https:\/\/lospoliticosveracruz.com\/?p=179782#breadcrumb"},"inLanguage":"es","potentialAction":[{"@type":"ReadAction","target":["https:\/\/lospoliticosveracruz.com\/?p=179782"]}]},{"@type":"ImageObject","inLanguage":"es","@id":"https:\/\/lospoliticosveracruz.com\/?p=179782#primaryimage","url":"https:\/\/lospoliticosveracruz.com\/wp-content\/uploads\/2026\/09\/IMG_4621.jpeg","contentUrl":"https:\/\/lospoliticosveracruz.com\/wp-content\/uploads\/2026\/09\/IMG_4621.jpeg","width":600,"height":320},{"@type":"BreadcrumbList","@id":"https:\/\/lospoliticosveracruz.com\/?p=179782#breadcrumb","itemListElement":[{"@type":"ListItem","position":1,"name":"Portada","item":"https:\/\/lospoliticosveracruz.com\/"},{"@type":"ListItem","position":2,"name":"A DEFENDER LA SOBERAN\u00cdA!"}]},{"@type":"WebSite","@id":"https:\/\/lospoliticosveracruz.com\/#website","url":"https:\/\/lospoliticosveracruz.com\/","name":"Los pol\u00edticos Veracruz","description":"","publisher":{"@id":"https:\/\/lospoliticosveracruz.com\/#organization"},"potentialAction":[{"@type":"SearchAction","target":{"@type":"EntryPoint","urlTemplate":"https:\/\/lospoliticosveracruz.com\/?s={search_term_string}"},"query-input":{"@type":"PropertyValueSpecification","valueRequired":true,"valueName":"search_term_string"}}],"inLanguage":"es"},{"@type":"Organization","@id":"https:\/\/lospoliticosveracruz.com\/#organization","name":"Los pol\u00edticos Veracruz","url":"https:\/\/lospoliticosveracruz.com\/","logo":{"@type":"ImageObject","inLanguage":"es","@id":"https:\/\/lospoliticosveracruz.com\/#\/schema\/logo\/image\/","url":"https:\/\/lospoliticosveracruz.com\/wp-content\/uploads\/2025\/12\/Logo-Nuevo-LOS-POLITICOS-1.jpg","contentUrl":"https:\/\/lospoliticosveracruz.com\/wp-content\/uploads\/2025\/12\/Logo-Nuevo-LOS-POLITICOS-1.jpg","width":260,"height":70,"caption":"Los pol\u00edticos Veracruz"},"image":{"@id":"https:\/\/lospoliticosveracruz.com\/#\/schema\/logo\/image\/"},"sameAs":["https:\/\/www.facebook.com\/people\/Notimemes-de-los-Polticos\/61565672886568\/","https:\/\/x.com\/LosPoliticosVer"]},{"@type":"Person","@id":"https:\/\/lospoliticosveracruz.com\/#\/schema\/person\/b8702bb0e538456e6efd07080bf2a4a2","name":"Lo viste en Los Pol\u00edticos","image":{"@type":"ImageObject","inLanguage":"es","@id":"https:\/\/secure.gravatar.com\/avatar\/3a8de04a2656d44082be478bd6c086daa447c4651605818287b9532d3d0bd435?s=96&d=mm&r=g","url":"https:\/\/secure.gravatar.com\/avatar\/3a8de04a2656d44082be478bd6c086daa447c4651605818287b9532d3d0bd435?s=96&d=mm&r=g","contentUrl":"https:\/\/secure.gravatar.com\/avatar\/3a8de04a2656d44082be478bd6c086daa447c4651605818287b9532d3d0bd435?s=96&d=mm&r=g","caption":"Lo viste en Los Pol\u00edticos"},"url":"https:\/\/lospoliticosveracruz.com\/?author=2"}]}},"_links":{"self":[{"href":"https:\/\/lospoliticosveracruz.com\/index.php?rest_route=\/wp\/v2\/posts\/179782","targetHints":{"allow":["GET"]}}],"collection":[{"href":"https:\/\/lospoliticosveracruz.com\/index.php?rest_route=\/wp\/v2\/posts"}],"about":[{"href":"https:\/\/lospoliticosveracruz.com\/index.php?rest_route=\/wp\/v2\/types\/post"}],"author":[{"embeddable":true,"href":"https:\/\/lospoliticosveracruz.com\/index.php?rest_route=\/wp\/v2\/users\/2"}],"replies":[{"embeddable":true,"href":"https:\/\/lospoliticosveracruz.com\/index.php?rest_route=%2Fwp%2Fv2%2Fcomments&post=179782"}],"version-history":[{"count":1,"href":"https:\/\/lospoliticosveracruz.com\/index.php?rest_route=\/wp\/v2\/posts\/179782\/revisions"}],"predecessor-version":[{"id":179784,"href":"https:\/\/lospoliticosveracruz.com\/index.php?rest_route=\/wp\/v2\/posts\/179782\/revisions\/179784"}],"wp:featuredmedia":[{"embeddable":true,"href":"https:\/\/lospoliticosveracruz.com\/index.php?rest_route=\/wp\/v2\/media\/179783"}],"wp:attachment":[{"href":"https:\/\/lospoliticosveracruz.com\/index.php?rest_route=%2Fwp%2Fv2%2Fmedia&parent=179782"}],"wp:term":[{"taxonomy":"category","embeddable":true,"href":"https:\/\/lospoliticosveracruz.com\/index.php?rest_route=%2Fwp%2Fv2%2Fcategories&post=179782"},{"taxonomy":"post_tag","embeddable":true,"href":"https:\/\/lospoliticosveracruz.com\/index.php?rest_route=%2Fwp%2Fv2%2Ftags&post=179782"}],"curies":[{"name":"wp","href":"https:\/\/api.w.org\/{rel}","templated":true}]}}