{"id":179785,"date":"2026-09-01T13:13:54","date_gmt":"2026-09-01T19:13:54","guid":{"rendered":"https:\/\/lospoliticosveracruz.com\/?p=179785"},"modified":"2026-09-01T13:50:52","modified_gmt":"2026-09-01T19:50:52","slug":"se-le-cayo-el-sistema","status":"publish","type":"post","link":"https:\/\/lospoliticosveracruz.com\/?p=179785","title":{"rendered":"SE LE CAY\u00d3 EL SISTEMA!"},"content":{"rendered":"<div class=\"wp-block-image\">\n<figure class=\"alignleft size-full is-resized\"><a href=\"https:\/\/lospoliticosveracruz.com\/wp-content\/uploads\/2026\/08\/Fiestas-Veracruz.jpg\"><img loading=\"lazy\" decoding=\"async\" width=\"667\" height=\"625\" src=\"https:\/\/lospoliticosveracruz.com\/wp-content\/uploads\/2026\/08\/Fiestas-Veracruz.jpg\" alt=\"\" class=\"wp-image-179650\" style=\"aspect-ratio:1.067287698577726;width:425px;height:auto\" srcset=\"https:\/\/lospoliticosveracruz.com\/wp-content\/uploads\/2026\/08\/Fiestas-Veracruz.jpg 667w, https:\/\/lospoliticosveracruz.com\/wp-content\/uploads\/2026\/08\/Fiestas-Veracruz-300x281.jpg 300w, https:\/\/lospoliticosveracruz.com\/wp-content\/uploads\/2026\/08\/Fiestas-Veracruz-448x420.jpg 448w, https:\/\/lospoliticosveracruz.com\/wp-content\/uploads\/2026\/08\/Fiestas-Veracruz-150x141.jpg 150w\" sizes=\"auto, (max-width: 667px) 100vw, 667px\" \/><\/a><\/figure>\n<\/div>\n\n\n<p><strong>\u00c1ngeles Gonz\u00e1lez Ceballos&nbsp;<\/strong><\/p>\n\n\n\n<p><em>Xalapa, Ver.<\/em><\/p>\n\n\n\n<p>El coordinador estatal de Becas del Bienestar, Carlos Alberto Villa Jim\u00e9nez, explic\u00f3 que el conflicto con los alumnos del Instituto Tecnol\u00f3gico Superior de Zongolica, se debi\u00f3 a una falla administrativa, que ya qued\u00f3 resuelta.<\/p>\n\n\n\n<p>Esto luego de que los estudiantes se manifestaran y bloquearan vialidades por haber sido excluidos del padr\u00f3n.<\/p>\n\n\n\n<p>Entrevistado luego de montar guardia de honor ante el monumento al Padre de la Patria, Miguel Hidalgo, asegur\u00f3 que ya todos los estudiantes reciben sus becas.<\/p>\n\n\n\n<p>\u00abEl de becas fue un tema administrativo del Tecnol\u00f3gico que ya se resolvi\u00f3. Un tema administrativo que ya est\u00e1 resuelto y, afortunadamente, todos los estudiantes ya reciben sus becas\u201d, asegur\u00f3.<\/p>\n\n\n\n<p>\u200bEn ese orden de de ideas, sobre los reclamos de los padres de familia durante la visita de la Gobernadora a la zona de Zongolica por la supuesta falta de apoyos para \u00fatiles escolares, explic\u00f3 que hubo una confusi\u00f3n de los programas.<\/p>\n\n\n\n<p>\u00abNo fue una queja y ah\u00ed fue una confusi\u00f3n. Ah\u00ed entiendo que la pregunta que lanz\u00f3 nuestra se\u00f1ora gobernadora, a quien le mantenemos un profundo respeto, fue si ya ten\u00edan la Beca Rita Cetina de \u00fatiles y uniformes; pero en la zona de Zongolica, el 95 % de los estudiantes tienen la beca \u00abBenito Ju\u00e1rez\u00bb, que era la anterior, y por respetar los derechos de estos estudiantes mantienen la beca \u00abBenito Ju\u00e1rez\u201d, explic\u00f3.<\/p>\n\n\n\n<p>Por otra parte, anunci\u00f3 que los apoyos sociales en becas alcanzaron una derrama econ\u00f3mica cercana a los 6 mil millones de pesos al inicio del presente ciclo escolar en el estado de Veracruz.<\/p>\n\n\n\n<p>Villa Jim\u00e9nez detall\u00f3 que en el primer semestre del a\u00f1o se distribuyeron 5 mil millones de pesos, suma a la que se a\u00f1adieron 824 millones de pesos entregados en el mes de agosto.<\/p>\n\n\n\n<p>Con este presupuesto, confirm\u00f3 el inicio de una nueva fase de registros para el alumnado de nuevo ingreso durante los meses de septiembre y octubre.<\/p>\n\n\n\n<p>\u201cPor eso estamos muy contentos de estar iniciando el ciclo escolar, porque ahora vamos a incorporar al sistema de becas a todas y a todos los estudiantes que a\u00fan no han tenido el programa y que por primera vez est\u00e1n ingresando a la primaria, por primera vez est\u00e1n ingresando a la secundaria o a la preparatoria\u201d, destac\u00f3<\/p>\n\n\n\n<p>\u200bEn relaci\u00f3n al alcance global de los apoyos, detall\u00f3 que existen 1 mill\u00f3n 300 mil alumnos beneficiados en la entidad veracruzana.&nbsp;<\/p>\n\n\n\n<p>De igual forma, estim\u00f3 un faltante de cerca de 25 mil alumnos de primaria por registrar entre septiembre y octubre, mientras que la cobertura en secundarias y preparatorias p\u00fablicas se encuentra completa.<\/p>\n\n\n\n<p>&nbsp;En el caso del nivel preescolar, el coordinador precis\u00f3 que en este momento todav\u00eda no est\u00e1 la cobertura porque est\u00e1n garantizando los apoyos a los ni\u00f1os y ni\u00f1as de primaria, secundaria, preparatoria, as\u00ed como la beca J\u00f3venes Escribiendo el Futuro<\/p>\n\n\n\n<p>\u200bFinalmente, al ser cuestionado sobre la publicaci\u00f3n de la convocatoria interna de Morena para definir coordinaciones y cargos de elecci\u00f3n popular, Villa Jim\u00e9nez se desmarc\u00f3 de la contienda pol\u00edtica.\u00a0<\/p>\n\n\n\n<p>\u201cPara nada y no estoy involucrado en temas pol\u00edticos\u201d, sostuvo.<\/p>\n\n\n\n<p><\/p>\n","protected":false},"excerpt":{"rendered":"<p>\u00c1ngeles Gonz\u00e1lez Ceballos&nbsp; Xalapa, Ver. El coordinador estatal de Becas del Bienestar, Carlos Alberto Villa Jim\u00e9nez, explic\u00f3 que el conflicto con los alumnos del Instituto Tecnol\u00f3gico Superior de Zongolica, se debi\u00f3 a una falla administrativa, que ya qued\u00f3 resuelta. Esto luego de que los estudiantes se manifestaran y bloquearan vialidades por haber sido excluidos del [&hellip;]<\/p>\n","protected":false},"author":2,"featured_media":179786,"comment_status":"closed","ping_status":"closed","sticky":false,"template":"","format":"standard","meta":{"tdm_status":"","tdm_grid_status":"","footnotes":""},"categories":[6446],"tags":[6874,26348,43451,844,70412,195,47496],"class_list":{"0":"post-179785","1":"post","2":"type-post","3":"status-publish","4":"format-standard","5":"has-post-thumbnail","7":"category-la-nota","8":"tag-becas","9":"tag-becas-del-bienestar","10":"tag-carlos-alberto-villa-jimenez","11":"tag-estudiantes","12":"tag-rita-cetina","13":"tag-veracruz","14":"tag-zongolica"},"yoast_head":"<!-- This site is optimized with the Yoast SEO plugin v28.1 - https:\/\/yoast.com\/product\/yoast-seo-wordpress\/ -->\n<title>SE LE CAY\u00d3 EL SISTEMA! - Los pol\u00edticos Veracruz<\/title>\n<meta name=\"robots\" content=\"index, follow, max-snippet:-1, max-image-preview:large, max-video-preview:-1\" \/>\n<link rel=\"canonical\" href=\"https:\/\/lospoliticosveracruz.com\/?p=179785\" \/>\n<meta property=\"og:locale\" content=\"es_ES\" \/>\n<meta property=\"og:type\" content=\"article\" \/>\n<meta property=\"og:title\" content=\"SE LE CAY\u00d3 EL SISTEMA! - Los pol\u00edticos Veracruz\" \/>\n<meta property=\"og:description\" content=\"\u00c1ngeles Gonz\u00e1lez Ceballos&nbsp; Xalapa, Ver. El coordinador estatal de Becas del Bienestar, Carlos Alberto Villa Jim\u00e9nez, explic\u00f3 que el conflicto con los alumnos del Instituto Tecnol\u00f3gico Superior de Zongolica, se debi\u00f3 a una falla administrativa, que ya qued\u00f3 resuelta. Esto luego de que los estudiantes se manifestaran y bloquearan vialidades por haber sido excluidos del [&hellip;]\" \/>\n<meta property=\"og:url\" content=\"https:\/\/lospoliticosveracruz.com\/?p=179785\" \/>\n<meta property=\"og:site_name\" content=\"Los pol\u00edticos Veracruz\" \/>\n<meta property=\"article:publisher\" content=\"https:\/\/www.facebook.com\/people\/Notimemes-de-los-Polticos\/61565672886568\/\" \/>\n<meta property=\"article:published_time\" content=\"2026-09-01T19:13:54+00:00\" \/>\n<meta property=\"article:modified_time\" content=\"2026-09-01T19:50:52+00:00\" \/>\n<meta property=\"og:image\" content=\"https:\/\/lospoliticosveracruz.com\/wp-content\/uploads\/2026\/09\/Carlos-Alberto-Villa-Juarez.jpg\" \/>\n\t<meta property=\"og:image:width\" content=\"600\" \/>\n\t<meta property=\"og:image:height\" content=\"320\" \/>\n\t<meta property=\"og:image:type\" content=\"image\/jpeg\" \/>\n<meta name=\"author\" content=\"Lo viste en Los Pol\u00edticos\" \/>\n<meta name=\"twitter:card\" content=\"summary_large_image\" \/>\n<meta name=\"twitter:creator\" content=\"@LosPoliticosVer\" \/>\n<meta name=\"twitter:site\" content=\"@LosPoliticosVer\" \/>\n<meta name=\"twitter:label1\" content=\"Escrito por\" \/>\n\t<meta name=\"twitter:data1\" content=\"Lo viste en Los Pol\u00edticos\" \/>\n\t<meta name=\"twitter:label2\" content=\"Tiempo de lectura\" \/>\n\t<meta name=\"twitter:data2\" content=\"3 minutos\" \/>\n<script type=\"application\/ld+json\" class=\"yoast-schema-graph\">{\"@context\":\"https:\\\/\\\/schema.org\",\"@graph\":[{\"@type\":\"Article\",\"@id\":\"https:\\\/\\\/lospoliticosveracruz.com\\\/?p=179785#article\",\"isPartOf\":{\"@id\":\"https:\\\/\\\/lospoliticosveracruz.com\\\/?p=179785\"},\"author\":{\"name\":\"Lo viste en Los Pol\u00edticos\",\"@id\":\"https:\\\/\\\/lospoliticosveracruz.com\\\/#\\\/schema\\\/person\\\/b8702bb0e538456e6efd07080bf2a4a2\"},\"headline\":\"SE LE CAY\u00d3 EL SISTEMA!\",\"datePublished\":\"2026-09-01T19:13:54+00:00\",\"dateModified\":\"2026-09-01T19:50:52+00:00\",\"mainEntityOfPage\":{\"@id\":\"https:\\\/\\\/lospoliticosveracruz.com\\\/?p=179785\"},\"wordCount\":538,\"publisher\":{\"@id\":\"https:\\\/\\\/lospoliticosveracruz.com\\\/#organization\"},\"image\":{\"@id\":\"https:\\\/\\\/lospoliticosveracruz.com\\\/?p=179785#primaryimage\"},\"thumbnailUrl\":\"https:\\\/\\\/lospoliticosveracruz.com\\\/wp-content\\\/uploads\\\/2026\\\/09\\\/Carlos-Alberto-Villa-Juarez.jpg\",\"keywords\":[\"Becas\",\"Becas del Bienestar\",\"Carlos Alberto Villa Jim\u00e9nez\",\"estudiantes\",\"Rita Cetina\",\"Veracruz\",\"Zongolica\"],\"articleSection\":[\"La Nota\"],\"inLanguage\":\"es\"},{\"@type\":\"WebPage\",\"@id\":\"https:\\\/\\\/lospoliticosveracruz.com\\\/?p=179785\",\"url\":\"https:\\\/\\\/lospoliticosveracruz.com\\\/?p=179785\",\"name\":\"SE LE CAY\u00d3 EL SISTEMA! - Los pol\u00edticos Veracruz\",\"isPartOf\":{\"@id\":\"https:\\\/\\\/lospoliticosveracruz.com\\\/#website\"},\"primaryImageOfPage\":{\"@id\":\"https:\\\/\\\/lospoliticosveracruz.com\\\/?p=179785#primaryimage\"},\"image\":{\"@id\":\"https:\\\/\\\/lospoliticosveracruz.com\\\/?p=179785#primaryimage\"},\"thumbnailUrl\":\"https:\\\/\\\/lospoliticosveracruz.com\\\/wp-content\\\/uploads\\\/2026\\\/09\\\/Carlos-Alberto-Villa-Juarez.jpg\",\"datePublished\":\"2026-09-01T19:13:54+00:00\",\"dateModified\":\"2026-09-01T19:50:52+00:00\",\"breadcrumb\":{\"@id\":\"https:\\\/\\\/lospoliticosveracruz.com\\\/?p=179785#breadcrumb\"},\"inLanguage\":\"es\",\"potentialAction\":[{\"@type\":\"ReadAction\",\"target\":[\"https:\\\/\\\/lospoliticosveracruz.com\\\/?p=179785\"]}]},{\"@type\":\"ImageObject\",\"inLanguage\":\"es\",\"@id\":\"https:\\\/\\\/lospoliticosveracruz.com\\\/?p=179785#primaryimage\",\"url\":\"https:\\\/\\\/lospoliticosveracruz.com\\\/wp-content\\\/uploads\\\/2026\\\/09\\\/Carlos-Alberto-Villa-Juarez.jpg\",\"contentUrl\":\"https:\\\/\\\/lospoliticosveracruz.com\\\/wp-content\\\/uploads\\\/2026\\\/09\\\/Carlos-Alberto-Villa-Juarez.jpg\",\"width\":600,\"height\":320},{\"@type\":\"BreadcrumbList\",\"@id\":\"https:\\\/\\\/lospoliticosveracruz.com\\\/?p=179785#breadcrumb\",\"itemListElement\":[{\"@type\":\"ListItem\",\"position\":1,\"name\":\"Portada\",\"item\":\"https:\\\/\\\/lospoliticosveracruz.com\\\/\"},{\"@type\":\"ListItem\",\"position\":2,\"name\":\"SE LE CAY\u00d3 EL SISTEMA!\"}]},{\"@type\":\"WebSite\",\"@id\":\"https:\\\/\\\/lospoliticosveracruz.com\\\/#website\",\"url\":\"https:\\\/\\\/lospoliticosveracruz.com\\\/\",\"name\":\"Los pol\u00edticos Veracruz\",\"description\":\"\",\"publisher\":{\"@id\":\"https:\\\/\\\/lospoliticosveracruz.com\\\/#organization\"},\"potentialAction\":[{\"@type\":\"SearchAction\",\"target\":{\"@type\":\"EntryPoint\",\"urlTemplate\":\"https:\\\/\\\/lospoliticosveracruz.com\\\/?s={search_term_string}\"},\"query-input\":{\"@type\":\"PropertyValueSpecification\",\"valueRequired\":true,\"valueName\":\"search_term_string\"}}],\"inLanguage\":\"es\"},{\"@type\":\"Organization\",\"@id\":\"https:\\\/\\\/lospoliticosveracruz.com\\\/#organization\",\"name\":\"Los pol\u00edticos Veracruz\",\"url\":\"https:\\\/\\\/lospoliticosveracruz.com\\\/\",\"logo\":{\"@type\":\"ImageObject\",\"inLanguage\":\"es\",\"@id\":\"https:\\\/\\\/lospoliticosveracruz.com\\\/#\\\/schema\\\/logo\\\/image\\\/\",\"url\":\"https:\\\/\\\/lospoliticosveracruz.com\\\/wp-content\\\/uploads\\\/2025\\\/12\\\/Logo-Nuevo-LOS-POLITICOS-1.jpg\",\"contentUrl\":\"https:\\\/\\\/lospoliticosveracruz.com\\\/wp-content\\\/uploads\\\/2025\\\/12\\\/Logo-Nuevo-LOS-POLITICOS-1.jpg\",\"width\":260,\"height\":70,\"caption\":\"Los pol\u00edticos Veracruz\"},\"image\":{\"@id\":\"https:\\\/\\\/lospoliticosveracruz.com\\\/#\\\/schema\\\/logo\\\/image\\\/\"},\"sameAs\":[\"https:\\\/\\\/www.facebook.com\\\/people\\\/Notimemes-de-los-Polticos\\\/61565672886568\\\/\",\"https:\\\/\\\/x.com\\\/LosPoliticosVer\"]},{\"@type\":\"Person\",\"@id\":\"https:\\\/\\\/lospoliticosveracruz.com\\\/#\\\/schema\\\/person\\\/b8702bb0e538456e6efd07080bf2a4a2\",\"name\":\"Lo viste en Los Pol\u00edticos\",\"image\":{\"@type\":\"ImageObject\",\"inLanguage\":\"es\",\"@id\":\"https:\\\/\\\/secure.gravatar.com\\\/avatar\\\/3a8de04a2656d44082be478bd6c086daa447c4651605818287b9532d3d0bd435?s=96&d=mm&r=g\",\"url\":\"https:\\\/\\\/secure.gravatar.com\\\/avatar\\\/3a8de04a2656d44082be478bd6c086daa447c4651605818287b9532d3d0bd435?s=96&d=mm&r=g\",\"contentUrl\":\"https:\\\/\\\/secure.gravatar.com\\\/avatar\\\/3a8de04a2656d44082be478bd6c086daa447c4651605818287b9532d3d0bd435?s=96&d=mm&r=g\",\"caption\":\"Lo viste en Los Pol\u00edticos\"},\"url\":\"https:\\\/\\\/lospoliticosveracruz.com\\\/?author=2\"}]}<\/script>\n<!-- \/ Yoast SEO plugin. -->","yoast_head_json":{"title":"SE LE CAY\u00d3 EL SISTEMA! - Los pol\u00edticos Veracruz","robots":{"index":"index","follow":"follow","max-snippet":"max-snippet:-1","max-image-preview":"max-image-preview:large","max-video-preview":"max-video-preview:-1"},"canonical":"https:\/\/lospoliticosveracruz.com\/?p=179785","og_locale":"es_ES","og_type":"article","og_title":"SE LE CAY\u00d3 EL SISTEMA! - Los pol\u00edticos Veracruz","og_description":"\u00c1ngeles Gonz\u00e1lez Ceballos&nbsp; Xalapa, Ver. El coordinador estatal de Becas del Bienestar, Carlos Alberto Villa Jim\u00e9nez, explic\u00f3 que el conflicto con los alumnos del Instituto Tecnol\u00f3gico Superior de Zongolica, se debi\u00f3 a una falla administrativa, que ya qued\u00f3 resuelta. Esto luego de que los estudiantes se manifestaran y bloquearan vialidades por haber sido excluidos del [&hellip;]","og_url":"https:\/\/lospoliticosveracruz.com\/?p=179785","og_site_name":"Los pol\u00edticos Veracruz","article_publisher":"https:\/\/www.facebook.com\/people\/Notimemes-de-los-Polticos\/61565672886568\/","article_published_time":"2026-09-01T19:13:54+00:00","article_modified_time":"2026-09-01T19:50:52+00:00","og_image":[{"width":600,"height":320,"url":"https:\/\/lospoliticosveracruz.com\/wp-content\/uploads\/2026\/09\/Carlos-Alberto-Villa-Juarez.jpg","type":"image\/jpeg"}],"author":"Lo viste en Los Pol\u00edticos","twitter_card":"summary_large_image","twitter_creator":"@LosPoliticosVer","twitter_site":"@LosPoliticosVer","twitter_misc":{"Escrito por":"Lo viste en Los Pol\u00edticos","Tiempo de lectura":"3 minutos"},"schema":{"@context":"https:\/\/schema.org","@graph":[{"@type":"Article","@id":"https:\/\/lospoliticosveracruz.com\/?p=179785#article","isPartOf":{"@id":"https:\/\/lospoliticosveracruz.com\/?p=179785"},"author":{"name":"Lo viste en Los Pol\u00edticos","@id":"https:\/\/lospoliticosveracruz.com\/#\/schema\/person\/b8702bb0e538456e6efd07080bf2a4a2"},"headline":"SE LE CAY\u00d3 EL SISTEMA!","datePublished":"2026-09-01T19:13:54+00:00","dateModified":"2026-09-01T19:50:52+00:00","mainEntityOfPage":{"@id":"https:\/\/lospoliticosveracruz.com\/?p=179785"},"wordCount":538,"publisher":{"@id":"https:\/\/lospoliticosveracruz.com\/#organization"},"image":{"@id":"https:\/\/lospoliticosveracruz.com\/?p=179785#primaryimage"},"thumbnailUrl":"https:\/\/lospoliticosveracruz.com\/wp-content\/uploads\/2026\/09\/Carlos-Alberto-Villa-Juarez.jpg","keywords":["Becas","Becas del Bienestar","Carlos Alberto Villa Jim\u00e9nez","estudiantes","Rita Cetina","Veracruz","Zongolica"],"articleSection":["La Nota"],"inLanguage":"es"},{"@type":"WebPage","@id":"https:\/\/lospoliticosveracruz.com\/?p=179785","url":"https:\/\/lospoliticosveracruz.com\/?p=179785","name":"SE LE CAY\u00d3 EL SISTEMA! - Los pol\u00edticos Veracruz","isPartOf":{"@id":"https:\/\/lospoliticosveracruz.com\/#website"},"primaryImageOfPage":{"@id":"https:\/\/lospoliticosveracruz.com\/?p=179785#primaryimage"},"image":{"@id":"https:\/\/lospoliticosveracruz.com\/?p=179785#primaryimage"},"thumbnailUrl":"https:\/\/lospoliticosveracruz.com\/wp-content\/uploads\/2026\/09\/Carlos-Alberto-Villa-Juarez.jpg","datePublished":"2026-09-01T19:13:54+00:00","dateModified":"2026-09-01T19:50:52+00:00","breadcrumb":{"@id":"https:\/\/lospoliticosveracruz.com\/?p=179785#breadcrumb"},"inLanguage":"es","potentialAction":[{"@type":"ReadAction","target":["https:\/\/lospoliticosveracruz.com\/?p=179785"]}]},{"@type":"ImageObject","inLanguage":"es","@id":"https:\/\/lospoliticosveracruz.com\/?p=179785#primaryimage","url":"https:\/\/lospoliticosveracruz.com\/wp-content\/uploads\/2026\/09\/Carlos-Alberto-Villa-Juarez.jpg","contentUrl":"https:\/\/lospoliticosveracruz.com\/wp-content\/uploads\/2026\/09\/Carlos-Alberto-Villa-Juarez.jpg","width":600,"height":320},{"@type":"BreadcrumbList","@id":"https:\/\/lospoliticosveracruz.com\/?p=179785#breadcrumb","itemListElement":[{"@type":"ListItem","position":1,"name":"Portada","item":"https:\/\/lospoliticosveracruz.com\/"},{"@type":"ListItem","position":2,"name":"SE LE CAY\u00d3 EL SISTEMA!"}]},{"@type":"WebSite","@id":"https:\/\/lospoliticosveracruz.com\/#website","url":"https:\/\/lospoliticosveracruz.com\/","name":"Los pol\u00edticos Veracruz","description":"","publisher":{"@id":"https:\/\/lospoliticosveracruz.com\/#organization"},"potentialAction":[{"@type":"SearchAction","target":{"@type":"EntryPoint","urlTemplate":"https:\/\/lospoliticosveracruz.com\/?s={search_term_string}"},"query-input":{"@type":"PropertyValueSpecification","valueRequired":true,"valueName":"search_term_string"}}],"inLanguage":"es"},{"@type":"Organization","@id":"https:\/\/lospoliticosveracruz.com\/#organization","name":"Los pol\u00edticos Veracruz","url":"https:\/\/lospoliticosveracruz.com\/","logo":{"@type":"ImageObject","inLanguage":"es","@id":"https:\/\/lospoliticosveracruz.com\/#\/schema\/logo\/image\/","url":"https:\/\/lospoliticosveracruz.com\/wp-content\/uploads\/2025\/12\/Logo-Nuevo-LOS-POLITICOS-1.jpg","contentUrl":"https:\/\/lospoliticosveracruz.com\/wp-content\/uploads\/2025\/12\/Logo-Nuevo-LOS-POLITICOS-1.jpg","width":260,"height":70,"caption":"Los pol\u00edticos Veracruz"},"image":{"@id":"https:\/\/lospoliticosveracruz.com\/#\/schema\/logo\/image\/"},"sameAs":["https:\/\/www.facebook.com\/people\/Notimemes-de-los-Polticos\/61565672886568\/","https:\/\/x.com\/LosPoliticosVer"]},{"@type":"Person","@id":"https:\/\/lospoliticosveracruz.com\/#\/schema\/person\/b8702bb0e538456e6efd07080bf2a4a2","name":"Lo viste en Los Pol\u00edticos","image":{"@type":"ImageObject","inLanguage":"es","@id":"https:\/\/secure.gravatar.com\/avatar\/3a8de04a2656d44082be478bd6c086daa447c4651605818287b9532d3d0bd435?s=96&d=mm&r=g","url":"https:\/\/secure.gravatar.com\/avatar\/3a8de04a2656d44082be478bd6c086daa447c4651605818287b9532d3d0bd435?s=96&d=mm&r=g","contentUrl":"https:\/\/secure.gravatar.com\/avatar\/3a8de04a2656d44082be478bd6c086daa447c4651605818287b9532d3d0bd435?s=96&d=mm&r=g","caption":"Lo viste en Los Pol\u00edticos"},"url":"https:\/\/lospoliticosveracruz.com\/?author=2"}]}},"_links":{"self":[{"href":"https:\/\/lospoliticosveracruz.com\/index.php?rest_route=\/wp\/v2\/posts\/179785","targetHints":{"allow":["GET"]}}],"collection":[{"href":"https:\/\/lospoliticosveracruz.com\/index.php?rest_route=\/wp\/v2\/posts"}],"about":[{"href":"https:\/\/lospoliticosveracruz.com\/index.php?rest_route=\/wp\/v2\/types\/post"}],"author":[{"embeddable":true,"href":"https:\/\/lospoliticosveracruz.com\/index.php?rest_route=\/wp\/v2\/users\/2"}],"replies":[{"embeddable":true,"href":"https:\/\/lospoliticosveracruz.com\/index.php?rest_route=%2Fwp%2Fv2%2Fcomments&post=179785"}],"version-history":[{"count":2,"href":"https:\/\/lospoliticosveracruz.com\/index.php?rest_route=\/wp\/v2\/posts\/179785\/revisions"}],"predecessor-version":[{"id":179789,"href":"https:\/\/lospoliticosveracruz.com\/index.php?rest_route=\/wp\/v2\/posts\/179785\/revisions\/179789"}],"wp:featuredmedia":[{"embeddable":true,"href":"https:\/\/lospoliticosveracruz.com\/index.php?rest_route=\/wp\/v2\/media\/179786"}],"wp:attachment":[{"href":"https:\/\/lospoliticosveracruz.com\/index.php?rest_route=%2Fwp%2Fv2%2Fmedia&parent=179785"}],"wp:term":[{"taxonomy":"category","embeddable":true,"href":"https:\/\/lospoliticosveracruz.com\/index.php?rest_route=%2Fwp%2Fv2%2Fcategories&post=179785"},{"taxonomy":"post_tag","embeddable":true,"href":"https:\/\/lospoliticosveracruz.com\/index.php?rest_route=%2Fwp%2Fv2%2Ftags&post=179785"}],"curies":[{"name":"wp","href":"https:\/\/api.w.org\/{rel}","templated":true}]}}