{"id":179795,"date":"2026-09-01T14:19:31","date_gmt":"2026-09-01T20:19:31","guid":{"rendered":"https:\/\/lospoliticosveracruz.com\/?p=179795"},"modified":"2026-09-01T14:19:32","modified_gmt":"2026-09-01T20:19:32","slug":"ya-esta-caliente-el-ambiente","status":"publish","type":"post","link":"https:\/\/lospoliticosveracruz.com\/?p=179795","title":{"rendered":"YA EST\u00c1 CALIENTE EL AMBIENTE!"},"content":{"rendered":"<div class=\"wp-block-image\">\n<figure class=\"alignleft size-full is-resized\"><a href=\"https:\/\/lospoliticosveracruz.com\/wp-content\/uploads\/2026\/05\/IMG_1092.png\"><img loading=\"lazy\" decoding=\"async\" width=\"640\" height=\"600\" src=\"https:\/\/lospoliticosveracruz.com\/wp-content\/uploads\/2026\/05\/IMG_1092.png\" alt=\"\" class=\"wp-image-172799\" style=\"width:375px;height:auto\" srcset=\"https:\/\/lospoliticosveracruz.com\/wp-content\/uploads\/2026\/05\/IMG_1092.png 640w, https:\/\/lospoliticosveracruz.com\/wp-content\/uploads\/2026\/05\/IMG_1092-300x281.png 300w, https:\/\/lospoliticosveracruz.com\/wp-content\/uploads\/2026\/05\/IMG_1092-448x420.png 448w, https:\/\/lospoliticosveracruz.com\/wp-content\/uploads\/2026\/05\/IMG_1092-150x141.png 150w\" sizes=\"auto, (max-width: 640px) 100vw, 640px\" \/><\/a><\/figure>\n<\/div>\n\n\n<p><\/p>\n\n\n\n<p><strong>\u00c1ngeles Gonz\u00e1lez Ceballos<\/strong><\/p>\n\n\n\n<p>El presidente de la Junta de Coordinaci\u00f3n Pol\u00edtica del Congreso del Estado, Esteban Bautista Hern\u00e1ndez, reconoci\u00f3 que en este momento el ambiente electoral ya est\u00e1 \u00abcaliente\u00bb en Veracruz.<\/p>\n\n\n\n<p>En entrevista, el legislador de Morena, opin\u00f3 que esto es un proceso natural previo a las campa\u00f1as pol\u00edticas.<\/p>\n\n\n\n<p>\u201cEst\u00e1 caliente ya veo que\u2026s\u00ed, pero esto es un tema natural que siempre pasa, pasando la contienda todo se normaliza y aqu\u00ed tambi\u00e9n nuestro exhorto para todos los partidos, no s\u00f3lo para el Movimiento, que vayan escogiendo los mejores perfiles que los representen\u201d, recomend\u00f3.<\/p>\n\n\n\n<p>Ah\u00ed, indic\u00f3 que hasta ahorita ninguno de los diputados ha manifestado tener aspiraciones para participar en el pr\u00f3ximo proceso electoral federal y, descart\u00f3 que \u00e9l tenga pretensiones personales para una diputaci\u00f3n federal o la reelecci\u00f3n local.<\/p>\n\n\n\n<p>\u201cHasta ahorita no me han, oficialmente nadie me ha comentado. S\u00ed vemos que andan movidos todos, pero bueno, alguna vez lo dije, yo puedo andar muy movido, pero si la encuesta no me favorece sencillamente\u2026yo no aspiro a la federal, de verdad\u201d, sostuvo y recalc\u00f3 que tampoco busca la reelecci\u00f3n.<\/p>\n\n\n\n<p>Esteban Bautista asegur\u00f3 que lo que busca es concluir su periodo al frente de la Jucopo, para lo cual mantiene una relaci\u00f3n estrecha con todas las fuerzas pol\u00edticas del Congreso local, incluso revel\u00f3 que las bancadas le otorgaron una carta de respaldo para continuar al frente de la Jucopo.<\/p>\n\n\n\n<p>\u201cYo espero terminar bien la Junta de Coordinaci\u00f3n y tengo excelente relaci\u00f3n con todos los grupos. Tan es as\u00ed, hace rato me firmaron un documento de respaldo todas las fracciones (incluido Alianza Generacional) parlamentarias de que se sienten muy a gusto conmigo y esperan cerrar bien porque siempre dicen de que en la recta final siempre hay desajustes, hay golpeteos\u00bb, se\u00f1al\u00f3.<\/p>\n\n\n\n<p>\u200bPor otra parte, sobre los presuntos cobros de diezmos o \u201cmoches\u201d a empleados que involucran a varias legisladoras como Victoria Guti\u00e9rrez, Dorenny Garc\u00eda y la representante de Orizaba, Nallely Mendoza; Bautista Hern\u00e1ndez deslind\u00f3 a la administraci\u00f3n del Congreso del Estado de responsabilidades penales, ya que eso corresponde a la Fiscal\u00eda Anticorrupci\u00f3n.<\/p>\n\n\n\n<p>\u201cPlatiqu\u00e9 con la licenciada, el muchacho (que fue despedido por denunciar los noches) trajo su documento, pero creo que despu\u00e9s de aqu\u00ed una cosa es la Contralor\u00eda y otra cosa es la Fiscal\u00eda Anticorrupci\u00f3n.<\/p>\n\n\n\n<p>Creo que est\u00e1 en la cancha en estos momentos de Fiscal\u00eda Anticorrupci\u00f3n con la licenciada Fanny, ellos ya llevan un proceso, ser\u00eda bueno que le preguntaran a la licenciada Tomasita (Contralora Interna), porque a fondo ella es la que lleva los temas\u201d, explic\u00f3.<\/p>\n\n\n\n<p>\u200bEl legislador esquiv\u00f3 definir si van a seguir investigando este tipo de situaciones, ah\u00ed defendi\u00f3 su trayectoria ideol\u00f3gica dentro de la izquierda, por lo que lament\u00f3 ese tipo de pr\u00e1cticas.<\/p>\n\n\n\n<p>\u201c\u00a1H\u00edjole!, yo estoy en contra de todas esas pr\u00e1cticas. Yo vengo de una izquierda de muchos a\u00f1os, llevo 37 a\u00f1os y hemos luchado por la justicia, no podemos tropezarnos con actos deshonestos que lastiman al trabajador\u201d, asever\u00f3.<\/p>\n\n\n\n<p>Reconoci\u00f3 que este tipo de ilegalidades son dif\u00edciles de detectar, sino hasta que \u00abrevienta\u00bb es como la sociedad se entera, de lo contrario contin\u00faan ese tipo de actos.<\/p>\n\n\n\n<p>\u00abA lo mejor hay por ah\u00ed alguien con esas viejas pr\u00e1cticas, pero de manera personal\u2026valdr\u00eda la pena que les preguntaran (a las diputadas que han incurrido en moches).<\/p>\n\n\n\n<p><\/p>\n","protected":false},"excerpt":{"rendered":"<p>\u00c1ngeles Gonz\u00e1lez Ceballos El presidente de la Junta de Coordinaci\u00f3n Pol\u00edtica del Congreso del Estado, Esteban Bautista Hern\u00e1ndez, reconoci\u00f3 que en este momento el ambiente electoral ya est\u00e1 \u00abcaliente\u00bb en Veracruz. En entrevista, el legislador de Morena, opin\u00f3 que esto es un proceso natural previo a las campa\u00f1as pol\u00edticas. \u201cEst\u00e1 caliente ya veo que\u2026s\u00ed, pero [&hellip;]<\/p>\n","protected":false},"author":2,"featured_media":179796,"comment_status":"closed","ping_status":"closed","sticky":false,"template":"","format":"standard","meta":{"tdm_status":"","tdm_grid_status":"","footnotes":""},"categories":[6446],"tags":[49986,393,84,44891,41832,9418,1026],"class_list":{"0":"post-179795","1":"post","2":"type-post","3":"status-publish","4":"format-standard","5":"has-post-thumbnail","7":"category-la-nota","8":"tag-angeles-gonzalez-ceballos","9":"tag-congreso-de-veracruz","10":"tag-diputados","11":"tag-elecciones-2027","12":"tag-esteban-bautista","13":"tag-jucopo","14":"tag-morena"},"yoast_head":"<!-- This site is optimized with the Yoast SEO plugin v28.1 - https:\/\/yoast.com\/product\/yoast-seo-wordpress\/ -->\n<title>YA EST\u00c1 CALIENTE EL AMBIENTE! - Los pol\u00edticos Veracruz<\/title>\n<meta name=\"robots\" content=\"index, follow, max-snippet:-1, max-image-preview:large, max-video-preview:-1\" \/>\n<link rel=\"canonical\" href=\"https:\/\/lospoliticosveracruz.com\/?p=179795\" \/>\n<meta property=\"og:locale\" content=\"es_ES\" \/>\n<meta property=\"og:type\" content=\"article\" \/>\n<meta property=\"og:title\" content=\"YA EST\u00c1 CALIENTE EL AMBIENTE! - Los pol\u00edticos Veracruz\" \/>\n<meta property=\"og:description\" content=\"\u00c1ngeles Gonz\u00e1lez Ceballos El presidente de la Junta de Coordinaci\u00f3n Pol\u00edtica del Congreso del Estado, Esteban Bautista Hern\u00e1ndez, reconoci\u00f3 que en este momento el ambiente electoral ya est\u00e1 \u00abcaliente\u00bb en Veracruz. En entrevista, el legislador de Morena, opin\u00f3 que esto es un proceso natural previo a las campa\u00f1as pol\u00edticas. \u201cEst\u00e1 caliente ya veo que\u2026s\u00ed, pero [&hellip;]\" \/>\n<meta property=\"og:url\" content=\"https:\/\/lospoliticosveracruz.com\/?p=179795\" \/>\n<meta property=\"og:site_name\" content=\"Los pol\u00edticos Veracruz\" \/>\n<meta property=\"article:publisher\" content=\"https:\/\/www.facebook.com\/people\/Notimemes-de-los-Polticos\/61565672886568\/\" \/>\n<meta property=\"article:published_time\" content=\"2026-09-01T20:19:31+00:00\" \/>\n<meta property=\"article:modified_time\" content=\"2026-09-01T20:19:32+00:00\" \/>\n<meta property=\"og:image\" content=\"https:\/\/lospoliticosveracruz.com\/wp-content\/uploads\/2026\/09\/Esteban-Bautista-Hernandez.jpg\" \/>\n\t<meta property=\"og:image:width\" content=\"600\" \/>\n\t<meta property=\"og:image:height\" content=\"320\" \/>\n\t<meta property=\"og:image:type\" content=\"image\/jpeg\" \/>\n<meta name=\"author\" content=\"Lo viste en Los Pol\u00edticos\" \/>\n<meta name=\"twitter:card\" content=\"summary_large_image\" \/>\n<meta name=\"twitter:creator\" content=\"@LosPoliticosVer\" \/>\n<meta name=\"twitter:site\" content=\"@LosPoliticosVer\" \/>\n<meta name=\"twitter:label1\" content=\"Escrito por\" \/>\n\t<meta name=\"twitter:data1\" content=\"Lo viste en Los Pol\u00edticos\" \/>\n\t<meta name=\"twitter:label2\" content=\"Tiempo de lectura\" \/>\n\t<meta name=\"twitter:data2\" content=\"3 minutos\" \/>\n<script type=\"application\/ld+json\" class=\"yoast-schema-graph\">{\"@context\":\"https:\\\/\\\/schema.org\",\"@graph\":[{\"@type\":\"Article\",\"@id\":\"https:\\\/\\\/lospoliticosveracruz.com\\\/?p=179795#article\",\"isPartOf\":{\"@id\":\"https:\\\/\\\/lospoliticosveracruz.com\\\/?p=179795\"},\"author\":{\"name\":\"Lo viste en Los Pol\u00edticos\",\"@id\":\"https:\\\/\\\/lospoliticosveracruz.com\\\/#\\\/schema\\\/person\\\/b8702bb0e538456e6efd07080bf2a4a2\"},\"headline\":\"YA EST\u00c1 CALIENTE EL AMBIENTE!\",\"datePublished\":\"2026-09-01T20:19:31+00:00\",\"dateModified\":\"2026-09-01T20:19:32+00:00\",\"mainEntityOfPage\":{\"@id\":\"https:\\\/\\\/lospoliticosveracruz.com\\\/?p=179795\"},\"wordCount\":587,\"publisher\":{\"@id\":\"https:\\\/\\\/lospoliticosveracruz.com\\\/#organization\"},\"image\":{\"@id\":\"https:\\\/\\\/lospoliticosveracruz.com\\\/?p=179795#primaryimage\"},\"thumbnailUrl\":\"https:\\\/\\\/lospoliticosveracruz.com\\\/wp-content\\\/uploads\\\/2026\\\/09\\\/Esteban-Bautista-Hernandez.jpg\",\"keywords\":[\"\u00c1ngeles Gonz\u00e1lez Ceballos\",\"Congreso de Veracruz\",\"Diputados\",\"elecciones 2027\",\"Esteban Bautista\",\"Jucopo\",\"Morena\"],\"articleSection\":[\"La Nota\"],\"inLanguage\":\"es\"},{\"@type\":\"WebPage\",\"@id\":\"https:\\\/\\\/lospoliticosveracruz.com\\\/?p=179795\",\"url\":\"https:\\\/\\\/lospoliticosveracruz.com\\\/?p=179795\",\"name\":\"YA EST\u00c1 CALIENTE EL AMBIENTE! - Los pol\u00edticos Veracruz\",\"isPartOf\":{\"@id\":\"https:\\\/\\\/lospoliticosveracruz.com\\\/#website\"},\"primaryImageOfPage\":{\"@id\":\"https:\\\/\\\/lospoliticosveracruz.com\\\/?p=179795#primaryimage\"},\"image\":{\"@id\":\"https:\\\/\\\/lospoliticosveracruz.com\\\/?p=179795#primaryimage\"},\"thumbnailUrl\":\"https:\\\/\\\/lospoliticosveracruz.com\\\/wp-content\\\/uploads\\\/2026\\\/09\\\/Esteban-Bautista-Hernandez.jpg\",\"datePublished\":\"2026-09-01T20:19:31+00:00\",\"dateModified\":\"2026-09-01T20:19:32+00:00\",\"breadcrumb\":{\"@id\":\"https:\\\/\\\/lospoliticosveracruz.com\\\/?p=179795#breadcrumb\"},\"inLanguage\":\"es\",\"potentialAction\":[{\"@type\":\"ReadAction\",\"target\":[\"https:\\\/\\\/lospoliticosveracruz.com\\\/?p=179795\"]}]},{\"@type\":\"ImageObject\",\"inLanguage\":\"es\",\"@id\":\"https:\\\/\\\/lospoliticosveracruz.com\\\/?p=179795#primaryimage\",\"url\":\"https:\\\/\\\/lospoliticosveracruz.com\\\/wp-content\\\/uploads\\\/2026\\\/09\\\/Esteban-Bautista-Hernandez.jpg\",\"contentUrl\":\"https:\\\/\\\/lospoliticosveracruz.com\\\/wp-content\\\/uploads\\\/2026\\\/09\\\/Esteban-Bautista-Hernandez.jpg\",\"width\":600,\"height\":320},{\"@type\":\"BreadcrumbList\",\"@id\":\"https:\\\/\\\/lospoliticosveracruz.com\\\/?p=179795#breadcrumb\",\"itemListElement\":[{\"@type\":\"ListItem\",\"position\":1,\"name\":\"Portada\",\"item\":\"https:\\\/\\\/lospoliticosveracruz.com\\\/\"},{\"@type\":\"ListItem\",\"position\":2,\"name\":\"YA EST\u00c1 CALIENTE EL AMBIENTE!\"}]},{\"@type\":\"WebSite\",\"@id\":\"https:\\\/\\\/lospoliticosveracruz.com\\\/#website\",\"url\":\"https:\\\/\\\/lospoliticosveracruz.com\\\/\",\"name\":\"Los pol\u00edticos Veracruz\",\"description\":\"\",\"publisher\":{\"@id\":\"https:\\\/\\\/lospoliticosveracruz.com\\\/#organization\"},\"potentialAction\":[{\"@type\":\"SearchAction\",\"target\":{\"@type\":\"EntryPoint\",\"urlTemplate\":\"https:\\\/\\\/lospoliticosveracruz.com\\\/?s={search_term_string}\"},\"query-input\":{\"@type\":\"PropertyValueSpecification\",\"valueRequired\":true,\"valueName\":\"search_term_string\"}}],\"inLanguage\":\"es\"},{\"@type\":\"Organization\",\"@id\":\"https:\\\/\\\/lospoliticosveracruz.com\\\/#organization\",\"name\":\"Los pol\u00edticos Veracruz\",\"url\":\"https:\\\/\\\/lospoliticosveracruz.com\\\/\",\"logo\":{\"@type\":\"ImageObject\",\"inLanguage\":\"es\",\"@id\":\"https:\\\/\\\/lospoliticosveracruz.com\\\/#\\\/schema\\\/logo\\\/image\\\/\",\"url\":\"https:\\\/\\\/lospoliticosveracruz.com\\\/wp-content\\\/uploads\\\/2025\\\/12\\\/Logo-Nuevo-LOS-POLITICOS-1.jpg\",\"contentUrl\":\"https:\\\/\\\/lospoliticosveracruz.com\\\/wp-content\\\/uploads\\\/2025\\\/12\\\/Logo-Nuevo-LOS-POLITICOS-1.jpg\",\"width\":260,\"height\":70,\"caption\":\"Los pol\u00edticos Veracruz\"},\"image\":{\"@id\":\"https:\\\/\\\/lospoliticosveracruz.com\\\/#\\\/schema\\\/logo\\\/image\\\/\"},\"sameAs\":[\"https:\\\/\\\/www.facebook.com\\\/people\\\/Notimemes-de-los-Polticos\\\/61565672886568\\\/\",\"https:\\\/\\\/x.com\\\/LosPoliticosVer\"]},{\"@type\":\"Person\",\"@id\":\"https:\\\/\\\/lospoliticosveracruz.com\\\/#\\\/schema\\\/person\\\/b8702bb0e538456e6efd07080bf2a4a2\",\"name\":\"Lo viste en Los Pol\u00edticos\",\"image\":{\"@type\":\"ImageObject\",\"inLanguage\":\"es\",\"@id\":\"https:\\\/\\\/secure.gravatar.com\\\/avatar\\\/3a8de04a2656d44082be478bd6c086daa447c4651605818287b9532d3d0bd435?s=96&d=mm&r=g\",\"url\":\"https:\\\/\\\/secure.gravatar.com\\\/avatar\\\/3a8de04a2656d44082be478bd6c086daa447c4651605818287b9532d3d0bd435?s=96&d=mm&r=g\",\"contentUrl\":\"https:\\\/\\\/secure.gravatar.com\\\/avatar\\\/3a8de04a2656d44082be478bd6c086daa447c4651605818287b9532d3d0bd435?s=96&d=mm&r=g\",\"caption\":\"Lo viste en Los Pol\u00edticos\"},\"url\":\"https:\\\/\\\/lospoliticosveracruz.com\\\/?author=2\"}]}<\/script>\n<!-- \/ Yoast SEO plugin. -->","yoast_head_json":{"title":"YA EST\u00c1 CALIENTE EL AMBIENTE! - Los pol\u00edticos Veracruz","robots":{"index":"index","follow":"follow","max-snippet":"max-snippet:-1","max-image-preview":"max-image-preview:large","max-video-preview":"max-video-preview:-1"},"canonical":"https:\/\/lospoliticosveracruz.com\/?p=179795","og_locale":"es_ES","og_type":"article","og_title":"YA EST\u00c1 CALIENTE EL AMBIENTE! - Los pol\u00edticos Veracruz","og_description":"\u00c1ngeles Gonz\u00e1lez Ceballos El presidente de la Junta de Coordinaci\u00f3n Pol\u00edtica del Congreso del Estado, Esteban Bautista Hern\u00e1ndez, reconoci\u00f3 que en este momento el ambiente electoral ya est\u00e1 \u00abcaliente\u00bb en Veracruz. En entrevista, el legislador de Morena, opin\u00f3 que esto es un proceso natural previo a las campa\u00f1as pol\u00edticas. \u201cEst\u00e1 caliente ya veo que\u2026s\u00ed, pero [&hellip;]","og_url":"https:\/\/lospoliticosveracruz.com\/?p=179795","og_site_name":"Los pol\u00edticos Veracruz","article_publisher":"https:\/\/www.facebook.com\/people\/Notimemes-de-los-Polticos\/61565672886568\/","article_published_time":"2026-09-01T20:19:31+00:00","article_modified_time":"2026-09-01T20:19:32+00:00","og_image":[{"width":600,"height":320,"url":"https:\/\/lospoliticosveracruz.com\/wp-content\/uploads\/2026\/09\/Esteban-Bautista-Hernandez.jpg","type":"image\/jpeg"}],"author":"Lo viste en Los Pol\u00edticos","twitter_card":"summary_large_image","twitter_creator":"@LosPoliticosVer","twitter_site":"@LosPoliticosVer","twitter_misc":{"Escrito por":"Lo viste en Los Pol\u00edticos","Tiempo de lectura":"3 minutos"},"schema":{"@context":"https:\/\/schema.org","@graph":[{"@type":"Article","@id":"https:\/\/lospoliticosveracruz.com\/?p=179795#article","isPartOf":{"@id":"https:\/\/lospoliticosveracruz.com\/?p=179795"},"author":{"name":"Lo viste en Los Pol\u00edticos","@id":"https:\/\/lospoliticosveracruz.com\/#\/schema\/person\/b8702bb0e538456e6efd07080bf2a4a2"},"headline":"YA EST\u00c1 CALIENTE EL AMBIENTE!","datePublished":"2026-09-01T20:19:31+00:00","dateModified":"2026-09-01T20:19:32+00:00","mainEntityOfPage":{"@id":"https:\/\/lospoliticosveracruz.com\/?p=179795"},"wordCount":587,"publisher":{"@id":"https:\/\/lospoliticosveracruz.com\/#organization"},"image":{"@id":"https:\/\/lospoliticosveracruz.com\/?p=179795#primaryimage"},"thumbnailUrl":"https:\/\/lospoliticosveracruz.com\/wp-content\/uploads\/2026\/09\/Esteban-Bautista-Hernandez.jpg","keywords":["\u00c1ngeles Gonz\u00e1lez Ceballos","Congreso de Veracruz","Diputados","elecciones 2027","Esteban Bautista","Jucopo","Morena"],"articleSection":["La Nota"],"inLanguage":"es"},{"@type":"WebPage","@id":"https:\/\/lospoliticosveracruz.com\/?p=179795","url":"https:\/\/lospoliticosveracruz.com\/?p=179795","name":"YA EST\u00c1 CALIENTE EL AMBIENTE! - Los pol\u00edticos Veracruz","isPartOf":{"@id":"https:\/\/lospoliticosveracruz.com\/#website"},"primaryImageOfPage":{"@id":"https:\/\/lospoliticosveracruz.com\/?p=179795#primaryimage"},"image":{"@id":"https:\/\/lospoliticosveracruz.com\/?p=179795#primaryimage"},"thumbnailUrl":"https:\/\/lospoliticosveracruz.com\/wp-content\/uploads\/2026\/09\/Esteban-Bautista-Hernandez.jpg","datePublished":"2026-09-01T20:19:31+00:00","dateModified":"2026-09-01T20:19:32+00:00","breadcrumb":{"@id":"https:\/\/lospoliticosveracruz.com\/?p=179795#breadcrumb"},"inLanguage":"es","potentialAction":[{"@type":"ReadAction","target":["https:\/\/lospoliticosveracruz.com\/?p=179795"]}]},{"@type":"ImageObject","inLanguage":"es","@id":"https:\/\/lospoliticosveracruz.com\/?p=179795#primaryimage","url":"https:\/\/lospoliticosveracruz.com\/wp-content\/uploads\/2026\/09\/Esteban-Bautista-Hernandez.jpg","contentUrl":"https:\/\/lospoliticosveracruz.com\/wp-content\/uploads\/2026\/09\/Esteban-Bautista-Hernandez.jpg","width":600,"height":320},{"@type":"BreadcrumbList","@id":"https:\/\/lospoliticosveracruz.com\/?p=179795#breadcrumb","itemListElement":[{"@type":"ListItem","position":1,"name":"Portada","item":"https:\/\/lospoliticosveracruz.com\/"},{"@type":"ListItem","position":2,"name":"YA EST\u00c1 CALIENTE EL AMBIENTE!"}]},{"@type":"WebSite","@id":"https:\/\/lospoliticosveracruz.com\/#website","url":"https:\/\/lospoliticosveracruz.com\/","name":"Los pol\u00edticos Veracruz","description":"","publisher":{"@id":"https:\/\/lospoliticosveracruz.com\/#organization"},"potentialAction":[{"@type":"SearchAction","target":{"@type":"EntryPoint","urlTemplate":"https:\/\/lospoliticosveracruz.com\/?s={search_term_string}"},"query-input":{"@type":"PropertyValueSpecification","valueRequired":true,"valueName":"search_term_string"}}],"inLanguage":"es"},{"@type":"Organization","@id":"https:\/\/lospoliticosveracruz.com\/#organization","name":"Los pol\u00edticos Veracruz","url":"https:\/\/lospoliticosveracruz.com\/","logo":{"@type":"ImageObject","inLanguage":"es","@id":"https:\/\/lospoliticosveracruz.com\/#\/schema\/logo\/image\/","url":"https:\/\/lospoliticosveracruz.com\/wp-content\/uploads\/2025\/12\/Logo-Nuevo-LOS-POLITICOS-1.jpg","contentUrl":"https:\/\/lospoliticosveracruz.com\/wp-content\/uploads\/2025\/12\/Logo-Nuevo-LOS-POLITICOS-1.jpg","width":260,"height":70,"caption":"Los pol\u00edticos Veracruz"},"image":{"@id":"https:\/\/lospoliticosveracruz.com\/#\/schema\/logo\/image\/"},"sameAs":["https:\/\/www.facebook.com\/people\/Notimemes-de-los-Polticos\/61565672886568\/","https:\/\/x.com\/LosPoliticosVer"]},{"@type":"Person","@id":"https:\/\/lospoliticosveracruz.com\/#\/schema\/person\/b8702bb0e538456e6efd07080bf2a4a2","name":"Lo viste en Los Pol\u00edticos","image":{"@type":"ImageObject","inLanguage":"es","@id":"https:\/\/secure.gravatar.com\/avatar\/3a8de04a2656d44082be478bd6c086daa447c4651605818287b9532d3d0bd435?s=96&d=mm&r=g","url":"https:\/\/secure.gravatar.com\/avatar\/3a8de04a2656d44082be478bd6c086daa447c4651605818287b9532d3d0bd435?s=96&d=mm&r=g","contentUrl":"https:\/\/secure.gravatar.com\/avatar\/3a8de04a2656d44082be478bd6c086daa447c4651605818287b9532d3d0bd435?s=96&d=mm&r=g","caption":"Lo viste en Los Pol\u00edticos"},"url":"https:\/\/lospoliticosveracruz.com\/?author=2"}]}},"_links":{"self":[{"href":"https:\/\/lospoliticosveracruz.com\/index.php?rest_route=\/wp\/v2\/posts\/179795","targetHints":{"allow":["GET"]}}],"collection":[{"href":"https:\/\/lospoliticosveracruz.com\/index.php?rest_route=\/wp\/v2\/posts"}],"about":[{"href":"https:\/\/lospoliticosveracruz.com\/index.php?rest_route=\/wp\/v2\/types\/post"}],"author":[{"embeddable":true,"href":"https:\/\/lospoliticosveracruz.com\/index.php?rest_route=\/wp\/v2\/users\/2"}],"replies":[{"embeddable":true,"href":"https:\/\/lospoliticosveracruz.com\/index.php?rest_route=%2Fwp%2Fv2%2Fcomments&post=179795"}],"version-history":[{"count":1,"href":"https:\/\/lospoliticosveracruz.com\/index.php?rest_route=\/wp\/v2\/posts\/179795\/revisions"}],"predecessor-version":[{"id":179797,"href":"https:\/\/lospoliticosveracruz.com\/index.php?rest_route=\/wp\/v2\/posts\/179795\/revisions\/179797"}],"wp:featuredmedia":[{"embeddable":true,"href":"https:\/\/lospoliticosveracruz.com\/index.php?rest_route=\/wp\/v2\/media\/179796"}],"wp:attachment":[{"href":"https:\/\/lospoliticosveracruz.com\/index.php?rest_route=%2Fwp%2Fv2%2Fmedia&parent=179795"}],"wp:term":[{"taxonomy":"category","embeddable":true,"href":"https:\/\/lospoliticosveracruz.com\/index.php?rest_route=%2Fwp%2Fv2%2Fcategories&post=179795"},{"taxonomy":"post_tag","embeddable":true,"href":"https:\/\/lospoliticosveracruz.com\/index.php?rest_route=%2Fwp%2Fv2%2Ftags&post=179795"}],"curies":[{"name":"wp","href":"https:\/\/api.w.org\/{rel}","templated":true}]}}