{"id":179801,"date":"2026-09-01T14:38:02","date_gmt":"2026-09-01T20:38:02","guid":{"rendered":"https:\/\/lospoliticosveracruz.com\/?p=179801"},"modified":"2026-09-01T14:38:03","modified_gmt":"2026-09-01T20:38:03","slug":"castigo-severo-al-maltrato-animal","status":"publish","type":"post","link":"https:\/\/lospoliticosveracruz.com\/?p=179801","title":{"rendered":"CASTIGO SEVERO AL MALTRATO ANIMAL"},"content":{"rendered":"<div class=\"wp-block-image\">\n<figure class=\"alignleft size-medium is-resized\"><a href=\"https:\/\/lospoliticosveracruz.com\/wp-content\/uploads\/2026\/09\/no-ala-pirotecnia-medio_300x300png.png\"><img loading=\"lazy\" decoding=\"async\" width=\"300\" height=\"300\" src=\"https:\/\/lospoliticosveracruz.com\/wp-content\/uploads\/2026\/09\/no-ala-pirotecnia-medio_300x300png-300x300.png\" alt=\"\" class=\"wp-image-179741\" style=\"width:425px;height:auto\" srcset=\"https:\/\/lospoliticosveracruz.com\/wp-content\/uploads\/2026\/09\/no-ala-pirotecnia-medio_300x300png-300x300.png 300w, https:\/\/lospoliticosveracruz.com\/wp-content\/uploads\/2026\/09\/no-ala-pirotecnia-medio_300x300png-1024x1024.png 1024w, https:\/\/lospoliticosveracruz.com\/wp-content\/uploads\/2026\/09\/no-ala-pirotecnia-medio_300x300png-150x150.png 150w, https:\/\/lospoliticosveracruz.com\/wp-content\/uploads\/2026\/09\/no-ala-pirotecnia-medio_300x300png-768x768.png 768w, https:\/\/lospoliticosveracruz.com\/wp-content\/uploads\/2026\/09\/no-ala-pirotecnia-medio_300x300png-420x420.png 420w, https:\/\/lospoliticosveracruz.com\/wp-content\/uploads\/2026\/09\/no-ala-pirotecnia-medio_300x300png-696x696.png 696w, https:\/\/lospoliticosveracruz.com\/wp-content\/uploads\/2026\/09\/no-ala-pirotecnia-medio_300x300png-1068x1068.png 1068w, https:\/\/lospoliticosveracruz.com\/wp-content\/uploads\/2026\/09\/no-ala-pirotecnia-medio_300x300png.png 1250w\" sizes=\"auto, (max-width: 300px) 100vw, 300px\" \/><\/a><\/figure>\n<\/div>\n\n\n\n\n<p><strong>\u00c1ngeles Gonz\u00e1lez Ceballos<\/strong><\/p>\n\n\n\n<p>El diputado Carlos Marcelo Ruiz S\u00e1nchez conden\u00f3 los recientes hechos de crueldad animal extrema ocurridos en Xalapa, donde autoridades y asociaciones lograron el rescate de m\u00e1s de 43 perritos en condiciones de violencia.<\/p>\n\n\n\n<p>Por lo que adelant\u00f3 que se robustecer\u00e1n las penas contra aquellos que violenten a los animales.<\/p>\n\n\n\n<p>Tras la denuncia ciudadana que permiti\u00f3 la intervenci\u00f3n en el inmueble en donde el llamado \u00abmonstruo de los animales\u00bb, ten\u00eda a los perritos y un gato bajo una extrema crueldad, el legislador sostuvo que el marco legal local exige un compromiso profundo para salvaguardar a los animales y garantizar el cumplimiento de los mandatos constitucionales en la materia.<\/p>\n\n\n\n<p>Ruiz S\u00e1nchez rechaz\u00f3 cualquier agresi\u00f3n contra los seres vivos y sintientes, tal como se legisl\u00f3.<\/p>\n\n\n\n<p>\u00abEs muy lamentable, demasiado, y tengo que empezar diciendo que rechazamos categ\u00f3ricamente cualquier acto de violencia contra cualquier ser vivo. Veracruz ya contempla en la Constituci\u00f3n la sintiencia animal, y eso tiene que generar una reflexi\u00f3n profunda de lo que implica sintiencia animal y lo que debe de preverse en el Estado tiene las condiciones para promover y cuidar a los seres sintientes que son los animales no humanos\u201d, asever\u00f3.<\/p>\n\n\n\n<p>Asimismo, reconoci\u00f3 el papel de la sociedad civil que denunci\u00f3, pero sostuvo que fue el Estado el que reaccion\u00f3, porque no hubieran podido entrar a la casa de sujeto, sin el respaldo de las autoridades.<\/p>\n\n\n\n<p>Respecto a las demandas de las agrupaciones sobre la falta de claridad en los procedimientos y la propuesta para crear el protocolo \u00abMilagritos\u00bb, el congresista adelant\u00f3 que subir\u00eda este martes a tribuna para dar un posicionamiento al respecto.<\/p>\n\n\n\n<p>\u201cVamos a hacer este posicionamiento y ah\u00ed vamos a hablar de todos esos temas, incluido la inminente aprobaci\u00f3n de un dictamen que tiene que ver con el robustecimiento de las penas contra el maltrato animal y contra la violencia animal.<\/p>\n\n\n\n<p>Vamos a fortalecer a robustecer la Ley de Protecci\u00f3n al Medio Ambiente, y el C\u00f3digo Electoral de Veracruz con una iniciativa que se present\u00f3 hace meses por parte del grupo legislativo y robustecida tambi\u00e9n por la iniciativa que present\u00f3 la diputada Naomi Santos respecto de la matanza de unos gatitos en el municipio de Misantla de hace unos meses\u201d, detall\u00f3.<\/p>\n\n\n\n<p>El legislador explic\u00f3 que la estrategia de protecci\u00f3n no se limita a un solo municipio, sino toda la Entidad, el cual incluye la creaci\u00f3n de infraestructura especializada.<\/p>\n\n\n\n<p>\u201cEl tema no est\u00e1 focalizado en una regi\u00f3n de Veracruz, es un tema que se tiene que atender de manera integral en todo el Estado.<\/p>\n\n\n\n<p>Ya se est\u00e1n construyendo las cl\u00ednicas de protecci\u00f3n animal en los municipios donde Xalapa, por eso le reconocemos que reaccionaron, Xalapa, Coatepec, Orizaba, Poza Rica y Papantla van avanzando con ese tema derivado de la reforma a la Constituci\u00f3n\u201d, se\u00f1al\u00f3.<\/p>\n\n\n\n<p>Ruiz S\u00e1nchez, destac\u00f3 la apertura del Congreso local para recibir propuestas de la sociedad civil organizada sobre protocolos, actividades y modificaciones legislativas.<\/p>\n\n\n\n<p>Finalmente, Ruiz S\u00e1nchez dijo que es necesario erradicar la impunidad y frenar el deterioro social que provoca la agresi\u00f3n hacia los animales.<\/p>\n\n\n\n<p>\u201cM\u00e9xico tiene un alt\u00edsimo \u00edndice de impunidad en materia de violencia animal, no es Veracruz, es toda la Rep\u00fablica Mexicana. Aqu\u00ed estamos dispuestos, no s\u00f3lo como grupo legislativo del Partido Verde, sino como integrantes del Congreso del Estado, a atender estas situaciones que no pueden repetirse.<\/p>\n\n\n\n<p>No podemos permitir que se normalicen actos de violencia contra seres vivos porque eso lastima las mentes de nuestras infancias, de nuestras juventudes y lastima la concordia de las y los veracruzanos\u00bb, asever\u00f3.<\/p>\n\n\n\n<p><\/p>\n","protected":false},"excerpt":{"rendered":"<p>\u00c1ngeles Gonz\u00e1lez Ceballos El diputado Carlos Marcelo Ruiz S\u00e1nchez conden\u00f3 los recientes hechos de crueldad animal extrema ocurridos en Xalapa, donde autoridades y asociaciones lograron el rescate de m\u00e1s de 43 perritos en condiciones de violencia. Por lo que adelant\u00f3 que se robustecer\u00e1n las penas contra aquellos que violenten a los animales. Tras la denuncia [&hellip;]<\/p>\n","protected":false},"author":2,"featured_media":179802,"comment_status":"closed","ping_status":"closed","sticky":false,"template":"","format":"standard","meta":{"tdm_status":"","tdm_grid_status":"","footnotes":""},"categories":[6446],"tags":[49986,23491,278,15206,4911,195,96],"class_list":{"0":"post-179801","1":"post","2":"type-post","3":"status-publish","4":"format-standard","5":"has-post-thumbnail","7":"category-la-nota","8":"tag-angeles-gonzalez-ceballos","9":"tag-crueldad-animal","10":"tag-maltrato-animal","11":"tag-marcelo-ruiz","12":"tag-proteccion-animal","13":"tag-veracruz","14":"tag-xalapa"},"yoast_head":"<!-- This site is optimized with the Yoast SEO plugin v28.1 - https:\/\/yoast.com\/product\/yoast-seo-wordpress\/ -->\n<title>CASTIGO SEVERO AL MALTRATO ANIMAL - Los pol\u00edticos Veracruz<\/title>\n<meta name=\"robots\" content=\"index, follow, max-snippet:-1, max-image-preview:large, max-video-preview:-1\" \/>\n<link rel=\"canonical\" href=\"https:\/\/lospoliticosveracruz.com\/?p=179801\" \/>\n<meta property=\"og:locale\" content=\"es_ES\" \/>\n<meta property=\"og:type\" content=\"article\" \/>\n<meta property=\"og:title\" content=\"CASTIGO SEVERO AL MALTRATO ANIMAL - Los pol\u00edticos Veracruz\" \/>\n<meta property=\"og:description\" content=\"\u00c1ngeles Gonz\u00e1lez Ceballos El diputado Carlos Marcelo Ruiz S\u00e1nchez conden\u00f3 los recientes hechos de crueldad animal extrema ocurridos en Xalapa, donde autoridades y asociaciones lograron el rescate de m\u00e1s de 43 perritos en condiciones de violencia. Por lo que adelant\u00f3 que se robustecer\u00e1n las penas contra aquellos que violenten a los animales. Tras la denuncia [&hellip;]\" \/>\n<meta property=\"og:url\" content=\"https:\/\/lospoliticosveracruz.com\/?p=179801\" \/>\n<meta property=\"og:site_name\" content=\"Los pol\u00edticos Veracruz\" \/>\n<meta property=\"article:publisher\" content=\"https:\/\/www.facebook.com\/people\/Notimemes-de-los-Polticos\/61565672886568\/\" \/>\n<meta property=\"article:published_time\" content=\"2026-09-01T20:38:02+00:00\" \/>\n<meta property=\"article:modified_time\" content=\"2026-09-01T20:38:03+00:00\" \/>\n<meta property=\"og:image\" content=\"https:\/\/lospoliticosveracruz.com\/wp-content\/uploads\/2026\/09\/Carlos-Marcelo-Ruiz-Sanchez.jpg\" \/>\n\t<meta property=\"og:image:width\" content=\"600\" \/>\n\t<meta property=\"og:image:height\" content=\"320\" \/>\n\t<meta property=\"og:image:type\" content=\"image\/jpeg\" \/>\n<meta name=\"author\" content=\"Lo viste en Los Pol\u00edticos\" \/>\n<meta name=\"twitter:card\" content=\"summary_large_image\" \/>\n<meta name=\"twitter:creator\" content=\"@LosPoliticosVer\" \/>\n<meta name=\"twitter:site\" content=\"@LosPoliticosVer\" \/>\n<meta name=\"twitter:label1\" content=\"Escrito por\" \/>\n\t<meta name=\"twitter:data1\" content=\"Lo viste en Los Pol\u00edticos\" \/>\n\t<meta name=\"twitter:label2\" content=\"Tiempo de lectura\" \/>\n\t<meta name=\"twitter:data2\" content=\"4 minutos\" \/>\n<script type=\"application\/ld+json\" class=\"yoast-schema-graph\">{\"@context\":\"https:\\\/\\\/schema.org\",\"@graph\":[{\"@type\":\"Article\",\"@id\":\"https:\\\/\\\/lospoliticosveracruz.com\\\/?p=179801#article\",\"isPartOf\":{\"@id\":\"https:\\\/\\\/lospoliticosveracruz.com\\\/?p=179801\"},\"author\":{\"name\":\"Lo viste en Los Pol\u00edticos\",\"@id\":\"https:\\\/\\\/lospoliticosveracruz.com\\\/#\\\/schema\\\/person\\\/b8702bb0e538456e6efd07080bf2a4a2\"},\"headline\":\"CASTIGO SEVERO AL MALTRATO ANIMAL\",\"datePublished\":\"2026-09-01T20:38:02+00:00\",\"dateModified\":\"2026-09-01T20:38:03+00:00\",\"mainEntityOfPage\":{\"@id\":\"https:\\\/\\\/lospoliticosveracruz.com\\\/?p=179801\"},\"wordCount\":618,\"publisher\":{\"@id\":\"https:\\\/\\\/lospoliticosveracruz.com\\\/#organization\"},\"image\":{\"@id\":\"https:\\\/\\\/lospoliticosveracruz.com\\\/?p=179801#primaryimage\"},\"thumbnailUrl\":\"https:\\\/\\\/lospoliticosveracruz.com\\\/wp-content\\\/uploads\\\/2026\\\/09\\\/Carlos-Marcelo-Ruiz-Sanchez.jpg\",\"keywords\":[\"\u00c1ngeles Gonz\u00e1lez Ceballos\",\"Crueldad animal\",\"Maltrato Animal\",\"Marcelo Ruiz\",\"Protecci\u00f3n Animal\",\"Veracruz\",\"Xalapa\"],\"articleSection\":[\"La Nota\"],\"inLanguage\":\"es\"},{\"@type\":\"WebPage\",\"@id\":\"https:\\\/\\\/lospoliticosveracruz.com\\\/?p=179801\",\"url\":\"https:\\\/\\\/lospoliticosveracruz.com\\\/?p=179801\",\"name\":\"CASTIGO SEVERO AL MALTRATO ANIMAL - Los pol\u00edticos Veracruz\",\"isPartOf\":{\"@id\":\"https:\\\/\\\/lospoliticosveracruz.com\\\/#website\"},\"primaryImageOfPage\":{\"@id\":\"https:\\\/\\\/lospoliticosveracruz.com\\\/?p=179801#primaryimage\"},\"image\":{\"@id\":\"https:\\\/\\\/lospoliticosveracruz.com\\\/?p=179801#primaryimage\"},\"thumbnailUrl\":\"https:\\\/\\\/lospoliticosveracruz.com\\\/wp-content\\\/uploads\\\/2026\\\/09\\\/Carlos-Marcelo-Ruiz-Sanchez.jpg\",\"datePublished\":\"2026-09-01T20:38:02+00:00\",\"dateModified\":\"2026-09-01T20:38:03+00:00\",\"breadcrumb\":{\"@id\":\"https:\\\/\\\/lospoliticosveracruz.com\\\/?p=179801#breadcrumb\"},\"inLanguage\":\"es\",\"potentialAction\":[{\"@type\":\"ReadAction\",\"target\":[\"https:\\\/\\\/lospoliticosveracruz.com\\\/?p=179801\"]}]},{\"@type\":\"ImageObject\",\"inLanguage\":\"es\",\"@id\":\"https:\\\/\\\/lospoliticosveracruz.com\\\/?p=179801#primaryimage\",\"url\":\"https:\\\/\\\/lospoliticosveracruz.com\\\/wp-content\\\/uploads\\\/2026\\\/09\\\/Carlos-Marcelo-Ruiz-Sanchez.jpg\",\"contentUrl\":\"https:\\\/\\\/lospoliticosveracruz.com\\\/wp-content\\\/uploads\\\/2026\\\/09\\\/Carlos-Marcelo-Ruiz-Sanchez.jpg\",\"width\":600,\"height\":320},{\"@type\":\"BreadcrumbList\",\"@id\":\"https:\\\/\\\/lospoliticosveracruz.com\\\/?p=179801#breadcrumb\",\"itemListElement\":[{\"@type\":\"ListItem\",\"position\":1,\"name\":\"Portada\",\"item\":\"https:\\\/\\\/lospoliticosveracruz.com\\\/\"},{\"@type\":\"ListItem\",\"position\":2,\"name\":\"CASTIGO SEVERO AL MALTRATO ANIMAL\"}]},{\"@type\":\"WebSite\",\"@id\":\"https:\\\/\\\/lospoliticosveracruz.com\\\/#website\",\"url\":\"https:\\\/\\\/lospoliticosveracruz.com\\\/\",\"name\":\"Los pol\u00edticos Veracruz\",\"description\":\"\",\"publisher\":{\"@id\":\"https:\\\/\\\/lospoliticosveracruz.com\\\/#organization\"},\"potentialAction\":[{\"@type\":\"SearchAction\",\"target\":{\"@type\":\"EntryPoint\",\"urlTemplate\":\"https:\\\/\\\/lospoliticosveracruz.com\\\/?s={search_term_string}\"},\"query-input\":{\"@type\":\"PropertyValueSpecification\",\"valueRequired\":true,\"valueName\":\"search_term_string\"}}],\"inLanguage\":\"es\"},{\"@type\":\"Organization\",\"@id\":\"https:\\\/\\\/lospoliticosveracruz.com\\\/#organization\",\"name\":\"Los pol\u00edticos Veracruz\",\"url\":\"https:\\\/\\\/lospoliticosveracruz.com\\\/\",\"logo\":{\"@type\":\"ImageObject\",\"inLanguage\":\"es\",\"@id\":\"https:\\\/\\\/lospoliticosveracruz.com\\\/#\\\/schema\\\/logo\\\/image\\\/\",\"url\":\"https:\\\/\\\/lospoliticosveracruz.com\\\/wp-content\\\/uploads\\\/2025\\\/12\\\/Logo-Nuevo-LOS-POLITICOS-1.jpg\",\"contentUrl\":\"https:\\\/\\\/lospoliticosveracruz.com\\\/wp-content\\\/uploads\\\/2025\\\/12\\\/Logo-Nuevo-LOS-POLITICOS-1.jpg\",\"width\":260,\"height\":70,\"caption\":\"Los pol\u00edticos Veracruz\"},\"image\":{\"@id\":\"https:\\\/\\\/lospoliticosveracruz.com\\\/#\\\/schema\\\/logo\\\/image\\\/\"},\"sameAs\":[\"https:\\\/\\\/www.facebook.com\\\/people\\\/Notimemes-de-los-Polticos\\\/61565672886568\\\/\",\"https:\\\/\\\/x.com\\\/LosPoliticosVer\"]},{\"@type\":\"Person\",\"@id\":\"https:\\\/\\\/lospoliticosveracruz.com\\\/#\\\/schema\\\/person\\\/b8702bb0e538456e6efd07080bf2a4a2\",\"name\":\"Lo viste en Los Pol\u00edticos\",\"image\":{\"@type\":\"ImageObject\",\"inLanguage\":\"es\",\"@id\":\"https:\\\/\\\/secure.gravatar.com\\\/avatar\\\/3a8de04a2656d44082be478bd6c086daa447c4651605818287b9532d3d0bd435?s=96&d=mm&r=g\",\"url\":\"https:\\\/\\\/secure.gravatar.com\\\/avatar\\\/3a8de04a2656d44082be478bd6c086daa447c4651605818287b9532d3d0bd435?s=96&d=mm&r=g\",\"contentUrl\":\"https:\\\/\\\/secure.gravatar.com\\\/avatar\\\/3a8de04a2656d44082be478bd6c086daa447c4651605818287b9532d3d0bd435?s=96&d=mm&r=g\",\"caption\":\"Lo viste en Los Pol\u00edticos\"},\"url\":\"https:\\\/\\\/lospoliticosveracruz.com\\\/?author=2\"}]}<\/script>\n<!-- \/ Yoast SEO plugin. -->","yoast_head_json":{"title":"CASTIGO SEVERO AL MALTRATO ANIMAL - Los pol\u00edticos Veracruz","robots":{"index":"index","follow":"follow","max-snippet":"max-snippet:-1","max-image-preview":"max-image-preview:large","max-video-preview":"max-video-preview:-1"},"canonical":"https:\/\/lospoliticosveracruz.com\/?p=179801","og_locale":"es_ES","og_type":"article","og_title":"CASTIGO SEVERO AL MALTRATO ANIMAL - Los pol\u00edticos Veracruz","og_description":"\u00c1ngeles Gonz\u00e1lez Ceballos El diputado Carlos Marcelo Ruiz S\u00e1nchez conden\u00f3 los recientes hechos de crueldad animal extrema ocurridos en Xalapa, donde autoridades y asociaciones lograron el rescate de m\u00e1s de 43 perritos en condiciones de violencia. Por lo que adelant\u00f3 que se robustecer\u00e1n las penas contra aquellos que violenten a los animales. Tras la denuncia [&hellip;]","og_url":"https:\/\/lospoliticosveracruz.com\/?p=179801","og_site_name":"Los pol\u00edticos Veracruz","article_publisher":"https:\/\/www.facebook.com\/people\/Notimemes-de-los-Polticos\/61565672886568\/","article_published_time":"2026-09-01T20:38:02+00:00","article_modified_time":"2026-09-01T20:38:03+00:00","og_image":[{"width":600,"height":320,"url":"https:\/\/lospoliticosveracruz.com\/wp-content\/uploads\/2026\/09\/Carlos-Marcelo-Ruiz-Sanchez.jpg","type":"image\/jpeg"}],"author":"Lo viste en Los Pol\u00edticos","twitter_card":"summary_large_image","twitter_creator":"@LosPoliticosVer","twitter_site":"@LosPoliticosVer","twitter_misc":{"Escrito por":"Lo viste en Los Pol\u00edticos","Tiempo de lectura":"4 minutos"},"schema":{"@context":"https:\/\/schema.org","@graph":[{"@type":"Article","@id":"https:\/\/lospoliticosveracruz.com\/?p=179801#article","isPartOf":{"@id":"https:\/\/lospoliticosveracruz.com\/?p=179801"},"author":{"name":"Lo viste en Los Pol\u00edticos","@id":"https:\/\/lospoliticosveracruz.com\/#\/schema\/person\/b8702bb0e538456e6efd07080bf2a4a2"},"headline":"CASTIGO SEVERO AL MALTRATO ANIMAL","datePublished":"2026-09-01T20:38:02+00:00","dateModified":"2026-09-01T20:38:03+00:00","mainEntityOfPage":{"@id":"https:\/\/lospoliticosveracruz.com\/?p=179801"},"wordCount":618,"publisher":{"@id":"https:\/\/lospoliticosveracruz.com\/#organization"},"image":{"@id":"https:\/\/lospoliticosveracruz.com\/?p=179801#primaryimage"},"thumbnailUrl":"https:\/\/lospoliticosveracruz.com\/wp-content\/uploads\/2026\/09\/Carlos-Marcelo-Ruiz-Sanchez.jpg","keywords":["\u00c1ngeles Gonz\u00e1lez Ceballos","Crueldad animal","Maltrato Animal","Marcelo Ruiz","Protecci\u00f3n Animal","Veracruz","Xalapa"],"articleSection":["La Nota"],"inLanguage":"es"},{"@type":"WebPage","@id":"https:\/\/lospoliticosveracruz.com\/?p=179801","url":"https:\/\/lospoliticosveracruz.com\/?p=179801","name":"CASTIGO SEVERO AL MALTRATO ANIMAL - Los pol\u00edticos Veracruz","isPartOf":{"@id":"https:\/\/lospoliticosveracruz.com\/#website"},"primaryImageOfPage":{"@id":"https:\/\/lospoliticosveracruz.com\/?p=179801#primaryimage"},"image":{"@id":"https:\/\/lospoliticosveracruz.com\/?p=179801#primaryimage"},"thumbnailUrl":"https:\/\/lospoliticosveracruz.com\/wp-content\/uploads\/2026\/09\/Carlos-Marcelo-Ruiz-Sanchez.jpg","datePublished":"2026-09-01T20:38:02+00:00","dateModified":"2026-09-01T20:38:03+00:00","breadcrumb":{"@id":"https:\/\/lospoliticosveracruz.com\/?p=179801#breadcrumb"},"inLanguage":"es","potentialAction":[{"@type":"ReadAction","target":["https:\/\/lospoliticosveracruz.com\/?p=179801"]}]},{"@type":"ImageObject","inLanguage":"es","@id":"https:\/\/lospoliticosveracruz.com\/?p=179801#primaryimage","url":"https:\/\/lospoliticosveracruz.com\/wp-content\/uploads\/2026\/09\/Carlos-Marcelo-Ruiz-Sanchez.jpg","contentUrl":"https:\/\/lospoliticosveracruz.com\/wp-content\/uploads\/2026\/09\/Carlos-Marcelo-Ruiz-Sanchez.jpg","width":600,"height":320},{"@type":"BreadcrumbList","@id":"https:\/\/lospoliticosveracruz.com\/?p=179801#breadcrumb","itemListElement":[{"@type":"ListItem","position":1,"name":"Portada","item":"https:\/\/lospoliticosveracruz.com\/"},{"@type":"ListItem","position":2,"name":"CASTIGO SEVERO AL MALTRATO ANIMAL"}]},{"@type":"WebSite","@id":"https:\/\/lospoliticosveracruz.com\/#website","url":"https:\/\/lospoliticosveracruz.com\/","name":"Los pol\u00edticos Veracruz","description":"","publisher":{"@id":"https:\/\/lospoliticosveracruz.com\/#organization"},"potentialAction":[{"@type":"SearchAction","target":{"@type":"EntryPoint","urlTemplate":"https:\/\/lospoliticosveracruz.com\/?s={search_term_string}"},"query-input":{"@type":"PropertyValueSpecification","valueRequired":true,"valueName":"search_term_string"}}],"inLanguage":"es"},{"@type":"Organization","@id":"https:\/\/lospoliticosveracruz.com\/#organization","name":"Los pol\u00edticos Veracruz","url":"https:\/\/lospoliticosveracruz.com\/","logo":{"@type":"ImageObject","inLanguage":"es","@id":"https:\/\/lospoliticosveracruz.com\/#\/schema\/logo\/image\/","url":"https:\/\/lospoliticosveracruz.com\/wp-content\/uploads\/2025\/12\/Logo-Nuevo-LOS-POLITICOS-1.jpg","contentUrl":"https:\/\/lospoliticosveracruz.com\/wp-content\/uploads\/2025\/12\/Logo-Nuevo-LOS-POLITICOS-1.jpg","width":260,"height":70,"caption":"Los pol\u00edticos Veracruz"},"image":{"@id":"https:\/\/lospoliticosveracruz.com\/#\/schema\/logo\/image\/"},"sameAs":["https:\/\/www.facebook.com\/people\/Notimemes-de-los-Polticos\/61565672886568\/","https:\/\/x.com\/LosPoliticosVer"]},{"@type":"Person","@id":"https:\/\/lospoliticosveracruz.com\/#\/schema\/person\/b8702bb0e538456e6efd07080bf2a4a2","name":"Lo viste en Los Pol\u00edticos","image":{"@type":"ImageObject","inLanguage":"es","@id":"https:\/\/secure.gravatar.com\/avatar\/3a8de04a2656d44082be478bd6c086daa447c4651605818287b9532d3d0bd435?s=96&d=mm&r=g","url":"https:\/\/secure.gravatar.com\/avatar\/3a8de04a2656d44082be478bd6c086daa447c4651605818287b9532d3d0bd435?s=96&d=mm&r=g","contentUrl":"https:\/\/secure.gravatar.com\/avatar\/3a8de04a2656d44082be478bd6c086daa447c4651605818287b9532d3d0bd435?s=96&d=mm&r=g","caption":"Lo viste en Los Pol\u00edticos"},"url":"https:\/\/lospoliticosveracruz.com\/?author=2"}]}},"_links":{"self":[{"href":"https:\/\/lospoliticosveracruz.com\/index.php?rest_route=\/wp\/v2\/posts\/179801","targetHints":{"allow":["GET"]}}],"collection":[{"href":"https:\/\/lospoliticosveracruz.com\/index.php?rest_route=\/wp\/v2\/posts"}],"about":[{"href":"https:\/\/lospoliticosveracruz.com\/index.php?rest_route=\/wp\/v2\/types\/post"}],"author":[{"embeddable":true,"href":"https:\/\/lospoliticosveracruz.com\/index.php?rest_route=\/wp\/v2\/users\/2"}],"replies":[{"embeddable":true,"href":"https:\/\/lospoliticosveracruz.com\/index.php?rest_route=%2Fwp%2Fv2%2Fcomments&post=179801"}],"version-history":[{"count":1,"href":"https:\/\/lospoliticosveracruz.com\/index.php?rest_route=\/wp\/v2\/posts\/179801\/revisions"}],"predecessor-version":[{"id":179803,"href":"https:\/\/lospoliticosveracruz.com\/index.php?rest_route=\/wp\/v2\/posts\/179801\/revisions\/179803"}],"wp:featuredmedia":[{"embeddable":true,"href":"https:\/\/lospoliticosveracruz.com\/index.php?rest_route=\/wp\/v2\/media\/179802"}],"wp:attachment":[{"href":"https:\/\/lospoliticosveracruz.com\/index.php?rest_route=%2Fwp%2Fv2%2Fmedia&parent=179801"}],"wp:term":[{"taxonomy":"category","embeddable":true,"href":"https:\/\/lospoliticosveracruz.com\/index.php?rest_route=%2Fwp%2Fv2%2Fcategories&post=179801"},{"taxonomy":"post_tag","embeddable":true,"href":"https:\/\/lospoliticosveracruz.com\/index.php?rest_route=%2Fwp%2Fv2%2Ftags&post=179801"}],"curies":[{"name":"wp","href":"https:\/\/api.w.org\/{rel}","templated":true}]}}