{"id":179806,"date":"2026-09-01T16:09:41","date_gmt":"2026-09-01T22:09:41","guid":{"rendered":"https:\/\/lospoliticosveracruz.com\/?p=179806"},"modified":"2026-09-01T16:09:42","modified_gmt":"2026-09-01T22:09:42","slug":"gastan-mucho-certifican-poco","status":"publish","type":"post","link":"https:\/\/lospoliticosveracruz.com\/?p=179806","title":{"rendered":"GASTAN MUCHO, CERTIFICAN POCO"},"content":{"rendered":"<div class=\"wp-block-image\">\n<figure class=\"alignleft size-full is-resized\"><a href=\"https:\/\/lospoliticosveracruz.com\/wp-content\/uploads\/2026\/05\/IMG_1092.png\"><img loading=\"lazy\" decoding=\"async\" width=\"640\" height=\"600\" src=\"https:\/\/lospoliticosveracruz.com\/wp-content\/uploads\/2026\/05\/IMG_1092.png\" alt=\"\" class=\"wp-image-172799\" style=\"width:375px;height:auto\" srcset=\"https:\/\/lospoliticosveracruz.com\/wp-content\/uploads\/2026\/05\/IMG_1092.png 640w, https:\/\/lospoliticosveracruz.com\/wp-content\/uploads\/2026\/05\/IMG_1092-300x281.png 300w, https:\/\/lospoliticosveracruz.com\/wp-content\/uploads\/2026\/05\/IMG_1092-448x420.png 448w, https:\/\/lospoliticosveracruz.com\/wp-content\/uploads\/2026\/05\/IMG_1092-150x141.png 150w\" sizes=\"auto, (max-width: 640px) 100vw, 640px\" \/><\/a><\/figure>\n<\/div>\n\n\n<p>Veracruz se encuentra entre las cinco entidades del pa\u00eds con menor porcentaje de polic\u00edas estatales que cuentan con el Certificado \u00danico Policial, advirti\u00f3 Elena C\u00f3rdova, Diputada Local de Movimiento Ciudadano, al se\u00f1alar que apenas el 35.9 por ciento de los elementos cuenta con esta certificaci\u00f3n.<\/p>\n\n\n\n<p>De acuerdo con datos del INEGI citados por la legisladora, de los 12 mil 184 polic\u00edas estatales de Veracruz, solamente 4 mil 374 cuentan con el Certificado \u00danico Policial, lo que significa que pr\u00e1cticamente dos de cada tres todav\u00eda no lo tienen.<\/p>\n\n\n\n<p>C\u00f3rdova Molina se\u00f1al\u00f3 adem\u00e1s que solamente el 52 por ciento de los elementos cuenta con una evaluaci\u00f3n de control de confianza aprobatoria y vigente, aunque precis\u00f3 que esto no significa que el resto haya reprobado, pues existen evaluaciones vencidas, programadas o con resultados pendientes.<\/p>\n\n\n\n<p>La legisladora de Movimiento Ciudadano destac\u00f3 otro contraste: durante 2025 Veracruz ejerci\u00f3 6 mil 705.6 millones de pesos en seguridad p\u00fablica estatal, coloc\u00e1ndose como la tercera entidad del pa\u00eds con mayor gasto en este rubro, solamente detr\u00e1s del Estado de M\u00e9xico y Nuevo Le\u00f3n.<\/p>\n\n\n\n<p>\u201cLa contradicci\u00f3n es muy clara: tercer lugar nacional en gasto en seguridad p\u00fablica estatal, pero entre los \u00faltimos cinco en certificaci\u00f3n policial. Lo que necesitamos es que esa inversi\u00f3n tambi\u00e9n se traduzca en polic\u00edas mejor preparados, evaluados y certificados\u201d, se\u00f1al\u00f3.<\/p>\n\n\n\n<p>Ante esta situaci\u00f3n, Elena C\u00f3rdova present\u00f3 un Punto de Acuerdo para exhortar a la Secretar\u00eda de Seguridad P\u00fablica y a las instancias responsables a informar las causas del rezago y establecer una ruta con metas espec\u00edficas para avanzar en evaluaci\u00f3n, capacitaci\u00f3n y certificaci\u00f3n policial.<\/p>\n\n\n\n<p>La propuesta tambi\u00e9n plantea fortalecer la profesionalizaci\u00f3n permanente de las corporaciones mediante capacitaci\u00f3n constante, equipamiento, carrera policial, mejores salarios, prestaciones y condiciones laborales dignas.<\/p>\n\n\n\n<p>La Diputada Local enfatiz\u00f3 que el rezago no debe utilizarse para responsabilizar ni desacreditar a las mujeres y hombres que integran las corporaciones policiales, pues son las instituciones las responsables de garantizar los procesos de capacitaci\u00f3n, evaluaci\u00f3n y certificaci\u00f3n.<\/p>\n\n\n\n<p>\u201cUn polic\u00eda no decide cu\u00e1ndo lo capacitan, cu\u00e1ndo lo eval\u00faan ni cu\u00e1ndo se realizan los procesos para obtener o renovar su certificaci\u00f3n. Eso corresponde a las instituciones\u201d, afirm\u00f3.<\/p>\n\n\n\n<p>C\u00f3rdova Molina reconoci\u00f3 el trabajo de quienes diariamente portan el uniforme y salen de sus hogares para cuidar la seguridad de m\u00e1s de ocho millones de veracruzanas y veracruzanos, por lo que sostuvo que exigir mejores resultados tambi\u00e9n obliga al Estado a brindarles mejores herramientas y condiciones.<\/p>\n\n\n\n<p>\u201cNo podemos exigirles que est\u00e9n a la altura de lo que Veracruz necesita si las instituciones no est\u00e1n a la altura de lo que nuestros polic\u00edas necesitan\u201d, concluy\u00f3.<\/p>\n","protected":false},"excerpt":{"rendered":"<p>Veracruz se encuentra entre las cinco entidades del pa\u00eds con menor porcentaje de polic\u00edas estatales que cuentan con el Certificado \u00danico Policial, advirti\u00f3 Elena C\u00f3rdova, Diputada Local de Movimiento Ciudadano, al se\u00f1alar que apenas el 35.9 por ciento de los elementos cuenta con esta certificaci\u00f3n. De acuerdo con datos del INEGI citados por la legisladora, [&hellip;]<\/p>\n","protected":false},"author":2,"featured_media":179807,"comment_status":"closed","ping_status":"closed","sticky":false,"template":"","format":"standard","meta":{"tdm_status":"","tdm_grid_status":"","footnotes":""},"categories":[73],"tags":[70967,4452,2327,420,177,195],"class_list":{"0":"post-179806","1":"post","2":"type-post","3":"status-publish","4":"format-standard","5":"has-post-thumbnail","7":"category-de-boleto","8":"tag-certificacion-policial","9":"tag-elena-cordova","10":"tag-movimiento-ciudadano","11":"tag-policias","12":"tag-seguridad-publica","13":"tag-veracruz"},"yoast_head":"<!-- This site is optimized with the Yoast SEO plugin v28.1 - https:\/\/yoast.com\/product\/yoast-seo-wordpress\/ -->\n<title>GASTAN MUCHO, CERTIFICAN POCO - Los pol\u00edticos Veracruz<\/title>\n<meta name=\"robots\" content=\"index, follow, max-snippet:-1, max-image-preview:large, max-video-preview:-1\" \/>\n<link rel=\"canonical\" href=\"https:\/\/lospoliticosveracruz.com\/?p=179806\" \/>\n<meta property=\"og:locale\" content=\"es_ES\" \/>\n<meta property=\"og:type\" content=\"article\" \/>\n<meta property=\"og:title\" content=\"GASTAN MUCHO, CERTIFICAN POCO - Los pol\u00edticos Veracruz\" \/>\n<meta property=\"og:description\" content=\"Veracruz se encuentra entre las cinco entidades del pa\u00eds con menor porcentaje de polic\u00edas estatales que cuentan con el Certificado \u00danico Policial, advirti\u00f3 Elena C\u00f3rdova, Diputada Local de Movimiento Ciudadano, al se\u00f1alar que apenas el 35.9 por ciento de los elementos cuenta con esta certificaci\u00f3n. De acuerdo con datos del INEGI citados por la legisladora, [&hellip;]\" \/>\n<meta property=\"og:url\" content=\"https:\/\/lospoliticosveracruz.com\/?p=179806\" \/>\n<meta property=\"og:site_name\" content=\"Los pol\u00edticos Veracruz\" \/>\n<meta property=\"article:publisher\" content=\"https:\/\/www.facebook.com\/people\/Notimemes-de-los-Polticos\/61565672886568\/\" \/>\n<meta property=\"article:published_time\" content=\"2026-09-01T22:09:41+00:00\" \/>\n<meta property=\"article:modified_time\" content=\"2026-09-01T22:09:42+00:00\" \/>\n<meta property=\"og:image\" content=\"https:\/\/lospoliticosveracruz.com\/wp-content\/uploads\/2026\/09\/Elena-Cordova.jpg\" \/>\n\t<meta property=\"og:image:width\" content=\"600\" \/>\n\t<meta property=\"og:image:height\" content=\"320\" \/>\n\t<meta property=\"og:image:type\" content=\"image\/jpeg\" \/>\n<meta name=\"author\" content=\"Lo viste en Los Pol\u00edticos\" \/>\n<meta name=\"twitter:card\" content=\"summary_large_image\" \/>\n<meta name=\"twitter:creator\" content=\"@LosPoliticosVer\" \/>\n<meta name=\"twitter:site\" content=\"@LosPoliticosVer\" \/>\n<meta name=\"twitter:label1\" content=\"Escrito por\" \/>\n\t<meta name=\"twitter:data1\" content=\"Lo viste en Los Pol\u00edticos\" \/>\n\t<meta name=\"twitter:label2\" content=\"Tiempo de lectura\" \/>\n\t<meta name=\"twitter:data2\" content=\"3 minutos\" \/>\n<script type=\"application\/ld+json\" class=\"yoast-schema-graph\">{\"@context\":\"https:\\\/\\\/schema.org\",\"@graph\":[{\"@type\":\"Article\",\"@id\":\"https:\\\/\\\/lospoliticosveracruz.com\\\/?p=179806#article\",\"isPartOf\":{\"@id\":\"https:\\\/\\\/lospoliticosveracruz.com\\\/?p=179806\"},\"author\":{\"name\":\"Lo viste en Los Pol\u00edticos\",\"@id\":\"https:\\\/\\\/lospoliticosveracruz.com\\\/#\\\/schema\\\/person\\\/b8702bb0e538456e6efd07080bf2a4a2\"},\"headline\":\"GASTAN MUCHO, CERTIFICAN POCO\",\"datePublished\":\"2026-09-01T22:09:41+00:00\",\"dateModified\":\"2026-09-01T22:09:42+00:00\",\"mainEntityOfPage\":{\"@id\":\"https:\\\/\\\/lospoliticosveracruz.com\\\/?p=179806\"},\"wordCount\":471,\"publisher\":{\"@id\":\"https:\\\/\\\/lospoliticosveracruz.com\\\/#organization\"},\"image\":{\"@id\":\"https:\\\/\\\/lospoliticosveracruz.com\\\/?p=179806#primaryimage\"},\"thumbnailUrl\":\"https:\\\/\\\/lospoliticosveracruz.com\\\/wp-content\\\/uploads\\\/2026\\\/09\\\/Elena-Cordova.jpg\",\"keywords\":[\"certificaci\u00f3n policial\",\"Elena C\u00f3rdova\",\"Movimiento Ciudadano\",\"polic\u00edas\",\"Seguridad P\u00fablica\",\"Veracruz\"],\"articleSection\":[\"De Boleto\"],\"inLanguage\":\"es\"},{\"@type\":\"WebPage\",\"@id\":\"https:\\\/\\\/lospoliticosveracruz.com\\\/?p=179806\",\"url\":\"https:\\\/\\\/lospoliticosveracruz.com\\\/?p=179806\",\"name\":\"GASTAN MUCHO, CERTIFICAN POCO - Los pol\u00edticos Veracruz\",\"isPartOf\":{\"@id\":\"https:\\\/\\\/lospoliticosveracruz.com\\\/#website\"},\"primaryImageOfPage\":{\"@id\":\"https:\\\/\\\/lospoliticosveracruz.com\\\/?p=179806#primaryimage\"},\"image\":{\"@id\":\"https:\\\/\\\/lospoliticosveracruz.com\\\/?p=179806#primaryimage\"},\"thumbnailUrl\":\"https:\\\/\\\/lospoliticosveracruz.com\\\/wp-content\\\/uploads\\\/2026\\\/09\\\/Elena-Cordova.jpg\",\"datePublished\":\"2026-09-01T22:09:41+00:00\",\"dateModified\":\"2026-09-01T22:09:42+00:00\",\"breadcrumb\":{\"@id\":\"https:\\\/\\\/lospoliticosveracruz.com\\\/?p=179806#breadcrumb\"},\"inLanguage\":\"es\",\"potentialAction\":[{\"@type\":\"ReadAction\",\"target\":[\"https:\\\/\\\/lospoliticosveracruz.com\\\/?p=179806\"]}]},{\"@type\":\"ImageObject\",\"inLanguage\":\"es\",\"@id\":\"https:\\\/\\\/lospoliticosveracruz.com\\\/?p=179806#primaryimage\",\"url\":\"https:\\\/\\\/lospoliticosveracruz.com\\\/wp-content\\\/uploads\\\/2026\\\/09\\\/Elena-Cordova.jpg\",\"contentUrl\":\"https:\\\/\\\/lospoliticosveracruz.com\\\/wp-content\\\/uploads\\\/2026\\\/09\\\/Elena-Cordova.jpg\",\"width\":600,\"height\":320},{\"@type\":\"BreadcrumbList\",\"@id\":\"https:\\\/\\\/lospoliticosveracruz.com\\\/?p=179806#breadcrumb\",\"itemListElement\":[{\"@type\":\"ListItem\",\"position\":1,\"name\":\"Portada\",\"item\":\"https:\\\/\\\/lospoliticosveracruz.com\\\/\"},{\"@type\":\"ListItem\",\"position\":2,\"name\":\"GASTAN MUCHO, CERTIFICAN POCO\"}]},{\"@type\":\"WebSite\",\"@id\":\"https:\\\/\\\/lospoliticosveracruz.com\\\/#website\",\"url\":\"https:\\\/\\\/lospoliticosveracruz.com\\\/\",\"name\":\"Los pol\u00edticos Veracruz\",\"description\":\"\",\"publisher\":{\"@id\":\"https:\\\/\\\/lospoliticosveracruz.com\\\/#organization\"},\"potentialAction\":[{\"@type\":\"SearchAction\",\"target\":{\"@type\":\"EntryPoint\",\"urlTemplate\":\"https:\\\/\\\/lospoliticosveracruz.com\\\/?s={search_term_string}\"},\"query-input\":{\"@type\":\"PropertyValueSpecification\",\"valueRequired\":true,\"valueName\":\"search_term_string\"}}],\"inLanguage\":\"es\"},{\"@type\":\"Organization\",\"@id\":\"https:\\\/\\\/lospoliticosveracruz.com\\\/#organization\",\"name\":\"Los pol\u00edticos Veracruz\",\"url\":\"https:\\\/\\\/lospoliticosveracruz.com\\\/\",\"logo\":{\"@type\":\"ImageObject\",\"inLanguage\":\"es\",\"@id\":\"https:\\\/\\\/lospoliticosveracruz.com\\\/#\\\/schema\\\/logo\\\/image\\\/\",\"url\":\"https:\\\/\\\/lospoliticosveracruz.com\\\/wp-content\\\/uploads\\\/2025\\\/12\\\/Logo-Nuevo-LOS-POLITICOS-1.jpg\",\"contentUrl\":\"https:\\\/\\\/lospoliticosveracruz.com\\\/wp-content\\\/uploads\\\/2025\\\/12\\\/Logo-Nuevo-LOS-POLITICOS-1.jpg\",\"width\":260,\"height\":70,\"caption\":\"Los pol\u00edticos Veracruz\"},\"image\":{\"@id\":\"https:\\\/\\\/lospoliticosveracruz.com\\\/#\\\/schema\\\/logo\\\/image\\\/\"},\"sameAs\":[\"https:\\\/\\\/www.facebook.com\\\/people\\\/Notimemes-de-los-Polticos\\\/61565672886568\\\/\",\"https:\\\/\\\/x.com\\\/LosPoliticosVer\"]},{\"@type\":\"Person\",\"@id\":\"https:\\\/\\\/lospoliticosveracruz.com\\\/#\\\/schema\\\/person\\\/b8702bb0e538456e6efd07080bf2a4a2\",\"name\":\"Lo viste en Los Pol\u00edticos\",\"image\":{\"@type\":\"ImageObject\",\"inLanguage\":\"es\",\"@id\":\"https:\\\/\\\/secure.gravatar.com\\\/avatar\\\/3a8de04a2656d44082be478bd6c086daa447c4651605818287b9532d3d0bd435?s=96&d=mm&r=g\",\"url\":\"https:\\\/\\\/secure.gravatar.com\\\/avatar\\\/3a8de04a2656d44082be478bd6c086daa447c4651605818287b9532d3d0bd435?s=96&d=mm&r=g\",\"contentUrl\":\"https:\\\/\\\/secure.gravatar.com\\\/avatar\\\/3a8de04a2656d44082be478bd6c086daa447c4651605818287b9532d3d0bd435?s=96&d=mm&r=g\",\"caption\":\"Lo viste en Los Pol\u00edticos\"},\"url\":\"https:\\\/\\\/lospoliticosveracruz.com\\\/?author=2\"}]}<\/script>\n<!-- \/ Yoast SEO plugin. -->","yoast_head_json":{"title":"GASTAN MUCHO, CERTIFICAN POCO - Los pol\u00edticos Veracruz","robots":{"index":"index","follow":"follow","max-snippet":"max-snippet:-1","max-image-preview":"max-image-preview:large","max-video-preview":"max-video-preview:-1"},"canonical":"https:\/\/lospoliticosveracruz.com\/?p=179806","og_locale":"es_ES","og_type":"article","og_title":"GASTAN MUCHO, CERTIFICAN POCO - Los pol\u00edticos Veracruz","og_description":"Veracruz se encuentra entre las cinco entidades del pa\u00eds con menor porcentaje de polic\u00edas estatales que cuentan con el Certificado \u00danico Policial, advirti\u00f3 Elena C\u00f3rdova, Diputada Local de Movimiento Ciudadano, al se\u00f1alar que apenas el 35.9 por ciento de los elementos cuenta con esta certificaci\u00f3n. De acuerdo con datos del INEGI citados por la legisladora, [&hellip;]","og_url":"https:\/\/lospoliticosveracruz.com\/?p=179806","og_site_name":"Los pol\u00edticos Veracruz","article_publisher":"https:\/\/www.facebook.com\/people\/Notimemes-de-los-Polticos\/61565672886568\/","article_published_time":"2026-09-01T22:09:41+00:00","article_modified_time":"2026-09-01T22:09:42+00:00","og_image":[{"width":600,"height":320,"url":"https:\/\/lospoliticosveracruz.com\/wp-content\/uploads\/2026\/09\/Elena-Cordova.jpg","type":"image\/jpeg"}],"author":"Lo viste en Los Pol\u00edticos","twitter_card":"summary_large_image","twitter_creator":"@LosPoliticosVer","twitter_site":"@LosPoliticosVer","twitter_misc":{"Escrito por":"Lo viste en Los Pol\u00edticos","Tiempo de lectura":"3 minutos"},"schema":{"@context":"https:\/\/schema.org","@graph":[{"@type":"Article","@id":"https:\/\/lospoliticosveracruz.com\/?p=179806#article","isPartOf":{"@id":"https:\/\/lospoliticosveracruz.com\/?p=179806"},"author":{"name":"Lo viste en Los Pol\u00edticos","@id":"https:\/\/lospoliticosveracruz.com\/#\/schema\/person\/b8702bb0e538456e6efd07080bf2a4a2"},"headline":"GASTAN MUCHO, CERTIFICAN POCO","datePublished":"2026-09-01T22:09:41+00:00","dateModified":"2026-09-01T22:09:42+00:00","mainEntityOfPage":{"@id":"https:\/\/lospoliticosveracruz.com\/?p=179806"},"wordCount":471,"publisher":{"@id":"https:\/\/lospoliticosveracruz.com\/#organization"},"image":{"@id":"https:\/\/lospoliticosveracruz.com\/?p=179806#primaryimage"},"thumbnailUrl":"https:\/\/lospoliticosveracruz.com\/wp-content\/uploads\/2026\/09\/Elena-Cordova.jpg","keywords":["certificaci\u00f3n policial","Elena C\u00f3rdova","Movimiento Ciudadano","polic\u00edas","Seguridad P\u00fablica","Veracruz"],"articleSection":["De Boleto"],"inLanguage":"es"},{"@type":"WebPage","@id":"https:\/\/lospoliticosveracruz.com\/?p=179806","url":"https:\/\/lospoliticosveracruz.com\/?p=179806","name":"GASTAN MUCHO, CERTIFICAN POCO - Los pol\u00edticos Veracruz","isPartOf":{"@id":"https:\/\/lospoliticosveracruz.com\/#website"},"primaryImageOfPage":{"@id":"https:\/\/lospoliticosveracruz.com\/?p=179806#primaryimage"},"image":{"@id":"https:\/\/lospoliticosveracruz.com\/?p=179806#primaryimage"},"thumbnailUrl":"https:\/\/lospoliticosveracruz.com\/wp-content\/uploads\/2026\/09\/Elena-Cordova.jpg","datePublished":"2026-09-01T22:09:41+00:00","dateModified":"2026-09-01T22:09:42+00:00","breadcrumb":{"@id":"https:\/\/lospoliticosveracruz.com\/?p=179806#breadcrumb"},"inLanguage":"es","potentialAction":[{"@type":"ReadAction","target":["https:\/\/lospoliticosveracruz.com\/?p=179806"]}]},{"@type":"ImageObject","inLanguage":"es","@id":"https:\/\/lospoliticosveracruz.com\/?p=179806#primaryimage","url":"https:\/\/lospoliticosveracruz.com\/wp-content\/uploads\/2026\/09\/Elena-Cordova.jpg","contentUrl":"https:\/\/lospoliticosveracruz.com\/wp-content\/uploads\/2026\/09\/Elena-Cordova.jpg","width":600,"height":320},{"@type":"BreadcrumbList","@id":"https:\/\/lospoliticosveracruz.com\/?p=179806#breadcrumb","itemListElement":[{"@type":"ListItem","position":1,"name":"Portada","item":"https:\/\/lospoliticosveracruz.com\/"},{"@type":"ListItem","position":2,"name":"GASTAN MUCHO, CERTIFICAN POCO"}]},{"@type":"WebSite","@id":"https:\/\/lospoliticosveracruz.com\/#website","url":"https:\/\/lospoliticosveracruz.com\/","name":"Los pol\u00edticos Veracruz","description":"","publisher":{"@id":"https:\/\/lospoliticosveracruz.com\/#organization"},"potentialAction":[{"@type":"SearchAction","target":{"@type":"EntryPoint","urlTemplate":"https:\/\/lospoliticosveracruz.com\/?s={search_term_string}"},"query-input":{"@type":"PropertyValueSpecification","valueRequired":true,"valueName":"search_term_string"}}],"inLanguage":"es"},{"@type":"Organization","@id":"https:\/\/lospoliticosveracruz.com\/#organization","name":"Los pol\u00edticos Veracruz","url":"https:\/\/lospoliticosveracruz.com\/","logo":{"@type":"ImageObject","inLanguage":"es","@id":"https:\/\/lospoliticosveracruz.com\/#\/schema\/logo\/image\/","url":"https:\/\/lospoliticosveracruz.com\/wp-content\/uploads\/2025\/12\/Logo-Nuevo-LOS-POLITICOS-1.jpg","contentUrl":"https:\/\/lospoliticosveracruz.com\/wp-content\/uploads\/2025\/12\/Logo-Nuevo-LOS-POLITICOS-1.jpg","width":260,"height":70,"caption":"Los pol\u00edticos Veracruz"},"image":{"@id":"https:\/\/lospoliticosveracruz.com\/#\/schema\/logo\/image\/"},"sameAs":["https:\/\/www.facebook.com\/people\/Notimemes-de-los-Polticos\/61565672886568\/","https:\/\/x.com\/LosPoliticosVer"]},{"@type":"Person","@id":"https:\/\/lospoliticosveracruz.com\/#\/schema\/person\/b8702bb0e538456e6efd07080bf2a4a2","name":"Lo viste en Los Pol\u00edticos","image":{"@type":"ImageObject","inLanguage":"es","@id":"https:\/\/secure.gravatar.com\/avatar\/3a8de04a2656d44082be478bd6c086daa447c4651605818287b9532d3d0bd435?s=96&d=mm&r=g","url":"https:\/\/secure.gravatar.com\/avatar\/3a8de04a2656d44082be478bd6c086daa447c4651605818287b9532d3d0bd435?s=96&d=mm&r=g","contentUrl":"https:\/\/secure.gravatar.com\/avatar\/3a8de04a2656d44082be478bd6c086daa447c4651605818287b9532d3d0bd435?s=96&d=mm&r=g","caption":"Lo viste en Los Pol\u00edticos"},"url":"https:\/\/lospoliticosveracruz.com\/?author=2"}]}},"_links":{"self":[{"href":"https:\/\/lospoliticosveracruz.com\/index.php?rest_route=\/wp\/v2\/posts\/179806","targetHints":{"allow":["GET"]}}],"collection":[{"href":"https:\/\/lospoliticosveracruz.com\/index.php?rest_route=\/wp\/v2\/posts"}],"about":[{"href":"https:\/\/lospoliticosveracruz.com\/index.php?rest_route=\/wp\/v2\/types\/post"}],"author":[{"embeddable":true,"href":"https:\/\/lospoliticosveracruz.com\/index.php?rest_route=\/wp\/v2\/users\/2"}],"replies":[{"embeddable":true,"href":"https:\/\/lospoliticosveracruz.com\/index.php?rest_route=%2Fwp%2Fv2%2Fcomments&post=179806"}],"version-history":[{"count":1,"href":"https:\/\/lospoliticosveracruz.com\/index.php?rest_route=\/wp\/v2\/posts\/179806\/revisions"}],"predecessor-version":[{"id":179808,"href":"https:\/\/lospoliticosveracruz.com\/index.php?rest_route=\/wp\/v2\/posts\/179806\/revisions\/179808"}],"wp:featuredmedia":[{"embeddable":true,"href":"https:\/\/lospoliticosveracruz.com\/index.php?rest_route=\/wp\/v2\/media\/179807"}],"wp:attachment":[{"href":"https:\/\/lospoliticosveracruz.com\/index.php?rest_route=%2Fwp%2Fv2%2Fmedia&parent=179806"}],"wp:term":[{"taxonomy":"category","embeddable":true,"href":"https:\/\/lospoliticosveracruz.com\/index.php?rest_route=%2Fwp%2Fv2%2Fcategories&post=179806"},{"taxonomy":"post_tag","embeddable":true,"href":"https:\/\/lospoliticosveracruz.com\/index.php?rest_route=%2Fwp%2Fv2%2Ftags&post=179806"}],"curies":[{"name":"wp","href":"https:\/\/api.w.org\/{rel}","templated":true}]}}