{"id":179809,"date":"2026-09-01T16:15:38","date_gmt":"2026-09-01T22:15:38","guid":{"rendered":"https:\/\/lospoliticosveracruz.com\/?p=179809"},"modified":"2026-09-01T16:15:39","modified_gmt":"2026-09-01T22:15:39","slug":"eric-limpio","status":"publish","type":"post","link":"https:\/\/lospoliticosveracruz.com\/?p=179809","title":{"rendered":"ERIC, LIMPIO!"},"content":{"rendered":"<div class=\"wp-block-image\">\n<figure class=\"alignleft size-full is-resized\"><a href=\"https:\/\/lospoliticosveracruz.com\/wp-content\/uploads\/2026\/08\/Fiestas-Veracruz.jpg\"><img loading=\"lazy\" decoding=\"async\" width=\"667\" height=\"625\" src=\"https:\/\/lospoliticosveracruz.com\/wp-content\/uploads\/2026\/08\/Fiestas-Veracruz.jpg\" alt=\"\" class=\"wp-image-179650\" style=\"aspect-ratio:1.067287698577726;width:425px;height:auto\" srcset=\"https:\/\/lospoliticosveracruz.com\/wp-content\/uploads\/2026\/08\/Fiestas-Veracruz.jpg 667w, https:\/\/lospoliticosveracruz.com\/wp-content\/uploads\/2026\/08\/Fiestas-Veracruz-300x281.jpg 300w, https:\/\/lospoliticosveracruz.com\/wp-content\/uploads\/2026\/08\/Fiestas-Veracruz-448x420.jpg 448w, https:\/\/lospoliticosveracruz.com\/wp-content\/uploads\/2026\/08\/Fiestas-Veracruz-150x141.jpg 150w\" sizes=\"auto, (max-width: 667px) 100vw, 667px\" \/><\/a><\/figure>\n<\/div>\n\n\n<p><strong>\u00c1ngeles Gonz\u00e1lez Ceballos<\/strong><\/p>\n\n\n\n<p>La auditora general del \u00d3rgano de Fiscalizaci\u00f3n Superior (ORFIS), Delia Gonz\u00e1lez Cobos, asegur\u00f3 que el actual subsecretario de Finanzas y exalcalde de Papantla, Eric Dom\u00ednguez, s\u00ed solvent\u00f3 las observaciones y procesos por m\u00e1s de 88 millones de pesos.<\/p>\n\n\n\n<p>\u00ab\u00c9l hizo las aclaraciones, yo no le veo problema, porque ya ese asunto qued\u00f3 cerrado\u2026 su gesti\u00f3n ya qued\u00f3 aclarada totalmente\u00bb, expres\u00f3 y defini\u00f3 que puede aspirar a sucederla en el cargo \u00absin ning\u00fan problema\u00bb.<\/p>\n\n\n\n<p>Gonz\u00e1lez Cobos afirm\u00f3 que la Ley no le impide participar o como lo hizo, registrarse en la convocatoria lanzada por el Congreso del Estado, misma que se cerr\u00f3 el pasado viernes.<\/p>\n\n\n\n<p>Cuestionada respecto de los 88 millones que supuestamente se observaron durante su gesti\u00f3n como alcalde de Papantla, la Auditora estim\u00f3 que quiz\u00e1 m\u00e1s bien pudieron haber sumado otros a\u00f1os.<\/p>\n\n\n\n<p>\u00abPero no han visto que nosotros informamos al Congreso que en su momento ya se hicieron los acuerdos de conclusi\u00f3n ante las aclaraciones correspondientes\u00bb, subray\u00f3.<\/p>\n\n\n\n<p>La auditora general consider\u00f3 que si Eric Dom\u00ednguez llegara a ser designado por el Pleno del Congreso local no tendr\u00e1 ning\u00fan problema.<\/p>\n\n\n\n<p>\u00abNo hay impedimento desde mi punto de vista, no hay impedimento\u00bb, manifest\u00f3.<\/p>\n\n\n\n<p>La Auditora dijo que hasta este momento no conoce la lista de los que lograron registrarse ante la Comisi\u00f3n de Vigilancia de dicha soberan\u00eda, \u00abporque yo no la he visto, si la tienen, m\u00e1ndenmela\u00bb.<\/p>\n\n\n\n<p>Delia Gonz\u00e1lez pregunt\u00f3 si se sabe si en esa lista de 28 aspirantes que dio a conocer la diputada Naomi Edith G\u00f3mez Santos hay mujeres que aspiraron al cargo que el pr\u00f3ximo 26 de septiembre dejar\u00e1 tras concluir su periodo.<\/p>\n\n\n\n<p>Ante ello se le refiri\u00f3 que al parecer no se inscribieron Leslie Garibo Puga, actual titular de Patrimonio del Estado, ni B\u00e1rbara Galindo, actual Contralora General del Estado.<\/p>\n\n\n\n<p>\u00abAy qu\u00e9 pena porque, digo, son mujeres que est\u00e1n trabajando para este gobierno, que ya saben, que conocen la administraci\u00f3n y que desde luego har\u00edan un muy buen papel\u00bb, opin\u00f3.<\/p>\n","protected":false},"excerpt":{"rendered":"<p>\u00c1ngeles Gonz\u00e1lez Ceballos La auditora general del \u00d3rgano de Fiscalizaci\u00f3n Superior (ORFIS), Delia Gonz\u00e1lez Cobos, asegur\u00f3 que el actual subsecretario de Finanzas y exalcalde de Papantla, Eric Dom\u00ednguez, s\u00ed solvent\u00f3 las observaciones y procesos por m\u00e1s de 88 millones de pesos. \u00ab\u00c9l hizo las aclaraciones, yo no le veo problema, porque ya ese asunto qued\u00f3 [&hellip;]<\/p>\n","protected":false},"author":2,"featured_media":179810,"comment_status":"closed","ping_status":"closed","sticky":false,"template":"","format":"standard","meta":{"tdm_status":"","tdm_grid_status":"","footnotes":""},"categories":[6446],"tags":[49986,65720,393,35122,15156,135,3315],"class_list":{"0":"post-179809","1":"post","2":"type-post","3":"status-publish","4":"format-standard","5":"has-post-thumbnail","7":"category-la-nota","8":"tag-angeles-gonzalez-ceballos","9":"tag-auditoria","10":"tag-congreso-de-veracruz","11":"tag-delia-gonzalez","12":"tag-eric-dominguez","13":"tag-orfis","14":"tag-papantla"},"yoast_head":"<!-- This site is optimized with the Yoast SEO plugin v28.1 - https:\/\/yoast.com\/product\/yoast-seo-wordpress\/ -->\n<title>ERIC, LIMPIO! - Los pol\u00edticos Veracruz<\/title>\n<meta name=\"robots\" content=\"index, follow, max-snippet:-1, max-image-preview:large, max-video-preview:-1\" \/>\n<link rel=\"canonical\" href=\"https:\/\/lospoliticosveracruz.com\/?p=179809\" \/>\n<meta property=\"og:locale\" content=\"es_ES\" \/>\n<meta property=\"og:type\" content=\"article\" \/>\n<meta property=\"og:title\" content=\"ERIC, LIMPIO! - Los pol\u00edticos Veracruz\" \/>\n<meta property=\"og:description\" content=\"\u00c1ngeles Gonz\u00e1lez Ceballos La auditora general del \u00d3rgano de Fiscalizaci\u00f3n Superior (ORFIS), Delia Gonz\u00e1lez Cobos, asegur\u00f3 que el actual subsecretario de Finanzas y exalcalde de Papantla, Eric Dom\u00ednguez, s\u00ed solvent\u00f3 las observaciones y procesos por m\u00e1s de 88 millones de pesos. \u00ab\u00c9l hizo las aclaraciones, yo no le veo problema, porque ya ese asunto qued\u00f3 [&hellip;]\" \/>\n<meta property=\"og:url\" content=\"https:\/\/lospoliticosveracruz.com\/?p=179809\" \/>\n<meta property=\"og:site_name\" content=\"Los pol\u00edticos Veracruz\" \/>\n<meta property=\"article:publisher\" content=\"https:\/\/www.facebook.com\/people\/Notimemes-de-los-Polticos\/61565672886568\/\" \/>\n<meta property=\"article:published_time\" content=\"2026-09-01T22:15:38+00:00\" \/>\n<meta property=\"article:modified_time\" content=\"2026-09-01T22:15:39+00:00\" \/>\n<meta property=\"og:image\" content=\"https:\/\/lospoliticosveracruz.com\/wp-content\/uploads\/2026\/09\/Delia-Gonzalez-Cobos.jpg\" \/>\n\t<meta property=\"og:image:width\" content=\"600\" \/>\n\t<meta property=\"og:image:height\" content=\"320\" \/>\n\t<meta property=\"og:image:type\" content=\"image\/jpeg\" \/>\n<meta name=\"author\" content=\"Lo viste en Los Pol\u00edticos\" \/>\n<meta name=\"twitter:card\" content=\"summary_large_image\" \/>\n<meta name=\"twitter:creator\" content=\"@LosPoliticosVer\" \/>\n<meta name=\"twitter:site\" content=\"@LosPoliticosVer\" \/>\n<meta name=\"twitter:label1\" content=\"Escrito por\" \/>\n\t<meta name=\"twitter:data1\" content=\"Lo viste en Los Pol\u00edticos\" \/>\n\t<meta name=\"twitter:label2\" content=\"Tiempo de lectura\" \/>\n\t<meta name=\"twitter:data2\" content=\"2 minutos\" \/>\n<script type=\"application\/ld+json\" class=\"yoast-schema-graph\">{\"@context\":\"https:\\\/\\\/schema.org\",\"@graph\":[{\"@type\":\"Article\",\"@id\":\"https:\\\/\\\/lospoliticosveracruz.com\\\/?p=179809#article\",\"isPartOf\":{\"@id\":\"https:\\\/\\\/lospoliticosveracruz.com\\\/?p=179809\"},\"author\":{\"name\":\"Lo viste en Los Pol\u00edticos\",\"@id\":\"https:\\\/\\\/lospoliticosveracruz.com\\\/#\\\/schema\\\/person\\\/b8702bb0e538456e6efd07080bf2a4a2\"},\"headline\":\"ERIC, LIMPIO!\",\"datePublished\":\"2026-09-01T22:15:38+00:00\",\"dateModified\":\"2026-09-01T22:15:39+00:00\",\"mainEntityOfPage\":{\"@id\":\"https:\\\/\\\/lospoliticosveracruz.com\\\/?p=179809\"},\"wordCount\":349,\"publisher\":{\"@id\":\"https:\\\/\\\/lospoliticosveracruz.com\\\/#organization\"},\"image\":{\"@id\":\"https:\\\/\\\/lospoliticosveracruz.com\\\/?p=179809#primaryimage\"},\"thumbnailUrl\":\"https:\\\/\\\/lospoliticosveracruz.com\\\/wp-content\\\/uploads\\\/2026\\\/09\\\/Delia-Gonzalez-Cobos.jpg\",\"keywords\":[\"\u00c1ngeles Gonz\u00e1lez Ceballos\",\"Auditor\u00eda\",\"Congreso de Veracruz\",\"Delia Gonz\u00e1lez\",\"Eric Dom\u00ednguez\",\"Orfis\",\"Papantla\"],\"articleSection\":[\"La Nota\"],\"inLanguage\":\"es\"},{\"@type\":\"WebPage\",\"@id\":\"https:\\\/\\\/lospoliticosveracruz.com\\\/?p=179809\",\"url\":\"https:\\\/\\\/lospoliticosveracruz.com\\\/?p=179809\",\"name\":\"ERIC, LIMPIO! - Los pol\u00edticos Veracruz\",\"isPartOf\":{\"@id\":\"https:\\\/\\\/lospoliticosveracruz.com\\\/#website\"},\"primaryImageOfPage\":{\"@id\":\"https:\\\/\\\/lospoliticosveracruz.com\\\/?p=179809#primaryimage\"},\"image\":{\"@id\":\"https:\\\/\\\/lospoliticosveracruz.com\\\/?p=179809#primaryimage\"},\"thumbnailUrl\":\"https:\\\/\\\/lospoliticosveracruz.com\\\/wp-content\\\/uploads\\\/2026\\\/09\\\/Delia-Gonzalez-Cobos.jpg\",\"datePublished\":\"2026-09-01T22:15:38+00:00\",\"dateModified\":\"2026-09-01T22:15:39+00:00\",\"breadcrumb\":{\"@id\":\"https:\\\/\\\/lospoliticosveracruz.com\\\/?p=179809#breadcrumb\"},\"inLanguage\":\"es\",\"potentialAction\":[{\"@type\":\"ReadAction\",\"target\":[\"https:\\\/\\\/lospoliticosveracruz.com\\\/?p=179809\"]}]},{\"@type\":\"ImageObject\",\"inLanguage\":\"es\",\"@id\":\"https:\\\/\\\/lospoliticosveracruz.com\\\/?p=179809#primaryimage\",\"url\":\"https:\\\/\\\/lospoliticosveracruz.com\\\/wp-content\\\/uploads\\\/2026\\\/09\\\/Delia-Gonzalez-Cobos.jpg\",\"contentUrl\":\"https:\\\/\\\/lospoliticosveracruz.com\\\/wp-content\\\/uploads\\\/2026\\\/09\\\/Delia-Gonzalez-Cobos.jpg\",\"width\":600,\"height\":320},{\"@type\":\"BreadcrumbList\",\"@id\":\"https:\\\/\\\/lospoliticosveracruz.com\\\/?p=179809#breadcrumb\",\"itemListElement\":[{\"@type\":\"ListItem\",\"position\":1,\"name\":\"Portada\",\"item\":\"https:\\\/\\\/lospoliticosveracruz.com\\\/\"},{\"@type\":\"ListItem\",\"position\":2,\"name\":\"ERIC, LIMPIO!\"}]},{\"@type\":\"WebSite\",\"@id\":\"https:\\\/\\\/lospoliticosveracruz.com\\\/#website\",\"url\":\"https:\\\/\\\/lospoliticosveracruz.com\\\/\",\"name\":\"Los pol\u00edticos Veracruz\",\"description\":\"\",\"publisher\":{\"@id\":\"https:\\\/\\\/lospoliticosveracruz.com\\\/#organization\"},\"potentialAction\":[{\"@type\":\"SearchAction\",\"target\":{\"@type\":\"EntryPoint\",\"urlTemplate\":\"https:\\\/\\\/lospoliticosveracruz.com\\\/?s={search_term_string}\"},\"query-input\":{\"@type\":\"PropertyValueSpecification\",\"valueRequired\":true,\"valueName\":\"search_term_string\"}}],\"inLanguage\":\"es\"},{\"@type\":\"Organization\",\"@id\":\"https:\\\/\\\/lospoliticosveracruz.com\\\/#organization\",\"name\":\"Los pol\u00edticos Veracruz\",\"url\":\"https:\\\/\\\/lospoliticosveracruz.com\\\/\",\"logo\":{\"@type\":\"ImageObject\",\"inLanguage\":\"es\",\"@id\":\"https:\\\/\\\/lospoliticosveracruz.com\\\/#\\\/schema\\\/logo\\\/image\\\/\",\"url\":\"https:\\\/\\\/lospoliticosveracruz.com\\\/wp-content\\\/uploads\\\/2025\\\/12\\\/Logo-Nuevo-LOS-POLITICOS-1.jpg\",\"contentUrl\":\"https:\\\/\\\/lospoliticosveracruz.com\\\/wp-content\\\/uploads\\\/2025\\\/12\\\/Logo-Nuevo-LOS-POLITICOS-1.jpg\",\"width\":260,\"height\":70,\"caption\":\"Los pol\u00edticos Veracruz\"},\"image\":{\"@id\":\"https:\\\/\\\/lospoliticosveracruz.com\\\/#\\\/schema\\\/logo\\\/image\\\/\"},\"sameAs\":[\"https:\\\/\\\/www.facebook.com\\\/people\\\/Notimemes-de-los-Polticos\\\/61565672886568\\\/\",\"https:\\\/\\\/x.com\\\/LosPoliticosVer\"]},{\"@type\":\"Person\",\"@id\":\"https:\\\/\\\/lospoliticosveracruz.com\\\/#\\\/schema\\\/person\\\/b8702bb0e538456e6efd07080bf2a4a2\",\"name\":\"Lo viste en Los Pol\u00edticos\",\"image\":{\"@type\":\"ImageObject\",\"inLanguage\":\"es\",\"@id\":\"https:\\\/\\\/secure.gravatar.com\\\/avatar\\\/3a8de04a2656d44082be478bd6c086daa447c4651605818287b9532d3d0bd435?s=96&d=mm&r=g\",\"url\":\"https:\\\/\\\/secure.gravatar.com\\\/avatar\\\/3a8de04a2656d44082be478bd6c086daa447c4651605818287b9532d3d0bd435?s=96&d=mm&r=g\",\"contentUrl\":\"https:\\\/\\\/secure.gravatar.com\\\/avatar\\\/3a8de04a2656d44082be478bd6c086daa447c4651605818287b9532d3d0bd435?s=96&d=mm&r=g\",\"caption\":\"Lo viste en Los Pol\u00edticos\"},\"url\":\"https:\\\/\\\/lospoliticosveracruz.com\\\/?author=2\"}]}<\/script>\n<!-- \/ Yoast SEO plugin. -->","yoast_head_json":{"title":"ERIC, LIMPIO! - Los pol\u00edticos Veracruz","robots":{"index":"index","follow":"follow","max-snippet":"max-snippet:-1","max-image-preview":"max-image-preview:large","max-video-preview":"max-video-preview:-1"},"canonical":"https:\/\/lospoliticosveracruz.com\/?p=179809","og_locale":"es_ES","og_type":"article","og_title":"ERIC, LIMPIO! - Los pol\u00edticos Veracruz","og_description":"\u00c1ngeles Gonz\u00e1lez Ceballos La auditora general del \u00d3rgano de Fiscalizaci\u00f3n Superior (ORFIS), Delia Gonz\u00e1lez Cobos, asegur\u00f3 que el actual subsecretario de Finanzas y exalcalde de Papantla, Eric Dom\u00ednguez, s\u00ed solvent\u00f3 las observaciones y procesos por m\u00e1s de 88 millones de pesos. \u00ab\u00c9l hizo las aclaraciones, yo no le veo problema, porque ya ese asunto qued\u00f3 [&hellip;]","og_url":"https:\/\/lospoliticosveracruz.com\/?p=179809","og_site_name":"Los pol\u00edticos Veracruz","article_publisher":"https:\/\/www.facebook.com\/people\/Notimemes-de-los-Polticos\/61565672886568\/","article_published_time":"2026-09-01T22:15:38+00:00","article_modified_time":"2026-09-01T22:15:39+00:00","og_image":[{"width":600,"height":320,"url":"https:\/\/lospoliticosveracruz.com\/wp-content\/uploads\/2026\/09\/Delia-Gonzalez-Cobos.jpg","type":"image\/jpeg"}],"author":"Lo viste en Los Pol\u00edticos","twitter_card":"summary_large_image","twitter_creator":"@LosPoliticosVer","twitter_site":"@LosPoliticosVer","twitter_misc":{"Escrito por":"Lo viste en Los Pol\u00edticos","Tiempo de lectura":"2 minutos"},"schema":{"@context":"https:\/\/schema.org","@graph":[{"@type":"Article","@id":"https:\/\/lospoliticosveracruz.com\/?p=179809#article","isPartOf":{"@id":"https:\/\/lospoliticosveracruz.com\/?p=179809"},"author":{"name":"Lo viste en Los Pol\u00edticos","@id":"https:\/\/lospoliticosveracruz.com\/#\/schema\/person\/b8702bb0e538456e6efd07080bf2a4a2"},"headline":"ERIC, LIMPIO!","datePublished":"2026-09-01T22:15:38+00:00","dateModified":"2026-09-01T22:15:39+00:00","mainEntityOfPage":{"@id":"https:\/\/lospoliticosveracruz.com\/?p=179809"},"wordCount":349,"publisher":{"@id":"https:\/\/lospoliticosveracruz.com\/#organization"},"image":{"@id":"https:\/\/lospoliticosveracruz.com\/?p=179809#primaryimage"},"thumbnailUrl":"https:\/\/lospoliticosveracruz.com\/wp-content\/uploads\/2026\/09\/Delia-Gonzalez-Cobos.jpg","keywords":["\u00c1ngeles Gonz\u00e1lez Ceballos","Auditor\u00eda","Congreso de Veracruz","Delia Gonz\u00e1lez","Eric Dom\u00ednguez","Orfis","Papantla"],"articleSection":["La Nota"],"inLanguage":"es"},{"@type":"WebPage","@id":"https:\/\/lospoliticosveracruz.com\/?p=179809","url":"https:\/\/lospoliticosveracruz.com\/?p=179809","name":"ERIC, LIMPIO! - Los pol\u00edticos Veracruz","isPartOf":{"@id":"https:\/\/lospoliticosveracruz.com\/#website"},"primaryImageOfPage":{"@id":"https:\/\/lospoliticosveracruz.com\/?p=179809#primaryimage"},"image":{"@id":"https:\/\/lospoliticosveracruz.com\/?p=179809#primaryimage"},"thumbnailUrl":"https:\/\/lospoliticosveracruz.com\/wp-content\/uploads\/2026\/09\/Delia-Gonzalez-Cobos.jpg","datePublished":"2026-09-01T22:15:38+00:00","dateModified":"2026-09-01T22:15:39+00:00","breadcrumb":{"@id":"https:\/\/lospoliticosveracruz.com\/?p=179809#breadcrumb"},"inLanguage":"es","potentialAction":[{"@type":"ReadAction","target":["https:\/\/lospoliticosveracruz.com\/?p=179809"]}]},{"@type":"ImageObject","inLanguage":"es","@id":"https:\/\/lospoliticosveracruz.com\/?p=179809#primaryimage","url":"https:\/\/lospoliticosveracruz.com\/wp-content\/uploads\/2026\/09\/Delia-Gonzalez-Cobos.jpg","contentUrl":"https:\/\/lospoliticosveracruz.com\/wp-content\/uploads\/2026\/09\/Delia-Gonzalez-Cobos.jpg","width":600,"height":320},{"@type":"BreadcrumbList","@id":"https:\/\/lospoliticosveracruz.com\/?p=179809#breadcrumb","itemListElement":[{"@type":"ListItem","position":1,"name":"Portada","item":"https:\/\/lospoliticosveracruz.com\/"},{"@type":"ListItem","position":2,"name":"ERIC, LIMPIO!"}]},{"@type":"WebSite","@id":"https:\/\/lospoliticosveracruz.com\/#website","url":"https:\/\/lospoliticosveracruz.com\/","name":"Los pol\u00edticos Veracruz","description":"","publisher":{"@id":"https:\/\/lospoliticosveracruz.com\/#organization"},"potentialAction":[{"@type":"SearchAction","target":{"@type":"EntryPoint","urlTemplate":"https:\/\/lospoliticosveracruz.com\/?s={search_term_string}"},"query-input":{"@type":"PropertyValueSpecification","valueRequired":true,"valueName":"search_term_string"}}],"inLanguage":"es"},{"@type":"Organization","@id":"https:\/\/lospoliticosveracruz.com\/#organization","name":"Los pol\u00edticos Veracruz","url":"https:\/\/lospoliticosveracruz.com\/","logo":{"@type":"ImageObject","inLanguage":"es","@id":"https:\/\/lospoliticosveracruz.com\/#\/schema\/logo\/image\/","url":"https:\/\/lospoliticosveracruz.com\/wp-content\/uploads\/2025\/12\/Logo-Nuevo-LOS-POLITICOS-1.jpg","contentUrl":"https:\/\/lospoliticosveracruz.com\/wp-content\/uploads\/2025\/12\/Logo-Nuevo-LOS-POLITICOS-1.jpg","width":260,"height":70,"caption":"Los pol\u00edticos Veracruz"},"image":{"@id":"https:\/\/lospoliticosveracruz.com\/#\/schema\/logo\/image\/"},"sameAs":["https:\/\/www.facebook.com\/people\/Notimemes-de-los-Polticos\/61565672886568\/","https:\/\/x.com\/LosPoliticosVer"]},{"@type":"Person","@id":"https:\/\/lospoliticosveracruz.com\/#\/schema\/person\/b8702bb0e538456e6efd07080bf2a4a2","name":"Lo viste en Los Pol\u00edticos","image":{"@type":"ImageObject","inLanguage":"es","@id":"https:\/\/secure.gravatar.com\/avatar\/3a8de04a2656d44082be478bd6c086daa447c4651605818287b9532d3d0bd435?s=96&d=mm&r=g","url":"https:\/\/secure.gravatar.com\/avatar\/3a8de04a2656d44082be478bd6c086daa447c4651605818287b9532d3d0bd435?s=96&d=mm&r=g","contentUrl":"https:\/\/secure.gravatar.com\/avatar\/3a8de04a2656d44082be478bd6c086daa447c4651605818287b9532d3d0bd435?s=96&d=mm&r=g","caption":"Lo viste en Los Pol\u00edticos"},"url":"https:\/\/lospoliticosveracruz.com\/?author=2"}]}},"_links":{"self":[{"href":"https:\/\/lospoliticosveracruz.com\/index.php?rest_route=\/wp\/v2\/posts\/179809","targetHints":{"allow":["GET"]}}],"collection":[{"href":"https:\/\/lospoliticosveracruz.com\/index.php?rest_route=\/wp\/v2\/posts"}],"about":[{"href":"https:\/\/lospoliticosveracruz.com\/index.php?rest_route=\/wp\/v2\/types\/post"}],"author":[{"embeddable":true,"href":"https:\/\/lospoliticosveracruz.com\/index.php?rest_route=\/wp\/v2\/users\/2"}],"replies":[{"embeddable":true,"href":"https:\/\/lospoliticosveracruz.com\/index.php?rest_route=%2Fwp%2Fv2%2Fcomments&post=179809"}],"version-history":[{"count":1,"href":"https:\/\/lospoliticosveracruz.com\/index.php?rest_route=\/wp\/v2\/posts\/179809\/revisions"}],"predecessor-version":[{"id":179811,"href":"https:\/\/lospoliticosveracruz.com\/index.php?rest_route=\/wp\/v2\/posts\/179809\/revisions\/179811"}],"wp:featuredmedia":[{"embeddable":true,"href":"https:\/\/lospoliticosveracruz.com\/index.php?rest_route=\/wp\/v2\/media\/179810"}],"wp:attachment":[{"href":"https:\/\/lospoliticosveracruz.com\/index.php?rest_route=%2Fwp%2Fv2%2Fmedia&parent=179809"}],"wp:term":[{"taxonomy":"category","embeddable":true,"href":"https:\/\/lospoliticosveracruz.com\/index.php?rest_route=%2Fwp%2Fv2%2Fcategories&post=179809"},{"taxonomy":"post_tag","embeddable":true,"href":"https:\/\/lospoliticosveracruz.com\/index.php?rest_route=%2Fwp%2Fv2%2Ftags&post=179809"}],"curies":[{"name":"wp","href":"https:\/\/api.w.org\/{rel}","templated":true}]}}