{"id":179815,"date":"2026-09-01T16:50:36","date_gmt":"2026-09-01T22:50:36","guid":{"rendered":"https:\/\/lospoliticosveracruz.com\/?p=179815"},"modified":"2026-09-01T16:50:37","modified_gmt":"2026-09-01T22:50:37","slug":"alcaldesa-en-linea-2","status":"publish","type":"post","link":"https:\/\/lospoliticosveracruz.com\/?p=179815","title":{"rendered":"\u201cALCALDESA EN L\u00cdNEA\u201d"},"content":{"rendered":"\n<p><\/p>\n\n\n\n<p>\u201cAlcaldesa en L\u00ednea\u201d realiz\u00f3 su segundo ejercicio de comunicaci\u00f3n directa entre la Presidenta Municipal, Maryjose Gamboa Torales, y los ciudadanos de Boca del R\u00edo, utilizando la plataforma de Facebook como una herramienta para escuchar de primera mano las necesidades de las familias y dar seguimiento a los reportes recibidos.<\/p>\n\n\n\n<p>A trav\u00e9s de esta transmisi\u00f3n en vivo, la ciudadan\u00eda pudo plantear directamente sus inquietudes, solicitudes y reportes, permitiendo que las diferentes \u00e1reas del Gobierno Municipal conozcan las necesidades y establezcan acciones de atenci\u00f3n de manera m\u00e1s \u00e1gil.<\/p>\n\n\n\n<p>\u201cSon muchos los comentarios que generalmente nos llegan y nos dimos cuenta que podemos ser m\u00e1s eficientes en comunicaci\u00f3n a trav\u00e9s del Live\u201d<\/p>\n\n\n\n<p>Uno de los principales beneficios de este ejercicio es que permite dar continuidad a las solicitudes realizadas durante la transmisi\u00f3n anterior, mostrando avances concretos de los trabajos emprendidos por la administraci\u00f3n municipal a partir de los reportes ciudadanos.<\/p>\n\n\n\n<p>En este sentido, se avanz\u00f3 en los trabajos de limpieza, chapeo y recolecci\u00f3n de basura verde en un terreno bald\u00edo ubicado detr\u00e1s del parque Las Vegas, mejorando las condiciones del espacio y contribuyendo a una mejor imagen del entorno para los vecinos.<\/p>\n\n\n\n<p>Tambi\u00e9n se atendi\u00f3 el terreno ubicado en la esquina de D\u00edaz Mir\u00f3n y Emancipaci\u00f3n, donde se realizaron labores de chapeo y recolecci\u00f3n de basura verde, dando respuesta a una solicitud ciudadana relacionada con el mantenimiento del predio.<\/p>\n\n\n\n<p>En el Dren B se llevaron a cabo trabajos de limpieza, chapeo y recolecci\u00f3n de basura verde, registrando hasta el momento un avance del 70 por ciento, como parte de las acciones para mantener en mejores condiciones este espacio.<\/p>\n\n\n\n<p>En materia de alumbrado p\u00fablico, las luminarias de la calle R\u00edo Culiac\u00e1n, en Las Vegas, fueron reparadas. Los trabajos incluyeron la instalaci\u00f3n de un contactor nuevo, con lo que fue posible restablecer el circuito y recuperar la iluminaci\u00f3n de la zona.<\/p>\n\n\n\n<p>Durante la transmisi\u00f3n tambi\u00e9n se record\u00f3 a los propietarios de terrenos bald\u00edos que tienen la obligaci\u00f3n de mantenerlos limpios y en condiciones adecuadas. En caso de incumplimiento, podr\u00e1n hacerse acreedores a las multas correspondientes, con el objetivo de preservar el orden, la limpieza y la seguridad de los espacios urbanos.<\/p>\n\n\n\n<p>Asimismo, se inform\u00f3 que las cuadrillas municipales atender\u00e1n la reparaci\u00f3n de baches en la calle Venus, del fraccionamiento Jardines de Mocambo, as\u00ed como en la avenida Veracruz, dando seguimiento a los reportes recibidos y buscando mejorar las condiciones de circulaci\u00f3n.<\/p>\n\n\n\n<p>De manera inmediata, se gestion\u00f3 ante la Superintendencia de la Comisi\u00f3n Federal de Electricidad (CFE) la solicitud de vecinos del fraccionamiento Jardines de Mocambo, quienes reportaron falta de energ\u00eda el\u00e9ctrica, adem\u00e1s de canalizar una situaci\u00f3n similar planteada por habitantes de la colonia Miguel Alem\u00e1n.<\/p>\n\n\n\n<p>Ante la solicitud de contar con mayor iluminaci\u00f3n en el exterior de la Unidad Deportiva El Morro, se instruy\u00f3 al Director de Fomento Deportivo a verificar el estado de las \u00e1reas exteriores de cada una de las instalaciones deportivas municipales, con el prop\u00f3sito de identificar necesidades y realizar las acciones correspondientes.<\/p>\n\n\n\n<p>Tambi\u00e9n se verificar\u00e1n los reportes relacionados con camiones maceta ubicados en calle 7 y Graciano S\u00e1nchez, as\u00ed como frente al parque de Las Vegas. Ante esta situaci\u00f3n, la Presidenta Municipal solicit\u00f3 la implementaci\u00f3n de un operativo en dichas zonas para revisar las condiciones y actuar conforme corresponda.<\/p>\n\n\n\n<p>Para finalizar, la Presidenta Municipal, Maryjose Gamboa Torales, destac\u00f3 que \u201cAlcaldesa en L\u00ednea\u201d representa una herramienta adicional para mantener una comunicaci\u00f3n cercana con los ciudadanos, pero tambi\u00e9n para demostrar que las solicitudes recibidas se convierten en acciones y seguimiento por parte de las diferentes \u00e1reas municipales.<\/p>\n\n\n\n<p><\/p>\n","protected":false},"excerpt":{"rendered":"<p>\u201cAlcaldesa en L\u00ednea\u201d realiz\u00f3 su segundo ejercicio de comunicaci\u00f3n directa entre la Presidenta Municipal, Maryjose Gamboa Torales, y los ciudadanos de Boca del R\u00edo, utilizando la plataforma de Facebook como una herramienta para escuchar de primera mano las necesidades de las familias y dar seguimiento a los reportes recibidos. A trav\u00e9s de esta transmisi\u00f3n en [&hellip;]<\/p>\n","protected":false},"author":2,"featured_media":179816,"comment_status":"closed","ping_status":"closed","sticky":false,"template":"","format":"standard","meta":{"tdm_status":"","tdm_grid_status":"","footnotes":""},"categories":[73],"tags":[70971,65108,48451,601,242,1937,25629],"class_list":{"0":"post-179815","1":"post","2":"type-post","3":"status-publish","4":"format-standard","5":"has-post-thumbnail","7":"category-de-boleto","8":"tag-alcaldesa-en-linea","9":"tag-atencion-ciudadana","10":"tag-ayuntamiento","11":"tag-boca-del-rio","12":"tag-facebook","13":"tag-maryjose-gamboa","14":"tag-servicios-publicos"},"yoast_head":"<!-- This site is optimized with the Yoast SEO plugin v28.1 - https:\/\/yoast.com\/product\/yoast-seo-wordpress\/ -->\n<title>\u201cALCALDESA EN L\u00cdNEA\u201d - Los pol\u00edticos Veracruz<\/title>\n<meta name=\"robots\" content=\"index, follow, max-snippet:-1, max-image-preview:large, max-video-preview:-1\" \/>\n<link rel=\"canonical\" href=\"https:\/\/lospoliticosveracruz.com\/?p=179815\" \/>\n<meta property=\"og:locale\" content=\"es_ES\" \/>\n<meta property=\"og:type\" content=\"article\" \/>\n<meta property=\"og:title\" content=\"\u201cALCALDESA EN L\u00cdNEA\u201d - Los pol\u00edticos Veracruz\" \/>\n<meta property=\"og:description\" content=\"\u201cAlcaldesa en L\u00ednea\u201d realiz\u00f3 su segundo ejercicio de comunicaci\u00f3n directa entre la Presidenta Municipal, Maryjose Gamboa Torales, y los ciudadanos de Boca del R\u00edo, utilizando la plataforma de Facebook como una herramienta para escuchar de primera mano las necesidades de las familias y dar seguimiento a los reportes recibidos. A trav\u00e9s de esta transmisi\u00f3n en [&hellip;]\" \/>\n<meta property=\"og:url\" content=\"https:\/\/lospoliticosveracruz.com\/?p=179815\" \/>\n<meta property=\"og:site_name\" content=\"Los pol\u00edticos Veracruz\" \/>\n<meta property=\"article:publisher\" content=\"https:\/\/www.facebook.com\/people\/Notimemes-de-los-Polticos\/61565672886568\/\" \/>\n<meta property=\"article:published_time\" content=\"2026-09-01T22:50:36+00:00\" \/>\n<meta property=\"article:modified_time\" content=\"2026-09-01T22:50:37+00:00\" \/>\n<meta property=\"og:image\" content=\"https:\/\/lospoliticosveracruz.com\/wp-content\/uploads\/2026\/09\/Mary.jpg\" \/>\n\t<meta property=\"og:image:width\" content=\"600\" \/>\n\t<meta property=\"og:image:height\" content=\"320\" \/>\n\t<meta property=\"og:image:type\" content=\"image\/jpeg\" \/>\n<meta name=\"author\" content=\"Lo viste en Los Pol\u00edticos\" \/>\n<meta name=\"twitter:card\" content=\"summary_large_image\" \/>\n<meta name=\"twitter:creator\" content=\"@LosPoliticosVer\" \/>\n<meta name=\"twitter:site\" content=\"@LosPoliticosVer\" \/>\n<meta name=\"twitter:label1\" content=\"Escrito por\" \/>\n\t<meta name=\"twitter:data1\" content=\"Lo viste en Los Pol\u00edticos\" \/>\n\t<meta name=\"twitter:label2\" content=\"Tiempo de lectura\" \/>\n\t<meta name=\"twitter:data2\" content=\"3 minutos\" \/>\n<script type=\"application\/ld+json\" class=\"yoast-schema-graph\">{\"@context\":\"https:\\\/\\\/schema.org\",\"@graph\":[{\"@type\":\"Article\",\"@id\":\"https:\\\/\\\/lospoliticosveracruz.com\\\/?p=179815#article\",\"isPartOf\":{\"@id\":\"https:\\\/\\\/lospoliticosveracruz.com\\\/?p=179815\"},\"author\":{\"name\":\"Lo viste en Los Pol\u00edticos\",\"@id\":\"https:\\\/\\\/lospoliticosveracruz.com\\\/#\\\/schema\\\/person\\\/b8702bb0e538456e6efd07080bf2a4a2\"},\"headline\":\"\u201cALCALDESA EN L\u00cdNEA\u201d\",\"datePublished\":\"2026-09-01T22:50:36+00:00\",\"dateModified\":\"2026-09-01T22:50:37+00:00\",\"mainEntityOfPage\":{\"@id\":\"https:\\\/\\\/lospoliticosveracruz.com\\\/?p=179815\"},\"wordCount\":637,\"publisher\":{\"@id\":\"https:\\\/\\\/lospoliticosveracruz.com\\\/#organization\"},\"image\":{\"@id\":\"https:\\\/\\\/lospoliticosveracruz.com\\\/?p=179815#primaryimage\"},\"thumbnailUrl\":\"https:\\\/\\\/lospoliticosveracruz.com\\\/wp-content\\\/uploads\\\/2026\\\/09\\\/Mary.jpg\",\"keywords\":[\"Alcaldesa en L\u00ednea\",\"atenci\u00f3n ciudadana\",\"Ayuntamiento\",\"Boca del R\u00edo\",\"facebook\",\"Maryjose Gamboa\",\"servicios p\u00fablicos\"],\"articleSection\":[\"De Boleto\"],\"inLanguage\":\"es\"},{\"@type\":\"WebPage\",\"@id\":\"https:\\\/\\\/lospoliticosveracruz.com\\\/?p=179815\",\"url\":\"https:\\\/\\\/lospoliticosveracruz.com\\\/?p=179815\",\"name\":\"\u201cALCALDESA EN L\u00cdNEA\u201d - Los pol\u00edticos Veracruz\",\"isPartOf\":{\"@id\":\"https:\\\/\\\/lospoliticosveracruz.com\\\/#website\"},\"primaryImageOfPage\":{\"@id\":\"https:\\\/\\\/lospoliticosveracruz.com\\\/?p=179815#primaryimage\"},\"image\":{\"@id\":\"https:\\\/\\\/lospoliticosveracruz.com\\\/?p=179815#primaryimage\"},\"thumbnailUrl\":\"https:\\\/\\\/lospoliticosveracruz.com\\\/wp-content\\\/uploads\\\/2026\\\/09\\\/Mary.jpg\",\"datePublished\":\"2026-09-01T22:50:36+00:00\",\"dateModified\":\"2026-09-01T22:50:37+00:00\",\"breadcrumb\":{\"@id\":\"https:\\\/\\\/lospoliticosveracruz.com\\\/?p=179815#breadcrumb\"},\"inLanguage\":\"es\",\"potentialAction\":[{\"@type\":\"ReadAction\",\"target\":[\"https:\\\/\\\/lospoliticosveracruz.com\\\/?p=179815\"]}]},{\"@type\":\"ImageObject\",\"inLanguage\":\"es\",\"@id\":\"https:\\\/\\\/lospoliticosveracruz.com\\\/?p=179815#primaryimage\",\"url\":\"https:\\\/\\\/lospoliticosveracruz.com\\\/wp-content\\\/uploads\\\/2026\\\/09\\\/Mary.jpg\",\"contentUrl\":\"https:\\\/\\\/lospoliticosveracruz.com\\\/wp-content\\\/uploads\\\/2026\\\/09\\\/Mary.jpg\",\"width\":600,\"height\":320},{\"@type\":\"BreadcrumbList\",\"@id\":\"https:\\\/\\\/lospoliticosveracruz.com\\\/?p=179815#breadcrumb\",\"itemListElement\":[{\"@type\":\"ListItem\",\"position\":1,\"name\":\"Portada\",\"item\":\"https:\\\/\\\/lospoliticosveracruz.com\\\/\"},{\"@type\":\"ListItem\",\"position\":2,\"name\":\"\u201cALCALDESA EN L\u00cdNEA\u201d\"}]},{\"@type\":\"WebSite\",\"@id\":\"https:\\\/\\\/lospoliticosveracruz.com\\\/#website\",\"url\":\"https:\\\/\\\/lospoliticosveracruz.com\\\/\",\"name\":\"Los pol\u00edticos Veracruz\",\"description\":\"\",\"publisher\":{\"@id\":\"https:\\\/\\\/lospoliticosveracruz.com\\\/#organization\"},\"potentialAction\":[{\"@type\":\"SearchAction\",\"target\":{\"@type\":\"EntryPoint\",\"urlTemplate\":\"https:\\\/\\\/lospoliticosveracruz.com\\\/?s={search_term_string}\"},\"query-input\":{\"@type\":\"PropertyValueSpecification\",\"valueRequired\":true,\"valueName\":\"search_term_string\"}}],\"inLanguage\":\"es\"},{\"@type\":\"Organization\",\"@id\":\"https:\\\/\\\/lospoliticosveracruz.com\\\/#organization\",\"name\":\"Los pol\u00edticos Veracruz\",\"url\":\"https:\\\/\\\/lospoliticosveracruz.com\\\/\",\"logo\":{\"@type\":\"ImageObject\",\"inLanguage\":\"es\",\"@id\":\"https:\\\/\\\/lospoliticosveracruz.com\\\/#\\\/schema\\\/logo\\\/image\\\/\",\"url\":\"https:\\\/\\\/lospoliticosveracruz.com\\\/wp-content\\\/uploads\\\/2025\\\/12\\\/Logo-Nuevo-LOS-POLITICOS-1.jpg\",\"contentUrl\":\"https:\\\/\\\/lospoliticosveracruz.com\\\/wp-content\\\/uploads\\\/2025\\\/12\\\/Logo-Nuevo-LOS-POLITICOS-1.jpg\",\"width\":260,\"height\":70,\"caption\":\"Los pol\u00edticos Veracruz\"},\"image\":{\"@id\":\"https:\\\/\\\/lospoliticosveracruz.com\\\/#\\\/schema\\\/logo\\\/image\\\/\"},\"sameAs\":[\"https:\\\/\\\/www.facebook.com\\\/people\\\/Notimemes-de-los-Polticos\\\/61565672886568\\\/\",\"https:\\\/\\\/x.com\\\/LosPoliticosVer\"]},{\"@type\":\"Person\",\"@id\":\"https:\\\/\\\/lospoliticosveracruz.com\\\/#\\\/schema\\\/person\\\/b8702bb0e538456e6efd07080bf2a4a2\",\"name\":\"Lo viste en Los Pol\u00edticos\",\"image\":{\"@type\":\"ImageObject\",\"inLanguage\":\"es\",\"@id\":\"https:\\\/\\\/secure.gravatar.com\\\/avatar\\\/3a8de04a2656d44082be478bd6c086daa447c4651605818287b9532d3d0bd435?s=96&d=mm&r=g\",\"url\":\"https:\\\/\\\/secure.gravatar.com\\\/avatar\\\/3a8de04a2656d44082be478bd6c086daa447c4651605818287b9532d3d0bd435?s=96&d=mm&r=g\",\"contentUrl\":\"https:\\\/\\\/secure.gravatar.com\\\/avatar\\\/3a8de04a2656d44082be478bd6c086daa447c4651605818287b9532d3d0bd435?s=96&d=mm&r=g\",\"caption\":\"Lo viste en Los Pol\u00edticos\"},\"url\":\"https:\\\/\\\/lospoliticosveracruz.com\\\/?author=2\"}]}<\/script>\n<!-- \/ Yoast SEO plugin. -->","yoast_head_json":{"title":"\u201cALCALDESA EN L\u00cdNEA\u201d - Los pol\u00edticos Veracruz","robots":{"index":"index","follow":"follow","max-snippet":"max-snippet:-1","max-image-preview":"max-image-preview:large","max-video-preview":"max-video-preview:-1"},"canonical":"https:\/\/lospoliticosveracruz.com\/?p=179815","og_locale":"es_ES","og_type":"article","og_title":"\u201cALCALDESA EN L\u00cdNEA\u201d - Los pol\u00edticos Veracruz","og_description":"\u201cAlcaldesa en L\u00ednea\u201d realiz\u00f3 su segundo ejercicio de comunicaci\u00f3n directa entre la Presidenta Municipal, Maryjose Gamboa Torales, y los ciudadanos de Boca del R\u00edo, utilizando la plataforma de Facebook como una herramienta para escuchar de primera mano las necesidades de las familias y dar seguimiento a los reportes recibidos. A trav\u00e9s de esta transmisi\u00f3n en [&hellip;]","og_url":"https:\/\/lospoliticosveracruz.com\/?p=179815","og_site_name":"Los pol\u00edticos Veracruz","article_publisher":"https:\/\/www.facebook.com\/people\/Notimemes-de-los-Polticos\/61565672886568\/","article_published_time":"2026-09-01T22:50:36+00:00","article_modified_time":"2026-09-01T22:50:37+00:00","og_image":[{"width":600,"height":320,"url":"https:\/\/lospoliticosveracruz.com\/wp-content\/uploads\/2026\/09\/Mary.jpg","type":"image\/jpeg"}],"author":"Lo viste en Los Pol\u00edticos","twitter_card":"summary_large_image","twitter_creator":"@LosPoliticosVer","twitter_site":"@LosPoliticosVer","twitter_misc":{"Escrito por":"Lo viste en Los Pol\u00edticos","Tiempo de lectura":"3 minutos"},"schema":{"@context":"https:\/\/schema.org","@graph":[{"@type":"Article","@id":"https:\/\/lospoliticosveracruz.com\/?p=179815#article","isPartOf":{"@id":"https:\/\/lospoliticosveracruz.com\/?p=179815"},"author":{"name":"Lo viste en Los Pol\u00edticos","@id":"https:\/\/lospoliticosveracruz.com\/#\/schema\/person\/b8702bb0e538456e6efd07080bf2a4a2"},"headline":"\u201cALCALDESA EN L\u00cdNEA\u201d","datePublished":"2026-09-01T22:50:36+00:00","dateModified":"2026-09-01T22:50:37+00:00","mainEntityOfPage":{"@id":"https:\/\/lospoliticosveracruz.com\/?p=179815"},"wordCount":637,"publisher":{"@id":"https:\/\/lospoliticosveracruz.com\/#organization"},"image":{"@id":"https:\/\/lospoliticosveracruz.com\/?p=179815#primaryimage"},"thumbnailUrl":"https:\/\/lospoliticosveracruz.com\/wp-content\/uploads\/2026\/09\/Mary.jpg","keywords":["Alcaldesa en L\u00ednea","atenci\u00f3n ciudadana","Ayuntamiento","Boca del R\u00edo","facebook","Maryjose Gamboa","servicios p\u00fablicos"],"articleSection":["De Boleto"],"inLanguage":"es"},{"@type":"WebPage","@id":"https:\/\/lospoliticosveracruz.com\/?p=179815","url":"https:\/\/lospoliticosveracruz.com\/?p=179815","name":"\u201cALCALDESA EN L\u00cdNEA\u201d - Los pol\u00edticos Veracruz","isPartOf":{"@id":"https:\/\/lospoliticosveracruz.com\/#website"},"primaryImageOfPage":{"@id":"https:\/\/lospoliticosveracruz.com\/?p=179815#primaryimage"},"image":{"@id":"https:\/\/lospoliticosveracruz.com\/?p=179815#primaryimage"},"thumbnailUrl":"https:\/\/lospoliticosveracruz.com\/wp-content\/uploads\/2026\/09\/Mary.jpg","datePublished":"2026-09-01T22:50:36+00:00","dateModified":"2026-09-01T22:50:37+00:00","breadcrumb":{"@id":"https:\/\/lospoliticosveracruz.com\/?p=179815#breadcrumb"},"inLanguage":"es","potentialAction":[{"@type":"ReadAction","target":["https:\/\/lospoliticosveracruz.com\/?p=179815"]}]},{"@type":"ImageObject","inLanguage":"es","@id":"https:\/\/lospoliticosveracruz.com\/?p=179815#primaryimage","url":"https:\/\/lospoliticosveracruz.com\/wp-content\/uploads\/2026\/09\/Mary.jpg","contentUrl":"https:\/\/lospoliticosveracruz.com\/wp-content\/uploads\/2026\/09\/Mary.jpg","width":600,"height":320},{"@type":"BreadcrumbList","@id":"https:\/\/lospoliticosveracruz.com\/?p=179815#breadcrumb","itemListElement":[{"@type":"ListItem","position":1,"name":"Portada","item":"https:\/\/lospoliticosveracruz.com\/"},{"@type":"ListItem","position":2,"name":"\u201cALCALDESA EN L\u00cdNEA\u201d"}]},{"@type":"WebSite","@id":"https:\/\/lospoliticosveracruz.com\/#website","url":"https:\/\/lospoliticosveracruz.com\/","name":"Los pol\u00edticos Veracruz","description":"","publisher":{"@id":"https:\/\/lospoliticosveracruz.com\/#organization"},"potentialAction":[{"@type":"SearchAction","target":{"@type":"EntryPoint","urlTemplate":"https:\/\/lospoliticosveracruz.com\/?s={search_term_string}"},"query-input":{"@type":"PropertyValueSpecification","valueRequired":true,"valueName":"search_term_string"}}],"inLanguage":"es"},{"@type":"Organization","@id":"https:\/\/lospoliticosveracruz.com\/#organization","name":"Los pol\u00edticos Veracruz","url":"https:\/\/lospoliticosveracruz.com\/","logo":{"@type":"ImageObject","inLanguage":"es","@id":"https:\/\/lospoliticosveracruz.com\/#\/schema\/logo\/image\/","url":"https:\/\/lospoliticosveracruz.com\/wp-content\/uploads\/2025\/12\/Logo-Nuevo-LOS-POLITICOS-1.jpg","contentUrl":"https:\/\/lospoliticosveracruz.com\/wp-content\/uploads\/2025\/12\/Logo-Nuevo-LOS-POLITICOS-1.jpg","width":260,"height":70,"caption":"Los pol\u00edticos Veracruz"},"image":{"@id":"https:\/\/lospoliticosveracruz.com\/#\/schema\/logo\/image\/"},"sameAs":["https:\/\/www.facebook.com\/people\/Notimemes-de-los-Polticos\/61565672886568\/","https:\/\/x.com\/LosPoliticosVer"]},{"@type":"Person","@id":"https:\/\/lospoliticosveracruz.com\/#\/schema\/person\/b8702bb0e538456e6efd07080bf2a4a2","name":"Lo viste en Los Pol\u00edticos","image":{"@type":"ImageObject","inLanguage":"es","@id":"https:\/\/secure.gravatar.com\/avatar\/3a8de04a2656d44082be478bd6c086daa447c4651605818287b9532d3d0bd435?s=96&d=mm&r=g","url":"https:\/\/secure.gravatar.com\/avatar\/3a8de04a2656d44082be478bd6c086daa447c4651605818287b9532d3d0bd435?s=96&d=mm&r=g","contentUrl":"https:\/\/secure.gravatar.com\/avatar\/3a8de04a2656d44082be478bd6c086daa447c4651605818287b9532d3d0bd435?s=96&d=mm&r=g","caption":"Lo viste en Los Pol\u00edticos"},"url":"https:\/\/lospoliticosveracruz.com\/?author=2"}]}},"_links":{"self":[{"href":"https:\/\/lospoliticosveracruz.com\/index.php?rest_route=\/wp\/v2\/posts\/179815","targetHints":{"allow":["GET"]}}],"collection":[{"href":"https:\/\/lospoliticosveracruz.com\/index.php?rest_route=\/wp\/v2\/posts"}],"about":[{"href":"https:\/\/lospoliticosveracruz.com\/index.php?rest_route=\/wp\/v2\/types\/post"}],"author":[{"embeddable":true,"href":"https:\/\/lospoliticosveracruz.com\/index.php?rest_route=\/wp\/v2\/users\/2"}],"replies":[{"embeddable":true,"href":"https:\/\/lospoliticosveracruz.com\/index.php?rest_route=%2Fwp%2Fv2%2Fcomments&post=179815"}],"version-history":[{"count":1,"href":"https:\/\/lospoliticosveracruz.com\/index.php?rest_route=\/wp\/v2\/posts\/179815\/revisions"}],"predecessor-version":[{"id":179817,"href":"https:\/\/lospoliticosveracruz.com\/index.php?rest_route=\/wp\/v2\/posts\/179815\/revisions\/179817"}],"wp:featuredmedia":[{"embeddable":true,"href":"https:\/\/lospoliticosveracruz.com\/index.php?rest_route=\/wp\/v2\/media\/179816"}],"wp:attachment":[{"href":"https:\/\/lospoliticosveracruz.com\/index.php?rest_route=%2Fwp%2Fv2%2Fmedia&parent=179815"}],"wp:term":[{"taxonomy":"category","embeddable":true,"href":"https:\/\/lospoliticosveracruz.com\/index.php?rest_route=%2Fwp%2Fv2%2Fcategories&post=179815"},{"taxonomy":"post_tag","embeddable":true,"href":"https:\/\/lospoliticosveracruz.com\/index.php?rest_route=%2Fwp%2Fv2%2Ftags&post=179815"}],"curies":[{"name":"wp","href":"https:\/\/api.w.org\/{rel}","templated":true}]}}