{"id":179818,"date":"2026-09-01T17:36:10","date_gmt":"2026-09-01T23:36:10","guid":{"rendered":"https:\/\/lospoliticosveracruz.com\/?p=179818"},"modified":"2026-09-01T17:36:11","modified_gmt":"2026-09-01T23:36:11","slug":"que-crucen-sin-morir","status":"publish","type":"post","link":"https:\/\/lospoliticosveracruz.com\/?p=179818","title":{"rendered":"QUE CRUCEN SIN MORIR"},"content":{"rendered":"<div class=\"wp-block-image\">\n<figure class=\"alignleft size-medium is-resized\"><a href=\"https:\/\/lospoliticosveracruz.com\/wp-content\/uploads\/2026\/09\/no-ala-pirotecnia-medio_300x300png.png\"><img loading=\"lazy\" decoding=\"async\" width=\"300\" height=\"300\" src=\"https:\/\/lospoliticosveracruz.com\/wp-content\/uploads\/2026\/09\/no-ala-pirotecnia-medio_300x300png-300x300.png\" alt=\"\" class=\"wp-image-179741\" style=\"width:425px;height:auto\" srcset=\"https:\/\/lospoliticosveracruz.com\/wp-content\/uploads\/2026\/09\/no-ala-pirotecnia-medio_300x300png-300x300.png 300w, https:\/\/lospoliticosveracruz.com\/wp-content\/uploads\/2026\/09\/no-ala-pirotecnia-medio_300x300png-1024x1024.png 1024w, https:\/\/lospoliticosveracruz.com\/wp-content\/uploads\/2026\/09\/no-ala-pirotecnia-medio_300x300png-150x150.png 150w, https:\/\/lospoliticosveracruz.com\/wp-content\/uploads\/2026\/09\/no-ala-pirotecnia-medio_300x300png-768x768.png 768w, https:\/\/lospoliticosveracruz.com\/wp-content\/uploads\/2026\/09\/no-ala-pirotecnia-medio_300x300png-420x420.png 420w, https:\/\/lospoliticosveracruz.com\/wp-content\/uploads\/2026\/09\/no-ala-pirotecnia-medio_300x300png-696x696.png 696w, https:\/\/lospoliticosveracruz.com\/wp-content\/uploads\/2026\/09\/no-ala-pirotecnia-medio_300x300png-1068x1068.png 1068w, https:\/\/lospoliticosveracruz.com\/wp-content\/uploads\/2026\/09\/no-ala-pirotecnia-medio_300x300png.png 1250w\" sizes=\"auto, (max-width: 300px) 100vw, 300px\" \/><\/a><\/figure>\n<\/div>\n\n\n\n\n<p>Desde la tribuna del Congreso del Estado, la diputada Estefan\u00eda Bastida Cuevas present\u00f3 una propuesta encaminada a proteger al cangrejo azul y otras especies de fauna silvestre que, durante determinadas temporadas, deben atravesar carreteras y caminos para completar sus ciclos naturales.<\/p>\n\n\n\n<p>La legisladora destac\u00f3 que el cangrejo azul forma parte de los manglares, humedales y de la identidad de numerosas comunidades costeras de Veracruz, donde cada a\u00f1o ciudadanos y organizaciones realizan esfuerzos para proteger a los ejemplares durante sus desplazamientos.<\/p>\n\n\n\n<p>El Partido Verde reconoce y respalda este compromiso ciudadano, pero tambi\u00e9n sostiene que la protecci\u00f3n de la biodiversidad no puede descansar \u00fanicamente en la voluntad de las comunidades y los grupos de rescatistas.<\/p>\n\n\n\n<p>\u201cLa buena voluntad de la ciudadan\u00eda no puede sustituir la responsabilidad de las instituciones\u201d, afirm\u00f3 Bastida Cuevas.<\/p>\n\n\n\n<p>Por ello, el PVEM propone llevar esta protecci\u00f3n a la legislaci\u00f3n federal mediante acciones espec\u00edficas que permitan prevenir la muerte de fauna silvestre en puntos carreteros previamente identificados.<\/p>\n\n\n\n<p>La iniciativa plantea adicionar un art\u00edculo 60 Qu\u00e1ter a la Ley General de Vida Silvestre, con el prop\u00f3sito de que la autoridad ambiental pueda identificar, mediante informaci\u00f3n cient\u00edfica, t\u00e9cnica y comunitaria, los lugares y temporadas donde los desplazamientos de fauna representen un riesgo significativo.<\/p>\n\n\n\n<p>Tambi\u00e9n propone modificar el art\u00edculo 22 Bis de la Ley de Caminos, Puentes y Autotransporte Federal para que esa informaci\u00f3n se traduzca en medidas concretas en carreteras que actualmente se encuentran en operaci\u00f3n.<\/p>\n\n\n\n<p>Entre las acciones planteadas por el Partido Verde se encuentran la instalaci\u00f3n de se\u00f1alizaci\u00f3n temporal, reducci\u00f3n o gesti\u00f3n preventiva de la velocidad, canalizaci\u00f3n y abanderamiento, vigilancia, campa\u00f1as de informaci\u00f3n y, cuando t\u00e9cnicamente sea posible, pasos provisionales para facilitar el tr\u00e1nsito seguro de las especies.<\/p>\n\n\n\n<p>La propuesta busca actuar precisamente en los tramos, horarios y temporadas donde exista un riesgo identificado, sin cerrar carreteras ni establecer restricciones permanentes que afecten la movilidad de las personas.<\/p>\n\n\n\n<p>\u201cPrevenir sin detener, proteger sin afectar la movilidad y coordinar en lugar de improvisar\u201d, resumi\u00f3 la diputada.<\/p>\n\n\n\n<p>Destac\u00f3 que Veracruz conoce de cerca esta problem\u00e1tica. En puntos de la carretera federal 180 ubicados en zonas de Vega de Alatorre, Nautla, Tecolutla, Tamiahua y Alvarado se han registrado desplazamientos del cangrejo azul, especialmente durante su periodo reproductivo.<\/p>\n\n\n\n<p>La iniciativa tambi\u00e9n permitir\u00e1 aprovechar el conocimiento de brigadas comunitarias, organizaciones ambientales, instituciones acad\u00e9micas y habitantes de las propias comunidades para identificar zonas de riesgo, manteniendo siempre la responsabilidad de actuaci\u00f3n en manos de las autoridades.<\/p>\n\n\n\n<p>Adem\u00e1s, la propuesta no crea nuevas dependencias, plazas, fondos ni programas presupuestarios y tampoco modifica las vedas o disposiciones pesqueras existentes. Su objetivo es aprovechar mejor las facultades y recursos institucionales y fortalecer la coordinaci\u00f3n entre autoridades.<\/p>\n\n\n\n<p>Aunque la iniciativa nace de la problem\u00e1tica que enfrenta el cangrejo azul, su alcance ser\u00e1 mayor, ya que permitir\u00e1 establecer medidas de protecci\u00f3n para otras especies de fauna silvestre durante desplazamientos relacionados con reproducci\u00f3n, anidaci\u00f3n, desove o retorno a cuerpos de agua.<\/p>\n\n\n\n<p>Para el Grupo Legislativo del Partido Verde, desarrollo y protecci\u00f3n ambiental no son objetivos contrarios. Veracruz necesita infraestructura, carreteras y movilidad, pero tambi\u00e9n pol\u00edticas p\u00fablicas capaces de proteger la extraordinaria biodiversidad que distingue al estado.<\/p>\n\n\n\n<p>\u201cNecesitamos carreteras, necesitamos infraestructura, necesitamos movilidad y desarrollo, s\u00ed. Pero tambi\u00e9n debemos reconocer que nuestras carreteras atraviesan ecosistemas que exist\u00edan mucho antes que ellas\u201d, enfatiz\u00f3 Estefan\u00eda Bastida.<\/p>\n\n\n\n<p>Con propuestas legislativas, prevenci\u00f3n, coordinaci\u00f3n institucional y respaldo a las comunidades que durante a\u00f1os han protegido su entorno, el Partido Verde refrenda que la defensa del medio ambiente debe traducirse en resultados y acciones concretas.<\/p>\n\n\n\n<p>\u201cPor nuestros manglares, por nuestros humedales, por nuestras comunidades costeras y por la enorme biodiversidad que distingue y enorgullece a Veracruz: cuidemos el camino del cangrejo azul\u201d, concluy\u00f3 la legisladora.<\/p>\n\n\n\n<p><\/p>\n","protected":false},"excerpt":{"rendered":"<p>Desde la tribuna del Congreso del Estado, la diputada Estefan\u00eda Bastida Cuevas present\u00f3 una propuesta encaminada a proteger al cangrejo azul y otras especies de fauna silvestre que, durante determinadas temporadas, deben atravesar carreteras y caminos para completar sus ciclos naturales. La legisladora destac\u00f3 que el cangrejo azul forma parte de los manglares, humedales y [&hellip;]<\/p>\n","protected":false},"author":2,"featured_media":179819,"comment_status":"closed","ping_status":"closed","sticky":false,"template":"","format":"standard","meta":{"tdm_status":"","tdm_grid_status":"","footnotes":""},"categories":[73],"tags":[41945],"class_list":{"0":"post-179818","1":"post","2":"type-post","3":"status-publish","4":"format-standard","5":"has-post-thumbnail","7":"category-de-boleto","8":"tag-estefania-bastida-cuevas"},"yoast_head":"<!-- This site is optimized with the Yoast SEO plugin v28.1 - https:\/\/yoast.com\/product\/yoast-seo-wordpress\/ -->\n<title>QUE CRUCEN SIN MORIR - Los pol\u00edticos Veracruz<\/title>\n<meta name=\"robots\" content=\"index, follow, max-snippet:-1, max-image-preview:large, max-video-preview:-1\" \/>\n<link rel=\"canonical\" href=\"https:\/\/lospoliticosveracruz.com\/?p=179818\" \/>\n<meta property=\"og:locale\" content=\"es_ES\" \/>\n<meta property=\"og:type\" content=\"article\" \/>\n<meta property=\"og:title\" content=\"QUE CRUCEN SIN MORIR - Los pol\u00edticos Veracruz\" \/>\n<meta property=\"og:description\" content=\"Desde la tribuna del Congreso del Estado, la diputada Estefan\u00eda Bastida Cuevas present\u00f3 una propuesta encaminada a proteger al cangrejo azul y otras especies de fauna silvestre que, durante determinadas temporadas, deben atravesar carreteras y caminos para completar sus ciclos naturales. La legisladora destac\u00f3 que el cangrejo azul forma parte de los manglares, humedales y [&hellip;]\" \/>\n<meta property=\"og:url\" content=\"https:\/\/lospoliticosveracruz.com\/?p=179818\" \/>\n<meta property=\"og:site_name\" content=\"Los pol\u00edticos Veracruz\" \/>\n<meta property=\"article:publisher\" content=\"https:\/\/www.facebook.com\/people\/Notimemes-de-los-Polticos\/61565672886568\/\" \/>\n<meta property=\"article:published_time\" content=\"2026-09-01T23:36:10+00:00\" \/>\n<meta property=\"article:modified_time\" content=\"2026-09-01T23:36:11+00:00\" \/>\n<meta property=\"og:image\" content=\"https:\/\/lospoliticosveracruz.com\/wp-content\/uploads\/2026\/09\/Estefania-Bastida-Cuevas.jpg\" \/>\n\t<meta property=\"og:image:width\" content=\"600\" \/>\n\t<meta property=\"og:image:height\" content=\"320\" \/>\n\t<meta property=\"og:image:type\" content=\"image\/jpeg\" \/>\n<meta name=\"author\" content=\"Lo viste en Los Pol\u00edticos\" \/>\n<meta name=\"twitter:card\" content=\"summary_large_image\" \/>\n<meta name=\"twitter:creator\" content=\"@LosPoliticosVer\" \/>\n<meta name=\"twitter:site\" content=\"@LosPoliticosVer\" \/>\n<meta name=\"twitter:label1\" content=\"Escrito por\" \/>\n\t<meta name=\"twitter:data1\" content=\"Lo viste en Los Pol\u00edticos\" \/>\n\t<meta name=\"twitter:label2\" content=\"Tiempo de lectura\" \/>\n\t<meta name=\"twitter:data2\" content=\"4 minutos\" \/>\n<script type=\"application\/ld+json\" class=\"yoast-schema-graph\">{\"@context\":\"https:\\\/\\\/schema.org\",\"@graph\":[{\"@type\":\"Article\",\"@id\":\"https:\\\/\\\/lospoliticosveracruz.com\\\/?p=179818#article\",\"isPartOf\":{\"@id\":\"https:\\\/\\\/lospoliticosveracruz.com\\\/?p=179818\"},\"author\":{\"name\":\"Lo viste en Los Pol\u00edticos\",\"@id\":\"https:\\\/\\\/lospoliticosveracruz.com\\\/#\\\/schema\\\/person\\\/b8702bb0e538456e6efd07080bf2a4a2\"},\"headline\":\"QUE CRUCEN SIN MORIR\",\"datePublished\":\"2026-09-01T23:36:10+00:00\",\"dateModified\":\"2026-09-01T23:36:11+00:00\",\"mainEntityOfPage\":{\"@id\":\"https:\\\/\\\/lospoliticosveracruz.com\\\/?p=179818\"},\"wordCount\":656,\"publisher\":{\"@id\":\"https:\\\/\\\/lospoliticosveracruz.com\\\/#organization\"},\"image\":{\"@id\":\"https:\\\/\\\/lospoliticosveracruz.com\\\/?p=179818#primaryimage\"},\"thumbnailUrl\":\"https:\\\/\\\/lospoliticosveracruz.com\\\/wp-content\\\/uploads\\\/2026\\\/09\\\/Estefania-Bastida-Cuevas.jpg\",\"keywords\":[\"Estefan\u00eda Bastida Cuevas\"],\"articleSection\":[\"De Boleto\"],\"inLanguage\":\"es\"},{\"@type\":\"WebPage\",\"@id\":\"https:\\\/\\\/lospoliticosveracruz.com\\\/?p=179818\",\"url\":\"https:\\\/\\\/lospoliticosveracruz.com\\\/?p=179818\",\"name\":\"QUE CRUCEN SIN MORIR - Los pol\u00edticos Veracruz\",\"isPartOf\":{\"@id\":\"https:\\\/\\\/lospoliticosveracruz.com\\\/#website\"},\"primaryImageOfPage\":{\"@id\":\"https:\\\/\\\/lospoliticosveracruz.com\\\/?p=179818#primaryimage\"},\"image\":{\"@id\":\"https:\\\/\\\/lospoliticosveracruz.com\\\/?p=179818#primaryimage\"},\"thumbnailUrl\":\"https:\\\/\\\/lospoliticosveracruz.com\\\/wp-content\\\/uploads\\\/2026\\\/09\\\/Estefania-Bastida-Cuevas.jpg\",\"datePublished\":\"2026-09-01T23:36:10+00:00\",\"dateModified\":\"2026-09-01T23:36:11+00:00\",\"breadcrumb\":{\"@id\":\"https:\\\/\\\/lospoliticosveracruz.com\\\/?p=179818#breadcrumb\"},\"inLanguage\":\"es\",\"potentialAction\":[{\"@type\":\"ReadAction\",\"target\":[\"https:\\\/\\\/lospoliticosveracruz.com\\\/?p=179818\"]}]},{\"@type\":\"ImageObject\",\"inLanguage\":\"es\",\"@id\":\"https:\\\/\\\/lospoliticosveracruz.com\\\/?p=179818#primaryimage\",\"url\":\"https:\\\/\\\/lospoliticosveracruz.com\\\/wp-content\\\/uploads\\\/2026\\\/09\\\/Estefania-Bastida-Cuevas.jpg\",\"contentUrl\":\"https:\\\/\\\/lospoliticosveracruz.com\\\/wp-content\\\/uploads\\\/2026\\\/09\\\/Estefania-Bastida-Cuevas.jpg\",\"width\":600,\"height\":320},{\"@type\":\"BreadcrumbList\",\"@id\":\"https:\\\/\\\/lospoliticosveracruz.com\\\/?p=179818#breadcrumb\",\"itemListElement\":[{\"@type\":\"ListItem\",\"position\":1,\"name\":\"Portada\",\"item\":\"https:\\\/\\\/lospoliticosveracruz.com\\\/\"},{\"@type\":\"ListItem\",\"position\":2,\"name\":\"QUE CRUCEN SIN MORIR\"}]},{\"@type\":\"WebSite\",\"@id\":\"https:\\\/\\\/lospoliticosveracruz.com\\\/#website\",\"url\":\"https:\\\/\\\/lospoliticosveracruz.com\\\/\",\"name\":\"Los pol\u00edticos Veracruz\",\"description\":\"\",\"publisher\":{\"@id\":\"https:\\\/\\\/lospoliticosveracruz.com\\\/#organization\"},\"potentialAction\":[{\"@type\":\"SearchAction\",\"target\":{\"@type\":\"EntryPoint\",\"urlTemplate\":\"https:\\\/\\\/lospoliticosveracruz.com\\\/?s={search_term_string}\"},\"query-input\":{\"@type\":\"PropertyValueSpecification\",\"valueRequired\":true,\"valueName\":\"search_term_string\"}}],\"inLanguage\":\"es\"},{\"@type\":\"Organization\",\"@id\":\"https:\\\/\\\/lospoliticosveracruz.com\\\/#organization\",\"name\":\"Los pol\u00edticos Veracruz\",\"url\":\"https:\\\/\\\/lospoliticosveracruz.com\\\/\",\"logo\":{\"@type\":\"ImageObject\",\"inLanguage\":\"es\",\"@id\":\"https:\\\/\\\/lospoliticosveracruz.com\\\/#\\\/schema\\\/logo\\\/image\\\/\",\"url\":\"https:\\\/\\\/lospoliticosveracruz.com\\\/wp-content\\\/uploads\\\/2025\\\/12\\\/Logo-Nuevo-LOS-POLITICOS-1.jpg\",\"contentUrl\":\"https:\\\/\\\/lospoliticosveracruz.com\\\/wp-content\\\/uploads\\\/2025\\\/12\\\/Logo-Nuevo-LOS-POLITICOS-1.jpg\",\"width\":260,\"height\":70,\"caption\":\"Los pol\u00edticos Veracruz\"},\"image\":{\"@id\":\"https:\\\/\\\/lospoliticosveracruz.com\\\/#\\\/schema\\\/logo\\\/image\\\/\"},\"sameAs\":[\"https:\\\/\\\/www.facebook.com\\\/people\\\/Notimemes-de-los-Polticos\\\/61565672886568\\\/\",\"https:\\\/\\\/x.com\\\/LosPoliticosVer\"]},{\"@type\":\"Person\",\"@id\":\"https:\\\/\\\/lospoliticosveracruz.com\\\/#\\\/schema\\\/person\\\/b8702bb0e538456e6efd07080bf2a4a2\",\"name\":\"Lo viste en Los Pol\u00edticos\",\"image\":{\"@type\":\"ImageObject\",\"inLanguage\":\"es\",\"@id\":\"https:\\\/\\\/secure.gravatar.com\\\/avatar\\\/3a8de04a2656d44082be478bd6c086daa447c4651605818287b9532d3d0bd435?s=96&d=mm&r=g\",\"url\":\"https:\\\/\\\/secure.gravatar.com\\\/avatar\\\/3a8de04a2656d44082be478bd6c086daa447c4651605818287b9532d3d0bd435?s=96&d=mm&r=g\",\"contentUrl\":\"https:\\\/\\\/secure.gravatar.com\\\/avatar\\\/3a8de04a2656d44082be478bd6c086daa447c4651605818287b9532d3d0bd435?s=96&d=mm&r=g\",\"caption\":\"Lo viste en Los Pol\u00edticos\"},\"url\":\"https:\\\/\\\/lospoliticosveracruz.com\\\/?author=2\"}]}<\/script>\n<!-- \/ Yoast SEO plugin. -->","yoast_head_json":{"title":"QUE CRUCEN SIN MORIR - Los pol\u00edticos Veracruz","robots":{"index":"index","follow":"follow","max-snippet":"max-snippet:-1","max-image-preview":"max-image-preview:large","max-video-preview":"max-video-preview:-1"},"canonical":"https:\/\/lospoliticosveracruz.com\/?p=179818","og_locale":"es_ES","og_type":"article","og_title":"QUE CRUCEN SIN MORIR - Los pol\u00edticos Veracruz","og_description":"Desde la tribuna del Congreso del Estado, la diputada Estefan\u00eda Bastida Cuevas present\u00f3 una propuesta encaminada a proteger al cangrejo azul y otras especies de fauna silvestre que, durante determinadas temporadas, deben atravesar carreteras y caminos para completar sus ciclos naturales. La legisladora destac\u00f3 que el cangrejo azul forma parte de los manglares, humedales y [&hellip;]","og_url":"https:\/\/lospoliticosveracruz.com\/?p=179818","og_site_name":"Los pol\u00edticos Veracruz","article_publisher":"https:\/\/www.facebook.com\/people\/Notimemes-de-los-Polticos\/61565672886568\/","article_published_time":"2026-09-01T23:36:10+00:00","article_modified_time":"2026-09-01T23:36:11+00:00","og_image":[{"width":600,"height":320,"url":"https:\/\/lospoliticosveracruz.com\/wp-content\/uploads\/2026\/09\/Estefania-Bastida-Cuevas.jpg","type":"image\/jpeg"}],"author":"Lo viste en Los Pol\u00edticos","twitter_card":"summary_large_image","twitter_creator":"@LosPoliticosVer","twitter_site":"@LosPoliticosVer","twitter_misc":{"Escrito por":"Lo viste en Los Pol\u00edticos","Tiempo de lectura":"4 minutos"},"schema":{"@context":"https:\/\/schema.org","@graph":[{"@type":"Article","@id":"https:\/\/lospoliticosveracruz.com\/?p=179818#article","isPartOf":{"@id":"https:\/\/lospoliticosveracruz.com\/?p=179818"},"author":{"name":"Lo viste en Los Pol\u00edticos","@id":"https:\/\/lospoliticosveracruz.com\/#\/schema\/person\/b8702bb0e538456e6efd07080bf2a4a2"},"headline":"QUE CRUCEN SIN MORIR","datePublished":"2026-09-01T23:36:10+00:00","dateModified":"2026-09-01T23:36:11+00:00","mainEntityOfPage":{"@id":"https:\/\/lospoliticosveracruz.com\/?p=179818"},"wordCount":656,"publisher":{"@id":"https:\/\/lospoliticosveracruz.com\/#organization"},"image":{"@id":"https:\/\/lospoliticosveracruz.com\/?p=179818#primaryimage"},"thumbnailUrl":"https:\/\/lospoliticosveracruz.com\/wp-content\/uploads\/2026\/09\/Estefania-Bastida-Cuevas.jpg","keywords":["Estefan\u00eda Bastida Cuevas"],"articleSection":["De Boleto"],"inLanguage":"es"},{"@type":"WebPage","@id":"https:\/\/lospoliticosveracruz.com\/?p=179818","url":"https:\/\/lospoliticosveracruz.com\/?p=179818","name":"QUE CRUCEN SIN MORIR - Los pol\u00edticos Veracruz","isPartOf":{"@id":"https:\/\/lospoliticosveracruz.com\/#website"},"primaryImageOfPage":{"@id":"https:\/\/lospoliticosveracruz.com\/?p=179818#primaryimage"},"image":{"@id":"https:\/\/lospoliticosveracruz.com\/?p=179818#primaryimage"},"thumbnailUrl":"https:\/\/lospoliticosveracruz.com\/wp-content\/uploads\/2026\/09\/Estefania-Bastida-Cuevas.jpg","datePublished":"2026-09-01T23:36:10+00:00","dateModified":"2026-09-01T23:36:11+00:00","breadcrumb":{"@id":"https:\/\/lospoliticosveracruz.com\/?p=179818#breadcrumb"},"inLanguage":"es","potentialAction":[{"@type":"ReadAction","target":["https:\/\/lospoliticosveracruz.com\/?p=179818"]}]},{"@type":"ImageObject","inLanguage":"es","@id":"https:\/\/lospoliticosveracruz.com\/?p=179818#primaryimage","url":"https:\/\/lospoliticosveracruz.com\/wp-content\/uploads\/2026\/09\/Estefania-Bastida-Cuevas.jpg","contentUrl":"https:\/\/lospoliticosveracruz.com\/wp-content\/uploads\/2026\/09\/Estefania-Bastida-Cuevas.jpg","width":600,"height":320},{"@type":"BreadcrumbList","@id":"https:\/\/lospoliticosveracruz.com\/?p=179818#breadcrumb","itemListElement":[{"@type":"ListItem","position":1,"name":"Portada","item":"https:\/\/lospoliticosveracruz.com\/"},{"@type":"ListItem","position":2,"name":"QUE CRUCEN SIN MORIR"}]},{"@type":"WebSite","@id":"https:\/\/lospoliticosveracruz.com\/#website","url":"https:\/\/lospoliticosveracruz.com\/","name":"Los pol\u00edticos Veracruz","description":"","publisher":{"@id":"https:\/\/lospoliticosveracruz.com\/#organization"},"potentialAction":[{"@type":"SearchAction","target":{"@type":"EntryPoint","urlTemplate":"https:\/\/lospoliticosveracruz.com\/?s={search_term_string}"},"query-input":{"@type":"PropertyValueSpecification","valueRequired":true,"valueName":"search_term_string"}}],"inLanguage":"es"},{"@type":"Organization","@id":"https:\/\/lospoliticosveracruz.com\/#organization","name":"Los pol\u00edticos Veracruz","url":"https:\/\/lospoliticosveracruz.com\/","logo":{"@type":"ImageObject","inLanguage":"es","@id":"https:\/\/lospoliticosveracruz.com\/#\/schema\/logo\/image\/","url":"https:\/\/lospoliticosveracruz.com\/wp-content\/uploads\/2025\/12\/Logo-Nuevo-LOS-POLITICOS-1.jpg","contentUrl":"https:\/\/lospoliticosveracruz.com\/wp-content\/uploads\/2025\/12\/Logo-Nuevo-LOS-POLITICOS-1.jpg","width":260,"height":70,"caption":"Los pol\u00edticos Veracruz"},"image":{"@id":"https:\/\/lospoliticosveracruz.com\/#\/schema\/logo\/image\/"},"sameAs":["https:\/\/www.facebook.com\/people\/Notimemes-de-los-Polticos\/61565672886568\/","https:\/\/x.com\/LosPoliticosVer"]},{"@type":"Person","@id":"https:\/\/lospoliticosveracruz.com\/#\/schema\/person\/b8702bb0e538456e6efd07080bf2a4a2","name":"Lo viste en Los Pol\u00edticos","image":{"@type":"ImageObject","inLanguage":"es","@id":"https:\/\/secure.gravatar.com\/avatar\/3a8de04a2656d44082be478bd6c086daa447c4651605818287b9532d3d0bd435?s=96&d=mm&r=g","url":"https:\/\/secure.gravatar.com\/avatar\/3a8de04a2656d44082be478bd6c086daa447c4651605818287b9532d3d0bd435?s=96&d=mm&r=g","contentUrl":"https:\/\/secure.gravatar.com\/avatar\/3a8de04a2656d44082be478bd6c086daa447c4651605818287b9532d3d0bd435?s=96&d=mm&r=g","caption":"Lo viste en Los Pol\u00edticos"},"url":"https:\/\/lospoliticosveracruz.com\/?author=2"}]}},"_links":{"self":[{"href":"https:\/\/lospoliticosveracruz.com\/index.php?rest_route=\/wp\/v2\/posts\/179818","targetHints":{"allow":["GET"]}}],"collection":[{"href":"https:\/\/lospoliticosveracruz.com\/index.php?rest_route=\/wp\/v2\/posts"}],"about":[{"href":"https:\/\/lospoliticosveracruz.com\/index.php?rest_route=\/wp\/v2\/types\/post"}],"author":[{"embeddable":true,"href":"https:\/\/lospoliticosveracruz.com\/index.php?rest_route=\/wp\/v2\/users\/2"}],"replies":[{"embeddable":true,"href":"https:\/\/lospoliticosveracruz.com\/index.php?rest_route=%2Fwp%2Fv2%2Fcomments&post=179818"}],"version-history":[{"count":1,"href":"https:\/\/lospoliticosveracruz.com\/index.php?rest_route=\/wp\/v2\/posts\/179818\/revisions"}],"predecessor-version":[{"id":179820,"href":"https:\/\/lospoliticosveracruz.com\/index.php?rest_route=\/wp\/v2\/posts\/179818\/revisions\/179820"}],"wp:featuredmedia":[{"embeddable":true,"href":"https:\/\/lospoliticosveracruz.com\/index.php?rest_route=\/wp\/v2\/media\/179819"}],"wp:attachment":[{"href":"https:\/\/lospoliticosveracruz.com\/index.php?rest_route=%2Fwp%2Fv2%2Fmedia&parent=179818"}],"wp:term":[{"taxonomy":"category","embeddable":true,"href":"https:\/\/lospoliticosveracruz.com\/index.php?rest_route=%2Fwp%2Fv2%2Fcategories&post=179818"},{"taxonomy":"post_tag","embeddable":true,"href":"https:\/\/lospoliticosveracruz.com\/index.php?rest_route=%2Fwp%2Fv2%2Ftags&post=179818"}],"curies":[{"name":"wp","href":"https:\/\/api.w.org\/{rel}","templated":true}]}}