{"id":179831,"date":"2026-09-01T19:37:41","date_gmt":"2026-09-02T01:37:41","guid":{"rendered":"https:\/\/lospoliticosveracruz.com\/?p=179831"},"modified":"2026-09-01T19:37:42","modified_gmt":"2026-09-02T01:37:42","slug":"somos-la-batalla-por-hacerse-visible","status":"publish","type":"post","link":"https:\/\/lospoliticosveracruz.com\/?p=179831","title":{"rendered":"SOMOS, LA BATALLA POR HACERSE VISIBLE"},"content":{"rendered":"<div class=\"wp-block-image\">\n<figure class=\"alignleft size-large is-resized\"><a href=\"https:\/\/lospoliticosveracruz.com\/wp-content\/uploads\/2026\/09\/banners-prevencion-suicidio-500x500-1.png\"><img loading=\"lazy\" decoding=\"async\" width=\"1024\" height=\"1024\" src=\"https:\/\/lospoliticosveracruz.com\/wp-content\/uploads\/2026\/09\/banners-prevencion-suicidio-500x500-1-1024x1024.png\" alt=\"\" class=\"wp-image-179740\" style=\"width:476px;height:auto\" srcset=\"https:\/\/lospoliticosveracruz.com\/wp-content\/uploads\/2026\/09\/banners-prevencion-suicidio-500x500-1-1024x1024.png 1024w, https:\/\/lospoliticosveracruz.com\/wp-content\/uploads\/2026\/09\/banners-prevencion-suicidio-500x500-1-300x300.png 300w, https:\/\/lospoliticosveracruz.com\/wp-content\/uploads\/2026\/09\/banners-prevencion-suicidio-500x500-1-150x150.png 150w, https:\/\/lospoliticosveracruz.com\/wp-content\/uploads\/2026\/09\/banners-prevencion-suicidio-500x500-1-768x768.png 768w, https:\/\/lospoliticosveracruz.com\/wp-content\/uploads\/2026\/09\/banners-prevencion-suicidio-500x500-1-1536x1536.png 1536w, https:\/\/lospoliticosveracruz.com\/wp-content\/uploads\/2026\/09\/banners-prevencion-suicidio-500x500-1-2048x2048.png 2048w, https:\/\/lospoliticosveracruz.com\/wp-content\/uploads\/2026\/09\/banners-prevencion-suicidio-500x500-1-420x420.png 420w, https:\/\/lospoliticosveracruz.com\/wp-content\/uploads\/2026\/09\/banners-prevencion-suicidio-500x500-1-696x696.png 696w, https:\/\/lospoliticosveracruz.com\/wp-content\/uploads\/2026\/09\/banners-prevencion-suicidio-500x500-1-1068x1068.png 1068w, https:\/\/lospoliticosveracruz.com\/wp-content\/uploads\/2026\/09\/banners-prevencion-suicidio-500x500-1-1920x1920.png 1920w\" sizes=\"auto, (max-width: 1024px) 100vw, 1024px\" \/><\/a><\/figure>\n<\/div>\n\n\n<p><strong>Enrique Yasser Pompeyo<\/strong><\/p>\n\n\n\n<p><em>Mesa de Redacci\u00f3n<br><\/em><\/p>\n\n\n\n<p>El nuevo partido pol\u00edtico Somos enfrenta una paradoja que puede terminar siendo determinante para su futuro: busca consolidarse como una opci\u00f3n electoral emergente, pero todav\u00eda no tiene completamente definida la identidad con la que pretende presentarse ante los ciudadanos.<\/p>\n\n\n\n<p>Se ha generado un escenario de tensi\u00f3n con el Instituto Nacional Electoral (INE) por las restricciones impuestas al nombre y al emblema que utilizar\u00e1 el partido.<\/p>\n\n\n\n<p>Para sus dirigentes y representantes se trata de obst\u00e1culos que dificultan su consolidaci\u00f3n; para la autoridad electoral, presumiblemente, de reglas que deben cumplirse para evitar confusiones y garantizar condiciones de competencia entre los partidos.<\/p>\n\n\n\n<p>Para un partido nuevo, la identidad gr\u00e1fica no es un asunto menor. El color, el nombre y el emblema son parte de la memoria electoral del ciudadano.<\/p>\n\n\n\n<p>Cuando una organizaci\u00f3n est\u00e1 intentando construir reconocimiento, cambiar su imagen a poco tiempo del inicio de un proceso electoral puede representar un costo pol\u00edtico importante.<\/p>\n\n\n\n<p>Somos se encuentra justamente en esa etapa de construcci\u00f3n. Por eso su inconformidad con el INE no debe leerse \u00fanicamente como una disputa administrativa. Tambi\u00e9n puede convertirse en parte de su narrativa pol\u00edtica.<\/p>\n\n\n\n<p>El discurso de \u201cnos est\u00e1n poniendo obst\u00e1culos\u201d puede ser utilizado por una fuerza emergente para presentarse como v\u00edctima de un sistema que, desde su perspectiva, favorece a quienes ya est\u00e1n consolidados.<\/p>\n\n\n\n<p>La comparaci\u00f3n que se con partidos como el Verde, Morena o Encuentro Solidario busca precisamente colocar el debate en ese terreno: \u00bflas reglas son iguales para todos o existen criterios distintos dependiendo de qui\u00e9n las enfrenta?<\/p>\n\n\n\n<p>Convertir al INE en adversario puede generar simpat\u00eda entre determinados sectores, pero no necesariamente se traduce en votos.<\/p>\n\n\n\n<p>Un partido nuevo necesita algo m\u00e1s que denunciar obst\u00e1culos: necesita explicar con claridad qu\u00e9 representa, qu\u00e9 propone y por qu\u00e9 el ciudadano deber\u00eda otorgarle su confianza.<\/p>\n\n\n\n<p>En ese sentido, resulta llamativo que Somos presuma una preferencia electoral de 7.9 por ciento.<\/p>\n\n\n\n<p>Si la cifra mencionada es consistente con una medici\u00f3n metodol\u00f3gicamente s\u00f3lida, se estar\u00eda ante un dato pol\u00edticamente relevante: significar\u00eda que la organizaci\u00f3n est\u00e1 consiguiendo reconocimiento con una estrategia basada fundamentalmente en redes sociales y trabajo territorial.<\/p>\n\n\n\n<p>Pero precisamente por eso la cifra debe analizarse con cautela. Una encuesta no es una elecci\u00f3n, y el verdadero desaf\u00edo de un partido emergente consiste en transformar conocimiento, simpat\u00eda o identificaci\u00f3n coyuntural en estructuras electorales capaces de movilizar ciudadanos el d\u00eda de la votaci\u00f3n.<\/p>\n\n\n\n<p>Ah\u00ed estar\u00e1 probablemente la prueba de fuego de Somos. Su discurso tambi\u00e9n intenta construir una identidad alrededor de la defensa de las instituciones.<\/p>\n\n\n\n<p>En Somos se\u00f1alan que se ha respaldado al INE, a la Suprema Corte y a los tribunales. Es una apuesta interesante porque coloca al partido en un terreno pol\u00edtico espec\u00edfico: el de quienes buscan presentarse como defensores de las instituciones frente a los cambios y disputas que han marcado la vida p\u00fablica del pa\u00eds.<\/p>\n\n\n\n<p>Hoy, el partido reclama al INE por decisiones que considera injustas y, al mismo tiempo, reivindica a las instituciones como parte de su identidad pol\u00edtica.<\/p>\n\n\n\n<p>La manera en que maneje esa contradicci\u00f3n ser\u00e1 reveladora. Si consigue cuestionar las decisiones de la autoridad sin descalificar a la instituci\u00f3n, puede proyectar una imagen de partido cr\u00edtico pero institucional.<\/p>\n\n\n\n<p>Si, por el contrario, el conflicto termina dominando su discurso, corre el riesgo de que su identidad quede reducida a una sola causa: pelearse con el \u00e1rbitro electoral.<\/p>\n\n\n\n<p>El episodio del emblema, entonces, puede terminar siendo mucho m\u00e1s importante de lo que parece.<\/p>\n\n\n\n<p>No s\u00f3lo definir\u00e1 qu\u00e9 ver\u00e1 el ciudadano en la boleta; tambi\u00e9n pondr\u00e1 a prueba la capacidad de Somos para reaccionar ante una adversidad, comunicar sus decisiones y mantener cohesionada a su militancia.<\/p>\n\n\n\n<p>Si el nuevo dise\u00f1o es aprobado, el partido tendr\u00e1 que acelerar la construcci\u00f3n de una identidad que trascienda colores y logotipos. Si vuelve a ser observado, tendr\u00e1 una oportunidad adicional para reforzar su narrativa de organizaci\u00f3n que enfrenta obst\u00e1culos desde las instituciones.<\/p>\n\n\n\n<p>Somos ya no est\u00e1 en la etapa de simplemente obtener un registro; ahora comienza la parte verdaderamente dif\u00edcil: demostrar que puede convertirse en una fuerza electoral competitiva.<\/p>\n\n\n\n<p>El 7.9 por ciento que presumen puede ser una se\u00f1al de crecimiento, pero tambi\u00e9n una expectativa que tendr\u00e1 que ser comprobada en las urnas.<\/p>\n\n\n\n<p>El conflicto con el INE puede darle visibilidad, pero no sustituir\u00e1 la necesidad de tener candidatos competitivos, estructura territorial, propuestas reconocibles y una marca electoral que el ciudadano pueda identificar f\u00e1cilmente.<\/p>\n\n\n\n<p>El verdadero examen para Somos no ser\u00e1 \u00fanicamente qu\u00e9 nombre o qu\u00e9 color aparecer\u00e1 finalmente en la boleta de 2027.<\/p>\n\n\n\n<p>Ser\u00e1 saber si, detr\u00e1s de ese nombre y ese color, existe un partido capaz de convertir su discurso de inconformidad institucional en una alternativa electoral real.<\/p>\n\n\n\n<p>enriquepompeyo@hotmail.com<\/p>\n","protected":false},"excerpt":{"rendered":"<p>Enrique Yasser Pompeyo Mesa de Redacci\u00f3n El nuevo partido pol\u00edtico Somos enfrenta una paradoja que puede terminar siendo determinante para su futuro: busca consolidarse como una opci\u00f3n electoral emergente, pero todav\u00eda no tiene completamente definida la identidad con la que pretende presentarse ante los ciudadanos. Se ha generado un escenario de tensi\u00f3n con el Instituto [&hellip;]<\/p>\n","protected":false},"author":2,"featured_media":141425,"comment_status":"closed","ping_status":"closed","sticky":false,"template":"","format":"standard","meta":{"tdm_status":"","tdm_grid_status":"","footnotes":""},"categories":[70],"tags":[44891,15477,70973,554,600,8834,70896],"class_list":{"0":"post-179831","1":"post","2":"type-post","3":"status-publish","4":"format-standard","5":"has-post-thumbnail","7":"category-de-opinion","8":"tag-elecciones-2027","9":"tag-enrique-yasser-pompeyo","10":"tag-identidad-electoral","11":"tag-ine","12":"tag-oposicion","13":"tag-partido-politico","14":"tag-somos"},"yoast_head":"<!-- This site is optimized with the Yoast SEO plugin v28.1 - https:\/\/yoast.com\/product\/yoast-seo-wordpress\/ -->\n<title>SOMOS, LA BATALLA POR HACERSE VISIBLE - Los pol\u00edticos Veracruz<\/title>\n<meta name=\"robots\" content=\"index, follow, max-snippet:-1, max-image-preview:large, max-video-preview:-1\" \/>\n<link rel=\"canonical\" href=\"https:\/\/lospoliticosveracruz.com\/?p=179831\" \/>\n<meta property=\"og:locale\" content=\"es_ES\" \/>\n<meta property=\"og:type\" content=\"article\" \/>\n<meta property=\"og:title\" content=\"SOMOS, LA BATALLA POR HACERSE VISIBLE - Los pol\u00edticos Veracruz\" \/>\n<meta property=\"og:description\" content=\"Enrique Yasser Pompeyo Mesa de Redacci\u00f3n El nuevo partido pol\u00edtico Somos enfrenta una paradoja que puede terminar siendo determinante para su futuro: busca consolidarse como una opci\u00f3n electoral emergente, pero todav\u00eda no tiene completamente definida la identidad con la que pretende presentarse ante los ciudadanos. Se ha generado un escenario de tensi\u00f3n con el Instituto [&hellip;]\" \/>\n<meta property=\"og:url\" content=\"https:\/\/lospoliticosveracruz.com\/?p=179831\" \/>\n<meta property=\"og:site_name\" content=\"Los pol\u00edticos Veracruz\" \/>\n<meta property=\"article:publisher\" content=\"https:\/\/www.facebook.com\/people\/Notimemes-de-los-Polticos\/61565672886568\/\" \/>\n<meta property=\"article:published_time\" content=\"2026-09-02T01:37:41+00:00\" \/>\n<meta property=\"article:modified_time\" content=\"2026-09-02T01:37:42+00:00\" \/>\n<meta property=\"og:image\" content=\"https:\/\/lospoliticosveracruz.com\/wp-content\/uploads\/2025\/04\/Pompeyo-e1776307406459.jpg\" \/>\n\t<meta property=\"og:image:width\" content=\"600\" \/>\n\t<meta property=\"og:image:height\" content=\"320\" \/>\n\t<meta property=\"og:image:type\" content=\"image\/jpeg\" \/>\n<meta name=\"author\" content=\"Lo viste en Los Pol\u00edticos\" \/>\n<meta name=\"twitter:card\" content=\"summary_large_image\" \/>\n<meta name=\"twitter:creator\" content=\"@LosPoliticosVer\" \/>\n<meta name=\"twitter:site\" content=\"@LosPoliticosVer\" \/>\n<meta name=\"twitter:label1\" content=\"Escrito por\" \/>\n\t<meta name=\"twitter:data1\" content=\"Lo viste en Los Pol\u00edticos\" \/>\n\t<meta name=\"twitter:label2\" content=\"Tiempo de lectura\" \/>\n\t<meta name=\"twitter:data2\" content=\"4 minutos\" \/>\n<script type=\"application\/ld+json\" class=\"yoast-schema-graph\">{\"@context\":\"https:\\\/\\\/schema.org\",\"@graph\":[{\"@type\":\"Article\",\"@id\":\"https:\\\/\\\/lospoliticosveracruz.com\\\/?p=179831#article\",\"isPartOf\":{\"@id\":\"https:\\\/\\\/lospoliticosveracruz.com\\\/?p=179831\"},\"author\":{\"name\":\"Lo viste en Los Pol\u00edticos\",\"@id\":\"https:\\\/\\\/lospoliticosveracruz.com\\\/#\\\/schema\\\/person\\\/b8702bb0e538456e6efd07080bf2a4a2\"},\"headline\":\"SOMOS, LA BATALLA POR HACERSE VISIBLE\",\"datePublished\":\"2026-09-02T01:37:41+00:00\",\"dateModified\":\"2026-09-02T01:37:42+00:00\",\"mainEntityOfPage\":{\"@id\":\"https:\\\/\\\/lospoliticosveracruz.com\\\/?p=179831\"},\"wordCount\":838,\"publisher\":{\"@id\":\"https:\\\/\\\/lospoliticosveracruz.com\\\/#organization\"},\"image\":{\"@id\":\"https:\\\/\\\/lospoliticosveracruz.com\\\/?p=179831#primaryimage\"},\"thumbnailUrl\":\"https:\\\/\\\/lospoliticosveracruz.com\\\/wp-content\\\/uploads\\\/2025\\\/04\\\/Pompeyo-e1776307406459.jpg\",\"keywords\":[\"elecciones 2027\",\"Enrique Yasser Pompeyo\",\"identidad electoral\",\"INE\",\"oposici\u00f3n\",\"Partido pol\u00edtico\",\"SOMOS\"],\"articleSection\":[\"De Opini\u00f3n\"],\"inLanguage\":\"es\"},{\"@type\":\"WebPage\",\"@id\":\"https:\\\/\\\/lospoliticosveracruz.com\\\/?p=179831\",\"url\":\"https:\\\/\\\/lospoliticosveracruz.com\\\/?p=179831\",\"name\":\"SOMOS, LA BATALLA POR HACERSE VISIBLE - Los pol\u00edticos Veracruz\",\"isPartOf\":{\"@id\":\"https:\\\/\\\/lospoliticosveracruz.com\\\/#website\"},\"primaryImageOfPage\":{\"@id\":\"https:\\\/\\\/lospoliticosveracruz.com\\\/?p=179831#primaryimage\"},\"image\":{\"@id\":\"https:\\\/\\\/lospoliticosveracruz.com\\\/?p=179831#primaryimage\"},\"thumbnailUrl\":\"https:\\\/\\\/lospoliticosveracruz.com\\\/wp-content\\\/uploads\\\/2025\\\/04\\\/Pompeyo-e1776307406459.jpg\",\"datePublished\":\"2026-09-02T01:37:41+00:00\",\"dateModified\":\"2026-09-02T01:37:42+00:00\",\"breadcrumb\":{\"@id\":\"https:\\\/\\\/lospoliticosveracruz.com\\\/?p=179831#breadcrumb\"},\"inLanguage\":\"es\",\"potentialAction\":[{\"@type\":\"ReadAction\",\"target\":[\"https:\\\/\\\/lospoliticosveracruz.com\\\/?p=179831\"]}]},{\"@type\":\"ImageObject\",\"inLanguage\":\"es\",\"@id\":\"https:\\\/\\\/lospoliticosveracruz.com\\\/?p=179831#primaryimage\",\"url\":\"https:\\\/\\\/lospoliticosveracruz.com\\\/wp-content\\\/uploads\\\/2025\\\/04\\\/Pompeyo-e1776307406459.jpg\",\"contentUrl\":\"https:\\\/\\\/lospoliticosveracruz.com\\\/wp-content\\\/uploads\\\/2025\\\/04\\\/Pompeyo-e1776307406459.jpg\",\"width\":600,\"height\":320},{\"@type\":\"BreadcrumbList\",\"@id\":\"https:\\\/\\\/lospoliticosveracruz.com\\\/?p=179831#breadcrumb\",\"itemListElement\":[{\"@type\":\"ListItem\",\"position\":1,\"name\":\"Portada\",\"item\":\"https:\\\/\\\/lospoliticosveracruz.com\\\/\"},{\"@type\":\"ListItem\",\"position\":2,\"name\":\"SOMOS, LA BATALLA POR HACERSE VISIBLE\"}]},{\"@type\":\"WebSite\",\"@id\":\"https:\\\/\\\/lospoliticosveracruz.com\\\/#website\",\"url\":\"https:\\\/\\\/lospoliticosveracruz.com\\\/\",\"name\":\"Los pol\u00edticos Veracruz\",\"description\":\"\",\"publisher\":{\"@id\":\"https:\\\/\\\/lospoliticosveracruz.com\\\/#organization\"},\"potentialAction\":[{\"@type\":\"SearchAction\",\"target\":{\"@type\":\"EntryPoint\",\"urlTemplate\":\"https:\\\/\\\/lospoliticosveracruz.com\\\/?s={search_term_string}\"},\"query-input\":{\"@type\":\"PropertyValueSpecification\",\"valueRequired\":true,\"valueName\":\"search_term_string\"}}],\"inLanguage\":\"es\"},{\"@type\":\"Organization\",\"@id\":\"https:\\\/\\\/lospoliticosveracruz.com\\\/#organization\",\"name\":\"Los pol\u00edticos Veracruz\",\"url\":\"https:\\\/\\\/lospoliticosveracruz.com\\\/\",\"logo\":{\"@type\":\"ImageObject\",\"inLanguage\":\"es\",\"@id\":\"https:\\\/\\\/lospoliticosveracruz.com\\\/#\\\/schema\\\/logo\\\/image\\\/\",\"url\":\"https:\\\/\\\/lospoliticosveracruz.com\\\/wp-content\\\/uploads\\\/2025\\\/12\\\/Logo-Nuevo-LOS-POLITICOS-1.jpg\",\"contentUrl\":\"https:\\\/\\\/lospoliticosveracruz.com\\\/wp-content\\\/uploads\\\/2025\\\/12\\\/Logo-Nuevo-LOS-POLITICOS-1.jpg\",\"width\":260,\"height\":70,\"caption\":\"Los pol\u00edticos Veracruz\"},\"image\":{\"@id\":\"https:\\\/\\\/lospoliticosveracruz.com\\\/#\\\/schema\\\/logo\\\/image\\\/\"},\"sameAs\":[\"https:\\\/\\\/www.facebook.com\\\/people\\\/Notimemes-de-los-Polticos\\\/61565672886568\\\/\",\"https:\\\/\\\/x.com\\\/LosPoliticosVer\"]},{\"@type\":\"Person\",\"@id\":\"https:\\\/\\\/lospoliticosveracruz.com\\\/#\\\/schema\\\/person\\\/b8702bb0e538456e6efd07080bf2a4a2\",\"name\":\"Lo viste en Los Pol\u00edticos\",\"image\":{\"@type\":\"ImageObject\",\"inLanguage\":\"es\",\"@id\":\"https:\\\/\\\/secure.gravatar.com\\\/avatar\\\/3a8de04a2656d44082be478bd6c086daa447c4651605818287b9532d3d0bd435?s=96&d=mm&r=g\",\"url\":\"https:\\\/\\\/secure.gravatar.com\\\/avatar\\\/3a8de04a2656d44082be478bd6c086daa447c4651605818287b9532d3d0bd435?s=96&d=mm&r=g\",\"contentUrl\":\"https:\\\/\\\/secure.gravatar.com\\\/avatar\\\/3a8de04a2656d44082be478bd6c086daa447c4651605818287b9532d3d0bd435?s=96&d=mm&r=g\",\"caption\":\"Lo viste en Los Pol\u00edticos\"},\"url\":\"https:\\\/\\\/lospoliticosveracruz.com\\\/?author=2\"}]}<\/script>\n<!-- \/ Yoast SEO plugin. -->","yoast_head_json":{"title":"SOMOS, LA BATALLA POR HACERSE VISIBLE - Los pol\u00edticos Veracruz","robots":{"index":"index","follow":"follow","max-snippet":"max-snippet:-1","max-image-preview":"max-image-preview:large","max-video-preview":"max-video-preview:-1"},"canonical":"https:\/\/lospoliticosveracruz.com\/?p=179831","og_locale":"es_ES","og_type":"article","og_title":"SOMOS, LA BATALLA POR HACERSE VISIBLE - Los pol\u00edticos Veracruz","og_description":"Enrique Yasser Pompeyo Mesa de Redacci\u00f3n El nuevo partido pol\u00edtico Somos enfrenta una paradoja que puede terminar siendo determinante para su futuro: busca consolidarse como una opci\u00f3n electoral emergente, pero todav\u00eda no tiene completamente definida la identidad con la que pretende presentarse ante los ciudadanos. Se ha generado un escenario de tensi\u00f3n con el Instituto [&hellip;]","og_url":"https:\/\/lospoliticosveracruz.com\/?p=179831","og_site_name":"Los pol\u00edticos Veracruz","article_publisher":"https:\/\/www.facebook.com\/people\/Notimemes-de-los-Polticos\/61565672886568\/","article_published_time":"2026-09-02T01:37:41+00:00","article_modified_time":"2026-09-02T01:37:42+00:00","og_image":[{"width":600,"height":320,"url":"https:\/\/lospoliticosveracruz.com\/wp-content\/uploads\/2025\/04\/Pompeyo-e1776307406459.jpg","type":"image\/jpeg"}],"author":"Lo viste en Los Pol\u00edticos","twitter_card":"summary_large_image","twitter_creator":"@LosPoliticosVer","twitter_site":"@LosPoliticosVer","twitter_misc":{"Escrito por":"Lo viste en Los Pol\u00edticos","Tiempo de lectura":"4 minutos"},"schema":{"@context":"https:\/\/schema.org","@graph":[{"@type":"Article","@id":"https:\/\/lospoliticosveracruz.com\/?p=179831#article","isPartOf":{"@id":"https:\/\/lospoliticosveracruz.com\/?p=179831"},"author":{"name":"Lo viste en Los Pol\u00edticos","@id":"https:\/\/lospoliticosveracruz.com\/#\/schema\/person\/b8702bb0e538456e6efd07080bf2a4a2"},"headline":"SOMOS, LA BATALLA POR HACERSE VISIBLE","datePublished":"2026-09-02T01:37:41+00:00","dateModified":"2026-09-02T01:37:42+00:00","mainEntityOfPage":{"@id":"https:\/\/lospoliticosveracruz.com\/?p=179831"},"wordCount":838,"publisher":{"@id":"https:\/\/lospoliticosveracruz.com\/#organization"},"image":{"@id":"https:\/\/lospoliticosveracruz.com\/?p=179831#primaryimage"},"thumbnailUrl":"https:\/\/lospoliticosveracruz.com\/wp-content\/uploads\/2025\/04\/Pompeyo-e1776307406459.jpg","keywords":["elecciones 2027","Enrique Yasser Pompeyo","identidad electoral","INE","oposici\u00f3n","Partido pol\u00edtico","SOMOS"],"articleSection":["De Opini\u00f3n"],"inLanguage":"es"},{"@type":"WebPage","@id":"https:\/\/lospoliticosveracruz.com\/?p=179831","url":"https:\/\/lospoliticosveracruz.com\/?p=179831","name":"SOMOS, LA BATALLA POR HACERSE VISIBLE - Los pol\u00edticos Veracruz","isPartOf":{"@id":"https:\/\/lospoliticosveracruz.com\/#website"},"primaryImageOfPage":{"@id":"https:\/\/lospoliticosveracruz.com\/?p=179831#primaryimage"},"image":{"@id":"https:\/\/lospoliticosveracruz.com\/?p=179831#primaryimage"},"thumbnailUrl":"https:\/\/lospoliticosveracruz.com\/wp-content\/uploads\/2025\/04\/Pompeyo-e1776307406459.jpg","datePublished":"2026-09-02T01:37:41+00:00","dateModified":"2026-09-02T01:37:42+00:00","breadcrumb":{"@id":"https:\/\/lospoliticosveracruz.com\/?p=179831#breadcrumb"},"inLanguage":"es","potentialAction":[{"@type":"ReadAction","target":["https:\/\/lospoliticosveracruz.com\/?p=179831"]}]},{"@type":"ImageObject","inLanguage":"es","@id":"https:\/\/lospoliticosveracruz.com\/?p=179831#primaryimage","url":"https:\/\/lospoliticosveracruz.com\/wp-content\/uploads\/2025\/04\/Pompeyo-e1776307406459.jpg","contentUrl":"https:\/\/lospoliticosveracruz.com\/wp-content\/uploads\/2025\/04\/Pompeyo-e1776307406459.jpg","width":600,"height":320},{"@type":"BreadcrumbList","@id":"https:\/\/lospoliticosveracruz.com\/?p=179831#breadcrumb","itemListElement":[{"@type":"ListItem","position":1,"name":"Portada","item":"https:\/\/lospoliticosveracruz.com\/"},{"@type":"ListItem","position":2,"name":"SOMOS, LA BATALLA POR HACERSE VISIBLE"}]},{"@type":"WebSite","@id":"https:\/\/lospoliticosveracruz.com\/#website","url":"https:\/\/lospoliticosveracruz.com\/","name":"Los pol\u00edticos Veracruz","description":"","publisher":{"@id":"https:\/\/lospoliticosveracruz.com\/#organization"},"potentialAction":[{"@type":"SearchAction","target":{"@type":"EntryPoint","urlTemplate":"https:\/\/lospoliticosveracruz.com\/?s={search_term_string}"},"query-input":{"@type":"PropertyValueSpecification","valueRequired":true,"valueName":"search_term_string"}}],"inLanguage":"es"},{"@type":"Organization","@id":"https:\/\/lospoliticosveracruz.com\/#organization","name":"Los pol\u00edticos Veracruz","url":"https:\/\/lospoliticosveracruz.com\/","logo":{"@type":"ImageObject","inLanguage":"es","@id":"https:\/\/lospoliticosveracruz.com\/#\/schema\/logo\/image\/","url":"https:\/\/lospoliticosveracruz.com\/wp-content\/uploads\/2025\/12\/Logo-Nuevo-LOS-POLITICOS-1.jpg","contentUrl":"https:\/\/lospoliticosveracruz.com\/wp-content\/uploads\/2025\/12\/Logo-Nuevo-LOS-POLITICOS-1.jpg","width":260,"height":70,"caption":"Los pol\u00edticos Veracruz"},"image":{"@id":"https:\/\/lospoliticosveracruz.com\/#\/schema\/logo\/image\/"},"sameAs":["https:\/\/www.facebook.com\/people\/Notimemes-de-los-Polticos\/61565672886568\/","https:\/\/x.com\/LosPoliticosVer"]},{"@type":"Person","@id":"https:\/\/lospoliticosveracruz.com\/#\/schema\/person\/b8702bb0e538456e6efd07080bf2a4a2","name":"Lo viste en Los Pol\u00edticos","image":{"@type":"ImageObject","inLanguage":"es","@id":"https:\/\/secure.gravatar.com\/avatar\/3a8de04a2656d44082be478bd6c086daa447c4651605818287b9532d3d0bd435?s=96&d=mm&r=g","url":"https:\/\/secure.gravatar.com\/avatar\/3a8de04a2656d44082be478bd6c086daa447c4651605818287b9532d3d0bd435?s=96&d=mm&r=g","contentUrl":"https:\/\/secure.gravatar.com\/avatar\/3a8de04a2656d44082be478bd6c086daa447c4651605818287b9532d3d0bd435?s=96&d=mm&r=g","caption":"Lo viste en Los Pol\u00edticos"},"url":"https:\/\/lospoliticosveracruz.com\/?author=2"}]}},"_links":{"self":[{"href":"https:\/\/lospoliticosveracruz.com\/index.php?rest_route=\/wp\/v2\/posts\/179831","targetHints":{"allow":["GET"]}}],"collection":[{"href":"https:\/\/lospoliticosveracruz.com\/index.php?rest_route=\/wp\/v2\/posts"}],"about":[{"href":"https:\/\/lospoliticosveracruz.com\/index.php?rest_route=\/wp\/v2\/types\/post"}],"author":[{"embeddable":true,"href":"https:\/\/lospoliticosveracruz.com\/index.php?rest_route=\/wp\/v2\/users\/2"}],"replies":[{"embeddable":true,"href":"https:\/\/lospoliticosveracruz.com\/index.php?rest_route=%2Fwp%2Fv2%2Fcomments&post=179831"}],"version-history":[{"count":1,"href":"https:\/\/lospoliticosveracruz.com\/index.php?rest_route=\/wp\/v2\/posts\/179831\/revisions"}],"predecessor-version":[{"id":179832,"href":"https:\/\/lospoliticosveracruz.com\/index.php?rest_route=\/wp\/v2\/posts\/179831\/revisions\/179832"}],"wp:featuredmedia":[{"embeddable":true,"href":"https:\/\/lospoliticosveracruz.com\/index.php?rest_route=\/wp\/v2\/media\/141425"}],"wp:attachment":[{"href":"https:\/\/lospoliticosveracruz.com\/index.php?rest_route=%2Fwp%2Fv2%2Fmedia&parent=179831"}],"wp:term":[{"taxonomy":"category","embeddable":true,"href":"https:\/\/lospoliticosveracruz.com\/index.php?rest_route=%2Fwp%2Fv2%2Fcategories&post=179831"},{"taxonomy":"post_tag","embeddable":true,"href":"https:\/\/lospoliticosveracruz.com\/index.php?rest_route=%2Fwp%2Fv2%2Ftags&post=179831"}],"curies":[{"name":"wp","href":"https:\/\/api.w.org\/{rel}","templated":true}]}}