{"id":179833,"date":"2026-09-02T05:36:57","date_gmt":"2026-09-02T11:36:57","guid":{"rendered":"https:\/\/lospoliticosveracruz.com\/?p=179833"},"modified":"2026-09-02T05:36:58","modified_gmt":"2026-09-02T11:36:58","slug":"las-cuentas-de-alito","status":"publish","type":"post","link":"https:\/\/lospoliticosveracruz.com\/?p=179833","title":{"rendered":"LAS CUENTAS DE ALITO"},"content":{"rendered":"<div class=\"wp-block-image\">\n<figure class=\"alignleft size-full is-resized\"><a href=\"https:\/\/lospoliticosveracruz.com\/wp-content\/uploads\/2026\/05\/IMG_1092.png\"><img loading=\"lazy\" decoding=\"async\" width=\"640\" height=\"600\" src=\"https:\/\/lospoliticosveracruz.com\/wp-content\/uploads\/2026\/05\/IMG_1092.png\" alt=\"\" class=\"wp-image-172799\" style=\"width:375px;height:auto\" srcset=\"https:\/\/lospoliticosveracruz.com\/wp-content\/uploads\/2026\/05\/IMG_1092.png 640w, https:\/\/lospoliticosveracruz.com\/wp-content\/uploads\/2026\/05\/IMG_1092-300x281.png 300w, https:\/\/lospoliticosveracruz.com\/wp-content\/uploads\/2026\/05\/IMG_1092-448x420.png 448w, https:\/\/lospoliticosveracruz.com\/wp-content\/uploads\/2026\/05\/IMG_1092-150x141.png 150w\" sizes=\"auto, (max-width: 640px) 100vw, 640px\" \/><\/a><\/figure>\n<\/div>\n\n\n<p><strong>Alejandro Aguirre Guerrero<\/strong><br><em>Al respecto\u2026<br><\/em><strong><br><\/strong>Alejandro Moreno asegura que la oposici\u00f3n puede ganar 12 de las 17 gubernaturas que estar\u00e1n en juego en el 2027. Las encuestas, por ahora, no dicen eso.<\/p>\n\n\n\n<p>Pero ser\u00eda un error despachar la afirmaci\u00f3n como simple propaganda; porque, detr\u00e1s de una cifra probablemente inflada, hay algo que s\u00ed merece atenci\u00f3n: el mapa electoral puede cambiar cuando los partidos dejen de competir separados.<\/p>\n\n\n\n<p>Chihuahua ofrece una primera se\u00f1al. Morena y sus aliados aparecen ligeramente arriba, pero PAN, PRI y MC pr\u00e1cticamente empatan al sumar sus preferencias.<\/p>\n\n\n\n<p>En Nuevo Le\u00f3n, la fotograf\u00eda es todav\u00eda m\u00e1s reveladora: Morena-PT-PVEM registra 31.2%, mientras PAN, PRI y MC, por separado, concentran 54.1%.<\/p>\n\n\n\n<p>Naturalmente, una suma de porcentajes no se convierte autom\u00e1ticamente en votos para un candidato com\u00fan. No obstante, s\u00ed muestra d\u00f3nde la fragmentaci\u00f3n puede estar escondiendo una competencia que hoy no aparece a simple vista.<\/p>\n\n\n\n<p>La paradoja es que el movimiento ocurre en ambos lados.<\/p>\n\n\n\n<p>Mientras PAN y PRI vuelven a explorar acuerdos locales, el Verde y el PT analizan competir por separado en distintos estados. Por eso, 2027 dif\u00edcilmente ser\u00e1 una elecci\u00f3n entre dos bloques nacionales perfectamente alineados.<\/p>\n\n\n\n<p>Ser\u00e1 una colecci\u00f3n de batallas estatales, con alianzas distintas, candidatos distintos y cuentas distintas. Alito quiz\u00e1 est\u00e9 exagerando el resultado, pero lo que hace es pol\u00edtica, y eso puede \u201cllevar agua a su molino\u201d<\/p>\n\n\n\n<p>Adem\u00e1s, en realidad, Alejandro Moreno pone sobre la mesa la pregunta correcta: \u00bfqu\u00e9 pasar\u00eda si los partidos comienzan a sumar donde hoy compiten divididos? Porque la oposici\u00f3n necesita aprender a sumar.<\/p>\n\n\n\n<p>Y Morena, a evitar que sus aliados aprendan a restar.<\/p>\n\n\n\n<p>Veremos qu\u00e9 ocurre, y si de verdad ocurre.<\/p>\n\n\n\n<p>X: @aaguirre_g<\/p>\n","protected":false},"excerpt":{"rendered":"<p>Alejandro Aguirre GuerreroAl respecto\u2026Alejandro Moreno asegura que la oposici\u00f3n puede ganar 12 de las 17 gubernaturas que estar\u00e1n en juego en el 2027. Las encuestas, por ahora, no dicen eso. Pero ser\u00eda un error despachar la afirmaci\u00f3n como simple propaganda; porque, detr\u00e1s de una cifra probablemente inflada, hay algo que s\u00ed merece atenci\u00f3n: el mapa [&hellip;]<\/p>\n","protected":false},"author":2,"featured_media":141373,"comment_status":"closed","ping_status":"closed","sticky":false,"template":"","format":"standard","meta":{"tdm_status":"","tdm_grid_status":"","footnotes":""},"categories":[70],"tags":[47893,14170,69538,44891,19485,1026,600],"class_list":{"0":"post-179833","1":"post","2":"type-post","3":"status-publish","4":"format-standard","5":"has-post-thumbnail","7":"category-de-opinion","8":"tag-alejandro-aguirre-guerrero","9":"tag-alejandro-moreno","10":"tag-alianzas-electorales","11":"tag-elecciones-2027","12":"tag-gubernaturas","13":"tag-morena","14":"tag-oposicion"},"yoast_head":"<!-- This site is optimized with the Yoast SEO plugin v28.1 - https:\/\/yoast.com\/product\/yoast-seo-wordpress\/ -->\n<title>LAS CUENTAS DE ALITO - Los pol\u00edticos Veracruz<\/title>\n<meta name=\"robots\" content=\"index, follow, max-snippet:-1, max-image-preview:large, max-video-preview:-1\" \/>\n<link rel=\"canonical\" href=\"https:\/\/lospoliticosveracruz.com\/?p=179833\" \/>\n<meta property=\"og:locale\" content=\"es_ES\" \/>\n<meta property=\"og:type\" content=\"article\" \/>\n<meta property=\"og:title\" content=\"LAS CUENTAS DE ALITO - Los pol\u00edticos Veracruz\" \/>\n<meta property=\"og:description\" content=\"Alejandro Aguirre GuerreroAl respecto\u2026Alejandro Moreno asegura que la oposici\u00f3n puede ganar 12 de las 17 gubernaturas que estar\u00e1n en juego en el 2027. Las encuestas, por ahora, no dicen eso. Pero ser\u00eda un error despachar la afirmaci\u00f3n como simple propaganda; porque, detr\u00e1s de una cifra probablemente inflada, hay algo que s\u00ed merece atenci\u00f3n: el mapa [&hellip;]\" \/>\n<meta property=\"og:url\" content=\"https:\/\/lospoliticosveracruz.com\/?p=179833\" \/>\n<meta property=\"og:site_name\" content=\"Los pol\u00edticos Veracruz\" \/>\n<meta property=\"article:publisher\" content=\"https:\/\/www.facebook.com\/people\/Notimemes-de-los-Polticos\/61565672886568\/\" \/>\n<meta property=\"article:published_time\" content=\"2026-09-02T11:36:57+00:00\" \/>\n<meta property=\"article:modified_time\" content=\"2026-09-02T11:36:58+00:00\" \/>\n<meta property=\"og:image\" content=\"https:\/\/lospoliticosveracruz.com\/wp-content\/uploads\/2025\/04\/Alejandro-Aguirre-Guerrero-e1778077327549.jpg\" \/>\n\t<meta property=\"og:image:width\" content=\"600\" \/>\n\t<meta property=\"og:image:height\" content=\"320\" \/>\n\t<meta property=\"og:image:type\" content=\"image\/jpeg\" \/>\n<meta name=\"author\" content=\"Lo viste en Los Pol\u00edticos\" \/>\n<meta name=\"twitter:card\" content=\"summary_large_image\" \/>\n<meta name=\"twitter:creator\" content=\"@LosPoliticosVer\" \/>\n<meta name=\"twitter:site\" content=\"@LosPoliticosVer\" \/>\n<meta name=\"twitter:label1\" content=\"Escrito por\" \/>\n\t<meta name=\"twitter:data1\" content=\"Lo viste en Los Pol\u00edticos\" \/>\n\t<meta name=\"twitter:label2\" content=\"Tiempo de lectura\" \/>\n\t<meta name=\"twitter:data2\" content=\"2 minutos\" \/>\n<script type=\"application\/ld+json\" class=\"yoast-schema-graph\">{\"@context\":\"https:\\\/\\\/schema.org\",\"@graph\":[{\"@type\":\"Article\",\"@id\":\"https:\\\/\\\/lospoliticosveracruz.com\\\/?p=179833#article\",\"isPartOf\":{\"@id\":\"https:\\\/\\\/lospoliticosveracruz.com\\\/?p=179833\"},\"author\":{\"name\":\"Lo viste en Los Pol\u00edticos\",\"@id\":\"https:\\\/\\\/lospoliticosveracruz.com\\\/#\\\/schema\\\/person\\\/b8702bb0e538456e6efd07080bf2a4a2\"},\"headline\":\"LAS CUENTAS DE ALITO\",\"datePublished\":\"2026-09-02T11:36:57+00:00\",\"dateModified\":\"2026-09-02T11:36:58+00:00\",\"mainEntityOfPage\":{\"@id\":\"https:\\\/\\\/lospoliticosveracruz.com\\\/?p=179833\"},\"wordCount\":296,\"publisher\":{\"@id\":\"https:\\\/\\\/lospoliticosveracruz.com\\\/#organization\"},\"image\":{\"@id\":\"https:\\\/\\\/lospoliticosveracruz.com\\\/?p=179833#primaryimage\"},\"thumbnailUrl\":\"https:\\\/\\\/lospoliticosveracruz.com\\\/wp-content\\\/uploads\\\/2025\\\/04\\\/Alejandro-Aguirre-Guerrero-e1778077327549.jpg\",\"keywords\":[\"Alejandro Aguirre Guerrero\",\"Alejandro Moreno\",\"alianzas electorales\",\"elecciones 2027\",\"Gubernaturas\",\"Morena\",\"oposici\u00f3n\"],\"articleSection\":[\"De Opini\u00f3n\"],\"inLanguage\":\"es\"},{\"@type\":\"WebPage\",\"@id\":\"https:\\\/\\\/lospoliticosveracruz.com\\\/?p=179833\",\"url\":\"https:\\\/\\\/lospoliticosveracruz.com\\\/?p=179833\",\"name\":\"LAS CUENTAS DE ALITO - Los pol\u00edticos Veracruz\",\"isPartOf\":{\"@id\":\"https:\\\/\\\/lospoliticosveracruz.com\\\/#website\"},\"primaryImageOfPage\":{\"@id\":\"https:\\\/\\\/lospoliticosveracruz.com\\\/?p=179833#primaryimage\"},\"image\":{\"@id\":\"https:\\\/\\\/lospoliticosveracruz.com\\\/?p=179833#primaryimage\"},\"thumbnailUrl\":\"https:\\\/\\\/lospoliticosveracruz.com\\\/wp-content\\\/uploads\\\/2025\\\/04\\\/Alejandro-Aguirre-Guerrero-e1778077327549.jpg\",\"datePublished\":\"2026-09-02T11:36:57+00:00\",\"dateModified\":\"2026-09-02T11:36:58+00:00\",\"breadcrumb\":{\"@id\":\"https:\\\/\\\/lospoliticosveracruz.com\\\/?p=179833#breadcrumb\"},\"inLanguage\":\"es\",\"potentialAction\":[{\"@type\":\"ReadAction\",\"target\":[\"https:\\\/\\\/lospoliticosveracruz.com\\\/?p=179833\"]}]},{\"@type\":\"ImageObject\",\"inLanguage\":\"es\",\"@id\":\"https:\\\/\\\/lospoliticosveracruz.com\\\/?p=179833#primaryimage\",\"url\":\"https:\\\/\\\/lospoliticosveracruz.com\\\/wp-content\\\/uploads\\\/2025\\\/04\\\/Alejandro-Aguirre-Guerrero-e1778077327549.jpg\",\"contentUrl\":\"https:\\\/\\\/lospoliticosveracruz.com\\\/wp-content\\\/uploads\\\/2025\\\/04\\\/Alejandro-Aguirre-Guerrero-e1778077327549.jpg\",\"width\":600,\"height\":320},{\"@type\":\"BreadcrumbList\",\"@id\":\"https:\\\/\\\/lospoliticosveracruz.com\\\/?p=179833#breadcrumb\",\"itemListElement\":[{\"@type\":\"ListItem\",\"position\":1,\"name\":\"Portada\",\"item\":\"https:\\\/\\\/lospoliticosveracruz.com\\\/\"},{\"@type\":\"ListItem\",\"position\":2,\"name\":\"LAS CUENTAS DE ALITO\"}]},{\"@type\":\"WebSite\",\"@id\":\"https:\\\/\\\/lospoliticosveracruz.com\\\/#website\",\"url\":\"https:\\\/\\\/lospoliticosveracruz.com\\\/\",\"name\":\"Los pol\u00edticos Veracruz\",\"description\":\"\",\"publisher\":{\"@id\":\"https:\\\/\\\/lospoliticosveracruz.com\\\/#organization\"},\"potentialAction\":[{\"@type\":\"SearchAction\",\"target\":{\"@type\":\"EntryPoint\",\"urlTemplate\":\"https:\\\/\\\/lospoliticosveracruz.com\\\/?s={search_term_string}\"},\"query-input\":{\"@type\":\"PropertyValueSpecification\",\"valueRequired\":true,\"valueName\":\"search_term_string\"}}],\"inLanguage\":\"es\"},{\"@type\":\"Organization\",\"@id\":\"https:\\\/\\\/lospoliticosveracruz.com\\\/#organization\",\"name\":\"Los pol\u00edticos Veracruz\",\"url\":\"https:\\\/\\\/lospoliticosveracruz.com\\\/\",\"logo\":{\"@type\":\"ImageObject\",\"inLanguage\":\"es\",\"@id\":\"https:\\\/\\\/lospoliticosveracruz.com\\\/#\\\/schema\\\/logo\\\/image\\\/\",\"url\":\"https:\\\/\\\/lospoliticosveracruz.com\\\/wp-content\\\/uploads\\\/2025\\\/12\\\/Logo-Nuevo-LOS-POLITICOS-1.jpg\",\"contentUrl\":\"https:\\\/\\\/lospoliticosveracruz.com\\\/wp-content\\\/uploads\\\/2025\\\/12\\\/Logo-Nuevo-LOS-POLITICOS-1.jpg\",\"width\":260,\"height\":70,\"caption\":\"Los pol\u00edticos Veracruz\"},\"image\":{\"@id\":\"https:\\\/\\\/lospoliticosveracruz.com\\\/#\\\/schema\\\/logo\\\/image\\\/\"},\"sameAs\":[\"https:\\\/\\\/www.facebook.com\\\/people\\\/Notimemes-de-los-Polticos\\\/61565672886568\\\/\",\"https:\\\/\\\/x.com\\\/LosPoliticosVer\"]},{\"@type\":\"Person\",\"@id\":\"https:\\\/\\\/lospoliticosveracruz.com\\\/#\\\/schema\\\/person\\\/b8702bb0e538456e6efd07080bf2a4a2\",\"name\":\"Lo viste en Los Pol\u00edticos\",\"image\":{\"@type\":\"ImageObject\",\"inLanguage\":\"es\",\"@id\":\"https:\\\/\\\/secure.gravatar.com\\\/avatar\\\/3a8de04a2656d44082be478bd6c086daa447c4651605818287b9532d3d0bd435?s=96&d=mm&r=g\",\"url\":\"https:\\\/\\\/secure.gravatar.com\\\/avatar\\\/3a8de04a2656d44082be478bd6c086daa447c4651605818287b9532d3d0bd435?s=96&d=mm&r=g\",\"contentUrl\":\"https:\\\/\\\/secure.gravatar.com\\\/avatar\\\/3a8de04a2656d44082be478bd6c086daa447c4651605818287b9532d3d0bd435?s=96&d=mm&r=g\",\"caption\":\"Lo viste en Los Pol\u00edticos\"},\"url\":\"https:\\\/\\\/lospoliticosveracruz.com\\\/?author=2\"}]}<\/script>\n<!-- \/ Yoast SEO plugin. -->","yoast_head_json":{"title":"LAS CUENTAS DE ALITO - Los pol\u00edticos Veracruz","robots":{"index":"index","follow":"follow","max-snippet":"max-snippet:-1","max-image-preview":"max-image-preview:large","max-video-preview":"max-video-preview:-1"},"canonical":"https:\/\/lospoliticosveracruz.com\/?p=179833","og_locale":"es_ES","og_type":"article","og_title":"LAS CUENTAS DE ALITO - Los pol\u00edticos Veracruz","og_description":"Alejandro Aguirre GuerreroAl respecto\u2026Alejandro Moreno asegura que la oposici\u00f3n puede ganar 12 de las 17 gubernaturas que estar\u00e1n en juego en el 2027. Las encuestas, por ahora, no dicen eso. Pero ser\u00eda un error despachar la afirmaci\u00f3n como simple propaganda; porque, detr\u00e1s de una cifra probablemente inflada, hay algo que s\u00ed merece atenci\u00f3n: el mapa [&hellip;]","og_url":"https:\/\/lospoliticosveracruz.com\/?p=179833","og_site_name":"Los pol\u00edticos Veracruz","article_publisher":"https:\/\/www.facebook.com\/people\/Notimemes-de-los-Polticos\/61565672886568\/","article_published_time":"2026-09-02T11:36:57+00:00","article_modified_time":"2026-09-02T11:36:58+00:00","og_image":[{"width":600,"height":320,"url":"https:\/\/lospoliticosveracruz.com\/wp-content\/uploads\/2025\/04\/Alejandro-Aguirre-Guerrero-e1778077327549.jpg","type":"image\/jpeg"}],"author":"Lo viste en Los Pol\u00edticos","twitter_card":"summary_large_image","twitter_creator":"@LosPoliticosVer","twitter_site":"@LosPoliticosVer","twitter_misc":{"Escrito por":"Lo viste en Los Pol\u00edticos","Tiempo de lectura":"2 minutos"},"schema":{"@context":"https:\/\/schema.org","@graph":[{"@type":"Article","@id":"https:\/\/lospoliticosveracruz.com\/?p=179833#article","isPartOf":{"@id":"https:\/\/lospoliticosveracruz.com\/?p=179833"},"author":{"name":"Lo viste en Los Pol\u00edticos","@id":"https:\/\/lospoliticosveracruz.com\/#\/schema\/person\/b8702bb0e538456e6efd07080bf2a4a2"},"headline":"LAS CUENTAS DE ALITO","datePublished":"2026-09-02T11:36:57+00:00","dateModified":"2026-09-02T11:36:58+00:00","mainEntityOfPage":{"@id":"https:\/\/lospoliticosveracruz.com\/?p=179833"},"wordCount":296,"publisher":{"@id":"https:\/\/lospoliticosveracruz.com\/#organization"},"image":{"@id":"https:\/\/lospoliticosveracruz.com\/?p=179833#primaryimage"},"thumbnailUrl":"https:\/\/lospoliticosveracruz.com\/wp-content\/uploads\/2025\/04\/Alejandro-Aguirre-Guerrero-e1778077327549.jpg","keywords":["Alejandro Aguirre Guerrero","Alejandro Moreno","alianzas electorales","elecciones 2027","Gubernaturas","Morena","oposici\u00f3n"],"articleSection":["De Opini\u00f3n"],"inLanguage":"es"},{"@type":"WebPage","@id":"https:\/\/lospoliticosveracruz.com\/?p=179833","url":"https:\/\/lospoliticosveracruz.com\/?p=179833","name":"LAS CUENTAS DE ALITO - Los pol\u00edticos Veracruz","isPartOf":{"@id":"https:\/\/lospoliticosveracruz.com\/#website"},"primaryImageOfPage":{"@id":"https:\/\/lospoliticosveracruz.com\/?p=179833#primaryimage"},"image":{"@id":"https:\/\/lospoliticosveracruz.com\/?p=179833#primaryimage"},"thumbnailUrl":"https:\/\/lospoliticosveracruz.com\/wp-content\/uploads\/2025\/04\/Alejandro-Aguirre-Guerrero-e1778077327549.jpg","datePublished":"2026-09-02T11:36:57+00:00","dateModified":"2026-09-02T11:36:58+00:00","breadcrumb":{"@id":"https:\/\/lospoliticosveracruz.com\/?p=179833#breadcrumb"},"inLanguage":"es","potentialAction":[{"@type":"ReadAction","target":["https:\/\/lospoliticosveracruz.com\/?p=179833"]}]},{"@type":"ImageObject","inLanguage":"es","@id":"https:\/\/lospoliticosveracruz.com\/?p=179833#primaryimage","url":"https:\/\/lospoliticosveracruz.com\/wp-content\/uploads\/2025\/04\/Alejandro-Aguirre-Guerrero-e1778077327549.jpg","contentUrl":"https:\/\/lospoliticosveracruz.com\/wp-content\/uploads\/2025\/04\/Alejandro-Aguirre-Guerrero-e1778077327549.jpg","width":600,"height":320},{"@type":"BreadcrumbList","@id":"https:\/\/lospoliticosveracruz.com\/?p=179833#breadcrumb","itemListElement":[{"@type":"ListItem","position":1,"name":"Portada","item":"https:\/\/lospoliticosveracruz.com\/"},{"@type":"ListItem","position":2,"name":"LAS CUENTAS DE ALITO"}]},{"@type":"WebSite","@id":"https:\/\/lospoliticosveracruz.com\/#website","url":"https:\/\/lospoliticosveracruz.com\/","name":"Los pol\u00edticos Veracruz","description":"","publisher":{"@id":"https:\/\/lospoliticosveracruz.com\/#organization"},"potentialAction":[{"@type":"SearchAction","target":{"@type":"EntryPoint","urlTemplate":"https:\/\/lospoliticosveracruz.com\/?s={search_term_string}"},"query-input":{"@type":"PropertyValueSpecification","valueRequired":true,"valueName":"search_term_string"}}],"inLanguage":"es"},{"@type":"Organization","@id":"https:\/\/lospoliticosveracruz.com\/#organization","name":"Los pol\u00edticos Veracruz","url":"https:\/\/lospoliticosveracruz.com\/","logo":{"@type":"ImageObject","inLanguage":"es","@id":"https:\/\/lospoliticosveracruz.com\/#\/schema\/logo\/image\/","url":"https:\/\/lospoliticosveracruz.com\/wp-content\/uploads\/2025\/12\/Logo-Nuevo-LOS-POLITICOS-1.jpg","contentUrl":"https:\/\/lospoliticosveracruz.com\/wp-content\/uploads\/2025\/12\/Logo-Nuevo-LOS-POLITICOS-1.jpg","width":260,"height":70,"caption":"Los pol\u00edticos Veracruz"},"image":{"@id":"https:\/\/lospoliticosveracruz.com\/#\/schema\/logo\/image\/"},"sameAs":["https:\/\/www.facebook.com\/people\/Notimemes-de-los-Polticos\/61565672886568\/","https:\/\/x.com\/LosPoliticosVer"]},{"@type":"Person","@id":"https:\/\/lospoliticosveracruz.com\/#\/schema\/person\/b8702bb0e538456e6efd07080bf2a4a2","name":"Lo viste en Los Pol\u00edticos","image":{"@type":"ImageObject","inLanguage":"es","@id":"https:\/\/secure.gravatar.com\/avatar\/3a8de04a2656d44082be478bd6c086daa447c4651605818287b9532d3d0bd435?s=96&d=mm&r=g","url":"https:\/\/secure.gravatar.com\/avatar\/3a8de04a2656d44082be478bd6c086daa447c4651605818287b9532d3d0bd435?s=96&d=mm&r=g","contentUrl":"https:\/\/secure.gravatar.com\/avatar\/3a8de04a2656d44082be478bd6c086daa447c4651605818287b9532d3d0bd435?s=96&d=mm&r=g","caption":"Lo viste en Los Pol\u00edticos"},"url":"https:\/\/lospoliticosveracruz.com\/?author=2"}]}},"_links":{"self":[{"href":"https:\/\/lospoliticosveracruz.com\/index.php?rest_route=\/wp\/v2\/posts\/179833","targetHints":{"allow":["GET"]}}],"collection":[{"href":"https:\/\/lospoliticosveracruz.com\/index.php?rest_route=\/wp\/v2\/posts"}],"about":[{"href":"https:\/\/lospoliticosveracruz.com\/index.php?rest_route=\/wp\/v2\/types\/post"}],"author":[{"embeddable":true,"href":"https:\/\/lospoliticosveracruz.com\/index.php?rest_route=\/wp\/v2\/users\/2"}],"replies":[{"embeddable":true,"href":"https:\/\/lospoliticosveracruz.com\/index.php?rest_route=%2Fwp%2Fv2%2Fcomments&post=179833"}],"version-history":[{"count":2,"href":"https:\/\/lospoliticosveracruz.com\/index.php?rest_route=\/wp\/v2\/posts\/179833\/revisions"}],"predecessor-version":[{"id":179847,"href":"https:\/\/lospoliticosveracruz.com\/index.php?rest_route=\/wp\/v2\/posts\/179833\/revisions\/179847"}],"wp:featuredmedia":[{"embeddable":true,"href":"https:\/\/lospoliticosveracruz.com\/index.php?rest_route=\/wp\/v2\/media\/141373"}],"wp:attachment":[{"href":"https:\/\/lospoliticosveracruz.com\/index.php?rest_route=%2Fwp%2Fv2%2Fmedia&parent=179833"}],"wp:term":[{"taxonomy":"category","embeddable":true,"href":"https:\/\/lospoliticosveracruz.com\/index.php?rest_route=%2Fwp%2Fv2%2Fcategories&post=179833"},{"taxonomy":"post_tag","embeddable":true,"href":"https:\/\/lospoliticosveracruz.com\/index.php?rest_route=%2Fwp%2Fv2%2Ftags&post=179833"}],"curies":[{"name":"wp","href":"https:\/\/api.w.org\/{rel}","templated":true}]}}