{"id":179835,"date":"2026-09-01T20:59:17","date_gmt":"2026-09-02T02:59:17","guid":{"rendered":"https:\/\/lospoliticosveracruz.com\/?p=179835"},"modified":"2026-09-01T20:59:18","modified_gmt":"2026-09-02T02:59:18","slug":"amenazan-a-extrabajadores-de-sedarpa","status":"publish","type":"post","link":"https:\/\/lospoliticosveracruz.com\/?p=179835","title":{"rendered":"AMENAZAN A EXTRABAJADORES DE SEDARPA"},"content":{"rendered":"<div class=\"wp-block-image\">\n<figure class=\"alignleft size-full is-resized\"><a href=\"https:\/\/lospoliticosveracruz.com\/wp-content\/uploads\/2026\/05\/IMG_1092.png\"><img loading=\"lazy\" decoding=\"async\" width=\"640\" height=\"600\" src=\"https:\/\/lospoliticosveracruz.com\/wp-content\/uploads\/2026\/05\/IMG_1092.png\" alt=\"\" class=\"wp-image-172799\" style=\"width:375px;height:auto\" srcset=\"https:\/\/lospoliticosveracruz.com\/wp-content\/uploads\/2026\/05\/IMG_1092.png 640w, https:\/\/lospoliticosveracruz.com\/wp-content\/uploads\/2026\/05\/IMG_1092-300x281.png 300w, https:\/\/lospoliticosveracruz.com\/wp-content\/uploads\/2026\/05\/IMG_1092-448x420.png 448w, https:\/\/lospoliticosveracruz.com\/wp-content\/uploads\/2026\/05\/IMG_1092-150x141.png 150w\" sizes=\"auto, (max-width: 640px) 100vw, 640px\" \/><\/a><\/figure>\n<\/div>\n\n\n<p><strong>NdelaR<br><\/strong>Ex trabajadores de la Secretar\u00eda de Desarrollo Agropecuario, Rural y Pesca (Sedarpa) denunciaron haber recibido mensajes intimidatorios previo a la movilizaci\u00f3n convocada para este mi\u00e9rcoles 2 de septiembre, en la que pretenden exigir el pago de salarios pendientes y denunciar presuntos abusos dentro del \u00e1rea de Ganader\u00eda.<\/p>\n\n\n\n<p>De acuerdo con testimonios enviados a Los Pol\u00edticos Veracruz, varios de los ex empleados habr\u00edan recibido mensajes desde n\u00fameros desconocidos en los que se les advierte que no acudan a la toma de las instalaciones de la dependencia, bajo la amenaza de posibles represalias.<\/p>\n\n\n\n<p>Uno de los mensajes exhibidos se\u00f1ala:<\/p>\n\n\n\n<p>\u201cPor ser ex trabajador de la direcci\u00f3n de ganader\u00eda, te mandamos el siguiente mensaje para que no asistas a la toma de la secretar\u00eda, habr\u00e1 represalias tenemos t\u00fa direcci\u00f3n y otros datos en los contratos\u2026\u201d<\/p>\n\n\n\n<p>El mensaje habr\u00eda sido enviado desde un n\u00famero que no se encuentra registrado entre los contactos del receptor. Hasta el momento se desconoce qui\u00e9n est\u00e1 detr\u00e1s de esas comunicaciones.<\/p>\n\n\n\n<p>\u201cA varios compa\u00f1eros nos llegaron mensajes intimidatorios de que si asistimos ma\u00f1ana habr\u00e1 represalias. Tenemos miedo que ese se\u00f1or, con su abuso de autoridad y poder, atente en contra de nosotros\u201d, expres\u00f3 uno de los afectados al hacer p\u00fablica la situaci\u00f3n.<\/p>\n\n\n\n<p>La denuncia ocurre d\u00edas despu\u00e9s de que un grupo de ex trabajadores de Sedarpa acusara p\u00fablicamente al subsecretario Carlos Manuel Jim\u00e9nez D\u00edaz, \u201cEl Potrillo\u201d, de presuntos actos de corrupci\u00f3n, abuso de autoridad, nepotismo y despidos injustificados. Los inconformes sostienen que m\u00e1s de 20 familias habr\u00edan resultado afectadas y que, tras la salida del anterior director del \u00e1rea, m\u00e1s de 30 personas habr\u00edan sido dadas de baja.<\/p>\n\n\n\n<p>Los denunciantes tambi\u00e9n han se\u00f1alado que algunos trabajadores laboraron durante julio sin recibir el pago correspondiente y afirman contar con documentos, mensajes, nombramientos, comprobantes y testimonios para sustentar los se\u00f1alamientos que han realizado.<\/p>\n\n\n\n<p>La movilizaci\u00f3n est\u00e1 convocada este mi\u00e9rcoles 2 de septiembre, a las 9:00 horas, en las oficinas de Sedarpa, donde trabajadores y ex trabajadores pretenden exigir el pago de salarios y prestaciones, una investigaci\u00f3n sobre las presuntas irregularidades y la salida de Jim\u00e9nez D\u00edaz de la Subsecretar\u00eda. El reclamo tambi\u00e9n ha sido dirigido al titular de Sedarpa, Rodrigo Calder\u00f3n Salas, y a la gobernadora Roc\u00edo Nahle Garc\u00eda.<\/p>\n\n\n\n<p>Ahora, ante los mensajes recibidos, los inconformes aseguran que el conflicto laboral ha escalado a un escenario de intimidaci\u00f3n y manifiestan temor por su seguridad y la de sus familias.<\/p>\n\n\n\n<p>Los afectados se\u00f1alaron que har\u00e1n responsables a quienes resulten involucrados en caso de cualquier agresi\u00f3n y pidieron que las autoridades correspondientes garanticen su derecho a manifestarse sin amenazas ni represalias.<\/p>\n","protected":false},"excerpt":{"rendered":"<p>NdelaREx trabajadores de la Secretar\u00eda de Desarrollo Agropecuario, Rural y Pesca (Sedarpa) denunciaron haber recibido mensajes intimidatorios previo a la movilizaci\u00f3n convocada para este mi\u00e9rcoles 2 de septiembre, en la que pretenden exigir el pago de salarios pendientes y denunciar presuntos abusos dentro del \u00e1rea de Ganader\u00eda. De acuerdo con testimonios enviados a Los Pol\u00edticos [&hellip;]<\/p>\n","protected":false},"author":2,"featured_media":179836,"comment_status":"closed","ping_status":"closed","sticky":false,"template":"","format":"standard","meta":{"tdm_status":"","tdm_grid_status":"","footnotes":""},"categories":[6446],"tags":[70418,16628,70974,70932,803,1189,195],"class_list":{"0":"post-179835","1":"post","2":"type-post","3":"status-publish","4":"format-standard","5":"has-post-thumbnail","7":"category-la-nota","8":"tag-amenazas","9":"tag-carlos-manuel-jimenez-diaz","10":"tag-extrabajadores","11":"tag-ndelar","12":"tag-protesta","13":"tag-sedarpa","14":"tag-veracruz"},"yoast_head":"<!-- This site is optimized with the Yoast SEO plugin v28.1 - https:\/\/yoast.com\/product\/yoast-seo-wordpress\/ -->\n<title>AMENAZAN A EXTRABAJADORES DE SEDARPA - Los pol\u00edticos Veracruz<\/title>\n<meta name=\"robots\" content=\"index, follow, max-snippet:-1, max-image-preview:large, max-video-preview:-1\" \/>\n<link rel=\"canonical\" href=\"https:\/\/lospoliticosveracruz.com\/?p=179835\" \/>\n<meta property=\"og:locale\" content=\"es_ES\" \/>\n<meta property=\"og:type\" content=\"article\" \/>\n<meta property=\"og:title\" content=\"AMENAZAN A EXTRABAJADORES DE SEDARPA - Los pol\u00edticos Veracruz\" \/>\n<meta property=\"og:description\" content=\"NdelaREx trabajadores de la Secretar\u00eda de Desarrollo Agropecuario, Rural y Pesca (Sedarpa) denunciaron haber recibido mensajes intimidatorios previo a la movilizaci\u00f3n convocada para este mi\u00e9rcoles 2 de septiembre, en la que pretenden exigir el pago de salarios pendientes y denunciar presuntos abusos dentro del \u00e1rea de Ganader\u00eda. De acuerdo con testimonios enviados a Los Pol\u00edticos [&hellip;]\" \/>\n<meta property=\"og:url\" content=\"https:\/\/lospoliticosveracruz.com\/?p=179835\" \/>\n<meta property=\"og:site_name\" content=\"Los pol\u00edticos Veracruz\" \/>\n<meta property=\"article:publisher\" content=\"https:\/\/www.facebook.com\/people\/Notimemes-de-los-Polticos\/61565672886568\/\" \/>\n<meta property=\"article:published_time\" content=\"2026-09-02T02:59:17+00:00\" \/>\n<meta property=\"article:modified_time\" content=\"2026-09-02T02:59:18+00:00\" \/>\n<meta property=\"og:image\" content=\"https:\/\/lospoliticosveracruz.com\/wp-content\/uploads\/2026\/09\/1-1.jpg\" \/>\n\t<meta property=\"og:image:width\" content=\"600\" \/>\n\t<meta property=\"og:image:height\" content=\"320\" \/>\n\t<meta property=\"og:image:type\" content=\"image\/jpeg\" \/>\n<meta name=\"author\" content=\"Lo viste en Los Pol\u00edticos\" \/>\n<meta name=\"twitter:card\" content=\"summary_large_image\" \/>\n<meta name=\"twitter:creator\" content=\"@LosPoliticosVer\" \/>\n<meta name=\"twitter:site\" content=\"@LosPoliticosVer\" \/>\n<meta name=\"twitter:label1\" content=\"Escrito por\" \/>\n\t<meta name=\"twitter:data1\" content=\"Lo viste en Los Pol\u00edticos\" \/>\n\t<meta name=\"twitter:label2\" content=\"Tiempo de lectura\" \/>\n\t<meta name=\"twitter:data2\" content=\"3 minutos\" \/>\n<script type=\"application\/ld+json\" class=\"yoast-schema-graph\">{\"@context\":\"https:\\\/\\\/schema.org\",\"@graph\":[{\"@type\":\"Article\",\"@id\":\"https:\\\/\\\/lospoliticosveracruz.com\\\/?p=179835#article\",\"isPartOf\":{\"@id\":\"https:\\\/\\\/lospoliticosveracruz.com\\\/?p=179835\"},\"author\":{\"name\":\"Lo viste en Los Pol\u00edticos\",\"@id\":\"https:\\\/\\\/lospoliticosveracruz.com\\\/#\\\/schema\\\/person\\\/b8702bb0e538456e6efd07080bf2a4a2\"},\"headline\":\"AMENAZAN A EXTRABAJADORES DE SEDARPA\",\"datePublished\":\"2026-09-02T02:59:17+00:00\",\"dateModified\":\"2026-09-02T02:59:18+00:00\",\"mainEntityOfPage\":{\"@id\":\"https:\\\/\\\/lospoliticosveracruz.com\\\/?p=179835\"},\"wordCount\":476,\"publisher\":{\"@id\":\"https:\\\/\\\/lospoliticosveracruz.com\\\/#organization\"},\"image\":{\"@id\":\"https:\\\/\\\/lospoliticosveracruz.com\\\/?p=179835#primaryimage\"},\"thumbnailUrl\":\"https:\\\/\\\/lospoliticosveracruz.com\\\/wp-content\\\/uploads\\\/2026\\\/09\\\/1-1.jpg\",\"keywords\":[\"amenazas\",\"Carlos Manuel Jim\u00e9nez D\u00edaz\",\"extrabajadores\",\"NdelaR\",\"protesta\",\"Sedarpa\",\"Veracruz\"],\"articleSection\":[\"La Nota\"],\"inLanguage\":\"es\"},{\"@type\":\"WebPage\",\"@id\":\"https:\\\/\\\/lospoliticosveracruz.com\\\/?p=179835\",\"url\":\"https:\\\/\\\/lospoliticosveracruz.com\\\/?p=179835\",\"name\":\"AMENAZAN A EXTRABAJADORES DE SEDARPA - Los pol\u00edticos Veracruz\",\"isPartOf\":{\"@id\":\"https:\\\/\\\/lospoliticosveracruz.com\\\/#website\"},\"primaryImageOfPage\":{\"@id\":\"https:\\\/\\\/lospoliticosveracruz.com\\\/?p=179835#primaryimage\"},\"image\":{\"@id\":\"https:\\\/\\\/lospoliticosveracruz.com\\\/?p=179835#primaryimage\"},\"thumbnailUrl\":\"https:\\\/\\\/lospoliticosveracruz.com\\\/wp-content\\\/uploads\\\/2026\\\/09\\\/1-1.jpg\",\"datePublished\":\"2026-09-02T02:59:17+00:00\",\"dateModified\":\"2026-09-02T02:59:18+00:00\",\"breadcrumb\":{\"@id\":\"https:\\\/\\\/lospoliticosveracruz.com\\\/?p=179835#breadcrumb\"},\"inLanguage\":\"es\",\"potentialAction\":[{\"@type\":\"ReadAction\",\"target\":[\"https:\\\/\\\/lospoliticosveracruz.com\\\/?p=179835\"]}]},{\"@type\":\"ImageObject\",\"inLanguage\":\"es\",\"@id\":\"https:\\\/\\\/lospoliticosveracruz.com\\\/?p=179835#primaryimage\",\"url\":\"https:\\\/\\\/lospoliticosveracruz.com\\\/wp-content\\\/uploads\\\/2026\\\/09\\\/1-1.jpg\",\"contentUrl\":\"https:\\\/\\\/lospoliticosveracruz.com\\\/wp-content\\\/uploads\\\/2026\\\/09\\\/1-1.jpg\",\"width\":600,\"height\":320},{\"@type\":\"BreadcrumbList\",\"@id\":\"https:\\\/\\\/lospoliticosveracruz.com\\\/?p=179835#breadcrumb\",\"itemListElement\":[{\"@type\":\"ListItem\",\"position\":1,\"name\":\"Portada\",\"item\":\"https:\\\/\\\/lospoliticosveracruz.com\\\/\"},{\"@type\":\"ListItem\",\"position\":2,\"name\":\"AMENAZAN A EXTRABAJADORES DE SEDARPA\"}]},{\"@type\":\"WebSite\",\"@id\":\"https:\\\/\\\/lospoliticosveracruz.com\\\/#website\",\"url\":\"https:\\\/\\\/lospoliticosveracruz.com\\\/\",\"name\":\"Los pol\u00edticos Veracruz\",\"description\":\"\",\"publisher\":{\"@id\":\"https:\\\/\\\/lospoliticosveracruz.com\\\/#organization\"},\"potentialAction\":[{\"@type\":\"SearchAction\",\"target\":{\"@type\":\"EntryPoint\",\"urlTemplate\":\"https:\\\/\\\/lospoliticosveracruz.com\\\/?s={search_term_string}\"},\"query-input\":{\"@type\":\"PropertyValueSpecification\",\"valueRequired\":true,\"valueName\":\"search_term_string\"}}],\"inLanguage\":\"es\"},{\"@type\":\"Organization\",\"@id\":\"https:\\\/\\\/lospoliticosveracruz.com\\\/#organization\",\"name\":\"Los pol\u00edticos Veracruz\",\"url\":\"https:\\\/\\\/lospoliticosveracruz.com\\\/\",\"logo\":{\"@type\":\"ImageObject\",\"inLanguage\":\"es\",\"@id\":\"https:\\\/\\\/lospoliticosveracruz.com\\\/#\\\/schema\\\/logo\\\/image\\\/\",\"url\":\"https:\\\/\\\/lospoliticosveracruz.com\\\/wp-content\\\/uploads\\\/2025\\\/12\\\/Logo-Nuevo-LOS-POLITICOS-1.jpg\",\"contentUrl\":\"https:\\\/\\\/lospoliticosveracruz.com\\\/wp-content\\\/uploads\\\/2025\\\/12\\\/Logo-Nuevo-LOS-POLITICOS-1.jpg\",\"width\":260,\"height\":70,\"caption\":\"Los pol\u00edticos Veracruz\"},\"image\":{\"@id\":\"https:\\\/\\\/lospoliticosveracruz.com\\\/#\\\/schema\\\/logo\\\/image\\\/\"},\"sameAs\":[\"https:\\\/\\\/www.facebook.com\\\/people\\\/Notimemes-de-los-Polticos\\\/61565672886568\\\/\",\"https:\\\/\\\/x.com\\\/LosPoliticosVer\"]},{\"@type\":\"Person\",\"@id\":\"https:\\\/\\\/lospoliticosveracruz.com\\\/#\\\/schema\\\/person\\\/b8702bb0e538456e6efd07080bf2a4a2\",\"name\":\"Lo viste en Los Pol\u00edticos\",\"image\":{\"@type\":\"ImageObject\",\"inLanguage\":\"es\",\"@id\":\"https:\\\/\\\/secure.gravatar.com\\\/avatar\\\/3a8de04a2656d44082be478bd6c086daa447c4651605818287b9532d3d0bd435?s=96&d=mm&r=g\",\"url\":\"https:\\\/\\\/secure.gravatar.com\\\/avatar\\\/3a8de04a2656d44082be478bd6c086daa447c4651605818287b9532d3d0bd435?s=96&d=mm&r=g\",\"contentUrl\":\"https:\\\/\\\/secure.gravatar.com\\\/avatar\\\/3a8de04a2656d44082be478bd6c086daa447c4651605818287b9532d3d0bd435?s=96&d=mm&r=g\",\"caption\":\"Lo viste en Los Pol\u00edticos\"},\"url\":\"https:\\\/\\\/lospoliticosveracruz.com\\\/?author=2\"}]}<\/script>\n<!-- \/ Yoast SEO plugin. -->","yoast_head_json":{"title":"AMENAZAN A EXTRABAJADORES DE SEDARPA - Los pol\u00edticos Veracruz","robots":{"index":"index","follow":"follow","max-snippet":"max-snippet:-1","max-image-preview":"max-image-preview:large","max-video-preview":"max-video-preview:-1"},"canonical":"https:\/\/lospoliticosveracruz.com\/?p=179835","og_locale":"es_ES","og_type":"article","og_title":"AMENAZAN A EXTRABAJADORES DE SEDARPA - Los pol\u00edticos Veracruz","og_description":"NdelaREx trabajadores de la Secretar\u00eda de Desarrollo Agropecuario, Rural y Pesca (Sedarpa) denunciaron haber recibido mensajes intimidatorios previo a la movilizaci\u00f3n convocada para este mi\u00e9rcoles 2 de septiembre, en la que pretenden exigir el pago de salarios pendientes y denunciar presuntos abusos dentro del \u00e1rea de Ganader\u00eda. De acuerdo con testimonios enviados a Los Pol\u00edticos [&hellip;]","og_url":"https:\/\/lospoliticosveracruz.com\/?p=179835","og_site_name":"Los pol\u00edticos Veracruz","article_publisher":"https:\/\/www.facebook.com\/people\/Notimemes-de-los-Polticos\/61565672886568\/","article_published_time":"2026-09-02T02:59:17+00:00","article_modified_time":"2026-09-02T02:59:18+00:00","og_image":[{"width":600,"height":320,"url":"https:\/\/lospoliticosveracruz.com\/wp-content\/uploads\/2026\/09\/1-1.jpg","type":"image\/jpeg"}],"author":"Lo viste en Los Pol\u00edticos","twitter_card":"summary_large_image","twitter_creator":"@LosPoliticosVer","twitter_site":"@LosPoliticosVer","twitter_misc":{"Escrito por":"Lo viste en Los Pol\u00edticos","Tiempo de lectura":"3 minutos"},"schema":{"@context":"https:\/\/schema.org","@graph":[{"@type":"Article","@id":"https:\/\/lospoliticosveracruz.com\/?p=179835#article","isPartOf":{"@id":"https:\/\/lospoliticosveracruz.com\/?p=179835"},"author":{"name":"Lo viste en Los Pol\u00edticos","@id":"https:\/\/lospoliticosveracruz.com\/#\/schema\/person\/b8702bb0e538456e6efd07080bf2a4a2"},"headline":"AMENAZAN A EXTRABAJADORES DE SEDARPA","datePublished":"2026-09-02T02:59:17+00:00","dateModified":"2026-09-02T02:59:18+00:00","mainEntityOfPage":{"@id":"https:\/\/lospoliticosveracruz.com\/?p=179835"},"wordCount":476,"publisher":{"@id":"https:\/\/lospoliticosveracruz.com\/#organization"},"image":{"@id":"https:\/\/lospoliticosveracruz.com\/?p=179835#primaryimage"},"thumbnailUrl":"https:\/\/lospoliticosveracruz.com\/wp-content\/uploads\/2026\/09\/1-1.jpg","keywords":["amenazas","Carlos Manuel Jim\u00e9nez D\u00edaz","extrabajadores","NdelaR","protesta","Sedarpa","Veracruz"],"articleSection":["La Nota"],"inLanguage":"es"},{"@type":"WebPage","@id":"https:\/\/lospoliticosveracruz.com\/?p=179835","url":"https:\/\/lospoliticosveracruz.com\/?p=179835","name":"AMENAZAN A EXTRABAJADORES DE SEDARPA - Los pol\u00edticos Veracruz","isPartOf":{"@id":"https:\/\/lospoliticosveracruz.com\/#website"},"primaryImageOfPage":{"@id":"https:\/\/lospoliticosveracruz.com\/?p=179835#primaryimage"},"image":{"@id":"https:\/\/lospoliticosveracruz.com\/?p=179835#primaryimage"},"thumbnailUrl":"https:\/\/lospoliticosveracruz.com\/wp-content\/uploads\/2026\/09\/1-1.jpg","datePublished":"2026-09-02T02:59:17+00:00","dateModified":"2026-09-02T02:59:18+00:00","breadcrumb":{"@id":"https:\/\/lospoliticosveracruz.com\/?p=179835#breadcrumb"},"inLanguage":"es","potentialAction":[{"@type":"ReadAction","target":["https:\/\/lospoliticosveracruz.com\/?p=179835"]}]},{"@type":"ImageObject","inLanguage":"es","@id":"https:\/\/lospoliticosveracruz.com\/?p=179835#primaryimage","url":"https:\/\/lospoliticosveracruz.com\/wp-content\/uploads\/2026\/09\/1-1.jpg","contentUrl":"https:\/\/lospoliticosveracruz.com\/wp-content\/uploads\/2026\/09\/1-1.jpg","width":600,"height":320},{"@type":"BreadcrumbList","@id":"https:\/\/lospoliticosveracruz.com\/?p=179835#breadcrumb","itemListElement":[{"@type":"ListItem","position":1,"name":"Portada","item":"https:\/\/lospoliticosveracruz.com\/"},{"@type":"ListItem","position":2,"name":"AMENAZAN A EXTRABAJADORES DE SEDARPA"}]},{"@type":"WebSite","@id":"https:\/\/lospoliticosveracruz.com\/#website","url":"https:\/\/lospoliticosveracruz.com\/","name":"Los pol\u00edticos Veracruz","description":"","publisher":{"@id":"https:\/\/lospoliticosveracruz.com\/#organization"},"potentialAction":[{"@type":"SearchAction","target":{"@type":"EntryPoint","urlTemplate":"https:\/\/lospoliticosveracruz.com\/?s={search_term_string}"},"query-input":{"@type":"PropertyValueSpecification","valueRequired":true,"valueName":"search_term_string"}}],"inLanguage":"es"},{"@type":"Organization","@id":"https:\/\/lospoliticosveracruz.com\/#organization","name":"Los pol\u00edticos Veracruz","url":"https:\/\/lospoliticosveracruz.com\/","logo":{"@type":"ImageObject","inLanguage":"es","@id":"https:\/\/lospoliticosveracruz.com\/#\/schema\/logo\/image\/","url":"https:\/\/lospoliticosveracruz.com\/wp-content\/uploads\/2025\/12\/Logo-Nuevo-LOS-POLITICOS-1.jpg","contentUrl":"https:\/\/lospoliticosveracruz.com\/wp-content\/uploads\/2025\/12\/Logo-Nuevo-LOS-POLITICOS-1.jpg","width":260,"height":70,"caption":"Los pol\u00edticos Veracruz"},"image":{"@id":"https:\/\/lospoliticosveracruz.com\/#\/schema\/logo\/image\/"},"sameAs":["https:\/\/www.facebook.com\/people\/Notimemes-de-los-Polticos\/61565672886568\/","https:\/\/x.com\/LosPoliticosVer"]},{"@type":"Person","@id":"https:\/\/lospoliticosveracruz.com\/#\/schema\/person\/b8702bb0e538456e6efd07080bf2a4a2","name":"Lo viste en Los Pol\u00edticos","image":{"@type":"ImageObject","inLanguage":"es","@id":"https:\/\/secure.gravatar.com\/avatar\/3a8de04a2656d44082be478bd6c086daa447c4651605818287b9532d3d0bd435?s=96&d=mm&r=g","url":"https:\/\/secure.gravatar.com\/avatar\/3a8de04a2656d44082be478bd6c086daa447c4651605818287b9532d3d0bd435?s=96&d=mm&r=g","contentUrl":"https:\/\/secure.gravatar.com\/avatar\/3a8de04a2656d44082be478bd6c086daa447c4651605818287b9532d3d0bd435?s=96&d=mm&r=g","caption":"Lo viste en Los Pol\u00edticos"},"url":"https:\/\/lospoliticosveracruz.com\/?author=2"}]}},"_links":{"self":[{"href":"https:\/\/lospoliticosveracruz.com\/index.php?rest_route=\/wp\/v2\/posts\/179835","targetHints":{"allow":["GET"]}}],"collection":[{"href":"https:\/\/lospoliticosveracruz.com\/index.php?rest_route=\/wp\/v2\/posts"}],"about":[{"href":"https:\/\/lospoliticosveracruz.com\/index.php?rest_route=\/wp\/v2\/types\/post"}],"author":[{"embeddable":true,"href":"https:\/\/lospoliticosveracruz.com\/index.php?rest_route=\/wp\/v2\/users\/2"}],"replies":[{"embeddable":true,"href":"https:\/\/lospoliticosveracruz.com\/index.php?rest_route=%2Fwp%2Fv2%2Fcomments&post=179835"}],"version-history":[{"count":1,"href":"https:\/\/lospoliticosveracruz.com\/index.php?rest_route=\/wp\/v2\/posts\/179835\/revisions"}],"predecessor-version":[{"id":179837,"href":"https:\/\/lospoliticosveracruz.com\/index.php?rest_route=\/wp\/v2\/posts\/179835\/revisions\/179837"}],"wp:featuredmedia":[{"embeddable":true,"href":"https:\/\/lospoliticosveracruz.com\/index.php?rest_route=\/wp\/v2\/media\/179836"}],"wp:attachment":[{"href":"https:\/\/lospoliticosveracruz.com\/index.php?rest_route=%2Fwp%2Fv2%2Fmedia&parent=179835"}],"wp:term":[{"taxonomy":"category","embeddable":true,"href":"https:\/\/lospoliticosveracruz.com\/index.php?rest_route=%2Fwp%2Fv2%2Fcategories&post=179835"},{"taxonomy":"post_tag","embeddable":true,"href":"https:\/\/lospoliticosveracruz.com\/index.php?rest_route=%2Fwp%2Fv2%2Ftags&post=179835"}],"curies":[{"name":"wp","href":"https:\/\/api.w.org\/{rel}","templated":true}]}}