{"id":179838,"date":"2026-09-01T21:08:43","date_gmt":"2026-09-02T03:08:43","guid":{"rendered":"https:\/\/lospoliticosveracruz.com\/?p=179838"},"modified":"2026-09-01T21:08:44","modified_gmt":"2026-09-02T03:08:44","slug":"ahued-puertas-abiertas-con-la-prensa-veracruzana","status":"publish","type":"post","link":"https:\/\/lospoliticosveracruz.com\/?p=179838","title":{"rendered":"AHUED: \u201cPUERTAS ABIERTAS CON LA PRENSA VERACRUZANA\u201d"},"content":{"rendered":"<div class=\"wp-block-image\">\n<figure class=\"alignleft size-large is-resized\"><a href=\"https:\/\/lospoliticosveracruz.com\/wp-content\/uploads\/2026\/09\/banners-prevencion-suicidio-500x500-1.png\"><img loading=\"lazy\" decoding=\"async\" width=\"1024\" height=\"1024\" src=\"https:\/\/lospoliticosveracruz.com\/wp-content\/uploads\/2026\/09\/banners-prevencion-suicidio-500x500-1-1024x1024.png\" alt=\"\" class=\"wp-image-179740\" style=\"width:476px;height:auto\" srcset=\"https:\/\/lospoliticosveracruz.com\/wp-content\/uploads\/2026\/09\/banners-prevencion-suicidio-500x500-1-1024x1024.png 1024w, https:\/\/lospoliticosveracruz.com\/wp-content\/uploads\/2026\/09\/banners-prevencion-suicidio-500x500-1-300x300.png 300w, https:\/\/lospoliticosveracruz.com\/wp-content\/uploads\/2026\/09\/banners-prevencion-suicidio-500x500-1-150x150.png 150w, https:\/\/lospoliticosveracruz.com\/wp-content\/uploads\/2026\/09\/banners-prevencion-suicidio-500x500-1-768x768.png 768w, https:\/\/lospoliticosveracruz.com\/wp-content\/uploads\/2026\/09\/banners-prevencion-suicidio-500x500-1-1536x1536.png 1536w, https:\/\/lospoliticosveracruz.com\/wp-content\/uploads\/2026\/09\/banners-prevencion-suicidio-500x500-1-2048x2048.png 2048w, https:\/\/lospoliticosveracruz.com\/wp-content\/uploads\/2026\/09\/banners-prevencion-suicidio-500x500-1-420x420.png 420w, https:\/\/lospoliticosveracruz.com\/wp-content\/uploads\/2026\/09\/banners-prevencion-suicidio-500x500-1-696x696.png 696w, https:\/\/lospoliticosveracruz.com\/wp-content\/uploads\/2026\/09\/banners-prevencion-suicidio-500x500-1-1068x1068.png 1068w, https:\/\/lospoliticosveracruz.com\/wp-content\/uploads\/2026\/09\/banners-prevencion-suicidio-500x500-1-1920x1920.png 1920w\" sizes=\"auto, (max-width: 1024px) 100vw, 1024px\" \/><\/a><\/figure>\n<\/div>\n\n\n<p><strong>Miguel Valera<br><\/strong><em>Contrase\u00f1as<\/em><br>La realidad \u2014estimado lector\u2014 es variopinta \u2014tiene muchos colores, matices, elementos de diversa \u00edndole\u2014. Qu\u00e9 bueno que sea as\u00ed. Si todos pens\u00e1ramos igual, si todos actu\u00e1ramos automatizados, en sincron\u00eda, \u00bfqu\u00e9 vida ser\u00eda esa? Las grandes tentaciones del poder en la historia de la humanidad han intentado cristalizar eso: homologar, homogeneizar, totalizar.<\/p>\n\n\n\n<p>En nuestro pa\u00eds, en los \u00faltimos a\u00f1os, se ha proyectado la idea de dos grupos pol\u00edticos: liberales y conservadores. No es nada nuevo. Ignacio Manuel Altamirano escribi\u00f3 en 1871 una hermosa novela, La navidad en las monta\u00f1as, con dos personajes centrales: un capit\u00e1n liberal y un cura cat\u00f3lico conservador que al encontrarse en la fiesta decembrina descubren que no son enemigos, porque comparten los mismos ideales de justicia, de amor al pr\u00f3jimo, de libertad.<\/p>\n\n\n\n<p>En esto pensaba este martes 1 de septiembre, al mediod\u00eda, cuando, como integrante de la Asociaci\u00f3n de Comunicadores de Veracruz (ACOVER), fuimos recibidos por el secretario de Gobierno, Ricardo Ahued Bardahuil y el subsecretario Jos\u00e9 Manuel Pozos Castro. Pol\u00edticos experimentados, hombres de di\u00e1logo y conciliaci\u00f3n, nos dejaron en claro que la pol\u00edtica de la gobernadora Roc\u00edo Nahle Garc\u00eda con la prensa es de atenci\u00f3n y puertas abiertas.<\/p>\n\n\n\n<p>En presencia del presidente Luis Bustos Garc\u00eda; de la vicepresidenta Fernanda de Luna Ferral; del secretario general Miguel \u00c1ngel Cristiani Gonz\u00e1lez y los comunicadores Cecilio Garc\u00eda Cruz, Jes\u00fas V\u00e1zquez Pino, Arabella Ca\u00f1as y S\u00e1enz, Carlos Ortiz Ortiz y el que esto escribe, don Ricardo Ahued Bardahuil coment\u00f3 que \u201cla cr\u00edtica puntual ayuda a construir\u201d pero pidi\u00f3 responsabilidad al momento de ejercerla, comprobando informaci\u00f3n, corroborando la veracidad.<\/p>\n\n\n\n<p>Nos dijo que por instrucciones de la gobernadora Roc\u00edo Nahle Garc\u00eda, las puertas del Gobierno del Estado de Veracruz est\u00e1n abiertas y dio como dato, que s\u00f3lo \u00e9l ha dado m\u00e1s de 17 mil 200 audiencias en el a\u00f1o y ocho meses que lleva este gobierno. \u201cAqu\u00ed est\u00e1 el subsecretario Jos\u00e9 Manuel Pozos y aqu\u00ed estoy yo para atenderlos de manera directa, como amigos, como funcionarios que somos\u201d, indic\u00f3.<\/p>\n\n\n\n<p>\u201cSi nos hablan, actuamos. Nosotros de manera directa\u201d, acot\u00f3, cuando se le plante\u00f3 que apoyara a la instituci\u00f3n con enlaces en la dependencias estatales para atender demandas de los integrantes de la ACOVER, como ha sucedido recientemente con la atenci\u00f3n en la salud de nuestro compa\u00f1ero Bernardo Guti\u00e9rrez Parra.<\/p>\n\n\n\n<p>No hubo entreguismo ni lisonjas. Fue un encuentro cordial, respetuoso, de ciudadanos que ejercemos el periodismo con un funcionario que a lo largo de los a\u00f1os se ha fogueado en el trato con la gente, en la atenci\u00f3n, en la soluci\u00f3n de problemas. \u201cNos conocemos de toda la vida\u201d, dijo al saludar a varios de los integrantes de esta agrupaci\u00f3n period\u00edstica.<\/p>\n\n\n\n<p>\u201cACOVER viene hoy con la frente en alto. No venimos a pedir favores ni privilegios, sino a presentar una organizaci\u00f3n gremial que quiere hacer las cosas de manera diferente. Queremos una relaci\u00f3n institucional con los tres poderes que conforman el Gobierno del Estado, basada en el respeto mutuo\u201d, dijo el presidente Luis Bustos Garc\u00eda.<\/p>\n\n\n\n<p>\u201cPor principio, nosotros no podemos comprometer nuestra independencia, porque dejar\u00edamos de ser periodistas. Pero tampoco creemos que independencia signifique confrontaci\u00f3n permanente. Podemos tener diferencias, podemos criticar y podemos se\u00f1alar lo que consideremos incorrecto, pero tambi\u00e9n podemos reconocer lo que se haga bien\u201d, asent\u00f3 Bustos.<\/p>\n\n\n\n<p>\u201cEsta Junta Directiva de ACOVER quiere representar dignamente a los periodistas para contribuir, desde su propia autonom\u00eda, a fortalecer la democracia, la transparencia y el derecho de la sociedad a estar debidamente informada. No queremos que el Gobierno nos diga qu\u00e9 publicar; queremos que existan las condiciones para que podamos preguntar, investigar, informar y cumplir con nuestra responsabilidad ante la sociedad\u201d, asever\u00f3.<\/p>\n\n\n\n<p>Al tomar la voz, el subsecretario de gobierno, Jos\u00e9 Manuel Pozos Castro, refrend\u00f3 el compromiso del titular de la pol\u00edtica interna y coment\u00f3 que a lo largo de su carrera p\u00fablica ha tenido respeto absoluto a la libertad de expresi\u00f3n. \u201cEstamos en coordinaci\u00f3n, tenemos toda la disposici\u00f3n y respeto al gremio period\u00edstico\u201d, asever\u00f3.<\/p>\n\n\n\n<p>\u201cEspero en Dios \u2014cerr\u00f3 Ricardo Ahued Bardahuil, mientras repicaban las campanas de Catedral\u2014 no perder nunca la cabeza. Jam\u00e1s he estado en la pol\u00edtica para robarme un peso\u201d, coment\u00f3, antes de explicar el deplorable estado que guardaba el Palacio de Gobierno y el inter\u00e9s que ha tenido la gobernadora Roc\u00edo Nahle Garc\u00eda en remodelarlo.<\/p>\n\n\n\n<p>Deseamos que este encuentro sea en bien del gremio period\u00edstico que reprsentamos. Tan tan.<\/p>\n\n\n\n<p>@MValeraH<\/p>\n\n\n\n<p><\/p>\n","protected":false},"excerpt":{"rendered":"<p>Miguel ValeraContrase\u00f1asLa realidad \u2014estimado lector\u2014 es variopinta \u2014tiene muchos colores, matices, elementos de diversa \u00edndole\u2014. Qu\u00e9 bueno que sea as\u00ed. Si todos pens\u00e1ramos igual, si todos actu\u00e1ramos automatizados, en sincron\u00eda, \u00bfqu\u00e9 vida ser\u00eda esa? Las grandes tentaciones del poder en la historia de la humanidad han intentado cristalizar eso: homologar, homogeneizar, totalizar. En nuestro pa\u00eds, [&hellip;]<\/p>\n","protected":false},"author":2,"featured_media":141429,"comment_status":"closed","ping_status":"closed","sticky":false,"template":"","format":"standard","meta":{"tdm_status":"","tdm_grid_status":"","footnotes":""},"categories":[70],"tags":[70388,47007,2139,1312,22588,876,3578,195],"class_list":{"0":"post-179838","1":"post","2":"type-post","3":"status-publish","4":"format-standard","5":"has-post-thumbnail","7":"category-de-opinion","8":"tag-acover","9":"tag-dialogo-institucional","10":"tag-libertad-de-expresion","11":"tag-periodistas","12":"tag-prensa-veracruzana","13":"tag-ricardo-ahued","14":"tag-rocio-nahle","15":"tag-veracruz"},"yoast_head":"<!-- This site is optimized with the Yoast SEO plugin v28.1 - https:\/\/yoast.com\/product\/yoast-seo-wordpress\/ -->\n<title>AHUED: \u201cPUERTAS ABIERTAS CON LA PRENSA VERACRUZANA\u201d - Los pol\u00edticos Veracruz<\/title>\n<meta name=\"robots\" content=\"index, follow, max-snippet:-1, max-image-preview:large, max-video-preview:-1\" \/>\n<link rel=\"canonical\" href=\"https:\/\/lospoliticosveracruz.com\/?p=179838\" \/>\n<meta property=\"og:locale\" content=\"es_ES\" \/>\n<meta property=\"og:type\" content=\"article\" \/>\n<meta property=\"og:title\" content=\"AHUED: \u201cPUERTAS ABIERTAS CON LA PRENSA VERACRUZANA\u201d - Los pol\u00edticos Veracruz\" \/>\n<meta property=\"og:description\" content=\"Miguel ValeraContrase\u00f1asLa realidad \u2014estimado lector\u2014 es variopinta \u2014tiene muchos colores, matices, elementos de diversa \u00edndole\u2014. Qu\u00e9 bueno que sea as\u00ed. Si todos pens\u00e1ramos igual, si todos actu\u00e1ramos automatizados, en sincron\u00eda, \u00bfqu\u00e9 vida ser\u00eda esa? Las grandes tentaciones del poder en la historia de la humanidad han intentado cristalizar eso: homologar, homogeneizar, totalizar. En nuestro pa\u00eds, [&hellip;]\" \/>\n<meta property=\"og:url\" content=\"https:\/\/lospoliticosveracruz.com\/?p=179838\" \/>\n<meta property=\"og:site_name\" content=\"Los pol\u00edticos Veracruz\" \/>\n<meta property=\"article:publisher\" content=\"https:\/\/www.facebook.com\/people\/Notimemes-de-los-Polticos\/61565672886568\/\" \/>\n<meta property=\"article:published_time\" content=\"2026-09-02T03:08:43+00:00\" \/>\n<meta property=\"article:modified_time\" content=\"2026-09-02T03:08:44+00:00\" \/>\n<meta property=\"og:image\" content=\"https:\/\/lospoliticosveracruz.com\/wp-content\/uploads\/2025\/04\/Miguel-Valera-e1785731940684.jpg\" \/>\n\t<meta property=\"og:image:width\" content=\"600\" \/>\n\t<meta property=\"og:image:height\" content=\"320\" \/>\n\t<meta property=\"og:image:type\" content=\"image\/jpeg\" \/>\n<meta name=\"author\" content=\"Lo viste en Los Pol\u00edticos\" \/>\n<meta name=\"twitter:card\" content=\"summary_large_image\" \/>\n<meta name=\"twitter:creator\" content=\"@LosPoliticosVer\" \/>\n<meta name=\"twitter:site\" content=\"@LosPoliticosVer\" \/>\n<meta name=\"twitter:label1\" content=\"Escrito por\" \/>\n\t<meta name=\"twitter:data1\" content=\"Lo viste en Los Pol\u00edticos\" \/>\n\t<meta name=\"twitter:label2\" content=\"Tiempo de lectura\" \/>\n\t<meta name=\"twitter:data2\" content=\"4 minutos\" \/>\n<script type=\"application\/ld+json\" class=\"yoast-schema-graph\">{\"@context\":\"https:\\\/\\\/schema.org\",\"@graph\":[{\"@type\":\"Article\",\"@id\":\"https:\\\/\\\/lospoliticosveracruz.com\\\/?p=179838#article\",\"isPartOf\":{\"@id\":\"https:\\\/\\\/lospoliticosveracruz.com\\\/?p=179838\"},\"author\":{\"name\":\"Lo viste en Los Pol\u00edticos\",\"@id\":\"https:\\\/\\\/lospoliticosveracruz.com\\\/#\\\/schema\\\/person\\\/b8702bb0e538456e6efd07080bf2a4a2\"},\"headline\":\"AHUED: \u201cPUERTAS ABIERTAS CON LA PRENSA VERACRUZANA\u201d\",\"datePublished\":\"2026-09-02T03:08:43+00:00\",\"dateModified\":\"2026-09-02T03:08:44+00:00\",\"mainEntityOfPage\":{\"@id\":\"https:\\\/\\\/lospoliticosveracruz.com\\\/?p=179838\"},\"wordCount\":790,\"publisher\":{\"@id\":\"https:\\\/\\\/lospoliticosveracruz.com\\\/#organization\"},\"image\":{\"@id\":\"https:\\\/\\\/lospoliticosveracruz.com\\\/?p=179838#primaryimage\"},\"thumbnailUrl\":\"https:\\\/\\\/lospoliticosveracruz.com\\\/wp-content\\\/uploads\\\/2025\\\/04\\\/Miguel-Valera-e1785731940684.jpg\",\"keywords\":[\"Acover\",\"di\u00e1logo institucional\",\"Libertad de expresi\u00f3n\",\"periodistas\",\"Prensa veracruzana\",\"Ricardo Ahued\",\"Roc\u00edo Nahle\",\"Veracruz\"],\"articleSection\":[\"De Opini\u00f3n\"],\"inLanguage\":\"es\"},{\"@type\":\"WebPage\",\"@id\":\"https:\\\/\\\/lospoliticosveracruz.com\\\/?p=179838\",\"url\":\"https:\\\/\\\/lospoliticosveracruz.com\\\/?p=179838\",\"name\":\"AHUED: \u201cPUERTAS ABIERTAS CON LA PRENSA VERACRUZANA\u201d - Los pol\u00edticos Veracruz\",\"isPartOf\":{\"@id\":\"https:\\\/\\\/lospoliticosveracruz.com\\\/#website\"},\"primaryImageOfPage\":{\"@id\":\"https:\\\/\\\/lospoliticosveracruz.com\\\/?p=179838#primaryimage\"},\"image\":{\"@id\":\"https:\\\/\\\/lospoliticosveracruz.com\\\/?p=179838#primaryimage\"},\"thumbnailUrl\":\"https:\\\/\\\/lospoliticosveracruz.com\\\/wp-content\\\/uploads\\\/2025\\\/04\\\/Miguel-Valera-e1785731940684.jpg\",\"datePublished\":\"2026-09-02T03:08:43+00:00\",\"dateModified\":\"2026-09-02T03:08:44+00:00\",\"breadcrumb\":{\"@id\":\"https:\\\/\\\/lospoliticosveracruz.com\\\/?p=179838#breadcrumb\"},\"inLanguage\":\"es\",\"potentialAction\":[{\"@type\":\"ReadAction\",\"target\":[\"https:\\\/\\\/lospoliticosveracruz.com\\\/?p=179838\"]}]},{\"@type\":\"ImageObject\",\"inLanguage\":\"es\",\"@id\":\"https:\\\/\\\/lospoliticosveracruz.com\\\/?p=179838#primaryimage\",\"url\":\"https:\\\/\\\/lospoliticosveracruz.com\\\/wp-content\\\/uploads\\\/2025\\\/04\\\/Miguel-Valera-e1785731940684.jpg\",\"contentUrl\":\"https:\\\/\\\/lospoliticosveracruz.com\\\/wp-content\\\/uploads\\\/2025\\\/04\\\/Miguel-Valera-e1785731940684.jpg\",\"width\":600,\"height\":320},{\"@type\":\"BreadcrumbList\",\"@id\":\"https:\\\/\\\/lospoliticosveracruz.com\\\/?p=179838#breadcrumb\",\"itemListElement\":[{\"@type\":\"ListItem\",\"position\":1,\"name\":\"Portada\",\"item\":\"https:\\\/\\\/lospoliticosveracruz.com\\\/\"},{\"@type\":\"ListItem\",\"position\":2,\"name\":\"AHUED: \u201cPUERTAS ABIERTAS CON LA PRENSA VERACRUZANA\u201d\"}]},{\"@type\":\"WebSite\",\"@id\":\"https:\\\/\\\/lospoliticosveracruz.com\\\/#website\",\"url\":\"https:\\\/\\\/lospoliticosveracruz.com\\\/\",\"name\":\"Los pol\u00edticos Veracruz\",\"description\":\"\",\"publisher\":{\"@id\":\"https:\\\/\\\/lospoliticosveracruz.com\\\/#organization\"},\"potentialAction\":[{\"@type\":\"SearchAction\",\"target\":{\"@type\":\"EntryPoint\",\"urlTemplate\":\"https:\\\/\\\/lospoliticosveracruz.com\\\/?s={search_term_string}\"},\"query-input\":{\"@type\":\"PropertyValueSpecification\",\"valueRequired\":true,\"valueName\":\"search_term_string\"}}],\"inLanguage\":\"es\"},{\"@type\":\"Organization\",\"@id\":\"https:\\\/\\\/lospoliticosveracruz.com\\\/#organization\",\"name\":\"Los pol\u00edticos Veracruz\",\"url\":\"https:\\\/\\\/lospoliticosveracruz.com\\\/\",\"logo\":{\"@type\":\"ImageObject\",\"inLanguage\":\"es\",\"@id\":\"https:\\\/\\\/lospoliticosveracruz.com\\\/#\\\/schema\\\/logo\\\/image\\\/\",\"url\":\"https:\\\/\\\/lospoliticosveracruz.com\\\/wp-content\\\/uploads\\\/2025\\\/12\\\/Logo-Nuevo-LOS-POLITICOS-1.jpg\",\"contentUrl\":\"https:\\\/\\\/lospoliticosveracruz.com\\\/wp-content\\\/uploads\\\/2025\\\/12\\\/Logo-Nuevo-LOS-POLITICOS-1.jpg\",\"width\":260,\"height\":70,\"caption\":\"Los pol\u00edticos Veracruz\"},\"image\":{\"@id\":\"https:\\\/\\\/lospoliticosveracruz.com\\\/#\\\/schema\\\/logo\\\/image\\\/\"},\"sameAs\":[\"https:\\\/\\\/www.facebook.com\\\/people\\\/Notimemes-de-los-Polticos\\\/61565672886568\\\/\",\"https:\\\/\\\/x.com\\\/LosPoliticosVer\"]},{\"@type\":\"Person\",\"@id\":\"https:\\\/\\\/lospoliticosveracruz.com\\\/#\\\/schema\\\/person\\\/b8702bb0e538456e6efd07080bf2a4a2\",\"name\":\"Lo viste en Los Pol\u00edticos\",\"image\":{\"@type\":\"ImageObject\",\"inLanguage\":\"es\",\"@id\":\"https:\\\/\\\/secure.gravatar.com\\\/avatar\\\/3a8de04a2656d44082be478bd6c086daa447c4651605818287b9532d3d0bd435?s=96&d=mm&r=g\",\"url\":\"https:\\\/\\\/secure.gravatar.com\\\/avatar\\\/3a8de04a2656d44082be478bd6c086daa447c4651605818287b9532d3d0bd435?s=96&d=mm&r=g\",\"contentUrl\":\"https:\\\/\\\/secure.gravatar.com\\\/avatar\\\/3a8de04a2656d44082be478bd6c086daa447c4651605818287b9532d3d0bd435?s=96&d=mm&r=g\",\"caption\":\"Lo viste en Los Pol\u00edticos\"},\"url\":\"https:\\\/\\\/lospoliticosveracruz.com\\\/?author=2\"}]}<\/script>\n<!-- \/ Yoast SEO plugin. -->","yoast_head_json":{"title":"AHUED: \u201cPUERTAS ABIERTAS CON LA PRENSA VERACRUZANA\u201d - Los pol\u00edticos Veracruz","robots":{"index":"index","follow":"follow","max-snippet":"max-snippet:-1","max-image-preview":"max-image-preview:large","max-video-preview":"max-video-preview:-1"},"canonical":"https:\/\/lospoliticosveracruz.com\/?p=179838","og_locale":"es_ES","og_type":"article","og_title":"AHUED: \u201cPUERTAS ABIERTAS CON LA PRENSA VERACRUZANA\u201d - Los pol\u00edticos Veracruz","og_description":"Miguel ValeraContrase\u00f1asLa realidad \u2014estimado lector\u2014 es variopinta \u2014tiene muchos colores, matices, elementos de diversa \u00edndole\u2014. Qu\u00e9 bueno que sea as\u00ed. Si todos pens\u00e1ramos igual, si todos actu\u00e1ramos automatizados, en sincron\u00eda, \u00bfqu\u00e9 vida ser\u00eda esa? Las grandes tentaciones del poder en la historia de la humanidad han intentado cristalizar eso: homologar, homogeneizar, totalizar. En nuestro pa\u00eds, [&hellip;]","og_url":"https:\/\/lospoliticosveracruz.com\/?p=179838","og_site_name":"Los pol\u00edticos Veracruz","article_publisher":"https:\/\/www.facebook.com\/people\/Notimemes-de-los-Polticos\/61565672886568\/","article_published_time":"2026-09-02T03:08:43+00:00","article_modified_time":"2026-09-02T03:08:44+00:00","og_image":[{"width":600,"height":320,"url":"https:\/\/lospoliticosveracruz.com\/wp-content\/uploads\/2025\/04\/Miguel-Valera-e1785731940684.jpg","type":"image\/jpeg"}],"author":"Lo viste en Los Pol\u00edticos","twitter_card":"summary_large_image","twitter_creator":"@LosPoliticosVer","twitter_site":"@LosPoliticosVer","twitter_misc":{"Escrito por":"Lo viste en Los Pol\u00edticos","Tiempo de lectura":"4 minutos"},"schema":{"@context":"https:\/\/schema.org","@graph":[{"@type":"Article","@id":"https:\/\/lospoliticosveracruz.com\/?p=179838#article","isPartOf":{"@id":"https:\/\/lospoliticosveracruz.com\/?p=179838"},"author":{"name":"Lo viste en Los Pol\u00edticos","@id":"https:\/\/lospoliticosveracruz.com\/#\/schema\/person\/b8702bb0e538456e6efd07080bf2a4a2"},"headline":"AHUED: \u201cPUERTAS ABIERTAS CON LA PRENSA VERACRUZANA\u201d","datePublished":"2026-09-02T03:08:43+00:00","dateModified":"2026-09-02T03:08:44+00:00","mainEntityOfPage":{"@id":"https:\/\/lospoliticosveracruz.com\/?p=179838"},"wordCount":790,"publisher":{"@id":"https:\/\/lospoliticosveracruz.com\/#organization"},"image":{"@id":"https:\/\/lospoliticosveracruz.com\/?p=179838#primaryimage"},"thumbnailUrl":"https:\/\/lospoliticosveracruz.com\/wp-content\/uploads\/2025\/04\/Miguel-Valera-e1785731940684.jpg","keywords":["Acover","di\u00e1logo institucional","Libertad de expresi\u00f3n","periodistas","Prensa veracruzana","Ricardo Ahued","Roc\u00edo Nahle","Veracruz"],"articleSection":["De Opini\u00f3n"],"inLanguage":"es"},{"@type":"WebPage","@id":"https:\/\/lospoliticosveracruz.com\/?p=179838","url":"https:\/\/lospoliticosveracruz.com\/?p=179838","name":"AHUED: \u201cPUERTAS ABIERTAS CON LA PRENSA VERACRUZANA\u201d - Los pol\u00edticos Veracruz","isPartOf":{"@id":"https:\/\/lospoliticosveracruz.com\/#website"},"primaryImageOfPage":{"@id":"https:\/\/lospoliticosveracruz.com\/?p=179838#primaryimage"},"image":{"@id":"https:\/\/lospoliticosveracruz.com\/?p=179838#primaryimage"},"thumbnailUrl":"https:\/\/lospoliticosveracruz.com\/wp-content\/uploads\/2025\/04\/Miguel-Valera-e1785731940684.jpg","datePublished":"2026-09-02T03:08:43+00:00","dateModified":"2026-09-02T03:08:44+00:00","breadcrumb":{"@id":"https:\/\/lospoliticosveracruz.com\/?p=179838#breadcrumb"},"inLanguage":"es","potentialAction":[{"@type":"ReadAction","target":["https:\/\/lospoliticosveracruz.com\/?p=179838"]}]},{"@type":"ImageObject","inLanguage":"es","@id":"https:\/\/lospoliticosveracruz.com\/?p=179838#primaryimage","url":"https:\/\/lospoliticosveracruz.com\/wp-content\/uploads\/2025\/04\/Miguel-Valera-e1785731940684.jpg","contentUrl":"https:\/\/lospoliticosveracruz.com\/wp-content\/uploads\/2025\/04\/Miguel-Valera-e1785731940684.jpg","width":600,"height":320},{"@type":"BreadcrumbList","@id":"https:\/\/lospoliticosveracruz.com\/?p=179838#breadcrumb","itemListElement":[{"@type":"ListItem","position":1,"name":"Portada","item":"https:\/\/lospoliticosveracruz.com\/"},{"@type":"ListItem","position":2,"name":"AHUED: \u201cPUERTAS ABIERTAS CON LA PRENSA VERACRUZANA\u201d"}]},{"@type":"WebSite","@id":"https:\/\/lospoliticosveracruz.com\/#website","url":"https:\/\/lospoliticosveracruz.com\/","name":"Los pol\u00edticos Veracruz","description":"","publisher":{"@id":"https:\/\/lospoliticosveracruz.com\/#organization"},"potentialAction":[{"@type":"SearchAction","target":{"@type":"EntryPoint","urlTemplate":"https:\/\/lospoliticosveracruz.com\/?s={search_term_string}"},"query-input":{"@type":"PropertyValueSpecification","valueRequired":true,"valueName":"search_term_string"}}],"inLanguage":"es"},{"@type":"Organization","@id":"https:\/\/lospoliticosveracruz.com\/#organization","name":"Los pol\u00edticos Veracruz","url":"https:\/\/lospoliticosveracruz.com\/","logo":{"@type":"ImageObject","inLanguage":"es","@id":"https:\/\/lospoliticosveracruz.com\/#\/schema\/logo\/image\/","url":"https:\/\/lospoliticosveracruz.com\/wp-content\/uploads\/2025\/12\/Logo-Nuevo-LOS-POLITICOS-1.jpg","contentUrl":"https:\/\/lospoliticosveracruz.com\/wp-content\/uploads\/2025\/12\/Logo-Nuevo-LOS-POLITICOS-1.jpg","width":260,"height":70,"caption":"Los pol\u00edticos Veracruz"},"image":{"@id":"https:\/\/lospoliticosveracruz.com\/#\/schema\/logo\/image\/"},"sameAs":["https:\/\/www.facebook.com\/people\/Notimemes-de-los-Polticos\/61565672886568\/","https:\/\/x.com\/LosPoliticosVer"]},{"@type":"Person","@id":"https:\/\/lospoliticosveracruz.com\/#\/schema\/person\/b8702bb0e538456e6efd07080bf2a4a2","name":"Lo viste en Los Pol\u00edticos","image":{"@type":"ImageObject","inLanguage":"es","@id":"https:\/\/secure.gravatar.com\/avatar\/3a8de04a2656d44082be478bd6c086daa447c4651605818287b9532d3d0bd435?s=96&d=mm&r=g","url":"https:\/\/secure.gravatar.com\/avatar\/3a8de04a2656d44082be478bd6c086daa447c4651605818287b9532d3d0bd435?s=96&d=mm&r=g","contentUrl":"https:\/\/secure.gravatar.com\/avatar\/3a8de04a2656d44082be478bd6c086daa447c4651605818287b9532d3d0bd435?s=96&d=mm&r=g","caption":"Lo viste en Los Pol\u00edticos"},"url":"https:\/\/lospoliticosveracruz.com\/?author=2"}]}},"_links":{"self":[{"href":"https:\/\/lospoliticosveracruz.com\/index.php?rest_route=\/wp\/v2\/posts\/179838","targetHints":{"allow":["GET"]}}],"collection":[{"href":"https:\/\/lospoliticosveracruz.com\/index.php?rest_route=\/wp\/v2\/posts"}],"about":[{"href":"https:\/\/lospoliticosveracruz.com\/index.php?rest_route=\/wp\/v2\/types\/post"}],"author":[{"embeddable":true,"href":"https:\/\/lospoliticosveracruz.com\/index.php?rest_route=\/wp\/v2\/users\/2"}],"replies":[{"embeddable":true,"href":"https:\/\/lospoliticosveracruz.com\/index.php?rest_route=%2Fwp%2Fv2%2Fcomments&post=179838"}],"version-history":[{"count":1,"href":"https:\/\/lospoliticosveracruz.com\/index.php?rest_route=\/wp\/v2\/posts\/179838\/revisions"}],"predecessor-version":[{"id":179839,"href":"https:\/\/lospoliticosveracruz.com\/index.php?rest_route=\/wp\/v2\/posts\/179838\/revisions\/179839"}],"wp:featuredmedia":[{"embeddable":true,"href":"https:\/\/lospoliticosveracruz.com\/index.php?rest_route=\/wp\/v2\/media\/141429"}],"wp:attachment":[{"href":"https:\/\/lospoliticosveracruz.com\/index.php?rest_route=%2Fwp%2Fv2%2Fmedia&parent=179838"}],"wp:term":[{"taxonomy":"category","embeddable":true,"href":"https:\/\/lospoliticosveracruz.com\/index.php?rest_route=%2Fwp%2Fv2%2Fcategories&post=179838"},{"taxonomy":"post_tag","embeddable":true,"href":"https:\/\/lospoliticosveracruz.com\/index.php?rest_route=%2Fwp%2Fv2%2Ftags&post=179838"}],"curies":[{"name":"wp","href":"https:\/\/api.w.org\/{rel}","templated":true}]}}