{"id":179843,"date":"2026-09-02T05:27:31","date_gmt":"2026-09-02T11:27:31","guid":{"rendered":"https:\/\/lospoliticosveracruz.com\/?p=179843"},"modified":"2026-09-02T05:27:32","modified_gmt":"2026-09-02T11:27:32","slug":"seguridad-la-cifra-estrella-del-informe","status":"publish","type":"post","link":"https:\/\/lospoliticosveracruz.com\/?p=179843","title":{"rendered":"SEGURIDAD, LA CIFRA ESTRELLA DEL INFORME"},"content":{"rendered":"<div class=\"wp-block-image\">\n<figure class=\"alignleft size-medium is-resized\"><a href=\"https:\/\/lospoliticosveracruz.com\/wp-content\/uploads\/2026\/09\/no-ala-pirotecnia-medio_300x300png.png\"><img loading=\"lazy\" decoding=\"async\" width=\"300\" height=\"300\" src=\"https:\/\/lospoliticosveracruz.com\/wp-content\/uploads\/2026\/09\/no-ala-pirotecnia-medio_300x300png-300x300.png\" alt=\"\" class=\"wp-image-179741\" style=\"width:425px;height:auto\" srcset=\"https:\/\/lospoliticosveracruz.com\/wp-content\/uploads\/2026\/09\/no-ala-pirotecnia-medio_300x300png-300x300.png 300w, https:\/\/lospoliticosveracruz.com\/wp-content\/uploads\/2026\/09\/no-ala-pirotecnia-medio_300x300png-1024x1024.png 1024w, https:\/\/lospoliticosveracruz.com\/wp-content\/uploads\/2026\/09\/no-ala-pirotecnia-medio_300x300png-150x150.png 150w, https:\/\/lospoliticosveracruz.com\/wp-content\/uploads\/2026\/09\/no-ala-pirotecnia-medio_300x300png-768x768.png 768w, https:\/\/lospoliticosveracruz.com\/wp-content\/uploads\/2026\/09\/no-ala-pirotecnia-medio_300x300png-420x420.png 420w, https:\/\/lospoliticosveracruz.com\/wp-content\/uploads\/2026\/09\/no-ala-pirotecnia-medio_300x300png-696x696.png 696w, https:\/\/lospoliticosveracruz.com\/wp-content\/uploads\/2026\/09\/no-ala-pirotecnia-medio_300x300png-1068x1068.png 1068w, https:\/\/lospoliticosveracruz.com\/wp-content\/uploads\/2026\/09\/no-ala-pirotecnia-medio_300x300png.png 1250w\" sizes=\"auto, (max-width: 300px) 100vw, 300px\" \/><\/a><\/figure>\n<\/div>\n\n\n\n\n<p><strong>Carlos Miguel Acosta Bravo<\/strong><br><em>Impronta<\/em><\/p>\n\n\n\n<p class=\"dropcapp1\">El Segundo Informe de Gobierno de la presidenta Claudia Sheinbaum, presentado el 1 de septiembre de 2026, destaca una reducci\u00f3n de 51% en homicidios dolosos como su principal logro, junto con estabilidad macroecon\u00f3mica, r\u00e9cord de inversi\u00f3n extranjera y expansi\u00f3n de programas sociales, aunque enfrenta cr\u00edticas por omisi\u00f3n del tema de desapariciones, crecimiento econ\u00f3mico moderado y desaf\u00edos en seguridad regional.<\/p>\n\n\n\n<p>La presidenta Claudia Sheinbaum present\u00f3 como su logro m\u00e1s destacado una reducci\u00f3n de 51% en homicidios dolosos desde el inicio de su administraci\u00f3n el 1 de octubre de 2024.&nbsp;Esta reducci\u00f3n equivale a 44 homicidios menos cada d\u00eda, pasando de 86.9 casos diarios en septiembre de 2025 a 42.5 en julio de 2026.<\/p>\n\n\n\n<p>Se report\u00f3 el decomiso de 32,000 armas de fuego y 519 toneladas de drogas, as\u00ed como la detenci\u00f3n de m\u00e1s de 60,000 presuntos delincuentes y el desmantelamiento de 2,725 laboratorios clandestinos de drogas.&nbsp;La Guardia Nacional suma ya 130,000 elementos activos a siete a\u00f1os de su creaci\u00f3n.<\/p>\n\n\n\n<p>La presidenta destac\u00f3 la \u00absolidez\u00bb de la econom\u00eda mexicana en un contexto internacional adverso, marcado por aranceles estadounidenses y la guerra en Ir\u00e1n.&nbsp;Los indicadores macroecon\u00f3micos clave,&nbsp;son el crecimiento del PIB&nbsp;con&nbsp;1.4% en el segundo trimestre de 2026 respecto al trimestre anterior, y 1.9% respecto al segundo trimestre de 2025.<\/p>\n\n\n\n<p>La Inversi\u00f3n Extranjera Directa (IED)&nbsp;marc\u00f3 un&nbsp;r\u00e9cord de 35,000 millones de d\u00f3lares durante el primer semestre de 2026, un aumento de 12% frente al mismo periodo de 2024.El tipo de cambio,&nbsp;el peso se mantuvo cerca de 17 pesos por d\u00f3lar.<\/p>\n\n\n\n<p>La tasa de desempleo&nbsp;es del&nbsp;2.7%, una de las m\u00e1s bajas en a\u00f1os recientes.&nbsp;La inflaci\u00f3n&nbsp;acumulada es del&nbsp;3.12% anual al cierre de julio de 2026.&nbsp;El salario m\u00ednimo&nbsp;aument\u00f3 de 2,800 pesos mensuales en 2018 a 9,282 pesos proyectados para 2026, mientras que en la frontera norte alcanz\u00f3 13,409 pesos.&nbsp;El salario medio del empleo formal,&nbsp;lleg\u00f3 a un m\u00e1ximo de 20,212 pesos mensuales.<\/p>\n\n\n\n<p>La presidenta afirm\u00f3 que durante el periodo reportado no aumentaron los precios de la gasolina regular ni del di\u00e9sel, y que 24 productos de la canasta b\u00e1sica disminuyeron su precio 12% en t\u00e9rminos reales.<\/p>\n\n\n\n<p>Se ha reducido el gasto corriente en 200,000 millones de pesos comparado con 2024, \u00absin afectar las \u00e1reas sustantivas\u00bbseg\u00fan la versi\u00f3n oficial, la realidad en el sector salud habla de otros datos.&nbsp;Los ingresos del Gobierno federal alcanzaron 6 billones 46,000 millones de&nbsp;pesos en 2025, 487,000 millones m\u00e1s que un a\u00f1o antes.&nbsp;Al cierre de agosto de 2026, la recaudaci\u00f3n acumulaba 149,000 millones adicionales respecto al mismo periodo de 2025.<\/p>\n\n\n\n<p>Uno de los temas centrales del informe fue la salud, con \u00e9nfasis en la inversi\u00f3n para construir nuevos hospitales y equipar los existentes.&nbsp;Se destac\u00f3 el abastecimiento de medicamentos y el proyecto Salud Casa por Casa.&nbsp;Entre septiembre y diciembre se implementar\u00e1n m\u00e1s de 12,000 consultorios en los 24 estados donde opera el IMSS-Bienestar.<\/p>\n\n\n\n<p>La presidenta report\u00f3 avances significativos en educaci\u00f3n y vivienda, a&nbsp;la fecha se han contratado&nbsp;para su construcci\u00f3n&nbsp;668,000 viviendas, de las cuales 278,000 est\u00e1n en construcci\u00f3n y ya se asignaron 90,000 a familias mexicanas.<\/p>\n\n\n\n<p>En ciencia, tecnolog\u00eda y cultura, en el \u00e1mbito de ciencia y cultura, Sheinbaum enumer\u00f3 varios logros,&nbsp;un incremento de 193% en apoyos a proyectos de investigaci\u00f3n cient\u00edfica.Aumento de 70% en becas al extranjero y 23% en estancias posdoctorales.&nbsp;Conformaci\u00f3n de la C\u00e1tedra de la Di\u00e1spora Mexicana, que incorpor\u00f3 a 900 acad\u00e9micos mexicanos en el extranjero.&nbsp;El Fondo de Cultura Econ\u00f3mica edit\u00f3 2.5 millones de libros para j\u00f3venes de 14 pa\u00edses. Se han promovido m\u00e1s de 26,000 grupos de lectura.&nbsp;<\/p>\n\n\n\n<p>Inici\u00f3&nbsp;del proyecto Coatlicue&nbsp;que contempla el&nbsp;desarrollo de \u00abla supercomputadora m\u00e1s potente en Am\u00e9rica Latina\u00bb, con capacidad estimada de 314,000 millones de operaciones por segundo.&nbsp;Producci\u00f3n del mini veh\u00edculo el\u00e9ctrico Olinia, que ya entra en su fase de producci\u00f3n, as\u00ed como el&nbsp;proyecto Kutsari de desarrollo de semiconductores.&nbsp;Mencion\u00f3 a&nbsp;los sat\u00e9lites de observaci\u00f3n Ixtli&nbsp;que consiste en un&nbsp;sistema meta oce\u00e1nico de monitoreo clim\u00e1tico y protecci\u00f3n civil&nbsp;y el desarrollo de Quetzal,&nbsp;un&nbsp;veh\u00edculo a\u00e9reo no tripulado de \u00faltima generaci\u00f3n.<\/p>\n\n\n\n<p>El informe tambi\u00e9n abord\u00f3 temas de infraestructura y soberan\u00eda energ\u00e9tica,&nbsp;el Tren Maya contin\u00faa ampliando su operaci\u00f3n en el sureste del pa\u00eds.&nbsp;Se destac\u00f3 la defensa de la soberan\u00eda nacional y energ\u00e9tica.<\/p>\n\n\n\n<p>Entre&nbsp;los aciertos de la administraci\u00f3n Sheinbaum.<strong>&nbsp;<\/strong>La ca\u00edda de 51% en homicidios dolosos es un logro sin precedentes en la lucha contra la violencia en M\u00e9xico. Si las cifras son correctas, representan 44 vidas salvadas cada d\u00eda, un impacto humanitario enorme.<\/p>\n\n\n\n<p>Mantener el peso cerca de 17 por d\u00f3lar, una inflaci\u00f3n controlada (3.12%) y un crecimiento del PIB positivo (1.4-1.9%) en un entorno de aranceles estadounidenses y guerra en Ir\u00e1n es un acierto notable.&nbsp;Los 35,000 millones de d\u00f3lares de IED en el primer semestre de 2026 (12% m\u00e1s que el mismo periodo de 2024) sugieren que los inversionistas mantienen confianza en M\u00e9xico.&nbsp;El salario m\u00ednimo mensual pas\u00f3 de 2,800 pesos en 2018 a 9,282 pesos proyectados para 2026, un aumento de m\u00e1s de 230% en ocho a\u00f1os. Esto ha mejorado el poder adquisitivo de millones de trabajadores.<\/p>\n\n\n\n<p>La consolidaci\u00f3n de programas de bienestar, junto con la reducci\u00f3n del gasto corriente en 200,000 millones de pesos, sugiere un esfuerzo por priorizar el gasto social sin comprometer la estabilidad fiscal.<\/p>\n\n\n\n<p>A pesar de destacar la reducci\u00f3n de homicidios, el informe omiti\u00f3 por completo el tema de las desapariciones,&nbsp;una crisis humanitaria que afecta a decenas de miles de familias. Esta omisi\u00f3n fue criticada por organizaciones de derechos humanos y familiares de desaparecidos.<\/p>\n\n\n\n<p>A pesar de la reducci\u00f3n nacional de homicidios, siete entidades concentraron 49% de las v\u00edctimas de homicidio doloso&nbsp;entre enero y julio de 2026:&nbsp;Guanajuato,&nbsp;884 v\u00edctimas;&nbsp;Baja California;&nbsp;847 v\u00edctimas&nbsp;;&nbsp;Chihuahua 832 v\u00edctimas;&nbsp;Sinaloa 735 v\u00edctimas;&nbsp;Estado de M\u00e9xico, Guerrero y Morelos.&nbsp;Esto&nbsp;refleja&nbsp;que la mejora en seguridad es desigual y que hay regiones donde la violencia sigue siendo cr\u00edtica.&nbsp;A un d\u00eda del informe, se registr\u00f3 un atentado con coche bomba en Zacatecas, un recordatorio de que el crimen organizado mantiene capacidad operativa en varias regiones del pa\u00eds&nbsp;y que por su alta peligrosidad pueden ser catalogados como actos de terrorismo.<\/p>\n\n\n\n<p>La estabilidad econ\u00f3mica depende en gran medida de factores externos como el nearshoring y la inversi\u00f3n extranjera, que podr\u00edan verse afectados por la revisi\u00f3n del T-MEC y la pol\u00edtica comercial de Estados Unidos.<\/p>\n\n\n\n<p>Aunque la tasa de desempleo es baja (2.7%), la informalidad laboral alcanz\u00f3 56.2% en julio de 2026,&nbsp;lo que significa que m\u00e1s de la mitad de los trabajadores mexicanos carecen de seguridad social y prestaciones.<\/p>\n\n\n\n<p>El rubro m\u00e1s destacado&nbsp;sin duda&nbsp;fue&nbsp;seguridad, que&nbsp;es la materia donde el gobierno de Sheinbaum ha registrado los avances m\u00e1s visibles y cuantificables, la reducci\u00f3n de 51% en homicidios dolosos 44 menos por d\u00eda.&nbsp;Para julio&nbsp;del&nbsp;2026,el promedio diario m\u00e1s bajo en 11-12 a\u00f1os.&nbsp;Decomiso de 32,000 armas y 519 toneladas de drogas.Detenci\u00f3n de m\u00e1s de 60,000 presuntos delincuentes.&nbsp;Desmantelamiento de 2,725 laboratorios clandestinos.&nbsp;Este logro es particularmente relevante porque la seguridad fue una de las principales demandas de la ciudadan\u00eda y un tema cr\u00edtico en la transici\u00f3n de la administraci\u00f3n anterior a la actual.<\/p>\n\n\n\n<p>El segundo rubro con mayores avances es la&nbsp;econom\u00eda,especialmente en t\u00e9rminos de estabilidad macroecon\u00f3mica:R\u00e9cord de IED (35,000 millones de d\u00f3lares en primer semestre 2026).Peso estable cerca de 17 por d\u00f3lar.&nbsp;Inflaci\u00f3n controlada (3.12%).&nbsp;Salario m\u00ednimo en aumento sostenido.Con una tasa de desempleo baja (2.7%).&nbsp;As\u00ed como una estabilidad macroecon\u00f3mica en contexto adverso.R\u00e9cord de inversi\u00f3n extranjera directa.&nbsp;Aumento sostenido del salario m\u00ednimo.&nbsp;Expansi\u00f3n de programas sociales.Inversi\u00f3n en ciencia y tecnolog\u00eda.<\/p>\n\n\n\n<p>La<strong>&nbsp;<\/strong>omisi\u00f3n del tema de desapariciones.&nbsp;As\u00ed como el no mencionar cu\u00e1les ser\u00edan las acciones para aquellos funcionarios de Morena que han recibido acusaciones de presunta responsabilidad en materia de corrupci\u00f3n&nbsp;fueron los grandes pendientes, entre los que se encuentra&nbsp;&nbsp;la gobernadora de Quintana Roo, o el Senador&nbsp;Enrique&nbsp;Inzunsa,&nbsp;o el exgobernador Rub\u00e9n Rocha Moya,&nbsp;entre otros.<\/p>\n\n\n\n<p>Los mayores&nbsp;avances&nbsp;son en&nbsp;seguridad, la&nbsp;reducci\u00f3n de homicidios,&nbsp;en&nbsp;econom\u00eda&nbsp;la&nbsp;estabilidad macroecon\u00f3mica&nbsp;y la inversi\u00f3n extranjera directa, as\u00ed como el avance&nbsp;en nuevos&nbsp;programas sociales&nbsp;y que pueden considerarse como laconsolidaci\u00f3n del modelo de bienestar.<strong><\/strong><\/p>\n\n\n\n<p>La presidenta llega a su segundo informe con&nbsp;68.4% de aprobaci\u00f3n&nbsp;a su desempe\u00f1o, seg\u00fan encuestas recientes, lo que sugiere que la ciudadan\u00eda percibe m\u00e1s aciertos que sombras en su gesti\u00f3n. Sin embargo, los desaf\u00edos pendientes&nbsp;-especialmente en desapariciones, crecimiento econ\u00f3mico estructural, combate a la corrupci\u00f3n&nbsp;y seguridad regional-requerir\u00e1n atenci\u00f3n prioritaria en el resto del sexenio.<\/p>\n\n\n\n<p><\/p>\n","protected":false},"excerpt":{"rendered":"<p>Carlos Miguel Acosta BravoImpronta El Segundo Informe de Gobierno de la presidenta Claudia Sheinbaum, presentado el 1 de septiembre de 2026, destaca una reducci\u00f3n de 51% en homicidios dolosos como su principal logro, junto con estabilidad macroecon\u00f3mica, r\u00e9cord de inversi\u00f3n extranjera y expansi\u00f3n de programas sociales, aunque enfrenta cr\u00edticas por omisi\u00f3n del tema de desapariciones, [&hellip;]<\/p>\n","protected":false},"author":2,"featured_media":141377,"comment_status":"closed","ping_status":"closed","sticky":false,"template":"","format":"standard","meta":{"tdm_status":"","tdm_grid_status":"","footnotes":""},"categories":[70],"tags":[65212,9627,20553,360],"class_list":{"0":"post-179843","1":"post","2":"type-post","3":"status-publish","4":"format-standard","5":"has-post-thumbnail","7":"category-de-opinion","8":"tag-carlos-miguel-acosta","9":"tag-claudia-sheinbaum","10":"tag-ii-informe","11":"tag-seguridad"},"yoast_head":"<!-- This site is optimized with the Yoast SEO plugin v28.1 - https:\/\/yoast.com\/product\/yoast-seo-wordpress\/ -->\n<title>SEGURIDAD, LA CIFRA ESTRELLA DEL INFORME - Los pol\u00edticos Veracruz<\/title>\n<meta name=\"robots\" content=\"index, follow, max-snippet:-1, max-image-preview:large, max-video-preview:-1\" \/>\n<link rel=\"canonical\" href=\"https:\/\/lospoliticosveracruz.com\/?p=179843\" \/>\n<meta property=\"og:locale\" content=\"es_ES\" \/>\n<meta property=\"og:type\" content=\"article\" \/>\n<meta property=\"og:title\" content=\"SEGURIDAD, LA CIFRA ESTRELLA DEL INFORME - Los pol\u00edticos Veracruz\" \/>\n<meta property=\"og:description\" content=\"Carlos Miguel Acosta BravoImpronta El Segundo Informe de Gobierno de la presidenta Claudia Sheinbaum, presentado el 1 de septiembre de 2026, destaca una reducci\u00f3n de 51% en homicidios dolosos como su principal logro, junto con estabilidad macroecon\u00f3mica, r\u00e9cord de inversi\u00f3n extranjera y expansi\u00f3n de programas sociales, aunque enfrenta cr\u00edticas por omisi\u00f3n del tema de desapariciones, [&hellip;]\" \/>\n<meta property=\"og:url\" content=\"https:\/\/lospoliticosveracruz.com\/?p=179843\" \/>\n<meta property=\"og:site_name\" content=\"Los pol\u00edticos Veracruz\" \/>\n<meta property=\"article:publisher\" content=\"https:\/\/www.facebook.com\/people\/Notimemes-de-los-Polticos\/61565672886568\/\" \/>\n<meta property=\"article:published_time\" content=\"2026-09-02T11:27:31+00:00\" \/>\n<meta property=\"article:modified_time\" content=\"2026-09-02T11:27:32+00:00\" \/>\n<meta property=\"og:image\" content=\"https:\/\/lospoliticosveracruz.com\/wp-content\/uploads\/2025\/04\/Carlos-Miguel-Acosta-Bravo-e1780964715690.jpg\" \/>\n\t<meta property=\"og:image:width\" content=\"600\" \/>\n\t<meta property=\"og:image:height\" content=\"320\" \/>\n\t<meta property=\"og:image:type\" content=\"image\/jpeg\" \/>\n<meta name=\"author\" content=\"Lo viste en Los Pol\u00edticos\" \/>\n<meta name=\"twitter:card\" content=\"summary_large_image\" \/>\n<meta name=\"twitter:creator\" content=\"@LosPoliticosVer\" \/>\n<meta name=\"twitter:site\" content=\"@LosPoliticosVer\" \/>\n<meta name=\"twitter:label1\" content=\"Escrito por\" \/>\n\t<meta name=\"twitter:data1\" content=\"Lo viste en Los Pol\u00edticos\" \/>\n\t<meta name=\"twitter:label2\" content=\"Tiempo de lectura\" \/>\n\t<meta name=\"twitter:data2\" content=\"7 minutos\" \/>\n<script type=\"application\/ld+json\" class=\"yoast-schema-graph\">{\"@context\":\"https:\\\/\\\/schema.org\",\"@graph\":[{\"@type\":\"Article\",\"@id\":\"https:\\\/\\\/lospoliticosveracruz.com\\\/?p=179843#article\",\"isPartOf\":{\"@id\":\"https:\\\/\\\/lospoliticosveracruz.com\\\/?p=179843\"},\"author\":{\"name\":\"Lo viste en Los Pol\u00edticos\",\"@id\":\"https:\\\/\\\/lospoliticosveracruz.com\\\/#\\\/schema\\\/person\\\/b8702bb0e538456e6efd07080bf2a4a2\"},\"headline\":\"SEGURIDAD, LA CIFRA ESTRELLA DEL INFORME\",\"datePublished\":\"2026-09-02T11:27:31+00:00\",\"dateModified\":\"2026-09-02T11:27:32+00:00\",\"mainEntityOfPage\":{\"@id\":\"https:\\\/\\\/lospoliticosveracruz.com\\\/?p=179843\"},\"wordCount\":1602,\"publisher\":{\"@id\":\"https:\\\/\\\/lospoliticosveracruz.com\\\/#organization\"},\"image\":{\"@id\":\"https:\\\/\\\/lospoliticosveracruz.com\\\/?p=179843#primaryimage\"},\"thumbnailUrl\":\"https:\\\/\\\/lospoliticosveracruz.com\\\/wp-content\\\/uploads\\\/2025\\\/04\\\/Carlos-Miguel-Acosta-Bravo-e1780964715690.jpg\",\"keywords\":[\"Carlos Miguel Acosta\",\"Claudia Sheinbaum\",\"II Informe\",\"Seguridad\"],\"articleSection\":[\"De Opini\u00f3n\"],\"inLanguage\":\"es\"},{\"@type\":\"WebPage\",\"@id\":\"https:\\\/\\\/lospoliticosveracruz.com\\\/?p=179843\",\"url\":\"https:\\\/\\\/lospoliticosveracruz.com\\\/?p=179843\",\"name\":\"SEGURIDAD, LA CIFRA ESTRELLA DEL INFORME - Los pol\u00edticos Veracruz\",\"isPartOf\":{\"@id\":\"https:\\\/\\\/lospoliticosveracruz.com\\\/#website\"},\"primaryImageOfPage\":{\"@id\":\"https:\\\/\\\/lospoliticosveracruz.com\\\/?p=179843#primaryimage\"},\"image\":{\"@id\":\"https:\\\/\\\/lospoliticosveracruz.com\\\/?p=179843#primaryimage\"},\"thumbnailUrl\":\"https:\\\/\\\/lospoliticosveracruz.com\\\/wp-content\\\/uploads\\\/2025\\\/04\\\/Carlos-Miguel-Acosta-Bravo-e1780964715690.jpg\",\"datePublished\":\"2026-09-02T11:27:31+00:00\",\"dateModified\":\"2026-09-02T11:27:32+00:00\",\"breadcrumb\":{\"@id\":\"https:\\\/\\\/lospoliticosveracruz.com\\\/?p=179843#breadcrumb\"},\"inLanguage\":\"es\",\"potentialAction\":[{\"@type\":\"ReadAction\",\"target\":[\"https:\\\/\\\/lospoliticosveracruz.com\\\/?p=179843\"]}]},{\"@type\":\"ImageObject\",\"inLanguage\":\"es\",\"@id\":\"https:\\\/\\\/lospoliticosveracruz.com\\\/?p=179843#primaryimage\",\"url\":\"https:\\\/\\\/lospoliticosveracruz.com\\\/wp-content\\\/uploads\\\/2025\\\/04\\\/Carlos-Miguel-Acosta-Bravo-e1780964715690.jpg\",\"contentUrl\":\"https:\\\/\\\/lospoliticosveracruz.com\\\/wp-content\\\/uploads\\\/2025\\\/04\\\/Carlos-Miguel-Acosta-Bravo-e1780964715690.jpg\",\"width\":600,\"height\":320},{\"@type\":\"BreadcrumbList\",\"@id\":\"https:\\\/\\\/lospoliticosveracruz.com\\\/?p=179843#breadcrumb\",\"itemListElement\":[{\"@type\":\"ListItem\",\"position\":1,\"name\":\"Portada\",\"item\":\"https:\\\/\\\/lospoliticosveracruz.com\\\/\"},{\"@type\":\"ListItem\",\"position\":2,\"name\":\"SEGURIDAD, LA CIFRA ESTRELLA DEL INFORME\"}]},{\"@type\":\"WebSite\",\"@id\":\"https:\\\/\\\/lospoliticosveracruz.com\\\/#website\",\"url\":\"https:\\\/\\\/lospoliticosveracruz.com\\\/\",\"name\":\"Los pol\u00edticos Veracruz\",\"description\":\"\",\"publisher\":{\"@id\":\"https:\\\/\\\/lospoliticosveracruz.com\\\/#organization\"},\"potentialAction\":[{\"@type\":\"SearchAction\",\"target\":{\"@type\":\"EntryPoint\",\"urlTemplate\":\"https:\\\/\\\/lospoliticosveracruz.com\\\/?s={search_term_string}\"},\"query-input\":{\"@type\":\"PropertyValueSpecification\",\"valueRequired\":true,\"valueName\":\"search_term_string\"}}],\"inLanguage\":\"es\"},{\"@type\":\"Organization\",\"@id\":\"https:\\\/\\\/lospoliticosveracruz.com\\\/#organization\",\"name\":\"Los pol\u00edticos Veracruz\",\"url\":\"https:\\\/\\\/lospoliticosveracruz.com\\\/\",\"logo\":{\"@type\":\"ImageObject\",\"inLanguage\":\"es\",\"@id\":\"https:\\\/\\\/lospoliticosveracruz.com\\\/#\\\/schema\\\/logo\\\/image\\\/\",\"url\":\"https:\\\/\\\/lospoliticosveracruz.com\\\/wp-content\\\/uploads\\\/2025\\\/12\\\/Logo-Nuevo-LOS-POLITICOS-1.jpg\",\"contentUrl\":\"https:\\\/\\\/lospoliticosveracruz.com\\\/wp-content\\\/uploads\\\/2025\\\/12\\\/Logo-Nuevo-LOS-POLITICOS-1.jpg\",\"width\":260,\"height\":70,\"caption\":\"Los pol\u00edticos Veracruz\"},\"image\":{\"@id\":\"https:\\\/\\\/lospoliticosveracruz.com\\\/#\\\/schema\\\/logo\\\/image\\\/\"},\"sameAs\":[\"https:\\\/\\\/www.facebook.com\\\/people\\\/Notimemes-de-los-Polticos\\\/61565672886568\\\/\",\"https:\\\/\\\/x.com\\\/LosPoliticosVer\"]},{\"@type\":\"Person\",\"@id\":\"https:\\\/\\\/lospoliticosveracruz.com\\\/#\\\/schema\\\/person\\\/b8702bb0e538456e6efd07080bf2a4a2\",\"name\":\"Lo viste en Los Pol\u00edticos\",\"image\":{\"@type\":\"ImageObject\",\"inLanguage\":\"es\",\"@id\":\"https:\\\/\\\/secure.gravatar.com\\\/avatar\\\/3a8de04a2656d44082be478bd6c086daa447c4651605818287b9532d3d0bd435?s=96&d=mm&r=g\",\"url\":\"https:\\\/\\\/secure.gravatar.com\\\/avatar\\\/3a8de04a2656d44082be478bd6c086daa447c4651605818287b9532d3d0bd435?s=96&d=mm&r=g\",\"contentUrl\":\"https:\\\/\\\/secure.gravatar.com\\\/avatar\\\/3a8de04a2656d44082be478bd6c086daa447c4651605818287b9532d3d0bd435?s=96&d=mm&r=g\",\"caption\":\"Lo viste en Los Pol\u00edticos\"},\"url\":\"https:\\\/\\\/lospoliticosveracruz.com\\\/?author=2\"}]}<\/script>\n<!-- \/ Yoast SEO plugin. -->","yoast_head_json":{"title":"SEGURIDAD, LA CIFRA ESTRELLA DEL INFORME - Los pol\u00edticos Veracruz","robots":{"index":"index","follow":"follow","max-snippet":"max-snippet:-1","max-image-preview":"max-image-preview:large","max-video-preview":"max-video-preview:-1"},"canonical":"https:\/\/lospoliticosveracruz.com\/?p=179843","og_locale":"es_ES","og_type":"article","og_title":"SEGURIDAD, LA CIFRA ESTRELLA DEL INFORME - Los pol\u00edticos Veracruz","og_description":"Carlos Miguel Acosta BravoImpronta El Segundo Informe de Gobierno de la presidenta Claudia Sheinbaum, presentado el 1 de septiembre de 2026, destaca una reducci\u00f3n de 51% en homicidios dolosos como su principal logro, junto con estabilidad macroecon\u00f3mica, r\u00e9cord de inversi\u00f3n extranjera y expansi\u00f3n de programas sociales, aunque enfrenta cr\u00edticas por omisi\u00f3n del tema de desapariciones, [&hellip;]","og_url":"https:\/\/lospoliticosveracruz.com\/?p=179843","og_site_name":"Los pol\u00edticos Veracruz","article_publisher":"https:\/\/www.facebook.com\/people\/Notimemes-de-los-Polticos\/61565672886568\/","article_published_time":"2026-09-02T11:27:31+00:00","article_modified_time":"2026-09-02T11:27:32+00:00","og_image":[{"width":600,"height":320,"url":"https:\/\/lospoliticosveracruz.com\/wp-content\/uploads\/2025\/04\/Carlos-Miguel-Acosta-Bravo-e1780964715690.jpg","type":"image\/jpeg"}],"author":"Lo viste en Los Pol\u00edticos","twitter_card":"summary_large_image","twitter_creator":"@LosPoliticosVer","twitter_site":"@LosPoliticosVer","twitter_misc":{"Escrito por":"Lo viste en Los Pol\u00edticos","Tiempo de lectura":"7 minutos"},"schema":{"@context":"https:\/\/schema.org","@graph":[{"@type":"Article","@id":"https:\/\/lospoliticosveracruz.com\/?p=179843#article","isPartOf":{"@id":"https:\/\/lospoliticosveracruz.com\/?p=179843"},"author":{"name":"Lo viste en Los Pol\u00edticos","@id":"https:\/\/lospoliticosveracruz.com\/#\/schema\/person\/b8702bb0e538456e6efd07080bf2a4a2"},"headline":"SEGURIDAD, LA CIFRA ESTRELLA DEL INFORME","datePublished":"2026-09-02T11:27:31+00:00","dateModified":"2026-09-02T11:27:32+00:00","mainEntityOfPage":{"@id":"https:\/\/lospoliticosveracruz.com\/?p=179843"},"wordCount":1602,"publisher":{"@id":"https:\/\/lospoliticosveracruz.com\/#organization"},"image":{"@id":"https:\/\/lospoliticosveracruz.com\/?p=179843#primaryimage"},"thumbnailUrl":"https:\/\/lospoliticosveracruz.com\/wp-content\/uploads\/2025\/04\/Carlos-Miguel-Acosta-Bravo-e1780964715690.jpg","keywords":["Carlos Miguel Acosta","Claudia Sheinbaum","II Informe","Seguridad"],"articleSection":["De Opini\u00f3n"],"inLanguage":"es"},{"@type":"WebPage","@id":"https:\/\/lospoliticosveracruz.com\/?p=179843","url":"https:\/\/lospoliticosveracruz.com\/?p=179843","name":"SEGURIDAD, LA CIFRA ESTRELLA DEL INFORME - Los pol\u00edticos Veracruz","isPartOf":{"@id":"https:\/\/lospoliticosveracruz.com\/#website"},"primaryImageOfPage":{"@id":"https:\/\/lospoliticosveracruz.com\/?p=179843#primaryimage"},"image":{"@id":"https:\/\/lospoliticosveracruz.com\/?p=179843#primaryimage"},"thumbnailUrl":"https:\/\/lospoliticosveracruz.com\/wp-content\/uploads\/2025\/04\/Carlos-Miguel-Acosta-Bravo-e1780964715690.jpg","datePublished":"2026-09-02T11:27:31+00:00","dateModified":"2026-09-02T11:27:32+00:00","breadcrumb":{"@id":"https:\/\/lospoliticosveracruz.com\/?p=179843#breadcrumb"},"inLanguage":"es","potentialAction":[{"@type":"ReadAction","target":["https:\/\/lospoliticosveracruz.com\/?p=179843"]}]},{"@type":"ImageObject","inLanguage":"es","@id":"https:\/\/lospoliticosveracruz.com\/?p=179843#primaryimage","url":"https:\/\/lospoliticosveracruz.com\/wp-content\/uploads\/2025\/04\/Carlos-Miguel-Acosta-Bravo-e1780964715690.jpg","contentUrl":"https:\/\/lospoliticosveracruz.com\/wp-content\/uploads\/2025\/04\/Carlos-Miguel-Acosta-Bravo-e1780964715690.jpg","width":600,"height":320},{"@type":"BreadcrumbList","@id":"https:\/\/lospoliticosveracruz.com\/?p=179843#breadcrumb","itemListElement":[{"@type":"ListItem","position":1,"name":"Portada","item":"https:\/\/lospoliticosveracruz.com\/"},{"@type":"ListItem","position":2,"name":"SEGURIDAD, LA CIFRA ESTRELLA DEL INFORME"}]},{"@type":"WebSite","@id":"https:\/\/lospoliticosveracruz.com\/#website","url":"https:\/\/lospoliticosveracruz.com\/","name":"Los pol\u00edticos Veracruz","description":"","publisher":{"@id":"https:\/\/lospoliticosveracruz.com\/#organization"},"potentialAction":[{"@type":"SearchAction","target":{"@type":"EntryPoint","urlTemplate":"https:\/\/lospoliticosveracruz.com\/?s={search_term_string}"},"query-input":{"@type":"PropertyValueSpecification","valueRequired":true,"valueName":"search_term_string"}}],"inLanguage":"es"},{"@type":"Organization","@id":"https:\/\/lospoliticosveracruz.com\/#organization","name":"Los pol\u00edticos Veracruz","url":"https:\/\/lospoliticosveracruz.com\/","logo":{"@type":"ImageObject","inLanguage":"es","@id":"https:\/\/lospoliticosveracruz.com\/#\/schema\/logo\/image\/","url":"https:\/\/lospoliticosveracruz.com\/wp-content\/uploads\/2025\/12\/Logo-Nuevo-LOS-POLITICOS-1.jpg","contentUrl":"https:\/\/lospoliticosveracruz.com\/wp-content\/uploads\/2025\/12\/Logo-Nuevo-LOS-POLITICOS-1.jpg","width":260,"height":70,"caption":"Los pol\u00edticos Veracruz"},"image":{"@id":"https:\/\/lospoliticosveracruz.com\/#\/schema\/logo\/image\/"},"sameAs":["https:\/\/www.facebook.com\/people\/Notimemes-de-los-Polticos\/61565672886568\/","https:\/\/x.com\/LosPoliticosVer"]},{"@type":"Person","@id":"https:\/\/lospoliticosveracruz.com\/#\/schema\/person\/b8702bb0e538456e6efd07080bf2a4a2","name":"Lo viste en Los Pol\u00edticos","image":{"@type":"ImageObject","inLanguage":"es","@id":"https:\/\/secure.gravatar.com\/avatar\/3a8de04a2656d44082be478bd6c086daa447c4651605818287b9532d3d0bd435?s=96&d=mm&r=g","url":"https:\/\/secure.gravatar.com\/avatar\/3a8de04a2656d44082be478bd6c086daa447c4651605818287b9532d3d0bd435?s=96&d=mm&r=g","contentUrl":"https:\/\/secure.gravatar.com\/avatar\/3a8de04a2656d44082be478bd6c086daa447c4651605818287b9532d3d0bd435?s=96&d=mm&r=g","caption":"Lo viste en Los Pol\u00edticos"},"url":"https:\/\/lospoliticosveracruz.com\/?author=2"}]}},"_links":{"self":[{"href":"https:\/\/lospoliticosveracruz.com\/index.php?rest_route=\/wp\/v2\/posts\/179843","targetHints":{"allow":["GET"]}}],"collection":[{"href":"https:\/\/lospoliticosveracruz.com\/index.php?rest_route=\/wp\/v2\/posts"}],"about":[{"href":"https:\/\/lospoliticosveracruz.com\/index.php?rest_route=\/wp\/v2\/types\/post"}],"author":[{"embeddable":true,"href":"https:\/\/lospoliticosveracruz.com\/index.php?rest_route=\/wp\/v2\/users\/2"}],"replies":[{"embeddable":true,"href":"https:\/\/lospoliticosveracruz.com\/index.php?rest_route=%2Fwp%2Fv2%2Fcomments&post=179843"}],"version-history":[{"count":1,"href":"https:\/\/lospoliticosveracruz.com\/index.php?rest_route=\/wp\/v2\/posts\/179843\/revisions"}],"predecessor-version":[{"id":179844,"href":"https:\/\/lospoliticosveracruz.com\/index.php?rest_route=\/wp\/v2\/posts\/179843\/revisions\/179844"}],"wp:featuredmedia":[{"embeddable":true,"href":"https:\/\/lospoliticosveracruz.com\/index.php?rest_route=\/wp\/v2\/media\/141377"}],"wp:attachment":[{"href":"https:\/\/lospoliticosveracruz.com\/index.php?rest_route=%2Fwp%2Fv2%2Fmedia&parent=179843"}],"wp:term":[{"taxonomy":"category","embeddable":true,"href":"https:\/\/lospoliticosveracruz.com\/index.php?rest_route=%2Fwp%2Fv2%2Fcategories&post=179843"},{"taxonomy":"post_tag","embeddable":true,"href":"https:\/\/lospoliticosveracruz.com\/index.php?rest_route=%2Fwp%2Fv2%2Ftags&post=179843"}],"curies":[{"name":"wp","href":"https:\/\/api.w.org\/{rel}","templated":true}]}}