{"id":179845,"date":"2026-09-02T05:33:33","date_gmt":"2026-09-02T11:33:33","guid":{"rendered":"https:\/\/lospoliticosveracruz.com\/?p=179845"},"modified":"2026-09-02T05:33:34","modified_gmt":"2026-09-02T11:33:34","slug":"los-archivos-secretos-del-huachicol","status":"publish","type":"post","link":"https:\/\/lospoliticosveracruz.com\/?p=179845","title":{"rendered":"LOS ARCHIVOS SECRETOS DEL HUACHICOL"},"content":{"rendered":"<div class=\"wp-block-image\">\n<figure class=\"alignleft size-full is-resized\"><a href=\"https:\/\/lospoliticosveracruz.com\/wp-content\/uploads\/2026\/08\/Fiestas-Veracruz.jpg\"><img loading=\"lazy\" decoding=\"async\" width=\"667\" height=\"625\" src=\"https:\/\/lospoliticosveracruz.com\/wp-content\/uploads\/2026\/08\/Fiestas-Veracruz.jpg\" alt=\"\" class=\"wp-image-179650\" style=\"aspect-ratio:1.067287698577726;width:425px;height:auto\" srcset=\"https:\/\/lospoliticosveracruz.com\/wp-content\/uploads\/2026\/08\/Fiestas-Veracruz.jpg 667w, https:\/\/lospoliticosveracruz.com\/wp-content\/uploads\/2026\/08\/Fiestas-Veracruz-300x281.jpg 300w, https:\/\/lospoliticosveracruz.com\/wp-content\/uploads\/2026\/08\/Fiestas-Veracruz-448x420.jpg 448w, https:\/\/lospoliticosveracruz.com\/wp-content\/uploads\/2026\/08\/Fiestas-Veracruz-150x141.jpg 150w\" sizes=\"auto, (max-width: 667px) 100vw, 667px\" \/><\/a><\/figure>\n<\/div>\n\n\n<p><strong>Jorge Ram\u00f3n Rizzo*<\/strong><br><em>Focus Group<\/em><\/p>\n\n\n\n<p class=\"dropcapp1\">El caso de Fernando Far\u00edas Laguna desentierra los fantasmas del sexenio pasado y pone al descubierto el arte de lo que yo llamar\u00eda \u00abla negligencia calculada\u00bb y que el \u00abhuachicol fiscal mexicano\u00bb dej\u00f3 de ser un asunto de orde\u00f1a local para convertirse en un lucrativo nodo del crimen organizado global, operado desde el coraz\u00f3n de las propias instituciones de seguridad del Estado. \u00bfPor qu\u00e9 digo lo anterior?<\/p>\n\n\n\n<p>Pues resulta que los archivos oficiales revelan una reuni\u00f3n que hoy resulta indignante: El entonces secretario de Marina, Rafael Ojeda Dur\u00e1n, y el eterno fiscal general, Alejandro Gertz Manero, charlando amigablemente sobre el contrabando de combustible como quien habla del clima.<\/p>\n\n\n\n<p>La versi\u00f3n oficial dice que \u00abno hab\u00eda pruebas suficientes\u00bb para actuar. La realidad que emana de los expedientes clasificados es mucho m\u00e1s turbia: Decidieron congelar la informaci\u00f3n. Si, como lo lee\u2026 Decidieron no tomar cartas en el asunto y hacer como si no pasara nada. Prefirieron el pacto de silencio y el resguardo de las carpetas antes que aceptar que la estructura naval estaba podrida por dentro.<\/p>\n\n\n\n<p>El pretexto fue \u00abno arriesgar la seguridad del pa\u00eds\u00bb, pero el resultado fue blindar la impunidad de los suyos y tuvo que cambiar la administraci\u00f3n federal para que la inteligencia naval decidiera hacer su trabajo y destapara un secreto a voces: El contrabando t\u00e9cnico en los recintos portuarios es una operaci\u00f3n de precisi\u00f3n quir\u00fargica.<\/p>\n\n\n\n<p>No estamos hablando de delincuentes improvisados orde\u00f1ando ductos en la clandestinidad de la noche, sino de una maquinaria burocr\u00e1tica criminal que opera a la luz del d\u00eda mediante: Falsificaci\u00f3n sistem\u00e1tica de pedimentos, simulaci\u00f3n y alteraci\u00f3n de fracciones arancelarias para evadir impuestos, descargas impunes en muelles no autorizados y compra descarada de las autoridades encargadas de la vigilancia.<\/p>\n\n\n\n<p>Lo ocurrido en marzo de 2025 en los puertos de Tampico, Guaymas y Ensenada no fue un operativo rutinario; fue la confirmaci\u00f3n de que el crimen organizado opera con el volumen y la log\u00edstica de una multinacional; ya que el aseguramiento de millones de litros de hidrocarburos, buques-tanque y flotillas de transporte terrestre, fueron solo \u00abla punta del iceberg\u00bb.<\/p>\n\n\n\n<p>Esta red del huachicol mar\u00edtimo ha alcanzado una dimensi\u00f3n geopol\u00edtica que deber\u00eda encender todas las alarmas. El combustible robado entra por las costas mexicanas en buques con banderas de conveniencia internacional, ya sea de Chipre, Islas Caim\u00e1n, Singapur, \u00f3 Panam\u00e1, se legaliza m\u00e1gicamente en nuestras aduanas gracias a firmas c\u00f3mplices y se transporta por carretera hasta el coraz\u00f3n del pa\u00eds, como San Luis Potos\u00ed, para venderse en el mercado formal.<\/p>\n\n\n\n<p>Una publicaci\u00f3n informativa en el peri\u00f3dico &#8216;Uno M\u00e1s Uno&#8217; cita que un juez federal determin\u00f3 vincular a proceso a Far\u00edas Laguna por su probable intervenci\u00f3n en el delito de delincuencia organizada con la finalidad de cometer il\u00edcitos en materia de hidrocarburos, en la modalidad de ocultamiento.<\/p>\n\n\n\n<p>La autoridad judicial ratific\u00f3 la medida cautelar de prisi\u00f3n preventiva oficiosa, por lo que el exmando naval permanecer\u00e1 interno en el Centro Federal de Readaptaci\u00f3n Social N\u00famero 1 de m\u00e1xima seguridad, \u00abEl Altiplano\u00bb, ubicado en Almoloya de Ju\u00e1rez, Estado de M\u00e9xico.<\/p>\n\n\n\n<p>Y esa misma publicaci\u00f3n revela que las investigaciones realizadas por elementos de la Fiscal\u00eda General de la Rep\u00fablica durante el sexenio 2018-2024 revelan que, el entonces secretario de Marina, almirante Jos\u00e9 Rafael Ojeda Dur\u00e1n, sostuvo una reuni\u00f3n con el fiscal Alejandro Gertz Manero, en la que se habr\u00eda expuesto de manera verbal informaci\u00f3n relacionada con posibles hechos vinculados al \u00abhuachicol fiscal\u00bb.<\/p>\n\n\n\n<p>De acuerdo con fuentes consultadas por la Secretar\u00eda de Marina, en ese momento no se formaliz\u00f3 alg\u00fan tipo de denuncia ante la autoridad ministerial, debido a que no se contaba con elementos de prueba suficientes que permitieran sustentarla. Seg\u00fan denuncian las voces consultadas y los archivos registrados, se puede evidenciar que por el contrario, las carpetas de investigaci\u00f3n reun\u00edan suficiente informaci\u00f3n clasificada que alertaba sobre el delito, pero aseguran que una vez m\u00e1s, como en otros casos, el fiscal general decidi\u00f3 resguardar la informaci\u00f3n seguro de que al destapar las investigaciones saldr\u00edan a la luz nombres de funcionarios mar\u00edtimos que pondr\u00edan en entredicho la legalidad de sus funciones y arriesgar\u00edan la seguridad del pa\u00eds.<\/p>\n\n\n\n<p>El caso de Far\u00edas Laguna es emblem\u00e1tico, pero no es el fin de la historia. Mientras las cabezas de las instituciones sigan apostando por el encubrimiento para \u00abproteger la reputaci\u00f3n de la corona\u00bb, los puertos mexicanos seguir\u00e1n siendo la gallina de los huevos de oro para las mafias de cuello blanco y estrellas en el hombro. La pregunta no es cu\u00e1ntos marinos m\u00e1s est\u00e1n involucrados, sino \u00bfHasta d\u00f3nde llegar\u00e1 la voluntad pol\u00edtica para limpiar una casa que lleva a\u00f1os oliendo a combustible robado?<\/p>\n\n\n\n<p>*Periodista\/Tlaxcala<\/p>\n\n\n\n<p><\/p>\n","protected":false},"excerpt":{"rendered":"<p>Jorge Ram\u00f3n Rizzo*Focus Group El caso de Fernando Far\u00edas Laguna desentierra los fantasmas del sexenio pasado y pone al descubierto el arte de lo que yo llamar\u00eda \u00abla negligencia calculada\u00bb y que el \u00abhuachicol fiscal mexicano\u00bb dej\u00f3 de ser un asunto de orde\u00f1a local para convertirse en un lucrativo nodo del crimen organizado global, operado [&hellip;]<\/p>\n","protected":false},"author":2,"featured_media":174802,"comment_status":"closed","ping_status":"closed","sticky":false,"template":"","format":"standard","meta":{"tdm_status":"","tdm_grid_status":"","footnotes":""},"categories":[70],"tags":[6306,62091,70977,8472,61245,31547,16137],"class_list":{"0":"post-179845","1":"post","2":"type-post","3":"status-publish","4":"format-standard","5":"has-post-thumbnail","7":"category-de-opinion","8":"tag-ensenada","9":"tag-fernando-farias-laguna","10":"tag-guaymas","11":"tag-huachicol","12":"tag-jorge-ramon-rizzo","13":"tag-rafael-ojeda-duran","14":"tag-tampico"},"yoast_head":"<!-- This site is optimized with the Yoast SEO plugin v28.1 - https:\/\/yoast.com\/product\/yoast-seo-wordpress\/ -->\n<title>LOS ARCHIVOS SECRETOS DEL HUACHICOL - Los pol\u00edticos Veracruz<\/title>\n<meta name=\"robots\" content=\"index, follow, max-snippet:-1, max-image-preview:large, max-video-preview:-1\" \/>\n<link rel=\"canonical\" href=\"https:\/\/lospoliticosveracruz.com\/?p=179845\" \/>\n<meta property=\"og:locale\" content=\"es_ES\" \/>\n<meta property=\"og:type\" content=\"article\" \/>\n<meta property=\"og:title\" content=\"LOS ARCHIVOS SECRETOS DEL HUACHICOL - Los pol\u00edticos Veracruz\" \/>\n<meta property=\"og:description\" content=\"Jorge Ram\u00f3n Rizzo*Focus Group El caso de Fernando Far\u00edas Laguna desentierra los fantasmas del sexenio pasado y pone al descubierto el arte de lo que yo llamar\u00eda \u00abla negligencia calculada\u00bb y que el \u00abhuachicol fiscal mexicano\u00bb dej\u00f3 de ser un asunto de orde\u00f1a local para convertirse en un lucrativo nodo del crimen organizado global, operado [&hellip;]\" \/>\n<meta property=\"og:url\" content=\"https:\/\/lospoliticosveracruz.com\/?p=179845\" \/>\n<meta property=\"og:site_name\" content=\"Los pol\u00edticos Veracruz\" \/>\n<meta property=\"article:publisher\" content=\"https:\/\/www.facebook.com\/people\/Notimemes-de-los-Polticos\/61565672886568\/\" \/>\n<meta property=\"article:published_time\" content=\"2026-09-02T11:33:33+00:00\" \/>\n<meta property=\"article:modified_time\" content=\"2026-09-02T11:33:34+00:00\" \/>\n<meta property=\"og:image\" content=\"https:\/\/lospoliticosveracruz.com\/wp-content\/uploads\/2026\/06\/Jorge-Ramon-Rizzo.jpg\" \/>\n\t<meta property=\"og:image:width\" content=\"1200\" \/>\n\t<meta property=\"og:image:height\" content=\"630\" \/>\n\t<meta property=\"og:image:type\" content=\"image\/jpeg\" \/>\n<meta name=\"author\" content=\"Lo viste en Los Pol\u00edticos\" \/>\n<meta name=\"twitter:card\" content=\"summary_large_image\" \/>\n<meta name=\"twitter:creator\" content=\"@LosPoliticosVer\" \/>\n<meta name=\"twitter:site\" content=\"@LosPoliticosVer\" \/>\n<meta name=\"twitter:label1\" content=\"Escrito por\" \/>\n\t<meta name=\"twitter:data1\" content=\"Lo viste en Los Pol\u00edticos\" \/>\n\t<meta name=\"twitter:label2\" content=\"Tiempo de lectura\" \/>\n\t<meta name=\"twitter:data2\" content=\"4 minutos\" \/>\n<script type=\"application\/ld+json\" class=\"yoast-schema-graph\">{\"@context\":\"https:\\\/\\\/schema.org\",\"@graph\":[{\"@type\":\"Article\",\"@id\":\"https:\\\/\\\/lospoliticosveracruz.com\\\/?p=179845#article\",\"isPartOf\":{\"@id\":\"https:\\\/\\\/lospoliticosveracruz.com\\\/?p=179845\"},\"author\":{\"name\":\"Lo viste en Los Pol\u00edticos\",\"@id\":\"https:\\\/\\\/lospoliticosveracruz.com\\\/#\\\/schema\\\/person\\\/b8702bb0e538456e6efd07080bf2a4a2\"},\"headline\":\"LOS ARCHIVOS SECRETOS DEL HUACHICOL\",\"datePublished\":\"2026-09-02T11:33:33+00:00\",\"dateModified\":\"2026-09-02T11:33:34+00:00\",\"mainEntityOfPage\":{\"@id\":\"https:\\\/\\\/lospoliticosveracruz.com\\\/?p=179845\"},\"wordCount\":846,\"publisher\":{\"@id\":\"https:\\\/\\\/lospoliticosveracruz.com\\\/#organization\"},\"image\":{\"@id\":\"https:\\\/\\\/lospoliticosveracruz.com\\\/?p=179845#primaryimage\"},\"thumbnailUrl\":\"https:\\\/\\\/lospoliticosveracruz.com\\\/wp-content\\\/uploads\\\/2026\\\/06\\\/Jorge-Ramon-Rizzo.jpg\",\"keywords\":[\"Ensenada\",\"Fernando Far\u00edas Laguna\",\"Guaymas\",\"Huachicol\",\"Jorge Ram\u00f3n Rizzo\",\"Rafael Ojeda Dur\u00e1n\",\"Tampico\"],\"articleSection\":[\"De Opini\u00f3n\"],\"inLanguage\":\"es\"},{\"@type\":\"WebPage\",\"@id\":\"https:\\\/\\\/lospoliticosveracruz.com\\\/?p=179845\",\"url\":\"https:\\\/\\\/lospoliticosveracruz.com\\\/?p=179845\",\"name\":\"LOS ARCHIVOS SECRETOS DEL HUACHICOL - Los pol\u00edticos Veracruz\",\"isPartOf\":{\"@id\":\"https:\\\/\\\/lospoliticosveracruz.com\\\/#website\"},\"primaryImageOfPage\":{\"@id\":\"https:\\\/\\\/lospoliticosveracruz.com\\\/?p=179845#primaryimage\"},\"image\":{\"@id\":\"https:\\\/\\\/lospoliticosveracruz.com\\\/?p=179845#primaryimage\"},\"thumbnailUrl\":\"https:\\\/\\\/lospoliticosveracruz.com\\\/wp-content\\\/uploads\\\/2026\\\/06\\\/Jorge-Ramon-Rizzo.jpg\",\"datePublished\":\"2026-09-02T11:33:33+00:00\",\"dateModified\":\"2026-09-02T11:33:34+00:00\",\"breadcrumb\":{\"@id\":\"https:\\\/\\\/lospoliticosveracruz.com\\\/?p=179845#breadcrumb\"},\"inLanguage\":\"es\",\"potentialAction\":[{\"@type\":\"ReadAction\",\"target\":[\"https:\\\/\\\/lospoliticosveracruz.com\\\/?p=179845\"]}]},{\"@type\":\"ImageObject\",\"inLanguage\":\"es\",\"@id\":\"https:\\\/\\\/lospoliticosveracruz.com\\\/?p=179845#primaryimage\",\"url\":\"https:\\\/\\\/lospoliticosveracruz.com\\\/wp-content\\\/uploads\\\/2026\\\/06\\\/Jorge-Ramon-Rizzo.jpg\",\"contentUrl\":\"https:\\\/\\\/lospoliticosveracruz.com\\\/wp-content\\\/uploads\\\/2026\\\/06\\\/Jorge-Ramon-Rizzo.jpg\",\"width\":1200,\"height\":630},{\"@type\":\"BreadcrumbList\",\"@id\":\"https:\\\/\\\/lospoliticosveracruz.com\\\/?p=179845#breadcrumb\",\"itemListElement\":[{\"@type\":\"ListItem\",\"position\":1,\"name\":\"Portada\",\"item\":\"https:\\\/\\\/lospoliticosveracruz.com\\\/\"},{\"@type\":\"ListItem\",\"position\":2,\"name\":\"LOS ARCHIVOS SECRETOS DEL HUACHICOL\"}]},{\"@type\":\"WebSite\",\"@id\":\"https:\\\/\\\/lospoliticosveracruz.com\\\/#website\",\"url\":\"https:\\\/\\\/lospoliticosveracruz.com\\\/\",\"name\":\"Los pol\u00edticos Veracruz\",\"description\":\"\",\"publisher\":{\"@id\":\"https:\\\/\\\/lospoliticosveracruz.com\\\/#organization\"},\"potentialAction\":[{\"@type\":\"SearchAction\",\"target\":{\"@type\":\"EntryPoint\",\"urlTemplate\":\"https:\\\/\\\/lospoliticosveracruz.com\\\/?s={search_term_string}\"},\"query-input\":{\"@type\":\"PropertyValueSpecification\",\"valueRequired\":true,\"valueName\":\"search_term_string\"}}],\"inLanguage\":\"es\"},{\"@type\":\"Organization\",\"@id\":\"https:\\\/\\\/lospoliticosveracruz.com\\\/#organization\",\"name\":\"Los pol\u00edticos Veracruz\",\"url\":\"https:\\\/\\\/lospoliticosveracruz.com\\\/\",\"logo\":{\"@type\":\"ImageObject\",\"inLanguage\":\"es\",\"@id\":\"https:\\\/\\\/lospoliticosveracruz.com\\\/#\\\/schema\\\/logo\\\/image\\\/\",\"url\":\"https:\\\/\\\/lospoliticosveracruz.com\\\/wp-content\\\/uploads\\\/2025\\\/12\\\/Logo-Nuevo-LOS-POLITICOS-1.jpg\",\"contentUrl\":\"https:\\\/\\\/lospoliticosveracruz.com\\\/wp-content\\\/uploads\\\/2025\\\/12\\\/Logo-Nuevo-LOS-POLITICOS-1.jpg\",\"width\":260,\"height\":70,\"caption\":\"Los pol\u00edticos Veracruz\"},\"image\":{\"@id\":\"https:\\\/\\\/lospoliticosveracruz.com\\\/#\\\/schema\\\/logo\\\/image\\\/\"},\"sameAs\":[\"https:\\\/\\\/www.facebook.com\\\/people\\\/Notimemes-de-los-Polticos\\\/61565672886568\\\/\",\"https:\\\/\\\/x.com\\\/LosPoliticosVer\"]},{\"@type\":\"Person\",\"@id\":\"https:\\\/\\\/lospoliticosveracruz.com\\\/#\\\/schema\\\/person\\\/b8702bb0e538456e6efd07080bf2a4a2\",\"name\":\"Lo viste en Los Pol\u00edticos\",\"image\":{\"@type\":\"ImageObject\",\"inLanguage\":\"es\",\"@id\":\"https:\\\/\\\/secure.gravatar.com\\\/avatar\\\/3a8de04a2656d44082be478bd6c086daa447c4651605818287b9532d3d0bd435?s=96&d=mm&r=g\",\"url\":\"https:\\\/\\\/secure.gravatar.com\\\/avatar\\\/3a8de04a2656d44082be478bd6c086daa447c4651605818287b9532d3d0bd435?s=96&d=mm&r=g\",\"contentUrl\":\"https:\\\/\\\/secure.gravatar.com\\\/avatar\\\/3a8de04a2656d44082be478bd6c086daa447c4651605818287b9532d3d0bd435?s=96&d=mm&r=g\",\"caption\":\"Lo viste en Los Pol\u00edticos\"},\"url\":\"https:\\\/\\\/lospoliticosveracruz.com\\\/?author=2\"}]}<\/script>\n<!-- \/ Yoast SEO plugin. -->","yoast_head_json":{"title":"LOS ARCHIVOS SECRETOS DEL HUACHICOL - Los pol\u00edticos Veracruz","robots":{"index":"index","follow":"follow","max-snippet":"max-snippet:-1","max-image-preview":"max-image-preview:large","max-video-preview":"max-video-preview:-1"},"canonical":"https:\/\/lospoliticosveracruz.com\/?p=179845","og_locale":"es_ES","og_type":"article","og_title":"LOS ARCHIVOS SECRETOS DEL HUACHICOL - Los pol\u00edticos Veracruz","og_description":"Jorge Ram\u00f3n Rizzo*Focus Group El caso de Fernando Far\u00edas Laguna desentierra los fantasmas del sexenio pasado y pone al descubierto el arte de lo que yo llamar\u00eda \u00abla negligencia calculada\u00bb y que el \u00abhuachicol fiscal mexicano\u00bb dej\u00f3 de ser un asunto de orde\u00f1a local para convertirse en un lucrativo nodo del crimen organizado global, operado [&hellip;]","og_url":"https:\/\/lospoliticosveracruz.com\/?p=179845","og_site_name":"Los pol\u00edticos Veracruz","article_publisher":"https:\/\/www.facebook.com\/people\/Notimemes-de-los-Polticos\/61565672886568\/","article_published_time":"2026-09-02T11:33:33+00:00","article_modified_time":"2026-09-02T11:33:34+00:00","og_image":[{"width":1200,"height":630,"url":"https:\/\/lospoliticosveracruz.com\/wp-content\/uploads\/2026\/06\/Jorge-Ramon-Rizzo.jpg","type":"image\/jpeg"}],"author":"Lo viste en Los Pol\u00edticos","twitter_card":"summary_large_image","twitter_creator":"@LosPoliticosVer","twitter_site":"@LosPoliticosVer","twitter_misc":{"Escrito por":"Lo viste en Los Pol\u00edticos","Tiempo de lectura":"4 minutos"},"schema":{"@context":"https:\/\/schema.org","@graph":[{"@type":"Article","@id":"https:\/\/lospoliticosveracruz.com\/?p=179845#article","isPartOf":{"@id":"https:\/\/lospoliticosveracruz.com\/?p=179845"},"author":{"name":"Lo viste en Los Pol\u00edticos","@id":"https:\/\/lospoliticosveracruz.com\/#\/schema\/person\/b8702bb0e538456e6efd07080bf2a4a2"},"headline":"LOS ARCHIVOS SECRETOS DEL HUACHICOL","datePublished":"2026-09-02T11:33:33+00:00","dateModified":"2026-09-02T11:33:34+00:00","mainEntityOfPage":{"@id":"https:\/\/lospoliticosveracruz.com\/?p=179845"},"wordCount":846,"publisher":{"@id":"https:\/\/lospoliticosveracruz.com\/#organization"},"image":{"@id":"https:\/\/lospoliticosveracruz.com\/?p=179845#primaryimage"},"thumbnailUrl":"https:\/\/lospoliticosveracruz.com\/wp-content\/uploads\/2026\/06\/Jorge-Ramon-Rizzo.jpg","keywords":["Ensenada","Fernando Far\u00edas Laguna","Guaymas","Huachicol","Jorge Ram\u00f3n Rizzo","Rafael Ojeda Dur\u00e1n","Tampico"],"articleSection":["De Opini\u00f3n"],"inLanguage":"es"},{"@type":"WebPage","@id":"https:\/\/lospoliticosveracruz.com\/?p=179845","url":"https:\/\/lospoliticosveracruz.com\/?p=179845","name":"LOS ARCHIVOS SECRETOS DEL HUACHICOL - Los pol\u00edticos Veracruz","isPartOf":{"@id":"https:\/\/lospoliticosveracruz.com\/#website"},"primaryImageOfPage":{"@id":"https:\/\/lospoliticosveracruz.com\/?p=179845#primaryimage"},"image":{"@id":"https:\/\/lospoliticosveracruz.com\/?p=179845#primaryimage"},"thumbnailUrl":"https:\/\/lospoliticosveracruz.com\/wp-content\/uploads\/2026\/06\/Jorge-Ramon-Rizzo.jpg","datePublished":"2026-09-02T11:33:33+00:00","dateModified":"2026-09-02T11:33:34+00:00","breadcrumb":{"@id":"https:\/\/lospoliticosveracruz.com\/?p=179845#breadcrumb"},"inLanguage":"es","potentialAction":[{"@type":"ReadAction","target":["https:\/\/lospoliticosveracruz.com\/?p=179845"]}]},{"@type":"ImageObject","inLanguage":"es","@id":"https:\/\/lospoliticosveracruz.com\/?p=179845#primaryimage","url":"https:\/\/lospoliticosveracruz.com\/wp-content\/uploads\/2026\/06\/Jorge-Ramon-Rizzo.jpg","contentUrl":"https:\/\/lospoliticosveracruz.com\/wp-content\/uploads\/2026\/06\/Jorge-Ramon-Rizzo.jpg","width":1200,"height":630},{"@type":"BreadcrumbList","@id":"https:\/\/lospoliticosveracruz.com\/?p=179845#breadcrumb","itemListElement":[{"@type":"ListItem","position":1,"name":"Portada","item":"https:\/\/lospoliticosveracruz.com\/"},{"@type":"ListItem","position":2,"name":"LOS ARCHIVOS SECRETOS DEL HUACHICOL"}]},{"@type":"WebSite","@id":"https:\/\/lospoliticosveracruz.com\/#website","url":"https:\/\/lospoliticosveracruz.com\/","name":"Los pol\u00edticos Veracruz","description":"","publisher":{"@id":"https:\/\/lospoliticosveracruz.com\/#organization"},"potentialAction":[{"@type":"SearchAction","target":{"@type":"EntryPoint","urlTemplate":"https:\/\/lospoliticosveracruz.com\/?s={search_term_string}"},"query-input":{"@type":"PropertyValueSpecification","valueRequired":true,"valueName":"search_term_string"}}],"inLanguage":"es"},{"@type":"Organization","@id":"https:\/\/lospoliticosveracruz.com\/#organization","name":"Los pol\u00edticos Veracruz","url":"https:\/\/lospoliticosveracruz.com\/","logo":{"@type":"ImageObject","inLanguage":"es","@id":"https:\/\/lospoliticosveracruz.com\/#\/schema\/logo\/image\/","url":"https:\/\/lospoliticosveracruz.com\/wp-content\/uploads\/2025\/12\/Logo-Nuevo-LOS-POLITICOS-1.jpg","contentUrl":"https:\/\/lospoliticosveracruz.com\/wp-content\/uploads\/2025\/12\/Logo-Nuevo-LOS-POLITICOS-1.jpg","width":260,"height":70,"caption":"Los pol\u00edticos Veracruz"},"image":{"@id":"https:\/\/lospoliticosveracruz.com\/#\/schema\/logo\/image\/"},"sameAs":["https:\/\/www.facebook.com\/people\/Notimemes-de-los-Polticos\/61565672886568\/","https:\/\/x.com\/LosPoliticosVer"]},{"@type":"Person","@id":"https:\/\/lospoliticosveracruz.com\/#\/schema\/person\/b8702bb0e538456e6efd07080bf2a4a2","name":"Lo viste en Los Pol\u00edticos","image":{"@type":"ImageObject","inLanguage":"es","@id":"https:\/\/secure.gravatar.com\/avatar\/3a8de04a2656d44082be478bd6c086daa447c4651605818287b9532d3d0bd435?s=96&d=mm&r=g","url":"https:\/\/secure.gravatar.com\/avatar\/3a8de04a2656d44082be478bd6c086daa447c4651605818287b9532d3d0bd435?s=96&d=mm&r=g","contentUrl":"https:\/\/secure.gravatar.com\/avatar\/3a8de04a2656d44082be478bd6c086daa447c4651605818287b9532d3d0bd435?s=96&d=mm&r=g","caption":"Lo viste en Los Pol\u00edticos"},"url":"https:\/\/lospoliticosveracruz.com\/?author=2"}]}},"_links":{"self":[{"href":"https:\/\/lospoliticosveracruz.com\/index.php?rest_route=\/wp\/v2\/posts\/179845","targetHints":{"allow":["GET"]}}],"collection":[{"href":"https:\/\/lospoliticosveracruz.com\/index.php?rest_route=\/wp\/v2\/posts"}],"about":[{"href":"https:\/\/lospoliticosveracruz.com\/index.php?rest_route=\/wp\/v2\/types\/post"}],"author":[{"embeddable":true,"href":"https:\/\/lospoliticosveracruz.com\/index.php?rest_route=\/wp\/v2\/users\/2"}],"replies":[{"embeddable":true,"href":"https:\/\/lospoliticosveracruz.com\/index.php?rest_route=%2Fwp%2Fv2%2Fcomments&post=179845"}],"version-history":[{"count":1,"href":"https:\/\/lospoliticosveracruz.com\/index.php?rest_route=\/wp\/v2\/posts\/179845\/revisions"}],"predecessor-version":[{"id":179846,"href":"https:\/\/lospoliticosveracruz.com\/index.php?rest_route=\/wp\/v2\/posts\/179845\/revisions\/179846"}],"wp:featuredmedia":[{"embeddable":true,"href":"https:\/\/lospoliticosveracruz.com\/index.php?rest_route=\/wp\/v2\/media\/174802"}],"wp:attachment":[{"href":"https:\/\/lospoliticosveracruz.com\/index.php?rest_route=%2Fwp%2Fv2%2Fmedia&parent=179845"}],"wp:term":[{"taxonomy":"category","embeddable":true,"href":"https:\/\/lospoliticosveracruz.com\/index.php?rest_route=%2Fwp%2Fv2%2Fcategories&post=179845"},{"taxonomy":"post_tag","embeddable":true,"href":"https:\/\/lospoliticosveracruz.com\/index.php?rest_route=%2Fwp%2Fv2%2Ftags&post=179845"}],"curies":[{"name":"wp","href":"https:\/\/api.w.org\/{rel}","templated":true}]}}