{"id":179848,"date":"2026-09-02T06:21:02","date_gmt":"2026-09-02T12:21:02","guid":{"rendered":"https:\/\/lospoliticosveracruz.com\/?p=179848"},"modified":"2026-09-02T06:21:03","modified_gmt":"2026-09-02T12:21:03","slug":"paso-de-ovejas-y-coscomatepec-en-la-mira","status":"publish","type":"post","link":"https:\/\/lospoliticosveracruz.com\/?p=179848","title":{"rendered":"PASO DE OVEJAS Y COSCOMATEPEC EN LA MIRA"},"content":{"rendered":"<div class=\"wp-block-image\">\n<figure class=\"alignleft size-large is-resized\"><a href=\"https:\/\/lospoliticosveracruz.com\/wp-content\/uploads\/2026\/09\/banners-prevencion-suicidio-500x500-1.png\"><img loading=\"lazy\" decoding=\"async\" width=\"1024\" height=\"1024\" src=\"https:\/\/lospoliticosveracruz.com\/wp-content\/uploads\/2026\/09\/banners-prevencion-suicidio-500x500-1-1024x1024.png\" alt=\"\" class=\"wp-image-179740\" style=\"width:476px;height:auto\" srcset=\"https:\/\/lospoliticosveracruz.com\/wp-content\/uploads\/2026\/09\/banners-prevencion-suicidio-500x500-1-1024x1024.png 1024w, https:\/\/lospoliticosveracruz.com\/wp-content\/uploads\/2026\/09\/banners-prevencion-suicidio-500x500-1-300x300.png 300w, https:\/\/lospoliticosveracruz.com\/wp-content\/uploads\/2026\/09\/banners-prevencion-suicidio-500x500-1-150x150.png 150w, https:\/\/lospoliticosveracruz.com\/wp-content\/uploads\/2026\/09\/banners-prevencion-suicidio-500x500-1-768x768.png 768w, https:\/\/lospoliticosveracruz.com\/wp-content\/uploads\/2026\/09\/banners-prevencion-suicidio-500x500-1-1536x1536.png 1536w, https:\/\/lospoliticosveracruz.com\/wp-content\/uploads\/2026\/09\/banners-prevencion-suicidio-500x500-1-2048x2048.png 2048w, https:\/\/lospoliticosveracruz.com\/wp-content\/uploads\/2026\/09\/banners-prevencion-suicidio-500x500-1-420x420.png 420w, https:\/\/lospoliticosveracruz.com\/wp-content\/uploads\/2026\/09\/banners-prevencion-suicidio-500x500-1-696x696.png 696w, https:\/\/lospoliticosveracruz.com\/wp-content\/uploads\/2026\/09\/banners-prevencion-suicidio-500x500-1-1068x1068.png 1068w, https:\/\/lospoliticosveracruz.com\/wp-content\/uploads\/2026\/09\/banners-prevencion-suicidio-500x500-1-1920x1920.png 1920w\" sizes=\"auto, (max-width: 1024px) 100vw, 1024px\" \/><\/a><\/figure>\n<\/div>\n\n\n<p><strong>Omar Z\u00fa\u00f1iga<\/strong><br><em>De Primera Mano<\/em><\/p>\n\n\n\n<p class=\"dropcapp1\">El \u201ccorredor naranja\u201d \u2014esa franja que va de \u00darsulo Galv\u00e1n a La&nbsp;Antigua,&nbsp;pasa por Puente Nacional y Paso de Ovejas y llega hasta Jalcomulco\u2014 sigue desangr\u00e1ndose.&nbsp;<\/p>\n\n\n\n<p>Conviene decirlo sin eufemismos: no se trata de un incidente aislado ni de una racha de mala suerte, sino de un patr\u00f3n que ya tiene nombre, apellido y, sobre todo, responsable pol\u00edtico.<\/p>\n\n\n\n<p>El desafuero de&nbsp;<strong>Bert\u00edn Bravo Montero<\/strong>&nbsp;en \u00darsulo Galv\u00e1n, por la desaparici\u00f3n forzada del empresario&nbsp;<strong>H\u00e9ctor Ramos S\u00e1nchez<\/strong>&nbsp;y su escolta, fue apenas el primer cap\u00edtulo.&nbsp;<\/p>\n\n\n\n<p>El segundo lo escribi\u00f3&nbsp;<strong>Ra\u00fal Gonz\u00e1lez Mart\u00ednez<\/strong>, alcalde de Ixhuatl\u00e1n del Sureste, se\u00f1alado por la FGE en el feminicidio de&nbsp;<strong>Roxana Guzm\u00e1n<\/strong>, secuestrada en Nanchital y hallada sin vida.&nbsp;<\/p>\n\n\n\n<p>Dos alcaldes, dos delitos de alt\u00edsimo impacto, un mismo partido.<\/p>\n\n\n\n<p>Todo indica que no ser\u00e1n los \u00faltimos; hay&nbsp;ya un par de municipios m\u00e1s gobernados por Movimiento Ciudadano que est\u00e1n&nbsp;en capilla frente a la Fiscal\u00eda: Paso de Ovejas, con&nbsp;<strong>Uriel Peralta Barrios<\/strong>&nbsp;al frente, y Coscomatepec, donde despacha&nbsp;<strong>Armando Reyes Mu\u00f1oz<\/strong>.<\/p>\n\n\n\n<p>El caso de Coscomatepec merece detenerse, porque ah\u00ed el patr\u00f3n ya no es una sospecha pol\u00edtica, sino una sentencia firme: seis expolic\u00edas municipales, que prestaron servicio bajo la administraci\u00f3n de Reyes Mu\u00f1oz, fueron condenados a cuatro a\u00f1os y nueve meses de prisi\u00f3n por delitos contra la salud, despu\u00e9s de que un cateo en la comandancia municipal \u2014realizado por la Polic\u00eda Ministerial en coordinaci\u00f3n con la Semar y la Polic\u00eda Estatal\u2014 encontrara droga en las instalaciones.&nbsp;<\/p>\n\n\n\n<p>No es una acusaci\u00f3n fabricada ni una carpeta en construcci\u00f3n: es una condena ya dictada contra la propia estructura de seguridad del ayuntamiento. Y el alcalde, hasta ahora, no ha ofrecido a la ciudadan\u00eda una explicaci\u00f3n p\u00fablica sobre lo ocurrido en su propia comandancia.<\/p>\n\n\n\n<p>Paso de Ovejas, por su parte, forma parte de esa misma franja que Bert\u00edn Bravo articulaba pol\u00edticamente y que hoy, sin su liderazgo, ha quedado m\u00e1s expuesta que nunca frente a la Fiscal\u00eda.&nbsp;<\/p>\n\n\n\n<p>Que el municipio de&nbsp;<strong>Uriel Peralta Barrios<\/strong>&nbsp;aparezca ya en el radar de la FGE, apenas semanas despu\u00e9s de que el corredor naranja registrara dos desafueros consecutivos, no es una coincidencia menor: es la confirmaci\u00f3n de que el problema no estaba \u00fanicamente en \u00darsulo Galv\u00e1n ni en Ixhuatl\u00e1n del Sureste, sino en la manera en que se construy\u00f3, de origen, la operaci\u00f3n pol\u00edtica de Movimiento Ciudadano.<\/p>\n\n\n\n<p>*****<\/p>\n\n\n\n<p>Un partido puede denunciar con toda raz\u00f3n que la Fiscal\u00eda act\u00faa con motivaciones pol\u00edticas \u2014y en el caso de&nbsp;<strong>Bert\u00edn Bravo<\/strong>, insisto, la sospecha tiene sustento razonable\u2014, pero no puede sostener ese relato de v\u00edctima cuando, al mismo tiempo, acumula desafueros por desaparici\u00f3n forzada, un feminicidio, y una comandancia municipal presa por narcotr\u00e1fico, todo en apenas siete meses de gobierno. En alg\u00fan momento la explicaci\u00f3n deja de estar en la Fiscal\u00eda y empieza a estar en el partido mismo.<\/p>\n\n\n\n<p>Y el partido mismo, en Veracruz, tiene nombre:&nbsp;<strong>Luis Carbonell de la Hoz<\/strong>. Desde octubre de 2024, cuando tom\u00f3 protesta como dirigente estatal en relevo del hoy diputado federal y delegado nacional naranja&nbsp;<strong>Sergio Gil&nbsp;<\/strong><strong>Rull\u00e1n<\/strong>, Carbonell ha repetido en cada asamblea la misma promesa: \u201cconstruir desde lo local\u201d, consolidar a Movimiento Ciudadano como primera fuerza pol\u00edtica del estado.&nbsp;<\/p>\n\n\n\n<p>Pero fue precisamente bajo su operaci\u00f3n pol\u00edtica \u2014el dise\u00f1o de candidaturas, el aval de perfiles, la construcci\u00f3n de ese corredor naranja como basti\u00f3n territorial\u2014 que hoy se desmorona uno de los pocos activos reales que el partido ten\u00eda rumbo a 2027.&nbsp;<\/p>\n\n\n\n<p>No hablamos de errores ajenos ni de fiscales inventando delitos: hablamos de candidaturas que la propia dirigencia estatal seleccion\u00f3, promovi\u00f3 y fotografi\u00f3 en campa\u00f1a, y que hoy enfrentan procesos por los delitos m\u00e1s graves que contempla el c\u00f3digo penal.<\/p>\n\n\n\n<p>*****<\/p>\n\n\n\n<p>La pregunta que la militancia naranja deber\u00eda estarse haciendo no es si la Fiscal\u00eda persigue a Movimiento Ciudadano \u2014probablemente s\u00ed, en alg\u00fan grado, como ocurre con toda oposici\u00f3n real en Veracruz\u2014, sino qu\u00e9 filtros, o la ausencia de ellos, permitieron que perfiles como los de \u00darsulo Galv\u00e1n e Ixhuatl\u00e1n del Sureste llegaran a una boleta electoral con el aval de la dirigencia estatal.&nbsp;<\/p>\n\n\n\n<p>Y si Paso de Ovejas y Coscomatepec terminan sum\u00e1ndose a la lista, la respuesta ya no podr\u00e1 achacarse a la casualidad ni a la persecuci\u00f3n: ser\u00e1, llanamente, la consecuencia de siete meses sin control de da\u00f1os desde la dirigencia de Carbonell.<\/p>\n\n\n\n<p>El corredor naranja se llam\u00f3 as\u00ed, alguna vez, porque ah\u00ed Movimiento Ciudadano ten\u00eda control real, cinco alcald\u00edas construidas alrededor del liderazgo de&nbsp;<strong>Bert\u00edn Bravo<\/strong>.&nbsp;<\/p>\n\n\n\n<p>Hoy, esa misma franja se ha convertido en el mapa de riesgo del partido&nbsp;naranja&nbsp;en Veracruz, y cada nuevo municipio que se suma a la lista \u2014Paso de Ovejas y Coscomatepec, con la Fiscal\u00eda ya tocando la puerta\u2014 es una prueba m\u00e1s de que la crisis est\u00e1 en la falta de liderazgo, filtro y control que ha caracterizado a la dirigencia estatal desde que Carbonell tom\u00f3 las riendas del partido.<\/p>\n\n\n\n<p>\u00a1Qu\u00e9 barbaridad!<\/p>\n\n\n\n<p>deprimera.mano2020@gmail.com<\/p>\n\n\n\n<p><\/p>\n","protected":false},"excerpt":{"rendered":"<p>Omar Z\u00fa\u00f1igaDe Primera Mano El \u201ccorredor naranja\u201d \u2014esa franja que va de \u00darsulo Galv\u00e1n a La&nbsp;Antigua,&nbsp;pasa por Puente Nacional y Paso de Ovejas y llega hasta Jalcomulco\u2014 sigue desangr\u00e1ndose.&nbsp; Conviene decirlo sin eufemismos: no se trata de un incidente aislado ni de una racha de mala suerte, sino de un patr\u00f3n que ya tiene nombre, [&hellip;]<\/p>\n","protected":false},"author":2,"featured_media":141427,"comment_status":"closed","ping_status":"closed","sticky":false,"template":"","format":"standard","meta":{"tdm_status":"","tdm_grid_status":"","footnotes":""},"categories":[70],"tags":[70979,50969,3581,70980,4861,2327,28705,4703,5741,42965,66360,70978,3469],"class_list":{"0":"post-179848","1":"post","2":"type-post","3":"status-publish","4":"format-standard","5":"has-post-thumbnail","7":"category-de-opinion","8":"tag-armando-reyes-munoz","9":"tag-bertin-bravo-montero","10":"tag-coscomatepec","11":"tag-hector-ramos-sanchez","12":"tag-jalcomulco","13":"tag-movimiento-ciudadano","14":"tag-omar-zuniga","15":"tag-paso-de-ovejas","16":"tag-puente-nacional","17":"tag-raul-gonzalez-martinez","18":"tag-roxana-guzman","19":"tag-uriel-peralta-barrios","20":"tag-ursulo-galvan"},"yoast_head":"<!-- This site is optimized with the Yoast SEO plugin v28.1 - https:\/\/yoast.com\/product\/yoast-seo-wordpress\/ -->\n<title>PASO DE OVEJAS Y COSCOMATEPEC EN LA MIRA - Los pol\u00edticos Veracruz<\/title>\n<meta name=\"robots\" content=\"index, follow, max-snippet:-1, max-image-preview:large, max-video-preview:-1\" \/>\n<link rel=\"canonical\" href=\"https:\/\/lospoliticosveracruz.com\/?p=179848\" \/>\n<meta property=\"og:locale\" content=\"es_ES\" \/>\n<meta property=\"og:type\" content=\"article\" \/>\n<meta property=\"og:title\" content=\"PASO DE OVEJAS Y COSCOMATEPEC EN LA MIRA - Los pol\u00edticos Veracruz\" \/>\n<meta property=\"og:description\" content=\"Omar Z\u00fa\u00f1igaDe Primera Mano El \u201ccorredor naranja\u201d \u2014esa franja que va de \u00darsulo Galv\u00e1n a La&nbsp;Antigua,&nbsp;pasa por Puente Nacional y Paso de Ovejas y llega hasta Jalcomulco\u2014 sigue desangr\u00e1ndose.&nbsp; Conviene decirlo sin eufemismos: no se trata de un incidente aislado ni de una racha de mala suerte, sino de un patr\u00f3n que ya tiene nombre, [&hellip;]\" \/>\n<meta property=\"og:url\" content=\"https:\/\/lospoliticosveracruz.com\/?p=179848\" \/>\n<meta property=\"og:site_name\" content=\"Los pol\u00edticos Veracruz\" \/>\n<meta property=\"article:publisher\" content=\"https:\/\/www.facebook.com\/people\/Notimemes-de-los-Polticos\/61565672886568\/\" \/>\n<meta property=\"article:published_time\" content=\"2026-09-02T12:21:02+00:00\" \/>\n<meta property=\"article:modified_time\" content=\"2026-09-02T12:21:03+00:00\" \/>\n<meta property=\"og:image\" content=\"https:\/\/lospoliticosveracruz.com\/wp-content\/uploads\/2025\/04\/Omar-Zuniga-e1787103094745.jpg\" \/>\n\t<meta property=\"og:image:width\" content=\"600\" \/>\n\t<meta property=\"og:image:height\" content=\"320\" \/>\n\t<meta property=\"og:image:type\" content=\"image\/jpeg\" \/>\n<meta name=\"author\" content=\"Lo viste en Los Pol\u00edticos\" \/>\n<meta name=\"twitter:card\" content=\"summary_large_image\" \/>\n<meta name=\"twitter:creator\" content=\"@LosPoliticosVer\" \/>\n<meta name=\"twitter:site\" content=\"@LosPoliticosVer\" \/>\n<meta name=\"twitter:label1\" content=\"Escrito por\" \/>\n\t<meta name=\"twitter:data1\" content=\"Lo viste en Los Pol\u00edticos\" \/>\n\t<meta name=\"twitter:label2\" content=\"Tiempo de lectura\" \/>\n\t<meta name=\"twitter:data2\" content=\"5 minutos\" \/>\n<script type=\"application\/ld+json\" class=\"yoast-schema-graph\">{\"@context\":\"https:\\\/\\\/schema.org\",\"@graph\":[{\"@type\":\"Article\",\"@id\":\"https:\\\/\\\/lospoliticosveracruz.com\\\/?p=179848#article\",\"isPartOf\":{\"@id\":\"https:\\\/\\\/lospoliticosveracruz.com\\\/?p=179848\"},\"author\":{\"name\":\"Lo viste en Los Pol\u00edticos\",\"@id\":\"https:\\\/\\\/lospoliticosveracruz.com\\\/#\\\/schema\\\/person\\\/b8702bb0e538456e6efd07080bf2a4a2\"},\"headline\":\"PASO DE OVEJAS Y COSCOMATEPEC EN LA MIRA\",\"datePublished\":\"2026-09-02T12:21:02+00:00\",\"dateModified\":\"2026-09-02T12:21:03+00:00\",\"mainEntityOfPage\":{\"@id\":\"https:\\\/\\\/lospoliticosveracruz.com\\\/?p=179848\"},\"wordCount\":934,\"publisher\":{\"@id\":\"https:\\\/\\\/lospoliticosveracruz.com\\\/#organization\"},\"image\":{\"@id\":\"https:\\\/\\\/lospoliticosveracruz.com\\\/?p=179848#primaryimage\"},\"thumbnailUrl\":\"https:\\\/\\\/lospoliticosveracruz.com\\\/wp-content\\\/uploads\\\/2025\\\/04\\\/Omar-Zuniga-e1787103094745.jpg\",\"keywords\":[\"Armando Reyes Mu\u00f1oz\",\"Bert\u00edn Bravo Montero\",\"Coscomatepec\",\"H\u00e9ctor Ramos S\u00e1nchez\",\"Jalcomulco\",\"Movimiento Ciudadano\",\"Omar Z\u00fa\u00f1iga\",\"Paso de Ovejas\",\"Puente Nacional\",\"Ra\u00fal Gonz\u00e1lez Mart\u00ednez\",\"Roxana Guzm\u00e1n\",\"Uriel Peralta Barrios\",\"\u00darsulo Galv\u00e1n\"],\"articleSection\":[\"De Opini\u00f3n\"],\"inLanguage\":\"es\"},{\"@type\":\"WebPage\",\"@id\":\"https:\\\/\\\/lospoliticosveracruz.com\\\/?p=179848\",\"url\":\"https:\\\/\\\/lospoliticosveracruz.com\\\/?p=179848\",\"name\":\"PASO DE OVEJAS Y COSCOMATEPEC EN LA MIRA - Los pol\u00edticos Veracruz\",\"isPartOf\":{\"@id\":\"https:\\\/\\\/lospoliticosveracruz.com\\\/#website\"},\"primaryImageOfPage\":{\"@id\":\"https:\\\/\\\/lospoliticosveracruz.com\\\/?p=179848#primaryimage\"},\"image\":{\"@id\":\"https:\\\/\\\/lospoliticosveracruz.com\\\/?p=179848#primaryimage\"},\"thumbnailUrl\":\"https:\\\/\\\/lospoliticosveracruz.com\\\/wp-content\\\/uploads\\\/2025\\\/04\\\/Omar-Zuniga-e1787103094745.jpg\",\"datePublished\":\"2026-09-02T12:21:02+00:00\",\"dateModified\":\"2026-09-02T12:21:03+00:00\",\"breadcrumb\":{\"@id\":\"https:\\\/\\\/lospoliticosveracruz.com\\\/?p=179848#breadcrumb\"},\"inLanguage\":\"es\",\"potentialAction\":[{\"@type\":\"ReadAction\",\"target\":[\"https:\\\/\\\/lospoliticosveracruz.com\\\/?p=179848\"]}]},{\"@type\":\"ImageObject\",\"inLanguage\":\"es\",\"@id\":\"https:\\\/\\\/lospoliticosveracruz.com\\\/?p=179848#primaryimage\",\"url\":\"https:\\\/\\\/lospoliticosveracruz.com\\\/wp-content\\\/uploads\\\/2025\\\/04\\\/Omar-Zuniga-e1787103094745.jpg\",\"contentUrl\":\"https:\\\/\\\/lospoliticosveracruz.com\\\/wp-content\\\/uploads\\\/2025\\\/04\\\/Omar-Zuniga-e1787103094745.jpg\",\"width\":600,\"height\":320},{\"@type\":\"BreadcrumbList\",\"@id\":\"https:\\\/\\\/lospoliticosveracruz.com\\\/?p=179848#breadcrumb\",\"itemListElement\":[{\"@type\":\"ListItem\",\"position\":1,\"name\":\"Portada\",\"item\":\"https:\\\/\\\/lospoliticosveracruz.com\\\/\"},{\"@type\":\"ListItem\",\"position\":2,\"name\":\"PASO DE OVEJAS Y COSCOMATEPEC EN LA MIRA\"}]},{\"@type\":\"WebSite\",\"@id\":\"https:\\\/\\\/lospoliticosveracruz.com\\\/#website\",\"url\":\"https:\\\/\\\/lospoliticosveracruz.com\\\/\",\"name\":\"Los pol\u00edticos Veracruz\",\"description\":\"\",\"publisher\":{\"@id\":\"https:\\\/\\\/lospoliticosveracruz.com\\\/#organization\"},\"potentialAction\":[{\"@type\":\"SearchAction\",\"target\":{\"@type\":\"EntryPoint\",\"urlTemplate\":\"https:\\\/\\\/lospoliticosveracruz.com\\\/?s={search_term_string}\"},\"query-input\":{\"@type\":\"PropertyValueSpecification\",\"valueRequired\":true,\"valueName\":\"search_term_string\"}}],\"inLanguage\":\"es\"},{\"@type\":\"Organization\",\"@id\":\"https:\\\/\\\/lospoliticosveracruz.com\\\/#organization\",\"name\":\"Los pol\u00edticos Veracruz\",\"url\":\"https:\\\/\\\/lospoliticosveracruz.com\\\/\",\"logo\":{\"@type\":\"ImageObject\",\"inLanguage\":\"es\",\"@id\":\"https:\\\/\\\/lospoliticosveracruz.com\\\/#\\\/schema\\\/logo\\\/image\\\/\",\"url\":\"https:\\\/\\\/lospoliticosveracruz.com\\\/wp-content\\\/uploads\\\/2025\\\/12\\\/Logo-Nuevo-LOS-POLITICOS-1.jpg\",\"contentUrl\":\"https:\\\/\\\/lospoliticosveracruz.com\\\/wp-content\\\/uploads\\\/2025\\\/12\\\/Logo-Nuevo-LOS-POLITICOS-1.jpg\",\"width\":260,\"height\":70,\"caption\":\"Los pol\u00edticos Veracruz\"},\"image\":{\"@id\":\"https:\\\/\\\/lospoliticosveracruz.com\\\/#\\\/schema\\\/logo\\\/image\\\/\"},\"sameAs\":[\"https:\\\/\\\/www.facebook.com\\\/people\\\/Notimemes-de-los-Polticos\\\/61565672886568\\\/\",\"https:\\\/\\\/x.com\\\/LosPoliticosVer\"]},{\"@type\":\"Person\",\"@id\":\"https:\\\/\\\/lospoliticosveracruz.com\\\/#\\\/schema\\\/person\\\/b8702bb0e538456e6efd07080bf2a4a2\",\"name\":\"Lo viste en Los Pol\u00edticos\",\"image\":{\"@type\":\"ImageObject\",\"inLanguage\":\"es\",\"@id\":\"https:\\\/\\\/secure.gravatar.com\\\/avatar\\\/3a8de04a2656d44082be478bd6c086daa447c4651605818287b9532d3d0bd435?s=96&d=mm&r=g\",\"url\":\"https:\\\/\\\/secure.gravatar.com\\\/avatar\\\/3a8de04a2656d44082be478bd6c086daa447c4651605818287b9532d3d0bd435?s=96&d=mm&r=g\",\"contentUrl\":\"https:\\\/\\\/secure.gravatar.com\\\/avatar\\\/3a8de04a2656d44082be478bd6c086daa447c4651605818287b9532d3d0bd435?s=96&d=mm&r=g\",\"caption\":\"Lo viste en Los Pol\u00edticos\"},\"url\":\"https:\\\/\\\/lospoliticosveracruz.com\\\/?author=2\"}]}<\/script>\n<!-- \/ Yoast SEO plugin. -->","yoast_head_json":{"title":"PASO DE OVEJAS Y COSCOMATEPEC EN LA MIRA - Los pol\u00edticos Veracruz","robots":{"index":"index","follow":"follow","max-snippet":"max-snippet:-1","max-image-preview":"max-image-preview:large","max-video-preview":"max-video-preview:-1"},"canonical":"https:\/\/lospoliticosveracruz.com\/?p=179848","og_locale":"es_ES","og_type":"article","og_title":"PASO DE OVEJAS Y COSCOMATEPEC EN LA MIRA - Los pol\u00edticos Veracruz","og_description":"Omar Z\u00fa\u00f1igaDe Primera Mano El \u201ccorredor naranja\u201d \u2014esa franja que va de \u00darsulo Galv\u00e1n a La&nbsp;Antigua,&nbsp;pasa por Puente Nacional y Paso de Ovejas y llega hasta Jalcomulco\u2014 sigue desangr\u00e1ndose.&nbsp; Conviene decirlo sin eufemismos: no se trata de un incidente aislado ni de una racha de mala suerte, sino de un patr\u00f3n que ya tiene nombre, [&hellip;]","og_url":"https:\/\/lospoliticosveracruz.com\/?p=179848","og_site_name":"Los pol\u00edticos Veracruz","article_publisher":"https:\/\/www.facebook.com\/people\/Notimemes-de-los-Polticos\/61565672886568\/","article_published_time":"2026-09-02T12:21:02+00:00","article_modified_time":"2026-09-02T12:21:03+00:00","og_image":[{"width":600,"height":320,"url":"https:\/\/lospoliticosveracruz.com\/wp-content\/uploads\/2025\/04\/Omar-Zuniga-e1787103094745.jpg","type":"image\/jpeg"}],"author":"Lo viste en Los Pol\u00edticos","twitter_card":"summary_large_image","twitter_creator":"@LosPoliticosVer","twitter_site":"@LosPoliticosVer","twitter_misc":{"Escrito por":"Lo viste en Los Pol\u00edticos","Tiempo de lectura":"5 minutos"},"schema":{"@context":"https:\/\/schema.org","@graph":[{"@type":"Article","@id":"https:\/\/lospoliticosveracruz.com\/?p=179848#article","isPartOf":{"@id":"https:\/\/lospoliticosveracruz.com\/?p=179848"},"author":{"name":"Lo viste en Los Pol\u00edticos","@id":"https:\/\/lospoliticosveracruz.com\/#\/schema\/person\/b8702bb0e538456e6efd07080bf2a4a2"},"headline":"PASO DE OVEJAS Y COSCOMATEPEC EN LA MIRA","datePublished":"2026-09-02T12:21:02+00:00","dateModified":"2026-09-02T12:21:03+00:00","mainEntityOfPage":{"@id":"https:\/\/lospoliticosveracruz.com\/?p=179848"},"wordCount":934,"publisher":{"@id":"https:\/\/lospoliticosveracruz.com\/#organization"},"image":{"@id":"https:\/\/lospoliticosveracruz.com\/?p=179848#primaryimage"},"thumbnailUrl":"https:\/\/lospoliticosveracruz.com\/wp-content\/uploads\/2025\/04\/Omar-Zuniga-e1787103094745.jpg","keywords":["Armando Reyes Mu\u00f1oz","Bert\u00edn Bravo Montero","Coscomatepec","H\u00e9ctor Ramos S\u00e1nchez","Jalcomulco","Movimiento Ciudadano","Omar Z\u00fa\u00f1iga","Paso de Ovejas","Puente Nacional","Ra\u00fal Gonz\u00e1lez Mart\u00ednez","Roxana Guzm\u00e1n","Uriel Peralta Barrios","\u00darsulo Galv\u00e1n"],"articleSection":["De Opini\u00f3n"],"inLanguage":"es"},{"@type":"WebPage","@id":"https:\/\/lospoliticosveracruz.com\/?p=179848","url":"https:\/\/lospoliticosveracruz.com\/?p=179848","name":"PASO DE OVEJAS Y COSCOMATEPEC EN LA MIRA - Los pol\u00edticos Veracruz","isPartOf":{"@id":"https:\/\/lospoliticosveracruz.com\/#website"},"primaryImageOfPage":{"@id":"https:\/\/lospoliticosveracruz.com\/?p=179848#primaryimage"},"image":{"@id":"https:\/\/lospoliticosveracruz.com\/?p=179848#primaryimage"},"thumbnailUrl":"https:\/\/lospoliticosveracruz.com\/wp-content\/uploads\/2025\/04\/Omar-Zuniga-e1787103094745.jpg","datePublished":"2026-09-02T12:21:02+00:00","dateModified":"2026-09-02T12:21:03+00:00","breadcrumb":{"@id":"https:\/\/lospoliticosveracruz.com\/?p=179848#breadcrumb"},"inLanguage":"es","potentialAction":[{"@type":"ReadAction","target":["https:\/\/lospoliticosveracruz.com\/?p=179848"]}]},{"@type":"ImageObject","inLanguage":"es","@id":"https:\/\/lospoliticosveracruz.com\/?p=179848#primaryimage","url":"https:\/\/lospoliticosveracruz.com\/wp-content\/uploads\/2025\/04\/Omar-Zuniga-e1787103094745.jpg","contentUrl":"https:\/\/lospoliticosveracruz.com\/wp-content\/uploads\/2025\/04\/Omar-Zuniga-e1787103094745.jpg","width":600,"height":320},{"@type":"BreadcrumbList","@id":"https:\/\/lospoliticosveracruz.com\/?p=179848#breadcrumb","itemListElement":[{"@type":"ListItem","position":1,"name":"Portada","item":"https:\/\/lospoliticosveracruz.com\/"},{"@type":"ListItem","position":2,"name":"PASO DE OVEJAS Y COSCOMATEPEC EN LA MIRA"}]},{"@type":"WebSite","@id":"https:\/\/lospoliticosveracruz.com\/#website","url":"https:\/\/lospoliticosveracruz.com\/","name":"Los pol\u00edticos Veracruz","description":"","publisher":{"@id":"https:\/\/lospoliticosveracruz.com\/#organization"},"potentialAction":[{"@type":"SearchAction","target":{"@type":"EntryPoint","urlTemplate":"https:\/\/lospoliticosveracruz.com\/?s={search_term_string}"},"query-input":{"@type":"PropertyValueSpecification","valueRequired":true,"valueName":"search_term_string"}}],"inLanguage":"es"},{"@type":"Organization","@id":"https:\/\/lospoliticosveracruz.com\/#organization","name":"Los pol\u00edticos Veracruz","url":"https:\/\/lospoliticosveracruz.com\/","logo":{"@type":"ImageObject","inLanguage":"es","@id":"https:\/\/lospoliticosveracruz.com\/#\/schema\/logo\/image\/","url":"https:\/\/lospoliticosveracruz.com\/wp-content\/uploads\/2025\/12\/Logo-Nuevo-LOS-POLITICOS-1.jpg","contentUrl":"https:\/\/lospoliticosveracruz.com\/wp-content\/uploads\/2025\/12\/Logo-Nuevo-LOS-POLITICOS-1.jpg","width":260,"height":70,"caption":"Los pol\u00edticos Veracruz"},"image":{"@id":"https:\/\/lospoliticosveracruz.com\/#\/schema\/logo\/image\/"},"sameAs":["https:\/\/www.facebook.com\/people\/Notimemes-de-los-Polticos\/61565672886568\/","https:\/\/x.com\/LosPoliticosVer"]},{"@type":"Person","@id":"https:\/\/lospoliticosveracruz.com\/#\/schema\/person\/b8702bb0e538456e6efd07080bf2a4a2","name":"Lo viste en Los Pol\u00edticos","image":{"@type":"ImageObject","inLanguage":"es","@id":"https:\/\/secure.gravatar.com\/avatar\/3a8de04a2656d44082be478bd6c086daa447c4651605818287b9532d3d0bd435?s=96&d=mm&r=g","url":"https:\/\/secure.gravatar.com\/avatar\/3a8de04a2656d44082be478bd6c086daa447c4651605818287b9532d3d0bd435?s=96&d=mm&r=g","contentUrl":"https:\/\/secure.gravatar.com\/avatar\/3a8de04a2656d44082be478bd6c086daa447c4651605818287b9532d3d0bd435?s=96&d=mm&r=g","caption":"Lo viste en Los Pol\u00edticos"},"url":"https:\/\/lospoliticosveracruz.com\/?author=2"}]}},"_links":{"self":[{"href":"https:\/\/lospoliticosveracruz.com\/index.php?rest_route=\/wp\/v2\/posts\/179848","targetHints":{"allow":["GET"]}}],"collection":[{"href":"https:\/\/lospoliticosveracruz.com\/index.php?rest_route=\/wp\/v2\/posts"}],"about":[{"href":"https:\/\/lospoliticosveracruz.com\/index.php?rest_route=\/wp\/v2\/types\/post"}],"author":[{"embeddable":true,"href":"https:\/\/lospoliticosveracruz.com\/index.php?rest_route=\/wp\/v2\/users\/2"}],"replies":[{"embeddable":true,"href":"https:\/\/lospoliticosveracruz.com\/index.php?rest_route=%2Fwp%2Fv2%2Fcomments&post=179848"}],"version-history":[{"count":1,"href":"https:\/\/lospoliticosveracruz.com\/index.php?rest_route=\/wp\/v2\/posts\/179848\/revisions"}],"predecessor-version":[{"id":179849,"href":"https:\/\/lospoliticosveracruz.com\/index.php?rest_route=\/wp\/v2\/posts\/179848\/revisions\/179849"}],"wp:featuredmedia":[{"embeddable":true,"href":"https:\/\/lospoliticosveracruz.com\/index.php?rest_route=\/wp\/v2\/media\/141427"}],"wp:attachment":[{"href":"https:\/\/lospoliticosveracruz.com\/index.php?rest_route=%2Fwp%2Fv2%2Fmedia&parent=179848"}],"wp:term":[{"taxonomy":"category","embeddable":true,"href":"https:\/\/lospoliticosveracruz.com\/index.php?rest_route=%2Fwp%2Fv2%2Fcategories&post=179848"},{"taxonomy":"post_tag","embeddable":true,"href":"https:\/\/lospoliticosveracruz.com\/index.php?rest_route=%2Fwp%2Fv2%2Ftags&post=179848"}],"curies":[{"name":"wp","href":"https:\/\/api.w.org\/{rel}","templated":true}]}}