{"id":179850,"date":"2026-09-02T06:26:22","date_gmt":"2026-09-02T12:26:22","guid":{"rendered":"https:\/\/lospoliticosveracruz.com\/?p=179850"},"modified":"2026-09-02T06:27:04","modified_gmt":"2026-09-02T12:27:04","slug":"los-otros-reto-de-la-fge","status":"publish","type":"post","link":"https:\/\/lospoliticosveracruz.com\/?p=179850","title":{"rendered":"LOS OTROS RETOS DE LA FGE"},"content":{"rendered":"<div class=\"wp-block-image\">\n<figure class=\"alignleft size-medium is-resized\"><a href=\"https:\/\/lospoliticosveracruz.com\/wp-content\/uploads\/2026\/09\/no-ala-pirotecnia-medio_300x300png.png\"><img loading=\"lazy\" decoding=\"async\" width=\"300\" height=\"300\" src=\"https:\/\/lospoliticosveracruz.com\/wp-content\/uploads\/2026\/09\/no-ala-pirotecnia-medio_300x300png-300x300.png\" alt=\"\" class=\"wp-image-179741\" style=\"width:425px;height:auto\" srcset=\"https:\/\/lospoliticosveracruz.com\/wp-content\/uploads\/2026\/09\/no-ala-pirotecnia-medio_300x300png-300x300.png 300w, https:\/\/lospoliticosveracruz.com\/wp-content\/uploads\/2026\/09\/no-ala-pirotecnia-medio_300x300png-1024x1024.png 1024w, https:\/\/lospoliticosveracruz.com\/wp-content\/uploads\/2026\/09\/no-ala-pirotecnia-medio_300x300png-150x150.png 150w, https:\/\/lospoliticosveracruz.com\/wp-content\/uploads\/2026\/09\/no-ala-pirotecnia-medio_300x300png-768x768.png 768w, https:\/\/lospoliticosveracruz.com\/wp-content\/uploads\/2026\/09\/no-ala-pirotecnia-medio_300x300png-420x420.png 420w, https:\/\/lospoliticosveracruz.com\/wp-content\/uploads\/2026\/09\/no-ala-pirotecnia-medio_300x300png-696x696.png 696w, https:\/\/lospoliticosveracruz.com\/wp-content\/uploads\/2026\/09\/no-ala-pirotecnia-medio_300x300png-1068x1068.png 1068w, https:\/\/lospoliticosveracruz.com\/wp-content\/uploads\/2026\/09\/no-ala-pirotecnia-medio_300x300png.png 1250w\" sizes=\"auto, (max-width: 300px) 100vw, 300px\" \/><\/a><\/figure>\n<\/div>\n\n\n\n\n<p><strong>Ricardo Chua<\/strong><br><em>Sale y Vale<\/em><\/p>\n\n\n\n<p class=\"dropcapp1\">Hace un mes, en este mismo espacio mencionamos, sin temor a equivocarnos, de que se ven\u00edan semanas muy intensas dentro de la Fiscal\u00eda General de Veracruz y a su propia titular Lisbeth Aurelia Jim\u00e9nez Aguirre.. Ya que iba librar dos de sus \u00abbatallas\u00bb.. Una era sobre \u00abC\u00e1rtel Inmobiliario\u00bb que opera en la entidad y la investigaci\u00f3n de los dos alcaldes de Movimiento Ciudadano, acusados de graves delitos, que fueron desaforados por el Congreso del Estado.. Pero a parte se sumaron dos m\u00e1s: Los cateos y el combate al secuestro.. Un asunto que lastima con todo a muchas familias veracruzanas..<\/p>\n\n\n\n<p>Se comentaba que Lisbeth Aurelia Jim\u00e9nez Aguirre, se hab\u00eda mantenido en perfil muy bajo en temas medi\u00e1ticos y pol\u00edticos.. A ra\u00edz de esas investigaciones, hubo intentos de \u00abmanchar\u00bb las investigaciones en la FGE y desacreditar su labor como fiscal porque ella, estaba investigando y poniendo a disposici\u00f3n del Poder Judicial, a personajes que durante muchos a\u00f1os vivieron en la impunidad.. Y al sentirse \u00abacorralados\u00bb empezaron a atacar a la Fiscal\u00eda.. Pero no les sali\u00f3 y los resultados llegaron de manera casi inmediata..<\/p>\n\n\n\n<p>As\u00ed que los temas en la Fiscal\u00eda del Estado, no s\u00f3lo se concentraron en abrir carpetas de investigaci\u00f3n para escudri\u00f1ar entre notarios p\u00fablicos, jueces del poder judicial del Estado, abogados y funcionarios p\u00fablicos del gobierno estatal de la Direcci\u00f3n del Registro P\u00fablico de la Propiedad.. Derivado de los casos del \u00abCartel Inmobiliario\u00bb.. No s\u00f3lo se trat\u00f3 de basarse en s\u00f3lo cateos a domicilios ubicados en la entidad veracruzana.. Que se hicieron principalmente en 39 municipios donde hicieron 59 cateos.. Mismos que han dado excelentes resultados por la cantidad de presuntos criminales detenidos..<\/p>\n\n\n\n<p>Mientras que los \u00abgolpes\u00bb a las bandas de secuestradores han estado a la orden del d\u00eda.. Se han rescatado a las v\u00edctimas con vida y son delitos que a\u00fan se contin\u00faan investigando.. Por lo que se espera que en semanas posteriores, ya se pueda tener un resumen completo de todas estas actividades.. Sobre el caso de las investigaciones de los alcaldes desaforados de \u00darsulo Galv\u00e1n e Ixhuatlan del Sureste, Bert\u00edn Bravo y Ra\u00fal Gonz\u00e1lez, respectivamente, y que son militantes del partido Movimiento Ciudadano.. Est\u00e1n siendo revisadas con mucha calma las pruebas encontradas para evitar errores..<\/p>\n\n\n\n<p>Lisbeth Aurelia Jim\u00e9nez sabe muy bien lo que se est\u00e1 jugando con estos casos y tambi\u00e9n sabe de la responsabilidades que tiene a su \u00abespalda\u00bb.. Ya que est\u00e1 consciente de que la FGE no puede dar un \u00abpaso en falso\u00bb, menos en caer en rumores y tampoco dejar que las versiones crezcan.. Tendr\u00e1 que ser muy perspicaz para no caer en provocaciones pol\u00edticas por estos casos.. Tendr\u00e1 que ser muy transparente en sus investigaciones para que no la acusen de persecuci\u00f3n pol\u00edtica.. Por eso, no tendr\u00e1 de otra, que entrarle al \u00abToro por los cuernos\u00bb.. AMEN..<\/p>\n\n\n\n<p>\u00abTUNDEN\u00bb A LOS L\u00d3PEZ OBRADOR EN VERACRUZ<\/p>\n\n\n\n<p>Vaya que le est\u00e1 lloviendo a la familia del ex Presidente Andr\u00e9s Manuel L\u00f3pez Obrador.. La que vive en Xalapa y que se encuentra laborando en el gobierno del Estado de Veracruz.. Ya que ahora est\u00e1n se\u00f1alando, que el yerno de Arturo L\u00f3pez Obrador, hermano de AMLO, que es el director de Salud P\u00fablica de esta administraci\u00f3n estatal, Leonel Efr\u00e9n Rivera Pinete, se ha dedicado a promocionar eventos particulares, utilizando las poderosas influencias pol\u00edticas de la familia de su suegro.. Que este pasado domingo volvi\u00f3 a salir a la luz p\u00fablica, despu\u00e9s del sainete que se arm\u00f3 en un restaurante de Coatepec..<\/p>\n\n\n\n<p>Los se\u00f1alamientos en contra de Rivera Pinete, se basan \u00e9l ha coordinado una gira de tres d\u00edas, por el municipio de Tampico Alto, que va orientada hac\u00eda un torneo de pesca deportiva.. Donde presumiblemente acuden operadores pol\u00edticos de Veracruz, ligados a MORENA, y que tienen su centro de operaciones en la Torre JV de Xalapa.. Obvio y que estos torneos son deleitados por finos vinos de alta gama y ricas viandas.. Una situaci\u00f3n que no ser\u00eda criticable, si la opini\u00f3n p\u00fablica de Veracruz, no estuviera enterada que este personaje recibe un salario mensual de 42 mil pesos..<\/p>\n\n\n\n<p>El caso es que el \u00abgolpeteo\u00bb es muy fuerte por este motivo.. Sobre todo porque el personaje cuestionado, est\u00e1 casado con una sobrina de Andr\u00e9s Manuel L\u00f3pez Obrador.. Quien tambi\u00e9n labora para un organismo descentralizado del gobierno estatal, como lo es el Colegio de Veracruz (COLVER).. Pero adem\u00e1s de que se critic\u00f3, en redes sociales y en el \u00abc\u00edrculo rojo\u00bb del poder en Veracruz, de que el origen de su designaci\u00f3n dentro de la estructura de la administraci\u00f3n estatal, se debe al poderoso parentesco que tiene con el creador de la 4T en M\u00e9xico.. Obvio y que de todo eso, presuntamente Rivera Pinete, ha sacado provecho.. AMEN<\/p>\n\n\n\n<p><\/p>\n","protected":false},"excerpt":{"rendered":"<p>Ricardo ChuaSale y Vale Hace un mes, en este mismo espacio mencionamos, sin temor a equivocarnos, de que se ven\u00edan semanas muy intensas dentro de la Fiscal\u00eda General de Veracruz y a su propia titular Lisbeth Aurelia Jim\u00e9nez Aguirre.. Ya que iba librar dos de sus \u00abbatallas\u00bb.. Una era sobre \u00abC\u00e1rtel Inmobiliario\u00bb que opera en [&hellip;]<\/p>\n","protected":false},"author":2,"featured_media":162484,"comment_status":"closed","ping_status":"closed","sticky":false,"template":"","format":"standard","meta":{"tdm_status":"","tdm_grid_status":"","footnotes":""},"categories":[70],"tags":[44010,4116,36463,28660,195],"class_list":{"0":"post-179850","1":"post","2":"type-post","3":"status-publish","4":"format-standard","5":"has-post-thumbnail","7":"category-de-opinion","8":"tag-cartel-inmobiliario","9":"tag-fiscalia-general-del-estado","10":"tag-lisbeth-aurelia-jimenez-aguirre","11":"tag-ricardo-chua-2","12":"tag-veracruz"},"yoast_head":"<!-- This site is optimized with the Yoast SEO plugin v28.1 - https:\/\/yoast.com\/product\/yoast-seo-wordpress\/ -->\n<title>LOS OTROS RETOS DE LA FGE - Los pol\u00edticos Veracruz<\/title>\n<meta name=\"robots\" content=\"index, follow, max-snippet:-1, max-image-preview:large, max-video-preview:-1\" \/>\n<link rel=\"canonical\" href=\"https:\/\/lospoliticosveracruz.com\/?p=179850\" \/>\n<meta property=\"og:locale\" content=\"es_ES\" \/>\n<meta property=\"og:type\" content=\"article\" \/>\n<meta property=\"og:title\" content=\"LOS OTROS RETOS DE LA FGE - Los pol\u00edticos Veracruz\" \/>\n<meta property=\"og:description\" content=\"Ricardo ChuaSale y Vale Hace un mes, en este mismo espacio mencionamos, sin temor a equivocarnos, de que se ven\u00edan semanas muy intensas dentro de la Fiscal\u00eda General de Veracruz y a su propia titular Lisbeth Aurelia Jim\u00e9nez Aguirre.. Ya que iba librar dos de sus \u00abbatallas\u00bb.. Una era sobre \u00abC\u00e1rtel Inmobiliario\u00bb que opera en [&hellip;]\" \/>\n<meta property=\"og:url\" content=\"https:\/\/lospoliticosveracruz.com\/?p=179850\" \/>\n<meta property=\"og:site_name\" content=\"Los pol\u00edticos Veracruz\" \/>\n<meta property=\"article:publisher\" content=\"https:\/\/www.facebook.com\/people\/Notimemes-de-los-Polticos\/61565672886568\/\" \/>\n<meta property=\"article:published_time\" content=\"2026-09-02T12:26:22+00:00\" \/>\n<meta property=\"article:modified_time\" content=\"2026-09-02T12:27:04+00:00\" \/>\n<meta property=\"og:image\" content=\"https:\/\/lospoliticosveracruz.com\/wp-content\/uploads\/2026\/02\/Chua-e1775852093240.jpg\" \/>\n\t<meta property=\"og:image:width\" content=\"600\" \/>\n\t<meta property=\"og:image:height\" content=\"320\" \/>\n\t<meta property=\"og:image:type\" content=\"image\/jpeg\" \/>\n<meta name=\"author\" content=\"Lo viste en Los Pol\u00edticos\" \/>\n<meta name=\"twitter:card\" content=\"summary_large_image\" \/>\n<meta name=\"twitter:creator\" content=\"@LosPoliticosVer\" \/>\n<meta name=\"twitter:site\" content=\"@LosPoliticosVer\" \/>\n<meta name=\"twitter:label1\" content=\"Escrito por\" \/>\n\t<meta name=\"twitter:data1\" content=\"Lo viste en Los Pol\u00edticos\" \/>\n\t<meta name=\"twitter:label2\" content=\"Tiempo de lectura\" \/>\n\t<meta name=\"twitter:data2\" content=\"4 minutos\" \/>\n<script type=\"application\/ld+json\" class=\"yoast-schema-graph\">{\"@context\":\"https:\\\/\\\/schema.org\",\"@graph\":[{\"@type\":\"Article\",\"@id\":\"https:\\\/\\\/lospoliticosveracruz.com\\\/?p=179850#article\",\"isPartOf\":{\"@id\":\"https:\\\/\\\/lospoliticosveracruz.com\\\/?p=179850\"},\"author\":{\"name\":\"Lo viste en Los Pol\u00edticos\",\"@id\":\"https:\\\/\\\/lospoliticosveracruz.com\\\/#\\\/schema\\\/person\\\/b8702bb0e538456e6efd07080bf2a4a2\"},\"headline\":\"LOS OTROS RETOS DE LA FGE\",\"datePublished\":\"2026-09-02T12:26:22+00:00\",\"dateModified\":\"2026-09-02T12:27:04+00:00\",\"mainEntityOfPage\":{\"@id\":\"https:\\\/\\\/lospoliticosveracruz.com\\\/?p=179850\"},\"wordCount\":851,\"publisher\":{\"@id\":\"https:\\\/\\\/lospoliticosveracruz.com\\\/#organization\"},\"image\":{\"@id\":\"https:\\\/\\\/lospoliticosveracruz.com\\\/?p=179850#primaryimage\"},\"thumbnailUrl\":\"https:\\\/\\\/lospoliticosveracruz.com\\\/wp-content\\\/uploads\\\/2026\\\/02\\\/Chua-e1775852093240.jpg\",\"keywords\":[\"c\u00e1rtel inmobiliario\",\"Fiscal\u00eda General del Estado\",\"Lisbeth Aurelia Jim\u00e9nez Aguirre\",\"Ricardo Chua\",\"Veracruz\"],\"articleSection\":[\"De Opini\u00f3n\"],\"inLanguage\":\"es\"},{\"@type\":\"WebPage\",\"@id\":\"https:\\\/\\\/lospoliticosveracruz.com\\\/?p=179850\",\"url\":\"https:\\\/\\\/lospoliticosveracruz.com\\\/?p=179850\",\"name\":\"LOS OTROS RETOS DE LA FGE - Los pol\u00edticos Veracruz\",\"isPartOf\":{\"@id\":\"https:\\\/\\\/lospoliticosveracruz.com\\\/#website\"},\"primaryImageOfPage\":{\"@id\":\"https:\\\/\\\/lospoliticosveracruz.com\\\/?p=179850#primaryimage\"},\"image\":{\"@id\":\"https:\\\/\\\/lospoliticosveracruz.com\\\/?p=179850#primaryimage\"},\"thumbnailUrl\":\"https:\\\/\\\/lospoliticosveracruz.com\\\/wp-content\\\/uploads\\\/2026\\\/02\\\/Chua-e1775852093240.jpg\",\"datePublished\":\"2026-09-02T12:26:22+00:00\",\"dateModified\":\"2026-09-02T12:27:04+00:00\",\"breadcrumb\":{\"@id\":\"https:\\\/\\\/lospoliticosveracruz.com\\\/?p=179850#breadcrumb\"},\"inLanguage\":\"es\",\"potentialAction\":[{\"@type\":\"ReadAction\",\"target\":[\"https:\\\/\\\/lospoliticosveracruz.com\\\/?p=179850\"]}]},{\"@type\":\"ImageObject\",\"inLanguage\":\"es\",\"@id\":\"https:\\\/\\\/lospoliticosveracruz.com\\\/?p=179850#primaryimage\",\"url\":\"https:\\\/\\\/lospoliticosveracruz.com\\\/wp-content\\\/uploads\\\/2026\\\/02\\\/Chua-e1775852093240.jpg\",\"contentUrl\":\"https:\\\/\\\/lospoliticosveracruz.com\\\/wp-content\\\/uploads\\\/2026\\\/02\\\/Chua-e1775852093240.jpg\",\"width\":600,\"height\":320},{\"@type\":\"BreadcrumbList\",\"@id\":\"https:\\\/\\\/lospoliticosveracruz.com\\\/?p=179850#breadcrumb\",\"itemListElement\":[{\"@type\":\"ListItem\",\"position\":1,\"name\":\"Portada\",\"item\":\"https:\\\/\\\/lospoliticosveracruz.com\\\/\"},{\"@type\":\"ListItem\",\"position\":2,\"name\":\"LOS OTROS RETOS DE LA FGE\"}]},{\"@type\":\"WebSite\",\"@id\":\"https:\\\/\\\/lospoliticosveracruz.com\\\/#website\",\"url\":\"https:\\\/\\\/lospoliticosveracruz.com\\\/\",\"name\":\"Los pol\u00edticos Veracruz\",\"description\":\"\",\"publisher\":{\"@id\":\"https:\\\/\\\/lospoliticosveracruz.com\\\/#organization\"},\"potentialAction\":[{\"@type\":\"SearchAction\",\"target\":{\"@type\":\"EntryPoint\",\"urlTemplate\":\"https:\\\/\\\/lospoliticosveracruz.com\\\/?s={search_term_string}\"},\"query-input\":{\"@type\":\"PropertyValueSpecification\",\"valueRequired\":true,\"valueName\":\"search_term_string\"}}],\"inLanguage\":\"es\"},{\"@type\":\"Organization\",\"@id\":\"https:\\\/\\\/lospoliticosveracruz.com\\\/#organization\",\"name\":\"Los pol\u00edticos Veracruz\",\"url\":\"https:\\\/\\\/lospoliticosveracruz.com\\\/\",\"logo\":{\"@type\":\"ImageObject\",\"inLanguage\":\"es\",\"@id\":\"https:\\\/\\\/lospoliticosveracruz.com\\\/#\\\/schema\\\/logo\\\/image\\\/\",\"url\":\"https:\\\/\\\/lospoliticosveracruz.com\\\/wp-content\\\/uploads\\\/2025\\\/12\\\/Logo-Nuevo-LOS-POLITICOS-1.jpg\",\"contentUrl\":\"https:\\\/\\\/lospoliticosveracruz.com\\\/wp-content\\\/uploads\\\/2025\\\/12\\\/Logo-Nuevo-LOS-POLITICOS-1.jpg\",\"width\":260,\"height\":70,\"caption\":\"Los pol\u00edticos Veracruz\"},\"image\":{\"@id\":\"https:\\\/\\\/lospoliticosveracruz.com\\\/#\\\/schema\\\/logo\\\/image\\\/\"},\"sameAs\":[\"https:\\\/\\\/www.facebook.com\\\/people\\\/Notimemes-de-los-Polticos\\\/61565672886568\\\/\",\"https:\\\/\\\/x.com\\\/LosPoliticosVer\"]},{\"@type\":\"Person\",\"@id\":\"https:\\\/\\\/lospoliticosveracruz.com\\\/#\\\/schema\\\/person\\\/b8702bb0e538456e6efd07080bf2a4a2\",\"name\":\"Lo viste en Los Pol\u00edticos\",\"image\":{\"@type\":\"ImageObject\",\"inLanguage\":\"es\",\"@id\":\"https:\\\/\\\/secure.gravatar.com\\\/avatar\\\/3a8de04a2656d44082be478bd6c086daa447c4651605818287b9532d3d0bd435?s=96&d=mm&r=g\",\"url\":\"https:\\\/\\\/secure.gravatar.com\\\/avatar\\\/3a8de04a2656d44082be478bd6c086daa447c4651605818287b9532d3d0bd435?s=96&d=mm&r=g\",\"contentUrl\":\"https:\\\/\\\/secure.gravatar.com\\\/avatar\\\/3a8de04a2656d44082be478bd6c086daa447c4651605818287b9532d3d0bd435?s=96&d=mm&r=g\",\"caption\":\"Lo viste en Los Pol\u00edticos\"},\"url\":\"https:\\\/\\\/lospoliticosveracruz.com\\\/?author=2\"}]}<\/script>\n<!-- \/ Yoast SEO plugin. -->","yoast_head_json":{"title":"LOS OTROS RETOS DE LA FGE - Los pol\u00edticos Veracruz","robots":{"index":"index","follow":"follow","max-snippet":"max-snippet:-1","max-image-preview":"max-image-preview:large","max-video-preview":"max-video-preview:-1"},"canonical":"https:\/\/lospoliticosveracruz.com\/?p=179850","og_locale":"es_ES","og_type":"article","og_title":"LOS OTROS RETOS DE LA FGE - Los pol\u00edticos Veracruz","og_description":"Ricardo ChuaSale y Vale Hace un mes, en este mismo espacio mencionamos, sin temor a equivocarnos, de que se ven\u00edan semanas muy intensas dentro de la Fiscal\u00eda General de Veracruz y a su propia titular Lisbeth Aurelia Jim\u00e9nez Aguirre.. Ya que iba librar dos de sus \u00abbatallas\u00bb.. Una era sobre \u00abC\u00e1rtel Inmobiliario\u00bb que opera en [&hellip;]","og_url":"https:\/\/lospoliticosveracruz.com\/?p=179850","og_site_name":"Los pol\u00edticos Veracruz","article_publisher":"https:\/\/www.facebook.com\/people\/Notimemes-de-los-Polticos\/61565672886568\/","article_published_time":"2026-09-02T12:26:22+00:00","article_modified_time":"2026-09-02T12:27:04+00:00","og_image":[{"width":600,"height":320,"url":"https:\/\/lospoliticosveracruz.com\/wp-content\/uploads\/2026\/02\/Chua-e1775852093240.jpg","type":"image\/jpeg"}],"author":"Lo viste en Los Pol\u00edticos","twitter_card":"summary_large_image","twitter_creator":"@LosPoliticosVer","twitter_site":"@LosPoliticosVer","twitter_misc":{"Escrito por":"Lo viste en Los Pol\u00edticos","Tiempo de lectura":"4 minutos"},"schema":{"@context":"https:\/\/schema.org","@graph":[{"@type":"Article","@id":"https:\/\/lospoliticosveracruz.com\/?p=179850#article","isPartOf":{"@id":"https:\/\/lospoliticosveracruz.com\/?p=179850"},"author":{"name":"Lo viste en Los Pol\u00edticos","@id":"https:\/\/lospoliticosveracruz.com\/#\/schema\/person\/b8702bb0e538456e6efd07080bf2a4a2"},"headline":"LOS OTROS RETOS DE LA FGE","datePublished":"2026-09-02T12:26:22+00:00","dateModified":"2026-09-02T12:27:04+00:00","mainEntityOfPage":{"@id":"https:\/\/lospoliticosveracruz.com\/?p=179850"},"wordCount":851,"publisher":{"@id":"https:\/\/lospoliticosveracruz.com\/#organization"},"image":{"@id":"https:\/\/lospoliticosveracruz.com\/?p=179850#primaryimage"},"thumbnailUrl":"https:\/\/lospoliticosveracruz.com\/wp-content\/uploads\/2026\/02\/Chua-e1775852093240.jpg","keywords":["c\u00e1rtel inmobiliario","Fiscal\u00eda General del Estado","Lisbeth Aurelia Jim\u00e9nez Aguirre","Ricardo Chua","Veracruz"],"articleSection":["De Opini\u00f3n"],"inLanguage":"es"},{"@type":"WebPage","@id":"https:\/\/lospoliticosveracruz.com\/?p=179850","url":"https:\/\/lospoliticosveracruz.com\/?p=179850","name":"LOS OTROS RETOS DE LA FGE - Los pol\u00edticos Veracruz","isPartOf":{"@id":"https:\/\/lospoliticosveracruz.com\/#website"},"primaryImageOfPage":{"@id":"https:\/\/lospoliticosveracruz.com\/?p=179850#primaryimage"},"image":{"@id":"https:\/\/lospoliticosveracruz.com\/?p=179850#primaryimage"},"thumbnailUrl":"https:\/\/lospoliticosveracruz.com\/wp-content\/uploads\/2026\/02\/Chua-e1775852093240.jpg","datePublished":"2026-09-02T12:26:22+00:00","dateModified":"2026-09-02T12:27:04+00:00","breadcrumb":{"@id":"https:\/\/lospoliticosveracruz.com\/?p=179850#breadcrumb"},"inLanguage":"es","potentialAction":[{"@type":"ReadAction","target":["https:\/\/lospoliticosveracruz.com\/?p=179850"]}]},{"@type":"ImageObject","inLanguage":"es","@id":"https:\/\/lospoliticosveracruz.com\/?p=179850#primaryimage","url":"https:\/\/lospoliticosveracruz.com\/wp-content\/uploads\/2026\/02\/Chua-e1775852093240.jpg","contentUrl":"https:\/\/lospoliticosveracruz.com\/wp-content\/uploads\/2026\/02\/Chua-e1775852093240.jpg","width":600,"height":320},{"@type":"BreadcrumbList","@id":"https:\/\/lospoliticosveracruz.com\/?p=179850#breadcrumb","itemListElement":[{"@type":"ListItem","position":1,"name":"Portada","item":"https:\/\/lospoliticosveracruz.com\/"},{"@type":"ListItem","position":2,"name":"LOS OTROS RETOS DE LA FGE"}]},{"@type":"WebSite","@id":"https:\/\/lospoliticosveracruz.com\/#website","url":"https:\/\/lospoliticosveracruz.com\/","name":"Los pol\u00edticos Veracruz","description":"","publisher":{"@id":"https:\/\/lospoliticosveracruz.com\/#organization"},"potentialAction":[{"@type":"SearchAction","target":{"@type":"EntryPoint","urlTemplate":"https:\/\/lospoliticosveracruz.com\/?s={search_term_string}"},"query-input":{"@type":"PropertyValueSpecification","valueRequired":true,"valueName":"search_term_string"}}],"inLanguage":"es"},{"@type":"Organization","@id":"https:\/\/lospoliticosveracruz.com\/#organization","name":"Los pol\u00edticos Veracruz","url":"https:\/\/lospoliticosveracruz.com\/","logo":{"@type":"ImageObject","inLanguage":"es","@id":"https:\/\/lospoliticosveracruz.com\/#\/schema\/logo\/image\/","url":"https:\/\/lospoliticosveracruz.com\/wp-content\/uploads\/2025\/12\/Logo-Nuevo-LOS-POLITICOS-1.jpg","contentUrl":"https:\/\/lospoliticosveracruz.com\/wp-content\/uploads\/2025\/12\/Logo-Nuevo-LOS-POLITICOS-1.jpg","width":260,"height":70,"caption":"Los pol\u00edticos Veracruz"},"image":{"@id":"https:\/\/lospoliticosveracruz.com\/#\/schema\/logo\/image\/"},"sameAs":["https:\/\/www.facebook.com\/people\/Notimemes-de-los-Polticos\/61565672886568\/","https:\/\/x.com\/LosPoliticosVer"]},{"@type":"Person","@id":"https:\/\/lospoliticosveracruz.com\/#\/schema\/person\/b8702bb0e538456e6efd07080bf2a4a2","name":"Lo viste en Los Pol\u00edticos","image":{"@type":"ImageObject","inLanguage":"es","@id":"https:\/\/secure.gravatar.com\/avatar\/3a8de04a2656d44082be478bd6c086daa447c4651605818287b9532d3d0bd435?s=96&d=mm&r=g","url":"https:\/\/secure.gravatar.com\/avatar\/3a8de04a2656d44082be478bd6c086daa447c4651605818287b9532d3d0bd435?s=96&d=mm&r=g","contentUrl":"https:\/\/secure.gravatar.com\/avatar\/3a8de04a2656d44082be478bd6c086daa447c4651605818287b9532d3d0bd435?s=96&d=mm&r=g","caption":"Lo viste en Los Pol\u00edticos"},"url":"https:\/\/lospoliticosveracruz.com\/?author=2"}]}},"_links":{"self":[{"href":"https:\/\/lospoliticosveracruz.com\/index.php?rest_route=\/wp\/v2\/posts\/179850","targetHints":{"allow":["GET"]}}],"collection":[{"href":"https:\/\/lospoliticosveracruz.com\/index.php?rest_route=\/wp\/v2\/posts"}],"about":[{"href":"https:\/\/lospoliticosveracruz.com\/index.php?rest_route=\/wp\/v2\/types\/post"}],"author":[{"embeddable":true,"href":"https:\/\/lospoliticosveracruz.com\/index.php?rest_route=\/wp\/v2\/users\/2"}],"replies":[{"embeddable":true,"href":"https:\/\/lospoliticosveracruz.com\/index.php?rest_route=%2Fwp%2Fv2%2Fcomments&post=179850"}],"version-history":[{"count":2,"href":"https:\/\/lospoliticosveracruz.com\/index.php?rest_route=\/wp\/v2\/posts\/179850\/revisions"}],"predecessor-version":[{"id":179852,"href":"https:\/\/lospoliticosveracruz.com\/index.php?rest_route=\/wp\/v2\/posts\/179850\/revisions\/179852"}],"wp:featuredmedia":[{"embeddable":true,"href":"https:\/\/lospoliticosveracruz.com\/index.php?rest_route=\/wp\/v2\/media\/162484"}],"wp:attachment":[{"href":"https:\/\/lospoliticosveracruz.com\/index.php?rest_route=%2Fwp%2Fv2%2Fmedia&parent=179850"}],"wp:term":[{"taxonomy":"category","embeddable":true,"href":"https:\/\/lospoliticosveracruz.com\/index.php?rest_route=%2Fwp%2Fv2%2Fcategories&post=179850"},{"taxonomy":"post_tag","embeddable":true,"href":"https:\/\/lospoliticosveracruz.com\/index.php?rest_route=%2Fwp%2Fv2%2Ftags&post=179850"}],"curies":[{"name":"wp","href":"https:\/\/api.w.org\/{rel}","templated":true}]}}