{"id":179855,"date":"2026-09-02T07:15:49","date_gmt":"2026-09-02T13:15:49","guid":{"rendered":"https:\/\/lospoliticosveracruz.com\/?p=179855"},"modified":"2026-09-02T07:15:50","modified_gmt":"2026-09-02T13:15:50","slug":"el-arte-de-saber-aburrirse","status":"publish","type":"post","link":"https:\/\/lospoliticosveracruz.com\/?p=179855","title":{"rendered":"EL ARTE DE SABER ABURRIRSE"},"content":{"rendered":"<div class=\"wp-block-image\">\n<figure class=\"alignleft size-full is-resized\"><a href=\"https:\/\/lospoliticosveracruz.com\/wp-content\/uploads\/2026\/05\/IMG_1092.png\"><img loading=\"lazy\" decoding=\"async\" width=\"640\" height=\"600\" src=\"https:\/\/lospoliticosveracruz.com\/wp-content\/uploads\/2026\/05\/IMG_1092.png\" alt=\"\" class=\"wp-image-172799\" style=\"width:375px;height:auto\" srcset=\"https:\/\/lospoliticosveracruz.com\/wp-content\/uploads\/2026\/05\/IMG_1092.png 640w, https:\/\/lospoliticosveracruz.com\/wp-content\/uploads\/2026\/05\/IMG_1092-300x281.png 300w, https:\/\/lospoliticosveracruz.com\/wp-content\/uploads\/2026\/05\/IMG_1092-448x420.png 448w, https:\/\/lospoliticosveracruz.com\/wp-content\/uploads\/2026\/05\/IMG_1092-150x141.png 150w\" sizes=\"auto, (max-width: 640px) 100vw, 640px\" \/><\/a><\/figure>\n<\/div>\n\n\n<p>Julio Vallejo<br><em><strong>La delgada l\u00ednea entre mi opini\u00f3n y la tuya<\/strong><\/em><\/p>\n\n\n\n<p class=\"dropcapp1\">En estos d\u00edas de vacaciones, cuando no ten\u00eda mucho que hacer, me fui a un lugar muy, muy lejano. Un sitio donde solamente se escuchaba el viento golpe\u00e1ndome el rostro, el fr\u00edo se colaba por la nariz y el olor a pino parec\u00eda limpiar los pulmones y tambi\u00e9n la mente.<\/p>\n\n\n\n<p>Mientras los \u00e1rboles se mov\u00edan al ritmo del aire y la nostalgia se met\u00eda hasta los huesos, comenc\u00e9 a pensar en aquellos d\u00edas en los que el tiempo parec\u00eda no tener prisa. Y entonces ocurri\u00f3 algo extra\u00f1o: con cada d\u00eda que pasaba, sent\u00eda que mi ni\u00f1o interior comenzaba a salir poco a poco.<\/p>\n\n\n\n<p>Record\u00e9 aquellos juegos que alguna vez fueron parte de nuestra vida cotidiana: el trompo, el yoyo, el balero. Juegos sencillos, sin bater\u00edas, sin conexi\u00f3n a internet y, sobre todo, sin necesidad de instrucciones descargadas de una pantalla.<\/p>\n\n\n\n<p>Tom\u00e9 unas hojas de papel de una libreta que me acompa\u00f1aba como una fiel compa\u00f1era, esa que durante a\u00f1os hab\u00eda guardado mis secretos. Al observar el arroyo y su agua clara y cristalina, dobl\u00e9 una de las hojas y dej\u00e9 navegar mi barco de papel. Era apenas un pedazo de papel convertido en juguete, pero llevaba consigo el primer mensaje de mi nostalgia.<\/p>\n\n\n\n<p>Despu\u00e9s tom\u00e9 otra hoja y constru\u00ed un papalote. Con una tira del papel que hab\u00eda sobrado hice la cola. Lo at\u00e9 a un hilo transparente y, por momentos, parec\u00eda suspendido entre las pintorescas nubes del paisaje.<\/p>\n\n\n\n<p>Durante unos minutos no existieron las notificaciones, los mensajes, los videos cortos ni el interminable desplazamiento de una pantalla. Solamente estaba yo, el viento y aquella sensaci\u00f3n casi olvidada de no tener absolutamente nada que hacer. Hasta que un pelotazo en la cara me regres\u00f3 de golpe a la realidad, volte\u00e9 y vi a una ni\u00f1a con el celular en la mano. Lo sosten\u00eda como si fuera un im\u00e1n del que no pudiera desprenderse, la escena me hizo pensar, casi de inmediato, que la pantalla estaba consumiendo buena parte del tiempo de aquella criatura.<\/p>\n\n\n\n<p>Pero despu\u00e9s me detuve. \u00bfQui\u00e9n soy yo para juzgarla?<br>Su generaci\u00f3n y la m\u00eda son demasiado distintas. Si los primeros Homo sapiens me hubieran visto en ese momento, probablemente tambi\u00e9n se habr\u00edan burlado de m\u00ed. Quiz\u00e1 me habr\u00edan mirado con extra\u00f1eza y pensado: \u201c\u00bfQu\u00e9 diablos est\u00e1 haciendo este sujeto con un barco de papel y un papalote?\u201d. Y ah\u00ed est\u00e1 precisamente el punto.<\/p>\n\n\n\n<p>Cada generaci\u00f3n cree que la siguiente est\u00e1 haciendo las cosas mal porque no vive como nosotros vivimos. Nosotros fuimos ni\u00f1os en un mundo anal\u00f3gico; ellos est\u00e1n creciendo en uno digital. Nosotros esper\u00e1bamos horas para ver nuestro programa favorito; ellos pueden ver pr\u00e1cticamente cualquier cosa en cualquier momento. Nosotros sal\u00edamos a la calle para encontrar a nuestros amigos; ellos pueden encontrarlos con un mensaje.<\/p>\n\n\n\n<p>No necesariamente se trata de decidir qui\u00e9n tuvo una infancia mejor. Se trata de entender que son infancias diferentes. La tecnolog\u00eda tampoco es, por s\u00ed misma, el villano de esta historia. Internet abre puertas al conocimiento, permite aprender, comunicarse, crear y descubrir mundos que antes estaban muy lejos. El desaf\u00edo no consiste \u00fanicamente en contar las horas frente a una pantalla, sino en encontrar un equilibrio entre la vida digital y aquello que ocurre fuera de ella.<\/p>\n\n\n\n<p>Por eso quiz\u00e1 el puente entre lo anal\u00f3gico y lo digital no deba construirse desde el reproche, sino desde la empat\u00eda. Alg\u00fan d\u00eda a los ni\u00f1os de hoy les tocar\u00e1 enfrentarse a tecnolog\u00edas que todav\u00eda no podemos imaginar. Tal vez entonces ser\u00e1n ellos quienes miren a las nuevas generaciones y se pregunten c\u00f3mo pueden vivir rodeados de tantas novedades. Y seguramente nosotros, desde alg\u00fan lugar, estaremos sonriendo.<\/p>\n\n\n\n<p>Porque el tiempo cambia, pero un par de cosa permanece: la necesidad de jugar, imaginar, descubrir y sorprendernos. Y quiz\u00e1 eso sea lo que deber\u00edamos ense\u00f1arles a las nuevas generaciones a no a renunciar a la tecnolog\u00eda, y a no permitir que la tecnolog\u00eda les quite la capacidad de mirar el cielo sin aburrirse.<\/p>\n","protected":false},"excerpt":{"rendered":"<p>Julio VallejoLa delgada l\u00ednea entre mi opini\u00f3n y la tuya En estos d\u00edas de vacaciones, cuando no ten\u00eda mucho que hacer, me fui a un lugar muy, muy lejano. Un sitio donde solamente se escuchaba el viento golpe\u00e1ndome el rostro, el fr\u00edo se colaba por la nariz y el olor a pino parec\u00eda limpiar los [&hellip;]<\/p>\n","protected":false},"author":2,"featured_media":141394,"comment_status":"closed","ping_status":"closed","sticky":false,"template":"","format":"standard","meta":{"tdm_status":"","tdm_grid_status":"","footnotes":""},"categories":[75],"tags":[70983,19250,70982,70981,32927,6284],"class_list":{"0":"post-179855","1":"post","2":"type-post","3":"status-publish","4":"format-standard","5":"has-post-thumbnail","7":"category-cine-libros-y-mas","8":"tag-analogico","9":"tag-digital","10":"tag-generacion","11":"tag-infancias","12":"tag-julio-vallejo","13":"tag-tecnologia"},"yoast_head":"<!-- This site is optimized with the Yoast SEO plugin v28.1 - https:\/\/yoast.com\/product\/yoast-seo-wordpress\/ -->\n<title>EL ARTE DE SABER ABURRIRSE - Los pol\u00edticos Veracruz<\/title>\n<meta name=\"robots\" content=\"index, follow, max-snippet:-1, max-image-preview:large, max-video-preview:-1\" \/>\n<link rel=\"canonical\" href=\"https:\/\/lospoliticosveracruz.com\/?p=179855\" \/>\n<meta property=\"og:locale\" content=\"es_ES\" \/>\n<meta property=\"og:type\" content=\"article\" \/>\n<meta property=\"og:title\" content=\"EL ARTE DE SABER ABURRIRSE - Los pol\u00edticos Veracruz\" \/>\n<meta property=\"og:description\" content=\"Julio VallejoLa delgada l\u00ednea entre mi opini\u00f3n y la tuya En estos d\u00edas de vacaciones, cuando no ten\u00eda mucho que hacer, me fui a un lugar muy, muy lejano. Un sitio donde solamente se escuchaba el viento golpe\u00e1ndome el rostro, el fr\u00edo se colaba por la nariz y el olor a pino parec\u00eda limpiar los [&hellip;]\" \/>\n<meta property=\"og:url\" content=\"https:\/\/lospoliticosveracruz.com\/?p=179855\" \/>\n<meta property=\"og:site_name\" content=\"Los pol\u00edticos Veracruz\" \/>\n<meta property=\"article:publisher\" content=\"https:\/\/www.facebook.com\/people\/Notimemes-de-los-Polticos\/61565672886568\/\" \/>\n<meta property=\"article:published_time\" content=\"2026-09-02T13:15:49+00:00\" \/>\n<meta property=\"article:modified_time\" content=\"2026-09-02T13:15:50+00:00\" \/>\n<meta property=\"og:image\" content=\"https:\/\/lospoliticosveracruz.com\/wp-content\/uploads\/2025\/04\/Julio-Vallejo.jpg\" \/>\n\t<meta property=\"og:image:width\" content=\"1250\" \/>\n\t<meta property=\"og:image:height\" content=\"667\" \/>\n\t<meta property=\"og:image:type\" content=\"image\/jpeg\" \/>\n<meta name=\"author\" content=\"Lo viste en Los Pol\u00edticos\" \/>\n<meta name=\"twitter:card\" content=\"summary_large_image\" \/>\n<meta name=\"twitter:creator\" content=\"@LosPoliticosVer\" \/>\n<meta name=\"twitter:site\" content=\"@LosPoliticosVer\" \/>\n<meta name=\"twitter:label1\" content=\"Escrito por\" \/>\n\t<meta name=\"twitter:data1\" content=\"Lo viste en Los Pol\u00edticos\" \/>\n\t<meta name=\"twitter:label2\" content=\"Tiempo de lectura\" \/>\n\t<meta name=\"twitter:data2\" content=\"4 minutos\" \/>\n<script type=\"application\/ld+json\" class=\"yoast-schema-graph\">{\"@context\":\"https:\\\/\\\/schema.org\",\"@graph\":[{\"@type\":\"Article\",\"@id\":\"https:\\\/\\\/lospoliticosveracruz.com\\\/?p=179855#article\",\"isPartOf\":{\"@id\":\"https:\\\/\\\/lospoliticosveracruz.com\\\/?p=179855\"},\"author\":{\"name\":\"Lo viste en Los Pol\u00edticos\",\"@id\":\"https:\\\/\\\/lospoliticosveracruz.com\\\/#\\\/schema\\\/person\\\/b8702bb0e538456e6efd07080bf2a4a2\"},\"headline\":\"EL ARTE DE SABER ABURRIRSE\",\"datePublished\":\"2026-09-02T13:15:49+00:00\",\"dateModified\":\"2026-09-02T13:15:50+00:00\",\"mainEntityOfPage\":{\"@id\":\"https:\\\/\\\/lospoliticosveracruz.com\\\/?p=179855\"},\"wordCount\":734,\"publisher\":{\"@id\":\"https:\\\/\\\/lospoliticosveracruz.com\\\/#organization\"},\"image\":{\"@id\":\"https:\\\/\\\/lospoliticosveracruz.com\\\/?p=179855#primaryimage\"},\"thumbnailUrl\":\"https:\\\/\\\/lospoliticosveracruz.com\\\/wp-content\\\/uploads\\\/2025\\\/04\\\/Julio-Vallejo.jpg\",\"keywords\":[\"anal\u00f3gico\",\"digital\",\"generaci\u00f3n\",\"infancias\",\"Julio Vallejo\",\"Tecnolog\u00eda\"],\"articleSection\":[\"Cine, Libros y m\u00e1s\"],\"inLanguage\":\"es\"},{\"@type\":\"WebPage\",\"@id\":\"https:\\\/\\\/lospoliticosveracruz.com\\\/?p=179855\",\"url\":\"https:\\\/\\\/lospoliticosveracruz.com\\\/?p=179855\",\"name\":\"EL ARTE DE SABER ABURRIRSE - Los pol\u00edticos Veracruz\",\"isPartOf\":{\"@id\":\"https:\\\/\\\/lospoliticosveracruz.com\\\/#website\"},\"primaryImageOfPage\":{\"@id\":\"https:\\\/\\\/lospoliticosveracruz.com\\\/?p=179855#primaryimage\"},\"image\":{\"@id\":\"https:\\\/\\\/lospoliticosveracruz.com\\\/?p=179855#primaryimage\"},\"thumbnailUrl\":\"https:\\\/\\\/lospoliticosveracruz.com\\\/wp-content\\\/uploads\\\/2025\\\/04\\\/Julio-Vallejo.jpg\",\"datePublished\":\"2026-09-02T13:15:49+00:00\",\"dateModified\":\"2026-09-02T13:15:50+00:00\",\"breadcrumb\":{\"@id\":\"https:\\\/\\\/lospoliticosveracruz.com\\\/?p=179855#breadcrumb\"},\"inLanguage\":\"es\",\"potentialAction\":[{\"@type\":\"ReadAction\",\"target\":[\"https:\\\/\\\/lospoliticosveracruz.com\\\/?p=179855\"]}]},{\"@type\":\"ImageObject\",\"inLanguage\":\"es\",\"@id\":\"https:\\\/\\\/lospoliticosveracruz.com\\\/?p=179855#primaryimage\",\"url\":\"https:\\\/\\\/lospoliticosveracruz.com\\\/wp-content\\\/uploads\\\/2025\\\/04\\\/Julio-Vallejo.jpg\",\"contentUrl\":\"https:\\\/\\\/lospoliticosveracruz.com\\\/wp-content\\\/uploads\\\/2025\\\/04\\\/Julio-Vallejo.jpg\",\"width\":1250,\"height\":667},{\"@type\":\"BreadcrumbList\",\"@id\":\"https:\\\/\\\/lospoliticosveracruz.com\\\/?p=179855#breadcrumb\",\"itemListElement\":[{\"@type\":\"ListItem\",\"position\":1,\"name\":\"Portada\",\"item\":\"https:\\\/\\\/lospoliticosveracruz.com\\\/\"},{\"@type\":\"ListItem\",\"position\":2,\"name\":\"EL ARTE DE SABER ABURRIRSE\"}]},{\"@type\":\"WebSite\",\"@id\":\"https:\\\/\\\/lospoliticosveracruz.com\\\/#website\",\"url\":\"https:\\\/\\\/lospoliticosveracruz.com\\\/\",\"name\":\"Los pol\u00edticos Veracruz\",\"description\":\"\",\"publisher\":{\"@id\":\"https:\\\/\\\/lospoliticosveracruz.com\\\/#organization\"},\"potentialAction\":[{\"@type\":\"SearchAction\",\"target\":{\"@type\":\"EntryPoint\",\"urlTemplate\":\"https:\\\/\\\/lospoliticosveracruz.com\\\/?s={search_term_string}\"},\"query-input\":{\"@type\":\"PropertyValueSpecification\",\"valueRequired\":true,\"valueName\":\"search_term_string\"}}],\"inLanguage\":\"es\"},{\"@type\":\"Organization\",\"@id\":\"https:\\\/\\\/lospoliticosveracruz.com\\\/#organization\",\"name\":\"Los pol\u00edticos Veracruz\",\"url\":\"https:\\\/\\\/lospoliticosveracruz.com\\\/\",\"logo\":{\"@type\":\"ImageObject\",\"inLanguage\":\"es\",\"@id\":\"https:\\\/\\\/lospoliticosveracruz.com\\\/#\\\/schema\\\/logo\\\/image\\\/\",\"url\":\"https:\\\/\\\/lospoliticosveracruz.com\\\/wp-content\\\/uploads\\\/2025\\\/12\\\/Logo-Nuevo-LOS-POLITICOS-1.jpg\",\"contentUrl\":\"https:\\\/\\\/lospoliticosveracruz.com\\\/wp-content\\\/uploads\\\/2025\\\/12\\\/Logo-Nuevo-LOS-POLITICOS-1.jpg\",\"width\":260,\"height\":70,\"caption\":\"Los pol\u00edticos Veracruz\"},\"image\":{\"@id\":\"https:\\\/\\\/lospoliticosveracruz.com\\\/#\\\/schema\\\/logo\\\/image\\\/\"},\"sameAs\":[\"https:\\\/\\\/www.facebook.com\\\/people\\\/Notimemes-de-los-Polticos\\\/61565672886568\\\/\",\"https:\\\/\\\/x.com\\\/LosPoliticosVer\"]},{\"@type\":\"Person\",\"@id\":\"https:\\\/\\\/lospoliticosveracruz.com\\\/#\\\/schema\\\/person\\\/b8702bb0e538456e6efd07080bf2a4a2\",\"name\":\"Lo viste en Los Pol\u00edticos\",\"image\":{\"@type\":\"ImageObject\",\"inLanguage\":\"es\",\"@id\":\"https:\\\/\\\/secure.gravatar.com\\\/avatar\\\/3a8de04a2656d44082be478bd6c086daa447c4651605818287b9532d3d0bd435?s=96&d=mm&r=g\",\"url\":\"https:\\\/\\\/secure.gravatar.com\\\/avatar\\\/3a8de04a2656d44082be478bd6c086daa447c4651605818287b9532d3d0bd435?s=96&d=mm&r=g\",\"contentUrl\":\"https:\\\/\\\/secure.gravatar.com\\\/avatar\\\/3a8de04a2656d44082be478bd6c086daa447c4651605818287b9532d3d0bd435?s=96&d=mm&r=g\",\"caption\":\"Lo viste en Los Pol\u00edticos\"},\"url\":\"https:\\\/\\\/lospoliticosveracruz.com\\\/?author=2\"}]}<\/script>\n<!-- \/ Yoast SEO plugin. -->","yoast_head_json":{"title":"EL ARTE DE SABER ABURRIRSE - Los pol\u00edticos Veracruz","robots":{"index":"index","follow":"follow","max-snippet":"max-snippet:-1","max-image-preview":"max-image-preview:large","max-video-preview":"max-video-preview:-1"},"canonical":"https:\/\/lospoliticosveracruz.com\/?p=179855","og_locale":"es_ES","og_type":"article","og_title":"EL ARTE DE SABER ABURRIRSE - Los pol\u00edticos Veracruz","og_description":"Julio VallejoLa delgada l\u00ednea entre mi opini\u00f3n y la tuya En estos d\u00edas de vacaciones, cuando no ten\u00eda mucho que hacer, me fui a un lugar muy, muy lejano. Un sitio donde solamente se escuchaba el viento golpe\u00e1ndome el rostro, el fr\u00edo se colaba por la nariz y el olor a pino parec\u00eda limpiar los [&hellip;]","og_url":"https:\/\/lospoliticosveracruz.com\/?p=179855","og_site_name":"Los pol\u00edticos Veracruz","article_publisher":"https:\/\/www.facebook.com\/people\/Notimemes-de-los-Polticos\/61565672886568\/","article_published_time":"2026-09-02T13:15:49+00:00","article_modified_time":"2026-09-02T13:15:50+00:00","og_image":[{"width":1250,"height":667,"url":"https:\/\/lospoliticosveracruz.com\/wp-content\/uploads\/2025\/04\/Julio-Vallejo.jpg","type":"image\/jpeg"}],"author":"Lo viste en Los Pol\u00edticos","twitter_card":"summary_large_image","twitter_creator":"@LosPoliticosVer","twitter_site":"@LosPoliticosVer","twitter_misc":{"Escrito por":"Lo viste en Los Pol\u00edticos","Tiempo de lectura":"4 minutos"},"schema":{"@context":"https:\/\/schema.org","@graph":[{"@type":"Article","@id":"https:\/\/lospoliticosveracruz.com\/?p=179855#article","isPartOf":{"@id":"https:\/\/lospoliticosveracruz.com\/?p=179855"},"author":{"name":"Lo viste en Los Pol\u00edticos","@id":"https:\/\/lospoliticosveracruz.com\/#\/schema\/person\/b8702bb0e538456e6efd07080bf2a4a2"},"headline":"EL ARTE DE SABER ABURRIRSE","datePublished":"2026-09-02T13:15:49+00:00","dateModified":"2026-09-02T13:15:50+00:00","mainEntityOfPage":{"@id":"https:\/\/lospoliticosveracruz.com\/?p=179855"},"wordCount":734,"publisher":{"@id":"https:\/\/lospoliticosveracruz.com\/#organization"},"image":{"@id":"https:\/\/lospoliticosveracruz.com\/?p=179855#primaryimage"},"thumbnailUrl":"https:\/\/lospoliticosveracruz.com\/wp-content\/uploads\/2025\/04\/Julio-Vallejo.jpg","keywords":["anal\u00f3gico","digital","generaci\u00f3n","infancias","Julio Vallejo","Tecnolog\u00eda"],"articleSection":["Cine, Libros y m\u00e1s"],"inLanguage":"es"},{"@type":"WebPage","@id":"https:\/\/lospoliticosveracruz.com\/?p=179855","url":"https:\/\/lospoliticosveracruz.com\/?p=179855","name":"EL ARTE DE SABER ABURRIRSE - Los pol\u00edticos Veracruz","isPartOf":{"@id":"https:\/\/lospoliticosveracruz.com\/#website"},"primaryImageOfPage":{"@id":"https:\/\/lospoliticosveracruz.com\/?p=179855#primaryimage"},"image":{"@id":"https:\/\/lospoliticosveracruz.com\/?p=179855#primaryimage"},"thumbnailUrl":"https:\/\/lospoliticosveracruz.com\/wp-content\/uploads\/2025\/04\/Julio-Vallejo.jpg","datePublished":"2026-09-02T13:15:49+00:00","dateModified":"2026-09-02T13:15:50+00:00","breadcrumb":{"@id":"https:\/\/lospoliticosveracruz.com\/?p=179855#breadcrumb"},"inLanguage":"es","potentialAction":[{"@type":"ReadAction","target":["https:\/\/lospoliticosveracruz.com\/?p=179855"]}]},{"@type":"ImageObject","inLanguage":"es","@id":"https:\/\/lospoliticosveracruz.com\/?p=179855#primaryimage","url":"https:\/\/lospoliticosveracruz.com\/wp-content\/uploads\/2025\/04\/Julio-Vallejo.jpg","contentUrl":"https:\/\/lospoliticosveracruz.com\/wp-content\/uploads\/2025\/04\/Julio-Vallejo.jpg","width":1250,"height":667},{"@type":"BreadcrumbList","@id":"https:\/\/lospoliticosveracruz.com\/?p=179855#breadcrumb","itemListElement":[{"@type":"ListItem","position":1,"name":"Portada","item":"https:\/\/lospoliticosveracruz.com\/"},{"@type":"ListItem","position":2,"name":"EL ARTE DE SABER ABURRIRSE"}]},{"@type":"WebSite","@id":"https:\/\/lospoliticosveracruz.com\/#website","url":"https:\/\/lospoliticosveracruz.com\/","name":"Los pol\u00edticos Veracruz","description":"","publisher":{"@id":"https:\/\/lospoliticosveracruz.com\/#organization"},"potentialAction":[{"@type":"SearchAction","target":{"@type":"EntryPoint","urlTemplate":"https:\/\/lospoliticosveracruz.com\/?s={search_term_string}"},"query-input":{"@type":"PropertyValueSpecification","valueRequired":true,"valueName":"search_term_string"}}],"inLanguage":"es"},{"@type":"Organization","@id":"https:\/\/lospoliticosveracruz.com\/#organization","name":"Los pol\u00edticos Veracruz","url":"https:\/\/lospoliticosveracruz.com\/","logo":{"@type":"ImageObject","inLanguage":"es","@id":"https:\/\/lospoliticosveracruz.com\/#\/schema\/logo\/image\/","url":"https:\/\/lospoliticosveracruz.com\/wp-content\/uploads\/2025\/12\/Logo-Nuevo-LOS-POLITICOS-1.jpg","contentUrl":"https:\/\/lospoliticosveracruz.com\/wp-content\/uploads\/2025\/12\/Logo-Nuevo-LOS-POLITICOS-1.jpg","width":260,"height":70,"caption":"Los pol\u00edticos Veracruz"},"image":{"@id":"https:\/\/lospoliticosveracruz.com\/#\/schema\/logo\/image\/"},"sameAs":["https:\/\/www.facebook.com\/people\/Notimemes-de-los-Polticos\/61565672886568\/","https:\/\/x.com\/LosPoliticosVer"]},{"@type":"Person","@id":"https:\/\/lospoliticosveracruz.com\/#\/schema\/person\/b8702bb0e538456e6efd07080bf2a4a2","name":"Lo viste en Los Pol\u00edticos","image":{"@type":"ImageObject","inLanguage":"es","@id":"https:\/\/secure.gravatar.com\/avatar\/3a8de04a2656d44082be478bd6c086daa447c4651605818287b9532d3d0bd435?s=96&d=mm&r=g","url":"https:\/\/secure.gravatar.com\/avatar\/3a8de04a2656d44082be478bd6c086daa447c4651605818287b9532d3d0bd435?s=96&d=mm&r=g","contentUrl":"https:\/\/secure.gravatar.com\/avatar\/3a8de04a2656d44082be478bd6c086daa447c4651605818287b9532d3d0bd435?s=96&d=mm&r=g","caption":"Lo viste en Los Pol\u00edticos"},"url":"https:\/\/lospoliticosveracruz.com\/?author=2"}]}},"_links":{"self":[{"href":"https:\/\/lospoliticosveracruz.com\/index.php?rest_route=\/wp\/v2\/posts\/179855","targetHints":{"allow":["GET"]}}],"collection":[{"href":"https:\/\/lospoliticosveracruz.com\/index.php?rest_route=\/wp\/v2\/posts"}],"about":[{"href":"https:\/\/lospoliticosveracruz.com\/index.php?rest_route=\/wp\/v2\/types\/post"}],"author":[{"embeddable":true,"href":"https:\/\/lospoliticosveracruz.com\/index.php?rest_route=\/wp\/v2\/users\/2"}],"replies":[{"embeddable":true,"href":"https:\/\/lospoliticosveracruz.com\/index.php?rest_route=%2Fwp%2Fv2%2Fcomments&post=179855"}],"version-history":[{"count":1,"href":"https:\/\/lospoliticosveracruz.com\/index.php?rest_route=\/wp\/v2\/posts\/179855\/revisions"}],"predecessor-version":[{"id":179856,"href":"https:\/\/lospoliticosveracruz.com\/index.php?rest_route=\/wp\/v2\/posts\/179855\/revisions\/179856"}],"wp:featuredmedia":[{"embeddable":true,"href":"https:\/\/lospoliticosveracruz.com\/index.php?rest_route=\/wp\/v2\/media\/141394"}],"wp:attachment":[{"href":"https:\/\/lospoliticosveracruz.com\/index.php?rest_route=%2Fwp%2Fv2%2Fmedia&parent=179855"}],"wp:term":[{"taxonomy":"category","embeddable":true,"href":"https:\/\/lospoliticosveracruz.com\/index.php?rest_route=%2Fwp%2Fv2%2Fcategories&post=179855"},{"taxonomy":"post_tag","embeddable":true,"href":"https:\/\/lospoliticosveracruz.com\/index.php?rest_route=%2Fwp%2Fv2%2Ftags&post=179855"}],"curies":[{"name":"wp","href":"https:\/\/api.w.org\/{rel}","templated":true}]}}