{"id":179857,"date":"2026-09-02T07:28:59","date_gmt":"2026-09-02T13:28:59","guid":{"rendered":"https:\/\/lospoliticosveracruz.com\/?p=179857"},"modified":"2026-09-02T07:29:01","modified_gmt":"2026-09-02T13:29:01","slug":"salud-de-veracruz-en-estado-critico","status":"publish","type":"post","link":"https:\/\/lospoliticosveracruz.com\/?p=179857","title":{"rendered":"SALUD DE VERACRUZ, EN ESTADO CR\u00cdTICO"},"content":{"rendered":"<div class=\"wp-block-image\">\n<figure class=\"alignleft size-large is-resized\"><a href=\"https:\/\/lospoliticosveracruz.com\/wp-content\/uploads\/2026\/09\/banners-prevencion-suicidio-500x500-1.png\"><img loading=\"lazy\" decoding=\"async\" width=\"1024\" height=\"1024\" src=\"https:\/\/lospoliticosveracruz.com\/wp-content\/uploads\/2026\/09\/banners-prevencion-suicidio-500x500-1-1024x1024.png\" alt=\"\" class=\"wp-image-179740\" style=\"width:476px;height:auto\" srcset=\"https:\/\/lospoliticosveracruz.com\/wp-content\/uploads\/2026\/09\/banners-prevencion-suicidio-500x500-1-1024x1024.png 1024w, https:\/\/lospoliticosveracruz.com\/wp-content\/uploads\/2026\/09\/banners-prevencion-suicidio-500x500-1-300x300.png 300w, https:\/\/lospoliticosveracruz.com\/wp-content\/uploads\/2026\/09\/banners-prevencion-suicidio-500x500-1-150x150.png 150w, https:\/\/lospoliticosveracruz.com\/wp-content\/uploads\/2026\/09\/banners-prevencion-suicidio-500x500-1-768x768.png 768w, https:\/\/lospoliticosveracruz.com\/wp-content\/uploads\/2026\/09\/banners-prevencion-suicidio-500x500-1-1536x1536.png 1536w, https:\/\/lospoliticosveracruz.com\/wp-content\/uploads\/2026\/09\/banners-prevencion-suicidio-500x500-1-2048x2048.png 2048w, https:\/\/lospoliticosveracruz.com\/wp-content\/uploads\/2026\/09\/banners-prevencion-suicidio-500x500-1-420x420.png 420w, https:\/\/lospoliticosveracruz.com\/wp-content\/uploads\/2026\/09\/banners-prevencion-suicidio-500x500-1-696x696.png 696w, https:\/\/lospoliticosveracruz.com\/wp-content\/uploads\/2026\/09\/banners-prevencion-suicidio-500x500-1-1068x1068.png 1068w, https:\/\/lospoliticosveracruz.com\/wp-content\/uploads\/2026\/09\/banners-prevencion-suicidio-500x500-1-1920x1920.png 1920w\" sizes=\"auto, (max-width: 1024px) 100vw, 1024px\" \/><\/a><\/figure>\n<\/div>\n\n\n<p><strong>Fanny Y\u00e9pez<\/strong><br><em>La Columna<\/em><\/p>\n\n\n\n<p class=\"dropcapp1\">El sistema de salud p\u00fablica en el estado de Veracruz enfrenta actualmente una crisis severa y estructural, caracterizada por un desabasto cr\u00edtico de insumos, protestas masivas del personal m\u00e9dico y fallas administrativas profundas. Aunque el gobierno federal y la administraci\u00f3n estatal han anunciado planes de inversi\u00f3n e infraestructura a mediano plazo, la realidad inmediata en las cl\u00ednicas y hospitales es descrita por los propios trabajadores, como una \u00abverdadera emergencia sanitaria\u00bb, porque m\u00e1s de mil intervenciones quir\u00fargicas se han pospuesto.<br>El desabasto de insumos m\u00e9dicos en el sistema de salud de cualquier estado coloca en riesgo directo la vida, la integridad y la salud de los pacientes.<br>La carencia de medicamentos, material de curaci\u00f3n, reactivos de laboratorio y equipos m\u00e9dicos genera diversas afectaciones cr\u00edticas en la atenci\u00f3n sanitaria.<br>En el debate p\u00fablico, activistas y fuerzas de oposici\u00f3n utilizan el t\u00e9rmino \u201ccrimen de lesa humanidad\u201d, para enfatizar la gravedad de la crisis. Sin embargo, desde una perspectiva legal estricta, el desabasto de insumos m\u00e9dicos suele abordarse bajo la \u00f3ptica de violaciones a los derechos humanos, negligencia institucional o fallas administrativas.<br>Factores clave de la situaci\u00f3n actual: el desabasto cr\u00edtico de insumos b\u00e1sicos y medicamentos: Personal m\u00e9dico del Centro de Alta Especialidad (CAE) \u00abDr. Rafael Lucio\u00bb en Xalapa y del Hospital Regional de Veracruz ha denunciado p\u00fablicamente que carecen de materiales tan elementales como sueros, agujas, jeringas, gu\u00edas de venoclisis y material de curaci\u00f3n.<br>Esto obliga, frecuentemente, a los familiares de los pacientes a comprar sus propios insumos para que estos puedan ser atendidos o intervenidos quir\u00fargicamente.<br>Afectaciones en tratamientos de alta especialidad. &#8211; se han reportado suspensiones y retrasos significativos en procedimientos quir\u00fargicos. Asimismo, existe una gran indignaci\u00f3n tras reportes del desecho de casi un mill\u00f3n de pesos en medicamentos oncol\u00f3gicos caducados en almacenes estatales, mientras las familias de pacientes con c\u00e1ncer denuncian interrupciones en sus tratamientos por falta de abasto.<br>Inconformidad y paros laborales del personal m\u00e9dico, m\u00e1s de 20,000 trabajadores del sector salud se han manifestado o realizado paros de labores debido a la incertidumbre laboral, originada por la transici\u00f3n al sistema IMSS-Bienestar. Entre las principales quejas se encuentran el retraso en el pago de quincenas y la entrega de bonos de fin de a\u00f1o, mediante vales de despensa restrictivos en lugar de efectivo.<br>Las autoridades gubernamentales reconocen la complejidad de la transici\u00f3n institucional, pero matizan la gravedad de las denuncias.<br>El IMSS-Bienestar Veracruz ha argumentado que las quejas por desabasto forman parte de campa\u00f1as de desinformaci\u00f3n. Defienden que se han distribuido millones de medicamentos mediante estrategias como las \u00abCamionetitas de la Salud\u00bb.<br>Para mitigar el problema a futuro, la administraci\u00f3n de la gobernadora Roc\u00edo Nahle, anunci\u00f3 la creaci\u00f3n de 1,298 Consultorios de Atenci\u00f3n Primaria a la Salud que comenzar\u00e1n a operar paulatinamente.<br>A nivel de infraestructura, se proyecta la sustituci\u00f3n y construcci\u00f3n de cuatro hospitales estrat\u00e9gicos en la zona norte (P\u00e1nuco, Tuxpan, Tlapacoyan y Misantla), aunque las fechas de entrega estimadas se extienden entre 2028 y 2029.<br>Suspensi\u00f3n de cirug\u00edas. &#8211; la carencia de insumos y equipos ha provocado la acumulaci\u00f3n de un millar de cirug\u00edas atrasadas o suspendidas en diversas especialidades m\u00e9dicas.<br>Se han documentado casos de medicamentos \u2014incluyendo f\u00e1rmacos oncol\u00f3gicos\u2014 dados de baja en almacenes e instituciones de salud estatales por caducar sin ser entregados a los pacientes.<br>Problemas de infraestructura, fallas f\u00edsicas recurrentes en \u00e1reas sensibles de atenci\u00f3n m\u00e9dica, tales como goteras, falta de aire acondicionado y da\u00f1os en techos o plafones en torres de especialidades y hospitales regionales.<br>Impactos cr\u00edticos en la atenci\u00f3n al paciente, por ejemplo, la interrupci\u00f3n de tratamientos, lamentablemente pacientes con enfermedades cr\u00f3nicas, oncol\u00f3gicas o cr\u00f3nico-degenerativas (como diabetes o hipertensi\u00f3n) sufren reca\u00eddas graves al suspender sus dosis cotidianas.<br>Retraso en cirug\u00edas y procedimientos, la falta de anest\u00e9sicos, suturas o material quir\u00fargico esterilizado posterga intervenciones de urgencia, agravando el pron\u00f3stico del paciente.<br>Infecciones intrahospitalarias, la escasez de antis\u00e9pticos, guantes o jab\u00f3n quir\u00fargico compromete los protocolos de higiene y eleva el riesgo de contagios dentro de las unidades m\u00e9dicas. Diagn\u00f3sticos tard\u00edos o incorrectos: La ausencia de reactivos en los laboratorios impide realizar an\u00e1lisis de sangre, radiograf\u00edas o tomograf\u00edas a tiempo para detectar emergencias m\u00e9dicas.<br>Muchos mexicanos y de manera especial veracruzanos, confiamos en que los servicios de salud mejorar\u00edan sustancialmente, pero la realidad es otra, cada d\u00eda la situaci\u00f3n en hospitales oficiales es peor, con quejas de familiares y pacientes que luchan por su salud y lamentablemente no hay para donde voltear porque el da\u00f1o se generaliz\u00f3.<br>Interesante ser\u00eda conocer la opini\u00f3n de los diputados federales, que autorizan esos presupuestos que van al sector salud y hacer una profunda investigaci\u00f3n de lo que realmente est\u00e1 pasando en esas administraciones.<br>Se quejan los de adentro y los de afuera, porque el personal carece de muchos apoyos y son estos trabajadores los que tienen que dar la cara ante tanta carencia, mientras los jefes se mantienen alejados de las multitudes que protestan.<\/p>\n","protected":false},"excerpt":{"rendered":"<p>Fanny Y\u00e9pezLa Columna El sistema de salud p\u00fablica en el estado de Veracruz enfrenta actualmente una crisis severa y estructural, caracterizada por un desabasto cr\u00edtico de insumos, protestas masivas del personal m\u00e9dico y fallas administrativas profundas. Aunque el gobierno federal y la administraci\u00f3n estatal han anunciado planes de inversi\u00f3n e infraestructura a mediano plazo, la [&hellip;]<\/p>\n","protected":false},"author":2,"featured_media":141383,"comment_status":"closed","ping_status":"closed","sticky":false,"template":"","format":"standard","meta":{"tdm_status":"","tdm_grid_status":"","footnotes":""},"categories":[70],"tags":[70984,42501,17036,90,195],"class_list":{"0":"post-179857","1":"post","2":"type-post","3":"status-publish","4":"format-standard","5":"has-post-thumbnail","7":"category-de-opinion","8":"tag-cae-rafael-lucio","9":"tag-camionetitas-de-la-salud","10":"tag-emergencia-sanitaria","11":"tag-salud","12":"tag-veracruz"},"yoast_head":"<!-- This site is optimized with the Yoast SEO plugin v28.1 - https:\/\/yoast.com\/product\/yoast-seo-wordpress\/ -->\n<title>SALUD DE VERACRUZ, EN ESTADO CR\u00cdTICO - Los pol\u00edticos Veracruz<\/title>\n<meta name=\"robots\" content=\"index, follow, max-snippet:-1, max-image-preview:large, max-video-preview:-1\" \/>\n<link rel=\"canonical\" href=\"https:\/\/lospoliticosveracruz.com\/?p=179857\" \/>\n<meta property=\"og:locale\" content=\"es_ES\" \/>\n<meta property=\"og:type\" content=\"article\" \/>\n<meta property=\"og:title\" content=\"SALUD DE VERACRUZ, EN ESTADO CR\u00cdTICO - Los pol\u00edticos Veracruz\" \/>\n<meta property=\"og:description\" content=\"Fanny Y\u00e9pezLa Columna El sistema de salud p\u00fablica en el estado de Veracruz enfrenta actualmente una crisis severa y estructural, caracterizada por un desabasto cr\u00edtico de insumos, protestas masivas del personal m\u00e9dico y fallas administrativas profundas. Aunque el gobierno federal y la administraci\u00f3n estatal han anunciado planes de inversi\u00f3n e infraestructura a mediano plazo, la [&hellip;]\" \/>\n<meta property=\"og:url\" content=\"https:\/\/lospoliticosveracruz.com\/?p=179857\" \/>\n<meta property=\"og:site_name\" content=\"Los pol\u00edticos Veracruz\" \/>\n<meta property=\"article:publisher\" content=\"https:\/\/www.facebook.com\/people\/Notimemes-de-los-Polticos\/61565672886568\/\" \/>\n<meta property=\"article:published_time\" content=\"2026-09-02T13:28:59+00:00\" \/>\n<meta property=\"article:modified_time\" content=\"2026-09-02T13:29:01+00:00\" \/>\n<meta property=\"og:image\" content=\"https:\/\/lospoliticosveracruz.com\/wp-content\/uploads\/2025\/04\/Fanny-Yepez-Luna.jpg\" \/>\n\t<meta property=\"og:image:width\" content=\"1250\" \/>\n\t<meta property=\"og:image:height\" content=\"667\" \/>\n\t<meta property=\"og:image:type\" content=\"image\/jpeg\" \/>\n<meta name=\"author\" content=\"Lo viste en Los Pol\u00edticos\" \/>\n<meta name=\"twitter:card\" content=\"summary_large_image\" \/>\n<meta name=\"twitter:creator\" content=\"@LosPoliticosVer\" \/>\n<meta name=\"twitter:site\" content=\"@LosPoliticosVer\" \/>\n<meta name=\"twitter:label1\" content=\"Escrito por\" \/>\n\t<meta name=\"twitter:data1\" content=\"Lo viste en Los Pol\u00edticos\" \/>\n\t<meta name=\"twitter:label2\" content=\"Tiempo de lectura\" \/>\n\t<meta name=\"twitter:data2\" content=\"5 minutos\" \/>\n<script type=\"application\/ld+json\" class=\"yoast-schema-graph\">{\"@context\":\"https:\\\/\\\/schema.org\",\"@graph\":[{\"@type\":\"Article\",\"@id\":\"https:\\\/\\\/lospoliticosveracruz.com\\\/?p=179857#article\",\"isPartOf\":{\"@id\":\"https:\\\/\\\/lospoliticosveracruz.com\\\/?p=179857\"},\"author\":{\"name\":\"Lo viste en Los Pol\u00edticos\",\"@id\":\"https:\\\/\\\/lospoliticosveracruz.com\\\/#\\\/schema\\\/person\\\/b8702bb0e538456e6efd07080bf2a4a2\"},\"headline\":\"SALUD DE VERACRUZ, EN ESTADO CR\u00cdTICO\",\"datePublished\":\"2026-09-02T13:28:59+00:00\",\"dateModified\":\"2026-09-02T13:29:01+00:00\",\"mainEntityOfPage\":{\"@id\":\"https:\\\/\\\/lospoliticosveracruz.com\\\/?p=179857\"},\"wordCount\":900,\"publisher\":{\"@id\":\"https:\\\/\\\/lospoliticosveracruz.com\\\/#organization\"},\"image\":{\"@id\":\"https:\\\/\\\/lospoliticosveracruz.com\\\/?p=179857#primaryimage\"},\"thumbnailUrl\":\"https:\\\/\\\/lospoliticosveracruz.com\\\/wp-content\\\/uploads\\\/2025\\\/04\\\/Fanny-Yepez-Luna.jpg\",\"keywords\":[\"CAE Rafael Lucio\",\"Camionetitas de la Salud\",\"emergencia sanitaria\",\"Salud\",\"Veracruz\"],\"articleSection\":[\"De Opini\u00f3n\"],\"inLanguage\":\"es\"},{\"@type\":\"WebPage\",\"@id\":\"https:\\\/\\\/lospoliticosveracruz.com\\\/?p=179857\",\"url\":\"https:\\\/\\\/lospoliticosveracruz.com\\\/?p=179857\",\"name\":\"SALUD DE VERACRUZ, EN ESTADO CR\u00cdTICO - Los pol\u00edticos Veracruz\",\"isPartOf\":{\"@id\":\"https:\\\/\\\/lospoliticosveracruz.com\\\/#website\"},\"primaryImageOfPage\":{\"@id\":\"https:\\\/\\\/lospoliticosveracruz.com\\\/?p=179857#primaryimage\"},\"image\":{\"@id\":\"https:\\\/\\\/lospoliticosveracruz.com\\\/?p=179857#primaryimage\"},\"thumbnailUrl\":\"https:\\\/\\\/lospoliticosveracruz.com\\\/wp-content\\\/uploads\\\/2025\\\/04\\\/Fanny-Yepez-Luna.jpg\",\"datePublished\":\"2026-09-02T13:28:59+00:00\",\"dateModified\":\"2026-09-02T13:29:01+00:00\",\"breadcrumb\":{\"@id\":\"https:\\\/\\\/lospoliticosveracruz.com\\\/?p=179857#breadcrumb\"},\"inLanguage\":\"es\",\"potentialAction\":[{\"@type\":\"ReadAction\",\"target\":[\"https:\\\/\\\/lospoliticosveracruz.com\\\/?p=179857\"]}]},{\"@type\":\"ImageObject\",\"inLanguage\":\"es\",\"@id\":\"https:\\\/\\\/lospoliticosveracruz.com\\\/?p=179857#primaryimage\",\"url\":\"https:\\\/\\\/lospoliticosveracruz.com\\\/wp-content\\\/uploads\\\/2025\\\/04\\\/Fanny-Yepez-Luna.jpg\",\"contentUrl\":\"https:\\\/\\\/lospoliticosveracruz.com\\\/wp-content\\\/uploads\\\/2025\\\/04\\\/Fanny-Yepez-Luna.jpg\",\"width\":1250,\"height\":667},{\"@type\":\"BreadcrumbList\",\"@id\":\"https:\\\/\\\/lospoliticosveracruz.com\\\/?p=179857#breadcrumb\",\"itemListElement\":[{\"@type\":\"ListItem\",\"position\":1,\"name\":\"Portada\",\"item\":\"https:\\\/\\\/lospoliticosveracruz.com\\\/\"},{\"@type\":\"ListItem\",\"position\":2,\"name\":\"SALUD DE VERACRUZ, EN ESTADO CR\u00cdTICO\"}]},{\"@type\":\"WebSite\",\"@id\":\"https:\\\/\\\/lospoliticosveracruz.com\\\/#website\",\"url\":\"https:\\\/\\\/lospoliticosveracruz.com\\\/\",\"name\":\"Los pol\u00edticos Veracruz\",\"description\":\"\",\"publisher\":{\"@id\":\"https:\\\/\\\/lospoliticosveracruz.com\\\/#organization\"},\"potentialAction\":[{\"@type\":\"SearchAction\",\"target\":{\"@type\":\"EntryPoint\",\"urlTemplate\":\"https:\\\/\\\/lospoliticosveracruz.com\\\/?s={search_term_string}\"},\"query-input\":{\"@type\":\"PropertyValueSpecification\",\"valueRequired\":true,\"valueName\":\"search_term_string\"}}],\"inLanguage\":\"es\"},{\"@type\":\"Organization\",\"@id\":\"https:\\\/\\\/lospoliticosveracruz.com\\\/#organization\",\"name\":\"Los pol\u00edticos Veracruz\",\"url\":\"https:\\\/\\\/lospoliticosveracruz.com\\\/\",\"logo\":{\"@type\":\"ImageObject\",\"inLanguage\":\"es\",\"@id\":\"https:\\\/\\\/lospoliticosveracruz.com\\\/#\\\/schema\\\/logo\\\/image\\\/\",\"url\":\"https:\\\/\\\/lospoliticosveracruz.com\\\/wp-content\\\/uploads\\\/2025\\\/12\\\/Logo-Nuevo-LOS-POLITICOS-1.jpg\",\"contentUrl\":\"https:\\\/\\\/lospoliticosveracruz.com\\\/wp-content\\\/uploads\\\/2025\\\/12\\\/Logo-Nuevo-LOS-POLITICOS-1.jpg\",\"width\":260,\"height\":70,\"caption\":\"Los pol\u00edticos Veracruz\"},\"image\":{\"@id\":\"https:\\\/\\\/lospoliticosveracruz.com\\\/#\\\/schema\\\/logo\\\/image\\\/\"},\"sameAs\":[\"https:\\\/\\\/www.facebook.com\\\/people\\\/Notimemes-de-los-Polticos\\\/61565672886568\\\/\",\"https:\\\/\\\/x.com\\\/LosPoliticosVer\"]},{\"@type\":\"Person\",\"@id\":\"https:\\\/\\\/lospoliticosveracruz.com\\\/#\\\/schema\\\/person\\\/b8702bb0e538456e6efd07080bf2a4a2\",\"name\":\"Lo viste en Los Pol\u00edticos\",\"image\":{\"@type\":\"ImageObject\",\"inLanguage\":\"es\",\"@id\":\"https:\\\/\\\/secure.gravatar.com\\\/avatar\\\/3a8de04a2656d44082be478bd6c086daa447c4651605818287b9532d3d0bd435?s=96&d=mm&r=g\",\"url\":\"https:\\\/\\\/secure.gravatar.com\\\/avatar\\\/3a8de04a2656d44082be478bd6c086daa447c4651605818287b9532d3d0bd435?s=96&d=mm&r=g\",\"contentUrl\":\"https:\\\/\\\/secure.gravatar.com\\\/avatar\\\/3a8de04a2656d44082be478bd6c086daa447c4651605818287b9532d3d0bd435?s=96&d=mm&r=g\",\"caption\":\"Lo viste en Los Pol\u00edticos\"},\"url\":\"https:\\\/\\\/lospoliticosveracruz.com\\\/?author=2\"}]}<\/script>\n<!-- \/ Yoast SEO plugin. -->","yoast_head_json":{"title":"SALUD DE VERACRUZ, EN ESTADO CR\u00cdTICO - Los pol\u00edticos Veracruz","robots":{"index":"index","follow":"follow","max-snippet":"max-snippet:-1","max-image-preview":"max-image-preview:large","max-video-preview":"max-video-preview:-1"},"canonical":"https:\/\/lospoliticosveracruz.com\/?p=179857","og_locale":"es_ES","og_type":"article","og_title":"SALUD DE VERACRUZ, EN ESTADO CR\u00cdTICO - Los pol\u00edticos Veracruz","og_description":"Fanny Y\u00e9pezLa Columna El sistema de salud p\u00fablica en el estado de Veracruz enfrenta actualmente una crisis severa y estructural, caracterizada por un desabasto cr\u00edtico de insumos, protestas masivas del personal m\u00e9dico y fallas administrativas profundas. Aunque el gobierno federal y la administraci\u00f3n estatal han anunciado planes de inversi\u00f3n e infraestructura a mediano plazo, la [&hellip;]","og_url":"https:\/\/lospoliticosveracruz.com\/?p=179857","og_site_name":"Los pol\u00edticos Veracruz","article_publisher":"https:\/\/www.facebook.com\/people\/Notimemes-de-los-Polticos\/61565672886568\/","article_published_time":"2026-09-02T13:28:59+00:00","article_modified_time":"2026-09-02T13:29:01+00:00","og_image":[{"width":1250,"height":667,"url":"https:\/\/lospoliticosveracruz.com\/wp-content\/uploads\/2025\/04\/Fanny-Yepez-Luna.jpg","type":"image\/jpeg"}],"author":"Lo viste en Los Pol\u00edticos","twitter_card":"summary_large_image","twitter_creator":"@LosPoliticosVer","twitter_site":"@LosPoliticosVer","twitter_misc":{"Escrito por":"Lo viste en Los Pol\u00edticos","Tiempo de lectura":"5 minutos"},"schema":{"@context":"https:\/\/schema.org","@graph":[{"@type":"Article","@id":"https:\/\/lospoliticosveracruz.com\/?p=179857#article","isPartOf":{"@id":"https:\/\/lospoliticosveracruz.com\/?p=179857"},"author":{"name":"Lo viste en Los Pol\u00edticos","@id":"https:\/\/lospoliticosveracruz.com\/#\/schema\/person\/b8702bb0e538456e6efd07080bf2a4a2"},"headline":"SALUD DE VERACRUZ, EN ESTADO CR\u00cdTICO","datePublished":"2026-09-02T13:28:59+00:00","dateModified":"2026-09-02T13:29:01+00:00","mainEntityOfPage":{"@id":"https:\/\/lospoliticosveracruz.com\/?p=179857"},"wordCount":900,"publisher":{"@id":"https:\/\/lospoliticosveracruz.com\/#organization"},"image":{"@id":"https:\/\/lospoliticosveracruz.com\/?p=179857#primaryimage"},"thumbnailUrl":"https:\/\/lospoliticosveracruz.com\/wp-content\/uploads\/2025\/04\/Fanny-Yepez-Luna.jpg","keywords":["CAE Rafael Lucio","Camionetitas de la Salud","emergencia sanitaria","Salud","Veracruz"],"articleSection":["De Opini\u00f3n"],"inLanguage":"es"},{"@type":"WebPage","@id":"https:\/\/lospoliticosveracruz.com\/?p=179857","url":"https:\/\/lospoliticosveracruz.com\/?p=179857","name":"SALUD DE VERACRUZ, EN ESTADO CR\u00cdTICO - Los pol\u00edticos Veracruz","isPartOf":{"@id":"https:\/\/lospoliticosveracruz.com\/#website"},"primaryImageOfPage":{"@id":"https:\/\/lospoliticosveracruz.com\/?p=179857#primaryimage"},"image":{"@id":"https:\/\/lospoliticosveracruz.com\/?p=179857#primaryimage"},"thumbnailUrl":"https:\/\/lospoliticosveracruz.com\/wp-content\/uploads\/2025\/04\/Fanny-Yepez-Luna.jpg","datePublished":"2026-09-02T13:28:59+00:00","dateModified":"2026-09-02T13:29:01+00:00","breadcrumb":{"@id":"https:\/\/lospoliticosveracruz.com\/?p=179857#breadcrumb"},"inLanguage":"es","potentialAction":[{"@type":"ReadAction","target":["https:\/\/lospoliticosveracruz.com\/?p=179857"]}]},{"@type":"ImageObject","inLanguage":"es","@id":"https:\/\/lospoliticosveracruz.com\/?p=179857#primaryimage","url":"https:\/\/lospoliticosveracruz.com\/wp-content\/uploads\/2025\/04\/Fanny-Yepez-Luna.jpg","contentUrl":"https:\/\/lospoliticosveracruz.com\/wp-content\/uploads\/2025\/04\/Fanny-Yepez-Luna.jpg","width":1250,"height":667},{"@type":"BreadcrumbList","@id":"https:\/\/lospoliticosveracruz.com\/?p=179857#breadcrumb","itemListElement":[{"@type":"ListItem","position":1,"name":"Portada","item":"https:\/\/lospoliticosveracruz.com\/"},{"@type":"ListItem","position":2,"name":"SALUD DE VERACRUZ, EN ESTADO CR\u00cdTICO"}]},{"@type":"WebSite","@id":"https:\/\/lospoliticosveracruz.com\/#website","url":"https:\/\/lospoliticosveracruz.com\/","name":"Los pol\u00edticos Veracruz","description":"","publisher":{"@id":"https:\/\/lospoliticosveracruz.com\/#organization"},"potentialAction":[{"@type":"SearchAction","target":{"@type":"EntryPoint","urlTemplate":"https:\/\/lospoliticosveracruz.com\/?s={search_term_string}"},"query-input":{"@type":"PropertyValueSpecification","valueRequired":true,"valueName":"search_term_string"}}],"inLanguage":"es"},{"@type":"Organization","@id":"https:\/\/lospoliticosveracruz.com\/#organization","name":"Los pol\u00edticos Veracruz","url":"https:\/\/lospoliticosveracruz.com\/","logo":{"@type":"ImageObject","inLanguage":"es","@id":"https:\/\/lospoliticosveracruz.com\/#\/schema\/logo\/image\/","url":"https:\/\/lospoliticosveracruz.com\/wp-content\/uploads\/2025\/12\/Logo-Nuevo-LOS-POLITICOS-1.jpg","contentUrl":"https:\/\/lospoliticosveracruz.com\/wp-content\/uploads\/2025\/12\/Logo-Nuevo-LOS-POLITICOS-1.jpg","width":260,"height":70,"caption":"Los pol\u00edticos Veracruz"},"image":{"@id":"https:\/\/lospoliticosveracruz.com\/#\/schema\/logo\/image\/"},"sameAs":["https:\/\/www.facebook.com\/people\/Notimemes-de-los-Polticos\/61565672886568\/","https:\/\/x.com\/LosPoliticosVer"]},{"@type":"Person","@id":"https:\/\/lospoliticosveracruz.com\/#\/schema\/person\/b8702bb0e538456e6efd07080bf2a4a2","name":"Lo viste en Los Pol\u00edticos","image":{"@type":"ImageObject","inLanguage":"es","@id":"https:\/\/secure.gravatar.com\/avatar\/3a8de04a2656d44082be478bd6c086daa447c4651605818287b9532d3d0bd435?s=96&d=mm&r=g","url":"https:\/\/secure.gravatar.com\/avatar\/3a8de04a2656d44082be478bd6c086daa447c4651605818287b9532d3d0bd435?s=96&d=mm&r=g","contentUrl":"https:\/\/secure.gravatar.com\/avatar\/3a8de04a2656d44082be478bd6c086daa447c4651605818287b9532d3d0bd435?s=96&d=mm&r=g","caption":"Lo viste en Los Pol\u00edticos"},"url":"https:\/\/lospoliticosveracruz.com\/?author=2"}]}},"_links":{"self":[{"href":"https:\/\/lospoliticosveracruz.com\/index.php?rest_route=\/wp\/v2\/posts\/179857","targetHints":{"allow":["GET"]}}],"collection":[{"href":"https:\/\/lospoliticosveracruz.com\/index.php?rest_route=\/wp\/v2\/posts"}],"about":[{"href":"https:\/\/lospoliticosveracruz.com\/index.php?rest_route=\/wp\/v2\/types\/post"}],"author":[{"embeddable":true,"href":"https:\/\/lospoliticosveracruz.com\/index.php?rest_route=\/wp\/v2\/users\/2"}],"replies":[{"embeddable":true,"href":"https:\/\/lospoliticosveracruz.com\/index.php?rest_route=%2Fwp%2Fv2%2Fcomments&post=179857"}],"version-history":[{"count":1,"href":"https:\/\/lospoliticosveracruz.com\/index.php?rest_route=\/wp\/v2\/posts\/179857\/revisions"}],"predecessor-version":[{"id":179858,"href":"https:\/\/lospoliticosveracruz.com\/index.php?rest_route=\/wp\/v2\/posts\/179857\/revisions\/179858"}],"wp:featuredmedia":[{"embeddable":true,"href":"https:\/\/lospoliticosveracruz.com\/index.php?rest_route=\/wp\/v2\/media\/141383"}],"wp:attachment":[{"href":"https:\/\/lospoliticosveracruz.com\/index.php?rest_route=%2Fwp%2Fv2%2Fmedia&parent=179857"}],"wp:term":[{"taxonomy":"category","embeddable":true,"href":"https:\/\/lospoliticosveracruz.com\/index.php?rest_route=%2Fwp%2Fv2%2Fcategories&post=179857"},{"taxonomy":"post_tag","embeddable":true,"href":"https:\/\/lospoliticosveracruz.com\/index.php?rest_route=%2Fwp%2Fv2%2Ftags&post=179857"}],"curies":[{"name":"wp","href":"https:\/\/api.w.org\/{rel}","templated":true}]}}