{"id":179859,"date":"2026-09-02T07:55:46","date_gmt":"2026-09-02T13:55:46","guid":{"rendered":"https:\/\/lospoliticosveracruz.com\/?p=179859"},"modified":"2026-09-02T07:55:47","modified_gmt":"2026-09-02T13:55:47","slug":"ocupados-en-dante","status":"publish","type":"post","link":"https:\/\/lospoliticosveracruz.com\/?p=179859","title":{"rendered":"OCUPADOS EN DANTE\u2026"},"content":{"rendered":"<div class=\"wp-block-image\">\n<figure class=\"alignleft size-large is-resized\"><a href=\"https:\/\/lospoliticosveracruz.com\/wp-content\/uploads\/2026\/09\/banners-prevencion-suicidio-500x500-1.png\"><img loading=\"lazy\" decoding=\"async\" width=\"1024\" height=\"1024\" src=\"https:\/\/lospoliticosveracruz.com\/wp-content\/uploads\/2026\/09\/banners-prevencion-suicidio-500x500-1-1024x1024.png\" alt=\"\" class=\"wp-image-179740\" style=\"width:476px;height:auto\" srcset=\"https:\/\/lospoliticosveracruz.com\/wp-content\/uploads\/2026\/09\/banners-prevencion-suicidio-500x500-1-1024x1024.png 1024w, https:\/\/lospoliticosveracruz.com\/wp-content\/uploads\/2026\/09\/banners-prevencion-suicidio-500x500-1-300x300.png 300w, https:\/\/lospoliticosveracruz.com\/wp-content\/uploads\/2026\/09\/banners-prevencion-suicidio-500x500-1-150x150.png 150w, https:\/\/lospoliticosveracruz.com\/wp-content\/uploads\/2026\/09\/banners-prevencion-suicidio-500x500-1-768x768.png 768w, https:\/\/lospoliticosveracruz.com\/wp-content\/uploads\/2026\/09\/banners-prevencion-suicidio-500x500-1-1536x1536.png 1536w, https:\/\/lospoliticosveracruz.com\/wp-content\/uploads\/2026\/09\/banners-prevencion-suicidio-500x500-1-2048x2048.png 2048w, https:\/\/lospoliticosveracruz.com\/wp-content\/uploads\/2026\/09\/banners-prevencion-suicidio-500x500-1-420x420.png 420w, https:\/\/lospoliticosveracruz.com\/wp-content\/uploads\/2026\/09\/banners-prevencion-suicidio-500x500-1-696x696.png 696w, https:\/\/lospoliticosveracruz.com\/wp-content\/uploads\/2026\/09\/banners-prevencion-suicidio-500x500-1-1068x1068.png 1068w, https:\/\/lospoliticosveracruz.com\/wp-content\/uploads\/2026\/09\/banners-prevencion-suicidio-500x500-1-1920x1920.png 1920w\" sizes=\"auto, (max-width: 1024px) 100vw, 1024px\" \/><\/a><\/figure>\n<\/div>\n\n\n<p><strong>Oved Contreras<\/strong><\/p>\n\n\n\n<p>Secas Mecas<br><\/p>\n\n\n\n<p><\/p>\n\n\n\n<p>Mientras en diferentes espacios p\u00fablicos se multiplican las quejas del personal que labora en hospitales del sector salud por la falta medicinas y material para brindar atenci\u00f3n m\u00e9dica, la responsable del sector Salud en el estado, Mariela Hern\u00e1ndez Garc\u00eda, ocupa su tiempo en redes para responderle al ex gobernador Dante Delgado y darle la espalda a los problemas del sector.<\/p>\n\n\n\n<p>En su cuenta de Facebook, la funcionaria comparte una especie de historieta donde aparece Dante Delgado y sus pasajes con los Yunes, y escribe: \u201cNunca fueron de izquierda sino por intereses mezquinos, pero los veracruzanos tenemos memoria\u201d. Y mientras no hagan su trabajo en Salud y se dediquen a la grilla pol\u00edtica, pagados por todos, ser\u00e1n se\u00f1alados como corruptos. Es la secretaria en el estado de Veracruz que al igual que su par don Besuc\u00f3n Roberto Ramos Alor, prefieren negar la realidad de los hospitales y centros de Salud, hay testimonios, pero ellos est\u00e1n en la negaci\u00f3n, y prefieren pelear con monitos.<\/p>\n\n\n\n<p>\u00bfA poco s\u00ed les afect\u00f3 demasiado la aparici\u00f3n de Dante Delgado? \u00bfO fueron sus invitados o que haya criticado a la gobernadora Roc\u00edo Nahle? Los funcionarios de la Cuarta Transformaci\u00f3n y sus escribientes se han convertido en los principales promotores del movimiento naranja\u2026repiten una y otra vez que est\u00e1n derrotados antes de la elecci\u00f3n del pr\u00f3ximo a\u00f1o pero no dejan de hablar de ellos, les revuelve el est\u00f3mago que un Yunes, aunque no sean los del Estero, aparezcan p\u00fablicamente con el ex gobernador veracruzano.<\/p>\n\n\n\n<p>Ellos solos se encargan de darle m\u00e1s importancia de la que realmente tiene un evento partidista opositor a Morena. El sector Salud es una de las \u00e1reas m\u00e1s sensibles de un gobierno y si los problemas no se resuelven, esos mismos pacientes y sus familias se vuelven en promotores del voto en contra del r\u00e9gimen. Eso es lo que no le queda claro ni a do\u00f1a Mariela Hern\u00e1ndez ni al Besuc\u00f3n Roberto Alor, que prefieren enfundarse su chaqueta guinda, meterse de lleno en la grilla y descalificar al personal de hospitales que se queja de la falta de insumos.<\/p>\n\n\n\n<p>TEJE FINO\u2026lo cort\u00e9s no quita lo valiente\u2026el diputado Esteban Bautista, Presidente de la Junta de Coordinaci\u00f3n Pol\u00edtica (JUCOPO) del Congreso local sostuvo un encuentro con los representantes de cada grupo legislativo del Congreso del Estado, junto al diputado Luis Vicente Aguilar, nuevo Presidente de la Mesa Directiva.<\/p>\n\n\n\n<p>Al encuentro acudieron Montserrat Ortega (PAN), Ana Rosa Vald\u00e9s (PRI), H\u00e9ctor Yunes (ALIANZA GENERACIONAL), Enrique Cambranis (PAN), Ram\u00f3n D\u00edaz (PT), Marcelo Ruiz (PVEM) y Adri\u00e1n \u00c1vila de Movimiento Ciudadano.<\/p>\n\n\n\n<p>Este martes entr\u00f3 en funciones la nueva Mesa Directiva del Congreso, la cual est\u00e1 integrada por los legisladores de Morena Luis Vicente Aguilar Castillo en la presidencia y Daniela Flores Barnils como secretaria, as\u00ed como el diputado del PVEM Urbano Bautista Mart\u00ednez como vicepresidente.<\/p>\n\n\n\n<p>NO QUIEREN QUE PROTESTEN\u2026Ex trabajadores de la Secretar\u00eda de Desarrollo Agropecuario, Rural y Pesca (Sedarpa), donde despacha Rodrigo Calder\u00f3n, recibieron mensajes intimidatorios previo a la movilizaci\u00f3n convocada para este mi\u00e9rcoles 2 de septiembre, en la que pretenden exigir el pago de salarios pendientes y denunciar presuntos abusos dentro del \u00e1rea de Ganader\u00eda.<\/p>\n\n\n\n<p>Los mensajes habr\u00edan llegado desde n\u00fameros telef\u00f3nicos desconocidos en los que se les advierte que no acudan a la toma de las instalaciones de la dependencia, bajo la amenaza de posibles represalias. Uno de los mensajes exhibidos se\u00f1ala:<br>\u201cPor ser ex trabajador de la direcci\u00f3n de ganader\u00eda, te mandamos el siguiente mensaje para que no asistas a la toma de la secretar\u00eda, habr\u00e1 represalias tenemos t\u00fa direcci\u00f3n y otros datos en los contratos\u2026\u201d<\/p>\n\n\n\n<p>El mensaje habr\u00eda sido enviado desde un n\u00famero que no se encuentra registrado entre los contactos del receptor. Hasta el momento se desconoce qui\u00e9n est\u00e1 detr\u00e1s de esas comunicaciones. \u201cA varios compa\u00f1eros nos llegaron mensajes intimidatorios de que si asistimos ma\u00f1ana habr\u00e1 represalias. Tenemos miedo que ese se\u00f1or, con su abuso de autoridad y poder, atente en contra de nosotros\u201d, expres\u00f3 uno de los afectados al hacer p\u00fablica la situaci\u00f3n.<\/p>\n\n\n\n<p>La denuncia ocurre d\u00edas despu\u00e9s de que un grupo de ex trabajadores de Sedarpa acusara p\u00fablicamente al subsecretario Carlos Manuel Jim\u00e9nez D\u00edaz, alias \u201cEl Potrillo\u201d, de presuntos actos de corrupci\u00f3n, abuso de autoridad, nepotismo y despidos injustificados. Los inconformes sostienen que m\u00e1s de 20 familias habr\u00edan resultado afectadas y que, tras la salida del anterior director del \u00e1rea, m\u00e1s de 30 personas habr\u00edan sido dadas de baja.<\/p>\n\n\n\n<p>Los denunciantes tambi\u00e9n han se\u00f1alado que algunos trabajadores laboraron durante julio sin recibir el pago correspondiente y afirman contar con documentos, mensajes, nombramientos, comprobantes y testimonios para sustentar los se\u00f1alamientos que han realizado.<br>La movilizaci\u00f3n est\u00e1 convocada este mi\u00e9rcoles 2 de septiembre, a las 9:00 horas, en las oficinas de Sedarpa, donde trabajadores y ex trabajadores pretenden exigir el pago de salarios y prestaciones, una investigaci\u00f3n sobre las presuntas irregularidades y la salida de Jim\u00e9nez D\u00edaz de la Subsecretar\u00eda.<\/p>\n\n\n\n<p>El reclamo tambi\u00e9n ha sido dirigido al titular de Sedarpa, Rodrigo Calder\u00f3n Salas. Ahora, ante los mensajes recibidos, los inconformes aseguran que el conflicto laboral ha escalado a un escenario de intimidaci\u00f3n y manifiestan temor por su seguridad y la de sus familias. Los afectados se\u00f1alaron que har\u00e1n responsables a quienes resulten involucrados en caso de cualquier agresi\u00f3n y pidieron que las autoridades correspondientes garanticen su derecho a manifestarse sin amenazas ni represalias.<\/p>\n","protected":false},"excerpt":{"rendered":"<p>Oved Contreras Secas Mecas Mientras en diferentes espacios p\u00fablicos se multiplican las quejas del personal que labora en hospitales del sector salud por la falta medicinas y material para brindar atenci\u00f3n m\u00e9dica, la responsable del sector Salud en el estado, Mariela Hern\u00e1ndez Garc\u00eda, ocupa su tiempo en redes para responderle al ex gobernador Dante Delgado [&hellip;]<\/p>\n","protected":false},"author":2,"featured_media":141426,"comment_status":"closed","ping_status":"closed","sticky":false,"template":"","format":"standard","meta":{"tdm_status":"","tdm_grid_status":"","footnotes":""},"categories":[70],"tags":[2219,41832,70985,39715,1090,1189,195],"class_list":{"0":"post-179859","1":"post","2":"type-post","3":"status-publish","4":"format-standard","5":"has-post-thumbnail","7":"category-de-opinion","8":"tag-dante-delgado","9":"tag-esteban-bautista","10":"tag-mariela-hernandez","11":"tag-oved-contreras","12":"tag-sector-salud","13":"tag-sedarpa","14":"tag-veracruz"},"yoast_head":"<!-- This site is optimized with the Yoast SEO plugin v28.1 - https:\/\/yoast.com\/product\/yoast-seo-wordpress\/ -->\n<title>OCUPADOS EN DANTE\u2026 - Los pol\u00edticos Veracruz<\/title>\n<meta name=\"robots\" content=\"index, follow, max-snippet:-1, max-image-preview:large, max-video-preview:-1\" \/>\n<link rel=\"canonical\" href=\"https:\/\/lospoliticosveracruz.com\/?p=179859\" \/>\n<meta property=\"og:locale\" content=\"es_ES\" \/>\n<meta property=\"og:type\" content=\"article\" \/>\n<meta property=\"og:title\" content=\"OCUPADOS EN DANTE\u2026 - Los pol\u00edticos Veracruz\" \/>\n<meta property=\"og:description\" content=\"Oved Contreras Secas Mecas Mientras en diferentes espacios p\u00fablicos se multiplican las quejas del personal que labora en hospitales del sector salud por la falta medicinas y material para brindar atenci\u00f3n m\u00e9dica, la responsable del sector Salud en el estado, Mariela Hern\u00e1ndez Garc\u00eda, ocupa su tiempo en redes para responderle al ex gobernador Dante Delgado [&hellip;]\" \/>\n<meta property=\"og:url\" content=\"https:\/\/lospoliticosveracruz.com\/?p=179859\" \/>\n<meta property=\"og:site_name\" content=\"Los pol\u00edticos Veracruz\" \/>\n<meta property=\"article:publisher\" content=\"https:\/\/www.facebook.com\/people\/Notimemes-de-los-Polticos\/61565672886568\/\" \/>\n<meta property=\"article:published_time\" content=\"2026-09-02T13:55:46+00:00\" \/>\n<meta property=\"article:modified_time\" content=\"2026-09-02T13:55:47+00:00\" \/>\n<meta property=\"og:image\" content=\"https:\/\/lospoliticosveracruz.com\/wp-content\/uploads\/2025\/04\/Oved-Contreras-e1768066319253.jpg\" \/>\n\t<meta property=\"og:image:width\" content=\"600\" \/>\n\t<meta property=\"og:image:height\" content=\"320\" \/>\n\t<meta property=\"og:image:type\" content=\"image\/jpeg\" \/>\n<meta name=\"author\" content=\"Lo viste en Los Pol\u00edticos\" \/>\n<meta name=\"twitter:card\" content=\"summary_large_image\" \/>\n<meta name=\"twitter:creator\" content=\"@LosPoliticosVer\" \/>\n<meta name=\"twitter:site\" content=\"@LosPoliticosVer\" \/>\n<meta name=\"twitter:label1\" content=\"Escrito por\" \/>\n\t<meta name=\"twitter:data1\" content=\"Lo viste en Los Pol\u00edticos\" \/>\n\t<meta name=\"twitter:label2\" content=\"Tiempo de lectura\" \/>\n\t<meta name=\"twitter:data2\" content=\"5 minutos\" \/>\n<script type=\"application\/ld+json\" class=\"yoast-schema-graph\">{\"@context\":\"https:\\\/\\\/schema.org\",\"@graph\":[{\"@type\":\"Article\",\"@id\":\"https:\\\/\\\/lospoliticosveracruz.com\\\/?p=179859#article\",\"isPartOf\":{\"@id\":\"https:\\\/\\\/lospoliticosveracruz.com\\\/?p=179859\"},\"author\":{\"name\":\"Lo viste en Los Pol\u00edticos\",\"@id\":\"https:\\\/\\\/lospoliticosveracruz.com\\\/#\\\/schema\\\/person\\\/b8702bb0e538456e6efd07080bf2a4a2\"},\"headline\":\"OCUPADOS EN DANTE\u2026\",\"datePublished\":\"2026-09-02T13:55:46+00:00\",\"dateModified\":\"2026-09-02T13:55:47+00:00\",\"mainEntityOfPage\":{\"@id\":\"https:\\\/\\\/lospoliticosveracruz.com\\\/?p=179859\"},\"wordCount\":967,\"publisher\":{\"@id\":\"https:\\\/\\\/lospoliticosveracruz.com\\\/#organization\"},\"image\":{\"@id\":\"https:\\\/\\\/lospoliticosveracruz.com\\\/?p=179859#primaryimage\"},\"thumbnailUrl\":\"https:\\\/\\\/lospoliticosveracruz.com\\\/wp-content\\\/uploads\\\/2025\\\/04\\\/Oved-Contreras-e1768066319253.jpg\",\"keywords\":[\"Dante Delgado\",\"Esteban Bautista\",\"Mariela Hern\u00e1ndez\",\"Oved Contreras\",\"Sector Salud\",\"Sedarpa\",\"Veracruz\"],\"articleSection\":[\"De Opini\u00f3n\"],\"inLanguage\":\"es\"},{\"@type\":\"WebPage\",\"@id\":\"https:\\\/\\\/lospoliticosveracruz.com\\\/?p=179859\",\"url\":\"https:\\\/\\\/lospoliticosveracruz.com\\\/?p=179859\",\"name\":\"OCUPADOS EN DANTE\u2026 - Los pol\u00edticos Veracruz\",\"isPartOf\":{\"@id\":\"https:\\\/\\\/lospoliticosveracruz.com\\\/#website\"},\"primaryImageOfPage\":{\"@id\":\"https:\\\/\\\/lospoliticosveracruz.com\\\/?p=179859#primaryimage\"},\"image\":{\"@id\":\"https:\\\/\\\/lospoliticosveracruz.com\\\/?p=179859#primaryimage\"},\"thumbnailUrl\":\"https:\\\/\\\/lospoliticosveracruz.com\\\/wp-content\\\/uploads\\\/2025\\\/04\\\/Oved-Contreras-e1768066319253.jpg\",\"datePublished\":\"2026-09-02T13:55:46+00:00\",\"dateModified\":\"2026-09-02T13:55:47+00:00\",\"breadcrumb\":{\"@id\":\"https:\\\/\\\/lospoliticosveracruz.com\\\/?p=179859#breadcrumb\"},\"inLanguage\":\"es\",\"potentialAction\":[{\"@type\":\"ReadAction\",\"target\":[\"https:\\\/\\\/lospoliticosveracruz.com\\\/?p=179859\"]}]},{\"@type\":\"ImageObject\",\"inLanguage\":\"es\",\"@id\":\"https:\\\/\\\/lospoliticosveracruz.com\\\/?p=179859#primaryimage\",\"url\":\"https:\\\/\\\/lospoliticosveracruz.com\\\/wp-content\\\/uploads\\\/2025\\\/04\\\/Oved-Contreras-e1768066319253.jpg\",\"contentUrl\":\"https:\\\/\\\/lospoliticosveracruz.com\\\/wp-content\\\/uploads\\\/2025\\\/04\\\/Oved-Contreras-e1768066319253.jpg\",\"width\":600,\"height\":320},{\"@type\":\"BreadcrumbList\",\"@id\":\"https:\\\/\\\/lospoliticosveracruz.com\\\/?p=179859#breadcrumb\",\"itemListElement\":[{\"@type\":\"ListItem\",\"position\":1,\"name\":\"Portada\",\"item\":\"https:\\\/\\\/lospoliticosveracruz.com\\\/\"},{\"@type\":\"ListItem\",\"position\":2,\"name\":\"OCUPADOS EN DANTE\u2026\"}]},{\"@type\":\"WebSite\",\"@id\":\"https:\\\/\\\/lospoliticosveracruz.com\\\/#website\",\"url\":\"https:\\\/\\\/lospoliticosveracruz.com\\\/\",\"name\":\"Los pol\u00edticos Veracruz\",\"description\":\"\",\"publisher\":{\"@id\":\"https:\\\/\\\/lospoliticosveracruz.com\\\/#organization\"},\"potentialAction\":[{\"@type\":\"SearchAction\",\"target\":{\"@type\":\"EntryPoint\",\"urlTemplate\":\"https:\\\/\\\/lospoliticosveracruz.com\\\/?s={search_term_string}\"},\"query-input\":{\"@type\":\"PropertyValueSpecification\",\"valueRequired\":true,\"valueName\":\"search_term_string\"}}],\"inLanguage\":\"es\"},{\"@type\":\"Organization\",\"@id\":\"https:\\\/\\\/lospoliticosveracruz.com\\\/#organization\",\"name\":\"Los pol\u00edticos Veracruz\",\"url\":\"https:\\\/\\\/lospoliticosveracruz.com\\\/\",\"logo\":{\"@type\":\"ImageObject\",\"inLanguage\":\"es\",\"@id\":\"https:\\\/\\\/lospoliticosveracruz.com\\\/#\\\/schema\\\/logo\\\/image\\\/\",\"url\":\"https:\\\/\\\/lospoliticosveracruz.com\\\/wp-content\\\/uploads\\\/2025\\\/12\\\/Logo-Nuevo-LOS-POLITICOS-1.jpg\",\"contentUrl\":\"https:\\\/\\\/lospoliticosveracruz.com\\\/wp-content\\\/uploads\\\/2025\\\/12\\\/Logo-Nuevo-LOS-POLITICOS-1.jpg\",\"width\":260,\"height\":70,\"caption\":\"Los pol\u00edticos Veracruz\"},\"image\":{\"@id\":\"https:\\\/\\\/lospoliticosveracruz.com\\\/#\\\/schema\\\/logo\\\/image\\\/\"},\"sameAs\":[\"https:\\\/\\\/www.facebook.com\\\/people\\\/Notimemes-de-los-Polticos\\\/61565672886568\\\/\",\"https:\\\/\\\/x.com\\\/LosPoliticosVer\"]},{\"@type\":\"Person\",\"@id\":\"https:\\\/\\\/lospoliticosveracruz.com\\\/#\\\/schema\\\/person\\\/b8702bb0e538456e6efd07080bf2a4a2\",\"name\":\"Lo viste en Los Pol\u00edticos\",\"image\":{\"@type\":\"ImageObject\",\"inLanguage\":\"es\",\"@id\":\"https:\\\/\\\/secure.gravatar.com\\\/avatar\\\/3a8de04a2656d44082be478bd6c086daa447c4651605818287b9532d3d0bd435?s=96&d=mm&r=g\",\"url\":\"https:\\\/\\\/secure.gravatar.com\\\/avatar\\\/3a8de04a2656d44082be478bd6c086daa447c4651605818287b9532d3d0bd435?s=96&d=mm&r=g\",\"contentUrl\":\"https:\\\/\\\/secure.gravatar.com\\\/avatar\\\/3a8de04a2656d44082be478bd6c086daa447c4651605818287b9532d3d0bd435?s=96&d=mm&r=g\",\"caption\":\"Lo viste en Los Pol\u00edticos\"},\"url\":\"https:\\\/\\\/lospoliticosveracruz.com\\\/?author=2\"}]}<\/script>\n<!-- \/ Yoast SEO plugin. -->","yoast_head_json":{"title":"OCUPADOS EN DANTE\u2026 - Los pol\u00edticos Veracruz","robots":{"index":"index","follow":"follow","max-snippet":"max-snippet:-1","max-image-preview":"max-image-preview:large","max-video-preview":"max-video-preview:-1"},"canonical":"https:\/\/lospoliticosveracruz.com\/?p=179859","og_locale":"es_ES","og_type":"article","og_title":"OCUPADOS EN DANTE\u2026 - Los pol\u00edticos Veracruz","og_description":"Oved Contreras Secas Mecas Mientras en diferentes espacios p\u00fablicos se multiplican las quejas del personal que labora en hospitales del sector salud por la falta medicinas y material para brindar atenci\u00f3n m\u00e9dica, la responsable del sector Salud en el estado, Mariela Hern\u00e1ndez Garc\u00eda, ocupa su tiempo en redes para responderle al ex gobernador Dante Delgado [&hellip;]","og_url":"https:\/\/lospoliticosveracruz.com\/?p=179859","og_site_name":"Los pol\u00edticos Veracruz","article_publisher":"https:\/\/www.facebook.com\/people\/Notimemes-de-los-Polticos\/61565672886568\/","article_published_time":"2026-09-02T13:55:46+00:00","article_modified_time":"2026-09-02T13:55:47+00:00","og_image":[{"width":600,"height":320,"url":"https:\/\/lospoliticosveracruz.com\/wp-content\/uploads\/2025\/04\/Oved-Contreras-e1768066319253.jpg","type":"image\/jpeg"}],"author":"Lo viste en Los Pol\u00edticos","twitter_card":"summary_large_image","twitter_creator":"@LosPoliticosVer","twitter_site":"@LosPoliticosVer","twitter_misc":{"Escrito por":"Lo viste en Los Pol\u00edticos","Tiempo de lectura":"5 minutos"},"schema":{"@context":"https:\/\/schema.org","@graph":[{"@type":"Article","@id":"https:\/\/lospoliticosveracruz.com\/?p=179859#article","isPartOf":{"@id":"https:\/\/lospoliticosveracruz.com\/?p=179859"},"author":{"name":"Lo viste en Los Pol\u00edticos","@id":"https:\/\/lospoliticosveracruz.com\/#\/schema\/person\/b8702bb0e538456e6efd07080bf2a4a2"},"headline":"OCUPADOS EN DANTE\u2026","datePublished":"2026-09-02T13:55:46+00:00","dateModified":"2026-09-02T13:55:47+00:00","mainEntityOfPage":{"@id":"https:\/\/lospoliticosveracruz.com\/?p=179859"},"wordCount":967,"publisher":{"@id":"https:\/\/lospoliticosveracruz.com\/#organization"},"image":{"@id":"https:\/\/lospoliticosveracruz.com\/?p=179859#primaryimage"},"thumbnailUrl":"https:\/\/lospoliticosveracruz.com\/wp-content\/uploads\/2025\/04\/Oved-Contreras-e1768066319253.jpg","keywords":["Dante Delgado","Esteban Bautista","Mariela Hern\u00e1ndez","Oved Contreras","Sector Salud","Sedarpa","Veracruz"],"articleSection":["De Opini\u00f3n"],"inLanguage":"es"},{"@type":"WebPage","@id":"https:\/\/lospoliticosveracruz.com\/?p=179859","url":"https:\/\/lospoliticosveracruz.com\/?p=179859","name":"OCUPADOS EN DANTE\u2026 - Los pol\u00edticos Veracruz","isPartOf":{"@id":"https:\/\/lospoliticosveracruz.com\/#website"},"primaryImageOfPage":{"@id":"https:\/\/lospoliticosveracruz.com\/?p=179859#primaryimage"},"image":{"@id":"https:\/\/lospoliticosveracruz.com\/?p=179859#primaryimage"},"thumbnailUrl":"https:\/\/lospoliticosveracruz.com\/wp-content\/uploads\/2025\/04\/Oved-Contreras-e1768066319253.jpg","datePublished":"2026-09-02T13:55:46+00:00","dateModified":"2026-09-02T13:55:47+00:00","breadcrumb":{"@id":"https:\/\/lospoliticosveracruz.com\/?p=179859#breadcrumb"},"inLanguage":"es","potentialAction":[{"@type":"ReadAction","target":["https:\/\/lospoliticosveracruz.com\/?p=179859"]}]},{"@type":"ImageObject","inLanguage":"es","@id":"https:\/\/lospoliticosveracruz.com\/?p=179859#primaryimage","url":"https:\/\/lospoliticosveracruz.com\/wp-content\/uploads\/2025\/04\/Oved-Contreras-e1768066319253.jpg","contentUrl":"https:\/\/lospoliticosveracruz.com\/wp-content\/uploads\/2025\/04\/Oved-Contreras-e1768066319253.jpg","width":600,"height":320},{"@type":"BreadcrumbList","@id":"https:\/\/lospoliticosveracruz.com\/?p=179859#breadcrumb","itemListElement":[{"@type":"ListItem","position":1,"name":"Portada","item":"https:\/\/lospoliticosveracruz.com\/"},{"@type":"ListItem","position":2,"name":"OCUPADOS EN DANTE\u2026"}]},{"@type":"WebSite","@id":"https:\/\/lospoliticosveracruz.com\/#website","url":"https:\/\/lospoliticosveracruz.com\/","name":"Los pol\u00edticos Veracruz","description":"","publisher":{"@id":"https:\/\/lospoliticosveracruz.com\/#organization"},"potentialAction":[{"@type":"SearchAction","target":{"@type":"EntryPoint","urlTemplate":"https:\/\/lospoliticosveracruz.com\/?s={search_term_string}"},"query-input":{"@type":"PropertyValueSpecification","valueRequired":true,"valueName":"search_term_string"}}],"inLanguage":"es"},{"@type":"Organization","@id":"https:\/\/lospoliticosveracruz.com\/#organization","name":"Los pol\u00edticos Veracruz","url":"https:\/\/lospoliticosveracruz.com\/","logo":{"@type":"ImageObject","inLanguage":"es","@id":"https:\/\/lospoliticosveracruz.com\/#\/schema\/logo\/image\/","url":"https:\/\/lospoliticosveracruz.com\/wp-content\/uploads\/2025\/12\/Logo-Nuevo-LOS-POLITICOS-1.jpg","contentUrl":"https:\/\/lospoliticosveracruz.com\/wp-content\/uploads\/2025\/12\/Logo-Nuevo-LOS-POLITICOS-1.jpg","width":260,"height":70,"caption":"Los pol\u00edticos Veracruz"},"image":{"@id":"https:\/\/lospoliticosveracruz.com\/#\/schema\/logo\/image\/"},"sameAs":["https:\/\/www.facebook.com\/people\/Notimemes-de-los-Polticos\/61565672886568\/","https:\/\/x.com\/LosPoliticosVer"]},{"@type":"Person","@id":"https:\/\/lospoliticosveracruz.com\/#\/schema\/person\/b8702bb0e538456e6efd07080bf2a4a2","name":"Lo viste en Los Pol\u00edticos","image":{"@type":"ImageObject","inLanguage":"es","@id":"https:\/\/secure.gravatar.com\/avatar\/3a8de04a2656d44082be478bd6c086daa447c4651605818287b9532d3d0bd435?s=96&d=mm&r=g","url":"https:\/\/secure.gravatar.com\/avatar\/3a8de04a2656d44082be478bd6c086daa447c4651605818287b9532d3d0bd435?s=96&d=mm&r=g","contentUrl":"https:\/\/secure.gravatar.com\/avatar\/3a8de04a2656d44082be478bd6c086daa447c4651605818287b9532d3d0bd435?s=96&d=mm&r=g","caption":"Lo viste en Los Pol\u00edticos"},"url":"https:\/\/lospoliticosveracruz.com\/?author=2"}]}},"_links":{"self":[{"href":"https:\/\/lospoliticosveracruz.com\/index.php?rest_route=\/wp\/v2\/posts\/179859","targetHints":{"allow":["GET"]}}],"collection":[{"href":"https:\/\/lospoliticosveracruz.com\/index.php?rest_route=\/wp\/v2\/posts"}],"about":[{"href":"https:\/\/lospoliticosveracruz.com\/index.php?rest_route=\/wp\/v2\/types\/post"}],"author":[{"embeddable":true,"href":"https:\/\/lospoliticosveracruz.com\/index.php?rest_route=\/wp\/v2\/users\/2"}],"replies":[{"embeddable":true,"href":"https:\/\/lospoliticosveracruz.com\/index.php?rest_route=%2Fwp%2Fv2%2Fcomments&post=179859"}],"version-history":[{"count":1,"href":"https:\/\/lospoliticosveracruz.com\/index.php?rest_route=\/wp\/v2\/posts\/179859\/revisions"}],"predecessor-version":[{"id":179860,"href":"https:\/\/lospoliticosveracruz.com\/index.php?rest_route=\/wp\/v2\/posts\/179859\/revisions\/179860"}],"wp:featuredmedia":[{"embeddable":true,"href":"https:\/\/lospoliticosveracruz.com\/index.php?rest_route=\/wp\/v2\/media\/141426"}],"wp:attachment":[{"href":"https:\/\/lospoliticosveracruz.com\/index.php?rest_route=%2Fwp%2Fv2%2Fmedia&parent=179859"}],"wp:term":[{"taxonomy":"category","embeddable":true,"href":"https:\/\/lospoliticosveracruz.com\/index.php?rest_route=%2Fwp%2Fv2%2Fcategories&post=179859"},{"taxonomy":"post_tag","embeddable":true,"href":"https:\/\/lospoliticosveracruz.com\/index.php?rest_route=%2Fwp%2Fv2%2Ftags&post=179859"}],"curies":[{"name":"wp","href":"https:\/\/api.w.org\/{rel}","templated":true}]}}