{"id":179861,"date":"2026-09-02T07:58:57","date_gmt":"2026-09-02T13:58:57","guid":{"rendered":"https:\/\/lospoliticosveracruz.com\/?p=179861"},"modified":"2026-09-02T07:58:58","modified_gmt":"2026-09-02T13:58:58","slug":"sin-medicinas-en-sistema-de-salud-publica","status":"publish","type":"post","link":"https:\/\/lospoliticosveracruz.com\/?p=179861","title":{"rendered":"SIN MEDICINAS EN SISTEMA DE SALUD P\u00daBLICA"},"content":{"rendered":"<div class=\"wp-block-image\">\n<figure class=\"alignleft size-medium is-resized\"><a href=\"https:\/\/lospoliticosveracruz.com\/wp-content\/uploads\/2026\/09\/no-ala-pirotecnia-medio_300x300png.png\"><img loading=\"lazy\" decoding=\"async\" width=\"300\" height=\"300\" src=\"https:\/\/lospoliticosveracruz.com\/wp-content\/uploads\/2026\/09\/no-ala-pirotecnia-medio_300x300png-300x300.png\" alt=\"\" class=\"wp-image-179741\" style=\"width:425px;height:auto\" srcset=\"https:\/\/lospoliticosveracruz.com\/wp-content\/uploads\/2026\/09\/no-ala-pirotecnia-medio_300x300png-300x300.png 300w, https:\/\/lospoliticosveracruz.com\/wp-content\/uploads\/2026\/09\/no-ala-pirotecnia-medio_300x300png-1024x1024.png 1024w, https:\/\/lospoliticosveracruz.com\/wp-content\/uploads\/2026\/09\/no-ala-pirotecnia-medio_300x300png-150x150.png 150w, https:\/\/lospoliticosveracruz.com\/wp-content\/uploads\/2026\/09\/no-ala-pirotecnia-medio_300x300png-768x768.png 768w, https:\/\/lospoliticosveracruz.com\/wp-content\/uploads\/2026\/09\/no-ala-pirotecnia-medio_300x300png-420x420.png 420w, https:\/\/lospoliticosveracruz.com\/wp-content\/uploads\/2026\/09\/no-ala-pirotecnia-medio_300x300png-696x696.png 696w, https:\/\/lospoliticosveracruz.com\/wp-content\/uploads\/2026\/09\/no-ala-pirotecnia-medio_300x300png-1068x1068.png 1068w, https:\/\/lospoliticosveracruz.com\/wp-content\/uploads\/2026\/09\/no-ala-pirotecnia-medio_300x300png.png 1250w\" sizes=\"auto, (max-width: 300px) 100vw, 300px\" \/><\/a><\/figure>\n<\/div>\n\n\n\n\n<p><\/p>\n\n\n\n<p><strong>Pepe Cort\u00e9s<\/strong><\/p>\n\n\n\n<p>Hay una imagen que resume mejor que cualquier discurso el estado de nuestra salud p\u00fablica: una persona saliendo de un hospital del gobierno con una receta en la mano para recorrer farmacias buscando lo que no encontr\u00f3 adentro. No sale de una cl\u00ednica privada, sale del Centro de Alta Especialidad \u00abDr. Rafael Lucio\u00bb de Xalapa, uno de los hospitales de referencia m\u00e1s importantes de Veracruz. Detr\u00e1s de esa receta hay una familia pregunt\u00e1ndose de d\u00f3nde sacar dinero para comprar lo que el Estado ten\u00eda la obligaci\u00f3n de proporcionarle. Ah\u00ed comienza una historia que ning\u00fan porcentaje de abastecimiento puede explicar.<\/p>\n\n\n\n<p>Trabajadores del CAE han denunciado durante meses carencias de medicamentos, material de curaci\u00f3n e insumos indispensables. Los reportes mencionan antibi\u00f3ticos, soluciones, gasas, guantes, jeringas, suturas, cat\u00e9teres, sondas y materiales para quir\u00f3fano, con se\u00f1alamientos en \u00e1reas como Cirug\u00eda General, Medicina Interna, Terapia Intensiva y Pediatr\u00eda. La acusaci\u00f3n m\u00e1s delicada sostiene que las cirug\u00edas programadas estar\u00edan suspendidas desde noviembre de 2025 y que m\u00e1s de mil pacientes esperan una intervenci\u00f3n. La autoridad tiene los registros para confirmarlo o desmentirlo. Que los publique.<\/p>\n\n\n\n<p>El problema tiene adem\u00e1s un costo directo para las familias. Existen testimonios de pacientes y familiares que aseguran haber tenido que comprar medicamentos, materiales e incluso estudios fuera del hospital, con gastos que en algunos casos alcanzan los 13 mil pesos. Para un hogar eso puede significar endeudarse, pedir prestado o dejar de cubrir otras necesidades para atender a un enfermo. El sistema p\u00fablico existe precisamente para evitar que una enfermedad se convierta tambi\u00e9n en una condena econ\u00f3mica.<\/p>\n\n\n\n<p>Frente a las denuncias, Roberto Ramos Alor, coordinador estatal del IMSS-Bienestar, habl\u00f3 de una \u00abcampa\u00f1a de odio\u00bb y cuestion\u00f3 las motivaciones de quienes hicieron p\u00fablicos los faltantes. Un funcionario tiene derecho a defender su gesti\u00f3n, pero existe una manera mucho m\u00e1s efectiva de responder: publicar el abastecimiento espec\u00edfico del CAE, las claves agotadas, los inventarios, las \u00f3rdenes pendientes y las cirug\u00edas en espera. Antes de cuestionar a quien denuncia, conviene revisar los anaqueles.<\/p>\n\n\n\n<p>La contradicci\u00f3n surgi\u00f3 desde el propio gobierno. Roc\u00edo Nahle reconoci\u00f3 reportes de falta de material de curaci\u00f3n, particularmente para quir\u00f3fanos; inform\u00f3 que habl\u00f3 con Alejandro Svarch, director general del IMSS-Bienestar, para solicitar insumos y se\u00f1al\u00f3 que, si la instituci\u00f3n federal no proporcionaba lo necesario, el Gobierno de Veracruz podr\u00eda adquirirlo directamente y posteriormente realizar el ajuste financiero correspondiente. La gobernadora hizo bien al reconocer el problema y buscar una soluci\u00f3n, pero su declaraci\u00f3n deja una pregunta inevitable: si todo fuera una campa\u00f1a de odio, \u00bfqu\u00e9 tendr\u00eda que comprar el Gobierno de Veracruz?<\/p>\n\n\n\n<p>Indira Rosales, diputada local del PAN, llev\u00f3 el asunto al Congreso y sostuvo que exigir medicamentos, material m\u00e9dico y mejores hospitales no constituye una campa\u00f1a de odio. Tambi\u00e9n retom\u00f3 la denuncia sobre m\u00e1s de mil pacientes esperando cirug\u00eda. La oposici\u00f3n debe se\u00f1alar y exigir cuentas; el gobierno debe resolver. Al paciente que espera una operaci\u00f3n le importa poco qui\u00e9n gana la discusi\u00f3n pol\u00edtica. Lo que necesita es entrar al quir\u00f3fano.<\/p>\n\n\n\n<p>Las cifras oficiales tambi\u00e9n requieren explicaci\u00f3n. En enero, el Gobierno de Veracruz anunci\u00f3 la distribuci\u00f3n de m\u00e1s de 10 millones de piezas de medicamentos y material de curaci\u00f3n para la red p\u00fablica estatal, con una inversi\u00f3n de 483 millones de pesos. Meses despu\u00e9s inform\u00f3 que el abastecimiento superaba el 90 por ciento. Si esos n\u00fameros reflejaban correctamente la realidad, hay que explicar las denuncias reiteradas por falta de insumos en un hospital de alta especialidad. Para quien sostiene una receta sin surtir, el abastecimiento no es 90 por ciento. Es cero.<\/p>\n\n\n\n<p>Por eso hay que abrir los n\u00fameros: inventarios del CAE, medicamentos agotados, recetas incompletas, cirug\u00edas diferidas por falta de material y piezas realmente recibidas por el hospital. Si los documentos demuestran que las denuncias fueron exageradas, habr\u00e1 que reconocerlo; si confirman las carencias, habr\u00e1 que determinar responsabilidades. No necesitamos fotograf\u00edas de funcionarios entregando cajas; necesitamos medicamentos en los anaqueles.<\/p>\n\n\n\n<p>Y entonces llegamos a la responsabilidad pol\u00edtica. Morena gobierna Veracruz, gobierna M\u00e9xico e IMSS-Bienestar forma parte del modelo sanitario construido por sus gobiernos. Despu\u00e9s de a\u00f1os en el poder ya no pueden seguir administrando culpas heredadas. Prometieron transformar el sistema de salud y hoy deben responder por sus resultados. La salud p\u00fablica se mide cuando un paciente recibe su medicamento, cuando un cirujano puede operar y cuando una enfermera tiene los materiales necesarios para atender. Ah\u00ed se mide un gobierno.<\/p>\n\n\n\n<p>Pero los ciudadanos tampoco podemos acostumbrarnos. Una receta sin surtir, una cirug\u00eda aplazada o una familia endeud\u00e1ndose para conseguir insumos no pueden convertirse en parte normal de acudir a un hospital p\u00fablico. Hay que preguntar, documentar, denunciar y exigir respuestas, porque detr\u00e1s de cada cifra existe una persona esperando atenci\u00f3n. No son porcentajes: son vidas.<\/p>\n\n\n\n<p>Que nadie nos convenza de normalizar lo inaceptable.<\/p>\n\n\n\n<p>Si faltan medicinas, alcemos la voz. Si faltan respuestas, exij\u00e1moslas. Y si el gobierno falla, record\u00e9mosle hasta que cumpla que est\u00e1 ah\u00ed para servir a los ciudadanos, no para pedirles silencio.<\/p>\n\n\n\n<p>@pepecortesmx<\/p>\n\n\n\n<p>Pepe Cort\u00e9s es economista y abogado por la Universidad Veracruzana, con estudios de posgrado en Administraci\u00f3n P\u00fablica y Control y Fiscalizaci\u00f3n. Es consejero estatal del PAN en Veracruz, analista pol\u00edtico y econ\u00f3mico, y ex director general de Vinculaci\u00f3n y Coordinaci\u00f3n Hacendaria de la Secretar\u00eda de Finanzas y Planeaci\u00f3n del Estado de Veracruz.<\/p>\n\n\n\n<p>Nota: Esta es una columna de opini\u00f3n elaborada a partir de denuncias p\u00fablicas de personal m\u00e9dico, pacientes y familiares, as\u00ed como declaraciones de autoridades y legisladores e informaci\u00f3n difundida p\u00fablicamente. Las cifras sobre cirug\u00edas pendientes y faltantes se\u00f1alados corresponden a denuncias que deben ser confirmadas o desmentidas por las autoridades mediante los registros e inventarios oficiales del sistema de salud.<\/p>\n","protected":false},"excerpt":{"rendered":"<p>Pepe Cort\u00e9s Hay una imagen que resume mejor que cualquier discurso el estado de nuestra salud p\u00fablica: una persona saliendo de un hospital del gobierno con una receta en la mano para recorrer farmacias buscando lo que no encontr\u00f3 adentro. No sale de una cl\u00ednica privada, sale del Centro de Alta Especialidad \u00abDr. Rafael Lucio\u00bb [&hellip;]<\/p>\n","protected":false},"author":2,"featured_media":179862,"comment_status":"closed","ping_status":"closed","sticky":false,"template":"","format":"standard","meta":{"tdm_status":"","tdm_grid_status":"","footnotes":""},"categories":[70],"tags":[70986,14599,7075,13470,43482,3578,195],"class_list":{"0":"post-179861","1":"post","2":"type-post","3":"status-publish","4":"format-standard","5":"has-post-thumbnail","7":"category-de-opinion","8":"tag-cae-xalapa","9":"tag-desabasto-de-medicamentos","10":"tag-hospitales-publicos","11":"tag-imss-bienestar","12":"tag-pepe-cortes","13":"tag-rocio-nahle","14":"tag-veracruz"},"yoast_head":"<!-- This site is optimized with the Yoast SEO plugin v28.1 - https:\/\/yoast.com\/product\/yoast-seo-wordpress\/ -->\n<title>SIN MEDICINAS EN SISTEMA DE SALUD P\u00daBLICA - Los pol\u00edticos Veracruz<\/title>\n<meta name=\"robots\" content=\"index, follow, max-snippet:-1, max-image-preview:large, max-video-preview:-1\" \/>\n<link rel=\"canonical\" href=\"https:\/\/lospoliticosveracruz.com\/?p=179861\" \/>\n<meta property=\"og:locale\" content=\"es_ES\" \/>\n<meta property=\"og:type\" content=\"article\" \/>\n<meta property=\"og:title\" content=\"SIN MEDICINAS EN SISTEMA DE SALUD P\u00daBLICA - Los pol\u00edticos Veracruz\" \/>\n<meta property=\"og:description\" content=\"Pepe Cort\u00e9s Hay una imagen que resume mejor que cualquier discurso el estado de nuestra salud p\u00fablica: una persona saliendo de un hospital del gobierno con una receta en la mano para recorrer farmacias buscando lo que no encontr\u00f3 adentro. No sale de una cl\u00ednica privada, sale del Centro de Alta Especialidad \u00abDr. Rafael Lucio\u00bb [&hellip;]\" \/>\n<meta property=\"og:url\" content=\"https:\/\/lospoliticosveracruz.com\/?p=179861\" \/>\n<meta property=\"og:site_name\" content=\"Los pol\u00edticos Veracruz\" \/>\n<meta property=\"article:publisher\" content=\"https:\/\/www.facebook.com\/people\/Notimemes-de-los-Polticos\/61565672886568\/\" \/>\n<meta property=\"article:published_time\" content=\"2026-09-02T13:58:57+00:00\" \/>\n<meta property=\"article:modified_time\" content=\"2026-09-02T13:58:58+00:00\" \/>\n<meta property=\"og:image\" content=\"https:\/\/lospoliticosveracruz.com\/wp-content\/uploads\/2026\/09\/PP-1.jpg\" \/>\n\t<meta property=\"og:image:width\" content=\"600\" \/>\n\t<meta property=\"og:image:height\" content=\"320\" \/>\n\t<meta property=\"og:image:type\" content=\"image\/jpeg\" \/>\n<meta name=\"author\" content=\"Lo viste en Los Pol\u00edticos\" \/>\n<meta name=\"twitter:card\" content=\"summary_large_image\" \/>\n<meta name=\"twitter:creator\" content=\"@LosPoliticosVer\" \/>\n<meta name=\"twitter:site\" content=\"@LosPoliticosVer\" \/>\n<meta name=\"twitter:label1\" content=\"Escrito por\" \/>\n\t<meta name=\"twitter:data1\" content=\"Lo viste en Los Pol\u00edticos\" \/>\n\t<meta name=\"twitter:label2\" content=\"Tiempo de lectura\" \/>\n\t<meta name=\"twitter:data2\" content=\"5 minutos\" \/>\n<script type=\"application\/ld+json\" class=\"yoast-schema-graph\">{\"@context\":\"https:\\\/\\\/schema.org\",\"@graph\":[{\"@type\":\"Article\",\"@id\":\"https:\\\/\\\/lospoliticosveracruz.com\\\/?p=179861#article\",\"isPartOf\":{\"@id\":\"https:\\\/\\\/lospoliticosveracruz.com\\\/?p=179861\"},\"author\":{\"name\":\"Lo viste en Los Pol\u00edticos\",\"@id\":\"https:\\\/\\\/lospoliticosveracruz.com\\\/#\\\/schema\\\/person\\\/b8702bb0e538456e6efd07080bf2a4a2\"},\"headline\":\"SIN MEDICINAS EN SISTEMA DE SALUD P\u00daBLICA\",\"datePublished\":\"2026-09-02T13:58:57+00:00\",\"dateModified\":\"2026-09-02T13:58:58+00:00\",\"mainEntityOfPage\":{\"@id\":\"https:\\\/\\\/lospoliticosveracruz.com\\\/?p=179861\"},\"wordCount\":1030,\"publisher\":{\"@id\":\"https:\\\/\\\/lospoliticosveracruz.com\\\/#organization\"},\"image\":{\"@id\":\"https:\\\/\\\/lospoliticosveracruz.com\\\/?p=179861#primaryimage\"},\"thumbnailUrl\":\"https:\\\/\\\/lospoliticosveracruz.com\\\/wp-content\\\/uploads\\\/2026\\\/09\\\/PP-1.jpg\",\"keywords\":[\"CAE Xalapa\",\"desabasto de medicamentos\",\"Hospitales p\u00fablicos\",\"IMSS-Bienestar\",\"Pepe Cort\u00e9s\",\"Roc\u00edo Nahle\",\"Veracruz\"],\"articleSection\":[\"De Opini\u00f3n\"],\"inLanguage\":\"es\"},{\"@type\":\"WebPage\",\"@id\":\"https:\\\/\\\/lospoliticosveracruz.com\\\/?p=179861\",\"url\":\"https:\\\/\\\/lospoliticosveracruz.com\\\/?p=179861\",\"name\":\"SIN MEDICINAS EN SISTEMA DE SALUD P\u00daBLICA - Los pol\u00edticos Veracruz\",\"isPartOf\":{\"@id\":\"https:\\\/\\\/lospoliticosveracruz.com\\\/#website\"},\"primaryImageOfPage\":{\"@id\":\"https:\\\/\\\/lospoliticosveracruz.com\\\/?p=179861#primaryimage\"},\"image\":{\"@id\":\"https:\\\/\\\/lospoliticosveracruz.com\\\/?p=179861#primaryimage\"},\"thumbnailUrl\":\"https:\\\/\\\/lospoliticosveracruz.com\\\/wp-content\\\/uploads\\\/2026\\\/09\\\/PP-1.jpg\",\"datePublished\":\"2026-09-02T13:58:57+00:00\",\"dateModified\":\"2026-09-02T13:58:58+00:00\",\"breadcrumb\":{\"@id\":\"https:\\\/\\\/lospoliticosveracruz.com\\\/?p=179861#breadcrumb\"},\"inLanguage\":\"es\",\"potentialAction\":[{\"@type\":\"ReadAction\",\"target\":[\"https:\\\/\\\/lospoliticosveracruz.com\\\/?p=179861\"]}]},{\"@type\":\"ImageObject\",\"inLanguage\":\"es\",\"@id\":\"https:\\\/\\\/lospoliticosveracruz.com\\\/?p=179861#primaryimage\",\"url\":\"https:\\\/\\\/lospoliticosveracruz.com\\\/wp-content\\\/uploads\\\/2026\\\/09\\\/PP-1.jpg\",\"contentUrl\":\"https:\\\/\\\/lospoliticosveracruz.com\\\/wp-content\\\/uploads\\\/2026\\\/09\\\/PP-1.jpg\",\"width\":600,\"height\":320},{\"@type\":\"BreadcrumbList\",\"@id\":\"https:\\\/\\\/lospoliticosveracruz.com\\\/?p=179861#breadcrumb\",\"itemListElement\":[{\"@type\":\"ListItem\",\"position\":1,\"name\":\"Portada\",\"item\":\"https:\\\/\\\/lospoliticosveracruz.com\\\/\"},{\"@type\":\"ListItem\",\"position\":2,\"name\":\"SIN MEDICINAS EN SISTEMA DE SALUD P\u00daBLICA\"}]},{\"@type\":\"WebSite\",\"@id\":\"https:\\\/\\\/lospoliticosveracruz.com\\\/#website\",\"url\":\"https:\\\/\\\/lospoliticosveracruz.com\\\/\",\"name\":\"Los pol\u00edticos Veracruz\",\"description\":\"\",\"publisher\":{\"@id\":\"https:\\\/\\\/lospoliticosveracruz.com\\\/#organization\"},\"potentialAction\":[{\"@type\":\"SearchAction\",\"target\":{\"@type\":\"EntryPoint\",\"urlTemplate\":\"https:\\\/\\\/lospoliticosveracruz.com\\\/?s={search_term_string}\"},\"query-input\":{\"@type\":\"PropertyValueSpecification\",\"valueRequired\":true,\"valueName\":\"search_term_string\"}}],\"inLanguage\":\"es\"},{\"@type\":\"Organization\",\"@id\":\"https:\\\/\\\/lospoliticosveracruz.com\\\/#organization\",\"name\":\"Los pol\u00edticos Veracruz\",\"url\":\"https:\\\/\\\/lospoliticosveracruz.com\\\/\",\"logo\":{\"@type\":\"ImageObject\",\"inLanguage\":\"es\",\"@id\":\"https:\\\/\\\/lospoliticosveracruz.com\\\/#\\\/schema\\\/logo\\\/image\\\/\",\"url\":\"https:\\\/\\\/lospoliticosveracruz.com\\\/wp-content\\\/uploads\\\/2025\\\/12\\\/Logo-Nuevo-LOS-POLITICOS-1.jpg\",\"contentUrl\":\"https:\\\/\\\/lospoliticosveracruz.com\\\/wp-content\\\/uploads\\\/2025\\\/12\\\/Logo-Nuevo-LOS-POLITICOS-1.jpg\",\"width\":260,\"height\":70,\"caption\":\"Los pol\u00edticos Veracruz\"},\"image\":{\"@id\":\"https:\\\/\\\/lospoliticosveracruz.com\\\/#\\\/schema\\\/logo\\\/image\\\/\"},\"sameAs\":[\"https:\\\/\\\/www.facebook.com\\\/people\\\/Notimemes-de-los-Polticos\\\/61565672886568\\\/\",\"https:\\\/\\\/x.com\\\/LosPoliticosVer\"]},{\"@type\":\"Person\",\"@id\":\"https:\\\/\\\/lospoliticosveracruz.com\\\/#\\\/schema\\\/person\\\/b8702bb0e538456e6efd07080bf2a4a2\",\"name\":\"Lo viste en Los Pol\u00edticos\",\"image\":{\"@type\":\"ImageObject\",\"inLanguage\":\"es\",\"@id\":\"https:\\\/\\\/secure.gravatar.com\\\/avatar\\\/3a8de04a2656d44082be478bd6c086daa447c4651605818287b9532d3d0bd435?s=96&d=mm&r=g\",\"url\":\"https:\\\/\\\/secure.gravatar.com\\\/avatar\\\/3a8de04a2656d44082be478bd6c086daa447c4651605818287b9532d3d0bd435?s=96&d=mm&r=g\",\"contentUrl\":\"https:\\\/\\\/secure.gravatar.com\\\/avatar\\\/3a8de04a2656d44082be478bd6c086daa447c4651605818287b9532d3d0bd435?s=96&d=mm&r=g\",\"caption\":\"Lo viste en Los Pol\u00edticos\"},\"url\":\"https:\\\/\\\/lospoliticosveracruz.com\\\/?author=2\"}]}<\/script>\n<!-- \/ Yoast SEO plugin. -->","yoast_head_json":{"title":"SIN MEDICINAS EN SISTEMA DE SALUD P\u00daBLICA - Los pol\u00edticos Veracruz","robots":{"index":"index","follow":"follow","max-snippet":"max-snippet:-1","max-image-preview":"max-image-preview:large","max-video-preview":"max-video-preview:-1"},"canonical":"https:\/\/lospoliticosveracruz.com\/?p=179861","og_locale":"es_ES","og_type":"article","og_title":"SIN MEDICINAS EN SISTEMA DE SALUD P\u00daBLICA - Los pol\u00edticos Veracruz","og_description":"Pepe Cort\u00e9s Hay una imagen que resume mejor que cualquier discurso el estado de nuestra salud p\u00fablica: una persona saliendo de un hospital del gobierno con una receta en la mano para recorrer farmacias buscando lo que no encontr\u00f3 adentro. No sale de una cl\u00ednica privada, sale del Centro de Alta Especialidad \u00abDr. Rafael Lucio\u00bb [&hellip;]","og_url":"https:\/\/lospoliticosveracruz.com\/?p=179861","og_site_name":"Los pol\u00edticos Veracruz","article_publisher":"https:\/\/www.facebook.com\/people\/Notimemes-de-los-Polticos\/61565672886568\/","article_published_time":"2026-09-02T13:58:57+00:00","article_modified_time":"2026-09-02T13:58:58+00:00","og_image":[{"width":600,"height":320,"url":"https:\/\/lospoliticosveracruz.com\/wp-content\/uploads\/2026\/09\/PP-1.jpg","type":"image\/jpeg"}],"author":"Lo viste en Los Pol\u00edticos","twitter_card":"summary_large_image","twitter_creator":"@LosPoliticosVer","twitter_site":"@LosPoliticosVer","twitter_misc":{"Escrito por":"Lo viste en Los Pol\u00edticos","Tiempo de lectura":"5 minutos"},"schema":{"@context":"https:\/\/schema.org","@graph":[{"@type":"Article","@id":"https:\/\/lospoliticosveracruz.com\/?p=179861#article","isPartOf":{"@id":"https:\/\/lospoliticosveracruz.com\/?p=179861"},"author":{"name":"Lo viste en Los Pol\u00edticos","@id":"https:\/\/lospoliticosveracruz.com\/#\/schema\/person\/b8702bb0e538456e6efd07080bf2a4a2"},"headline":"SIN MEDICINAS EN SISTEMA DE SALUD P\u00daBLICA","datePublished":"2026-09-02T13:58:57+00:00","dateModified":"2026-09-02T13:58:58+00:00","mainEntityOfPage":{"@id":"https:\/\/lospoliticosveracruz.com\/?p=179861"},"wordCount":1030,"publisher":{"@id":"https:\/\/lospoliticosveracruz.com\/#organization"},"image":{"@id":"https:\/\/lospoliticosveracruz.com\/?p=179861#primaryimage"},"thumbnailUrl":"https:\/\/lospoliticosveracruz.com\/wp-content\/uploads\/2026\/09\/PP-1.jpg","keywords":["CAE Xalapa","desabasto de medicamentos","Hospitales p\u00fablicos","IMSS-Bienestar","Pepe Cort\u00e9s","Roc\u00edo Nahle","Veracruz"],"articleSection":["De Opini\u00f3n"],"inLanguage":"es"},{"@type":"WebPage","@id":"https:\/\/lospoliticosveracruz.com\/?p=179861","url":"https:\/\/lospoliticosveracruz.com\/?p=179861","name":"SIN MEDICINAS EN SISTEMA DE SALUD P\u00daBLICA - Los pol\u00edticos Veracruz","isPartOf":{"@id":"https:\/\/lospoliticosveracruz.com\/#website"},"primaryImageOfPage":{"@id":"https:\/\/lospoliticosveracruz.com\/?p=179861#primaryimage"},"image":{"@id":"https:\/\/lospoliticosveracruz.com\/?p=179861#primaryimage"},"thumbnailUrl":"https:\/\/lospoliticosveracruz.com\/wp-content\/uploads\/2026\/09\/PP-1.jpg","datePublished":"2026-09-02T13:58:57+00:00","dateModified":"2026-09-02T13:58:58+00:00","breadcrumb":{"@id":"https:\/\/lospoliticosveracruz.com\/?p=179861#breadcrumb"},"inLanguage":"es","potentialAction":[{"@type":"ReadAction","target":["https:\/\/lospoliticosveracruz.com\/?p=179861"]}]},{"@type":"ImageObject","inLanguage":"es","@id":"https:\/\/lospoliticosveracruz.com\/?p=179861#primaryimage","url":"https:\/\/lospoliticosveracruz.com\/wp-content\/uploads\/2026\/09\/PP-1.jpg","contentUrl":"https:\/\/lospoliticosveracruz.com\/wp-content\/uploads\/2026\/09\/PP-1.jpg","width":600,"height":320},{"@type":"BreadcrumbList","@id":"https:\/\/lospoliticosveracruz.com\/?p=179861#breadcrumb","itemListElement":[{"@type":"ListItem","position":1,"name":"Portada","item":"https:\/\/lospoliticosveracruz.com\/"},{"@type":"ListItem","position":2,"name":"SIN MEDICINAS EN SISTEMA DE SALUD P\u00daBLICA"}]},{"@type":"WebSite","@id":"https:\/\/lospoliticosveracruz.com\/#website","url":"https:\/\/lospoliticosveracruz.com\/","name":"Los pol\u00edticos Veracruz","description":"","publisher":{"@id":"https:\/\/lospoliticosveracruz.com\/#organization"},"potentialAction":[{"@type":"SearchAction","target":{"@type":"EntryPoint","urlTemplate":"https:\/\/lospoliticosveracruz.com\/?s={search_term_string}"},"query-input":{"@type":"PropertyValueSpecification","valueRequired":true,"valueName":"search_term_string"}}],"inLanguage":"es"},{"@type":"Organization","@id":"https:\/\/lospoliticosveracruz.com\/#organization","name":"Los pol\u00edticos Veracruz","url":"https:\/\/lospoliticosveracruz.com\/","logo":{"@type":"ImageObject","inLanguage":"es","@id":"https:\/\/lospoliticosveracruz.com\/#\/schema\/logo\/image\/","url":"https:\/\/lospoliticosveracruz.com\/wp-content\/uploads\/2025\/12\/Logo-Nuevo-LOS-POLITICOS-1.jpg","contentUrl":"https:\/\/lospoliticosveracruz.com\/wp-content\/uploads\/2025\/12\/Logo-Nuevo-LOS-POLITICOS-1.jpg","width":260,"height":70,"caption":"Los pol\u00edticos Veracruz"},"image":{"@id":"https:\/\/lospoliticosveracruz.com\/#\/schema\/logo\/image\/"},"sameAs":["https:\/\/www.facebook.com\/people\/Notimemes-de-los-Polticos\/61565672886568\/","https:\/\/x.com\/LosPoliticosVer"]},{"@type":"Person","@id":"https:\/\/lospoliticosveracruz.com\/#\/schema\/person\/b8702bb0e538456e6efd07080bf2a4a2","name":"Lo viste en Los Pol\u00edticos","image":{"@type":"ImageObject","inLanguage":"es","@id":"https:\/\/secure.gravatar.com\/avatar\/3a8de04a2656d44082be478bd6c086daa447c4651605818287b9532d3d0bd435?s=96&d=mm&r=g","url":"https:\/\/secure.gravatar.com\/avatar\/3a8de04a2656d44082be478bd6c086daa447c4651605818287b9532d3d0bd435?s=96&d=mm&r=g","contentUrl":"https:\/\/secure.gravatar.com\/avatar\/3a8de04a2656d44082be478bd6c086daa447c4651605818287b9532d3d0bd435?s=96&d=mm&r=g","caption":"Lo viste en Los Pol\u00edticos"},"url":"https:\/\/lospoliticosveracruz.com\/?author=2"}]}},"_links":{"self":[{"href":"https:\/\/lospoliticosveracruz.com\/index.php?rest_route=\/wp\/v2\/posts\/179861","targetHints":{"allow":["GET"]}}],"collection":[{"href":"https:\/\/lospoliticosveracruz.com\/index.php?rest_route=\/wp\/v2\/posts"}],"about":[{"href":"https:\/\/lospoliticosveracruz.com\/index.php?rest_route=\/wp\/v2\/types\/post"}],"author":[{"embeddable":true,"href":"https:\/\/lospoliticosveracruz.com\/index.php?rest_route=\/wp\/v2\/users\/2"}],"replies":[{"embeddable":true,"href":"https:\/\/lospoliticosveracruz.com\/index.php?rest_route=%2Fwp%2Fv2%2Fcomments&post=179861"}],"version-history":[{"count":1,"href":"https:\/\/lospoliticosveracruz.com\/index.php?rest_route=\/wp\/v2\/posts\/179861\/revisions"}],"predecessor-version":[{"id":179863,"href":"https:\/\/lospoliticosveracruz.com\/index.php?rest_route=\/wp\/v2\/posts\/179861\/revisions\/179863"}],"wp:featuredmedia":[{"embeddable":true,"href":"https:\/\/lospoliticosveracruz.com\/index.php?rest_route=\/wp\/v2\/media\/179862"}],"wp:attachment":[{"href":"https:\/\/lospoliticosveracruz.com\/index.php?rest_route=%2Fwp%2Fv2%2Fmedia&parent=179861"}],"wp:term":[{"taxonomy":"category","embeddable":true,"href":"https:\/\/lospoliticosveracruz.com\/index.php?rest_route=%2Fwp%2Fv2%2Fcategories&post=179861"},{"taxonomy":"post_tag","embeddable":true,"href":"https:\/\/lospoliticosveracruz.com\/index.php?rest_route=%2Fwp%2Fv2%2Ftags&post=179861"}],"curies":[{"name":"wp","href":"https:\/\/api.w.org\/{rel}","templated":true}]}}