{"id":179864,"date":"2026-09-02T08:40:30","date_gmt":"2026-09-02T14:40:30","guid":{"rendered":"https:\/\/lospoliticosveracruz.com\/?p=179864"},"modified":"2026-09-02T08:40:31","modified_gmt":"2026-09-02T14:40:31","slug":"en-penumbras-le-hacen-manifestacion-a-la-alcaldesa","status":"publish","type":"post","link":"https:\/\/lospoliticosveracruz.com\/?p=179864","title":{"rendered":"EN PENUMBRAS LE HACEN MANIFESTACI\u00d3N A LA ALCALDESA!"},"content":{"rendered":"<div class=\"wp-block-image\">\n<figure class=\"alignleft size-full is-resized\"><a href=\"https:\/\/lospoliticosveracruz.com\/wp-content\/uploads\/2026\/08\/Fiestas-Veracruz.jpg\"><img loading=\"lazy\" decoding=\"async\" width=\"667\" height=\"625\" src=\"https:\/\/lospoliticosveracruz.com\/wp-content\/uploads\/2026\/08\/Fiestas-Veracruz.jpg\" alt=\"\" class=\"wp-image-179650\" style=\"aspect-ratio:1.067287698577726;width:425px;height:auto\" srcset=\"https:\/\/lospoliticosveracruz.com\/wp-content\/uploads\/2026\/08\/Fiestas-Veracruz.jpg 667w, https:\/\/lospoliticosveracruz.com\/wp-content\/uploads\/2026\/08\/Fiestas-Veracruz-300x281.jpg 300w, https:\/\/lospoliticosveracruz.com\/wp-content\/uploads\/2026\/08\/Fiestas-Veracruz-448x420.jpg 448w, https:\/\/lospoliticosveracruz.com\/wp-content\/uploads\/2026\/08\/Fiestas-Veracruz-150x141.jpg 150w\" sizes=\"auto, (max-width: 667px) 100vw, 667px\" \/><\/a><\/figure>\n<\/div>\n\n\n<p><strong>NdelaR<\/strong><br>P\u00e1nuco<br>Habitantes de las colonias Hern\u00e1ndez Ochoa, La Palma y Revoluci\u00f3n Mexicana se manifestaron durante la madrugada por los constantes cortes de energ\u00eda el\u00e9ctrica que, aseguran, padecen desde hace varios d\u00edas.<\/p>\n\n\n\n<p>Los inconformes acudieron inicialmente a las instalaciones de la Comisi\u00f3n Federal de Electricidad (CFE) en busca de una respuesta. Al no obtenerla, alrededor de la 1:30 de la ma\u00f1ana decidieron trasladar su protesta hasta las inmediaciones de la casa de la alcaldesa de P\u00e1nuco, Mayra Anel Delgado Castillo.<\/p>\n\n\n\n<p>Los vecinos reclamaron que los apagones se presentan principalmente durante las noches, pese a que semanas atr\u00e1s la presidenta municipal hab\u00eda se\u00f1alado que la problem\u00e1tica ya hab\u00eda quedado resuelta.<\/p>\n\n\n\n<p>Motociclistas y automovilistas hicieron sonar sus cl\u00e1xones para exigir ser atendidos por la autoridad municipal.<\/p>\n\n\n\n<p>Al lugar lleg\u00f3 No\u00e9 Delgado Castellanos, asistente y trabajador sindicalizado del Ayuntamiento, quien intent\u00f3 atender a los inconformes, aunque no pudo ofrecer una soluci\u00f3n al problema del suministro el\u00e9ctrico.<\/p>\n\n\n\n<p>De acuerdo con los manifestantes, posteriormente arribaron elementos de Seguridad P\u00fablica del Estado, cuya presencia fue utilizada para presionarlos a retirarse, pese a que \u2014aseguran\u2014 la protesta se desarrollaba de manera pac\u00edfica.<\/p>\n\n\n\n<p>Finalmente, los ciudadanos abandonaron el lugar sin obtener en ese momento una respuesta concreta de la CFE ni de la autoridad municipal.<\/p>\n\n\n\n<p>Tres horas despu\u00e9s de la protesta, el suministro de energ\u00eda el\u00e9ctrica fue restablecido en las colonias afectadas.<\/p>\n\n\n\n<p><\/p>\n","protected":false},"excerpt":{"rendered":"<p>NdelaRP\u00e1nucoHabitantes de las colonias Hern\u00e1ndez Ochoa, La Palma y Revoluci\u00f3n Mexicana se manifestaron durante la madrugada por los constantes cortes de energ\u00eda el\u00e9ctrica que, aseguran, padecen desde hace varios d\u00edas. Los inconformes acudieron inicialmente a las instalaciones de la Comisi\u00f3n Federal de Electricidad (CFE) en busca de una respuesta. Al no obtenerla, alrededor de la [&hellip;]<\/p>\n","protected":false},"author":2,"featured_media":179865,"comment_status":"closed","ping_status":"closed","sticky":false,"template":"","format":"standard","meta":{"tdm_status":"","tdm_grid_status":"","footnotes":""},"categories":[6446],"tags":[69947,4973,70987,70932,935,47292,177],"class_list":{"0":"post-179864","1":"post","2":"type-post","3":"status-publish","4":"format-standard","5":"has-post-thumbnail","7":"category-la-nota","8":"tag-apagones","9":"tag-cfe","10":"tag-mayra-anel-delgado","11":"tag-ndelar","12":"tag-panuco","13":"tag-protesta-ciudadana","14":"tag-seguridad-publica"},"yoast_head":"<!-- This site is optimized with the Yoast SEO plugin v28.1 - https:\/\/yoast.com\/product\/yoast-seo-wordpress\/ -->\n<title>EN PENUMBRAS LE HACEN MANIFESTACI\u00d3N A LA ALCALDESA! - Los pol\u00edticos Veracruz<\/title>\n<meta name=\"robots\" content=\"index, follow, max-snippet:-1, max-image-preview:large, max-video-preview:-1\" \/>\n<link rel=\"canonical\" href=\"https:\/\/lospoliticosveracruz.com\/?p=179864\" \/>\n<meta property=\"og:locale\" content=\"es_ES\" \/>\n<meta property=\"og:type\" content=\"article\" \/>\n<meta property=\"og:title\" content=\"EN PENUMBRAS LE HACEN MANIFESTACI\u00d3N A LA ALCALDESA! - Los pol\u00edticos Veracruz\" \/>\n<meta property=\"og:description\" content=\"NdelaRP\u00e1nucoHabitantes de las colonias Hern\u00e1ndez Ochoa, La Palma y Revoluci\u00f3n Mexicana se manifestaron durante la madrugada por los constantes cortes de energ\u00eda el\u00e9ctrica que, aseguran, padecen desde hace varios d\u00edas. Los inconformes acudieron inicialmente a las instalaciones de la Comisi\u00f3n Federal de Electricidad (CFE) en busca de una respuesta. Al no obtenerla, alrededor de la [&hellip;]\" \/>\n<meta property=\"og:url\" content=\"https:\/\/lospoliticosveracruz.com\/?p=179864\" \/>\n<meta property=\"og:site_name\" content=\"Los pol\u00edticos Veracruz\" \/>\n<meta property=\"article:publisher\" content=\"https:\/\/www.facebook.com\/people\/Notimemes-de-los-Polticos\/61565672886568\/\" \/>\n<meta property=\"article:published_time\" content=\"2026-09-02T14:40:30+00:00\" \/>\n<meta property=\"article:modified_time\" content=\"2026-09-02T14:40:31+00:00\" \/>\n<meta property=\"og:image\" content=\"https:\/\/lospoliticosveracruz.com\/wp-content\/uploads\/2026\/09\/Patrulla.jpg\" \/>\n\t<meta property=\"og:image:width\" content=\"600\" \/>\n\t<meta property=\"og:image:height\" content=\"320\" \/>\n\t<meta property=\"og:image:type\" content=\"image\/jpeg\" \/>\n<meta name=\"author\" content=\"Lo viste en Los Pol\u00edticos\" \/>\n<meta name=\"twitter:card\" content=\"summary_large_image\" \/>\n<meta name=\"twitter:creator\" content=\"@LosPoliticosVer\" \/>\n<meta name=\"twitter:site\" content=\"@LosPoliticosVer\" \/>\n<meta name=\"twitter:label1\" content=\"Escrito por\" \/>\n\t<meta name=\"twitter:data1\" content=\"Lo viste en Los Pol\u00edticos\" \/>\n\t<meta name=\"twitter:label2\" content=\"Tiempo de lectura\" \/>\n\t<meta name=\"twitter:data2\" content=\"2 minutos\" \/>\n<script type=\"application\/ld+json\" class=\"yoast-schema-graph\">{\"@context\":\"https:\\\/\\\/schema.org\",\"@graph\":[{\"@type\":\"Article\",\"@id\":\"https:\\\/\\\/lospoliticosveracruz.com\\\/?p=179864#article\",\"isPartOf\":{\"@id\":\"https:\\\/\\\/lospoliticosveracruz.com\\\/?p=179864\"},\"author\":{\"name\":\"Lo viste en Los Pol\u00edticos\",\"@id\":\"https:\\\/\\\/lospoliticosveracruz.com\\\/#\\\/schema\\\/person\\\/b8702bb0e538456e6efd07080bf2a4a2\"},\"headline\":\"EN PENUMBRAS LE HACEN MANIFESTACI\u00d3N A LA ALCALDESA!\",\"datePublished\":\"2026-09-02T14:40:30+00:00\",\"dateModified\":\"2026-09-02T14:40:31+00:00\",\"mainEntityOfPage\":{\"@id\":\"https:\\\/\\\/lospoliticosveracruz.com\\\/?p=179864\"},\"wordCount\":253,\"publisher\":{\"@id\":\"https:\\\/\\\/lospoliticosveracruz.com\\\/#organization\"},\"image\":{\"@id\":\"https:\\\/\\\/lospoliticosveracruz.com\\\/?p=179864#primaryimage\"},\"thumbnailUrl\":\"https:\\\/\\\/lospoliticosveracruz.com\\\/wp-content\\\/uploads\\\/2026\\\/09\\\/Patrulla.jpg\",\"keywords\":[\"apagones\",\"CFE\",\"Mayra Anel Delgado\",\"NdelaR\",\"P\u00e1nuco\",\"protesta ciudadana\",\"Seguridad P\u00fablica\"],\"articleSection\":[\"La Nota\"],\"inLanguage\":\"es\"},{\"@type\":\"WebPage\",\"@id\":\"https:\\\/\\\/lospoliticosveracruz.com\\\/?p=179864\",\"url\":\"https:\\\/\\\/lospoliticosveracruz.com\\\/?p=179864\",\"name\":\"EN PENUMBRAS LE HACEN MANIFESTACI\u00d3N A LA ALCALDESA! - Los pol\u00edticos Veracruz\",\"isPartOf\":{\"@id\":\"https:\\\/\\\/lospoliticosveracruz.com\\\/#website\"},\"primaryImageOfPage\":{\"@id\":\"https:\\\/\\\/lospoliticosveracruz.com\\\/?p=179864#primaryimage\"},\"image\":{\"@id\":\"https:\\\/\\\/lospoliticosveracruz.com\\\/?p=179864#primaryimage\"},\"thumbnailUrl\":\"https:\\\/\\\/lospoliticosveracruz.com\\\/wp-content\\\/uploads\\\/2026\\\/09\\\/Patrulla.jpg\",\"datePublished\":\"2026-09-02T14:40:30+00:00\",\"dateModified\":\"2026-09-02T14:40:31+00:00\",\"breadcrumb\":{\"@id\":\"https:\\\/\\\/lospoliticosveracruz.com\\\/?p=179864#breadcrumb\"},\"inLanguage\":\"es\",\"potentialAction\":[{\"@type\":\"ReadAction\",\"target\":[\"https:\\\/\\\/lospoliticosveracruz.com\\\/?p=179864\"]}]},{\"@type\":\"ImageObject\",\"inLanguage\":\"es\",\"@id\":\"https:\\\/\\\/lospoliticosveracruz.com\\\/?p=179864#primaryimage\",\"url\":\"https:\\\/\\\/lospoliticosveracruz.com\\\/wp-content\\\/uploads\\\/2026\\\/09\\\/Patrulla.jpg\",\"contentUrl\":\"https:\\\/\\\/lospoliticosveracruz.com\\\/wp-content\\\/uploads\\\/2026\\\/09\\\/Patrulla.jpg\",\"width\":600,\"height\":320},{\"@type\":\"BreadcrumbList\",\"@id\":\"https:\\\/\\\/lospoliticosveracruz.com\\\/?p=179864#breadcrumb\",\"itemListElement\":[{\"@type\":\"ListItem\",\"position\":1,\"name\":\"Portada\",\"item\":\"https:\\\/\\\/lospoliticosveracruz.com\\\/\"},{\"@type\":\"ListItem\",\"position\":2,\"name\":\"EN PENUMBRAS LE HACEN MANIFESTACI\u00d3N A LA ALCALDESA!\"}]},{\"@type\":\"WebSite\",\"@id\":\"https:\\\/\\\/lospoliticosveracruz.com\\\/#website\",\"url\":\"https:\\\/\\\/lospoliticosveracruz.com\\\/\",\"name\":\"Los pol\u00edticos Veracruz\",\"description\":\"\",\"publisher\":{\"@id\":\"https:\\\/\\\/lospoliticosveracruz.com\\\/#organization\"},\"potentialAction\":[{\"@type\":\"SearchAction\",\"target\":{\"@type\":\"EntryPoint\",\"urlTemplate\":\"https:\\\/\\\/lospoliticosveracruz.com\\\/?s={search_term_string}\"},\"query-input\":{\"@type\":\"PropertyValueSpecification\",\"valueRequired\":true,\"valueName\":\"search_term_string\"}}],\"inLanguage\":\"es\"},{\"@type\":\"Organization\",\"@id\":\"https:\\\/\\\/lospoliticosveracruz.com\\\/#organization\",\"name\":\"Los pol\u00edticos Veracruz\",\"url\":\"https:\\\/\\\/lospoliticosveracruz.com\\\/\",\"logo\":{\"@type\":\"ImageObject\",\"inLanguage\":\"es\",\"@id\":\"https:\\\/\\\/lospoliticosveracruz.com\\\/#\\\/schema\\\/logo\\\/image\\\/\",\"url\":\"https:\\\/\\\/lospoliticosveracruz.com\\\/wp-content\\\/uploads\\\/2025\\\/12\\\/Logo-Nuevo-LOS-POLITICOS-1.jpg\",\"contentUrl\":\"https:\\\/\\\/lospoliticosveracruz.com\\\/wp-content\\\/uploads\\\/2025\\\/12\\\/Logo-Nuevo-LOS-POLITICOS-1.jpg\",\"width\":260,\"height\":70,\"caption\":\"Los pol\u00edticos Veracruz\"},\"image\":{\"@id\":\"https:\\\/\\\/lospoliticosveracruz.com\\\/#\\\/schema\\\/logo\\\/image\\\/\"},\"sameAs\":[\"https:\\\/\\\/www.facebook.com\\\/people\\\/Notimemes-de-los-Polticos\\\/61565672886568\\\/\",\"https:\\\/\\\/x.com\\\/LosPoliticosVer\"]},{\"@type\":\"Person\",\"@id\":\"https:\\\/\\\/lospoliticosveracruz.com\\\/#\\\/schema\\\/person\\\/b8702bb0e538456e6efd07080bf2a4a2\",\"name\":\"Lo viste en Los Pol\u00edticos\",\"image\":{\"@type\":\"ImageObject\",\"inLanguage\":\"es\",\"@id\":\"https:\\\/\\\/secure.gravatar.com\\\/avatar\\\/3a8de04a2656d44082be478bd6c086daa447c4651605818287b9532d3d0bd435?s=96&d=mm&r=g\",\"url\":\"https:\\\/\\\/secure.gravatar.com\\\/avatar\\\/3a8de04a2656d44082be478bd6c086daa447c4651605818287b9532d3d0bd435?s=96&d=mm&r=g\",\"contentUrl\":\"https:\\\/\\\/secure.gravatar.com\\\/avatar\\\/3a8de04a2656d44082be478bd6c086daa447c4651605818287b9532d3d0bd435?s=96&d=mm&r=g\",\"caption\":\"Lo viste en Los Pol\u00edticos\"},\"url\":\"https:\\\/\\\/lospoliticosveracruz.com\\\/?author=2\"}]}<\/script>\n<!-- \/ Yoast SEO plugin. -->","yoast_head_json":{"title":"EN PENUMBRAS LE HACEN MANIFESTACI\u00d3N A LA ALCALDESA! - Los pol\u00edticos Veracruz","robots":{"index":"index","follow":"follow","max-snippet":"max-snippet:-1","max-image-preview":"max-image-preview:large","max-video-preview":"max-video-preview:-1"},"canonical":"https:\/\/lospoliticosveracruz.com\/?p=179864","og_locale":"es_ES","og_type":"article","og_title":"EN PENUMBRAS LE HACEN MANIFESTACI\u00d3N A LA ALCALDESA! - Los pol\u00edticos Veracruz","og_description":"NdelaRP\u00e1nucoHabitantes de las colonias Hern\u00e1ndez Ochoa, La Palma y Revoluci\u00f3n Mexicana se manifestaron durante la madrugada por los constantes cortes de energ\u00eda el\u00e9ctrica que, aseguran, padecen desde hace varios d\u00edas. Los inconformes acudieron inicialmente a las instalaciones de la Comisi\u00f3n Federal de Electricidad (CFE) en busca de una respuesta. Al no obtenerla, alrededor de la [&hellip;]","og_url":"https:\/\/lospoliticosveracruz.com\/?p=179864","og_site_name":"Los pol\u00edticos Veracruz","article_publisher":"https:\/\/www.facebook.com\/people\/Notimemes-de-los-Polticos\/61565672886568\/","article_published_time":"2026-09-02T14:40:30+00:00","article_modified_time":"2026-09-02T14:40:31+00:00","og_image":[{"width":600,"height":320,"url":"https:\/\/lospoliticosveracruz.com\/wp-content\/uploads\/2026\/09\/Patrulla.jpg","type":"image\/jpeg"}],"author":"Lo viste en Los Pol\u00edticos","twitter_card":"summary_large_image","twitter_creator":"@LosPoliticosVer","twitter_site":"@LosPoliticosVer","twitter_misc":{"Escrito por":"Lo viste en Los Pol\u00edticos","Tiempo de lectura":"2 minutos"},"schema":{"@context":"https:\/\/schema.org","@graph":[{"@type":"Article","@id":"https:\/\/lospoliticosveracruz.com\/?p=179864#article","isPartOf":{"@id":"https:\/\/lospoliticosveracruz.com\/?p=179864"},"author":{"name":"Lo viste en Los Pol\u00edticos","@id":"https:\/\/lospoliticosveracruz.com\/#\/schema\/person\/b8702bb0e538456e6efd07080bf2a4a2"},"headline":"EN PENUMBRAS LE HACEN MANIFESTACI\u00d3N A LA ALCALDESA!","datePublished":"2026-09-02T14:40:30+00:00","dateModified":"2026-09-02T14:40:31+00:00","mainEntityOfPage":{"@id":"https:\/\/lospoliticosveracruz.com\/?p=179864"},"wordCount":253,"publisher":{"@id":"https:\/\/lospoliticosveracruz.com\/#organization"},"image":{"@id":"https:\/\/lospoliticosveracruz.com\/?p=179864#primaryimage"},"thumbnailUrl":"https:\/\/lospoliticosveracruz.com\/wp-content\/uploads\/2026\/09\/Patrulla.jpg","keywords":["apagones","CFE","Mayra Anel Delgado","NdelaR","P\u00e1nuco","protesta ciudadana","Seguridad P\u00fablica"],"articleSection":["La Nota"],"inLanguage":"es"},{"@type":"WebPage","@id":"https:\/\/lospoliticosveracruz.com\/?p=179864","url":"https:\/\/lospoliticosveracruz.com\/?p=179864","name":"EN PENUMBRAS LE HACEN MANIFESTACI\u00d3N A LA ALCALDESA! - Los pol\u00edticos Veracruz","isPartOf":{"@id":"https:\/\/lospoliticosveracruz.com\/#website"},"primaryImageOfPage":{"@id":"https:\/\/lospoliticosveracruz.com\/?p=179864#primaryimage"},"image":{"@id":"https:\/\/lospoliticosveracruz.com\/?p=179864#primaryimage"},"thumbnailUrl":"https:\/\/lospoliticosveracruz.com\/wp-content\/uploads\/2026\/09\/Patrulla.jpg","datePublished":"2026-09-02T14:40:30+00:00","dateModified":"2026-09-02T14:40:31+00:00","breadcrumb":{"@id":"https:\/\/lospoliticosveracruz.com\/?p=179864#breadcrumb"},"inLanguage":"es","potentialAction":[{"@type":"ReadAction","target":["https:\/\/lospoliticosveracruz.com\/?p=179864"]}]},{"@type":"ImageObject","inLanguage":"es","@id":"https:\/\/lospoliticosveracruz.com\/?p=179864#primaryimage","url":"https:\/\/lospoliticosveracruz.com\/wp-content\/uploads\/2026\/09\/Patrulla.jpg","contentUrl":"https:\/\/lospoliticosveracruz.com\/wp-content\/uploads\/2026\/09\/Patrulla.jpg","width":600,"height":320},{"@type":"BreadcrumbList","@id":"https:\/\/lospoliticosveracruz.com\/?p=179864#breadcrumb","itemListElement":[{"@type":"ListItem","position":1,"name":"Portada","item":"https:\/\/lospoliticosveracruz.com\/"},{"@type":"ListItem","position":2,"name":"EN PENUMBRAS LE HACEN MANIFESTACI\u00d3N A LA ALCALDESA!"}]},{"@type":"WebSite","@id":"https:\/\/lospoliticosveracruz.com\/#website","url":"https:\/\/lospoliticosveracruz.com\/","name":"Los pol\u00edticos Veracruz","description":"","publisher":{"@id":"https:\/\/lospoliticosveracruz.com\/#organization"},"potentialAction":[{"@type":"SearchAction","target":{"@type":"EntryPoint","urlTemplate":"https:\/\/lospoliticosveracruz.com\/?s={search_term_string}"},"query-input":{"@type":"PropertyValueSpecification","valueRequired":true,"valueName":"search_term_string"}}],"inLanguage":"es"},{"@type":"Organization","@id":"https:\/\/lospoliticosveracruz.com\/#organization","name":"Los pol\u00edticos Veracruz","url":"https:\/\/lospoliticosveracruz.com\/","logo":{"@type":"ImageObject","inLanguage":"es","@id":"https:\/\/lospoliticosveracruz.com\/#\/schema\/logo\/image\/","url":"https:\/\/lospoliticosveracruz.com\/wp-content\/uploads\/2025\/12\/Logo-Nuevo-LOS-POLITICOS-1.jpg","contentUrl":"https:\/\/lospoliticosveracruz.com\/wp-content\/uploads\/2025\/12\/Logo-Nuevo-LOS-POLITICOS-1.jpg","width":260,"height":70,"caption":"Los pol\u00edticos Veracruz"},"image":{"@id":"https:\/\/lospoliticosveracruz.com\/#\/schema\/logo\/image\/"},"sameAs":["https:\/\/www.facebook.com\/people\/Notimemes-de-los-Polticos\/61565672886568\/","https:\/\/x.com\/LosPoliticosVer"]},{"@type":"Person","@id":"https:\/\/lospoliticosveracruz.com\/#\/schema\/person\/b8702bb0e538456e6efd07080bf2a4a2","name":"Lo viste en Los Pol\u00edticos","image":{"@type":"ImageObject","inLanguage":"es","@id":"https:\/\/secure.gravatar.com\/avatar\/3a8de04a2656d44082be478bd6c086daa447c4651605818287b9532d3d0bd435?s=96&d=mm&r=g","url":"https:\/\/secure.gravatar.com\/avatar\/3a8de04a2656d44082be478bd6c086daa447c4651605818287b9532d3d0bd435?s=96&d=mm&r=g","contentUrl":"https:\/\/secure.gravatar.com\/avatar\/3a8de04a2656d44082be478bd6c086daa447c4651605818287b9532d3d0bd435?s=96&d=mm&r=g","caption":"Lo viste en Los Pol\u00edticos"},"url":"https:\/\/lospoliticosveracruz.com\/?author=2"}]}},"_links":{"self":[{"href":"https:\/\/lospoliticosveracruz.com\/index.php?rest_route=\/wp\/v2\/posts\/179864","targetHints":{"allow":["GET"]}}],"collection":[{"href":"https:\/\/lospoliticosveracruz.com\/index.php?rest_route=\/wp\/v2\/posts"}],"about":[{"href":"https:\/\/lospoliticosveracruz.com\/index.php?rest_route=\/wp\/v2\/types\/post"}],"author":[{"embeddable":true,"href":"https:\/\/lospoliticosveracruz.com\/index.php?rest_route=\/wp\/v2\/users\/2"}],"replies":[{"embeddable":true,"href":"https:\/\/lospoliticosveracruz.com\/index.php?rest_route=%2Fwp%2Fv2%2Fcomments&post=179864"}],"version-history":[{"count":1,"href":"https:\/\/lospoliticosveracruz.com\/index.php?rest_route=\/wp\/v2\/posts\/179864\/revisions"}],"predecessor-version":[{"id":179866,"href":"https:\/\/lospoliticosveracruz.com\/index.php?rest_route=\/wp\/v2\/posts\/179864\/revisions\/179866"}],"wp:featuredmedia":[{"embeddable":true,"href":"https:\/\/lospoliticosveracruz.com\/index.php?rest_route=\/wp\/v2\/media\/179865"}],"wp:attachment":[{"href":"https:\/\/lospoliticosveracruz.com\/index.php?rest_route=%2Fwp%2Fv2%2Fmedia&parent=179864"}],"wp:term":[{"taxonomy":"category","embeddable":true,"href":"https:\/\/lospoliticosveracruz.com\/index.php?rest_route=%2Fwp%2Fv2%2Fcategories&post=179864"},{"taxonomy":"post_tag","embeddable":true,"href":"https:\/\/lospoliticosveracruz.com\/index.php?rest_route=%2Fwp%2Fv2%2Ftags&post=179864"}],"curies":[{"name":"wp","href":"https:\/\/api.w.org\/{rel}","templated":true}]}}