{"id":179875,"date":"2026-09-02T11:57:25","date_gmt":"2026-09-02T17:57:25","guid":{"rendered":"https:\/\/lospoliticosveracruz.com\/?p=179875"},"modified":"2026-09-02T11:57:26","modified_gmt":"2026-09-02T17:57:26","slug":"si-es-cobron","status":"publish","type":"post","link":"https:\/\/lospoliticosveracruz.com\/?p=179875","title":{"rendered":"S\u00cd ES COBR\u00d3N!"},"content":{"rendered":"<div class=\"wp-block-image\">\n<figure class=\"alignleft size-full is-resized\"><a href=\"https:\/\/lospoliticosveracruz.com\/wp-content\/uploads\/2026\/08\/Fiestas-Veracruz.jpg\"><img loading=\"lazy\" decoding=\"async\" width=\"667\" height=\"625\" src=\"https:\/\/lospoliticosveracruz.com\/wp-content\/uploads\/2026\/08\/Fiestas-Veracruz.jpg\" alt=\"\" class=\"wp-image-179650\" style=\"aspect-ratio:1.067287698577726;width:425px;height:auto\" srcset=\"https:\/\/lospoliticosveracruz.com\/wp-content\/uploads\/2026\/08\/Fiestas-Veracruz.jpg 667w, https:\/\/lospoliticosveracruz.com\/wp-content\/uploads\/2026\/08\/Fiestas-Veracruz-300x281.jpg 300w, https:\/\/lospoliticosveracruz.com\/wp-content\/uploads\/2026\/08\/Fiestas-Veracruz-448x420.jpg 448w, https:\/\/lospoliticosveracruz.com\/wp-content\/uploads\/2026\/08\/Fiestas-Veracruz-150x141.jpg 150w\" sizes=\"auto, (max-width: 667px) 100vw, 667px\" \/><\/a><\/figure>\n<\/div>\n\n\n<p><strong>\u00c1ngeles Gonz\u00e1lez Ceballos&nbsp;<\/strong><\/p>\n\n\n\n<p>El rector de la Universidad Veracruzana, Mart\u00edn Aguilar S\u00e1nchez, confirm\u00f3 que el gobierno Federal le debe a la Casa de Estudios 240 millones de pesos, pero neg\u00f3 que no haya reclamado el monto total correspondiente a los subsidios que se otorga a las universidades p\u00fablicas del Pa\u00eds.<\/p>\n\n\n\n<p>Entrevistado luego de montar guardia de honor ante el monumento a Miguel Hidalgo, el acad\u00e9mico, explic\u00f3 que ciertamente primero mand\u00f3 un primer oficio pidiendo los 240 millones de pesos que se le adeuda a la Universidad, que es para el incremento salarial del m\u00ednimo, de manera general.<\/p>\n\n\n\n<p>\u00abY despu\u00e9s mandamos otro oficio donde ve\u00edamos cu\u00e1l es el recurso prioritario para ir resolviendo la tem\u00e1tica, entonces mandamos los dos oficios, los dos est\u00e1n en solicitud.<\/p>\n\n\n\n<p>Esperemos que sea pronto. Ya nosotros llevamos a cabo la homologaci\u00f3n salarial, lo que estamos es preveniendo todo lo que viene el siguiente a\u00f1o\u00bb, asever\u00f3.<\/p>\n\n\n\n<p>El acad\u00e9mico lament\u00f3 que el gobierno Federal no est\u00e9 dando los incrementos para poder pagar el salario m\u00ednimo a los trabajadores, no s\u00f3lo a la UV, sino a todas las universidades p\u00fablicas.<\/p>\n\n\n\n<p>Por lo que han tenido que estar ajustando el presupuesto y sobre ese mismo presupuesto han hecho una homologaci\u00f3n salarial.<\/p>\n\n\n\n<p>Asimismo, Aguilar S\u00e1nchez, inform\u00f3 que ya est\u00e1n trabajando en el presupuesto del a\u00f1o que entra y aunque no defini\u00f3 cu\u00e1nto ser\u00e1 el incremento que van a solicitar, sostuvo que seguir\u00e1n exigiendo que les entreguen el 4 por ciento del total del presupuesto, como lo define la Constituci\u00f3n.<\/p>\n\n\n\n<p>\u00abEse proyecto de presupuesto lo tenemos que entregar en la primera semana de octubre, yo creo que en una semana m\u00e1s tendremos nuestra propuesta de presupuesto.<\/p>\n\n\n\n<p>Ahorita no les podr\u00eda decir, pero s\u00ed, seguiremos con lo del 4 por ciento, porque es un tema que est\u00e1 en la Constituci\u00f3n del Estado\u00bb, indic\u00f3.<\/p>\n\n\n\n<p>Rechaz\u00f3 que la Casa de Estudios se conforme con lo que el Estado les d\u00e9, sino que buscan distintos canales priorizando el di\u00e1logo con el gobierno Federal y el gobierno Estatal.<\/p>\n\n\n\n<p>Sostuvo que est\u00e1n siendo transparentes con el uso de los recursos.<\/p>\n\n\n\n<p>En otro tema, asegur\u00f3 que s\u00ed han pedido avances a la Fiscal\u00eda General del Estado, sobre el&nbsp;&nbsp;terrible hallazgo de dos estudiantes de la facultad de Psicolog\u00eda, regi\u00f3n Xalapa, Melanie Michelle M\u00e9ndez Morales y Luis Fernando Hern\u00e1ndez Ib\u00e1\u00f1ez, quienes aparecieron sin vida al interior de una camioneta en el municipio de Coatepec.<\/p>\n\n\n\n<p>\u00abLos dos eran estudiantes de la facultad de Psicolog\u00eda, hemos solicitado informaci\u00f3n, de momento la Gobernadora respondi\u00f3 p\u00fablicamente que estaban haciendo la investigaci\u00f3n.<\/p>\n\n\n\n<p>No le corresponde, le corresponde a la Fiscal\u00eda, la Fiscal\u00eda est\u00e1 en eso, me dijeron que est\u00e1n en el proceso de investigaci\u00f3n, nosotros estamos esperando la informaci\u00f3n un tiempo prudente y si no, volverlo a solicitar\u00bb, coment\u00f3.<\/p>\n\n\n\n<p>Cuestionado en el sentido de que una de las l\u00edneas de investigaci\u00f3n podr\u00eda haber sido el suicidio, el Rector defini\u00f3 que la Universidad primero quiere la respuesta oficial de la Fiscal\u00eda, para saber qu\u00e9 fue lo que pas\u00f3 y terminar con interpretaciones.<\/p>\n\n\n\n<p>A\u00fan as\u00ed, la Universidad tiene un programa amplio de salud mental para prevenir ese tipo de situaciones, pero justific\u00f3 que el impacto durante la pandemia por el COVID fue muy fuerte, que afect\u00f3 no s\u00f3lo a estudiantes, sino a la sociedad a nivel mundial.<\/p>\n\n\n\n<p>\u00abEstamos afrontando eso con distintos espacios que les llamamos &#8216;Centinela&#8217;, hemos hecho grupos de ayuda mutua, los estudiantes tienen seguro facultativo y tienen la atenci\u00f3n de la Universidad\u00bb, asegur\u00f3.<\/p>\n\n\n\n<p>Finalmente, inform\u00f3 que su Informe de Labores ser\u00e1 el pr\u00f3ximo 11 de septiembre.<\/p>\n\n\n\n<p><\/p>\n","protected":false},"excerpt":{"rendered":"<p>\u00c1ngeles Gonz\u00e1lez Ceballos&nbsp; El rector de la Universidad Veracruzana, Mart\u00edn Aguilar S\u00e1nchez, confirm\u00f3 que el gobierno Federal le debe a la Casa de Estudios 240 millones de pesos, pero neg\u00f3 que no haya reclamado el monto total correspondiente a los subsidios que se otorga a las universidades p\u00fablicas del Pa\u00eds. Entrevistado luego de montar guardia [&hellip;]<\/p>\n","protected":false},"author":2,"featured_media":179876,"comment_status":"closed","ping_status":"closed","sticky":false,"template":"","format":"standard","meta":{"tdm_status":"","tdm_grid_status":"","footnotes":""},"categories":[6446],"tags":[45215],"class_list":{"0":"post-179875","1":"post","2":"type-post","3":"status-publish","4":"format-standard","5":"has-post-thumbnail","7":"category-la-nota","8":"tag-martin-aguilar-rector"},"yoast_head":"<!-- This site is optimized with the Yoast SEO plugin v28.1 - https:\/\/yoast.com\/product\/yoast-seo-wordpress\/ -->\n<title>S\u00cd ES COBR\u00d3N! - Los pol\u00edticos Veracruz<\/title>\n<meta name=\"robots\" content=\"index, follow, max-snippet:-1, max-image-preview:large, max-video-preview:-1\" \/>\n<link rel=\"canonical\" href=\"https:\/\/lospoliticosveracruz.com\/?p=179875\" \/>\n<meta property=\"og:locale\" content=\"es_ES\" \/>\n<meta property=\"og:type\" content=\"article\" \/>\n<meta property=\"og:title\" content=\"S\u00cd ES COBR\u00d3N! - Los pol\u00edticos Veracruz\" \/>\n<meta property=\"og:description\" content=\"\u00c1ngeles Gonz\u00e1lez Ceballos&nbsp; El rector de la Universidad Veracruzana, Mart\u00edn Aguilar S\u00e1nchez, confirm\u00f3 que el gobierno Federal le debe a la Casa de Estudios 240 millones de pesos, pero neg\u00f3 que no haya reclamado el monto total correspondiente a los subsidios que se otorga a las universidades p\u00fablicas del Pa\u00eds. Entrevistado luego de montar guardia [&hellip;]\" \/>\n<meta property=\"og:url\" content=\"https:\/\/lospoliticosveracruz.com\/?p=179875\" \/>\n<meta property=\"og:site_name\" content=\"Los pol\u00edticos Veracruz\" \/>\n<meta property=\"article:publisher\" content=\"https:\/\/www.facebook.com\/people\/Notimemes-de-los-Polticos\/61565672886568\/\" \/>\n<meta property=\"article:published_time\" content=\"2026-09-02T17:57:25+00:00\" \/>\n<meta property=\"article:modified_time\" content=\"2026-09-02T17:57:26+00:00\" \/>\n<meta property=\"og:image\" content=\"https:\/\/lospoliticosveracruz.com\/wp-content\/uploads\/2026\/09\/Martin-Aguilar-.jpg\" \/>\n\t<meta property=\"og:image:width\" content=\"600\" \/>\n\t<meta property=\"og:image:height\" content=\"320\" \/>\n\t<meta property=\"og:image:type\" content=\"image\/jpeg\" \/>\n<meta name=\"author\" content=\"Lo viste en Los Pol\u00edticos\" \/>\n<meta name=\"twitter:card\" content=\"summary_large_image\" \/>\n<meta name=\"twitter:creator\" content=\"@LosPoliticosVer\" \/>\n<meta name=\"twitter:site\" content=\"@LosPoliticosVer\" \/>\n<meta name=\"twitter:label1\" content=\"Escrito por\" \/>\n\t<meta name=\"twitter:data1\" content=\"Lo viste en Los Pol\u00edticos\" \/>\n\t<meta name=\"twitter:label2\" content=\"Tiempo de lectura\" \/>\n\t<meta name=\"twitter:data2\" content=\"4 minutos\" \/>\n<script type=\"application\/ld+json\" class=\"yoast-schema-graph\">{\"@context\":\"https:\\\/\\\/schema.org\",\"@graph\":[{\"@type\":\"Article\",\"@id\":\"https:\\\/\\\/lospoliticosveracruz.com\\\/?p=179875#article\",\"isPartOf\":{\"@id\":\"https:\\\/\\\/lospoliticosveracruz.com\\\/?p=179875\"},\"author\":{\"name\":\"Lo viste en Los Pol\u00edticos\",\"@id\":\"https:\\\/\\\/lospoliticosveracruz.com\\\/#\\\/schema\\\/person\\\/b8702bb0e538456e6efd07080bf2a4a2\"},\"headline\":\"S\u00cd ES COBR\u00d3N!\",\"datePublished\":\"2026-09-02T17:57:25+00:00\",\"dateModified\":\"2026-09-02T17:57:26+00:00\",\"mainEntityOfPage\":{\"@id\":\"https:\\\/\\\/lospoliticosveracruz.com\\\/?p=179875\"},\"wordCount\":637,\"publisher\":{\"@id\":\"https:\\\/\\\/lospoliticosveracruz.com\\\/#organization\"},\"image\":{\"@id\":\"https:\\\/\\\/lospoliticosveracruz.com\\\/?p=179875#primaryimage\"},\"thumbnailUrl\":\"https:\\\/\\\/lospoliticosveracruz.com\\\/wp-content\\\/uploads\\\/2026\\\/09\\\/Martin-Aguilar-.jpg\",\"keywords\":[\"Mart\u00edn Aguilar rector\"],\"articleSection\":[\"La Nota\"],\"inLanguage\":\"es\"},{\"@type\":\"WebPage\",\"@id\":\"https:\\\/\\\/lospoliticosveracruz.com\\\/?p=179875\",\"url\":\"https:\\\/\\\/lospoliticosveracruz.com\\\/?p=179875\",\"name\":\"S\u00cd ES COBR\u00d3N! - Los pol\u00edticos Veracruz\",\"isPartOf\":{\"@id\":\"https:\\\/\\\/lospoliticosveracruz.com\\\/#website\"},\"primaryImageOfPage\":{\"@id\":\"https:\\\/\\\/lospoliticosveracruz.com\\\/?p=179875#primaryimage\"},\"image\":{\"@id\":\"https:\\\/\\\/lospoliticosveracruz.com\\\/?p=179875#primaryimage\"},\"thumbnailUrl\":\"https:\\\/\\\/lospoliticosveracruz.com\\\/wp-content\\\/uploads\\\/2026\\\/09\\\/Martin-Aguilar-.jpg\",\"datePublished\":\"2026-09-02T17:57:25+00:00\",\"dateModified\":\"2026-09-02T17:57:26+00:00\",\"breadcrumb\":{\"@id\":\"https:\\\/\\\/lospoliticosveracruz.com\\\/?p=179875#breadcrumb\"},\"inLanguage\":\"es\",\"potentialAction\":[{\"@type\":\"ReadAction\",\"target\":[\"https:\\\/\\\/lospoliticosveracruz.com\\\/?p=179875\"]}]},{\"@type\":\"ImageObject\",\"inLanguage\":\"es\",\"@id\":\"https:\\\/\\\/lospoliticosveracruz.com\\\/?p=179875#primaryimage\",\"url\":\"https:\\\/\\\/lospoliticosveracruz.com\\\/wp-content\\\/uploads\\\/2026\\\/09\\\/Martin-Aguilar-.jpg\",\"contentUrl\":\"https:\\\/\\\/lospoliticosveracruz.com\\\/wp-content\\\/uploads\\\/2026\\\/09\\\/Martin-Aguilar-.jpg\",\"width\":600,\"height\":320},{\"@type\":\"BreadcrumbList\",\"@id\":\"https:\\\/\\\/lospoliticosveracruz.com\\\/?p=179875#breadcrumb\",\"itemListElement\":[{\"@type\":\"ListItem\",\"position\":1,\"name\":\"Portada\",\"item\":\"https:\\\/\\\/lospoliticosveracruz.com\\\/\"},{\"@type\":\"ListItem\",\"position\":2,\"name\":\"S\u00cd ES COBR\u00d3N!\"}]},{\"@type\":\"WebSite\",\"@id\":\"https:\\\/\\\/lospoliticosveracruz.com\\\/#website\",\"url\":\"https:\\\/\\\/lospoliticosveracruz.com\\\/\",\"name\":\"Los pol\u00edticos Veracruz\",\"description\":\"\",\"publisher\":{\"@id\":\"https:\\\/\\\/lospoliticosveracruz.com\\\/#organization\"},\"potentialAction\":[{\"@type\":\"SearchAction\",\"target\":{\"@type\":\"EntryPoint\",\"urlTemplate\":\"https:\\\/\\\/lospoliticosveracruz.com\\\/?s={search_term_string}\"},\"query-input\":{\"@type\":\"PropertyValueSpecification\",\"valueRequired\":true,\"valueName\":\"search_term_string\"}}],\"inLanguage\":\"es\"},{\"@type\":\"Organization\",\"@id\":\"https:\\\/\\\/lospoliticosveracruz.com\\\/#organization\",\"name\":\"Los pol\u00edticos Veracruz\",\"url\":\"https:\\\/\\\/lospoliticosveracruz.com\\\/\",\"logo\":{\"@type\":\"ImageObject\",\"inLanguage\":\"es\",\"@id\":\"https:\\\/\\\/lospoliticosveracruz.com\\\/#\\\/schema\\\/logo\\\/image\\\/\",\"url\":\"https:\\\/\\\/lospoliticosveracruz.com\\\/wp-content\\\/uploads\\\/2025\\\/12\\\/Logo-Nuevo-LOS-POLITICOS-1.jpg\",\"contentUrl\":\"https:\\\/\\\/lospoliticosveracruz.com\\\/wp-content\\\/uploads\\\/2025\\\/12\\\/Logo-Nuevo-LOS-POLITICOS-1.jpg\",\"width\":260,\"height\":70,\"caption\":\"Los pol\u00edticos Veracruz\"},\"image\":{\"@id\":\"https:\\\/\\\/lospoliticosveracruz.com\\\/#\\\/schema\\\/logo\\\/image\\\/\"},\"sameAs\":[\"https:\\\/\\\/www.facebook.com\\\/people\\\/Notimemes-de-los-Polticos\\\/61565672886568\\\/\",\"https:\\\/\\\/x.com\\\/LosPoliticosVer\"]},{\"@type\":\"Person\",\"@id\":\"https:\\\/\\\/lospoliticosveracruz.com\\\/#\\\/schema\\\/person\\\/b8702bb0e538456e6efd07080bf2a4a2\",\"name\":\"Lo viste en Los Pol\u00edticos\",\"image\":{\"@type\":\"ImageObject\",\"inLanguage\":\"es\",\"@id\":\"https:\\\/\\\/secure.gravatar.com\\\/avatar\\\/3a8de04a2656d44082be478bd6c086daa447c4651605818287b9532d3d0bd435?s=96&d=mm&r=g\",\"url\":\"https:\\\/\\\/secure.gravatar.com\\\/avatar\\\/3a8de04a2656d44082be478bd6c086daa447c4651605818287b9532d3d0bd435?s=96&d=mm&r=g\",\"contentUrl\":\"https:\\\/\\\/secure.gravatar.com\\\/avatar\\\/3a8de04a2656d44082be478bd6c086daa447c4651605818287b9532d3d0bd435?s=96&d=mm&r=g\",\"caption\":\"Lo viste en Los Pol\u00edticos\"},\"url\":\"https:\\\/\\\/lospoliticosveracruz.com\\\/?author=2\"}]}<\/script>\n<!-- \/ Yoast SEO plugin. -->","yoast_head_json":{"title":"S\u00cd ES COBR\u00d3N! - Los pol\u00edticos Veracruz","robots":{"index":"index","follow":"follow","max-snippet":"max-snippet:-1","max-image-preview":"max-image-preview:large","max-video-preview":"max-video-preview:-1"},"canonical":"https:\/\/lospoliticosveracruz.com\/?p=179875","og_locale":"es_ES","og_type":"article","og_title":"S\u00cd ES COBR\u00d3N! - Los pol\u00edticos Veracruz","og_description":"\u00c1ngeles Gonz\u00e1lez Ceballos&nbsp; El rector de la Universidad Veracruzana, Mart\u00edn Aguilar S\u00e1nchez, confirm\u00f3 que el gobierno Federal le debe a la Casa de Estudios 240 millones de pesos, pero neg\u00f3 que no haya reclamado el monto total correspondiente a los subsidios que se otorga a las universidades p\u00fablicas del Pa\u00eds. Entrevistado luego de montar guardia [&hellip;]","og_url":"https:\/\/lospoliticosveracruz.com\/?p=179875","og_site_name":"Los pol\u00edticos Veracruz","article_publisher":"https:\/\/www.facebook.com\/people\/Notimemes-de-los-Polticos\/61565672886568\/","article_published_time":"2026-09-02T17:57:25+00:00","article_modified_time":"2026-09-02T17:57:26+00:00","og_image":[{"width":600,"height":320,"url":"https:\/\/lospoliticosveracruz.com\/wp-content\/uploads\/2026\/09\/Martin-Aguilar-.jpg","type":"image\/jpeg"}],"author":"Lo viste en Los Pol\u00edticos","twitter_card":"summary_large_image","twitter_creator":"@LosPoliticosVer","twitter_site":"@LosPoliticosVer","twitter_misc":{"Escrito por":"Lo viste en Los Pol\u00edticos","Tiempo de lectura":"4 minutos"},"schema":{"@context":"https:\/\/schema.org","@graph":[{"@type":"Article","@id":"https:\/\/lospoliticosveracruz.com\/?p=179875#article","isPartOf":{"@id":"https:\/\/lospoliticosveracruz.com\/?p=179875"},"author":{"name":"Lo viste en Los Pol\u00edticos","@id":"https:\/\/lospoliticosveracruz.com\/#\/schema\/person\/b8702bb0e538456e6efd07080bf2a4a2"},"headline":"S\u00cd ES COBR\u00d3N!","datePublished":"2026-09-02T17:57:25+00:00","dateModified":"2026-09-02T17:57:26+00:00","mainEntityOfPage":{"@id":"https:\/\/lospoliticosveracruz.com\/?p=179875"},"wordCount":637,"publisher":{"@id":"https:\/\/lospoliticosveracruz.com\/#organization"},"image":{"@id":"https:\/\/lospoliticosveracruz.com\/?p=179875#primaryimage"},"thumbnailUrl":"https:\/\/lospoliticosveracruz.com\/wp-content\/uploads\/2026\/09\/Martin-Aguilar-.jpg","keywords":["Mart\u00edn Aguilar rector"],"articleSection":["La Nota"],"inLanguage":"es"},{"@type":"WebPage","@id":"https:\/\/lospoliticosveracruz.com\/?p=179875","url":"https:\/\/lospoliticosveracruz.com\/?p=179875","name":"S\u00cd ES COBR\u00d3N! - Los pol\u00edticos Veracruz","isPartOf":{"@id":"https:\/\/lospoliticosveracruz.com\/#website"},"primaryImageOfPage":{"@id":"https:\/\/lospoliticosveracruz.com\/?p=179875#primaryimage"},"image":{"@id":"https:\/\/lospoliticosveracruz.com\/?p=179875#primaryimage"},"thumbnailUrl":"https:\/\/lospoliticosveracruz.com\/wp-content\/uploads\/2026\/09\/Martin-Aguilar-.jpg","datePublished":"2026-09-02T17:57:25+00:00","dateModified":"2026-09-02T17:57:26+00:00","breadcrumb":{"@id":"https:\/\/lospoliticosveracruz.com\/?p=179875#breadcrumb"},"inLanguage":"es","potentialAction":[{"@type":"ReadAction","target":["https:\/\/lospoliticosveracruz.com\/?p=179875"]}]},{"@type":"ImageObject","inLanguage":"es","@id":"https:\/\/lospoliticosveracruz.com\/?p=179875#primaryimage","url":"https:\/\/lospoliticosveracruz.com\/wp-content\/uploads\/2026\/09\/Martin-Aguilar-.jpg","contentUrl":"https:\/\/lospoliticosveracruz.com\/wp-content\/uploads\/2026\/09\/Martin-Aguilar-.jpg","width":600,"height":320},{"@type":"BreadcrumbList","@id":"https:\/\/lospoliticosveracruz.com\/?p=179875#breadcrumb","itemListElement":[{"@type":"ListItem","position":1,"name":"Portada","item":"https:\/\/lospoliticosveracruz.com\/"},{"@type":"ListItem","position":2,"name":"S\u00cd ES COBR\u00d3N!"}]},{"@type":"WebSite","@id":"https:\/\/lospoliticosveracruz.com\/#website","url":"https:\/\/lospoliticosveracruz.com\/","name":"Los pol\u00edticos Veracruz","description":"","publisher":{"@id":"https:\/\/lospoliticosveracruz.com\/#organization"},"potentialAction":[{"@type":"SearchAction","target":{"@type":"EntryPoint","urlTemplate":"https:\/\/lospoliticosveracruz.com\/?s={search_term_string}"},"query-input":{"@type":"PropertyValueSpecification","valueRequired":true,"valueName":"search_term_string"}}],"inLanguage":"es"},{"@type":"Organization","@id":"https:\/\/lospoliticosveracruz.com\/#organization","name":"Los pol\u00edticos Veracruz","url":"https:\/\/lospoliticosveracruz.com\/","logo":{"@type":"ImageObject","inLanguage":"es","@id":"https:\/\/lospoliticosveracruz.com\/#\/schema\/logo\/image\/","url":"https:\/\/lospoliticosveracruz.com\/wp-content\/uploads\/2025\/12\/Logo-Nuevo-LOS-POLITICOS-1.jpg","contentUrl":"https:\/\/lospoliticosveracruz.com\/wp-content\/uploads\/2025\/12\/Logo-Nuevo-LOS-POLITICOS-1.jpg","width":260,"height":70,"caption":"Los pol\u00edticos Veracruz"},"image":{"@id":"https:\/\/lospoliticosveracruz.com\/#\/schema\/logo\/image\/"},"sameAs":["https:\/\/www.facebook.com\/people\/Notimemes-de-los-Polticos\/61565672886568\/","https:\/\/x.com\/LosPoliticosVer"]},{"@type":"Person","@id":"https:\/\/lospoliticosveracruz.com\/#\/schema\/person\/b8702bb0e538456e6efd07080bf2a4a2","name":"Lo viste en Los Pol\u00edticos","image":{"@type":"ImageObject","inLanguage":"es","@id":"https:\/\/secure.gravatar.com\/avatar\/3a8de04a2656d44082be478bd6c086daa447c4651605818287b9532d3d0bd435?s=96&d=mm&r=g","url":"https:\/\/secure.gravatar.com\/avatar\/3a8de04a2656d44082be478bd6c086daa447c4651605818287b9532d3d0bd435?s=96&d=mm&r=g","contentUrl":"https:\/\/secure.gravatar.com\/avatar\/3a8de04a2656d44082be478bd6c086daa447c4651605818287b9532d3d0bd435?s=96&d=mm&r=g","caption":"Lo viste en Los Pol\u00edticos"},"url":"https:\/\/lospoliticosveracruz.com\/?author=2"}]}},"_links":{"self":[{"href":"https:\/\/lospoliticosveracruz.com\/index.php?rest_route=\/wp\/v2\/posts\/179875","targetHints":{"allow":["GET"]}}],"collection":[{"href":"https:\/\/lospoliticosveracruz.com\/index.php?rest_route=\/wp\/v2\/posts"}],"about":[{"href":"https:\/\/lospoliticosveracruz.com\/index.php?rest_route=\/wp\/v2\/types\/post"}],"author":[{"embeddable":true,"href":"https:\/\/lospoliticosveracruz.com\/index.php?rest_route=\/wp\/v2\/users\/2"}],"replies":[{"embeddable":true,"href":"https:\/\/lospoliticosveracruz.com\/index.php?rest_route=%2Fwp%2Fv2%2Fcomments&post=179875"}],"version-history":[{"count":1,"href":"https:\/\/lospoliticosveracruz.com\/index.php?rest_route=\/wp\/v2\/posts\/179875\/revisions"}],"predecessor-version":[{"id":179877,"href":"https:\/\/lospoliticosveracruz.com\/index.php?rest_route=\/wp\/v2\/posts\/179875\/revisions\/179877"}],"wp:featuredmedia":[{"embeddable":true,"href":"https:\/\/lospoliticosveracruz.com\/index.php?rest_route=\/wp\/v2\/media\/179876"}],"wp:attachment":[{"href":"https:\/\/lospoliticosveracruz.com\/index.php?rest_route=%2Fwp%2Fv2%2Fmedia&parent=179875"}],"wp:term":[{"taxonomy":"category","embeddable":true,"href":"https:\/\/lospoliticosveracruz.com\/index.php?rest_route=%2Fwp%2Fv2%2Fcategories&post=179875"},{"taxonomy":"post_tag","embeddable":true,"href":"https:\/\/lospoliticosveracruz.com\/index.php?rest_route=%2Fwp%2Fv2%2Ftags&post=179875"}],"curies":[{"name":"wp","href":"https:\/\/api.w.org\/{rel}","templated":true}]}}