{"id":179894,"date":"2026-09-02T14:45:46","date_gmt":"2026-09-02T20:45:46","guid":{"rendered":"https:\/\/lospoliticosveracruz.com\/?p=179894"},"modified":"2026-09-02T14:45:47","modified_gmt":"2026-09-02T20:45:47","slug":"disputa-por-los-cetros","status":"publish","type":"post","link":"https:\/\/lospoliticosveracruz.com\/?p=179894","title":{"rendered":"DISPUTA POR LOS CETROS!"},"content":{"rendered":"<div class=\"wp-block-image\">\n<figure class=\"alignleft size-full is-resized\"><a href=\"https:\/\/lospoliticosveracruz.com\/wp-content\/uploads\/2026\/08\/Fiestas-Veracruz.jpg\"><img loading=\"lazy\" decoding=\"async\" width=\"667\" height=\"625\" src=\"https:\/\/lospoliticosveracruz.com\/wp-content\/uploads\/2026\/08\/Fiestas-Veracruz.jpg\" alt=\"\" class=\"wp-image-179650\" style=\"aspect-ratio:1.067287698577726;width:425px;height:auto\" srcset=\"https:\/\/lospoliticosveracruz.com\/wp-content\/uploads\/2026\/08\/Fiestas-Veracruz.jpg 667w, https:\/\/lospoliticosveracruz.com\/wp-content\/uploads\/2026\/08\/Fiestas-Veracruz-300x281.jpg 300w, https:\/\/lospoliticosveracruz.com\/wp-content\/uploads\/2026\/08\/Fiestas-Veracruz-448x420.jpg 448w, https:\/\/lospoliticosveracruz.com\/wp-content\/uploads\/2026\/08\/Fiestas-Veracruz-150x141.jpg 150w\" sizes=\"auto, (max-width: 667px) 100vw, 667px\" \/><\/a><\/figure>\n<\/div>\n\n\n<p>Veracruz: Bajo la visi\u00f3n de la alcaldesa Rosa Mar\u00eda Hern\u00e1ndez Espejo de fortalecer las tradiciones y promover la proyecci\u00f3n tur\u00edstica de Veracruz, el Ayuntamiento abri\u00f3 la convocatoria para integrar la Corte Real del Carnaval de Veracruz 2027, una de las celebraciones m\u00e1s representativas del estado.<\/p>\n\n\n\n<p>En rueda de prensa, el director de Turismo y Carnaval, Daniel Mart\u00edn Lois, inform\u00f3 que a partir de hoy y hasta el viernes 2 de octubre de 2026, a las 14:00 horas, estar\u00e1 abierto el periodo de inscripci\u00f3n para quienes deseen participar por los t\u00edtulos de Reina, Rey y Reyes Infantiles del Carnaval de Veracruz 2027.<\/p>\n\n\n\n<p><strong>Requisitos para Reina<br><\/strong>\u2022\u2060 \u2060Ser mujer de nacimiento, veracruzana o hija de padre o madre veracruzano.<br>\u2022\u2060 \u2060Tener entre 18 y 35 a\u00f1os.<\/p>\n\n\n\n<p><strong>Requisitos para Rey<br><\/strong>\u2022\u2060 \u2060Ser hombre de nacimiento, veracruzano o hijo de padre o madre veracruzano.<br>\u2022\u2060 \u2060Tener 18 a\u00f1os en adelante.<br>Requisitos para Reyes Infantiles<br>\u2022\u2060 \u2060Haber nacido en el estado de Veracruz o ser hijo o hija de padre o madre veracruzano.<br>\u2022\u2060 \u2060Tener entre 6 y 12 a\u00f1os.<\/p>\n\n\n\n<p>Las y los aspirantes de todas las categor\u00edas no deber\u00e1n haber sido Rey o Reina del Carnaval durante los \u00faltimos cinco a\u00f1os. La convocatoria establece un m\u00e1ximo de seis participantes por categor\u00eda, por lo que el periodo de inscripci\u00f3n podr\u00e1 concluir anticipadamente si se alcanza dicho l\u00edmite.<\/p>\n\n\n\n<p><strong>Documentaci\u00f3n para el registro<br><\/strong>Para completar el registro, las y los candidatos deber\u00e1n presentar la siguiente documentaci\u00f3n, de acuerdo con su categor\u00eda:<\/p>\n\n\n\n<p><strong>Reina y Rey<br><\/strong>\u2022\u2060 \u2060Acta de nacimiento.<br>\u2022\u2060 \u2060Identificaci\u00f3n oficial vigente.<br>\u2022\u2060 \u2060Certificado de bachillerato concluido o equivalente avalado por la SEP.<br>\u2022\u2060 \u2060Dos fotograf\u00edas a color de primer plano y dos de cuerpo entero.<br>\u2022\u2060 \u2060Video de intenci\u00f3n en USB o escrito donde expongan sus motivos para participar.<br>\u2022\u2060 \u2060Formato de inscripci\u00f3n y carta responsiva debidamente firmados.<br>\u2022\u2060 \u2060Recibo oficial del pago de inscripci\u00f3n.<\/p>\n\n\n\n<p><strong>Reyes Infantiles<br><\/strong>\u2022\u2060 \u2060Acta de nacimiento.<br>\u2022\u2060 \u2060Identificaci\u00f3n oficial vigente del participante, representante y tutor.<br>\u2022\u2060 \u2060Constancia de estudios.<br>\u2022\u2060 \u2060Dos fotograf\u00edas a color de primer plano y dos de cuerpo entero.<br>\u2022\u2060 \u2060Video de intenci\u00f3n en USB o escrito donde expongan sus motivos para participar.<br>\u2022\u2060 \u2060Formato de inscripci\u00f3n y carta responsiva debidamente firmados.<br>\u2022\u2060 \u2060Recibo oficial del pago de inscripci\u00f3n.<\/p>\n\n\n\n<p>El pago de inscripci\u00f3n ser\u00e1 equivalente a 600 UMA para las categor\u00edas de adultos, correspondiente a 70 mil 386 pesos, y 240 UMA para las categor\u00edas infantiles, equivalente a 28 mil 154 pesos con 40 centavos.<\/p>\n\n\n\n<p>El primer c\u00f3mputo, correspondiente a la confirmaci\u00f3n de continuidad, se realizar\u00e1 el jueves 29 de octubre de 2026. Para continuar en el proceso, los participantes adultos deber\u00e1n alcanzar una meta m\u00ednima acumulada de 135 mil 768 pesos, incluyendo el pago inicial de inscripci\u00f3n.<\/p>\n\n\n\n<p>En las categor\u00edas infantiles, la meta m\u00ednima acumulada para el primer c\u00f3mputo ser\u00e1 de 54 mil 307 pesos con 20 centavos, tambi\u00e9n considerando el pago inicial. El c\u00f3mputo final se realizar\u00e1 el jueves 19 de noviembre de 2026, con lo que concluir\u00e1 el proceso para definir a la Corte Real del Carnaval de Veracruz 2027.<\/p>\n\n\n\n<p><\/p>\n","protected":false},"excerpt":{"rendered":"<p>Veracruz: Bajo la visi\u00f3n de la alcaldesa Rosa Mar\u00eda Hern\u00e1ndez Espejo de fortalecer las tradiciones y promover la proyecci\u00f3n tur\u00edstica de Veracruz, el Ayuntamiento abri\u00f3 la convocatoria para integrar la Corte Real del Carnaval de Veracruz 2027, una de las celebraciones m\u00e1s representativas del estado. En rueda de prensa, el director de Turismo y Carnaval, [&hellip;]<\/p>\n","protected":false},"author":2,"featured_media":179895,"comment_status":"closed","ping_status":"closed","sticky":false,"template":"","format":"standard","meta":{"tdm_status":"","tdm_grid_status":"","footnotes":""},"categories":[56121],"tags":[70989,1730,34140,43443,4123,11900,195],"class_list":{"0":"post-179894","1":"post","2":"type-post","3":"status-publish","4":"format-standard","5":"has-post-thumbnail","7":"category-desde-jarochilandia","8":"tag-carnaval-2027","9":"tag-carnaval-de-veracruz","10":"tag-corte-real","11":"tag-reina-del-carnaval","12":"tag-rey-del-carnaval","13":"tag-rosa-maria-hernandez-espejo","14":"tag-veracruz"},"yoast_head":"<!-- This site is optimized with the Yoast SEO plugin v28.1 - https:\/\/yoast.com\/product\/yoast-seo-wordpress\/ -->\n<title>DISPUTA POR LOS CETROS! - Los pol\u00edticos Veracruz<\/title>\n<meta name=\"robots\" content=\"index, follow, max-snippet:-1, max-image-preview:large, max-video-preview:-1\" \/>\n<link rel=\"canonical\" href=\"https:\/\/lospoliticosveracruz.com\/?p=179894\" \/>\n<meta property=\"og:locale\" content=\"es_ES\" \/>\n<meta property=\"og:type\" content=\"article\" \/>\n<meta property=\"og:title\" content=\"DISPUTA POR LOS CETROS! - Los pol\u00edticos Veracruz\" \/>\n<meta property=\"og:description\" content=\"Veracruz: Bajo la visi\u00f3n de la alcaldesa Rosa Mar\u00eda Hern\u00e1ndez Espejo de fortalecer las tradiciones y promover la proyecci\u00f3n tur\u00edstica de Veracruz, el Ayuntamiento abri\u00f3 la convocatoria para integrar la Corte Real del Carnaval de Veracruz 2027, una de las celebraciones m\u00e1s representativas del estado. En rueda de prensa, el director de Turismo y Carnaval, [&hellip;]\" \/>\n<meta property=\"og:url\" content=\"https:\/\/lospoliticosveracruz.com\/?p=179894\" \/>\n<meta property=\"og:site_name\" content=\"Los pol\u00edticos Veracruz\" \/>\n<meta property=\"article:publisher\" content=\"https:\/\/www.facebook.com\/people\/Notimemes-de-los-Polticos\/61565672886568\/\" \/>\n<meta property=\"article:published_time\" content=\"2026-09-02T20:45:46+00:00\" \/>\n<meta property=\"article:modified_time\" content=\"2026-09-02T20:45:47+00:00\" \/>\n<meta property=\"og:image\" content=\"https:\/\/lospoliticosveracruz.com\/wp-content\/uploads\/2026\/09\/Ver.jpg\" \/>\n\t<meta property=\"og:image:width\" content=\"600\" \/>\n\t<meta property=\"og:image:height\" content=\"320\" \/>\n\t<meta property=\"og:image:type\" content=\"image\/jpeg\" \/>\n<meta name=\"author\" content=\"Lo viste en Los Pol\u00edticos\" \/>\n<meta name=\"twitter:card\" content=\"summary_large_image\" \/>\n<meta name=\"twitter:creator\" content=\"@LosPoliticosVer\" \/>\n<meta name=\"twitter:site\" content=\"@LosPoliticosVer\" \/>\n<meta name=\"twitter:label1\" content=\"Escrito por\" \/>\n\t<meta name=\"twitter:data1\" content=\"Lo viste en Los Pol\u00edticos\" \/>\n\t<meta name=\"twitter:label2\" content=\"Tiempo de lectura\" \/>\n\t<meta name=\"twitter:data2\" content=\"3 minutos\" \/>\n<script type=\"application\/ld+json\" class=\"yoast-schema-graph\">{\"@context\":\"https:\\\/\\\/schema.org\",\"@graph\":[{\"@type\":\"Article\",\"@id\":\"https:\\\/\\\/lospoliticosveracruz.com\\\/?p=179894#article\",\"isPartOf\":{\"@id\":\"https:\\\/\\\/lospoliticosveracruz.com\\\/?p=179894\"},\"author\":{\"name\":\"Lo viste en Los Pol\u00edticos\",\"@id\":\"https:\\\/\\\/lospoliticosveracruz.com\\\/#\\\/schema\\\/person\\\/b8702bb0e538456e6efd07080bf2a4a2\"},\"headline\":\"DISPUTA POR LOS CETROS!\",\"datePublished\":\"2026-09-02T20:45:46+00:00\",\"dateModified\":\"2026-09-02T20:45:47+00:00\",\"mainEntityOfPage\":{\"@id\":\"https:\\\/\\\/lospoliticosveracruz.com\\\/?p=179894\"},\"wordCount\":508,\"publisher\":{\"@id\":\"https:\\\/\\\/lospoliticosveracruz.com\\\/#organization\"},\"image\":{\"@id\":\"https:\\\/\\\/lospoliticosveracruz.com\\\/?p=179894#primaryimage\"},\"thumbnailUrl\":\"https:\\\/\\\/lospoliticosveracruz.com\\\/wp-content\\\/uploads\\\/2026\\\/09\\\/Ver.jpg\",\"keywords\":[\"Carnaval 2027\",\"Carnaval de Veracruz\",\"Corte Real\",\"Reina del Carnaval\",\"Rey del Carnaval\",\"Rosa Mar\u00eda Hern\u00e1ndez Espejo\",\"Veracruz\"],\"articleSection\":[\"DESDE JAROCHILANDIA\"],\"inLanguage\":\"es\"},{\"@type\":\"WebPage\",\"@id\":\"https:\\\/\\\/lospoliticosveracruz.com\\\/?p=179894\",\"url\":\"https:\\\/\\\/lospoliticosveracruz.com\\\/?p=179894\",\"name\":\"DISPUTA POR LOS CETROS! - Los pol\u00edticos Veracruz\",\"isPartOf\":{\"@id\":\"https:\\\/\\\/lospoliticosveracruz.com\\\/#website\"},\"primaryImageOfPage\":{\"@id\":\"https:\\\/\\\/lospoliticosveracruz.com\\\/?p=179894#primaryimage\"},\"image\":{\"@id\":\"https:\\\/\\\/lospoliticosveracruz.com\\\/?p=179894#primaryimage\"},\"thumbnailUrl\":\"https:\\\/\\\/lospoliticosveracruz.com\\\/wp-content\\\/uploads\\\/2026\\\/09\\\/Ver.jpg\",\"datePublished\":\"2026-09-02T20:45:46+00:00\",\"dateModified\":\"2026-09-02T20:45:47+00:00\",\"breadcrumb\":{\"@id\":\"https:\\\/\\\/lospoliticosveracruz.com\\\/?p=179894#breadcrumb\"},\"inLanguage\":\"es\",\"potentialAction\":[{\"@type\":\"ReadAction\",\"target\":[\"https:\\\/\\\/lospoliticosveracruz.com\\\/?p=179894\"]}]},{\"@type\":\"ImageObject\",\"inLanguage\":\"es\",\"@id\":\"https:\\\/\\\/lospoliticosveracruz.com\\\/?p=179894#primaryimage\",\"url\":\"https:\\\/\\\/lospoliticosveracruz.com\\\/wp-content\\\/uploads\\\/2026\\\/09\\\/Ver.jpg\",\"contentUrl\":\"https:\\\/\\\/lospoliticosveracruz.com\\\/wp-content\\\/uploads\\\/2026\\\/09\\\/Ver.jpg\",\"width\":600,\"height\":320},{\"@type\":\"BreadcrumbList\",\"@id\":\"https:\\\/\\\/lospoliticosveracruz.com\\\/?p=179894#breadcrumb\",\"itemListElement\":[{\"@type\":\"ListItem\",\"position\":1,\"name\":\"Portada\",\"item\":\"https:\\\/\\\/lospoliticosveracruz.com\\\/\"},{\"@type\":\"ListItem\",\"position\":2,\"name\":\"DISPUTA POR LOS CETROS!\"}]},{\"@type\":\"WebSite\",\"@id\":\"https:\\\/\\\/lospoliticosveracruz.com\\\/#website\",\"url\":\"https:\\\/\\\/lospoliticosveracruz.com\\\/\",\"name\":\"Los pol\u00edticos Veracruz\",\"description\":\"\",\"publisher\":{\"@id\":\"https:\\\/\\\/lospoliticosveracruz.com\\\/#organization\"},\"potentialAction\":[{\"@type\":\"SearchAction\",\"target\":{\"@type\":\"EntryPoint\",\"urlTemplate\":\"https:\\\/\\\/lospoliticosveracruz.com\\\/?s={search_term_string}\"},\"query-input\":{\"@type\":\"PropertyValueSpecification\",\"valueRequired\":true,\"valueName\":\"search_term_string\"}}],\"inLanguage\":\"es\"},{\"@type\":\"Organization\",\"@id\":\"https:\\\/\\\/lospoliticosveracruz.com\\\/#organization\",\"name\":\"Los pol\u00edticos Veracruz\",\"url\":\"https:\\\/\\\/lospoliticosveracruz.com\\\/\",\"logo\":{\"@type\":\"ImageObject\",\"inLanguage\":\"es\",\"@id\":\"https:\\\/\\\/lospoliticosveracruz.com\\\/#\\\/schema\\\/logo\\\/image\\\/\",\"url\":\"https:\\\/\\\/lospoliticosveracruz.com\\\/wp-content\\\/uploads\\\/2025\\\/12\\\/Logo-Nuevo-LOS-POLITICOS-1.jpg\",\"contentUrl\":\"https:\\\/\\\/lospoliticosveracruz.com\\\/wp-content\\\/uploads\\\/2025\\\/12\\\/Logo-Nuevo-LOS-POLITICOS-1.jpg\",\"width\":260,\"height\":70,\"caption\":\"Los pol\u00edticos Veracruz\"},\"image\":{\"@id\":\"https:\\\/\\\/lospoliticosveracruz.com\\\/#\\\/schema\\\/logo\\\/image\\\/\"},\"sameAs\":[\"https:\\\/\\\/www.facebook.com\\\/people\\\/Notimemes-de-los-Polticos\\\/61565672886568\\\/\",\"https:\\\/\\\/x.com\\\/LosPoliticosVer\"]},{\"@type\":\"Person\",\"@id\":\"https:\\\/\\\/lospoliticosveracruz.com\\\/#\\\/schema\\\/person\\\/b8702bb0e538456e6efd07080bf2a4a2\",\"name\":\"Lo viste en Los Pol\u00edticos\",\"image\":{\"@type\":\"ImageObject\",\"inLanguage\":\"es\",\"@id\":\"https:\\\/\\\/secure.gravatar.com\\\/avatar\\\/3a8de04a2656d44082be478bd6c086daa447c4651605818287b9532d3d0bd435?s=96&d=mm&r=g\",\"url\":\"https:\\\/\\\/secure.gravatar.com\\\/avatar\\\/3a8de04a2656d44082be478bd6c086daa447c4651605818287b9532d3d0bd435?s=96&d=mm&r=g\",\"contentUrl\":\"https:\\\/\\\/secure.gravatar.com\\\/avatar\\\/3a8de04a2656d44082be478bd6c086daa447c4651605818287b9532d3d0bd435?s=96&d=mm&r=g\",\"caption\":\"Lo viste en Los Pol\u00edticos\"},\"url\":\"https:\\\/\\\/lospoliticosveracruz.com\\\/?author=2\"}]}<\/script>\n<!-- \/ Yoast SEO plugin. -->","yoast_head_json":{"title":"DISPUTA POR LOS CETROS! - Los pol\u00edticos Veracruz","robots":{"index":"index","follow":"follow","max-snippet":"max-snippet:-1","max-image-preview":"max-image-preview:large","max-video-preview":"max-video-preview:-1"},"canonical":"https:\/\/lospoliticosveracruz.com\/?p=179894","og_locale":"es_ES","og_type":"article","og_title":"DISPUTA POR LOS CETROS! - Los pol\u00edticos Veracruz","og_description":"Veracruz: Bajo la visi\u00f3n de la alcaldesa Rosa Mar\u00eda Hern\u00e1ndez Espejo de fortalecer las tradiciones y promover la proyecci\u00f3n tur\u00edstica de Veracruz, el Ayuntamiento abri\u00f3 la convocatoria para integrar la Corte Real del Carnaval de Veracruz 2027, una de las celebraciones m\u00e1s representativas del estado. En rueda de prensa, el director de Turismo y Carnaval, [&hellip;]","og_url":"https:\/\/lospoliticosveracruz.com\/?p=179894","og_site_name":"Los pol\u00edticos Veracruz","article_publisher":"https:\/\/www.facebook.com\/people\/Notimemes-de-los-Polticos\/61565672886568\/","article_published_time":"2026-09-02T20:45:46+00:00","article_modified_time":"2026-09-02T20:45:47+00:00","og_image":[{"width":600,"height":320,"url":"https:\/\/lospoliticosveracruz.com\/wp-content\/uploads\/2026\/09\/Ver.jpg","type":"image\/jpeg"}],"author":"Lo viste en Los Pol\u00edticos","twitter_card":"summary_large_image","twitter_creator":"@LosPoliticosVer","twitter_site":"@LosPoliticosVer","twitter_misc":{"Escrito por":"Lo viste en Los Pol\u00edticos","Tiempo de lectura":"3 minutos"},"schema":{"@context":"https:\/\/schema.org","@graph":[{"@type":"Article","@id":"https:\/\/lospoliticosveracruz.com\/?p=179894#article","isPartOf":{"@id":"https:\/\/lospoliticosveracruz.com\/?p=179894"},"author":{"name":"Lo viste en Los Pol\u00edticos","@id":"https:\/\/lospoliticosveracruz.com\/#\/schema\/person\/b8702bb0e538456e6efd07080bf2a4a2"},"headline":"DISPUTA POR LOS CETROS!","datePublished":"2026-09-02T20:45:46+00:00","dateModified":"2026-09-02T20:45:47+00:00","mainEntityOfPage":{"@id":"https:\/\/lospoliticosveracruz.com\/?p=179894"},"wordCount":508,"publisher":{"@id":"https:\/\/lospoliticosveracruz.com\/#organization"},"image":{"@id":"https:\/\/lospoliticosveracruz.com\/?p=179894#primaryimage"},"thumbnailUrl":"https:\/\/lospoliticosveracruz.com\/wp-content\/uploads\/2026\/09\/Ver.jpg","keywords":["Carnaval 2027","Carnaval de Veracruz","Corte Real","Reina del Carnaval","Rey del Carnaval","Rosa Mar\u00eda Hern\u00e1ndez Espejo","Veracruz"],"articleSection":["DESDE JAROCHILANDIA"],"inLanguage":"es"},{"@type":"WebPage","@id":"https:\/\/lospoliticosveracruz.com\/?p=179894","url":"https:\/\/lospoliticosveracruz.com\/?p=179894","name":"DISPUTA POR LOS CETROS! - Los pol\u00edticos Veracruz","isPartOf":{"@id":"https:\/\/lospoliticosveracruz.com\/#website"},"primaryImageOfPage":{"@id":"https:\/\/lospoliticosveracruz.com\/?p=179894#primaryimage"},"image":{"@id":"https:\/\/lospoliticosveracruz.com\/?p=179894#primaryimage"},"thumbnailUrl":"https:\/\/lospoliticosveracruz.com\/wp-content\/uploads\/2026\/09\/Ver.jpg","datePublished":"2026-09-02T20:45:46+00:00","dateModified":"2026-09-02T20:45:47+00:00","breadcrumb":{"@id":"https:\/\/lospoliticosveracruz.com\/?p=179894#breadcrumb"},"inLanguage":"es","potentialAction":[{"@type":"ReadAction","target":["https:\/\/lospoliticosveracruz.com\/?p=179894"]}]},{"@type":"ImageObject","inLanguage":"es","@id":"https:\/\/lospoliticosveracruz.com\/?p=179894#primaryimage","url":"https:\/\/lospoliticosveracruz.com\/wp-content\/uploads\/2026\/09\/Ver.jpg","contentUrl":"https:\/\/lospoliticosveracruz.com\/wp-content\/uploads\/2026\/09\/Ver.jpg","width":600,"height":320},{"@type":"BreadcrumbList","@id":"https:\/\/lospoliticosveracruz.com\/?p=179894#breadcrumb","itemListElement":[{"@type":"ListItem","position":1,"name":"Portada","item":"https:\/\/lospoliticosveracruz.com\/"},{"@type":"ListItem","position":2,"name":"DISPUTA POR LOS CETROS!"}]},{"@type":"WebSite","@id":"https:\/\/lospoliticosveracruz.com\/#website","url":"https:\/\/lospoliticosveracruz.com\/","name":"Los pol\u00edticos Veracruz","description":"","publisher":{"@id":"https:\/\/lospoliticosveracruz.com\/#organization"},"potentialAction":[{"@type":"SearchAction","target":{"@type":"EntryPoint","urlTemplate":"https:\/\/lospoliticosveracruz.com\/?s={search_term_string}"},"query-input":{"@type":"PropertyValueSpecification","valueRequired":true,"valueName":"search_term_string"}}],"inLanguage":"es"},{"@type":"Organization","@id":"https:\/\/lospoliticosveracruz.com\/#organization","name":"Los pol\u00edticos Veracruz","url":"https:\/\/lospoliticosveracruz.com\/","logo":{"@type":"ImageObject","inLanguage":"es","@id":"https:\/\/lospoliticosveracruz.com\/#\/schema\/logo\/image\/","url":"https:\/\/lospoliticosveracruz.com\/wp-content\/uploads\/2025\/12\/Logo-Nuevo-LOS-POLITICOS-1.jpg","contentUrl":"https:\/\/lospoliticosveracruz.com\/wp-content\/uploads\/2025\/12\/Logo-Nuevo-LOS-POLITICOS-1.jpg","width":260,"height":70,"caption":"Los pol\u00edticos Veracruz"},"image":{"@id":"https:\/\/lospoliticosveracruz.com\/#\/schema\/logo\/image\/"},"sameAs":["https:\/\/www.facebook.com\/people\/Notimemes-de-los-Polticos\/61565672886568\/","https:\/\/x.com\/LosPoliticosVer"]},{"@type":"Person","@id":"https:\/\/lospoliticosveracruz.com\/#\/schema\/person\/b8702bb0e538456e6efd07080bf2a4a2","name":"Lo viste en Los Pol\u00edticos","image":{"@type":"ImageObject","inLanguage":"es","@id":"https:\/\/secure.gravatar.com\/avatar\/3a8de04a2656d44082be478bd6c086daa447c4651605818287b9532d3d0bd435?s=96&d=mm&r=g","url":"https:\/\/secure.gravatar.com\/avatar\/3a8de04a2656d44082be478bd6c086daa447c4651605818287b9532d3d0bd435?s=96&d=mm&r=g","contentUrl":"https:\/\/secure.gravatar.com\/avatar\/3a8de04a2656d44082be478bd6c086daa447c4651605818287b9532d3d0bd435?s=96&d=mm&r=g","caption":"Lo viste en Los Pol\u00edticos"},"url":"https:\/\/lospoliticosveracruz.com\/?author=2"}]}},"_links":{"self":[{"href":"https:\/\/lospoliticosveracruz.com\/index.php?rest_route=\/wp\/v2\/posts\/179894","targetHints":{"allow":["GET"]}}],"collection":[{"href":"https:\/\/lospoliticosveracruz.com\/index.php?rest_route=\/wp\/v2\/posts"}],"about":[{"href":"https:\/\/lospoliticosveracruz.com\/index.php?rest_route=\/wp\/v2\/types\/post"}],"author":[{"embeddable":true,"href":"https:\/\/lospoliticosveracruz.com\/index.php?rest_route=\/wp\/v2\/users\/2"}],"replies":[{"embeddable":true,"href":"https:\/\/lospoliticosveracruz.com\/index.php?rest_route=%2Fwp%2Fv2%2Fcomments&post=179894"}],"version-history":[{"count":1,"href":"https:\/\/lospoliticosveracruz.com\/index.php?rest_route=\/wp\/v2\/posts\/179894\/revisions"}],"predecessor-version":[{"id":179896,"href":"https:\/\/lospoliticosveracruz.com\/index.php?rest_route=\/wp\/v2\/posts\/179894\/revisions\/179896"}],"wp:featuredmedia":[{"embeddable":true,"href":"https:\/\/lospoliticosveracruz.com\/index.php?rest_route=\/wp\/v2\/media\/179895"}],"wp:attachment":[{"href":"https:\/\/lospoliticosveracruz.com\/index.php?rest_route=%2Fwp%2Fv2%2Fmedia&parent=179894"}],"wp:term":[{"taxonomy":"category","embeddable":true,"href":"https:\/\/lospoliticosveracruz.com\/index.php?rest_route=%2Fwp%2Fv2%2Fcategories&post=179894"},{"taxonomy":"post_tag","embeddable":true,"href":"https:\/\/lospoliticosveracruz.com\/index.php?rest_route=%2Fwp%2Fv2%2Ftags&post=179894"}],"curies":[{"name":"wp","href":"https:\/\/api.w.org\/{rel}","templated":true}]}}