{"id":179897,"date":"2026-09-02T14:47:59","date_gmt":"2026-09-02T20:47:59","guid":{"rendered":"https:\/\/lospoliticosveracruz.com\/?p=179897"},"modified":"2026-09-02T14:48:00","modified_gmt":"2026-09-02T20:48:00","slug":"colapso-en-salud","status":"publish","type":"post","link":"https:\/\/lospoliticosveracruz.com\/?p=179897","title":{"rendered":"COLAPSO EN SALUD"},"content":{"rendered":"<div class=\"wp-block-image\">\n<figure class=\"alignleft size-full is-resized\"><a href=\"https:\/\/lospoliticosveracruz.com\/wp-content\/uploads\/2026\/05\/IMG_1092.png\"><img loading=\"lazy\" decoding=\"async\" width=\"640\" height=\"600\" src=\"https:\/\/lospoliticosveracruz.com\/wp-content\/uploads\/2026\/05\/IMG_1092.png\" alt=\"\" class=\"wp-image-172799\" style=\"width:375px;height:auto\" srcset=\"https:\/\/lospoliticosveracruz.com\/wp-content\/uploads\/2026\/05\/IMG_1092.png 640w, https:\/\/lospoliticosveracruz.com\/wp-content\/uploads\/2026\/05\/IMG_1092-300x281.png 300w, https:\/\/lospoliticosveracruz.com\/wp-content\/uploads\/2026\/05\/IMG_1092-448x420.png 448w, https:\/\/lospoliticosveracruz.com\/wp-content\/uploads\/2026\/05\/IMG_1092-150x141.png 150w\" sizes=\"auto, (max-width: 640px) 100vw, 640px\" \/><\/a><\/figure>\n<\/div>\n\n\n<p>Frente al Segundo Informe de Gobierno de la presidenta Claudia Sheinbaum, el dirigente estatal de Movimiento Ciudadano (MC), Luis Carbonell, se\u00f1al\u00f3 que existe un abismo infranqueable entre los discursos oficiales emitidos desde Palacio Nacional y la dolorosa realidad que enfrentan las familias veracruzanas.<\/p>\n\n\n\n<p>A nombre de miles de afectados, el l\u00edder partidista exigi\u00f3 formalmente a la titular del Ejecutivo federal revisar de primera mano la profunda crisis que atraviesa el sector salud en la entidad y tomar cartas en el asunto de manera urgente.<\/p>\n\n\n\n<p>Carbonell advirti\u00f3 que, mientras la mandataria presume la consolidaci\u00f3n del sistema de salud p\u00fablica y festeja la distribuci\u00f3n de insumos con las \u00abRutas de la Salud\u00bb, en Veracruz el modelo IMSS-Bienestar ha provocado un colapso operativo sin precedentes.<\/p>\n\n\n\n<p>A 10 meses de iniciada la transici\u00f3n de la Secretar\u00eda de Salud estatal (SESVER) a este esquema, enfatiz\u00f3 que el balance es desastroso: el resultado no ha sido la eficiencia prometida, sino una aut\u00e9ntica emergencia sanitaria sostenida por cirug\u00edas paralizadas, desabasto total y protestas del personal m\u00e9dico.<\/p>\n\n\n\n<p>Las cifras de la narrativa oficial, detall\u00f3, se estrellan contra los hechos diarios en los centros hospitalarios de la regi\u00f3n. En el Centro de Alta Especialidad (CAE) \u00abDr. Rafael Lucio\u00bb, m\u00e1s de mil intervenciones programadas llevan suspendidas casi un a\u00f1o, postergando la atenci\u00f3n de pacientes graves debido a que los quir\u00f3fanos operan \u00fanicamente para urgencias; situaci\u00f3n que se repite en el Hospital Regional \u00abDr. Luis F. Nach\u00f3n\u00bb, donde las operaciones se cancelan por falta de anestesia.<\/p>\n\n\n\n<p>Ante esta situaci\u00f3n, Carbonell denunci\u00f3 que el propio personal de salud ha tenido que colocar avisos de alerta frente a la carencia de los insumos m\u00e1s elementales: gasas, compresas, hojas de bistur\u00ed, cat\u00e9teres centrales, suturas y reactivos de laboratorio. La desesperaci\u00f3n llev\u00f3 a los trabajadores del Hospital de Alta Especialidad del Puerto de Veracruz a bloquear avenidas para hacer escuchar la gravedad de la crisis.<\/p>\n\n\n\n<p>Finalmente, reproch\u00f3 que desde la Federaci\u00f3n se asegure que ning\u00fan hospital oncol\u00f3gico carece de medicamentos, cuando la realidad desmiente categ\u00f3ricamente estas palabras, dejando a la poblaci\u00f3n veracruzana sin f\u00e1rmacos especializados ni materiales b\u00e1sicos para recibir atenci\u00f3n digna.<\/p>\n\n\n\n<p>\u00abNo se puede tapar el sol con un informe de gobierno\u00bb, concluy\u00f3 Luis Carbonell, tras reiterar el llamado a la Presidenta a detener el maquillaje de cifras, recordando que la salud no es un indicador propagand\u00edstico, sino un derecho humano vulnerado.<\/p>\n","protected":false},"excerpt":{"rendered":"<p>Frente al Segundo Informe de Gobierno de la presidenta Claudia Sheinbaum, el dirigente estatal de Movimiento Ciudadano (MC), Luis Carbonell, se\u00f1al\u00f3 que existe un abismo infranqueable entre los discursos oficiales emitidos desde Palacio Nacional y la dolorosa realidad que enfrentan las familias veracruzanas. A nombre de miles de afectados, el l\u00edder partidista exigi\u00f3 formalmente a [&hellip;]<\/p>\n","protected":false},"author":2,"featured_media":179898,"comment_status":"closed","ping_status":"closed","sticky":false,"template":"","format":"standard","meta":{"tdm_status":"","tdm_grid_status":"","footnotes":""},"categories":[73],"tags":[9627,24628,7048,13470,26406,2327,195],"class_list":{"0":"post-179897","1":"post","2":"type-post","3":"status-publish","4":"format-standard","5":"has-post-thumbnail","7":"category-de-boleto","8":"tag-claudia-sheinbaum","9":"tag-crisis-de-salud","10":"tag-desabasto","11":"tag-imss-bienestar","12":"tag-luis-carbonell","13":"tag-movimiento-ciudadano","14":"tag-veracruz"},"yoast_head":"<!-- This site is optimized with the Yoast SEO plugin v28.1 - https:\/\/yoast.com\/product\/yoast-seo-wordpress\/ -->\n<title>COLAPSO EN SALUD - Los pol\u00edticos Veracruz<\/title>\n<meta name=\"robots\" content=\"index, follow, max-snippet:-1, max-image-preview:large, max-video-preview:-1\" \/>\n<link rel=\"canonical\" href=\"https:\/\/lospoliticosveracruz.com\/?p=179897\" \/>\n<meta property=\"og:locale\" content=\"es_ES\" \/>\n<meta property=\"og:type\" content=\"article\" \/>\n<meta property=\"og:title\" content=\"COLAPSO EN SALUD - Los pol\u00edticos Veracruz\" \/>\n<meta property=\"og:description\" content=\"Frente al Segundo Informe de Gobierno de la presidenta Claudia Sheinbaum, el dirigente estatal de Movimiento Ciudadano (MC), Luis Carbonell, se\u00f1al\u00f3 que existe un abismo infranqueable entre los discursos oficiales emitidos desde Palacio Nacional y la dolorosa realidad que enfrentan las familias veracruzanas. A nombre de miles de afectados, el l\u00edder partidista exigi\u00f3 formalmente a [&hellip;]\" \/>\n<meta property=\"og:url\" content=\"https:\/\/lospoliticosveracruz.com\/?p=179897\" \/>\n<meta property=\"og:site_name\" content=\"Los pol\u00edticos Veracruz\" \/>\n<meta property=\"article:publisher\" content=\"https:\/\/www.facebook.com\/people\/Notimemes-de-los-Polticos\/61565672886568\/\" \/>\n<meta property=\"article:published_time\" content=\"2026-09-02T20:47:59+00:00\" \/>\n<meta property=\"article:modified_time\" content=\"2026-09-02T20:48:00+00:00\" \/>\n<meta property=\"og:image\" content=\"https:\/\/lospoliticosveracruz.com\/wp-content\/uploads\/2026\/09\/Luis-Carbonell.jpg\" \/>\n\t<meta property=\"og:image:width\" content=\"600\" \/>\n\t<meta property=\"og:image:height\" content=\"320\" \/>\n\t<meta property=\"og:image:type\" content=\"image\/jpeg\" \/>\n<meta name=\"author\" content=\"Lo viste en Los Pol\u00edticos\" \/>\n<meta name=\"twitter:card\" content=\"summary_large_image\" \/>\n<meta name=\"twitter:creator\" content=\"@LosPoliticosVer\" \/>\n<meta name=\"twitter:site\" content=\"@LosPoliticosVer\" \/>\n<meta name=\"twitter:label1\" content=\"Escrito por\" \/>\n\t<meta name=\"twitter:data1\" content=\"Lo viste en Los Pol\u00edticos\" \/>\n\t<meta name=\"twitter:label2\" content=\"Tiempo de lectura\" \/>\n\t<meta name=\"twitter:data2\" content=\"3 minutos\" \/>\n<script type=\"application\/ld+json\" class=\"yoast-schema-graph\">{\"@context\":\"https:\\\/\\\/schema.org\",\"@graph\":[{\"@type\":\"Article\",\"@id\":\"https:\\\/\\\/lospoliticosveracruz.com\\\/?p=179897#article\",\"isPartOf\":{\"@id\":\"https:\\\/\\\/lospoliticosveracruz.com\\\/?p=179897\"},\"author\":{\"name\":\"Lo viste en Los Pol\u00edticos\",\"@id\":\"https:\\\/\\\/lospoliticosveracruz.com\\\/#\\\/schema\\\/person\\\/b8702bb0e538456e6efd07080bf2a4a2\"},\"headline\":\"COLAPSO EN SALUD\",\"datePublished\":\"2026-09-02T20:47:59+00:00\",\"dateModified\":\"2026-09-02T20:48:00+00:00\",\"mainEntityOfPage\":{\"@id\":\"https:\\\/\\\/lospoliticosveracruz.com\\\/?p=179897\"},\"wordCount\":420,\"publisher\":{\"@id\":\"https:\\\/\\\/lospoliticosveracruz.com\\\/#organization\"},\"image\":{\"@id\":\"https:\\\/\\\/lospoliticosveracruz.com\\\/?p=179897#primaryimage\"},\"thumbnailUrl\":\"https:\\\/\\\/lospoliticosveracruz.com\\\/wp-content\\\/uploads\\\/2026\\\/09\\\/Luis-Carbonell.jpg\",\"keywords\":[\"Claudia Sheinbaum\",\"Crisis de salud\",\"Desabasto\",\"IMSS-Bienestar\",\"Luis Carbonell\",\"Movimiento Ciudadano\",\"Veracruz\"],\"articleSection\":[\"De Boleto\"],\"inLanguage\":\"es\"},{\"@type\":\"WebPage\",\"@id\":\"https:\\\/\\\/lospoliticosveracruz.com\\\/?p=179897\",\"url\":\"https:\\\/\\\/lospoliticosveracruz.com\\\/?p=179897\",\"name\":\"COLAPSO EN SALUD - Los pol\u00edticos Veracruz\",\"isPartOf\":{\"@id\":\"https:\\\/\\\/lospoliticosveracruz.com\\\/#website\"},\"primaryImageOfPage\":{\"@id\":\"https:\\\/\\\/lospoliticosveracruz.com\\\/?p=179897#primaryimage\"},\"image\":{\"@id\":\"https:\\\/\\\/lospoliticosveracruz.com\\\/?p=179897#primaryimage\"},\"thumbnailUrl\":\"https:\\\/\\\/lospoliticosveracruz.com\\\/wp-content\\\/uploads\\\/2026\\\/09\\\/Luis-Carbonell.jpg\",\"datePublished\":\"2026-09-02T20:47:59+00:00\",\"dateModified\":\"2026-09-02T20:48:00+00:00\",\"breadcrumb\":{\"@id\":\"https:\\\/\\\/lospoliticosveracruz.com\\\/?p=179897#breadcrumb\"},\"inLanguage\":\"es\",\"potentialAction\":[{\"@type\":\"ReadAction\",\"target\":[\"https:\\\/\\\/lospoliticosveracruz.com\\\/?p=179897\"]}]},{\"@type\":\"ImageObject\",\"inLanguage\":\"es\",\"@id\":\"https:\\\/\\\/lospoliticosveracruz.com\\\/?p=179897#primaryimage\",\"url\":\"https:\\\/\\\/lospoliticosveracruz.com\\\/wp-content\\\/uploads\\\/2026\\\/09\\\/Luis-Carbonell.jpg\",\"contentUrl\":\"https:\\\/\\\/lospoliticosveracruz.com\\\/wp-content\\\/uploads\\\/2026\\\/09\\\/Luis-Carbonell.jpg\",\"width\":600,\"height\":320},{\"@type\":\"BreadcrumbList\",\"@id\":\"https:\\\/\\\/lospoliticosveracruz.com\\\/?p=179897#breadcrumb\",\"itemListElement\":[{\"@type\":\"ListItem\",\"position\":1,\"name\":\"Portada\",\"item\":\"https:\\\/\\\/lospoliticosveracruz.com\\\/\"},{\"@type\":\"ListItem\",\"position\":2,\"name\":\"COLAPSO EN SALUD\"}]},{\"@type\":\"WebSite\",\"@id\":\"https:\\\/\\\/lospoliticosveracruz.com\\\/#website\",\"url\":\"https:\\\/\\\/lospoliticosveracruz.com\\\/\",\"name\":\"Los pol\u00edticos Veracruz\",\"description\":\"\",\"publisher\":{\"@id\":\"https:\\\/\\\/lospoliticosveracruz.com\\\/#organization\"},\"potentialAction\":[{\"@type\":\"SearchAction\",\"target\":{\"@type\":\"EntryPoint\",\"urlTemplate\":\"https:\\\/\\\/lospoliticosveracruz.com\\\/?s={search_term_string}\"},\"query-input\":{\"@type\":\"PropertyValueSpecification\",\"valueRequired\":true,\"valueName\":\"search_term_string\"}}],\"inLanguage\":\"es\"},{\"@type\":\"Organization\",\"@id\":\"https:\\\/\\\/lospoliticosveracruz.com\\\/#organization\",\"name\":\"Los pol\u00edticos Veracruz\",\"url\":\"https:\\\/\\\/lospoliticosveracruz.com\\\/\",\"logo\":{\"@type\":\"ImageObject\",\"inLanguage\":\"es\",\"@id\":\"https:\\\/\\\/lospoliticosveracruz.com\\\/#\\\/schema\\\/logo\\\/image\\\/\",\"url\":\"https:\\\/\\\/lospoliticosveracruz.com\\\/wp-content\\\/uploads\\\/2025\\\/12\\\/Logo-Nuevo-LOS-POLITICOS-1.jpg\",\"contentUrl\":\"https:\\\/\\\/lospoliticosveracruz.com\\\/wp-content\\\/uploads\\\/2025\\\/12\\\/Logo-Nuevo-LOS-POLITICOS-1.jpg\",\"width\":260,\"height\":70,\"caption\":\"Los pol\u00edticos Veracruz\"},\"image\":{\"@id\":\"https:\\\/\\\/lospoliticosveracruz.com\\\/#\\\/schema\\\/logo\\\/image\\\/\"},\"sameAs\":[\"https:\\\/\\\/www.facebook.com\\\/people\\\/Notimemes-de-los-Polticos\\\/61565672886568\\\/\",\"https:\\\/\\\/x.com\\\/LosPoliticosVer\"]},{\"@type\":\"Person\",\"@id\":\"https:\\\/\\\/lospoliticosveracruz.com\\\/#\\\/schema\\\/person\\\/b8702bb0e538456e6efd07080bf2a4a2\",\"name\":\"Lo viste en Los Pol\u00edticos\",\"image\":{\"@type\":\"ImageObject\",\"inLanguage\":\"es\",\"@id\":\"https:\\\/\\\/secure.gravatar.com\\\/avatar\\\/3a8de04a2656d44082be478bd6c086daa447c4651605818287b9532d3d0bd435?s=96&d=mm&r=g\",\"url\":\"https:\\\/\\\/secure.gravatar.com\\\/avatar\\\/3a8de04a2656d44082be478bd6c086daa447c4651605818287b9532d3d0bd435?s=96&d=mm&r=g\",\"contentUrl\":\"https:\\\/\\\/secure.gravatar.com\\\/avatar\\\/3a8de04a2656d44082be478bd6c086daa447c4651605818287b9532d3d0bd435?s=96&d=mm&r=g\",\"caption\":\"Lo viste en Los Pol\u00edticos\"},\"url\":\"https:\\\/\\\/lospoliticosveracruz.com\\\/?author=2\"}]}<\/script>\n<!-- \/ Yoast SEO plugin. -->","yoast_head_json":{"title":"COLAPSO EN SALUD - Los pol\u00edticos Veracruz","robots":{"index":"index","follow":"follow","max-snippet":"max-snippet:-1","max-image-preview":"max-image-preview:large","max-video-preview":"max-video-preview:-1"},"canonical":"https:\/\/lospoliticosveracruz.com\/?p=179897","og_locale":"es_ES","og_type":"article","og_title":"COLAPSO EN SALUD - Los pol\u00edticos Veracruz","og_description":"Frente al Segundo Informe de Gobierno de la presidenta Claudia Sheinbaum, el dirigente estatal de Movimiento Ciudadano (MC), Luis Carbonell, se\u00f1al\u00f3 que existe un abismo infranqueable entre los discursos oficiales emitidos desde Palacio Nacional y la dolorosa realidad que enfrentan las familias veracruzanas. A nombre de miles de afectados, el l\u00edder partidista exigi\u00f3 formalmente a [&hellip;]","og_url":"https:\/\/lospoliticosveracruz.com\/?p=179897","og_site_name":"Los pol\u00edticos Veracruz","article_publisher":"https:\/\/www.facebook.com\/people\/Notimemes-de-los-Polticos\/61565672886568\/","article_published_time":"2026-09-02T20:47:59+00:00","article_modified_time":"2026-09-02T20:48:00+00:00","og_image":[{"width":600,"height":320,"url":"https:\/\/lospoliticosveracruz.com\/wp-content\/uploads\/2026\/09\/Luis-Carbonell.jpg","type":"image\/jpeg"}],"author":"Lo viste en Los Pol\u00edticos","twitter_card":"summary_large_image","twitter_creator":"@LosPoliticosVer","twitter_site":"@LosPoliticosVer","twitter_misc":{"Escrito por":"Lo viste en Los Pol\u00edticos","Tiempo de lectura":"3 minutos"},"schema":{"@context":"https:\/\/schema.org","@graph":[{"@type":"Article","@id":"https:\/\/lospoliticosveracruz.com\/?p=179897#article","isPartOf":{"@id":"https:\/\/lospoliticosveracruz.com\/?p=179897"},"author":{"name":"Lo viste en Los Pol\u00edticos","@id":"https:\/\/lospoliticosveracruz.com\/#\/schema\/person\/b8702bb0e538456e6efd07080bf2a4a2"},"headline":"COLAPSO EN SALUD","datePublished":"2026-09-02T20:47:59+00:00","dateModified":"2026-09-02T20:48:00+00:00","mainEntityOfPage":{"@id":"https:\/\/lospoliticosveracruz.com\/?p=179897"},"wordCount":420,"publisher":{"@id":"https:\/\/lospoliticosveracruz.com\/#organization"},"image":{"@id":"https:\/\/lospoliticosveracruz.com\/?p=179897#primaryimage"},"thumbnailUrl":"https:\/\/lospoliticosveracruz.com\/wp-content\/uploads\/2026\/09\/Luis-Carbonell.jpg","keywords":["Claudia Sheinbaum","Crisis de salud","Desabasto","IMSS-Bienestar","Luis Carbonell","Movimiento Ciudadano","Veracruz"],"articleSection":["De Boleto"],"inLanguage":"es"},{"@type":"WebPage","@id":"https:\/\/lospoliticosveracruz.com\/?p=179897","url":"https:\/\/lospoliticosveracruz.com\/?p=179897","name":"COLAPSO EN SALUD - Los pol\u00edticos Veracruz","isPartOf":{"@id":"https:\/\/lospoliticosveracruz.com\/#website"},"primaryImageOfPage":{"@id":"https:\/\/lospoliticosveracruz.com\/?p=179897#primaryimage"},"image":{"@id":"https:\/\/lospoliticosveracruz.com\/?p=179897#primaryimage"},"thumbnailUrl":"https:\/\/lospoliticosveracruz.com\/wp-content\/uploads\/2026\/09\/Luis-Carbonell.jpg","datePublished":"2026-09-02T20:47:59+00:00","dateModified":"2026-09-02T20:48:00+00:00","breadcrumb":{"@id":"https:\/\/lospoliticosveracruz.com\/?p=179897#breadcrumb"},"inLanguage":"es","potentialAction":[{"@type":"ReadAction","target":["https:\/\/lospoliticosveracruz.com\/?p=179897"]}]},{"@type":"ImageObject","inLanguage":"es","@id":"https:\/\/lospoliticosveracruz.com\/?p=179897#primaryimage","url":"https:\/\/lospoliticosveracruz.com\/wp-content\/uploads\/2026\/09\/Luis-Carbonell.jpg","contentUrl":"https:\/\/lospoliticosveracruz.com\/wp-content\/uploads\/2026\/09\/Luis-Carbonell.jpg","width":600,"height":320},{"@type":"BreadcrumbList","@id":"https:\/\/lospoliticosveracruz.com\/?p=179897#breadcrumb","itemListElement":[{"@type":"ListItem","position":1,"name":"Portada","item":"https:\/\/lospoliticosveracruz.com\/"},{"@type":"ListItem","position":2,"name":"COLAPSO EN SALUD"}]},{"@type":"WebSite","@id":"https:\/\/lospoliticosveracruz.com\/#website","url":"https:\/\/lospoliticosveracruz.com\/","name":"Los pol\u00edticos Veracruz","description":"","publisher":{"@id":"https:\/\/lospoliticosveracruz.com\/#organization"},"potentialAction":[{"@type":"SearchAction","target":{"@type":"EntryPoint","urlTemplate":"https:\/\/lospoliticosveracruz.com\/?s={search_term_string}"},"query-input":{"@type":"PropertyValueSpecification","valueRequired":true,"valueName":"search_term_string"}}],"inLanguage":"es"},{"@type":"Organization","@id":"https:\/\/lospoliticosveracruz.com\/#organization","name":"Los pol\u00edticos Veracruz","url":"https:\/\/lospoliticosveracruz.com\/","logo":{"@type":"ImageObject","inLanguage":"es","@id":"https:\/\/lospoliticosveracruz.com\/#\/schema\/logo\/image\/","url":"https:\/\/lospoliticosveracruz.com\/wp-content\/uploads\/2025\/12\/Logo-Nuevo-LOS-POLITICOS-1.jpg","contentUrl":"https:\/\/lospoliticosveracruz.com\/wp-content\/uploads\/2025\/12\/Logo-Nuevo-LOS-POLITICOS-1.jpg","width":260,"height":70,"caption":"Los pol\u00edticos Veracruz"},"image":{"@id":"https:\/\/lospoliticosveracruz.com\/#\/schema\/logo\/image\/"},"sameAs":["https:\/\/www.facebook.com\/people\/Notimemes-de-los-Polticos\/61565672886568\/","https:\/\/x.com\/LosPoliticosVer"]},{"@type":"Person","@id":"https:\/\/lospoliticosveracruz.com\/#\/schema\/person\/b8702bb0e538456e6efd07080bf2a4a2","name":"Lo viste en Los Pol\u00edticos","image":{"@type":"ImageObject","inLanguage":"es","@id":"https:\/\/secure.gravatar.com\/avatar\/3a8de04a2656d44082be478bd6c086daa447c4651605818287b9532d3d0bd435?s=96&d=mm&r=g","url":"https:\/\/secure.gravatar.com\/avatar\/3a8de04a2656d44082be478bd6c086daa447c4651605818287b9532d3d0bd435?s=96&d=mm&r=g","contentUrl":"https:\/\/secure.gravatar.com\/avatar\/3a8de04a2656d44082be478bd6c086daa447c4651605818287b9532d3d0bd435?s=96&d=mm&r=g","caption":"Lo viste en Los Pol\u00edticos"},"url":"https:\/\/lospoliticosveracruz.com\/?author=2"}]}},"_links":{"self":[{"href":"https:\/\/lospoliticosveracruz.com\/index.php?rest_route=\/wp\/v2\/posts\/179897","targetHints":{"allow":["GET"]}}],"collection":[{"href":"https:\/\/lospoliticosveracruz.com\/index.php?rest_route=\/wp\/v2\/posts"}],"about":[{"href":"https:\/\/lospoliticosveracruz.com\/index.php?rest_route=\/wp\/v2\/types\/post"}],"author":[{"embeddable":true,"href":"https:\/\/lospoliticosveracruz.com\/index.php?rest_route=\/wp\/v2\/users\/2"}],"replies":[{"embeddable":true,"href":"https:\/\/lospoliticosveracruz.com\/index.php?rest_route=%2Fwp%2Fv2%2Fcomments&post=179897"}],"version-history":[{"count":1,"href":"https:\/\/lospoliticosveracruz.com\/index.php?rest_route=\/wp\/v2\/posts\/179897\/revisions"}],"predecessor-version":[{"id":179899,"href":"https:\/\/lospoliticosveracruz.com\/index.php?rest_route=\/wp\/v2\/posts\/179897\/revisions\/179899"}],"wp:featuredmedia":[{"embeddable":true,"href":"https:\/\/lospoliticosveracruz.com\/index.php?rest_route=\/wp\/v2\/media\/179898"}],"wp:attachment":[{"href":"https:\/\/lospoliticosveracruz.com\/index.php?rest_route=%2Fwp%2Fv2%2Fmedia&parent=179897"}],"wp:term":[{"taxonomy":"category","embeddable":true,"href":"https:\/\/lospoliticosveracruz.com\/index.php?rest_route=%2Fwp%2Fv2%2Fcategories&post=179897"},{"taxonomy":"post_tag","embeddable":true,"href":"https:\/\/lospoliticosveracruz.com\/index.php?rest_route=%2Fwp%2Fv2%2Ftags&post=179897"}],"curies":[{"name":"wp","href":"https:\/\/api.w.org\/{rel}","templated":true}]}}