{"id":179900,"date":"2026-09-02T14:49:56","date_gmt":"2026-09-02T20:49:56","guid":{"rendered":"https:\/\/lospoliticosveracruz.com\/?p=179900"},"modified":"2026-09-02T14:49:57","modified_gmt":"2026-09-02T20:49:57","slug":"camara-de-diputados-que-ofrece-la-oposicion","status":"publish","type":"post","link":"https:\/\/lospoliticosveracruz.com\/?p=179900","title":{"rendered":"C\u00c1MARA DE DIPUTADOS\u2026 \u00bfQU\u00c9 OFRECE LA OPOSICI\u00d3N?"},"content":{"rendered":"<div class=\"wp-block-image\">\n<figure class=\"alignleft size-large is-resized\"><a href=\"https:\/\/lospoliticosveracruz.com\/wp-content\/uploads\/2026\/09\/banners-prevencion-suicidio-500x500-1.png\"><img loading=\"lazy\" decoding=\"async\" width=\"1024\" height=\"1024\" src=\"https:\/\/lospoliticosveracruz.com\/wp-content\/uploads\/2026\/09\/banners-prevencion-suicidio-500x500-1-1024x1024.png\" alt=\"\" class=\"wp-image-179740\" style=\"width:476px;height:auto\" srcset=\"https:\/\/lospoliticosveracruz.com\/wp-content\/uploads\/2026\/09\/banners-prevencion-suicidio-500x500-1-1024x1024.png 1024w, https:\/\/lospoliticosveracruz.com\/wp-content\/uploads\/2026\/09\/banners-prevencion-suicidio-500x500-1-300x300.png 300w, https:\/\/lospoliticosveracruz.com\/wp-content\/uploads\/2026\/09\/banners-prevencion-suicidio-500x500-1-150x150.png 150w, https:\/\/lospoliticosveracruz.com\/wp-content\/uploads\/2026\/09\/banners-prevencion-suicidio-500x500-1-768x768.png 768w, https:\/\/lospoliticosveracruz.com\/wp-content\/uploads\/2026\/09\/banners-prevencion-suicidio-500x500-1-1536x1536.png 1536w, https:\/\/lospoliticosveracruz.com\/wp-content\/uploads\/2026\/09\/banners-prevencion-suicidio-500x500-1-2048x2048.png 2048w, https:\/\/lospoliticosveracruz.com\/wp-content\/uploads\/2026\/09\/banners-prevencion-suicidio-500x500-1-420x420.png 420w, https:\/\/lospoliticosveracruz.com\/wp-content\/uploads\/2026\/09\/banners-prevencion-suicidio-500x500-1-696x696.png 696w, https:\/\/lospoliticosveracruz.com\/wp-content\/uploads\/2026\/09\/banners-prevencion-suicidio-500x500-1-1068x1068.png 1068w, https:\/\/lospoliticosveracruz.com\/wp-content\/uploads\/2026\/09\/banners-prevencion-suicidio-500x500-1-1920x1920.png 1920w\" sizes=\"auto, (max-width: 1024px) 100vw, 1024px\" \/><\/a><\/figure>\n<\/div>\n\n\n<p><strong>Vicente Luna Hern\u00e1ndez<\/strong><\/p>\n\n\n\n<p>La fuerza pol\u00edtica de Morena radica en contar con el control absoluto de la C\u00e1mara de Diputados, con la suma de los votos legislativos se sus aliados \u2013 partido verde y PT \u2013 tiene una mayor\u00eda calificada que les permite reformar la Constituci\u00f3n sin necesidad, lo repito, sin necesidad de escuchar a la oposici\u00f3n, esto es, no requiere escuchar otras opiniones ajenas a la voz oficial, \u00bfqu\u00e9 hace la oposici\u00f3n al respecto?<br>Hay que revisar cuando el PRI y el PAN estaban del otro lado de la mesa, los analistas \u201coficialistas\u201d dir\u00e1n que hab\u00eda un autoritarismo desde el gobierno, mismos se\u00f1alamientos que lanza la oposici\u00f3n al gobierno en turno, sin embargo, la manera de protestar de la oposici\u00f3n \u2013 con o sin raz\u00f3n y guste o no \u2013 eran totalmente diferentes.<br>En todo momento la oposici\u00f3n legislativa se manifestaba de manera libre, su rechazo a ciertas pol\u00edticas p\u00fablicas y a los actos de corrupci\u00f3n \u2013 desde su punto de vista \u2013 que ocurr\u00edan bajo la protecci\u00f3n del partido en el poder, no importaba el n\u00famero de legisladores y de manifestantes en las calles, lo importante para la oposici\u00f3n \u2013 principalmente el PRD y el PAN \u2013 era exhibir lo que consideraba mal en el ejercicio del poder gubernamental y movilizar a sus bases sociales.<br>Ah\u00ed radica \u2013 desde mi punto de vista \u2013 una delas grandes diferencias entre la oposici\u00f3n de ayer y la oposici\u00f3n de hoy\u2026la calle era la arena pol\u00edtica esencial para manifestar la fuerza de la oposici\u00f3n y buscar el debilitamiento del gobierno, \u00bfqu\u00e9 pas\u00f3 con la oposici\u00f3n en M\u00e9xico? \u00bfAcaso no hay \u201ccausas justas\u201d que defender? \u00bfAcaso no existe inconformidad social? \u00bfEn serio M\u00e9xico est\u00e1 feliz, feliz, feliz con la llamada 4 Transformaci\u00f3n?<br>M\u00e9xico necesita \u201crecuperar\u201d lo mejor de la oposici\u00f3n de ayer y sumar lo mejor de la oposici\u00f3n de hoy, esto significa, la movilizaci\u00f3n social y el uso responsable de las redes sociales, no ser\u00e1 con ofensas, con vulgaridades, con bravuconadas que se ganar\u00e1 el apoyo popular, se necesita algo mucho m\u00e1s articulado, fundamentado que lanzar improperios al aire.<br>La oposici\u00f3n debe tener un discurso con base en datos verificables sobre la realidad social del pa\u00eds, las cifras oficiales deben ser comparadas con las voces de amplios sectores sociales que han manifestado su inconformidad por la realidad que enfrentan todos los d\u00edas:<br>Grupos de madres buscadoras, camioneros, productores de productos agr\u00edcolas, ganaderos, empresarios, madres y padres de familia que se\u00f1alan las deficiencias materiales de los centros escolares, organizaciones sociales que se\u00f1alan la corrupci\u00f3n en dependencias de gobierno, las v\u00edctimas de la inseguridad en las calles, las v\u00edctimas directas e indirectas por las carencias en el sector salud, ah\u00ed radica la fuerza social de la oposici\u00f3n, abanderar a quienes el oficialismo\u2026no abandera.<br>La realidad es que la oposici\u00f3n partidista no ha estado a la altura de la fuerza territorial de Morena, en una autocritica verdadera deben reconocer qu\u00e9 les ha faltado y qu\u00e9 les ha sobrado, ah\u00ed les va un dato: les ha faltado &#8211; con n\u00fameros en la mano \u2013 desmentir los datos que tanto se presumen en las conferencias ma\u00f1aneras y les ha sobrado un \u201coptimismo\u201d falso al creer que el pueblo ir\u00e1 con los ojos cerrados a votar por ellos sin trabajo territorial de por medio, suponiendo sin conceder, \u00bfde que sirven los votos a una oposici\u00f3n dispersa, fracturada, caminando sola, si al final del camino Morena es el principal beneficiario de ese escenario electoral?<br>Seguramente los n\u00fameros de los 300 Distritos electorales los dirigentes partidistas los tienen en sus escritorios, seguramente saben cuales son sus fortalezas y cuales son sus debilidades, no es cuesti\u00f3n de simpat\u00edas personales una posible alianza electoral entre la oposici\u00f3n nacional y fuerzas locales, antes de pensar en el 2030 la oposici\u00f3n debe lograr equilibrar el tablero legislativo en primer lugar y despu\u00e9s el tablero ejecutivo en los Estados, ganando gobiernos estatales, todos sus dem\u00e1s planes pensando en llegar a Palacio Nacional solo ser\u00e1n discursos para levantar el \u00e1nimo de sus bases.<br>\u00bfQu\u00e9 ofrece la oposici\u00f3n al pueblo de M\u00e9xico? \u00bfQu\u00e9 pol\u00edticas p\u00fablicas piensan impulsar desde la C\u00e1mara de Diputados? \u00bfQu\u00e9 Programas Sociales piensan fortalecer y cuales m\u00e1s piensa echar andar? \u00bfQu\u00e9 har\u00e1 mejor \u2013 con sus grupos legislativos \u2013 que la hoy mayor\u00eda oficial?<br>No es atacando a los \u201cServidores de la naci\u00f3n\u201d que se ganan simpat\u00edas populares, es se\u00f1alando deficiencias y actos de corrupci\u00f3n en la aplicaci\u00f3n de los Programas sociales c\u00f3mo se lograr\u00e1 posesionar a las siglas partidistas en el \u00e1nimo popular, el problema no son las bases sociales de los partidos pol\u00edticos, el problema son la corrupci\u00f3n y las ambiciones vulgares de las \u00e9lites del poder econ\u00f3mico y pol\u00edtico del pa\u00eds, \u00bfqu\u00e9 piensa decir la oposici\u00f3n por ejemplo de la corrupci\u00f3n en las aduanas de M\u00e9xico?<br>Que nadie se asuste de la lucha por el poder pol\u00edtico que se llevar\u00e1 a cabo en busca de ganar la mayor\u00eda de distritos federales, locales y de ganar la mayor\u00eda de los gobiernos estatales, el oficialismo hace su tarea y la oposici\u00f3n debe hacer la suya, que nadie se diga sorprendido del papel que juega y jugar\u00e1n los organismos electorales, de nada sirve lamentar y \u201cllorar\u201d por los rincones sino se toman medias al respecto por parte de la oposici\u00f3n, los partidos pol\u00edticos deben de reconocer que un \u201cgolpe pol\u00edtico\u201d a un partido opositor es la avanzada de un \u201cgolpe pol\u00edtico\u201d contra otro opositor, por lo tanto, la oposici\u00f3n debe estar preparada, organizada y sumando fuerzas ente ellos, \u00bfqui\u00e9n dice que uno de ellos no ser\u00e1 el siguiente?<br>M\u00e1s all\u00e1 de la veracidad de los datos dichos durante el Segundo Informe presidencial, es la oposici\u00f3n responsable de manifestar con fundamentos la realidad que no se oir\u00e1 en los pasillos de palacio nacional pero se escucha en las calles y los grupos de Madres buscadoras, son un ejemplo de resistencia, organizaci\u00f3n y de lucha sin descanso ante la indiferencia oficial.<br>Las y los ciudadanos tambi\u00e9n tienen tarea que llevar a cabo, informarse para tomar la mejor decisi\u00f3n el pr\u00f3ximo 6 de junio\u2026m\u00e1s all\u00e1 de acudir al cajero de un banco del Bienestar.<br>P.D.- Con el \u00e1nimo que las fiwrzas pol\u00edticas locales y las organizaciones sede la sociedad civil impulsen cnmandiatas y candiatos con la preparaci\u00f3n profesional necesaria para no hacer el rid\u00edculo m desde la comodidad de un sill\u00f3n legislativo.. Escribir\u00e9 otro d\u00eda.<\/p>\n","protected":false},"excerpt":{"rendered":"<p>Vicente Luna Hern\u00e1ndez La fuerza pol\u00edtica de Morena radica en contar con el control absoluto de la C\u00e1mara de Diputados, con la suma de los votos legislativos se sus aliados \u2013 partido verde y PT \u2013 tiene una mayor\u00eda calificada que les permite reformar la Constituci\u00f3n sin necesidad, lo repito, sin necesidad de escuchar a [&hellip;]<\/p>\n","protected":false},"author":2,"featured_media":141415,"comment_status":"closed","ping_status":"closed","sticky":false,"template":"","format":"standard","meta":{"tdm_status":"","tdm_grid_status":"","footnotes":""},"categories":[70],"tags":[69538,2661,12744,44891,1026,600,15667],"class_list":{"0":"post-179900","1":"post","2":"type-post","3":"status-publish","4":"format-standard","5":"has-post-thumbnail","7":"category-de-opinion","8":"tag-alianzas-electorales","9":"tag-camara-de-diputados","10":"tag-cuarta-transformacion","11":"tag-elecciones-2027","12":"tag-morena","13":"tag-oposicion","14":"tag-vicente-luna-hernandez"},"yoast_head":"<!-- This site is optimized with the Yoast SEO plugin v28.1 - https:\/\/yoast.com\/product\/yoast-seo-wordpress\/ -->\n<title>C\u00c1MARA DE DIPUTADOS\u2026 \u00bfQU\u00c9 OFRECE LA OPOSICI\u00d3N? - Los pol\u00edticos Veracruz<\/title>\n<meta name=\"robots\" content=\"index, follow, max-snippet:-1, max-image-preview:large, max-video-preview:-1\" \/>\n<link rel=\"canonical\" href=\"https:\/\/lospoliticosveracruz.com\/?p=179900\" \/>\n<meta property=\"og:locale\" content=\"es_ES\" \/>\n<meta property=\"og:type\" content=\"article\" \/>\n<meta property=\"og:title\" content=\"C\u00c1MARA DE DIPUTADOS\u2026 \u00bfQU\u00c9 OFRECE LA OPOSICI\u00d3N? - Los pol\u00edticos Veracruz\" \/>\n<meta property=\"og:description\" content=\"Vicente Luna Hern\u00e1ndez La fuerza pol\u00edtica de Morena radica en contar con el control absoluto de la C\u00e1mara de Diputados, con la suma de los votos legislativos se sus aliados \u2013 partido verde y PT \u2013 tiene una mayor\u00eda calificada que les permite reformar la Constituci\u00f3n sin necesidad, lo repito, sin necesidad de escuchar a [&hellip;]\" \/>\n<meta property=\"og:url\" content=\"https:\/\/lospoliticosveracruz.com\/?p=179900\" \/>\n<meta property=\"og:site_name\" content=\"Los pol\u00edticos Veracruz\" \/>\n<meta property=\"article:publisher\" content=\"https:\/\/www.facebook.com\/people\/Notimemes-de-los-Polticos\/61565672886568\/\" \/>\n<meta property=\"article:published_time\" content=\"2026-09-02T20:49:56+00:00\" \/>\n<meta property=\"article:modified_time\" content=\"2026-09-02T20:49:57+00:00\" \/>\n<meta property=\"og:image\" content=\"https:\/\/lospoliticosveracruz.com\/wp-content\/uploads\/2025\/04\/Vicente-Luna-Hernandez.jpg\" \/>\n\t<meta property=\"og:image:width\" content=\"1250\" \/>\n\t<meta property=\"og:image:height\" content=\"667\" \/>\n\t<meta property=\"og:image:type\" content=\"image\/jpeg\" \/>\n<meta name=\"author\" content=\"Lo viste en Los Pol\u00edticos\" \/>\n<meta name=\"twitter:card\" content=\"summary_large_image\" \/>\n<meta name=\"twitter:creator\" content=\"@LosPoliticosVer\" \/>\n<meta name=\"twitter:site\" content=\"@LosPoliticosVer\" \/>\n<meta name=\"twitter:label1\" content=\"Escrito por\" \/>\n\t<meta name=\"twitter:data1\" content=\"Lo viste en Los Pol\u00edticos\" \/>\n\t<meta name=\"twitter:label2\" content=\"Tiempo de lectura\" \/>\n\t<meta name=\"twitter:data2\" content=\"6 minutos\" \/>\n<script type=\"application\/ld+json\" class=\"yoast-schema-graph\">{\"@context\":\"https:\\\/\\\/schema.org\",\"@graph\":[{\"@type\":\"Article\",\"@id\":\"https:\\\/\\\/lospoliticosveracruz.com\\\/?p=179900#article\",\"isPartOf\":{\"@id\":\"https:\\\/\\\/lospoliticosveracruz.com\\\/?p=179900\"},\"author\":{\"name\":\"Lo viste en Los Pol\u00edticos\",\"@id\":\"https:\\\/\\\/lospoliticosveracruz.com\\\/#\\\/schema\\\/person\\\/b8702bb0e538456e6efd07080bf2a4a2\"},\"headline\":\"C\u00c1MARA DE DIPUTADOS\u2026 \u00bfQU\u00c9 OFRECE LA OPOSICI\u00d3N?\",\"datePublished\":\"2026-09-02T20:49:56+00:00\",\"dateModified\":\"2026-09-02T20:49:57+00:00\",\"mainEntityOfPage\":{\"@id\":\"https:\\\/\\\/lospoliticosveracruz.com\\\/?p=179900\"},\"wordCount\":1156,\"publisher\":{\"@id\":\"https:\\\/\\\/lospoliticosveracruz.com\\\/#organization\"},\"image\":{\"@id\":\"https:\\\/\\\/lospoliticosveracruz.com\\\/?p=179900#primaryimage\"},\"thumbnailUrl\":\"https:\\\/\\\/lospoliticosveracruz.com\\\/wp-content\\\/uploads\\\/2025\\\/04\\\/Vicente-Luna-Hernandez.jpg\",\"keywords\":[\"alianzas electorales\",\"C\u00e1mara de Diputados\",\"Cuarta Transformaci\u00f3n\",\"elecciones 2027\",\"Morena\",\"oposici\u00f3n\",\"Vicente Luna Hern\u00e1ndez\"],\"articleSection\":[\"De Opini\u00f3n\"],\"inLanguage\":\"es\"},{\"@type\":\"WebPage\",\"@id\":\"https:\\\/\\\/lospoliticosveracruz.com\\\/?p=179900\",\"url\":\"https:\\\/\\\/lospoliticosveracruz.com\\\/?p=179900\",\"name\":\"C\u00c1MARA DE DIPUTADOS\u2026 \u00bfQU\u00c9 OFRECE LA OPOSICI\u00d3N? - Los pol\u00edticos Veracruz\",\"isPartOf\":{\"@id\":\"https:\\\/\\\/lospoliticosveracruz.com\\\/#website\"},\"primaryImageOfPage\":{\"@id\":\"https:\\\/\\\/lospoliticosveracruz.com\\\/?p=179900#primaryimage\"},\"image\":{\"@id\":\"https:\\\/\\\/lospoliticosveracruz.com\\\/?p=179900#primaryimage\"},\"thumbnailUrl\":\"https:\\\/\\\/lospoliticosveracruz.com\\\/wp-content\\\/uploads\\\/2025\\\/04\\\/Vicente-Luna-Hernandez.jpg\",\"datePublished\":\"2026-09-02T20:49:56+00:00\",\"dateModified\":\"2026-09-02T20:49:57+00:00\",\"breadcrumb\":{\"@id\":\"https:\\\/\\\/lospoliticosveracruz.com\\\/?p=179900#breadcrumb\"},\"inLanguage\":\"es\",\"potentialAction\":[{\"@type\":\"ReadAction\",\"target\":[\"https:\\\/\\\/lospoliticosveracruz.com\\\/?p=179900\"]}]},{\"@type\":\"ImageObject\",\"inLanguage\":\"es\",\"@id\":\"https:\\\/\\\/lospoliticosveracruz.com\\\/?p=179900#primaryimage\",\"url\":\"https:\\\/\\\/lospoliticosveracruz.com\\\/wp-content\\\/uploads\\\/2025\\\/04\\\/Vicente-Luna-Hernandez.jpg\",\"contentUrl\":\"https:\\\/\\\/lospoliticosveracruz.com\\\/wp-content\\\/uploads\\\/2025\\\/04\\\/Vicente-Luna-Hernandez.jpg\",\"width\":1250,\"height\":667},{\"@type\":\"BreadcrumbList\",\"@id\":\"https:\\\/\\\/lospoliticosveracruz.com\\\/?p=179900#breadcrumb\",\"itemListElement\":[{\"@type\":\"ListItem\",\"position\":1,\"name\":\"Portada\",\"item\":\"https:\\\/\\\/lospoliticosveracruz.com\\\/\"},{\"@type\":\"ListItem\",\"position\":2,\"name\":\"C\u00c1MARA DE DIPUTADOS\u2026 \u00bfQU\u00c9 OFRECE LA OPOSICI\u00d3N?\"}]},{\"@type\":\"WebSite\",\"@id\":\"https:\\\/\\\/lospoliticosveracruz.com\\\/#website\",\"url\":\"https:\\\/\\\/lospoliticosveracruz.com\\\/\",\"name\":\"Los pol\u00edticos Veracruz\",\"description\":\"\",\"publisher\":{\"@id\":\"https:\\\/\\\/lospoliticosveracruz.com\\\/#organization\"},\"potentialAction\":[{\"@type\":\"SearchAction\",\"target\":{\"@type\":\"EntryPoint\",\"urlTemplate\":\"https:\\\/\\\/lospoliticosveracruz.com\\\/?s={search_term_string}\"},\"query-input\":{\"@type\":\"PropertyValueSpecification\",\"valueRequired\":true,\"valueName\":\"search_term_string\"}}],\"inLanguage\":\"es\"},{\"@type\":\"Organization\",\"@id\":\"https:\\\/\\\/lospoliticosveracruz.com\\\/#organization\",\"name\":\"Los pol\u00edticos Veracruz\",\"url\":\"https:\\\/\\\/lospoliticosveracruz.com\\\/\",\"logo\":{\"@type\":\"ImageObject\",\"inLanguage\":\"es\",\"@id\":\"https:\\\/\\\/lospoliticosveracruz.com\\\/#\\\/schema\\\/logo\\\/image\\\/\",\"url\":\"https:\\\/\\\/lospoliticosveracruz.com\\\/wp-content\\\/uploads\\\/2025\\\/12\\\/Logo-Nuevo-LOS-POLITICOS-1.jpg\",\"contentUrl\":\"https:\\\/\\\/lospoliticosveracruz.com\\\/wp-content\\\/uploads\\\/2025\\\/12\\\/Logo-Nuevo-LOS-POLITICOS-1.jpg\",\"width\":260,\"height\":70,\"caption\":\"Los pol\u00edticos Veracruz\"},\"image\":{\"@id\":\"https:\\\/\\\/lospoliticosveracruz.com\\\/#\\\/schema\\\/logo\\\/image\\\/\"},\"sameAs\":[\"https:\\\/\\\/www.facebook.com\\\/people\\\/Notimemes-de-los-Polticos\\\/61565672886568\\\/\",\"https:\\\/\\\/x.com\\\/LosPoliticosVer\"]},{\"@type\":\"Person\",\"@id\":\"https:\\\/\\\/lospoliticosveracruz.com\\\/#\\\/schema\\\/person\\\/b8702bb0e538456e6efd07080bf2a4a2\",\"name\":\"Lo viste en Los Pol\u00edticos\",\"image\":{\"@type\":\"ImageObject\",\"inLanguage\":\"es\",\"@id\":\"https:\\\/\\\/secure.gravatar.com\\\/avatar\\\/3a8de04a2656d44082be478bd6c086daa447c4651605818287b9532d3d0bd435?s=96&d=mm&r=g\",\"url\":\"https:\\\/\\\/secure.gravatar.com\\\/avatar\\\/3a8de04a2656d44082be478bd6c086daa447c4651605818287b9532d3d0bd435?s=96&d=mm&r=g\",\"contentUrl\":\"https:\\\/\\\/secure.gravatar.com\\\/avatar\\\/3a8de04a2656d44082be478bd6c086daa447c4651605818287b9532d3d0bd435?s=96&d=mm&r=g\",\"caption\":\"Lo viste en Los Pol\u00edticos\"},\"url\":\"https:\\\/\\\/lospoliticosveracruz.com\\\/?author=2\"}]}<\/script>\n<!-- \/ Yoast SEO plugin. -->","yoast_head_json":{"title":"C\u00c1MARA DE DIPUTADOS\u2026 \u00bfQU\u00c9 OFRECE LA OPOSICI\u00d3N? - Los pol\u00edticos Veracruz","robots":{"index":"index","follow":"follow","max-snippet":"max-snippet:-1","max-image-preview":"max-image-preview:large","max-video-preview":"max-video-preview:-1"},"canonical":"https:\/\/lospoliticosveracruz.com\/?p=179900","og_locale":"es_ES","og_type":"article","og_title":"C\u00c1MARA DE DIPUTADOS\u2026 \u00bfQU\u00c9 OFRECE LA OPOSICI\u00d3N? - Los pol\u00edticos Veracruz","og_description":"Vicente Luna Hern\u00e1ndez La fuerza pol\u00edtica de Morena radica en contar con el control absoluto de la C\u00e1mara de Diputados, con la suma de los votos legislativos se sus aliados \u2013 partido verde y PT \u2013 tiene una mayor\u00eda calificada que les permite reformar la Constituci\u00f3n sin necesidad, lo repito, sin necesidad de escuchar a [&hellip;]","og_url":"https:\/\/lospoliticosveracruz.com\/?p=179900","og_site_name":"Los pol\u00edticos Veracruz","article_publisher":"https:\/\/www.facebook.com\/people\/Notimemes-de-los-Polticos\/61565672886568\/","article_published_time":"2026-09-02T20:49:56+00:00","article_modified_time":"2026-09-02T20:49:57+00:00","og_image":[{"width":1250,"height":667,"url":"https:\/\/lospoliticosveracruz.com\/wp-content\/uploads\/2025\/04\/Vicente-Luna-Hernandez.jpg","type":"image\/jpeg"}],"author":"Lo viste en Los Pol\u00edticos","twitter_card":"summary_large_image","twitter_creator":"@LosPoliticosVer","twitter_site":"@LosPoliticosVer","twitter_misc":{"Escrito por":"Lo viste en Los Pol\u00edticos","Tiempo de lectura":"6 minutos"},"schema":{"@context":"https:\/\/schema.org","@graph":[{"@type":"Article","@id":"https:\/\/lospoliticosveracruz.com\/?p=179900#article","isPartOf":{"@id":"https:\/\/lospoliticosveracruz.com\/?p=179900"},"author":{"name":"Lo viste en Los Pol\u00edticos","@id":"https:\/\/lospoliticosveracruz.com\/#\/schema\/person\/b8702bb0e538456e6efd07080bf2a4a2"},"headline":"C\u00c1MARA DE DIPUTADOS\u2026 \u00bfQU\u00c9 OFRECE LA OPOSICI\u00d3N?","datePublished":"2026-09-02T20:49:56+00:00","dateModified":"2026-09-02T20:49:57+00:00","mainEntityOfPage":{"@id":"https:\/\/lospoliticosveracruz.com\/?p=179900"},"wordCount":1156,"publisher":{"@id":"https:\/\/lospoliticosveracruz.com\/#organization"},"image":{"@id":"https:\/\/lospoliticosveracruz.com\/?p=179900#primaryimage"},"thumbnailUrl":"https:\/\/lospoliticosveracruz.com\/wp-content\/uploads\/2025\/04\/Vicente-Luna-Hernandez.jpg","keywords":["alianzas electorales","C\u00e1mara de Diputados","Cuarta Transformaci\u00f3n","elecciones 2027","Morena","oposici\u00f3n","Vicente Luna Hern\u00e1ndez"],"articleSection":["De Opini\u00f3n"],"inLanguage":"es"},{"@type":"WebPage","@id":"https:\/\/lospoliticosveracruz.com\/?p=179900","url":"https:\/\/lospoliticosveracruz.com\/?p=179900","name":"C\u00c1MARA DE DIPUTADOS\u2026 \u00bfQU\u00c9 OFRECE LA OPOSICI\u00d3N? - Los pol\u00edticos Veracruz","isPartOf":{"@id":"https:\/\/lospoliticosveracruz.com\/#website"},"primaryImageOfPage":{"@id":"https:\/\/lospoliticosveracruz.com\/?p=179900#primaryimage"},"image":{"@id":"https:\/\/lospoliticosveracruz.com\/?p=179900#primaryimage"},"thumbnailUrl":"https:\/\/lospoliticosveracruz.com\/wp-content\/uploads\/2025\/04\/Vicente-Luna-Hernandez.jpg","datePublished":"2026-09-02T20:49:56+00:00","dateModified":"2026-09-02T20:49:57+00:00","breadcrumb":{"@id":"https:\/\/lospoliticosveracruz.com\/?p=179900#breadcrumb"},"inLanguage":"es","potentialAction":[{"@type":"ReadAction","target":["https:\/\/lospoliticosveracruz.com\/?p=179900"]}]},{"@type":"ImageObject","inLanguage":"es","@id":"https:\/\/lospoliticosveracruz.com\/?p=179900#primaryimage","url":"https:\/\/lospoliticosveracruz.com\/wp-content\/uploads\/2025\/04\/Vicente-Luna-Hernandez.jpg","contentUrl":"https:\/\/lospoliticosveracruz.com\/wp-content\/uploads\/2025\/04\/Vicente-Luna-Hernandez.jpg","width":1250,"height":667},{"@type":"BreadcrumbList","@id":"https:\/\/lospoliticosveracruz.com\/?p=179900#breadcrumb","itemListElement":[{"@type":"ListItem","position":1,"name":"Portada","item":"https:\/\/lospoliticosveracruz.com\/"},{"@type":"ListItem","position":2,"name":"C\u00c1MARA DE DIPUTADOS\u2026 \u00bfQU\u00c9 OFRECE LA OPOSICI\u00d3N?"}]},{"@type":"WebSite","@id":"https:\/\/lospoliticosveracruz.com\/#website","url":"https:\/\/lospoliticosveracruz.com\/","name":"Los pol\u00edticos Veracruz","description":"","publisher":{"@id":"https:\/\/lospoliticosveracruz.com\/#organization"},"potentialAction":[{"@type":"SearchAction","target":{"@type":"EntryPoint","urlTemplate":"https:\/\/lospoliticosveracruz.com\/?s={search_term_string}"},"query-input":{"@type":"PropertyValueSpecification","valueRequired":true,"valueName":"search_term_string"}}],"inLanguage":"es"},{"@type":"Organization","@id":"https:\/\/lospoliticosveracruz.com\/#organization","name":"Los pol\u00edticos Veracruz","url":"https:\/\/lospoliticosveracruz.com\/","logo":{"@type":"ImageObject","inLanguage":"es","@id":"https:\/\/lospoliticosveracruz.com\/#\/schema\/logo\/image\/","url":"https:\/\/lospoliticosveracruz.com\/wp-content\/uploads\/2025\/12\/Logo-Nuevo-LOS-POLITICOS-1.jpg","contentUrl":"https:\/\/lospoliticosveracruz.com\/wp-content\/uploads\/2025\/12\/Logo-Nuevo-LOS-POLITICOS-1.jpg","width":260,"height":70,"caption":"Los pol\u00edticos Veracruz"},"image":{"@id":"https:\/\/lospoliticosveracruz.com\/#\/schema\/logo\/image\/"},"sameAs":["https:\/\/www.facebook.com\/people\/Notimemes-de-los-Polticos\/61565672886568\/","https:\/\/x.com\/LosPoliticosVer"]},{"@type":"Person","@id":"https:\/\/lospoliticosveracruz.com\/#\/schema\/person\/b8702bb0e538456e6efd07080bf2a4a2","name":"Lo viste en Los Pol\u00edticos","image":{"@type":"ImageObject","inLanguage":"es","@id":"https:\/\/secure.gravatar.com\/avatar\/3a8de04a2656d44082be478bd6c086daa447c4651605818287b9532d3d0bd435?s=96&d=mm&r=g","url":"https:\/\/secure.gravatar.com\/avatar\/3a8de04a2656d44082be478bd6c086daa447c4651605818287b9532d3d0bd435?s=96&d=mm&r=g","contentUrl":"https:\/\/secure.gravatar.com\/avatar\/3a8de04a2656d44082be478bd6c086daa447c4651605818287b9532d3d0bd435?s=96&d=mm&r=g","caption":"Lo viste en Los Pol\u00edticos"},"url":"https:\/\/lospoliticosveracruz.com\/?author=2"}]}},"_links":{"self":[{"href":"https:\/\/lospoliticosveracruz.com\/index.php?rest_route=\/wp\/v2\/posts\/179900","targetHints":{"allow":["GET"]}}],"collection":[{"href":"https:\/\/lospoliticosveracruz.com\/index.php?rest_route=\/wp\/v2\/posts"}],"about":[{"href":"https:\/\/lospoliticosveracruz.com\/index.php?rest_route=\/wp\/v2\/types\/post"}],"author":[{"embeddable":true,"href":"https:\/\/lospoliticosveracruz.com\/index.php?rest_route=\/wp\/v2\/users\/2"}],"replies":[{"embeddable":true,"href":"https:\/\/lospoliticosveracruz.com\/index.php?rest_route=%2Fwp%2Fv2%2Fcomments&post=179900"}],"version-history":[{"count":1,"href":"https:\/\/lospoliticosveracruz.com\/index.php?rest_route=\/wp\/v2\/posts\/179900\/revisions"}],"predecessor-version":[{"id":179901,"href":"https:\/\/lospoliticosveracruz.com\/index.php?rest_route=\/wp\/v2\/posts\/179900\/revisions\/179901"}],"wp:featuredmedia":[{"embeddable":true,"href":"https:\/\/lospoliticosveracruz.com\/index.php?rest_route=\/wp\/v2\/media\/141415"}],"wp:attachment":[{"href":"https:\/\/lospoliticosveracruz.com\/index.php?rest_route=%2Fwp%2Fv2%2Fmedia&parent=179900"}],"wp:term":[{"taxonomy":"category","embeddable":true,"href":"https:\/\/lospoliticosveracruz.com\/index.php?rest_route=%2Fwp%2Fv2%2Fcategories&post=179900"},{"taxonomy":"post_tag","embeddable":true,"href":"https:\/\/lospoliticosveracruz.com\/index.php?rest_route=%2Fwp%2Fv2%2Ftags&post=179900"}],"curies":[{"name":"wp","href":"https:\/\/api.w.org\/{rel}","templated":true}]}}