{"id":179905,"date":"2026-09-02T14:56:10","date_gmt":"2026-09-02T20:56:10","guid":{"rendered":"https:\/\/lospoliticosveracruz.com\/?p=179905"},"modified":"2026-09-02T14:56:11","modified_gmt":"2026-09-02T20:56:11","slug":"obra-cumplida","status":"publish","type":"post","link":"https:\/\/lospoliticosveracruz.com\/?p=179905","title":{"rendered":"OBRA CUMPLIDA!"},"content":{"rendered":"\n<p><\/p>\n\n\n\n<p>San Andr\u00e9s Tuxtla: Con obras que generan desarrollo en las comunidades, el Gobierno Municipal de Rafa Fararoni Maga\u00f1a responde a la confianza depositada por las y los ciudadanos.&nbsp;<\/p>\n\n\n\n<p>Este mi\u00e9rcoles, el H. Ayuntamiento inaugur\u00f3 la pavimentaci\u00f3n de la calle principal de la localidad El Nopal, atendiendo una solicitud a\u00f1eja de sus habitantes debido el deterioro que presentaba y el riesgo diario al transitar por ella.&nbsp;<\/p>\n\n\n\n<p>El presidente municipal, record\u00f3 que durante campa\u00f1a empe\u00f1\u00f3 su palabra en esta petici\u00f3n de la poblaci\u00f3n, y hoy, a ocho meses de administraci\u00f3n municipal es un compromiso cumplido que refleja el buen manejo de los recursos p\u00fablicos y el trabajo responsable que emprendi\u00f3 desde el primer d\u00eda.&nbsp;<\/p>\n\n\n\n<p>\u00abNo es cortar un list\u00f3n, sino verificar que el dinero de sus impuestos, el dinero de todos los sanandrescanos est\u00e9 siendo invertido de la forma correcta, con obras de calidad, necesarias\u00bb, expres\u00f3 el edil y a su vez afirm\u00f3 que continuar\u00e1n trabajando de la mano con la gente, ejecutando los proyectos requeridos por las y los sanandrescanos.&nbsp;<\/p>\n\n\n\n<p>Las y los habitantes de El Nopal agradecieron al alcalde haber atendido su solicitud, pues la pavimentaci\u00f3n de la v\u00eda principal de El Nopal, representa desarrollo para la comunidad, bienestar y mejor calidad de vida para cada familia.<\/p>\n\n\n\n<p><\/p>\n","protected":false},"excerpt":{"rendered":"<p>San Andr\u00e9s Tuxtla: Con obras que generan desarrollo en las comunidades, el Gobierno Municipal de Rafa Fararoni Maga\u00f1a responde a la confianza depositada por las y los ciudadanos.&nbsp; Este mi\u00e9rcoles, el H. Ayuntamiento inaugur\u00f3 la pavimentaci\u00f3n de la calle principal de la localidad El Nopal, atendiendo una solicitud a\u00f1eja de sus habitantes debido el deterioro [&hellip;]<\/p>\n","protected":false},"author":2,"featured_media":179906,"comment_status":"closed","ping_status":"closed","sticky":false,"template":"","format":"standard","meta":{"tdm_status":"","tdm_grid_status":"","footnotes":""},"categories":[56120],"tags":[11633,70991,8463,6287,8801,36141,122],"class_list":{"0":"post-179905","1":"post","2":"type-post","3":"status-publish","4":"format-standard","5":"has-post-thumbnail","7":"category-desde-la-suiza-veracruzana","8":"tag-desarrollo-municipal","9":"tag-el-nopal","10":"tag-infraestructura","11":"tag-obra-publica","12":"tag-pavimentacion","13":"tag-rafa-fararoni","14":"tag-san-andres-tuxtla"},"yoast_head":"<!-- This site is optimized with the Yoast SEO plugin v28.1 - https:\/\/yoast.com\/product\/yoast-seo-wordpress\/ -->\n<title>OBRA CUMPLIDA! - Los pol\u00edticos Veracruz<\/title>\n<meta name=\"robots\" content=\"index, follow, max-snippet:-1, max-image-preview:large, max-video-preview:-1\" \/>\n<link rel=\"canonical\" href=\"https:\/\/lospoliticosveracruz.com\/?p=179905\" \/>\n<meta property=\"og:locale\" content=\"es_ES\" \/>\n<meta property=\"og:type\" content=\"article\" \/>\n<meta property=\"og:title\" content=\"OBRA CUMPLIDA! - Los pol\u00edticos Veracruz\" \/>\n<meta property=\"og:description\" content=\"San Andr\u00e9s Tuxtla: Con obras que generan desarrollo en las comunidades, el Gobierno Municipal de Rafa Fararoni Maga\u00f1a responde a la confianza depositada por las y los ciudadanos.&nbsp; Este mi\u00e9rcoles, el H. Ayuntamiento inaugur\u00f3 la pavimentaci\u00f3n de la calle principal de la localidad El Nopal, atendiendo una solicitud a\u00f1eja de sus habitantes debido el deterioro [&hellip;]\" \/>\n<meta property=\"og:url\" content=\"https:\/\/lospoliticosveracruz.com\/?p=179905\" \/>\n<meta property=\"og:site_name\" content=\"Los pol\u00edticos Veracruz\" \/>\n<meta property=\"article:publisher\" content=\"https:\/\/www.facebook.com\/people\/Notimemes-de-los-Polticos\/61565672886568\/\" \/>\n<meta property=\"article:published_time\" content=\"2026-09-02T20:56:10+00:00\" \/>\n<meta property=\"article:modified_time\" content=\"2026-09-02T20:56:11+00:00\" \/>\n<meta property=\"og:image\" content=\"https:\/\/lospoliticosveracruz.com\/wp-content\/uploads\/2026\/09\/Fararoni-1.jpg\" \/>\n\t<meta property=\"og:image:width\" content=\"600\" \/>\n\t<meta property=\"og:image:height\" content=\"320\" \/>\n\t<meta property=\"og:image:type\" content=\"image\/jpeg\" \/>\n<meta name=\"author\" content=\"Lo viste en Los Pol\u00edticos\" \/>\n<meta name=\"twitter:card\" content=\"summary_large_image\" \/>\n<meta name=\"twitter:creator\" content=\"@LosPoliticosVer\" \/>\n<meta name=\"twitter:site\" content=\"@LosPoliticosVer\" \/>\n<meta name=\"twitter:label1\" content=\"Escrito por\" \/>\n\t<meta name=\"twitter:data1\" content=\"Lo viste en Los Pol\u00edticos\" \/>\n\t<meta name=\"twitter:label2\" content=\"Tiempo de lectura\" \/>\n\t<meta name=\"twitter:data2\" content=\"2 minutos\" \/>\n<script type=\"application\/ld+json\" class=\"yoast-schema-graph\">{\"@context\":\"https:\\\/\\\/schema.org\",\"@graph\":[{\"@type\":\"Article\",\"@id\":\"https:\\\/\\\/lospoliticosveracruz.com\\\/?p=179905#article\",\"isPartOf\":{\"@id\":\"https:\\\/\\\/lospoliticosveracruz.com\\\/?p=179905\"},\"author\":{\"name\":\"Lo viste en Los Pol\u00edticos\",\"@id\":\"https:\\\/\\\/lospoliticosveracruz.com\\\/#\\\/schema\\\/person\\\/b8702bb0e538456e6efd07080bf2a4a2\"},\"headline\":\"OBRA CUMPLIDA!\",\"datePublished\":\"2026-09-02T20:56:10+00:00\",\"dateModified\":\"2026-09-02T20:56:11+00:00\",\"mainEntityOfPage\":{\"@id\":\"https:\\\/\\\/lospoliticosveracruz.com\\\/?p=179905\"},\"wordCount\":228,\"publisher\":{\"@id\":\"https:\\\/\\\/lospoliticosveracruz.com\\\/#organization\"},\"image\":{\"@id\":\"https:\\\/\\\/lospoliticosveracruz.com\\\/?p=179905#primaryimage\"},\"thumbnailUrl\":\"https:\\\/\\\/lospoliticosveracruz.com\\\/wp-content\\\/uploads\\\/2026\\\/09\\\/Fararoni-1.jpg\",\"keywords\":[\"Desarrollo municipal\",\"El Nopal\",\"Infraestructura\",\"Obra p\u00fablica\",\"Pavimentaci\u00f3n\",\"Rafa Fararoni\",\"San Andr\u00e9s Tuxtla\"],\"articleSection\":[\"DESDE LA SUIZA VERACRUZANA\"],\"inLanguage\":\"es\"},{\"@type\":\"WebPage\",\"@id\":\"https:\\\/\\\/lospoliticosveracruz.com\\\/?p=179905\",\"url\":\"https:\\\/\\\/lospoliticosveracruz.com\\\/?p=179905\",\"name\":\"OBRA CUMPLIDA! - Los pol\u00edticos Veracruz\",\"isPartOf\":{\"@id\":\"https:\\\/\\\/lospoliticosveracruz.com\\\/#website\"},\"primaryImageOfPage\":{\"@id\":\"https:\\\/\\\/lospoliticosveracruz.com\\\/?p=179905#primaryimage\"},\"image\":{\"@id\":\"https:\\\/\\\/lospoliticosveracruz.com\\\/?p=179905#primaryimage\"},\"thumbnailUrl\":\"https:\\\/\\\/lospoliticosveracruz.com\\\/wp-content\\\/uploads\\\/2026\\\/09\\\/Fararoni-1.jpg\",\"datePublished\":\"2026-09-02T20:56:10+00:00\",\"dateModified\":\"2026-09-02T20:56:11+00:00\",\"breadcrumb\":{\"@id\":\"https:\\\/\\\/lospoliticosveracruz.com\\\/?p=179905#breadcrumb\"},\"inLanguage\":\"es\",\"potentialAction\":[{\"@type\":\"ReadAction\",\"target\":[\"https:\\\/\\\/lospoliticosveracruz.com\\\/?p=179905\"]}]},{\"@type\":\"ImageObject\",\"inLanguage\":\"es\",\"@id\":\"https:\\\/\\\/lospoliticosveracruz.com\\\/?p=179905#primaryimage\",\"url\":\"https:\\\/\\\/lospoliticosveracruz.com\\\/wp-content\\\/uploads\\\/2026\\\/09\\\/Fararoni-1.jpg\",\"contentUrl\":\"https:\\\/\\\/lospoliticosveracruz.com\\\/wp-content\\\/uploads\\\/2026\\\/09\\\/Fararoni-1.jpg\",\"width\":600,\"height\":320},{\"@type\":\"BreadcrumbList\",\"@id\":\"https:\\\/\\\/lospoliticosveracruz.com\\\/?p=179905#breadcrumb\",\"itemListElement\":[{\"@type\":\"ListItem\",\"position\":1,\"name\":\"Portada\",\"item\":\"https:\\\/\\\/lospoliticosveracruz.com\\\/\"},{\"@type\":\"ListItem\",\"position\":2,\"name\":\"OBRA CUMPLIDA!\"}]},{\"@type\":\"WebSite\",\"@id\":\"https:\\\/\\\/lospoliticosveracruz.com\\\/#website\",\"url\":\"https:\\\/\\\/lospoliticosveracruz.com\\\/\",\"name\":\"Los pol\u00edticos Veracruz\",\"description\":\"\",\"publisher\":{\"@id\":\"https:\\\/\\\/lospoliticosveracruz.com\\\/#organization\"},\"potentialAction\":[{\"@type\":\"SearchAction\",\"target\":{\"@type\":\"EntryPoint\",\"urlTemplate\":\"https:\\\/\\\/lospoliticosveracruz.com\\\/?s={search_term_string}\"},\"query-input\":{\"@type\":\"PropertyValueSpecification\",\"valueRequired\":true,\"valueName\":\"search_term_string\"}}],\"inLanguage\":\"es\"},{\"@type\":\"Organization\",\"@id\":\"https:\\\/\\\/lospoliticosveracruz.com\\\/#organization\",\"name\":\"Los pol\u00edticos Veracruz\",\"url\":\"https:\\\/\\\/lospoliticosveracruz.com\\\/\",\"logo\":{\"@type\":\"ImageObject\",\"inLanguage\":\"es\",\"@id\":\"https:\\\/\\\/lospoliticosveracruz.com\\\/#\\\/schema\\\/logo\\\/image\\\/\",\"url\":\"https:\\\/\\\/lospoliticosveracruz.com\\\/wp-content\\\/uploads\\\/2025\\\/12\\\/Logo-Nuevo-LOS-POLITICOS-1.jpg\",\"contentUrl\":\"https:\\\/\\\/lospoliticosveracruz.com\\\/wp-content\\\/uploads\\\/2025\\\/12\\\/Logo-Nuevo-LOS-POLITICOS-1.jpg\",\"width\":260,\"height\":70,\"caption\":\"Los pol\u00edticos Veracruz\"},\"image\":{\"@id\":\"https:\\\/\\\/lospoliticosveracruz.com\\\/#\\\/schema\\\/logo\\\/image\\\/\"},\"sameAs\":[\"https:\\\/\\\/www.facebook.com\\\/people\\\/Notimemes-de-los-Polticos\\\/61565672886568\\\/\",\"https:\\\/\\\/x.com\\\/LosPoliticosVer\"]},{\"@type\":\"Person\",\"@id\":\"https:\\\/\\\/lospoliticosveracruz.com\\\/#\\\/schema\\\/person\\\/b8702bb0e538456e6efd07080bf2a4a2\",\"name\":\"Lo viste en Los Pol\u00edticos\",\"image\":{\"@type\":\"ImageObject\",\"inLanguage\":\"es\",\"@id\":\"https:\\\/\\\/secure.gravatar.com\\\/avatar\\\/3a8de04a2656d44082be478bd6c086daa447c4651605818287b9532d3d0bd435?s=96&d=mm&r=g\",\"url\":\"https:\\\/\\\/secure.gravatar.com\\\/avatar\\\/3a8de04a2656d44082be478bd6c086daa447c4651605818287b9532d3d0bd435?s=96&d=mm&r=g\",\"contentUrl\":\"https:\\\/\\\/secure.gravatar.com\\\/avatar\\\/3a8de04a2656d44082be478bd6c086daa447c4651605818287b9532d3d0bd435?s=96&d=mm&r=g\",\"caption\":\"Lo viste en Los Pol\u00edticos\"},\"url\":\"https:\\\/\\\/lospoliticosveracruz.com\\\/?author=2\"}]}<\/script>\n<!-- \/ Yoast SEO plugin. -->","yoast_head_json":{"title":"OBRA CUMPLIDA! - Los pol\u00edticos Veracruz","robots":{"index":"index","follow":"follow","max-snippet":"max-snippet:-1","max-image-preview":"max-image-preview:large","max-video-preview":"max-video-preview:-1"},"canonical":"https:\/\/lospoliticosveracruz.com\/?p=179905","og_locale":"es_ES","og_type":"article","og_title":"OBRA CUMPLIDA! - Los pol\u00edticos Veracruz","og_description":"San Andr\u00e9s Tuxtla: Con obras que generan desarrollo en las comunidades, el Gobierno Municipal de Rafa Fararoni Maga\u00f1a responde a la confianza depositada por las y los ciudadanos.&nbsp; Este mi\u00e9rcoles, el H. Ayuntamiento inaugur\u00f3 la pavimentaci\u00f3n de la calle principal de la localidad El Nopal, atendiendo una solicitud a\u00f1eja de sus habitantes debido el deterioro [&hellip;]","og_url":"https:\/\/lospoliticosveracruz.com\/?p=179905","og_site_name":"Los pol\u00edticos Veracruz","article_publisher":"https:\/\/www.facebook.com\/people\/Notimemes-de-los-Polticos\/61565672886568\/","article_published_time":"2026-09-02T20:56:10+00:00","article_modified_time":"2026-09-02T20:56:11+00:00","og_image":[{"width":600,"height":320,"url":"https:\/\/lospoliticosveracruz.com\/wp-content\/uploads\/2026\/09\/Fararoni-1.jpg","type":"image\/jpeg"}],"author":"Lo viste en Los Pol\u00edticos","twitter_card":"summary_large_image","twitter_creator":"@LosPoliticosVer","twitter_site":"@LosPoliticosVer","twitter_misc":{"Escrito por":"Lo viste en Los Pol\u00edticos","Tiempo de lectura":"2 minutos"},"schema":{"@context":"https:\/\/schema.org","@graph":[{"@type":"Article","@id":"https:\/\/lospoliticosveracruz.com\/?p=179905#article","isPartOf":{"@id":"https:\/\/lospoliticosveracruz.com\/?p=179905"},"author":{"name":"Lo viste en Los Pol\u00edticos","@id":"https:\/\/lospoliticosveracruz.com\/#\/schema\/person\/b8702bb0e538456e6efd07080bf2a4a2"},"headline":"OBRA CUMPLIDA!","datePublished":"2026-09-02T20:56:10+00:00","dateModified":"2026-09-02T20:56:11+00:00","mainEntityOfPage":{"@id":"https:\/\/lospoliticosveracruz.com\/?p=179905"},"wordCount":228,"publisher":{"@id":"https:\/\/lospoliticosveracruz.com\/#organization"},"image":{"@id":"https:\/\/lospoliticosveracruz.com\/?p=179905#primaryimage"},"thumbnailUrl":"https:\/\/lospoliticosveracruz.com\/wp-content\/uploads\/2026\/09\/Fararoni-1.jpg","keywords":["Desarrollo municipal","El Nopal","Infraestructura","Obra p\u00fablica","Pavimentaci\u00f3n","Rafa Fararoni","San Andr\u00e9s Tuxtla"],"articleSection":["DESDE LA SUIZA VERACRUZANA"],"inLanguage":"es"},{"@type":"WebPage","@id":"https:\/\/lospoliticosveracruz.com\/?p=179905","url":"https:\/\/lospoliticosveracruz.com\/?p=179905","name":"OBRA CUMPLIDA! - Los pol\u00edticos Veracruz","isPartOf":{"@id":"https:\/\/lospoliticosveracruz.com\/#website"},"primaryImageOfPage":{"@id":"https:\/\/lospoliticosveracruz.com\/?p=179905#primaryimage"},"image":{"@id":"https:\/\/lospoliticosveracruz.com\/?p=179905#primaryimage"},"thumbnailUrl":"https:\/\/lospoliticosveracruz.com\/wp-content\/uploads\/2026\/09\/Fararoni-1.jpg","datePublished":"2026-09-02T20:56:10+00:00","dateModified":"2026-09-02T20:56:11+00:00","breadcrumb":{"@id":"https:\/\/lospoliticosveracruz.com\/?p=179905#breadcrumb"},"inLanguage":"es","potentialAction":[{"@type":"ReadAction","target":["https:\/\/lospoliticosveracruz.com\/?p=179905"]}]},{"@type":"ImageObject","inLanguage":"es","@id":"https:\/\/lospoliticosveracruz.com\/?p=179905#primaryimage","url":"https:\/\/lospoliticosveracruz.com\/wp-content\/uploads\/2026\/09\/Fararoni-1.jpg","contentUrl":"https:\/\/lospoliticosveracruz.com\/wp-content\/uploads\/2026\/09\/Fararoni-1.jpg","width":600,"height":320},{"@type":"BreadcrumbList","@id":"https:\/\/lospoliticosveracruz.com\/?p=179905#breadcrumb","itemListElement":[{"@type":"ListItem","position":1,"name":"Portada","item":"https:\/\/lospoliticosveracruz.com\/"},{"@type":"ListItem","position":2,"name":"OBRA CUMPLIDA!"}]},{"@type":"WebSite","@id":"https:\/\/lospoliticosveracruz.com\/#website","url":"https:\/\/lospoliticosveracruz.com\/","name":"Los pol\u00edticos Veracruz","description":"","publisher":{"@id":"https:\/\/lospoliticosveracruz.com\/#organization"},"potentialAction":[{"@type":"SearchAction","target":{"@type":"EntryPoint","urlTemplate":"https:\/\/lospoliticosveracruz.com\/?s={search_term_string}"},"query-input":{"@type":"PropertyValueSpecification","valueRequired":true,"valueName":"search_term_string"}}],"inLanguage":"es"},{"@type":"Organization","@id":"https:\/\/lospoliticosveracruz.com\/#organization","name":"Los pol\u00edticos Veracruz","url":"https:\/\/lospoliticosveracruz.com\/","logo":{"@type":"ImageObject","inLanguage":"es","@id":"https:\/\/lospoliticosveracruz.com\/#\/schema\/logo\/image\/","url":"https:\/\/lospoliticosveracruz.com\/wp-content\/uploads\/2025\/12\/Logo-Nuevo-LOS-POLITICOS-1.jpg","contentUrl":"https:\/\/lospoliticosveracruz.com\/wp-content\/uploads\/2025\/12\/Logo-Nuevo-LOS-POLITICOS-1.jpg","width":260,"height":70,"caption":"Los pol\u00edticos Veracruz"},"image":{"@id":"https:\/\/lospoliticosveracruz.com\/#\/schema\/logo\/image\/"},"sameAs":["https:\/\/www.facebook.com\/people\/Notimemes-de-los-Polticos\/61565672886568\/","https:\/\/x.com\/LosPoliticosVer"]},{"@type":"Person","@id":"https:\/\/lospoliticosveracruz.com\/#\/schema\/person\/b8702bb0e538456e6efd07080bf2a4a2","name":"Lo viste en Los Pol\u00edticos","image":{"@type":"ImageObject","inLanguage":"es","@id":"https:\/\/secure.gravatar.com\/avatar\/3a8de04a2656d44082be478bd6c086daa447c4651605818287b9532d3d0bd435?s=96&d=mm&r=g","url":"https:\/\/secure.gravatar.com\/avatar\/3a8de04a2656d44082be478bd6c086daa447c4651605818287b9532d3d0bd435?s=96&d=mm&r=g","contentUrl":"https:\/\/secure.gravatar.com\/avatar\/3a8de04a2656d44082be478bd6c086daa447c4651605818287b9532d3d0bd435?s=96&d=mm&r=g","caption":"Lo viste en Los Pol\u00edticos"},"url":"https:\/\/lospoliticosveracruz.com\/?author=2"}]}},"_links":{"self":[{"href":"https:\/\/lospoliticosveracruz.com\/index.php?rest_route=\/wp\/v2\/posts\/179905","targetHints":{"allow":["GET"]}}],"collection":[{"href":"https:\/\/lospoliticosveracruz.com\/index.php?rest_route=\/wp\/v2\/posts"}],"about":[{"href":"https:\/\/lospoliticosveracruz.com\/index.php?rest_route=\/wp\/v2\/types\/post"}],"author":[{"embeddable":true,"href":"https:\/\/lospoliticosveracruz.com\/index.php?rest_route=\/wp\/v2\/users\/2"}],"replies":[{"embeddable":true,"href":"https:\/\/lospoliticosveracruz.com\/index.php?rest_route=%2Fwp%2Fv2%2Fcomments&post=179905"}],"version-history":[{"count":1,"href":"https:\/\/lospoliticosveracruz.com\/index.php?rest_route=\/wp\/v2\/posts\/179905\/revisions"}],"predecessor-version":[{"id":179907,"href":"https:\/\/lospoliticosveracruz.com\/index.php?rest_route=\/wp\/v2\/posts\/179905\/revisions\/179907"}],"wp:featuredmedia":[{"embeddable":true,"href":"https:\/\/lospoliticosveracruz.com\/index.php?rest_route=\/wp\/v2\/media\/179906"}],"wp:attachment":[{"href":"https:\/\/lospoliticosveracruz.com\/index.php?rest_route=%2Fwp%2Fv2%2Fmedia&parent=179905"}],"wp:term":[{"taxonomy":"category","embeddable":true,"href":"https:\/\/lospoliticosveracruz.com\/index.php?rest_route=%2Fwp%2Fv2%2Fcategories&post=179905"},{"taxonomy":"post_tag","embeddable":true,"href":"https:\/\/lospoliticosveracruz.com\/index.php?rest_route=%2Fwp%2Fv2%2Ftags&post=179905"}],"curies":[{"name":"wp","href":"https:\/\/api.w.org\/{rel}","templated":true}]}}