{"id":179908,"date":"2026-09-02T16:06:15","date_gmt":"2026-09-02T22:06:15","guid":{"rendered":"https:\/\/lospoliticosveracruz.com\/?p=179908"},"modified":"2026-09-02T16:06:36","modified_gmt":"2026-09-02T22:06:36","slug":"mexico-de-las-maravillas","status":"publish","type":"post","link":"https:\/\/lospoliticosveracruz.com\/?p=179908","title":{"rendered":"M\u00c9XICO DE LAS MARAVILLAS"},"content":{"rendered":"<div class=\"wp-block-image\">\n<figure class=\"alignleft size-full is-resized\"><a href=\"https:\/\/lospoliticosveracruz.com\/wp-content\/uploads\/2026\/08\/Fiestas-Veracruz.jpg\"><img loading=\"lazy\" decoding=\"async\" width=\"667\" height=\"625\" src=\"https:\/\/lospoliticosveracruz.com\/wp-content\/uploads\/2026\/08\/Fiestas-Veracruz.jpg\" alt=\"\" class=\"wp-image-179650\" style=\"aspect-ratio:1.067287698577726;width:425px;height:auto\" srcset=\"https:\/\/lospoliticosveracruz.com\/wp-content\/uploads\/2026\/08\/Fiestas-Veracruz.jpg 667w, https:\/\/lospoliticosveracruz.com\/wp-content\/uploads\/2026\/08\/Fiestas-Veracruz-300x281.jpg 300w, https:\/\/lospoliticosveracruz.com\/wp-content\/uploads\/2026\/08\/Fiestas-Veracruz-448x420.jpg 448w, https:\/\/lospoliticosveracruz.com\/wp-content\/uploads\/2026\/08\/Fiestas-Veracruz-150x141.jpg 150w\" sizes=\"auto, (max-width: 667px) 100vw, 667px\" \/><\/a><\/figure>\n<\/div>\n\n\n<p><strong>Jorge Arturo Rodr\u00edguez<br><\/strong><em>Tierra de Babel<\/em><\/p>\n\n\n\n<p>\u00bfQu\u00e9 tal les pareci\u00f3 el segundo informe de Gobierno de la presidenta Claudia Sheimbaum? Si a m\u00ed me lo preguntan, me quedo callado; si no me lo preguntan, lanzo mi opini\u00f3n. Pienso, con Nikito Nipongo, que generalmente enga\u00f1ar es lo que se entiende por informar al pueblo.<br>Dijo la presidenta: \u201cHemos ejercido el gobierno con honradez y austeridad republicana. Tenemos claro que los recursos p\u00fablicos son del pueblo y deben ejercerse para su beneficio. Los servidores p\u00fablicos tenemos la obligaci\u00f3n de comportarnos con profunda responsabilidad, pero, al mismo tiempo, con sencillez y humildad.\u201d Ah\u00ed nom\u00e1s.<br>Es cierto Nikito Nipongo: la pol\u00edtica exige una acrisolada falta de honradez. \u00bfSe dieron cuenta? La realidad es otra, esa que ocultan, esa que intentan sepultar en la simulaci\u00f3n y la mentira. \u00bfO acaso necesitamos un pellizco en la mejilla para despertar? \u00bfO, de plano, una bofetada en la otra mejilla?<br>Dijo la presidenta: \u201cSe separ\u00f3 el poder econ\u00f3mico del poder pol\u00edtico y se gobierna con honestidad. Hoy existe una relaci\u00f3n distinta entre el gobierno y el pueblo. Somos un gobierno que est\u00e1 presente en cada rinc\u00f3n del territorio, que recorre el pa\u00eds, que escucha, atiende y rinde cuentas.\u201d \u00bfEs un chiste? Me muero de risa, en serio.<br>Para recordar -pues a\u00fan hay consecuencias y as\u00ed seguir\u00e1-, leo el interesante art\u00edculo \u201cSobrecostos e ineficiencia, sello de obras emblema; acumulan una inversi\u00f3n total de un bill\u00f3n 53 mil 911 mdp\u201d, del periodista Antonio L\u00f3pez Cruz:<br>\u201cLas ocho obras m\u00e1s importantes del sexenio de Andr\u00e9s Manuel L\u00f3pez Obrador acumulan una inversi\u00f3n total de un bill\u00f3n 53 mil 911 millones de pesos, representando la infraestructura p\u00fablica m\u00e1s costosa en la historia reciente de M\u00e9xico.<br>\u201cSe trata de la refiner\u00eda de Dos Bocas, el Tren Maya, el Aeropuerto Internacional Felipe \u00c1ngeles (AIFA), el Corredor Interoce\u00e1nico, Mexicana de Aviaci\u00f3n, la Megafarmacia de Huehuetoca, Gas Bienestar y Litio para M\u00e9xico (LitioMx).<br>\u201cTodos, proyectos iniciados desde 2018, durante la administraci\u00f3n de L\u00f3pez Obrador, y que continuaron con Claudia Sheinbaum, los cuales fueron edificados con sobrecostos. En su mayor\u00eda, operan con subsidios federales y no han alcanzado las metas planteadas, a pesar de las promesas de autosuficiencia.\u201d (eluniversal.com.mx, 31\/08\/26).<br>Ya saben lo que est\u00e1 sucediendo en casi todos los rubros, servicios, obras, acciones\u2026 En todos los rincones de M\u00e9xico. Pese a que la presidenta sostenga que \u201cdurante estos 23 meses hemos cuidado cada peso. No hemos comprado veh\u00edculos de lujo ni destinado recursos p\u00fablicos a gastos innecesarios. Los salarios de los servidores p\u00fablicos del m\u00e1s alto nivel no han aumentado.\u201d Ah\u00ed \u2018ta.<br>\u00bfAlicia en el pa\u00eds de las maravillas o las maravillas del pa\u00eds?<br>La presidenta expres\u00f3: \u201cLas instituciones p\u00fablicas tienen como origen la voluntad ciudadana. Hoy, tambi\u00e9n el Poder Judicial es elegido por el pueblo y se establecen mecanismos para garantizar el derecho de las audiencias en los medios masivos de comunicaci\u00f3n.<br>\u201cEsta es una transformaci\u00f3n en la manera de entender y ejercer el poder p\u00fablico: un gobierno que trabaja para todas y todos, pero mantenemos la m\u00e1xima de la Prosperidad Compartida; o dicho de otra forma \u201cPor el bien de todos, primero los pobres\u201d.\u201d \u00bfQueda claro?<br>S\u00ed, Nikito Nipongo: la patria es de sus due\u00f1os, entre los que por supuesto no figura el pueblo.<br>Lo se\u00f1al\u00f3 Luis Donaldo Colosio: \u201c\u2026nunca en la historia moderna de este pa\u00eds, un solo proyecto hab\u00eda reunido tanto poder en tan pocas manos. \u00bfCu\u00e1ntos a\u00f1os m\u00e1s para que puedan surtir recetas m\u00e9dicas completas?, \u00bfcu\u00e1ntos a\u00f1os m\u00e1s para que la desigualdad en las aulas deje de reflejar la desigualdad en las calles?, \u00bfcu\u00e1ntos a\u00f1os m\u00e1s van a culpar al pasado si ustedes mismos ya son parte de ese pasado? Si Morena lo gan\u00f3 todo, entonces, teni\u00e9ndolo todo, \u00bfqu\u00e9 han resuelto?\u201d. Ah\u00ed nom\u00e1s.<br>De nuevo lo digo con Nikito Nipongo: \u201cSi se suprimen las mentiras y las sandeces de los discursos pol\u00edticos quedan s\u00f3lo comas, puntos y etc\u00e9teras.\u201d<\/p>\n\n\n\n<p><strong>Los d\u00edas y los temas<\/strong><\/p>\n\n\n\n<p>Al fijar la postura de MC ante el segundo informe de Gobierno de Claudia Sheinbaum, Luis Donaldo Colosio a\u00f1adi\u00f3: \u201c\u2026la corrupci\u00f3n que juraron enterrar sigue viva y todos sabemos d\u00f3nde est\u00e1. El derroche sigue, \u00fanicamente cambi\u00f3 de manos. La violencia sigue, los desaparecidos siguen, la pobreza sigue, la impunidad sigue.<br>\u201cPasamos de 10 a 20 billones de pesos de deuda. Y en t\u00e9rminos de nuevas inversiones, en t\u00e9rminos reales, sufrimos una ca\u00edda del 50 por ciento del 2018 al 2025\u201d.<br>Dijo que los gobiernos morenistas \u201chan demostrado que el poder absoluto les ha servido para imponer, para controlar, para acumular todav\u00eda m\u00e1s poder, pero no les ha alcanzado para resolver lo esencial\u201d.<br>El futuro \u201ctodav\u00eda no est\u00e1 escrito\u201d, dijo. Y a\u00f1adi\u00f3: \u201cEse futuro es posible con la fuerza y el respaldo de millones de personas que saben que tener la mayor\u00eda no significa tener la raz\u00f3n. Que hoy saben que este pa\u00eds no aguanta otro sexenio m\u00e1s en que le pidan paciencia a cambio de nada\u201d.<br>\u00bfQueda claro? O como pregunt\u00f3 Marlene Mizrahi en su columna: \u201c\u2026entre corrupci\u00f3n e inseguridad, \u00bfqu\u00e9 nos preocupa m\u00e1s a los mexicanos? Y \u00bfqu\u00e9 impacto tiene cada una frente a las boletas electorales?\u201d (elfinanciero:com.mx, 31\/08\/2026).<br>Ah\u00ed se las dejo.<\/p>\n\n\n\n<p><strong>De cinismo y anexas<\/strong><\/p>\n\n\n\n<p>Para no abrumarlos m\u00e1s, escribi\u00f3 Nikito Nipongo: \u201cDeber\u00eda haber m\u00e1s barrenderos y menos diputados.\u201d Tambi\u00e9n anot\u00f3: \u201cLa gente inteligente habla de ideas, la gente com\u00fan habla de cosas, la gente mediocre habla de gente.\u201d<br>En fin, mis fans, recuerden: \u201cS\u00e9 como el bamb\u00fa: cuanto m\u00e1s creces, m\u00e1s profundo te inclinas\u201d. (Proverbio chino).<br>O como escribi\u00f3 M\u00e1xime Lagac\u00e9: \u201cNo hay necesidad de presumir cuando sabes qui\u00e9n eres\u201d.<br>Hasta la pr\u00f3xima.<\/p>\n","protected":false},"excerpt":{"rendered":"<p>Jorge Arturo Rodr\u00edguezTierra de Babel \u00bfQu\u00e9 tal les pareci\u00f3 el segundo informe de Gobierno de la presidenta Claudia Sheimbaum? Si a m\u00ed me lo preguntan, me quedo callado; si no me lo preguntan, lanzo mi opini\u00f3n. Pienso, con Nikito Nipongo, que generalmente enga\u00f1ar es lo que se entiende por informar al pueblo.Dijo la presidenta: \u201cHemos [&hellip;]<\/p>\n","protected":false},"author":2,"featured_media":141390,"comment_status":"closed","ping_status":"closed","sticky":false,"template":"","format":"standard","meta":{"tdm_status":"","tdm_grid_status":"","footnotes":""},"categories":[70],"tags":[9627,282,2228,2677,2200,1026,4353],"class_list":{"0":"post-179908","1":"post","2":"type-post","3":"status-publish","4":"format-standard","5":"has-post-thumbnail","7":"category-de-opinion","8":"tag-claudia-sheinbaum","9":"tag-corrupcion","10":"tag-economia","11":"tag-jorge-arturo-rodriguez","12":"tag-luis-donaldo-colosio","13":"tag-morena","14":"tag-segundo-informe"},"yoast_head":"<!-- This site is optimized with the Yoast SEO plugin v28.1 - https:\/\/yoast.com\/product\/yoast-seo-wordpress\/ -->\n<title>M\u00c9XICO DE LAS MARAVILLAS - Los pol\u00edticos Veracruz<\/title>\n<meta name=\"robots\" content=\"index, follow, max-snippet:-1, max-image-preview:large, max-video-preview:-1\" \/>\n<link rel=\"canonical\" href=\"https:\/\/lospoliticosveracruz.com\/?p=179908\" \/>\n<meta property=\"og:locale\" content=\"es_ES\" \/>\n<meta property=\"og:type\" content=\"article\" \/>\n<meta property=\"og:title\" content=\"M\u00c9XICO DE LAS MARAVILLAS - Los pol\u00edticos Veracruz\" \/>\n<meta property=\"og:description\" content=\"Jorge Arturo Rodr\u00edguezTierra de Babel \u00bfQu\u00e9 tal les pareci\u00f3 el segundo informe de Gobierno de la presidenta Claudia Sheimbaum? Si a m\u00ed me lo preguntan, me quedo callado; si no me lo preguntan, lanzo mi opini\u00f3n. Pienso, con Nikito Nipongo, que generalmente enga\u00f1ar es lo que se entiende por informar al pueblo.Dijo la presidenta: \u201cHemos [&hellip;]\" \/>\n<meta property=\"og:url\" content=\"https:\/\/lospoliticosveracruz.com\/?p=179908\" \/>\n<meta property=\"og:site_name\" content=\"Los pol\u00edticos Veracruz\" \/>\n<meta property=\"article:publisher\" content=\"https:\/\/www.facebook.com\/people\/Notimemes-de-los-Polticos\/61565672886568\/\" \/>\n<meta property=\"article:published_time\" content=\"2026-09-02T22:06:15+00:00\" \/>\n<meta property=\"article:modified_time\" content=\"2026-09-02T22:06:36+00:00\" \/>\n<meta property=\"og:image\" content=\"https:\/\/lospoliticosveracruz.com\/wp-content\/uploads\/2025\/04\/Jorge-Arturo-Rodriguez.jpg\" \/>\n\t<meta property=\"og:image:width\" content=\"1250\" \/>\n\t<meta property=\"og:image:height\" content=\"667\" \/>\n\t<meta property=\"og:image:type\" content=\"image\/jpeg\" \/>\n<meta name=\"author\" content=\"Lo viste en Los Pol\u00edticos\" \/>\n<meta name=\"twitter:card\" content=\"summary_large_image\" \/>\n<meta name=\"twitter:creator\" content=\"@LosPoliticosVer\" \/>\n<meta name=\"twitter:site\" content=\"@LosPoliticosVer\" \/>\n<meta name=\"twitter:label1\" content=\"Escrito por\" \/>\n\t<meta name=\"twitter:data1\" content=\"Lo viste en Los Pol\u00edticos\" \/>\n\t<meta name=\"twitter:label2\" content=\"Tiempo de lectura\" \/>\n\t<meta name=\"twitter:data2\" content=\"5 minutos\" \/>\n<script type=\"application\/ld+json\" class=\"yoast-schema-graph\">{\"@context\":\"https:\\\/\\\/schema.org\",\"@graph\":[{\"@type\":\"Article\",\"@id\":\"https:\\\/\\\/lospoliticosveracruz.com\\\/?p=179908#article\",\"isPartOf\":{\"@id\":\"https:\\\/\\\/lospoliticosveracruz.com\\\/?p=179908\"},\"author\":{\"name\":\"Lo viste en Los Pol\u00edticos\",\"@id\":\"https:\\\/\\\/lospoliticosveracruz.com\\\/#\\\/schema\\\/person\\\/b8702bb0e538456e6efd07080bf2a4a2\"},\"headline\":\"M\u00c9XICO DE LAS MARAVILLAS\",\"datePublished\":\"2026-09-02T22:06:15+00:00\",\"dateModified\":\"2026-09-02T22:06:36+00:00\",\"mainEntityOfPage\":{\"@id\":\"https:\\\/\\\/lospoliticosveracruz.com\\\/?p=179908\"},\"wordCount\":1018,\"publisher\":{\"@id\":\"https:\\\/\\\/lospoliticosveracruz.com\\\/#organization\"},\"image\":{\"@id\":\"https:\\\/\\\/lospoliticosveracruz.com\\\/?p=179908#primaryimage\"},\"thumbnailUrl\":\"https:\\\/\\\/lospoliticosveracruz.com\\\/wp-content\\\/uploads\\\/2025\\\/04\\\/Jorge-Arturo-Rodriguez.jpg\",\"keywords\":[\"Claudia Sheinbaum\",\"corrupci\u00f3n\",\"Econom\u00eda\",\"Jorge Arturo Rodr\u00edguez\",\"Luis Donaldo Colosio\",\"Morena\",\"Segundo Informe\"],\"articleSection\":[\"De Opini\u00f3n\"],\"inLanguage\":\"es\"},{\"@type\":\"WebPage\",\"@id\":\"https:\\\/\\\/lospoliticosveracruz.com\\\/?p=179908\",\"url\":\"https:\\\/\\\/lospoliticosveracruz.com\\\/?p=179908\",\"name\":\"M\u00c9XICO DE LAS MARAVILLAS - Los pol\u00edticos Veracruz\",\"isPartOf\":{\"@id\":\"https:\\\/\\\/lospoliticosveracruz.com\\\/#website\"},\"primaryImageOfPage\":{\"@id\":\"https:\\\/\\\/lospoliticosveracruz.com\\\/?p=179908#primaryimage\"},\"image\":{\"@id\":\"https:\\\/\\\/lospoliticosveracruz.com\\\/?p=179908#primaryimage\"},\"thumbnailUrl\":\"https:\\\/\\\/lospoliticosveracruz.com\\\/wp-content\\\/uploads\\\/2025\\\/04\\\/Jorge-Arturo-Rodriguez.jpg\",\"datePublished\":\"2026-09-02T22:06:15+00:00\",\"dateModified\":\"2026-09-02T22:06:36+00:00\",\"breadcrumb\":{\"@id\":\"https:\\\/\\\/lospoliticosveracruz.com\\\/?p=179908#breadcrumb\"},\"inLanguage\":\"es\",\"potentialAction\":[{\"@type\":\"ReadAction\",\"target\":[\"https:\\\/\\\/lospoliticosveracruz.com\\\/?p=179908\"]}]},{\"@type\":\"ImageObject\",\"inLanguage\":\"es\",\"@id\":\"https:\\\/\\\/lospoliticosveracruz.com\\\/?p=179908#primaryimage\",\"url\":\"https:\\\/\\\/lospoliticosveracruz.com\\\/wp-content\\\/uploads\\\/2025\\\/04\\\/Jorge-Arturo-Rodriguez.jpg\",\"contentUrl\":\"https:\\\/\\\/lospoliticosveracruz.com\\\/wp-content\\\/uploads\\\/2025\\\/04\\\/Jorge-Arturo-Rodriguez.jpg\",\"width\":1250,\"height\":667},{\"@type\":\"BreadcrumbList\",\"@id\":\"https:\\\/\\\/lospoliticosveracruz.com\\\/?p=179908#breadcrumb\",\"itemListElement\":[{\"@type\":\"ListItem\",\"position\":1,\"name\":\"Portada\",\"item\":\"https:\\\/\\\/lospoliticosveracruz.com\\\/\"},{\"@type\":\"ListItem\",\"position\":2,\"name\":\"M\u00c9XICO DE LAS MARAVILLAS\"}]},{\"@type\":\"WebSite\",\"@id\":\"https:\\\/\\\/lospoliticosveracruz.com\\\/#website\",\"url\":\"https:\\\/\\\/lospoliticosveracruz.com\\\/\",\"name\":\"Los pol\u00edticos Veracruz\",\"description\":\"\",\"publisher\":{\"@id\":\"https:\\\/\\\/lospoliticosveracruz.com\\\/#organization\"},\"potentialAction\":[{\"@type\":\"SearchAction\",\"target\":{\"@type\":\"EntryPoint\",\"urlTemplate\":\"https:\\\/\\\/lospoliticosveracruz.com\\\/?s={search_term_string}\"},\"query-input\":{\"@type\":\"PropertyValueSpecification\",\"valueRequired\":true,\"valueName\":\"search_term_string\"}}],\"inLanguage\":\"es\"},{\"@type\":\"Organization\",\"@id\":\"https:\\\/\\\/lospoliticosveracruz.com\\\/#organization\",\"name\":\"Los pol\u00edticos Veracruz\",\"url\":\"https:\\\/\\\/lospoliticosveracruz.com\\\/\",\"logo\":{\"@type\":\"ImageObject\",\"inLanguage\":\"es\",\"@id\":\"https:\\\/\\\/lospoliticosveracruz.com\\\/#\\\/schema\\\/logo\\\/image\\\/\",\"url\":\"https:\\\/\\\/lospoliticosveracruz.com\\\/wp-content\\\/uploads\\\/2025\\\/12\\\/Logo-Nuevo-LOS-POLITICOS-1.jpg\",\"contentUrl\":\"https:\\\/\\\/lospoliticosveracruz.com\\\/wp-content\\\/uploads\\\/2025\\\/12\\\/Logo-Nuevo-LOS-POLITICOS-1.jpg\",\"width\":260,\"height\":70,\"caption\":\"Los pol\u00edticos Veracruz\"},\"image\":{\"@id\":\"https:\\\/\\\/lospoliticosveracruz.com\\\/#\\\/schema\\\/logo\\\/image\\\/\"},\"sameAs\":[\"https:\\\/\\\/www.facebook.com\\\/people\\\/Notimemes-de-los-Polticos\\\/61565672886568\\\/\",\"https:\\\/\\\/x.com\\\/LosPoliticosVer\"]},{\"@type\":\"Person\",\"@id\":\"https:\\\/\\\/lospoliticosveracruz.com\\\/#\\\/schema\\\/person\\\/b8702bb0e538456e6efd07080bf2a4a2\",\"name\":\"Lo viste en Los Pol\u00edticos\",\"image\":{\"@type\":\"ImageObject\",\"inLanguage\":\"es\",\"@id\":\"https:\\\/\\\/secure.gravatar.com\\\/avatar\\\/3a8de04a2656d44082be478bd6c086daa447c4651605818287b9532d3d0bd435?s=96&d=mm&r=g\",\"url\":\"https:\\\/\\\/secure.gravatar.com\\\/avatar\\\/3a8de04a2656d44082be478bd6c086daa447c4651605818287b9532d3d0bd435?s=96&d=mm&r=g\",\"contentUrl\":\"https:\\\/\\\/secure.gravatar.com\\\/avatar\\\/3a8de04a2656d44082be478bd6c086daa447c4651605818287b9532d3d0bd435?s=96&d=mm&r=g\",\"caption\":\"Lo viste en Los Pol\u00edticos\"},\"url\":\"https:\\\/\\\/lospoliticosveracruz.com\\\/?author=2\"}]}<\/script>\n<!-- \/ Yoast SEO plugin. -->","yoast_head_json":{"title":"M\u00c9XICO DE LAS MARAVILLAS - Los pol\u00edticos Veracruz","robots":{"index":"index","follow":"follow","max-snippet":"max-snippet:-1","max-image-preview":"max-image-preview:large","max-video-preview":"max-video-preview:-1"},"canonical":"https:\/\/lospoliticosveracruz.com\/?p=179908","og_locale":"es_ES","og_type":"article","og_title":"M\u00c9XICO DE LAS MARAVILLAS - Los pol\u00edticos Veracruz","og_description":"Jorge Arturo Rodr\u00edguezTierra de Babel \u00bfQu\u00e9 tal les pareci\u00f3 el segundo informe de Gobierno de la presidenta Claudia Sheimbaum? Si a m\u00ed me lo preguntan, me quedo callado; si no me lo preguntan, lanzo mi opini\u00f3n. Pienso, con Nikito Nipongo, que generalmente enga\u00f1ar es lo que se entiende por informar al pueblo.Dijo la presidenta: \u201cHemos [&hellip;]","og_url":"https:\/\/lospoliticosveracruz.com\/?p=179908","og_site_name":"Los pol\u00edticos Veracruz","article_publisher":"https:\/\/www.facebook.com\/people\/Notimemes-de-los-Polticos\/61565672886568\/","article_published_time":"2026-09-02T22:06:15+00:00","article_modified_time":"2026-09-02T22:06:36+00:00","og_image":[{"width":1250,"height":667,"url":"https:\/\/lospoliticosveracruz.com\/wp-content\/uploads\/2025\/04\/Jorge-Arturo-Rodriguez.jpg","type":"image\/jpeg"}],"author":"Lo viste en Los Pol\u00edticos","twitter_card":"summary_large_image","twitter_creator":"@LosPoliticosVer","twitter_site":"@LosPoliticosVer","twitter_misc":{"Escrito por":"Lo viste en Los Pol\u00edticos","Tiempo de lectura":"5 minutos"},"schema":{"@context":"https:\/\/schema.org","@graph":[{"@type":"Article","@id":"https:\/\/lospoliticosveracruz.com\/?p=179908#article","isPartOf":{"@id":"https:\/\/lospoliticosveracruz.com\/?p=179908"},"author":{"name":"Lo viste en Los Pol\u00edticos","@id":"https:\/\/lospoliticosveracruz.com\/#\/schema\/person\/b8702bb0e538456e6efd07080bf2a4a2"},"headline":"M\u00c9XICO DE LAS MARAVILLAS","datePublished":"2026-09-02T22:06:15+00:00","dateModified":"2026-09-02T22:06:36+00:00","mainEntityOfPage":{"@id":"https:\/\/lospoliticosveracruz.com\/?p=179908"},"wordCount":1018,"publisher":{"@id":"https:\/\/lospoliticosveracruz.com\/#organization"},"image":{"@id":"https:\/\/lospoliticosveracruz.com\/?p=179908#primaryimage"},"thumbnailUrl":"https:\/\/lospoliticosveracruz.com\/wp-content\/uploads\/2025\/04\/Jorge-Arturo-Rodriguez.jpg","keywords":["Claudia Sheinbaum","corrupci\u00f3n","Econom\u00eda","Jorge Arturo Rodr\u00edguez","Luis Donaldo Colosio","Morena","Segundo Informe"],"articleSection":["De Opini\u00f3n"],"inLanguage":"es"},{"@type":"WebPage","@id":"https:\/\/lospoliticosveracruz.com\/?p=179908","url":"https:\/\/lospoliticosveracruz.com\/?p=179908","name":"M\u00c9XICO DE LAS MARAVILLAS - Los pol\u00edticos Veracruz","isPartOf":{"@id":"https:\/\/lospoliticosveracruz.com\/#website"},"primaryImageOfPage":{"@id":"https:\/\/lospoliticosveracruz.com\/?p=179908#primaryimage"},"image":{"@id":"https:\/\/lospoliticosveracruz.com\/?p=179908#primaryimage"},"thumbnailUrl":"https:\/\/lospoliticosveracruz.com\/wp-content\/uploads\/2025\/04\/Jorge-Arturo-Rodriguez.jpg","datePublished":"2026-09-02T22:06:15+00:00","dateModified":"2026-09-02T22:06:36+00:00","breadcrumb":{"@id":"https:\/\/lospoliticosveracruz.com\/?p=179908#breadcrumb"},"inLanguage":"es","potentialAction":[{"@type":"ReadAction","target":["https:\/\/lospoliticosveracruz.com\/?p=179908"]}]},{"@type":"ImageObject","inLanguage":"es","@id":"https:\/\/lospoliticosveracruz.com\/?p=179908#primaryimage","url":"https:\/\/lospoliticosveracruz.com\/wp-content\/uploads\/2025\/04\/Jorge-Arturo-Rodriguez.jpg","contentUrl":"https:\/\/lospoliticosveracruz.com\/wp-content\/uploads\/2025\/04\/Jorge-Arturo-Rodriguez.jpg","width":1250,"height":667},{"@type":"BreadcrumbList","@id":"https:\/\/lospoliticosveracruz.com\/?p=179908#breadcrumb","itemListElement":[{"@type":"ListItem","position":1,"name":"Portada","item":"https:\/\/lospoliticosveracruz.com\/"},{"@type":"ListItem","position":2,"name":"M\u00c9XICO DE LAS MARAVILLAS"}]},{"@type":"WebSite","@id":"https:\/\/lospoliticosveracruz.com\/#website","url":"https:\/\/lospoliticosveracruz.com\/","name":"Los pol\u00edticos Veracruz","description":"","publisher":{"@id":"https:\/\/lospoliticosveracruz.com\/#organization"},"potentialAction":[{"@type":"SearchAction","target":{"@type":"EntryPoint","urlTemplate":"https:\/\/lospoliticosveracruz.com\/?s={search_term_string}"},"query-input":{"@type":"PropertyValueSpecification","valueRequired":true,"valueName":"search_term_string"}}],"inLanguage":"es"},{"@type":"Organization","@id":"https:\/\/lospoliticosveracruz.com\/#organization","name":"Los pol\u00edticos Veracruz","url":"https:\/\/lospoliticosveracruz.com\/","logo":{"@type":"ImageObject","inLanguage":"es","@id":"https:\/\/lospoliticosveracruz.com\/#\/schema\/logo\/image\/","url":"https:\/\/lospoliticosveracruz.com\/wp-content\/uploads\/2025\/12\/Logo-Nuevo-LOS-POLITICOS-1.jpg","contentUrl":"https:\/\/lospoliticosveracruz.com\/wp-content\/uploads\/2025\/12\/Logo-Nuevo-LOS-POLITICOS-1.jpg","width":260,"height":70,"caption":"Los pol\u00edticos Veracruz"},"image":{"@id":"https:\/\/lospoliticosveracruz.com\/#\/schema\/logo\/image\/"},"sameAs":["https:\/\/www.facebook.com\/people\/Notimemes-de-los-Polticos\/61565672886568\/","https:\/\/x.com\/LosPoliticosVer"]},{"@type":"Person","@id":"https:\/\/lospoliticosveracruz.com\/#\/schema\/person\/b8702bb0e538456e6efd07080bf2a4a2","name":"Lo viste en Los Pol\u00edticos","image":{"@type":"ImageObject","inLanguage":"es","@id":"https:\/\/secure.gravatar.com\/avatar\/3a8de04a2656d44082be478bd6c086daa447c4651605818287b9532d3d0bd435?s=96&d=mm&r=g","url":"https:\/\/secure.gravatar.com\/avatar\/3a8de04a2656d44082be478bd6c086daa447c4651605818287b9532d3d0bd435?s=96&d=mm&r=g","contentUrl":"https:\/\/secure.gravatar.com\/avatar\/3a8de04a2656d44082be478bd6c086daa447c4651605818287b9532d3d0bd435?s=96&d=mm&r=g","caption":"Lo viste en Los Pol\u00edticos"},"url":"https:\/\/lospoliticosveracruz.com\/?author=2"}]}},"_links":{"self":[{"href":"https:\/\/lospoliticosveracruz.com\/index.php?rest_route=\/wp\/v2\/posts\/179908","targetHints":{"allow":["GET"]}}],"collection":[{"href":"https:\/\/lospoliticosveracruz.com\/index.php?rest_route=\/wp\/v2\/posts"}],"about":[{"href":"https:\/\/lospoliticosveracruz.com\/index.php?rest_route=\/wp\/v2\/types\/post"}],"author":[{"embeddable":true,"href":"https:\/\/lospoliticosveracruz.com\/index.php?rest_route=\/wp\/v2\/users\/2"}],"replies":[{"embeddable":true,"href":"https:\/\/lospoliticosveracruz.com\/index.php?rest_route=%2Fwp%2Fv2%2Fcomments&post=179908"}],"version-history":[{"count":1,"href":"https:\/\/lospoliticosveracruz.com\/index.php?rest_route=\/wp\/v2\/posts\/179908\/revisions"}],"predecessor-version":[{"id":179909,"href":"https:\/\/lospoliticosveracruz.com\/index.php?rest_route=\/wp\/v2\/posts\/179908\/revisions\/179909"}],"wp:featuredmedia":[{"embeddable":true,"href":"https:\/\/lospoliticosveracruz.com\/index.php?rest_route=\/wp\/v2\/media\/141390"}],"wp:attachment":[{"href":"https:\/\/lospoliticosveracruz.com\/index.php?rest_route=%2Fwp%2Fv2%2Fmedia&parent=179908"}],"wp:term":[{"taxonomy":"category","embeddable":true,"href":"https:\/\/lospoliticosveracruz.com\/index.php?rest_route=%2Fwp%2Fv2%2Fcategories&post=179908"},{"taxonomy":"post_tag","embeddable":true,"href":"https:\/\/lospoliticosveracruz.com\/index.php?rest_route=%2Fwp%2Fv2%2Ftags&post=179908"}],"curies":[{"name":"wp","href":"https:\/\/api.w.org\/{rel}","templated":true}]}}