{"id":179916,"date":"2026-09-02T18:07:59","date_gmt":"2026-09-03T00:07:59","guid":{"rendered":"https:\/\/lospoliticosveracruz.com\/?p=179916"},"modified":"2026-09-02T18:08:00","modified_gmt":"2026-09-03T00:08:00","slug":"muy-mala-leche-de-la-mariposa","status":"publish","type":"post","link":"https:\/\/lospoliticosveracruz.com\/?p=179916","title":{"rendered":"MUY MALA LECHE DE LA MARIPOSA"},"content":{"rendered":"<div class=\"wp-block-image\">\n<figure class=\"alignleft size-large is-resized\"><a href=\"https:\/\/lospoliticosveracruz.com\/wp-content\/uploads\/2026\/09\/banners-prevencion-suicidio-500x500-1.png\"><img loading=\"lazy\" decoding=\"async\" width=\"1024\" height=\"1024\" src=\"https:\/\/lospoliticosveracruz.com\/wp-content\/uploads\/2026\/09\/banners-prevencion-suicidio-500x500-1-1024x1024.png\" alt=\"\" class=\"wp-image-179740\" style=\"width:476px;height:auto\" srcset=\"https:\/\/lospoliticosveracruz.com\/wp-content\/uploads\/2026\/09\/banners-prevencion-suicidio-500x500-1-1024x1024.png 1024w, https:\/\/lospoliticosveracruz.com\/wp-content\/uploads\/2026\/09\/banners-prevencion-suicidio-500x500-1-300x300.png 300w, https:\/\/lospoliticosveracruz.com\/wp-content\/uploads\/2026\/09\/banners-prevencion-suicidio-500x500-1-150x150.png 150w, https:\/\/lospoliticosveracruz.com\/wp-content\/uploads\/2026\/09\/banners-prevencion-suicidio-500x500-1-768x768.png 768w, https:\/\/lospoliticosveracruz.com\/wp-content\/uploads\/2026\/09\/banners-prevencion-suicidio-500x500-1-1536x1536.png 1536w, https:\/\/lospoliticosveracruz.com\/wp-content\/uploads\/2026\/09\/banners-prevencion-suicidio-500x500-1-2048x2048.png 2048w, https:\/\/lospoliticosveracruz.com\/wp-content\/uploads\/2026\/09\/banners-prevencion-suicidio-500x500-1-420x420.png 420w, https:\/\/lospoliticosveracruz.com\/wp-content\/uploads\/2026\/09\/banners-prevencion-suicidio-500x500-1-696x696.png 696w, https:\/\/lospoliticosveracruz.com\/wp-content\/uploads\/2026\/09\/banners-prevencion-suicidio-500x500-1-1068x1068.png 1068w, https:\/\/lospoliticosveracruz.com\/wp-content\/uploads\/2026\/09\/banners-prevencion-suicidio-500x500-1-1920x1920.png 1920w\" sizes=\"auto, (max-width: 1024px) 100vw, 1024px\" \/><\/a><\/figure>\n<\/div>\n\n\n<p><strong>Rub\u00e9n Morales Aburto<\/strong><\/p>\n\n\n\n<p><em>El Poder y La Pasi\u00f3n&nbsp;<\/em><\/p>\n\n\n\n<p>Sin datos v\u00e1lidos se tir\u00f3 a se\u00f1alar a Don Ricardo Ahued Bardahuil, por eso le contest\u00f3 que sin berrinche en el caf\u00e9.&nbsp;&nbsp;Yo not\u00e9 que fue meta-mensaje, para buscar alg\u00fan tipo de golpeteo, habr\u00eda que saber qui\u00e9n mese la cuna. Y pues no son muchos los interesados en madrearlo o buen, intentar madrear al secretario de Gobierno. Adem\u00e1s que se dice \u201clo que no te tira, te fortalece\u201d, que no?.<\/p>\n\n\n\n<p>Zuuuucuuuu&nbsp;<\/p>\n\n\n\n<p>Sobre el tema de los taxis de aplicaci\u00f3n el tema es profundo. 1o. Se debe armonizar con la Ley de movilidad en Veracruz.&nbsp;<\/p>\n\n\n\n<p>2o. Regular todo el transporte en Veracruz.&nbsp;<\/p>\n\n\n\n<p>3o. Aplicar la Ley de movilidad.&nbsp;<\/p>\n\n\n\n<p>4o. Aplicar tarifas en taxis como las de taxis con aplicaci\u00f3n.&nbsp;<\/p>\n\n\n\n<p>5o. Dejar de cobrar por per\u00edmetros, lo que representa un atraco, usuarias y usuarios.&nbsp;&nbsp;<\/p>\n\n\n\n<p>Desaparecidos en Veracruz<\/p>\n\n\n\n<p>Colectivo \u201cSolecito\u201d en el puerto jarocho, solicitar\u00e1 que en la zona de \u201cSanta fe\u201d donde localizaron 315 cuerpos en 540 fosas clandestinas, sea un lugar conservado y que quede como memorial en Veracruz.&nbsp;<\/p>\n\n\n\n<p>Una espantosa X a Transito cordob\u00e9s&nbsp;<\/p>\n\n\n\n<p>No hubo agentes de tr\u00e1nsito a la entrada a clases a las afueras del famoso ESBAO de la avenida 11. Hubo un tremendo tr\u00e1fico. Ni modo.&nbsp;&nbsp;<\/p>\n\n\n\n<p>Como la ves?<\/p>\n\n\n\n<p>Qu\u00e9 ahora en lunes por la tarde llega Alejandro Moreno C\u00e1rdenas, \u201cAlito\u201d,&nbsp;&nbsp;para hacer sus duras y acostumbradas declaraciones de aut\u00e9ntico l\u00edder antag\u00f3nico del sistema pol\u00edtico actual y con ello tirar un buscapi\u00e9s, para que se haga una coalici\u00f3n, a la que llam\u00f3 t\u00e1ctica para para combatir el autoritarismo y la tiran\u00eda en Veracruz. Eso estuvo fuerte.&nbsp;&nbsp;Adem\u00e1s que \u00e9l Yunes Perote\u00f1o no saldr\u00e1 del PRI. Aunque eso ya lo dijo el propio \u201cPepito\u201d, como siempre se le ha conocido all\u00e1 el Perote, Ver.&nbsp;&nbsp;<\/p>\n\n\n\n<p>GENERACI\u00d3N PANDEMIA&nbsp;<\/p>\n\n\n\n<p>As\u00ed se llama a alumnas y alumnos de nivel b\u00e1sico en Veracruz,all\u00e1 en 2020, fueron \u201cinvitados \u201c a tomar clases v\u00eda su celular. Hoy le quieren quitar el derecho a su comunicaci\u00f3n durante las clases. Vaya pol\u00edtica p\u00fablica al rev\u00e9s. Al tiempo.&nbsp;&nbsp;<\/p>\n\n\n\n<p>Yo no vivo de Morena, co\u00f1o.<\/p>\n\n\n\n<p>Eso dijo Arturo L\u00f3pez Obrador, hermano del peje, iracundo y verde de encabronado, cuando comensales lo corrieron a gritos de un restaurante en Coatepec, Ver., el domingo pasado en el Mes\u00f3n de Guadalupe, de corte espa\u00f1ol.&nbsp;<\/p>\n\n\n\n<p>Lo que no dijo el broooo&nbsp;<\/p>\n\n\n\n<p>Es que su hija del Arthur Lopez,&nbsp;&nbsp;es rectora del Colegio de Veracruz&nbsp;&nbsp;(COLVER), (Sin cedula profesional de nivel maestr\u00eda) presuntamente y gana m\u00e1s que la propia gobernadora. Que otra hija tiene un puesto en la Secretar\u00eda de Salud. Que su yerno es Director de Salud P\u00fablica del estado y esta y odo documentado, con la Plataforma Nacional de Transparencia como fuente.<\/p>\n\n\n\n<p>El chetin es Presi&nbsp;<\/p>\n\n\n\n<p>El Congreso veracruzano ya estrena Mesa Directiva, el Chetin lo neg\u00f3 y lo neg\u00f3, hasta que lleg\u00f3 a la presidencia de la mesa directiva.&nbsp;&nbsp;<\/p>\n\n\n\n<p>\u00c1ndele pues&nbsp;<\/p>\n\n\n\n<p>Qu\u00e9 los diputados locales Luis Vicente Aguilar Castillo (MORENA) y Urbano Bautista Mart\u00ednez (PVEM) y la diputada Daniela Flores Barnils (MORENA), presidente, vicepresidente y secretaria, respectivamente, conducir\u00e1n los trabajos legislativos del 1 de septiembre de 2026 al 4 de noviembre de 2027.<\/p>\n\n\n\n<p>La familia est\u00e1 de acuerdo<\/p>\n\n\n\n<p>Tres hijos de Arturo L\u00f3pez Obrador, hermano del expresidente Andr\u00e9s Manuel L\u00f3pez Obrador, ocupan cargos dentro del Gobierno de Veracruz y, de acuerdo con la publicaci\u00f3n de Versiones, uno de ellos tendr\u00eda un sueldo de 145 mil pesos mensuales. Chale?!.&nbsp;<\/p>\n\n\n\n<p>Erandi L\u00f3pez Herrer\u00eda es se\u00f1alada como rectora de El Colegio de Veracruz (COLVER).<\/p>\n\n\n\n<p>La chovi bien camaroneada<\/p>\n\n\n\n<p>Qu\u00e9 Tarheny L\u00f3pez Herrer\u00eda ocupa, otra sobrina del peje, anda ocupado una Subdirecci\u00f3n en la Secretar\u00eda de Salud con un salario de 100 mil varos. No te digo?.&nbsp;<\/p>\n\n\n\n<p>Traaaaakaaaaa<\/p>\n\n\n\n<p>Se sabe que, el yerno de Arturo L\u00f3pez Obrador, el Dr. Leonel Efr\u00e9n Rivera Pinete, esta como&nbsp;&nbsp;Director de Salud P\u00fablica, en el Sector salud de Veracruz con salario de 90 mil pesos al mes. Qu\u00e9 b\u00e1rbaro?.&nbsp;<\/p>\n\n\n\n<p>Lo que faltaba en el IMSS&nbsp;<\/p>\n\n\n\n<p>Hay fuertes quejas de falta de medicamentos en el seguro social, all\u00e1 en Coatepec, Ver. note digo?.&nbsp;<\/p>\n\n\n\n<p>Mmmmtaaaaaa<\/p>\n\n\n\n<p>Est\u00e1n se\u00f1alando a los profes jubilados del IPE, que los pagos primero eran puntuales en la ma\u00f1ana despu\u00e9s eran vespertinos y ya son casi nocturnos y se quejan de qu\u00e9 no les lleg\u00f3 su retroactivo, le piden a sus Sindicato respectivos dar la cara por los jubilados ante el IPE.&nbsp;<\/p>\n\n\n\n<p>En Ixhuatlan de Madero, Ver.&nbsp;<\/p>\n\n\n\n<p>Que en un \u00e1rea del r\u00edo, se encontraron envases vac\u00edos de plaguicida que se utilizan en el campo personal t\u00e9cnico, como muestras para comprobar y examinar la calidad del agua en el arroyo de la Aguada y la cascada de don Chilo con agua, anunci\u00f3 que ya est\u00e1n abordando la crisis ambiental por la muerte de especies acu\u00e1ticas en Ixhuatlan de Madero, Ver.&nbsp;<\/p>\n\n\n\n<p>Paaaasuuuuumechaaaaa<\/p>\n\n\n\n<p>Autob\u00fas pasajeros de la l\u00ednea de transporte Banderilla, circulaba sobre la avenida Xalapa, de repente conductor del coche. Particular empez\u00f3 a disparar a la unidad de servicio hermanos disparos en diferentes ventanillas, ocasionando la ruptura de los cristales aproximadamente. No se reportaron personal lesionados gravedad, pero se comenta que una persona de la tercera edad si recibi\u00f3 los cristalazos, pero no fue necesario alguno hospital esta cita ah\u00ed lo de los hechos llegaron el de la polic\u00eda Alma por un rifle de diablos y conductor del autob\u00fas. Se detuvo en la avenida Xalapa, la altura de la calle Monterrey, en la colonia Progreso Macultepec, esta ciudad de Xalapa en donde voy por los elementos de seguridad, tanto municipales como estatales, afortunadamente no se reportaron el piso lesionados de de gravedad.<\/p>\n\n\n\n<p><\/p>\n","protected":false},"excerpt":{"rendered":"<p>Rub\u00e9n Morales Aburto El Poder y La Pasi\u00f3n&nbsp; Sin datos v\u00e1lidos se tir\u00f3 a se\u00f1alar a Don Ricardo Ahued Bardahuil, por eso le contest\u00f3 que sin berrinche en el caf\u00e9.&nbsp;&nbsp;Yo not\u00e9 que fue meta-mensaje, para buscar alg\u00fan tipo de golpeteo, habr\u00eda que saber qui\u00e9n mese la cuna. Y pues no son muchos los interesados en [&hellip;]<\/p>\n","protected":false},"author":2,"featured_media":143902,"comment_status":"closed","ping_status":"closed","sticky":false,"template":"","format":"standard","meta":{"tdm_status":"","tdm_grid_status":"","footnotes":""},"categories":[70],"tags":[51294],"class_list":{"0":"post-179916","1":"post","2":"type-post","3":"status-publish","4":"format-standard","5":"has-post-thumbnail","7":"category-de-opinion","8":"tag-ruben-morales"},"yoast_head":"<!-- This site is optimized with the Yoast SEO plugin v28.1 - https:\/\/yoast.com\/product\/yoast-seo-wordpress\/ -->\n<title>MUY MALA LECHE DE LA MARIPOSA - Los pol\u00edticos Veracruz<\/title>\n<meta name=\"robots\" content=\"index, follow, max-snippet:-1, max-image-preview:large, max-video-preview:-1\" \/>\n<link rel=\"canonical\" href=\"https:\/\/lospoliticosveracruz.com\/?p=179916\" \/>\n<meta property=\"og:locale\" content=\"es_ES\" \/>\n<meta property=\"og:type\" content=\"article\" \/>\n<meta property=\"og:title\" content=\"MUY MALA LECHE DE LA MARIPOSA - Los pol\u00edticos Veracruz\" \/>\n<meta property=\"og:description\" content=\"Rub\u00e9n Morales Aburto El Poder y La Pasi\u00f3n&nbsp; Sin datos v\u00e1lidos se tir\u00f3 a se\u00f1alar a Don Ricardo Ahued Bardahuil, por eso le contest\u00f3 que sin berrinche en el caf\u00e9.&nbsp;&nbsp;Yo not\u00e9 que fue meta-mensaje, para buscar alg\u00fan tipo de golpeteo, habr\u00eda que saber qui\u00e9n mese la cuna. Y pues no son muchos los interesados en [&hellip;]\" \/>\n<meta property=\"og:url\" content=\"https:\/\/lospoliticosveracruz.com\/?p=179916\" \/>\n<meta property=\"og:site_name\" content=\"Los pol\u00edticos Veracruz\" \/>\n<meta property=\"article:publisher\" content=\"https:\/\/www.facebook.com\/people\/Notimemes-de-los-Polticos\/61565672886568\/\" \/>\n<meta property=\"article:published_time\" content=\"2026-09-03T00:07:59+00:00\" \/>\n<meta property=\"article:modified_time\" content=\"2026-09-03T00:08:00+00:00\" \/>\n<meta property=\"og:image\" content=\"https:\/\/lospoliticosveracruz.com\/wp-content\/uploads\/2025\/05\/Ruben-Morales-Aburto.jpg\" \/>\n\t<meta property=\"og:image:width\" content=\"1000\" \/>\n\t<meta property=\"og:image:height\" content=\"533\" \/>\n\t<meta property=\"og:image:type\" content=\"image\/jpeg\" \/>\n<meta name=\"author\" content=\"Lo viste en Los Pol\u00edticos\" \/>\n<meta name=\"twitter:card\" content=\"summary_large_image\" \/>\n<meta name=\"twitter:creator\" content=\"@LosPoliticosVer\" \/>\n<meta name=\"twitter:site\" content=\"@LosPoliticosVer\" \/>\n<meta name=\"twitter:label1\" content=\"Escrito por\" \/>\n\t<meta name=\"twitter:data1\" content=\"Lo viste en Los Pol\u00edticos\" \/>\n\t<meta name=\"twitter:label2\" content=\"Tiempo de lectura\" \/>\n\t<meta name=\"twitter:data2\" content=\"5 minutos\" \/>\n<script type=\"application\/ld+json\" class=\"yoast-schema-graph\">{\"@context\":\"https:\\\/\\\/schema.org\",\"@graph\":[{\"@type\":\"Article\",\"@id\":\"https:\\\/\\\/lospoliticosveracruz.com\\\/?p=179916#article\",\"isPartOf\":{\"@id\":\"https:\\\/\\\/lospoliticosveracruz.com\\\/?p=179916\"},\"author\":{\"name\":\"Lo viste en Los Pol\u00edticos\",\"@id\":\"https:\\\/\\\/lospoliticosveracruz.com\\\/#\\\/schema\\\/person\\\/b8702bb0e538456e6efd07080bf2a4a2\"},\"headline\":\"MUY MALA LECHE DE LA MARIPOSA\",\"datePublished\":\"2026-09-03T00:07:59+00:00\",\"dateModified\":\"2026-09-03T00:08:00+00:00\",\"mainEntityOfPage\":{\"@id\":\"https:\\\/\\\/lospoliticosveracruz.com\\\/?p=179916\"},\"wordCount\":1031,\"publisher\":{\"@id\":\"https:\\\/\\\/lospoliticosveracruz.com\\\/#organization\"},\"image\":{\"@id\":\"https:\\\/\\\/lospoliticosveracruz.com\\\/?p=179916#primaryimage\"},\"thumbnailUrl\":\"https:\\\/\\\/lospoliticosveracruz.com\\\/wp-content\\\/uploads\\\/2025\\\/05\\\/Ruben-Morales-Aburto.jpg\",\"keywords\":[\"Rub\u00e9n Morales\"],\"articleSection\":[\"De Opini\u00f3n\"],\"inLanguage\":\"es\"},{\"@type\":\"WebPage\",\"@id\":\"https:\\\/\\\/lospoliticosveracruz.com\\\/?p=179916\",\"url\":\"https:\\\/\\\/lospoliticosveracruz.com\\\/?p=179916\",\"name\":\"MUY MALA LECHE DE LA MARIPOSA - Los pol\u00edticos Veracruz\",\"isPartOf\":{\"@id\":\"https:\\\/\\\/lospoliticosveracruz.com\\\/#website\"},\"primaryImageOfPage\":{\"@id\":\"https:\\\/\\\/lospoliticosveracruz.com\\\/?p=179916#primaryimage\"},\"image\":{\"@id\":\"https:\\\/\\\/lospoliticosveracruz.com\\\/?p=179916#primaryimage\"},\"thumbnailUrl\":\"https:\\\/\\\/lospoliticosveracruz.com\\\/wp-content\\\/uploads\\\/2025\\\/05\\\/Ruben-Morales-Aburto.jpg\",\"datePublished\":\"2026-09-03T00:07:59+00:00\",\"dateModified\":\"2026-09-03T00:08:00+00:00\",\"breadcrumb\":{\"@id\":\"https:\\\/\\\/lospoliticosveracruz.com\\\/?p=179916#breadcrumb\"},\"inLanguage\":\"es\",\"potentialAction\":[{\"@type\":\"ReadAction\",\"target\":[\"https:\\\/\\\/lospoliticosveracruz.com\\\/?p=179916\"]}]},{\"@type\":\"ImageObject\",\"inLanguage\":\"es\",\"@id\":\"https:\\\/\\\/lospoliticosveracruz.com\\\/?p=179916#primaryimage\",\"url\":\"https:\\\/\\\/lospoliticosveracruz.com\\\/wp-content\\\/uploads\\\/2025\\\/05\\\/Ruben-Morales-Aburto.jpg\",\"contentUrl\":\"https:\\\/\\\/lospoliticosveracruz.com\\\/wp-content\\\/uploads\\\/2025\\\/05\\\/Ruben-Morales-Aburto.jpg\",\"width\":1000,\"height\":533},{\"@type\":\"BreadcrumbList\",\"@id\":\"https:\\\/\\\/lospoliticosveracruz.com\\\/?p=179916#breadcrumb\",\"itemListElement\":[{\"@type\":\"ListItem\",\"position\":1,\"name\":\"Portada\",\"item\":\"https:\\\/\\\/lospoliticosveracruz.com\\\/\"},{\"@type\":\"ListItem\",\"position\":2,\"name\":\"MUY MALA LECHE DE LA MARIPOSA\"}]},{\"@type\":\"WebSite\",\"@id\":\"https:\\\/\\\/lospoliticosveracruz.com\\\/#website\",\"url\":\"https:\\\/\\\/lospoliticosveracruz.com\\\/\",\"name\":\"Los pol\u00edticos Veracruz\",\"description\":\"\",\"publisher\":{\"@id\":\"https:\\\/\\\/lospoliticosveracruz.com\\\/#organization\"},\"potentialAction\":[{\"@type\":\"SearchAction\",\"target\":{\"@type\":\"EntryPoint\",\"urlTemplate\":\"https:\\\/\\\/lospoliticosveracruz.com\\\/?s={search_term_string}\"},\"query-input\":{\"@type\":\"PropertyValueSpecification\",\"valueRequired\":true,\"valueName\":\"search_term_string\"}}],\"inLanguage\":\"es\"},{\"@type\":\"Organization\",\"@id\":\"https:\\\/\\\/lospoliticosveracruz.com\\\/#organization\",\"name\":\"Los pol\u00edticos Veracruz\",\"url\":\"https:\\\/\\\/lospoliticosveracruz.com\\\/\",\"logo\":{\"@type\":\"ImageObject\",\"inLanguage\":\"es\",\"@id\":\"https:\\\/\\\/lospoliticosveracruz.com\\\/#\\\/schema\\\/logo\\\/image\\\/\",\"url\":\"https:\\\/\\\/lospoliticosveracruz.com\\\/wp-content\\\/uploads\\\/2025\\\/12\\\/Logo-Nuevo-LOS-POLITICOS-1.jpg\",\"contentUrl\":\"https:\\\/\\\/lospoliticosveracruz.com\\\/wp-content\\\/uploads\\\/2025\\\/12\\\/Logo-Nuevo-LOS-POLITICOS-1.jpg\",\"width\":260,\"height\":70,\"caption\":\"Los pol\u00edticos Veracruz\"},\"image\":{\"@id\":\"https:\\\/\\\/lospoliticosveracruz.com\\\/#\\\/schema\\\/logo\\\/image\\\/\"},\"sameAs\":[\"https:\\\/\\\/www.facebook.com\\\/people\\\/Notimemes-de-los-Polticos\\\/61565672886568\\\/\",\"https:\\\/\\\/x.com\\\/LosPoliticosVer\"]},{\"@type\":\"Person\",\"@id\":\"https:\\\/\\\/lospoliticosveracruz.com\\\/#\\\/schema\\\/person\\\/b8702bb0e538456e6efd07080bf2a4a2\",\"name\":\"Lo viste en Los Pol\u00edticos\",\"image\":{\"@type\":\"ImageObject\",\"inLanguage\":\"es\",\"@id\":\"https:\\\/\\\/secure.gravatar.com\\\/avatar\\\/3a8de04a2656d44082be478bd6c086daa447c4651605818287b9532d3d0bd435?s=96&d=mm&r=g\",\"url\":\"https:\\\/\\\/secure.gravatar.com\\\/avatar\\\/3a8de04a2656d44082be478bd6c086daa447c4651605818287b9532d3d0bd435?s=96&d=mm&r=g\",\"contentUrl\":\"https:\\\/\\\/secure.gravatar.com\\\/avatar\\\/3a8de04a2656d44082be478bd6c086daa447c4651605818287b9532d3d0bd435?s=96&d=mm&r=g\",\"caption\":\"Lo viste en Los Pol\u00edticos\"},\"url\":\"https:\\\/\\\/lospoliticosveracruz.com\\\/?author=2\"}]}<\/script>\n<!-- \/ Yoast SEO plugin. -->","yoast_head_json":{"title":"MUY MALA LECHE DE LA MARIPOSA - Los pol\u00edticos Veracruz","robots":{"index":"index","follow":"follow","max-snippet":"max-snippet:-1","max-image-preview":"max-image-preview:large","max-video-preview":"max-video-preview:-1"},"canonical":"https:\/\/lospoliticosveracruz.com\/?p=179916","og_locale":"es_ES","og_type":"article","og_title":"MUY MALA LECHE DE LA MARIPOSA - Los pol\u00edticos Veracruz","og_description":"Rub\u00e9n Morales Aburto El Poder y La Pasi\u00f3n&nbsp; Sin datos v\u00e1lidos se tir\u00f3 a se\u00f1alar a Don Ricardo Ahued Bardahuil, por eso le contest\u00f3 que sin berrinche en el caf\u00e9.&nbsp;&nbsp;Yo not\u00e9 que fue meta-mensaje, para buscar alg\u00fan tipo de golpeteo, habr\u00eda que saber qui\u00e9n mese la cuna. Y pues no son muchos los interesados en [&hellip;]","og_url":"https:\/\/lospoliticosveracruz.com\/?p=179916","og_site_name":"Los pol\u00edticos Veracruz","article_publisher":"https:\/\/www.facebook.com\/people\/Notimemes-de-los-Polticos\/61565672886568\/","article_published_time":"2026-09-03T00:07:59+00:00","article_modified_time":"2026-09-03T00:08:00+00:00","og_image":[{"width":1000,"height":533,"url":"https:\/\/lospoliticosveracruz.com\/wp-content\/uploads\/2025\/05\/Ruben-Morales-Aburto.jpg","type":"image\/jpeg"}],"author":"Lo viste en Los Pol\u00edticos","twitter_card":"summary_large_image","twitter_creator":"@LosPoliticosVer","twitter_site":"@LosPoliticosVer","twitter_misc":{"Escrito por":"Lo viste en Los Pol\u00edticos","Tiempo de lectura":"5 minutos"},"schema":{"@context":"https:\/\/schema.org","@graph":[{"@type":"Article","@id":"https:\/\/lospoliticosveracruz.com\/?p=179916#article","isPartOf":{"@id":"https:\/\/lospoliticosveracruz.com\/?p=179916"},"author":{"name":"Lo viste en Los Pol\u00edticos","@id":"https:\/\/lospoliticosveracruz.com\/#\/schema\/person\/b8702bb0e538456e6efd07080bf2a4a2"},"headline":"MUY MALA LECHE DE LA MARIPOSA","datePublished":"2026-09-03T00:07:59+00:00","dateModified":"2026-09-03T00:08:00+00:00","mainEntityOfPage":{"@id":"https:\/\/lospoliticosveracruz.com\/?p=179916"},"wordCount":1031,"publisher":{"@id":"https:\/\/lospoliticosveracruz.com\/#organization"},"image":{"@id":"https:\/\/lospoliticosveracruz.com\/?p=179916#primaryimage"},"thumbnailUrl":"https:\/\/lospoliticosveracruz.com\/wp-content\/uploads\/2025\/05\/Ruben-Morales-Aburto.jpg","keywords":["Rub\u00e9n Morales"],"articleSection":["De Opini\u00f3n"],"inLanguage":"es"},{"@type":"WebPage","@id":"https:\/\/lospoliticosveracruz.com\/?p=179916","url":"https:\/\/lospoliticosveracruz.com\/?p=179916","name":"MUY MALA LECHE DE LA MARIPOSA - Los pol\u00edticos Veracruz","isPartOf":{"@id":"https:\/\/lospoliticosveracruz.com\/#website"},"primaryImageOfPage":{"@id":"https:\/\/lospoliticosveracruz.com\/?p=179916#primaryimage"},"image":{"@id":"https:\/\/lospoliticosveracruz.com\/?p=179916#primaryimage"},"thumbnailUrl":"https:\/\/lospoliticosveracruz.com\/wp-content\/uploads\/2025\/05\/Ruben-Morales-Aburto.jpg","datePublished":"2026-09-03T00:07:59+00:00","dateModified":"2026-09-03T00:08:00+00:00","breadcrumb":{"@id":"https:\/\/lospoliticosveracruz.com\/?p=179916#breadcrumb"},"inLanguage":"es","potentialAction":[{"@type":"ReadAction","target":["https:\/\/lospoliticosveracruz.com\/?p=179916"]}]},{"@type":"ImageObject","inLanguage":"es","@id":"https:\/\/lospoliticosveracruz.com\/?p=179916#primaryimage","url":"https:\/\/lospoliticosveracruz.com\/wp-content\/uploads\/2025\/05\/Ruben-Morales-Aburto.jpg","contentUrl":"https:\/\/lospoliticosveracruz.com\/wp-content\/uploads\/2025\/05\/Ruben-Morales-Aburto.jpg","width":1000,"height":533},{"@type":"BreadcrumbList","@id":"https:\/\/lospoliticosveracruz.com\/?p=179916#breadcrumb","itemListElement":[{"@type":"ListItem","position":1,"name":"Portada","item":"https:\/\/lospoliticosveracruz.com\/"},{"@type":"ListItem","position":2,"name":"MUY MALA LECHE DE LA MARIPOSA"}]},{"@type":"WebSite","@id":"https:\/\/lospoliticosveracruz.com\/#website","url":"https:\/\/lospoliticosveracruz.com\/","name":"Los pol\u00edticos Veracruz","description":"","publisher":{"@id":"https:\/\/lospoliticosveracruz.com\/#organization"},"potentialAction":[{"@type":"SearchAction","target":{"@type":"EntryPoint","urlTemplate":"https:\/\/lospoliticosveracruz.com\/?s={search_term_string}"},"query-input":{"@type":"PropertyValueSpecification","valueRequired":true,"valueName":"search_term_string"}}],"inLanguage":"es"},{"@type":"Organization","@id":"https:\/\/lospoliticosveracruz.com\/#organization","name":"Los pol\u00edticos Veracruz","url":"https:\/\/lospoliticosveracruz.com\/","logo":{"@type":"ImageObject","inLanguage":"es","@id":"https:\/\/lospoliticosveracruz.com\/#\/schema\/logo\/image\/","url":"https:\/\/lospoliticosveracruz.com\/wp-content\/uploads\/2025\/12\/Logo-Nuevo-LOS-POLITICOS-1.jpg","contentUrl":"https:\/\/lospoliticosveracruz.com\/wp-content\/uploads\/2025\/12\/Logo-Nuevo-LOS-POLITICOS-1.jpg","width":260,"height":70,"caption":"Los pol\u00edticos Veracruz"},"image":{"@id":"https:\/\/lospoliticosveracruz.com\/#\/schema\/logo\/image\/"},"sameAs":["https:\/\/www.facebook.com\/people\/Notimemes-de-los-Polticos\/61565672886568\/","https:\/\/x.com\/LosPoliticosVer"]},{"@type":"Person","@id":"https:\/\/lospoliticosveracruz.com\/#\/schema\/person\/b8702bb0e538456e6efd07080bf2a4a2","name":"Lo viste en Los Pol\u00edticos","image":{"@type":"ImageObject","inLanguage":"es","@id":"https:\/\/secure.gravatar.com\/avatar\/3a8de04a2656d44082be478bd6c086daa447c4651605818287b9532d3d0bd435?s=96&d=mm&r=g","url":"https:\/\/secure.gravatar.com\/avatar\/3a8de04a2656d44082be478bd6c086daa447c4651605818287b9532d3d0bd435?s=96&d=mm&r=g","contentUrl":"https:\/\/secure.gravatar.com\/avatar\/3a8de04a2656d44082be478bd6c086daa447c4651605818287b9532d3d0bd435?s=96&d=mm&r=g","caption":"Lo viste en Los Pol\u00edticos"},"url":"https:\/\/lospoliticosveracruz.com\/?author=2"}]}},"_links":{"self":[{"href":"https:\/\/lospoliticosveracruz.com\/index.php?rest_route=\/wp\/v2\/posts\/179916","targetHints":{"allow":["GET"]}}],"collection":[{"href":"https:\/\/lospoliticosveracruz.com\/index.php?rest_route=\/wp\/v2\/posts"}],"about":[{"href":"https:\/\/lospoliticosveracruz.com\/index.php?rest_route=\/wp\/v2\/types\/post"}],"author":[{"embeddable":true,"href":"https:\/\/lospoliticosveracruz.com\/index.php?rest_route=\/wp\/v2\/users\/2"}],"replies":[{"embeddable":true,"href":"https:\/\/lospoliticosveracruz.com\/index.php?rest_route=%2Fwp%2Fv2%2Fcomments&post=179916"}],"version-history":[{"count":1,"href":"https:\/\/lospoliticosveracruz.com\/index.php?rest_route=\/wp\/v2\/posts\/179916\/revisions"}],"predecessor-version":[{"id":179917,"href":"https:\/\/lospoliticosveracruz.com\/index.php?rest_route=\/wp\/v2\/posts\/179916\/revisions\/179917"}],"wp:featuredmedia":[{"embeddable":true,"href":"https:\/\/lospoliticosveracruz.com\/index.php?rest_route=\/wp\/v2\/media\/143902"}],"wp:attachment":[{"href":"https:\/\/lospoliticosveracruz.com\/index.php?rest_route=%2Fwp%2Fv2%2Fmedia&parent=179916"}],"wp:term":[{"taxonomy":"category","embeddable":true,"href":"https:\/\/lospoliticosveracruz.com\/index.php?rest_route=%2Fwp%2Fv2%2Fcategories&post=179916"},{"taxonomy":"post_tag","embeddable":true,"href":"https:\/\/lospoliticosveracruz.com\/index.php?rest_route=%2Fwp%2Fv2%2Ftags&post=179916"}],"curies":[{"name":"wp","href":"https:\/\/api.w.org\/{rel}","templated":true}]}}